{"id":13731,"date":"2023-01-16T12:22:02","date_gmt":"2023-01-16T12:22:02","guid":{"rendered":"https:\/\/www.public.sn\/?p=13731"},"modified":"2023-01-16T12:22:02","modified_gmt":"2023-01-16T12:22:02","slug":"les-premiers-mots-de-mansour-faye-apres-laccident-de-sakal","status":"publish","type":"post","link":"https:\/\/www.public.sn\/index.php\/2023\/01\/16\/les-premiers-mots-de-mansour-faye-apres-laccident-de-sakal\/","title":{"rendered":"Les premiers mots de Mansour Faye apr\u00e8s l&rsquo;accident de \u00ab\u00a0SAKAL\u00a0\u00bb"},"content":{"rendered":"<p>L\u2019accident sur la route de Sakal a fait 20 morts et 23 bless\u00e9s. Le ministre des Transports terrestres, sur le lieu du drame, est constern\u00e9.<\/p><div class=\"publi-paragraphe1\" style=\"margin-top: 10px;margin-bottom: 10px;margin-left: auto;margin-right: auto;text-align: center;\" id=\"publi-2919809713\"><div class=\"publi-adlabel\">Publicit\u00e9<\/div><script async src=\"\/\/pagead2.googlesyndication.com\/pagead\/js\/adsbygoogle.js?client=ca-pub-4089586018074219\" crossorigin=\"anonymous\"><\/script><ins class=\"adsbygoogle\" style=\"display:block;\" data-ad-client=\"ca-pub-4089586018074219\" \ndata-ad-slot=\"2087940154\" \ndata-ad-format=\"auto\"><\/ins>\n<script> \n(adsbygoogle = window.adsbygoogle || []).push({}); \n<\/script>\n<\/div>\n<p>Le bilan de l\u2019accident sur la route de Sakal, r\u00e9gion de Louga, s\u2019est alourdi. Le bilan est port\u00e9 \u00e0 20 morts et 23 bless\u00e9s, dont deux graves intern\u00e9s \u00e0 Saint-Louis et le reste \u00e0 Louga.<\/p>\n<p>Le ministre des Transports terrestres, Mansour Faye, accroch\u00e9 par la rfm sur le lieu du sinistre :<br \/>\n\u00ab C\u2019est un accident de trop, je viens d\u2019arriver sur le lieu, j\u2019attends que le ministre de l\u2019Int\u00e9rieur me rejoigne et certainement on va essayer de communiquer par rapport \u00e0 tous les \u00e9l\u00e9ments d\u2019informations donn\u00e9s par les Forces de s\u00e9curit\u00e9 et de d\u00e9fense.<\/p>\n<p>\u00ab Il parait que l\u2019accident s\u2019est produit, au-del\u00e0 de 5h du matin, . Il semble aussi qu\u2019il y avait un \u00e9vitement d\u2019\u00e2ne, ce qui a provoqu\u00e9 l\u2019accident \u00bb.<\/p>\n<p>Le ministre Mansour Faye a pr\u00e9sent\u00e9 ses condol\u00e9ances aux familles et souhait\u00e9 un prompt r\u00e9tablissement aux bless\u00e9s.<\/p>\n<p>Quant au ministre de l\u2019Int\u00e9rieur, il est attendu incessamment sur le lieu de l\u2019accident\u2026<\/p>\n<div class=\"td-a-rec td-a-rec-id-content_bottom  tdi_56 td_block_template_1\">\n<div>\n<div class=\"dailymotion-cpe cpe-3bda1\"><\/div>\n<\/div>\n<\/div>\n<div class=\"publi-apres-le-contenu\" style=\"margin-top: 10px;margin-bottom: 10px;margin-left: auto;margin-right: auto;text-align: center;\" id=\"publi-3993403226\"><div class=\"publi-adlabel\">Publicit\u00e9<\/div><script async src=\"\/\/pagead2.googlesyndication.com\/pagead\/js\/adsbygoogle.js?client=ca-pub-4089586018074219\" crossorigin=\"anonymous\"><\/script><ins class=\"adsbygoogle\" style=\"display:block;\" data-ad-client=\"ca-pub-4089586018074219\" \ndata-ad-slot=\"2087940154\" \ndata-ad-format=\"auto\"><\/ins>\n<script> \n(adsbygoogle = window.adsbygoogle || []).push({}); \n<\/script>\n<\/div>","protected":false},"excerpt":{"rendered":"<p>L\u2019accident sur la route de Sakal a fait 20 morts et 23 bless\u00e9s. Le ministre des Transports terrestres, sur le lieu du drame, est constern\u00e9. Le bilan de l\u2019accident sur la route de Sakal, r\u00e9gion de Louga, s\u2019est alourdi. Le bilan est port\u00e9 \u00e0 20 morts et 23 bless\u00e9s, dont deux graves intern\u00e9s \u00e0 Saint-Louis et le reste \u00e0 Louga. Le ministre des Transports terrestres, Mansour Faye, accroch\u00e9 par la rfm sur le lieu du sinistre : \u00ab C\u2019est un accident de trop, je viens d\u2019arriver sur le lieu, j\u2019attends que le ministre de l\u2019Int\u00e9rieur me rejoigne et certainement on va essayer de communiquer par rapport \u00e0 tous les \u00e9l\u00e9ments d\u2019informations donn\u00e9s par les Forces de s\u00e9curit\u00e9 et de d\u00e9fense. \u00ab Il parait que l\u2019accident s\u2019est produit, au-del\u00e0 de 5h du matin, . Il semble aussi qu\u2019il y avait un \u00e9vitement d\u2019\u00e2ne, ce qui a provoqu\u00e9 l\u2019accident \u00bb. Le ministre Mansour Faye a pr\u00e9sent\u00e9 ses condol\u00e9ances aux familles et souhait\u00e9 un prompt r\u00e9tablissement aux bless\u00e9s. Quant au ministre de l\u2019Int\u00e9rieur, il est attendu incessamment sur le lieu de l\u2019accident\u2026<\/p>\n","protected":false},"author":7,"featured_media":13732,"comment_status":"open","ping_status":"open","sticky":false,"template":"","format":"standard","meta":{"_jetpack_memberships_contains_paid_content":false,"footnotes":""},"categories":[375,1051,371,3,1,4,1052],"tags":[60,1174,4110],"class_list":["post-13731","post","type-post","status-publish","format-standard","has-post-thumbnail","hentry","category-actualites","category-drame","category-necrologie","category-politique","category-non-classe","category-societe","category-transport","tag-accident-mortel","tag-mansour-faye","tag-sakal","entry","has-media","owp-thumbs-layout-horizontal","owp-btn-normal","owp-tabs-layout-horizontal","has-no-thumbnails","has-product-nav"],"yoast_head":"<!-- This site is optimized with the Yoast SEO plugin v25.5 - https:\/\/yoast.com\/wordpress\/plugins\/seo\/ -->\n<title>Les premiers mots de Mansour Faye apr\u00e8s l&#039;accident de &quot;SAKAL&quot; - LE PUBLIC<\/title>\n<meta name=\"robots\" content=\"index, follow, max-snippet:-1, max-image-preview:large, max-video-preview:-1\" \/>\n<link rel=\"canonical\" href=\"https:\/\/www.public.sn\/index.php\/2023\/01\/16\/les-premiers-mots-de-mansour-faye-apres-laccident-de-sakal\/\" \/>\n<meta property=\"og:locale\" content=\"fr_FR\" \/>\n<meta property=\"og:type\" content=\"article\" \/>\n<meta property=\"og:title\" content=\"Les premiers mots de Mansour Faye apr\u00e8s l&#039;accident de &quot;SAKAL&quot; - LE PUBLIC\" \/>\n<meta property=\"og:description\" content=\"L\u2019accident sur la route de Sakal a fait 20 morts et 23 bless\u00e9s. Le ministre des Transports terrestres, sur le lieu du drame, est constern\u00e9. Le bilan de l\u2019accident sur la route de Sakal, r\u00e9gion de Louga, s\u2019est alourdi. Le bilan est port\u00e9 \u00e0 20 morts et 23 bless\u00e9s, dont deux graves intern\u00e9s \u00e0 Saint-Louis et le reste \u00e0 Louga. Le ministre des Transports terrestres, Mansour Faye, accroch\u00e9 par la rfm sur le lieu du sinistre : \u00ab C\u2019est un accident de trop, je viens d\u2019arriver sur le lieu, j\u2019attends que le ministre de l\u2019Int\u00e9rieur me rejoigne et certainement on va essayer de communiquer par rapport \u00e0 tous les \u00e9l\u00e9ments d\u2019informations donn\u00e9s par les Forces de s\u00e9curit\u00e9 et de d\u00e9fense. \u00ab Il parait que l\u2019accident s\u2019est produit, au-del\u00e0 de 5h du matin, . Il semble aussi qu\u2019il y avait un \u00e9vitement d\u2019\u00e2ne, ce qui a provoqu\u00e9 l\u2019accident \u00bb. Le ministre Mansour Faye a pr\u00e9sent\u00e9 ses condol\u00e9ances aux familles et souhait\u00e9 un prompt r\u00e9tablissement aux bless\u00e9s. Quant au ministre de l\u2019Int\u00e9rieur, il est attendu incessamment sur le lieu de l\u2019accident\u2026\" \/>\n<meta property=\"og:url\" content=\"https:\/\/www.public.sn\/index.php\/2023\/01\/16\/les-premiers-mots-de-mansour-faye-apres-laccident-de-sakal\/\" \/>\n<meta property=\"og:site_name\" content=\"LE PUBLIC\" \/>\n<meta property=\"article:published_time\" content=\"2023-01-16T12:22:02+00:00\" \/>\n<meta property=\"og:image\" content=\"https:\/\/www.public.sn\/wp-content\/uploads\/2023\/01\/mansour-faye2.png\" \/>\n\t<meta property=\"og:image:width\" content=\"677\" \/>\n\t<meta property=\"og:image:height\" content=\"433\" \/>\n\t<meta property=\"og:image:type\" content=\"image\/png\" \/>\n<meta name=\"author\" content=\"LA REDACTION\" \/>\n<meta name=\"twitter:card\" content=\"summary_large_image\" \/>\n<meta name=\"twitter:label1\" content=\"\u00c9crit par\" \/>\n\t<meta name=\"twitter:data1\" content=\"LA REDACTION\" \/>\n\t<meta name=\"twitter:label2\" content=\"Dur\u00e9e de lecture estim\u00e9e\" \/>\n\t<meta name=\"twitter:data2\" content=\"1 minute\" \/>\n<script type=\"application\/ld+json\" class=\"yoast-schema-graph\">{\"@context\":\"https:\/\/schema.org\",\"@graph\":[{\"@type\":\"Article\",\"@id\":\"https:\/\/www.public.sn\/index.php\/2023\/01\/16\/les-premiers-mots-de-mansour-faye-apres-laccident-de-sakal\/#article\",\"isPartOf\":{\"@id\":\"https:\/\/www.public.sn\/index.php\/2023\/01\/16\/les-premiers-mots-de-mansour-faye-apres-laccident-de-sakal\/\"},\"author\":{\"name\":\"LA REDACTION\",\"@id\":\"https:\/\/www.public.sn\/#\/schema\/person\/cb76c8e1b8becc6be61fb5e92d6d0224\"},\"headline\":\"Les premiers mots de Mansour Faye apr\u00e8s l&rsquo;accident de \u00ab\u00a0SAKAL\u00a0\u00bb\",\"datePublished\":\"2023-01-16T12:22:02+00:00\",\"mainEntityOfPage\":{\"@id\":\"https:\/\/www.public.sn\/index.php\/2023\/01\/16\/les-premiers-mots-de-mansour-faye-apres-laccident-de-sakal\/\"},\"wordCount\":206,\"commentCount\":0,\"publisher\":{\"@id\":\"https:\/\/www.public.sn\/#organization\"},\"image\":{\"@id\":\"https:\/\/www.public.sn\/index.php\/2023\/01\/16\/les-premiers-mots-de-mansour-faye-apres-laccident-de-sakal\/#primaryimage\"},\"thumbnailUrl\":\"https:\/\/www.public.sn\/wp-content\/uploads\/2023\/01\/mansour-faye2.png\",\"keywords\":[\"Accident Mortel\",\"mansour faye\",\"Sakal\"],\"articleSection\":[\"ACTUALIT\u00c9S\",\"DRAME\",\"N\u00c9CROLOGIE\",\"POLITIQUE\",\"S\u00c9N\u00c9GAL\",\"SOCIETE\",\"TRANSPORT\"],\"inLanguage\":\"fr-FR\",\"potentialAction\":[{\"@type\":\"CommentAction\",\"name\":\"Comment\",\"target\":[\"https:\/\/www.public.sn\/index.php\/2023\/01\/16\/les-premiers-mots-de-mansour-faye-apres-laccident-de-sakal\/#respond\"]}]},{\"@type\":\"WebPage\",\"@id\":\"https:\/\/www.public.sn\/index.php\/2023\/01\/16\/les-premiers-mots-de-mansour-faye-apres-laccident-de-sakal\/\",\"url\":\"https:\/\/www.public.sn\/index.php\/2023\/01\/16\/les-premiers-mots-de-mansour-faye-apres-laccident-de-sakal\/\",\"name\":\"Les premiers mots de Mansour Faye apr\u00e8s l'accident de \\\"SAKAL\\\" - LE PUBLIC\",\"isPartOf\":{\"@id\":\"https:\/\/www.public.sn\/#website\"},\"primaryImageOfPage\":{\"@id\":\"https:\/\/www.public.sn\/index.php\/2023\/01\/16\/les-premiers-mots-de-mansour-faye-apres-laccident-de-sakal\/#primaryimage\"},\"image\":{\"@id\":\"https:\/\/www.public.sn\/index.php\/2023\/01\/16\/les-premiers-mots-de-mansour-faye-apres-laccident-de-sakal\/#primaryimage\"},\"thumbnailUrl\":\"https:\/\/www.public.sn\/wp-content\/uploads\/2023\/01\/mansour-faye2.png\",\"datePublished\":\"2023-01-16T12:22:02+00:00\",\"breadcrumb\":{\"@id\":\"https:\/\/www.public.sn\/index.php\/2023\/01\/16\/les-premiers-mots-de-mansour-faye-apres-laccident-de-sakal\/#breadcrumb\"},\"inLanguage\":\"fr-FR\",\"potentialAction\":[{\"@type\":\"ReadAction\",\"target\":[\"https:\/\/www.public.sn\/index.php\/2023\/01\/16\/les-premiers-mots-de-mansour-faye-apres-laccident-de-sakal\/\"]}]},{\"@type\":\"ImageObject\",\"inLanguage\":\"fr-FR\",\"@id\":\"https:\/\/www.public.sn\/index.php\/2023\/01\/16\/les-premiers-mots-de-mansour-faye-apres-laccident-de-sakal\/#primaryimage\",\"url\":\"https:\/\/www.public.sn\/wp-content\/uploads\/2023\/01\/mansour-faye2.png\",\"contentUrl\":\"https:\/\/www.public.sn\/wp-content\/uploads\/2023\/01\/mansour-faye2.png\",\"width\":677,\"height\":433},{\"@type\":\"BreadcrumbList\",\"@id\":\"https:\/\/www.public.sn\/index.php\/2023\/01\/16\/les-premiers-mots-de-mansour-faye-apres-laccident-de-sakal\/#breadcrumb\",\"itemListElement\":[{\"@type\":\"ListItem\",\"position\":1,\"name\":\"Accueil\",\"item\":\"https:\/\/www.public.sn\/\"},{\"@type\":\"ListItem\",\"position\":2,\"name\":\"Les premiers mots de Mansour Faye apr\u00e8s l&rsquo;accident de \u00ab\u00a0SAKAL\u00a0\u00bb\"}]},{\"@type\":\"WebSite\",\"@id\":\"https:\/\/www.public.sn\/#website\",\"url\":\"https:\/\/www.public.sn\/\",\"name\":\"LE PUBLIC\",\"description\":\"\",\"publisher\":{\"@id\":\"https:\/\/www.public.sn\/#organization\"},\"potentialAction\":[{\"@type\":\"SearchAction\",\"target\":{\"@type\":\"EntryPoint\",\"urlTemplate\":\"https:\/\/www.public.sn\/?s={search_term_string}\"},\"query-input\":{\"@type\":\"PropertyValueSpecification\",\"valueRequired\":true,\"valueName\":\"search_term_string\"}}],\"inLanguage\":\"fr-FR\"},{\"@type\":\"Organization\",\"@id\":\"https:\/\/www.public.sn\/#organization\",\"name\":\"LE PUBLIC\",\"url\":\"https:\/\/www.public.sn\/\",\"logo\":{\"@type\":\"ImageObject\",\"inLanguage\":\"fr-FR\",\"@id\":\"https:\/\/www.public.sn\/#\/schema\/logo\/image\/\",\"url\":\"https:\/\/www.public.sn\/wp-content\/uploads\/2024\/05\/cropped-LOGO-PUBLIC.SN_.png\",\"contentUrl\":\"https:\/\/www.public.sn\/wp-content\/uploads\/2024\/05\/cropped-LOGO-PUBLIC.SN_.png\",\"width\":682,\"height\":192,\"caption\":\"LE PUBLIC\"},\"image\":{\"@id\":\"https:\/\/www.public.sn\/#\/schema\/logo\/image\/\"}},{\"@type\":\"Person\",\"@id\":\"https:\/\/www.public.sn\/#\/schema\/person\/cb76c8e1b8becc6be61fb5e92d6d0224\",\"name\":\"LA REDACTION\",\"image\":{\"@type\":\"ImageObject\",\"inLanguage\":\"fr-FR\",\"@id\":\"https:\/\/www.public.sn\/#\/schema\/person\/image\/\",\"url\":\"https:\/\/secure.gravatar.com\/avatar\/2dce5ddd34b8fef0180efe03aa2a9bee7d953856048f9a16b298190a3178407c?s=96&d=mm&r=g\",\"contentUrl\":\"https:\/\/secure.gravatar.com\/avatar\/2dce5ddd34b8fef0180efe03aa2a9bee7d953856048f9a16b298190a3178407c?s=96&d=mm&r=g\",\"caption\":\"LA REDACTION\"},\"url\":\"https:\/\/www.public.sn\/index.php\/author\/editeurpsn\/\"}]}<\/script>\n<!-- \/ Yoast SEO plugin. -->","yoast_head_json":{"title":"Les premiers mots de Mansour Faye apr\u00e8s l'accident de \"SAKAL\" - LE PUBLIC","robots":{"index":"index","follow":"follow","max-snippet":"max-snippet:-1","max-image-preview":"max-image-preview:large","max-video-preview":"max-video-preview:-1"},"canonical":"https:\/\/www.public.sn\/index.php\/2023\/01\/16\/les-premiers-mots-de-mansour-faye-apres-laccident-de-sakal\/","og_locale":"fr_FR","og_type":"article","og_title":"Les premiers mots de Mansour Faye apr\u00e8s l'accident de \"SAKAL\" - LE PUBLIC","og_description":"L\u2019accident sur la route de Sakal a fait 20 morts et 23 bless\u00e9s. Le ministre des Transports terrestres, sur le lieu du drame, est constern\u00e9. Le bilan de l\u2019accident sur la route de Sakal, r\u00e9gion de Louga, s\u2019est alourdi. Le bilan est port\u00e9 \u00e0 20 morts et 23 bless\u00e9s, dont deux graves intern\u00e9s \u00e0 Saint-Louis et le reste \u00e0 Louga. Le ministre des Transports terrestres, Mansour Faye, accroch\u00e9 par la rfm sur le lieu du sinistre : \u00ab C\u2019est un accident de trop, je viens d\u2019arriver sur le lieu, j\u2019attends que le ministre de l\u2019Int\u00e9rieur me rejoigne et certainement on va essayer de communiquer par rapport \u00e0 tous les \u00e9l\u00e9ments d\u2019informations donn\u00e9s par les Forces de s\u00e9curit\u00e9 et de d\u00e9fense. \u00ab Il parait que l\u2019accident s\u2019est produit, au-del\u00e0 de 5h du matin, . Il semble aussi qu\u2019il y avait un \u00e9vitement d\u2019\u00e2ne, ce qui a provoqu\u00e9 l\u2019accident \u00bb. Le ministre Mansour Faye a pr\u00e9sent\u00e9 ses condol\u00e9ances aux familles et souhait\u00e9 un prompt r\u00e9tablissement aux bless\u00e9s. Quant au ministre de l\u2019Int\u00e9rieur, il est attendu incessamment sur le lieu de l\u2019accident\u2026","og_url":"https:\/\/www.public.sn\/index.php\/2023\/01\/16\/les-premiers-mots-de-mansour-faye-apres-laccident-de-sakal\/","og_site_name":"LE PUBLIC","article_published_time":"2023-01-16T12:22:02+00:00","og_image":[{"width":677,"height":433,"url":"https:\/\/www.public.sn\/wp-content\/uploads\/2023\/01\/mansour-faye2.png","type":"image\/png"}],"author":"LA REDACTION","twitter_card":"summary_large_image","twitter_misc":{"\u00c9crit par":"LA REDACTION","Dur\u00e9e de lecture estim\u00e9e":"1 minute"},"schema":{"@context":"https:\/\/schema.org","@graph":[{"@type":"Article","@id":"https:\/\/www.public.sn\/index.php\/2023\/01\/16\/les-premiers-mots-de-mansour-faye-apres-laccident-de-sakal\/#article","isPartOf":{"@id":"https:\/\/www.public.sn\/index.php\/2023\/01\/16\/les-premiers-mots-de-mansour-faye-apres-laccident-de-sakal\/"},"author":{"name":"LA REDACTION","@id":"https:\/\/www.public.sn\/#\/schema\/person\/cb76c8e1b8becc6be61fb5e92d6d0224"},"headline":"Les premiers mots de Mansour Faye apr\u00e8s l&rsquo;accident de \u00ab\u00a0SAKAL\u00a0\u00bb","datePublished":"2023-01-16T12:22:02+00:00","mainEntityOfPage":{"@id":"https:\/\/www.public.sn\/index.php\/2023\/01\/16\/les-premiers-mots-de-mansour-faye-apres-laccident-de-sakal\/"},"wordCount":206,"commentCount":0,"publisher":{"@id":"https:\/\/www.public.sn\/#organization"},"image":{"@id":"https:\/\/www.public.sn\/index.php\/2023\/01\/16\/les-premiers-mots-de-mansour-faye-apres-laccident-de-sakal\/#primaryimage"},"thumbnailUrl":"https:\/\/www.public.sn\/wp-content\/uploads\/2023\/01\/mansour-faye2.png","keywords":["Accident Mortel","mansour faye","Sakal"],"articleSection":["ACTUALIT\u00c9S","DRAME","N\u00c9CROLOGIE","POLITIQUE","S\u00c9N\u00c9GAL","SOCIETE","TRANSPORT"],"inLanguage":"fr-FR","potentialAction":[{"@type":"CommentAction","name":"Comment","target":["https:\/\/www.public.sn\/index.php\/2023\/01\/16\/les-premiers-mots-de-mansour-faye-apres-laccident-de-sakal\/#respond"]}]},{"@type":"WebPage","@id":"https:\/\/www.public.sn\/index.php\/2023\/01\/16\/les-premiers-mots-de-mansour-faye-apres-laccident-de-sakal\/","url":"https:\/\/www.public.sn\/index.php\/2023\/01\/16\/les-premiers-mots-de-mansour-faye-apres-laccident-de-sakal\/","name":"Les premiers mots de Mansour Faye apr\u00e8s l'accident de \"SAKAL\" - LE PUBLIC","isPartOf":{"@id":"https:\/\/www.public.sn\/#website"},"primaryImageOfPage":{"@id":"https:\/\/www.public.sn\/index.php\/2023\/01\/16\/les-premiers-mots-de-mansour-faye-apres-laccident-de-sakal\/#primaryimage"},"image":{"@id":"https:\/\/www.public.sn\/index.php\/2023\/01\/16\/les-premiers-mots-de-mansour-faye-apres-laccident-de-sakal\/#primaryimage"},"thumbnailUrl":"https:\/\/www.public.sn\/wp-content\/uploads\/2023\/01\/mansour-faye2.png","datePublished":"2023-01-16T12:22:02+00:00","breadcrumb":{"@id":"https:\/\/www.public.sn\/index.php\/2023\/01\/16\/les-premiers-mots-de-mansour-faye-apres-laccident-de-sakal\/#breadcrumb"},"inLanguage":"fr-FR","potentialAction":[{"@type":"ReadAction","target":["https:\/\/www.public.sn\/index.php\/2023\/01\/16\/les-premiers-mots-de-mansour-faye-apres-laccident-de-sakal\/"]}]},{"@type":"ImageObject","inLanguage":"fr-FR","@id":"https:\/\/www.public.sn\/index.php\/2023\/01\/16\/les-premiers-mots-de-mansour-faye-apres-laccident-de-sakal\/#primaryimage","url":"https:\/\/www.public.sn\/wp-content\/uploads\/2023\/01\/mansour-faye2.png","contentUrl":"https:\/\/www.public.sn\/wp-content\/uploads\/2023\/01\/mansour-faye2.png","width":677,"height":433},{"@type":"BreadcrumbList","@id":"https:\/\/www.public.sn\/index.php\/2023\/01\/16\/les-premiers-mots-de-mansour-faye-apres-laccident-de-sakal\/#breadcrumb","itemListElement":[{"@type":"ListItem","position":1,"name":"Accueil","item":"https:\/\/www.public.sn\/"},{"@type":"ListItem","position":2,"name":"Les premiers mots de Mansour Faye apr\u00e8s l&rsquo;accident de \u00ab\u00a0SAKAL\u00a0\u00bb"}]},{"@type":"WebSite","@id":"https:\/\/www.public.sn\/#website","url":"https:\/\/www.public.sn\/","name":"LE PUBLIC","description":"","publisher":{"@id":"https:\/\/www.public.sn\/#organization"},"potentialAction":[{"@type":"SearchAction","target":{"@type":"EntryPoint","urlTemplate":"https:\/\/www.public.sn\/?s={search_term_string}"},"query-input":{"@type":"PropertyValueSpecification","valueRequired":true,"valueName":"search_term_string"}}],"inLanguage":"fr-FR"},{"@type":"Organization","@id":"https:\/\/www.public.sn\/#organization","name":"LE PUBLIC","url":"https:\/\/www.public.sn\/","logo":{"@type":"ImageObject","inLanguage":"fr-FR","@id":"https:\/\/www.public.sn\/#\/schema\/logo\/image\/","url":"https:\/\/www.public.sn\/wp-content\/uploads\/2024\/05\/cropped-LOGO-PUBLIC.SN_.png","contentUrl":"https:\/\/www.public.sn\/wp-content\/uploads\/2024\/05\/cropped-LOGO-PUBLIC.SN_.png","width":682,"height":192,"caption":"LE PUBLIC"},"image":{"@id":"https:\/\/www.public.sn\/#\/schema\/logo\/image\/"}},{"@type":"Person","@id":"https:\/\/www.public.sn\/#\/schema\/person\/cb76c8e1b8becc6be61fb5e92d6d0224","name":"LA REDACTION","image":{"@type":"ImageObject","inLanguage":"fr-FR","@id":"https:\/\/www.public.sn\/#\/schema\/person\/image\/","url":"https:\/\/secure.gravatar.com\/avatar\/2dce5ddd34b8fef0180efe03aa2a9bee7d953856048f9a16b298190a3178407c?s=96&d=mm&r=g","contentUrl":"https:\/\/secure.gravatar.com\/avatar\/2dce5ddd34b8fef0180efe03aa2a9bee7d953856048f9a16b298190a3178407c?s=96&d=mm&r=g","caption":"LA REDACTION"},"url":"https:\/\/www.public.sn\/index.php\/author\/editeurpsn\/"}]}},"jetpack_featured_media_url":"https:\/\/www.public.sn\/wp-content\/uploads\/2023\/01\/mansour-faye2.png","jetpack_sharing_enabled":true,"_links":{"self":[{"href":"https:\/\/www.public.sn\/index.php\/wp-json\/wp\/v2\/posts\/13731","targetHints":{"allow":["GET"]}}],"collection":[{"href":"https:\/\/www.public.sn\/index.php\/wp-json\/wp\/v2\/posts"}],"about":[{"href":"https:\/\/www.public.sn\/index.php\/wp-json\/wp\/v2\/types\/post"}],"author":[{"embeddable":true,"href":"https:\/\/www.public.sn\/index.php\/wp-json\/wp\/v2\/users\/7"}],"replies":[{"embeddable":true,"href":"https:\/\/www.public.sn\/index.php\/wp-json\/wp\/v2\/comments?post=13731"}],"version-history":[{"count":1,"href":"https:\/\/www.public.sn\/index.php\/wp-json\/wp\/v2\/posts\/13731\/revisions"}],"predecessor-version":[{"id":13733,"href":"https:\/\/www.public.sn\/index.php\/wp-json\/wp\/v2\/posts\/13731\/revisions\/13733"}],"wp:featuredmedia":[{"embeddable":true,"href":"https:\/\/www.public.sn\/index.php\/wp-json\/wp\/v2\/media\/13732"}],"wp:attachment":[{"href":"https:\/\/www.public.sn\/index.php\/wp-json\/wp\/v2\/media?parent=13731"}],"wp:term":[{"taxonomy":"category","embeddable":true,"href":"https:\/\/www.public.sn\/index.php\/wp-json\/wp\/v2\/categories?post=13731"},{"taxonomy":"post_tag","embeddable":true,"href":"https:\/\/www.public.sn\/index.php\/wp-json\/wp\/v2\/tags?post=13731"}],"curies":[{"name":"wp","href":"https:\/\/api.w.org\/{rel}","templated":true}]}}