{"id":13734,"date":"2023-01-16T12:48:56","date_gmt":"2023-01-16T12:48:56","guid":{"rendered":"https:\/\/www.public.sn\/?p=13734"},"modified":"2023-01-16T12:48:56","modified_gmt":"2023-01-16T12:48:56","slug":"le-poste-electrique-de-taredji-podor-prend-feu","status":"publish","type":"post","link":"https:\/\/www.public.sn\/index.php\/2023\/01\/16\/le-poste-electrique-de-taredji-podor-prend-feu\/","title":{"rendered":"Le poste \u00e9lectrique de Taredji (Podor) prend feu"},"content":{"rendered":"<p>Un incendie est survenu au poste \u00e9lectrique de Taredji ce matin vers 9 heures. Depuis, la commune de Podor et ses environs et plusieurs autres zones sont priv\u00e9es d\u2019\u00e9lectricit\u00e9 et ceci, pourrait durer plusieurs jours, informe Seneweb. Cette situation risque d\u2019\u00eatre lourde de\u00a0 cons\u00e9quences avec de pertes possibles au niveau des produits alimentaires conserv\u00e9s dans les r\u00e9frig\u00e9rateurs et les cultures irrigu\u00e9es dont les stations de pompage fonctionnent sur la base de l\u2019\u00e9lectricit\u00e9.<\/p><div class=\"publi-paragraphe1\" style=\"margin-top: 10px;margin-bottom: 10px;margin-left: auto;margin-right: auto;text-align: center;\" id=\"publi-861921137\"><div class=\"publi-adlabel\">Publicit\u00e9<\/div><script async src=\"\/\/pagead2.googlesyndication.com\/pagead\/js\/adsbygoogle.js?client=ca-pub-4089586018074219\" crossorigin=\"anonymous\"><\/script><ins class=\"adsbygoogle\" style=\"display:block;\" data-ad-client=\"ca-pub-4089586018074219\" \ndata-ad-slot=\"2087940154\" \ndata-ad-format=\"auto\"><\/ins>\n<script> \n(adsbygoogle = window.adsbygoogle || []).push({}); \n<\/script>\n<\/div>\n<p>La m\u00eame source renseigne que des \u00e9quipes techniques sont venues en renfort de Saint-Louis, Richard-Toll, Dagana et m\u00eame Dakar.<\/p>\n<div class=\"publi-apres-le-contenu\" style=\"margin-top: 10px;margin-bottom: 10px;margin-left: auto;margin-right: auto;text-align: center;\" id=\"publi-1722947194\"><div class=\"publi-adlabel\">Publicit\u00e9<\/div><script async src=\"\/\/pagead2.googlesyndication.com\/pagead\/js\/adsbygoogle.js?client=ca-pub-4089586018074219\" crossorigin=\"anonymous\"><\/script><ins class=\"adsbygoogle\" style=\"display:block;\" data-ad-client=\"ca-pub-4089586018074219\" \ndata-ad-slot=\"2087940154\" \ndata-ad-format=\"auto\"><\/ins>\n<script> \n(adsbygoogle = window.adsbygoogle || []).push({}); \n<\/script>\n<\/div>","protected":false},"excerpt":{"rendered":"<p>Un incendie est survenu au poste \u00e9lectrique de Taredji ce matin vers 9 heures. Depuis, la commune de Podor et ses environs et plusieurs autres zones sont priv\u00e9es d\u2019\u00e9lectricit\u00e9 et ceci, pourrait durer plusieurs jours, informe Seneweb. Cette situation risque d\u2019\u00eatre lourde de\u00a0 cons\u00e9quences avec de pertes possibles au niveau des produits alimentaires conserv\u00e9s dans les r\u00e9frig\u00e9rateurs et les cultures irrigu\u00e9es dont les stations de pompage fonctionnent sur la base de l\u2019\u00e9lectricit\u00e9. La m\u00eame source renseigne que des \u00e9quipes techniques sont venues en renfort de Saint-Louis, Richard-Toll, Dagana et m\u00eame Dakar.<\/p>\n","protected":false},"author":7,"featured_media":13735,"comment_status":"open","ping_status":"open","sticky":false,"template":"","format":"standard","meta":{"_jetpack_memberships_contains_paid_content":false,"footnotes":""},"categories":[375,1051,5,1,4],"tags":[4114,1183,4113],"class_list":["post-13734","post","type-post","status-publish","format-standard","has-post-thumbnail","hentry","category-actualites","category-drame","category-people","category-non-classe","category-societe","tag-feu","tag-incendie","tag-poste-electrique","entry","has-media","owp-thumbs-layout-horizontal","owp-btn-normal","owp-tabs-layout-horizontal","has-no-thumbnails","has-product-nav"],"yoast_head":"<!-- This site is optimized with the Yoast SEO plugin v25.5 - https:\/\/yoast.com\/wordpress\/plugins\/seo\/ -->\n<title>Le poste \u00e9lectrique de Taredji (Podor) prend feu - LE PUBLIC<\/title>\n<meta name=\"robots\" content=\"index, follow, max-snippet:-1, max-image-preview:large, max-video-preview:-1\" \/>\n<link rel=\"canonical\" href=\"https:\/\/www.public.sn\/index.php\/2023\/01\/16\/le-poste-electrique-de-taredji-podor-prend-feu\/\" \/>\n<meta property=\"og:locale\" content=\"fr_FR\" \/>\n<meta property=\"og:type\" content=\"article\" \/>\n<meta property=\"og:title\" content=\"Le poste \u00e9lectrique de Taredji (Podor) prend feu - LE PUBLIC\" \/>\n<meta property=\"og:description\" content=\"Un incendie est survenu au poste \u00e9lectrique de Taredji ce matin vers 9 heures. Depuis, la commune de Podor et ses environs et plusieurs autres zones sont priv\u00e9es d\u2019\u00e9lectricit\u00e9 et ceci, pourrait durer plusieurs jours, informe Seneweb. Cette situation risque d\u2019\u00eatre lourde de\u00a0 cons\u00e9quences avec de pertes possibles au niveau des produits alimentaires conserv\u00e9s dans les r\u00e9frig\u00e9rateurs et les cultures irrigu\u00e9es dont les stations de pompage fonctionnent sur la base de l\u2019\u00e9lectricit\u00e9. La m\u00eame source renseigne que des \u00e9quipes techniques sont venues en renfort de Saint-Louis, Richard-Toll, Dagana et m\u00eame Dakar.\" \/>\n<meta property=\"og:url\" content=\"https:\/\/www.public.sn\/index.php\/2023\/01\/16\/le-poste-electrique-de-taredji-podor-prend-feu\/\" \/>\n<meta property=\"og:site_name\" content=\"LE PUBLIC\" \/>\n<meta property=\"article:published_time\" content=\"2023-01-16T12:48:56+00:00\" \/>\n<meta property=\"og:image\" content=\"https:\/\/www.public.sn\/wp-content\/uploads\/2023\/01\/70158325-48961951.jpg\" \/>\n\t<meta property=\"og:image:width\" content=\"600\" \/>\n\t<meta property=\"og:image:height\" content=\"546\" \/>\n\t<meta property=\"og:image:type\" content=\"image\/jpeg\" \/>\n<meta name=\"author\" content=\"LA REDACTION\" \/>\n<meta name=\"twitter:card\" content=\"summary_large_image\" \/>\n<meta name=\"twitter:label1\" content=\"\u00c9crit par\" \/>\n\t<meta name=\"twitter:data1\" content=\"LA REDACTION\" \/>\n\t<meta name=\"twitter:label2\" content=\"Dur\u00e9e de lecture estim\u00e9e\" \/>\n\t<meta name=\"twitter:data2\" content=\"1 minute\" \/>\n<script type=\"application\/ld+json\" class=\"yoast-schema-graph\">{\"@context\":\"https:\/\/schema.org\",\"@graph\":[{\"@type\":\"Article\",\"@id\":\"https:\/\/www.public.sn\/index.php\/2023\/01\/16\/le-poste-electrique-de-taredji-podor-prend-feu\/#article\",\"isPartOf\":{\"@id\":\"https:\/\/www.public.sn\/index.php\/2023\/01\/16\/le-poste-electrique-de-taredji-podor-prend-feu\/\"},\"author\":{\"name\":\"LA REDACTION\",\"@id\":\"https:\/\/www.public.sn\/#\/schema\/person\/cb76c8e1b8becc6be61fb5e92d6d0224\"},\"headline\":\"Le poste \u00e9lectrique de Taredji (Podor) prend feu\",\"datePublished\":\"2023-01-16T12:48:56+00:00\",\"mainEntityOfPage\":{\"@id\":\"https:\/\/www.public.sn\/index.php\/2023\/01\/16\/le-poste-electrique-de-taredji-podor-prend-feu\/\"},\"wordCount\":109,\"commentCount\":0,\"publisher\":{\"@id\":\"https:\/\/www.public.sn\/#organization\"},\"image\":{\"@id\":\"https:\/\/www.public.sn\/index.php\/2023\/01\/16\/le-poste-electrique-de-taredji-podor-prend-feu\/#primaryimage\"},\"thumbnailUrl\":\"https:\/\/www.public.sn\/wp-content\/uploads\/2023\/01\/70158325-48961951.jpg\",\"keywords\":[\"feu\",\"incendie\",\"poste \u00e9lectrique\"],\"articleSection\":[\"ACTUALIT\u00c9S\",\"DRAME\",\"PEOPLE\",\"S\u00c9N\u00c9GAL\",\"SOCIETE\"],\"inLanguage\":\"fr-FR\",\"potentialAction\":[{\"@type\":\"CommentAction\",\"name\":\"Comment\",\"target\":[\"https:\/\/www.public.sn\/index.php\/2023\/01\/16\/le-poste-electrique-de-taredji-podor-prend-feu\/#respond\"]}]},{\"@type\":\"WebPage\",\"@id\":\"https:\/\/www.public.sn\/index.php\/2023\/01\/16\/le-poste-electrique-de-taredji-podor-prend-feu\/\",\"url\":\"https:\/\/www.public.sn\/index.php\/2023\/01\/16\/le-poste-electrique-de-taredji-podor-prend-feu\/\",\"name\":\"Le poste \u00e9lectrique de Taredji (Podor) prend feu - LE PUBLIC\",\"isPartOf\":{\"@id\":\"https:\/\/www.public.sn\/#website\"},\"primaryImageOfPage\":{\"@id\":\"https:\/\/www.public.sn\/index.php\/2023\/01\/16\/le-poste-electrique-de-taredji-podor-prend-feu\/#primaryimage\"},\"image\":{\"@id\":\"https:\/\/www.public.sn\/index.php\/2023\/01\/16\/le-poste-electrique-de-taredji-podor-prend-feu\/#primaryimage\"},\"thumbnailUrl\":\"https:\/\/www.public.sn\/wp-content\/uploads\/2023\/01\/70158325-48961951.jpg\",\"datePublished\":\"2023-01-16T12:48:56+00:00\",\"breadcrumb\":{\"@id\":\"https:\/\/www.public.sn\/index.php\/2023\/01\/16\/le-poste-electrique-de-taredji-podor-prend-feu\/#breadcrumb\"},\"inLanguage\":\"fr-FR\",\"potentialAction\":[{\"@type\":\"ReadAction\",\"target\":[\"https:\/\/www.public.sn\/index.php\/2023\/01\/16\/le-poste-electrique-de-taredji-podor-prend-feu\/\"]}]},{\"@type\":\"ImageObject\",\"inLanguage\":\"fr-FR\",\"@id\":\"https:\/\/www.public.sn\/index.php\/2023\/01\/16\/le-poste-electrique-de-taredji-podor-prend-feu\/#primaryimage\",\"url\":\"https:\/\/www.public.sn\/wp-content\/uploads\/2023\/01\/70158325-48961951.jpg\",\"contentUrl\":\"https:\/\/www.public.sn\/wp-content\/uploads\/2023\/01\/70158325-48961951.jpg\",\"width\":600,\"height\":546},{\"@type\":\"BreadcrumbList\",\"@id\":\"https:\/\/www.public.sn\/index.php\/2023\/01\/16\/le-poste-electrique-de-taredji-podor-prend-feu\/#breadcrumb\",\"itemListElement\":[{\"@type\":\"ListItem\",\"position\":1,\"name\":\"Accueil\",\"item\":\"https:\/\/www.public.sn\/\"},{\"@type\":\"ListItem\",\"position\":2,\"name\":\"Le poste \u00e9lectrique de Taredji (Podor) prend feu\"}]},{\"@type\":\"WebSite\",\"@id\":\"https:\/\/www.public.sn\/#website\",\"url\":\"https:\/\/www.public.sn\/\",\"name\":\"LE PUBLIC\",\"description\":\"\",\"publisher\":{\"@id\":\"https:\/\/www.public.sn\/#organization\"},\"potentialAction\":[{\"@type\":\"SearchAction\",\"target\":{\"@type\":\"EntryPoint\",\"urlTemplate\":\"https:\/\/www.public.sn\/?s={search_term_string}\"},\"query-input\":{\"@type\":\"PropertyValueSpecification\",\"valueRequired\":true,\"valueName\":\"search_term_string\"}}],\"inLanguage\":\"fr-FR\"},{\"@type\":\"Organization\",\"@id\":\"https:\/\/www.public.sn\/#organization\",\"name\":\"LE PUBLIC\",\"url\":\"https:\/\/www.public.sn\/\",\"logo\":{\"@type\":\"ImageObject\",\"inLanguage\":\"fr-FR\",\"@id\":\"https:\/\/www.public.sn\/#\/schema\/logo\/image\/\",\"url\":\"https:\/\/www.public.sn\/wp-content\/uploads\/2024\/05\/cropped-LOGO-PUBLIC.SN_.png\",\"contentUrl\":\"https:\/\/www.public.sn\/wp-content\/uploads\/2024\/05\/cropped-LOGO-PUBLIC.SN_.png\",\"width\":682,\"height\":192,\"caption\":\"LE PUBLIC\"},\"image\":{\"@id\":\"https:\/\/www.public.sn\/#\/schema\/logo\/image\/\"}},{\"@type\":\"Person\",\"@id\":\"https:\/\/www.public.sn\/#\/schema\/person\/cb76c8e1b8becc6be61fb5e92d6d0224\",\"name\":\"LA REDACTION\",\"image\":{\"@type\":\"ImageObject\",\"inLanguage\":\"fr-FR\",\"@id\":\"https:\/\/www.public.sn\/#\/schema\/person\/image\/\",\"url\":\"https:\/\/secure.gravatar.com\/avatar\/2dce5ddd34b8fef0180efe03aa2a9bee7d953856048f9a16b298190a3178407c?s=96&d=mm&r=g\",\"contentUrl\":\"https:\/\/secure.gravatar.com\/avatar\/2dce5ddd34b8fef0180efe03aa2a9bee7d953856048f9a16b298190a3178407c?s=96&d=mm&r=g\",\"caption\":\"LA REDACTION\"},\"url\":\"https:\/\/www.public.sn\/index.php\/author\/editeurpsn\/\"}]}<\/script>\n<!-- \/ Yoast SEO plugin. -->","yoast_head_json":{"title":"Le poste \u00e9lectrique de Taredji (Podor) prend feu - LE PUBLIC","robots":{"index":"index","follow":"follow","max-snippet":"max-snippet:-1","max-image-preview":"max-image-preview:large","max-video-preview":"max-video-preview:-1"},"canonical":"https:\/\/www.public.sn\/index.php\/2023\/01\/16\/le-poste-electrique-de-taredji-podor-prend-feu\/","og_locale":"fr_FR","og_type":"article","og_title":"Le poste \u00e9lectrique de Taredji (Podor) prend feu - LE PUBLIC","og_description":"Un incendie est survenu au poste \u00e9lectrique de Taredji ce matin vers 9 heures. Depuis, la commune de Podor et ses environs et plusieurs autres zones sont priv\u00e9es d\u2019\u00e9lectricit\u00e9 et ceci, pourrait durer plusieurs jours, informe Seneweb. Cette situation risque d\u2019\u00eatre lourde de\u00a0 cons\u00e9quences avec de pertes possibles au niveau des produits alimentaires conserv\u00e9s dans les r\u00e9frig\u00e9rateurs et les cultures irrigu\u00e9es dont les stations de pompage fonctionnent sur la base de l\u2019\u00e9lectricit\u00e9. La m\u00eame source renseigne que des \u00e9quipes techniques sont venues en renfort de Saint-Louis, Richard-Toll, Dagana et m\u00eame Dakar.","og_url":"https:\/\/www.public.sn\/index.php\/2023\/01\/16\/le-poste-electrique-de-taredji-podor-prend-feu\/","og_site_name":"LE PUBLIC","article_published_time":"2023-01-16T12:48:56+00:00","og_image":[{"width":600,"height":546,"url":"https:\/\/www.public.sn\/wp-content\/uploads\/2023\/01\/70158325-48961951.jpg","type":"image\/jpeg"}],"author":"LA REDACTION","twitter_card":"summary_large_image","twitter_misc":{"\u00c9crit par":"LA REDACTION","Dur\u00e9e de lecture estim\u00e9e":"1 minute"},"schema":{"@context":"https:\/\/schema.org","@graph":[{"@type":"Article","@id":"https:\/\/www.public.sn\/index.php\/2023\/01\/16\/le-poste-electrique-de-taredji-podor-prend-feu\/#article","isPartOf":{"@id":"https:\/\/www.public.sn\/index.php\/2023\/01\/16\/le-poste-electrique-de-taredji-podor-prend-feu\/"},"author":{"name":"LA REDACTION","@id":"https:\/\/www.public.sn\/#\/schema\/person\/cb76c8e1b8becc6be61fb5e92d6d0224"},"headline":"Le poste \u00e9lectrique de Taredji (Podor) prend feu","datePublished":"2023-01-16T12:48:56+00:00","mainEntityOfPage":{"@id":"https:\/\/www.public.sn\/index.php\/2023\/01\/16\/le-poste-electrique-de-taredji-podor-prend-feu\/"},"wordCount":109,"commentCount":0,"publisher":{"@id":"https:\/\/www.public.sn\/#organization"},"image":{"@id":"https:\/\/www.public.sn\/index.php\/2023\/01\/16\/le-poste-electrique-de-taredji-podor-prend-feu\/#primaryimage"},"thumbnailUrl":"https:\/\/www.public.sn\/wp-content\/uploads\/2023\/01\/70158325-48961951.jpg","keywords":["feu","incendie","poste \u00e9lectrique"],"articleSection":["ACTUALIT\u00c9S","DRAME","PEOPLE","S\u00c9N\u00c9GAL","SOCIETE"],"inLanguage":"fr-FR","potentialAction":[{"@type":"CommentAction","name":"Comment","target":["https:\/\/www.public.sn\/index.php\/2023\/01\/16\/le-poste-electrique-de-taredji-podor-prend-feu\/#respond"]}]},{"@type":"WebPage","@id":"https:\/\/www.public.sn\/index.php\/2023\/01\/16\/le-poste-electrique-de-taredji-podor-prend-feu\/","url":"https:\/\/www.public.sn\/index.php\/2023\/01\/16\/le-poste-electrique-de-taredji-podor-prend-feu\/","name":"Le poste \u00e9lectrique de Taredji (Podor) prend feu - LE PUBLIC","isPartOf":{"@id":"https:\/\/www.public.sn\/#website"},"primaryImageOfPage":{"@id":"https:\/\/www.public.sn\/index.php\/2023\/01\/16\/le-poste-electrique-de-taredji-podor-prend-feu\/#primaryimage"},"image":{"@id":"https:\/\/www.public.sn\/index.php\/2023\/01\/16\/le-poste-electrique-de-taredji-podor-prend-feu\/#primaryimage"},"thumbnailUrl":"https:\/\/www.public.sn\/wp-content\/uploads\/2023\/01\/70158325-48961951.jpg","datePublished":"2023-01-16T12:48:56+00:00","breadcrumb":{"@id":"https:\/\/www.public.sn\/index.php\/2023\/01\/16\/le-poste-electrique-de-taredji-podor-prend-feu\/#breadcrumb"},"inLanguage":"fr-FR","potentialAction":[{"@type":"ReadAction","target":["https:\/\/www.public.sn\/index.php\/2023\/01\/16\/le-poste-electrique-de-taredji-podor-prend-feu\/"]}]},{"@type":"ImageObject","inLanguage":"fr-FR","@id":"https:\/\/www.public.sn\/index.php\/2023\/01\/16\/le-poste-electrique-de-taredji-podor-prend-feu\/#primaryimage","url":"https:\/\/www.public.sn\/wp-content\/uploads\/2023\/01\/70158325-48961951.jpg","contentUrl":"https:\/\/www.public.sn\/wp-content\/uploads\/2023\/01\/70158325-48961951.jpg","width":600,"height":546},{"@type":"BreadcrumbList","@id":"https:\/\/www.public.sn\/index.php\/2023\/01\/16\/le-poste-electrique-de-taredji-podor-prend-feu\/#breadcrumb","itemListElement":[{"@type":"ListItem","position":1,"name":"Accueil","item":"https:\/\/www.public.sn\/"},{"@type":"ListItem","position":2,"name":"Le poste \u00e9lectrique de Taredji (Podor) prend feu"}]},{"@type":"WebSite","@id":"https:\/\/www.public.sn\/#website","url":"https:\/\/www.public.sn\/","name":"LE PUBLIC","description":"","publisher":{"@id":"https:\/\/www.public.sn\/#organization"},"potentialAction":[{"@type":"SearchAction","target":{"@type":"EntryPoint","urlTemplate":"https:\/\/www.public.sn\/?s={search_term_string}"},"query-input":{"@type":"PropertyValueSpecification","valueRequired":true,"valueName":"search_term_string"}}],"inLanguage":"fr-FR"},{"@type":"Organization","@id":"https:\/\/www.public.sn\/#organization","name":"LE PUBLIC","url":"https:\/\/www.public.sn\/","logo":{"@type":"ImageObject","inLanguage":"fr-FR","@id":"https:\/\/www.public.sn\/#\/schema\/logo\/image\/","url":"https:\/\/www.public.sn\/wp-content\/uploads\/2024\/05\/cropped-LOGO-PUBLIC.SN_.png","contentUrl":"https:\/\/www.public.sn\/wp-content\/uploads\/2024\/05\/cropped-LOGO-PUBLIC.SN_.png","width":682,"height":192,"caption":"LE PUBLIC"},"image":{"@id":"https:\/\/www.public.sn\/#\/schema\/logo\/image\/"}},{"@type":"Person","@id":"https:\/\/www.public.sn\/#\/schema\/person\/cb76c8e1b8becc6be61fb5e92d6d0224","name":"LA REDACTION","image":{"@type":"ImageObject","inLanguage":"fr-FR","@id":"https:\/\/www.public.sn\/#\/schema\/person\/image\/","url":"https:\/\/secure.gravatar.com\/avatar\/2dce5ddd34b8fef0180efe03aa2a9bee7d953856048f9a16b298190a3178407c?s=96&d=mm&r=g","contentUrl":"https:\/\/secure.gravatar.com\/avatar\/2dce5ddd34b8fef0180efe03aa2a9bee7d953856048f9a16b298190a3178407c?s=96&d=mm&r=g","caption":"LA REDACTION"},"url":"https:\/\/www.public.sn\/index.php\/author\/editeurpsn\/"}]}},"jetpack_featured_media_url":"https:\/\/www.public.sn\/wp-content\/uploads\/2023\/01\/70158325-48961951.jpg","jetpack_sharing_enabled":true,"_links":{"self":[{"href":"https:\/\/www.public.sn\/index.php\/wp-json\/wp\/v2\/posts\/13734","targetHints":{"allow":["GET"]}}],"collection":[{"href":"https:\/\/www.public.sn\/index.php\/wp-json\/wp\/v2\/posts"}],"about":[{"href":"https:\/\/www.public.sn\/index.php\/wp-json\/wp\/v2\/types\/post"}],"author":[{"embeddable":true,"href":"https:\/\/www.public.sn\/index.php\/wp-json\/wp\/v2\/users\/7"}],"replies":[{"embeddable":true,"href":"https:\/\/www.public.sn\/index.php\/wp-json\/wp\/v2\/comments?post=13734"}],"version-history":[{"count":1,"href":"https:\/\/www.public.sn\/index.php\/wp-json\/wp\/v2\/posts\/13734\/revisions"}],"predecessor-version":[{"id":13736,"href":"https:\/\/www.public.sn\/index.php\/wp-json\/wp\/v2\/posts\/13734\/revisions\/13736"}],"wp:featuredmedia":[{"embeddable":true,"href":"https:\/\/www.public.sn\/index.php\/wp-json\/wp\/v2\/media\/13735"}],"wp:attachment":[{"href":"https:\/\/www.public.sn\/index.php\/wp-json\/wp\/v2\/media?parent=13734"}],"wp:term":[{"taxonomy":"category","embeddable":true,"href":"https:\/\/www.public.sn\/index.php\/wp-json\/wp\/v2\/categories?post=13734"},{"taxonomy":"post_tag","embeddable":true,"href":"https:\/\/www.public.sn\/index.php\/wp-json\/wp\/v2\/tags?post=13734"}],"curies":[{"name":"wp","href":"https:\/\/api.w.org\/{rel}","templated":true}]}}