{"id":13743,"date":"2023-01-16T18:34:04","date_gmt":"2023-01-16T18:34:04","guid":{"rendered":"https:\/\/www.public.sn\/?p=13743"},"modified":"2023-01-16T18:34:04","modified_gmt":"2023-01-16T18:34:04","slug":"accident-sakal-le-premier-ministre-a-lhopital-amadou-sakhir-mbaye","status":"publish","type":"post","link":"https:\/\/www.public.sn\/index.php\/2023\/01\/16\/accident-sakal-le-premier-ministre-a-lhopital-amadou-sakhir-mbaye\/","title":{"rendered":"Accident \/ Sakal : le Premier ministre \u00e0 l&rsquo;h\u00f4pital Amadou Sakhir Mbaye"},"content":{"rendered":"<p><strong>Un camion et un bus, avec \u00e0 son bord une quarantaine de passagers, sont entr\u00e9s en collision. Le choc est survenu pr\u00e8s de la localit\u00e9 de Sakal, dans la r\u00e9gion de Louga. Le dernier bilan fait \u00e9tat de 21 morts. Ainsi, nous r\u00e9v\u00e8le t-on,\u00a0<\/strong><\/p><div class=\"publi-paragraphe1\" style=\"margin-top: 10px;margin-bottom: 10px;margin-left: auto;margin-right: auto;text-align: center;\" id=\"publi-904549688\"><div class=\"publi-adlabel\">Publicit\u00e9<\/div><script async src=\"\/\/pagead2.googlesyndication.com\/pagead\/js\/adsbygoogle.js?client=ca-pub-4089586018074219\" crossorigin=\"anonymous\"><\/script><ins class=\"adsbygoogle\" style=\"display:block;\" data-ad-client=\"ca-pub-4089586018074219\" \ndata-ad-slot=\"2087940154\" \ndata-ad-format=\"auto\"><\/ins>\n<script> \n(adsbygoogle = window.adsbygoogle || []).push({}); \n<\/script>\n<\/div>\n<p>Ainsin nous r\u00e9v\u00e8le t-on, le Premier ministre, Amadou Ba, est \u00e0 l&rsquo;h\u00f4pital Amadou Sakhir Mbaye de Louga. Le chef du gouvernement est au chevet des diff\u00e9rents bless\u00e9s enregistr\u00e9s apr\u00e8s l\u2019accident qui s\u2019est d\u00e9roul\u00e9, ce lundi matin, \u00e0 Sakal. U<\/p>\n<div class=\"publi-apres-le-contenu\" style=\"margin-top: 10px;margin-bottom: 10px;margin-left: auto;margin-right: auto;text-align: center;\" id=\"publi-2105740191\"><div class=\"publi-adlabel\">Publicit\u00e9<\/div><script async src=\"\/\/pagead2.googlesyndication.com\/pagead\/js\/adsbygoogle.js?client=ca-pub-4089586018074219\" crossorigin=\"anonymous\"><\/script><ins class=\"adsbygoogle\" style=\"display:block;\" data-ad-client=\"ca-pub-4089586018074219\" \ndata-ad-slot=\"2087940154\" \ndata-ad-format=\"auto\"><\/ins>\n<script> \n(adsbygoogle = window.adsbygoogle || []).push({}); \n<\/script>\n<\/div>","protected":false},"excerpt":{"rendered":"<p>Un camion et un bus, avec \u00e0 son bord une quarantaine de passagers, sont entr\u00e9s en collision. Le choc est survenu pr\u00e8s de la localit\u00e9 de Sakal, dans la r\u00e9gion de Louga. Le dernier bilan fait \u00e9tat de 21 morts. Ainsi, nous r\u00e9v\u00e8le t-on,\u00a0 Ainsin nous r\u00e9v\u00e8le t-on, le Premier ministre, Amadou Ba, est \u00e0 l&rsquo;h\u00f4pital Amadou Sakhir Mbaye de Louga. Le chef du gouvernement est au chevet des diff\u00e9rents bless\u00e9s enregistr\u00e9s apr\u00e8s l\u2019accident qui s\u2019est d\u00e9roul\u00e9, ce lundi matin, \u00e0 Sakal. U<\/p>\n","protected":false},"author":1,"featured_media":11773,"comment_status":"open","ping_status":"open","sticky":false,"template":"","format":"standard","meta":{"_jetpack_memberships_contains_paid_content":false,"footnotes":""},"categories":[375,3,1,1052,372],"tags":[102,744,4110],"class_list":["post-13743","post","type-post","status-publish","format-standard","has-post-thumbnail","hentry","category-actualites","category-politique","category-non-classe","category-transport","category-vedette","tag-accident","tag-amadou-ba","tag-sakal","entry","has-media","owp-thumbs-layout-horizontal","owp-btn-normal","owp-tabs-layout-horizontal","has-no-thumbnails","has-product-nav"],"yoast_head":"<!-- This site is optimized with the Yoast SEO plugin v25.5 - https:\/\/yoast.com\/wordpress\/plugins\/seo\/ -->\n<title>Accident \/ Sakal : le Premier ministre \u00e0 l&#039;h\u00f4pital Amadou Sakhir Mbaye - LE PUBLIC<\/title>\n<meta name=\"robots\" content=\"index, follow, max-snippet:-1, max-image-preview:large, max-video-preview:-1\" \/>\n<link rel=\"canonical\" href=\"https:\/\/www.public.sn\/index.php\/2023\/01\/16\/accident-sakal-le-premier-ministre-a-lhopital-amadou-sakhir-mbaye\/\" \/>\n<meta property=\"og:locale\" content=\"fr_FR\" \/>\n<meta property=\"og:type\" content=\"article\" \/>\n<meta property=\"og:title\" content=\"Accident \/ Sakal : le Premier ministre \u00e0 l&#039;h\u00f4pital Amadou Sakhir Mbaye - LE PUBLIC\" \/>\n<meta property=\"og:description\" content=\"Un camion et un bus, avec \u00e0 son bord une quarantaine de passagers, sont entr\u00e9s en collision. Le choc est survenu pr\u00e8s de la localit\u00e9 de Sakal, dans la r\u00e9gion de Louga. Le dernier bilan fait \u00e9tat de 21 morts. Ainsi, nous r\u00e9v\u00e8le t-on,\u00a0 Ainsin nous r\u00e9v\u00e8le t-on, le Premier ministre, Amadou Ba, est \u00e0 l&rsquo;h\u00f4pital Amadou Sakhir Mbaye de Louga. Le chef du gouvernement est au chevet des diff\u00e9rents bless\u00e9s enregistr\u00e9s apr\u00e8s l\u2019accident qui s\u2019est d\u00e9roul\u00e9, ce lundi matin, \u00e0 Sakal. U\" \/>\n<meta property=\"og:url\" content=\"https:\/\/www.public.sn\/index.php\/2023\/01\/16\/accident-sakal-le-premier-ministre-a-lhopital-amadou-sakhir-mbaye\/\" \/>\n<meta property=\"og:site_name\" content=\"LE PUBLIC\" \/>\n<meta property=\"article:published_time\" content=\"2023-01-16T18:34:04+00:00\" \/>\n<meta property=\"og:image\" content=\"https:\/\/www.public.sn\/wp-content\/uploads\/2022\/12\/amadou-ba.webp\" \/>\n\t<meta property=\"og:image:width\" content=\"575\" \/>\n\t<meta property=\"og:image:height\" content=\"403\" \/>\n\t<meta property=\"og:image:type\" content=\"image\/webp\" \/>\n<meta name=\"author\" content=\"LA REDACTION\" \/>\n<meta name=\"twitter:card\" content=\"summary_large_image\" \/>\n<meta name=\"twitter:label1\" content=\"\u00c9crit par\" \/>\n\t<meta name=\"twitter:data1\" content=\"LA REDACTION\" \/>\n\t<meta name=\"twitter:label2\" content=\"Dur\u00e9e de lecture estim\u00e9e\" \/>\n\t<meta name=\"twitter:data2\" content=\"1 minute\" \/>\n<script type=\"application\/ld+json\" class=\"yoast-schema-graph\">{\"@context\":\"https:\/\/schema.org\",\"@graph\":[{\"@type\":\"Article\",\"@id\":\"https:\/\/www.public.sn\/index.php\/2023\/01\/16\/accident-sakal-le-premier-ministre-a-lhopital-amadou-sakhir-mbaye\/#article\",\"isPartOf\":{\"@id\":\"https:\/\/www.public.sn\/index.php\/2023\/01\/16\/accident-sakal-le-premier-ministre-a-lhopital-amadou-sakhir-mbaye\/\"},\"author\":{\"name\":\"LA REDACTION\",\"@id\":\"https:\/\/www.public.sn\/#\/schema\/person\/e3f4a11b037d4203902db148f9bc8d5a\"},\"headline\":\"Accident \/ Sakal : le Premier ministre \u00e0 l&rsquo;h\u00f4pital Amadou Sakhir Mbaye\",\"datePublished\":\"2023-01-16T18:34:04+00:00\",\"mainEntityOfPage\":{\"@id\":\"https:\/\/www.public.sn\/index.php\/2023\/01\/16\/accident-sakal-le-premier-ministre-a-lhopital-amadou-sakhir-mbaye\/\"},\"wordCount\":104,\"commentCount\":0,\"publisher\":{\"@id\":\"https:\/\/www.public.sn\/#organization\"},\"image\":{\"@id\":\"https:\/\/www.public.sn\/index.php\/2023\/01\/16\/accident-sakal-le-premier-ministre-a-lhopital-amadou-sakhir-mbaye\/#primaryimage\"},\"thumbnailUrl\":\"https:\/\/www.public.sn\/wp-content\/uploads\/2022\/12\/amadou-ba.webp\",\"keywords\":[\"Accident\",\"Amadou Ba\",\"Sakal\"],\"articleSection\":[\"ACTUALIT\u00c9S\",\"POLITIQUE\",\"S\u00c9N\u00c9GAL\",\"TRANSPORT\",\"VEDETTE\"],\"inLanguage\":\"fr-FR\",\"potentialAction\":[{\"@type\":\"CommentAction\",\"name\":\"Comment\",\"target\":[\"https:\/\/www.public.sn\/index.php\/2023\/01\/16\/accident-sakal-le-premier-ministre-a-lhopital-amadou-sakhir-mbaye\/#respond\"]}]},{\"@type\":\"WebPage\",\"@id\":\"https:\/\/www.public.sn\/index.php\/2023\/01\/16\/accident-sakal-le-premier-ministre-a-lhopital-amadou-sakhir-mbaye\/\",\"url\":\"https:\/\/www.public.sn\/index.php\/2023\/01\/16\/accident-sakal-le-premier-ministre-a-lhopital-amadou-sakhir-mbaye\/\",\"name\":\"Accident \/ Sakal : le Premier ministre \u00e0 l'h\u00f4pital Amadou Sakhir Mbaye - LE PUBLIC\",\"isPartOf\":{\"@id\":\"https:\/\/www.public.sn\/#website\"},\"primaryImageOfPage\":{\"@id\":\"https:\/\/www.public.sn\/index.php\/2023\/01\/16\/accident-sakal-le-premier-ministre-a-lhopital-amadou-sakhir-mbaye\/#primaryimage\"},\"image\":{\"@id\":\"https:\/\/www.public.sn\/index.php\/2023\/01\/16\/accident-sakal-le-premier-ministre-a-lhopital-amadou-sakhir-mbaye\/#primaryimage\"},\"thumbnailUrl\":\"https:\/\/www.public.sn\/wp-content\/uploads\/2022\/12\/amadou-ba.webp\",\"datePublished\":\"2023-01-16T18:34:04+00:00\",\"breadcrumb\":{\"@id\":\"https:\/\/www.public.sn\/index.php\/2023\/01\/16\/accident-sakal-le-premier-ministre-a-lhopital-amadou-sakhir-mbaye\/#breadcrumb\"},\"inLanguage\":\"fr-FR\",\"potentialAction\":[{\"@type\":\"ReadAction\",\"target\":[\"https:\/\/www.public.sn\/index.php\/2023\/01\/16\/accident-sakal-le-premier-ministre-a-lhopital-amadou-sakhir-mbaye\/\"]}]},{\"@type\":\"ImageObject\",\"inLanguage\":\"fr-FR\",\"@id\":\"https:\/\/www.public.sn\/index.php\/2023\/01\/16\/accident-sakal-le-premier-ministre-a-lhopital-amadou-sakhir-mbaye\/#primaryimage\",\"url\":\"https:\/\/www.public.sn\/wp-content\/uploads\/2022\/12\/amadou-ba.webp\",\"contentUrl\":\"https:\/\/www.public.sn\/wp-content\/uploads\/2022\/12\/amadou-ba.webp\",\"width\":575,\"height\":403},{\"@type\":\"BreadcrumbList\",\"@id\":\"https:\/\/www.public.sn\/index.php\/2023\/01\/16\/accident-sakal-le-premier-ministre-a-lhopital-amadou-sakhir-mbaye\/#breadcrumb\",\"itemListElement\":[{\"@type\":\"ListItem\",\"position\":1,\"name\":\"Accueil\",\"item\":\"https:\/\/www.public.sn\/\"},{\"@type\":\"ListItem\",\"position\":2,\"name\":\"Accident \/ Sakal : le Premier ministre \u00e0 l&rsquo;h\u00f4pital Amadou Sakhir Mbaye\"}]},{\"@type\":\"WebSite\",\"@id\":\"https:\/\/www.public.sn\/#website\",\"url\":\"https:\/\/www.public.sn\/\",\"name\":\"LE PUBLIC\",\"description\":\"\",\"publisher\":{\"@id\":\"https:\/\/www.public.sn\/#organization\"},\"potentialAction\":[{\"@type\":\"SearchAction\",\"target\":{\"@type\":\"EntryPoint\",\"urlTemplate\":\"https:\/\/www.public.sn\/?s={search_term_string}\"},\"query-input\":{\"@type\":\"PropertyValueSpecification\",\"valueRequired\":true,\"valueName\":\"search_term_string\"}}],\"inLanguage\":\"fr-FR\"},{\"@type\":\"Organization\",\"@id\":\"https:\/\/www.public.sn\/#organization\",\"name\":\"LE PUBLIC\",\"url\":\"https:\/\/www.public.sn\/\",\"logo\":{\"@type\":\"ImageObject\",\"inLanguage\":\"fr-FR\",\"@id\":\"https:\/\/www.public.sn\/#\/schema\/logo\/image\/\",\"url\":\"https:\/\/www.public.sn\/wp-content\/uploads\/2024\/05\/cropped-LOGO-PUBLIC.SN_.png\",\"contentUrl\":\"https:\/\/www.public.sn\/wp-content\/uploads\/2024\/05\/cropped-LOGO-PUBLIC.SN_.png\",\"width\":682,\"height\":192,\"caption\":\"LE PUBLIC\"},\"image\":{\"@id\":\"https:\/\/www.public.sn\/#\/schema\/logo\/image\/\"}},{\"@type\":\"Person\",\"@id\":\"https:\/\/www.public.sn\/#\/schema\/person\/e3f4a11b037d4203902db148f9bc8d5a\",\"name\":\"LA REDACTION\",\"image\":{\"@type\":\"ImageObject\",\"inLanguage\":\"fr-FR\",\"@id\":\"https:\/\/www.public.sn\/#\/schema\/person\/image\/\",\"url\":\"https:\/\/secure.gravatar.com\/avatar\/d6c030db45db2883c075085c5d6c6258654a801a93766b49af0b82d4f454e2a5?s=96&d=mm&r=g\",\"contentUrl\":\"https:\/\/secure.gravatar.com\/avatar\/d6c030db45db2883c075085c5d6c6258654a801a93766b49af0b82d4f454e2a5?s=96&d=mm&r=g\",\"caption\":\"LA REDACTION\"},\"sameAs\":[\"http:\/\/www.public.sn\"],\"url\":\"https:\/\/www.public.sn\/index.php\/author\/admin7324\/\"}]}<\/script>\n<!-- \/ Yoast SEO plugin. -->","yoast_head_json":{"title":"Accident \/ Sakal : le Premier ministre \u00e0 l'h\u00f4pital Amadou Sakhir Mbaye - LE PUBLIC","robots":{"index":"index","follow":"follow","max-snippet":"max-snippet:-1","max-image-preview":"max-image-preview:large","max-video-preview":"max-video-preview:-1"},"canonical":"https:\/\/www.public.sn\/index.php\/2023\/01\/16\/accident-sakal-le-premier-ministre-a-lhopital-amadou-sakhir-mbaye\/","og_locale":"fr_FR","og_type":"article","og_title":"Accident \/ Sakal : le Premier ministre \u00e0 l'h\u00f4pital Amadou Sakhir Mbaye - LE PUBLIC","og_description":"Un camion et un bus, avec \u00e0 son bord une quarantaine de passagers, sont entr\u00e9s en collision. Le choc est survenu pr\u00e8s de la localit\u00e9 de Sakal, dans la r\u00e9gion de Louga. Le dernier bilan fait \u00e9tat de 21 morts. Ainsi, nous r\u00e9v\u00e8le t-on,\u00a0 Ainsin nous r\u00e9v\u00e8le t-on, le Premier ministre, Amadou Ba, est \u00e0 l&rsquo;h\u00f4pital Amadou Sakhir Mbaye de Louga. Le chef du gouvernement est au chevet des diff\u00e9rents bless\u00e9s enregistr\u00e9s apr\u00e8s l\u2019accident qui s\u2019est d\u00e9roul\u00e9, ce lundi matin, \u00e0 Sakal. U","og_url":"https:\/\/www.public.sn\/index.php\/2023\/01\/16\/accident-sakal-le-premier-ministre-a-lhopital-amadou-sakhir-mbaye\/","og_site_name":"LE PUBLIC","article_published_time":"2023-01-16T18:34:04+00:00","og_image":[{"width":575,"height":403,"url":"https:\/\/www.public.sn\/wp-content\/uploads\/2022\/12\/amadou-ba.webp","type":"image\/webp"}],"author":"LA REDACTION","twitter_card":"summary_large_image","twitter_misc":{"\u00c9crit par":"LA REDACTION","Dur\u00e9e de lecture estim\u00e9e":"1 minute"},"schema":{"@context":"https:\/\/schema.org","@graph":[{"@type":"Article","@id":"https:\/\/www.public.sn\/index.php\/2023\/01\/16\/accident-sakal-le-premier-ministre-a-lhopital-amadou-sakhir-mbaye\/#article","isPartOf":{"@id":"https:\/\/www.public.sn\/index.php\/2023\/01\/16\/accident-sakal-le-premier-ministre-a-lhopital-amadou-sakhir-mbaye\/"},"author":{"name":"LA REDACTION","@id":"https:\/\/www.public.sn\/#\/schema\/person\/e3f4a11b037d4203902db148f9bc8d5a"},"headline":"Accident \/ Sakal : le Premier ministre \u00e0 l&rsquo;h\u00f4pital Amadou Sakhir Mbaye","datePublished":"2023-01-16T18:34:04+00:00","mainEntityOfPage":{"@id":"https:\/\/www.public.sn\/index.php\/2023\/01\/16\/accident-sakal-le-premier-ministre-a-lhopital-amadou-sakhir-mbaye\/"},"wordCount":104,"commentCount":0,"publisher":{"@id":"https:\/\/www.public.sn\/#organization"},"image":{"@id":"https:\/\/www.public.sn\/index.php\/2023\/01\/16\/accident-sakal-le-premier-ministre-a-lhopital-amadou-sakhir-mbaye\/#primaryimage"},"thumbnailUrl":"https:\/\/www.public.sn\/wp-content\/uploads\/2022\/12\/amadou-ba.webp","keywords":["Accident","Amadou Ba","Sakal"],"articleSection":["ACTUALIT\u00c9S","POLITIQUE","S\u00c9N\u00c9GAL","TRANSPORT","VEDETTE"],"inLanguage":"fr-FR","potentialAction":[{"@type":"CommentAction","name":"Comment","target":["https:\/\/www.public.sn\/index.php\/2023\/01\/16\/accident-sakal-le-premier-ministre-a-lhopital-amadou-sakhir-mbaye\/#respond"]}]},{"@type":"WebPage","@id":"https:\/\/www.public.sn\/index.php\/2023\/01\/16\/accident-sakal-le-premier-ministre-a-lhopital-amadou-sakhir-mbaye\/","url":"https:\/\/www.public.sn\/index.php\/2023\/01\/16\/accident-sakal-le-premier-ministre-a-lhopital-amadou-sakhir-mbaye\/","name":"Accident \/ Sakal : le Premier ministre \u00e0 l'h\u00f4pital Amadou Sakhir Mbaye - LE PUBLIC","isPartOf":{"@id":"https:\/\/www.public.sn\/#website"},"primaryImageOfPage":{"@id":"https:\/\/www.public.sn\/index.php\/2023\/01\/16\/accident-sakal-le-premier-ministre-a-lhopital-amadou-sakhir-mbaye\/#primaryimage"},"image":{"@id":"https:\/\/www.public.sn\/index.php\/2023\/01\/16\/accident-sakal-le-premier-ministre-a-lhopital-amadou-sakhir-mbaye\/#primaryimage"},"thumbnailUrl":"https:\/\/www.public.sn\/wp-content\/uploads\/2022\/12\/amadou-ba.webp","datePublished":"2023-01-16T18:34:04+00:00","breadcrumb":{"@id":"https:\/\/www.public.sn\/index.php\/2023\/01\/16\/accident-sakal-le-premier-ministre-a-lhopital-amadou-sakhir-mbaye\/#breadcrumb"},"inLanguage":"fr-FR","potentialAction":[{"@type":"ReadAction","target":["https:\/\/www.public.sn\/index.php\/2023\/01\/16\/accident-sakal-le-premier-ministre-a-lhopital-amadou-sakhir-mbaye\/"]}]},{"@type":"ImageObject","inLanguage":"fr-FR","@id":"https:\/\/www.public.sn\/index.php\/2023\/01\/16\/accident-sakal-le-premier-ministre-a-lhopital-amadou-sakhir-mbaye\/#primaryimage","url":"https:\/\/www.public.sn\/wp-content\/uploads\/2022\/12\/amadou-ba.webp","contentUrl":"https:\/\/www.public.sn\/wp-content\/uploads\/2022\/12\/amadou-ba.webp","width":575,"height":403},{"@type":"BreadcrumbList","@id":"https:\/\/www.public.sn\/index.php\/2023\/01\/16\/accident-sakal-le-premier-ministre-a-lhopital-amadou-sakhir-mbaye\/#breadcrumb","itemListElement":[{"@type":"ListItem","position":1,"name":"Accueil","item":"https:\/\/www.public.sn\/"},{"@type":"ListItem","position":2,"name":"Accident \/ Sakal : le Premier ministre \u00e0 l&rsquo;h\u00f4pital Amadou Sakhir Mbaye"}]},{"@type":"WebSite","@id":"https:\/\/www.public.sn\/#website","url":"https:\/\/www.public.sn\/","name":"LE PUBLIC","description":"","publisher":{"@id":"https:\/\/www.public.sn\/#organization"},"potentialAction":[{"@type":"SearchAction","target":{"@type":"EntryPoint","urlTemplate":"https:\/\/www.public.sn\/?s={search_term_string}"},"query-input":{"@type":"PropertyValueSpecification","valueRequired":true,"valueName":"search_term_string"}}],"inLanguage":"fr-FR"},{"@type":"Organization","@id":"https:\/\/www.public.sn\/#organization","name":"LE PUBLIC","url":"https:\/\/www.public.sn\/","logo":{"@type":"ImageObject","inLanguage":"fr-FR","@id":"https:\/\/www.public.sn\/#\/schema\/logo\/image\/","url":"https:\/\/www.public.sn\/wp-content\/uploads\/2024\/05\/cropped-LOGO-PUBLIC.SN_.png","contentUrl":"https:\/\/www.public.sn\/wp-content\/uploads\/2024\/05\/cropped-LOGO-PUBLIC.SN_.png","width":682,"height":192,"caption":"LE PUBLIC"},"image":{"@id":"https:\/\/www.public.sn\/#\/schema\/logo\/image\/"}},{"@type":"Person","@id":"https:\/\/www.public.sn\/#\/schema\/person\/e3f4a11b037d4203902db148f9bc8d5a","name":"LA REDACTION","image":{"@type":"ImageObject","inLanguage":"fr-FR","@id":"https:\/\/www.public.sn\/#\/schema\/person\/image\/","url":"https:\/\/secure.gravatar.com\/avatar\/d6c030db45db2883c075085c5d6c6258654a801a93766b49af0b82d4f454e2a5?s=96&d=mm&r=g","contentUrl":"https:\/\/secure.gravatar.com\/avatar\/d6c030db45db2883c075085c5d6c6258654a801a93766b49af0b82d4f454e2a5?s=96&d=mm&r=g","caption":"LA REDACTION"},"sameAs":["http:\/\/www.public.sn"],"url":"https:\/\/www.public.sn\/index.php\/author\/admin7324\/"}]}},"jetpack_featured_media_url":"https:\/\/www.public.sn\/wp-content\/uploads\/2022\/12\/amadou-ba.webp","jetpack_sharing_enabled":true,"_links":{"self":[{"href":"https:\/\/www.public.sn\/index.php\/wp-json\/wp\/v2\/posts\/13743","targetHints":{"allow":["GET"]}}],"collection":[{"href":"https:\/\/www.public.sn\/index.php\/wp-json\/wp\/v2\/posts"}],"about":[{"href":"https:\/\/www.public.sn\/index.php\/wp-json\/wp\/v2\/types\/post"}],"author":[{"embeddable":true,"href":"https:\/\/www.public.sn\/index.php\/wp-json\/wp\/v2\/users\/1"}],"replies":[{"embeddable":true,"href":"https:\/\/www.public.sn\/index.php\/wp-json\/wp\/v2\/comments?post=13743"}],"version-history":[{"count":1,"href":"https:\/\/www.public.sn\/index.php\/wp-json\/wp\/v2\/posts\/13743\/revisions"}],"predecessor-version":[{"id":13745,"href":"https:\/\/www.public.sn\/index.php\/wp-json\/wp\/v2\/posts\/13743\/revisions\/13745"}],"wp:featuredmedia":[{"embeddable":true,"href":"https:\/\/www.public.sn\/index.php\/wp-json\/wp\/v2\/media\/11773"}],"wp:attachment":[{"href":"https:\/\/www.public.sn\/index.php\/wp-json\/wp\/v2\/media?parent=13743"}],"wp:term":[{"taxonomy":"category","embeddable":true,"href":"https:\/\/www.public.sn\/index.php\/wp-json\/wp\/v2\/categories?post=13743"},{"taxonomy":"post_tag","embeddable":true,"href":"https:\/\/www.public.sn\/index.php\/wp-json\/wp\/v2\/tags?post=13743"}],"curies":[{"name":"wp","href":"https:\/\/api.w.org\/{rel}","templated":true}]}}