{"id":1376,"date":"2022-09-06T14:21:06","date_gmt":"2022-09-06T12:21:06","guid":{"rendered":"https:\/\/www.public.sn\/?p=1376"},"modified":"2022-09-06T14:21:08","modified_gmt":"2022-09-06T12:21:08","slug":"dethie-fall-presente-ses-condoleances-a-la-famille-et-proches-dimam-alioune-badara-ndao","status":"publish","type":"post","link":"https:\/\/www.public.sn\/index.php\/2022\/09\/06\/dethie-fall-presente-ses-condoleances-a-la-famille-et-proches-dimam-alioune-badara-ndao\/","title":{"rendered":"D\u00e9thi\u00e9 Fall pr\u00e9sente ses condol\u00e9ances \u00e0 la famille et proches d\u2019Imam Alioune Badara Ndao."},"content":{"rendered":"\n<p>Le leader du Parti R\u00e9publicain et du Progr\u00e8s (Prp) s\u2019est fendu d\u2019un post, pour pr\u00e9senter ses condol\u00e9ances \u00ab \u00e9mues \u00bb \u00e0 la famille de Imam Alioune Badara Ndao, \u00e0 ses proches, et \u00e0 l\u2019ensemble de la population s\u00e9n\u00e9galaise.<\/p><div class=\"publi-paragraphe1\" style=\"margin-top: 10px;margin-bottom: 10px;margin-left: auto;margin-right: auto;text-align: center;\" id=\"publi-1478422274\"><div class=\"publi-adlabel\">Publicit\u00e9<\/div><script async src=\"\/\/pagead2.googlesyndication.com\/pagead\/js\/adsbygoogle.js?client=ca-pub-4089586018074219\" crossorigin=\"anonymous\"><\/script><ins class=\"adsbygoogle\" style=\"display:block;\" data-ad-client=\"ca-pub-4089586018074219\" \ndata-ad-slot=\"2087940154\" \ndata-ad-format=\"auto\"><\/ins>\n<script> \n(adsbygoogle = window.adsbygoogle || []).push({}); \n<\/script>\n<\/div>\n\n\n\n<p>\u00ab\u00a0C\u2019est avec grande tristesse que nous avons appris le rappel \u00e0 Dieu de l\u2019Imam Alioune Badara Ndao. Nous prions qu\u2019Allah SWT soit satisfait de lui, le pardonne, et que son \u00e2me soit \u00e9lev\u00e9e au rang des \u00e9lus\u00a0\u00bb, a \u00e9crit D\u00e9thi\u00e9 Fall sur sa page Facebook.<\/p>\n\n\n\n<p>Le leader du Parti R\u00e9publicain et du Progr\u00e8s (Prp) pr\u00e9sente ses condol\u00e9ances \u00e0 la famille biologique de Imam Alioune Badara Ndao comme spirituelle, ses proches, et \u00e0 l\u2019ensemble de la population s\u00e9n\u00e9galaise.<\/p>\n<div class=\"publi-apres-le-contenu\" style=\"margin-top: 10px;margin-bottom: 10px;margin-left: auto;margin-right: auto;text-align: center;\" id=\"publi-484874559\"><div class=\"publi-adlabel\">Publicit\u00e9<\/div><script async src=\"\/\/pagead2.googlesyndication.com\/pagead\/js\/adsbygoogle.js?client=ca-pub-4089586018074219\" crossorigin=\"anonymous\"><\/script><ins class=\"adsbygoogle\" style=\"display:block;\" data-ad-client=\"ca-pub-4089586018074219\" \ndata-ad-slot=\"2087940154\" \ndata-ad-format=\"auto\"><\/ins>\n<script> \n(adsbygoogle = window.adsbygoogle || []).push({}); \n<\/script>\n<\/div>","protected":false},"excerpt":{"rendered":"<p>Le leader du Parti R\u00e9publicain et du Progr\u00e8s (Prp) s\u2019est fendu d\u2019un post, pour pr\u00e9senter ses condol\u00e9ances \u00ab \u00e9mues \u00bb \u00e0 la famille de Imam Alioune Badara Ndao, \u00e0 ses proches, et \u00e0 l\u2019ensemble de la population s\u00e9n\u00e9galaise. \u00ab\u00a0C\u2019est avec grande tristesse que nous avons appris le rappel \u00e0 Dieu de l\u2019Imam Alioune Badara Ndao. Nous prions qu\u2019Allah SWT soit satisfait de lui, le pardonne, et que son \u00e2me soit \u00e9lev\u00e9e au rang des \u00e9lus\u00a0\u00bb, a \u00e9crit D\u00e9thi\u00e9 Fall sur sa page Facebook. Le leader du Parti R\u00e9publicain et du Progr\u00e8s (Prp) pr\u00e9sente ses condol\u00e9ances \u00e0 la famille biologique de Imam Alioune Badara Ndao comme spirituelle, ses proches, et \u00e0 l\u2019ensemble de la population s\u00e9n\u00e9galaise.<\/p>\n","protected":false},"author":1,"featured_media":1377,"comment_status":"open","ping_status":"open","sticky":false,"template":"","format":"standard","meta":{"_jetpack_memberships_contains_paid_content":false,"footnotes":""},"categories":[371,4],"tags":[374,31,593,592],"class_list":["post-1376","post","type-post","status-publish","format-standard","has-post-thumbnail","hentry","category-necrologie","category-societe","tag-deces","tag-dethie-fall","tag-fann","tag-imam-alioune-badara-ndao","entry","has-media","owp-thumbs-layout-horizontal","owp-btn-normal","owp-tabs-layout-horizontal","has-no-thumbnails","has-product-nav"],"yoast_head":"<!-- This site is optimized with the Yoast SEO plugin v25.5 - https:\/\/yoast.com\/wordpress\/plugins\/seo\/ -->\n<title>D\u00e9thi\u00e9 Fall pr\u00e9sente ses condol\u00e9ances \u00e0 la famille et proches d\u2019Imam Alioune Badara Ndao. - LE PUBLIC<\/title>\n<meta name=\"robots\" content=\"index, follow, max-snippet:-1, max-image-preview:large, max-video-preview:-1\" \/>\n<link rel=\"canonical\" href=\"https:\/\/www.public.sn\/index.php\/2022\/09\/06\/dethie-fall-presente-ses-condoleances-a-la-famille-et-proches-dimam-alioune-badara-ndao\/\" \/>\n<meta property=\"og:locale\" content=\"fr_FR\" \/>\n<meta property=\"og:type\" content=\"article\" \/>\n<meta property=\"og:title\" content=\"D\u00e9thi\u00e9 Fall pr\u00e9sente ses condol\u00e9ances \u00e0 la famille et proches d\u2019Imam Alioune Badara Ndao. - LE PUBLIC\" \/>\n<meta property=\"og:description\" content=\"Le leader du Parti R\u00e9publicain et du Progr\u00e8s (Prp) s\u2019est fendu d\u2019un post, pour pr\u00e9senter ses condol\u00e9ances \u00ab \u00e9mues \u00bb \u00e0 la famille de Imam Alioune Badara Ndao, \u00e0 ses proches, et \u00e0 l\u2019ensemble de la population s\u00e9n\u00e9galaise. \u00ab\u00a0C\u2019est avec grande tristesse que nous avons appris le rappel \u00e0 Dieu de l\u2019Imam Alioune Badara Ndao. Nous prions qu\u2019Allah SWT soit satisfait de lui, le pardonne, et que son \u00e2me soit \u00e9lev\u00e9e au rang des \u00e9lus\u00a0\u00bb, a \u00e9crit D\u00e9thi\u00e9 Fall sur sa page Facebook. Le leader du Parti R\u00e9publicain et du Progr\u00e8s (Prp) pr\u00e9sente ses condol\u00e9ances \u00e0 la famille biologique de Imam Alioune Badara Ndao comme spirituelle, ses proches, et \u00e0 l\u2019ensemble de la population s\u00e9n\u00e9galaise.\" \/>\n<meta property=\"og:url\" content=\"https:\/\/www.public.sn\/index.php\/2022\/09\/06\/dethie-fall-presente-ses-condoleances-a-la-famille-et-proches-dimam-alioune-badara-ndao\/\" \/>\n<meta property=\"og:site_name\" content=\"LE PUBLIC\" \/>\n<meta property=\"article:published_time\" content=\"2022-09-06T12:21:06+00:00\" \/>\n<meta property=\"article:modified_time\" content=\"2022-09-06T12:21:08+00:00\" \/>\n<meta property=\"og:image\" content=\"https:\/\/www.public.sn\/wp-content\/uploads\/2022\/09\/EC1C0B0F-290E-4BD9-B45F-1D7CE0293404.jpeg\" \/>\n\t<meta property=\"og:image:width\" content=\"700\" \/>\n\t<meta property=\"og:image:height\" content=\"467\" \/>\n\t<meta property=\"og:image:type\" content=\"image\/jpeg\" \/>\n<meta name=\"author\" content=\"LA REDACTION\" \/>\n<meta name=\"twitter:card\" content=\"summary_large_image\" \/>\n<meta name=\"twitter:label1\" content=\"\u00c9crit par\" \/>\n\t<meta name=\"twitter:data1\" content=\"LA REDACTION\" \/>\n\t<meta name=\"twitter:label2\" content=\"Dur\u00e9e de lecture estim\u00e9e\" \/>\n\t<meta name=\"twitter:data2\" content=\"1 minute\" \/>\n<script type=\"application\/ld+json\" class=\"yoast-schema-graph\">{\"@context\":\"https:\/\/schema.org\",\"@graph\":[{\"@type\":\"Article\",\"@id\":\"https:\/\/www.public.sn\/index.php\/2022\/09\/06\/dethie-fall-presente-ses-condoleances-a-la-famille-et-proches-dimam-alioune-badara-ndao\/#article\",\"isPartOf\":{\"@id\":\"https:\/\/www.public.sn\/index.php\/2022\/09\/06\/dethie-fall-presente-ses-condoleances-a-la-famille-et-proches-dimam-alioune-badara-ndao\/\"},\"author\":{\"name\":\"LA REDACTION\",\"@id\":\"https:\/\/www.public.sn\/#\/schema\/person\/e3f4a11b037d4203902db148f9bc8d5a\"},\"headline\":\"D\u00e9thi\u00e9 Fall pr\u00e9sente ses condol\u00e9ances \u00e0 la famille et proches d\u2019Imam Alioune Badara Ndao.\",\"datePublished\":\"2022-09-06T12:21:06+00:00\",\"dateModified\":\"2022-09-06T12:21:08+00:00\",\"mainEntityOfPage\":{\"@id\":\"https:\/\/www.public.sn\/index.php\/2022\/09\/06\/dethie-fall-presente-ses-condoleances-a-la-famille-et-proches-dimam-alioune-badara-ndao\/\"},\"wordCount\":145,\"commentCount\":0,\"publisher\":{\"@id\":\"https:\/\/www.public.sn\/#organization\"},\"image\":{\"@id\":\"https:\/\/www.public.sn\/index.php\/2022\/09\/06\/dethie-fall-presente-ses-condoleances-a-la-famille-et-proches-dimam-alioune-badara-ndao\/#primaryimage\"},\"thumbnailUrl\":\"https:\/\/www.public.sn\/wp-content\/uploads\/2022\/09\/EC1C0B0F-290E-4BD9-B45F-1D7CE0293404.jpeg\",\"keywords\":[\"d\u00e9c\u00e8s\",\"D\u00e9thi\u00e9 Fall\",\"Fann\",\"Imam Alioune Badara Ndao\"],\"articleSection\":[\"N\u00c9CROLOGIE\",\"SOCIETE\"],\"inLanguage\":\"fr-FR\",\"potentialAction\":[{\"@type\":\"CommentAction\",\"name\":\"Comment\",\"target\":[\"https:\/\/www.public.sn\/index.php\/2022\/09\/06\/dethie-fall-presente-ses-condoleances-a-la-famille-et-proches-dimam-alioune-badara-ndao\/#respond\"]}]},{\"@type\":\"WebPage\",\"@id\":\"https:\/\/www.public.sn\/index.php\/2022\/09\/06\/dethie-fall-presente-ses-condoleances-a-la-famille-et-proches-dimam-alioune-badara-ndao\/\",\"url\":\"https:\/\/www.public.sn\/index.php\/2022\/09\/06\/dethie-fall-presente-ses-condoleances-a-la-famille-et-proches-dimam-alioune-badara-ndao\/\",\"name\":\"D\u00e9thi\u00e9 Fall pr\u00e9sente ses condol\u00e9ances \u00e0 la famille et proches d\u2019Imam Alioune Badara Ndao. - LE PUBLIC\",\"isPartOf\":{\"@id\":\"https:\/\/www.public.sn\/#website\"},\"primaryImageOfPage\":{\"@id\":\"https:\/\/www.public.sn\/index.php\/2022\/09\/06\/dethie-fall-presente-ses-condoleances-a-la-famille-et-proches-dimam-alioune-badara-ndao\/#primaryimage\"},\"image\":{\"@id\":\"https:\/\/www.public.sn\/index.php\/2022\/09\/06\/dethie-fall-presente-ses-condoleances-a-la-famille-et-proches-dimam-alioune-badara-ndao\/#primaryimage\"},\"thumbnailUrl\":\"https:\/\/www.public.sn\/wp-content\/uploads\/2022\/09\/EC1C0B0F-290E-4BD9-B45F-1D7CE0293404.jpeg\",\"datePublished\":\"2022-09-06T12:21:06+00:00\",\"dateModified\":\"2022-09-06T12:21:08+00:00\",\"breadcrumb\":{\"@id\":\"https:\/\/www.public.sn\/index.php\/2022\/09\/06\/dethie-fall-presente-ses-condoleances-a-la-famille-et-proches-dimam-alioune-badara-ndao\/#breadcrumb\"},\"inLanguage\":\"fr-FR\",\"potentialAction\":[{\"@type\":\"ReadAction\",\"target\":[\"https:\/\/www.public.sn\/index.php\/2022\/09\/06\/dethie-fall-presente-ses-condoleances-a-la-famille-et-proches-dimam-alioune-badara-ndao\/\"]}]},{\"@type\":\"ImageObject\",\"inLanguage\":\"fr-FR\",\"@id\":\"https:\/\/www.public.sn\/index.php\/2022\/09\/06\/dethie-fall-presente-ses-condoleances-a-la-famille-et-proches-dimam-alioune-badara-ndao\/#primaryimage\",\"url\":\"https:\/\/www.public.sn\/wp-content\/uploads\/2022\/09\/EC1C0B0F-290E-4BD9-B45F-1D7CE0293404.jpeg\",\"contentUrl\":\"https:\/\/www.public.sn\/wp-content\/uploads\/2022\/09\/EC1C0B0F-290E-4BD9-B45F-1D7CE0293404.jpeg\",\"width\":700,\"height\":467},{\"@type\":\"BreadcrumbList\",\"@id\":\"https:\/\/www.public.sn\/index.php\/2022\/09\/06\/dethie-fall-presente-ses-condoleances-a-la-famille-et-proches-dimam-alioune-badara-ndao\/#breadcrumb\",\"itemListElement\":[{\"@type\":\"ListItem\",\"position\":1,\"name\":\"Accueil\",\"item\":\"https:\/\/www.public.sn\/\"},{\"@type\":\"ListItem\",\"position\":2,\"name\":\"D\u00e9thi\u00e9 Fall pr\u00e9sente ses condol\u00e9ances \u00e0 la famille et proches d\u2019Imam Alioune Badara Ndao.\"}]},{\"@type\":\"WebSite\",\"@id\":\"https:\/\/www.public.sn\/#website\",\"url\":\"https:\/\/www.public.sn\/\",\"name\":\"LE PUBLIC\",\"description\":\"\",\"publisher\":{\"@id\":\"https:\/\/www.public.sn\/#organization\"},\"potentialAction\":[{\"@type\":\"SearchAction\",\"target\":{\"@type\":\"EntryPoint\",\"urlTemplate\":\"https:\/\/www.public.sn\/?s={search_term_string}\"},\"query-input\":{\"@type\":\"PropertyValueSpecification\",\"valueRequired\":true,\"valueName\":\"search_term_string\"}}],\"inLanguage\":\"fr-FR\"},{\"@type\":\"Organization\",\"@id\":\"https:\/\/www.public.sn\/#organization\",\"name\":\"LE PUBLIC\",\"url\":\"https:\/\/www.public.sn\/\",\"logo\":{\"@type\":\"ImageObject\",\"inLanguage\":\"fr-FR\",\"@id\":\"https:\/\/www.public.sn\/#\/schema\/logo\/image\/\",\"url\":\"https:\/\/www.public.sn\/wp-content\/uploads\/2024\/05\/cropped-LOGO-PUBLIC.SN_.png\",\"contentUrl\":\"https:\/\/www.public.sn\/wp-content\/uploads\/2024\/05\/cropped-LOGO-PUBLIC.SN_.png\",\"width\":682,\"height\":192,\"caption\":\"LE PUBLIC\"},\"image\":{\"@id\":\"https:\/\/www.public.sn\/#\/schema\/logo\/image\/\"}},{\"@type\":\"Person\",\"@id\":\"https:\/\/www.public.sn\/#\/schema\/person\/e3f4a11b037d4203902db148f9bc8d5a\",\"name\":\"LA REDACTION\",\"image\":{\"@type\":\"ImageObject\",\"inLanguage\":\"fr-FR\",\"@id\":\"https:\/\/www.public.sn\/#\/schema\/person\/image\/\",\"url\":\"https:\/\/secure.gravatar.com\/avatar\/d6c030db45db2883c075085c5d6c6258654a801a93766b49af0b82d4f454e2a5?s=96&d=mm&r=g\",\"contentUrl\":\"https:\/\/secure.gravatar.com\/avatar\/d6c030db45db2883c075085c5d6c6258654a801a93766b49af0b82d4f454e2a5?s=96&d=mm&r=g\",\"caption\":\"LA REDACTION\"},\"sameAs\":[\"http:\/\/www.public.sn\"],\"url\":\"https:\/\/www.public.sn\/index.php\/author\/admin7324\/\"}]}<\/script>\n<!-- \/ Yoast SEO plugin. -->","yoast_head_json":{"title":"D\u00e9thi\u00e9 Fall pr\u00e9sente ses condol\u00e9ances \u00e0 la famille et proches d\u2019Imam Alioune Badara Ndao. - LE PUBLIC","robots":{"index":"index","follow":"follow","max-snippet":"max-snippet:-1","max-image-preview":"max-image-preview:large","max-video-preview":"max-video-preview:-1"},"canonical":"https:\/\/www.public.sn\/index.php\/2022\/09\/06\/dethie-fall-presente-ses-condoleances-a-la-famille-et-proches-dimam-alioune-badara-ndao\/","og_locale":"fr_FR","og_type":"article","og_title":"D\u00e9thi\u00e9 Fall pr\u00e9sente ses condol\u00e9ances \u00e0 la famille et proches d\u2019Imam Alioune Badara Ndao. - LE PUBLIC","og_description":"Le leader du Parti R\u00e9publicain et du Progr\u00e8s (Prp) s\u2019est fendu d\u2019un post, pour pr\u00e9senter ses condol\u00e9ances \u00ab \u00e9mues \u00bb \u00e0 la famille de Imam Alioune Badara Ndao, \u00e0 ses proches, et \u00e0 l\u2019ensemble de la population s\u00e9n\u00e9galaise. \u00ab\u00a0C\u2019est avec grande tristesse que nous avons appris le rappel \u00e0 Dieu de l\u2019Imam Alioune Badara Ndao. Nous prions qu\u2019Allah SWT soit satisfait de lui, le pardonne, et que son \u00e2me soit \u00e9lev\u00e9e au rang des \u00e9lus\u00a0\u00bb, a \u00e9crit D\u00e9thi\u00e9 Fall sur sa page Facebook. Le leader du Parti R\u00e9publicain et du Progr\u00e8s (Prp) pr\u00e9sente ses condol\u00e9ances \u00e0 la famille biologique de Imam Alioune Badara Ndao comme spirituelle, ses proches, et \u00e0 l\u2019ensemble de la population s\u00e9n\u00e9galaise.","og_url":"https:\/\/www.public.sn\/index.php\/2022\/09\/06\/dethie-fall-presente-ses-condoleances-a-la-famille-et-proches-dimam-alioune-badara-ndao\/","og_site_name":"LE PUBLIC","article_published_time":"2022-09-06T12:21:06+00:00","article_modified_time":"2022-09-06T12:21:08+00:00","og_image":[{"width":700,"height":467,"url":"https:\/\/www.public.sn\/wp-content\/uploads\/2022\/09\/EC1C0B0F-290E-4BD9-B45F-1D7CE0293404.jpeg","type":"image\/jpeg"}],"author":"LA REDACTION","twitter_card":"summary_large_image","twitter_misc":{"\u00c9crit par":"LA REDACTION","Dur\u00e9e de lecture estim\u00e9e":"1 minute"},"schema":{"@context":"https:\/\/schema.org","@graph":[{"@type":"Article","@id":"https:\/\/www.public.sn\/index.php\/2022\/09\/06\/dethie-fall-presente-ses-condoleances-a-la-famille-et-proches-dimam-alioune-badara-ndao\/#article","isPartOf":{"@id":"https:\/\/www.public.sn\/index.php\/2022\/09\/06\/dethie-fall-presente-ses-condoleances-a-la-famille-et-proches-dimam-alioune-badara-ndao\/"},"author":{"name":"LA REDACTION","@id":"https:\/\/www.public.sn\/#\/schema\/person\/e3f4a11b037d4203902db148f9bc8d5a"},"headline":"D\u00e9thi\u00e9 Fall pr\u00e9sente ses condol\u00e9ances \u00e0 la famille et proches d\u2019Imam Alioune Badara Ndao.","datePublished":"2022-09-06T12:21:06+00:00","dateModified":"2022-09-06T12:21:08+00:00","mainEntityOfPage":{"@id":"https:\/\/www.public.sn\/index.php\/2022\/09\/06\/dethie-fall-presente-ses-condoleances-a-la-famille-et-proches-dimam-alioune-badara-ndao\/"},"wordCount":145,"commentCount":0,"publisher":{"@id":"https:\/\/www.public.sn\/#organization"},"image":{"@id":"https:\/\/www.public.sn\/index.php\/2022\/09\/06\/dethie-fall-presente-ses-condoleances-a-la-famille-et-proches-dimam-alioune-badara-ndao\/#primaryimage"},"thumbnailUrl":"https:\/\/www.public.sn\/wp-content\/uploads\/2022\/09\/EC1C0B0F-290E-4BD9-B45F-1D7CE0293404.jpeg","keywords":["d\u00e9c\u00e8s","D\u00e9thi\u00e9 Fall","Fann","Imam Alioune Badara Ndao"],"articleSection":["N\u00c9CROLOGIE","SOCIETE"],"inLanguage":"fr-FR","potentialAction":[{"@type":"CommentAction","name":"Comment","target":["https:\/\/www.public.sn\/index.php\/2022\/09\/06\/dethie-fall-presente-ses-condoleances-a-la-famille-et-proches-dimam-alioune-badara-ndao\/#respond"]}]},{"@type":"WebPage","@id":"https:\/\/www.public.sn\/index.php\/2022\/09\/06\/dethie-fall-presente-ses-condoleances-a-la-famille-et-proches-dimam-alioune-badara-ndao\/","url":"https:\/\/www.public.sn\/index.php\/2022\/09\/06\/dethie-fall-presente-ses-condoleances-a-la-famille-et-proches-dimam-alioune-badara-ndao\/","name":"D\u00e9thi\u00e9 Fall pr\u00e9sente ses condol\u00e9ances \u00e0 la famille et proches d\u2019Imam Alioune Badara Ndao. - LE PUBLIC","isPartOf":{"@id":"https:\/\/www.public.sn\/#website"},"primaryImageOfPage":{"@id":"https:\/\/www.public.sn\/index.php\/2022\/09\/06\/dethie-fall-presente-ses-condoleances-a-la-famille-et-proches-dimam-alioune-badara-ndao\/#primaryimage"},"image":{"@id":"https:\/\/www.public.sn\/index.php\/2022\/09\/06\/dethie-fall-presente-ses-condoleances-a-la-famille-et-proches-dimam-alioune-badara-ndao\/#primaryimage"},"thumbnailUrl":"https:\/\/www.public.sn\/wp-content\/uploads\/2022\/09\/EC1C0B0F-290E-4BD9-B45F-1D7CE0293404.jpeg","datePublished":"2022-09-06T12:21:06+00:00","dateModified":"2022-09-06T12:21:08+00:00","breadcrumb":{"@id":"https:\/\/www.public.sn\/index.php\/2022\/09\/06\/dethie-fall-presente-ses-condoleances-a-la-famille-et-proches-dimam-alioune-badara-ndao\/#breadcrumb"},"inLanguage":"fr-FR","potentialAction":[{"@type":"ReadAction","target":["https:\/\/www.public.sn\/index.php\/2022\/09\/06\/dethie-fall-presente-ses-condoleances-a-la-famille-et-proches-dimam-alioune-badara-ndao\/"]}]},{"@type":"ImageObject","inLanguage":"fr-FR","@id":"https:\/\/www.public.sn\/index.php\/2022\/09\/06\/dethie-fall-presente-ses-condoleances-a-la-famille-et-proches-dimam-alioune-badara-ndao\/#primaryimage","url":"https:\/\/www.public.sn\/wp-content\/uploads\/2022\/09\/EC1C0B0F-290E-4BD9-B45F-1D7CE0293404.jpeg","contentUrl":"https:\/\/www.public.sn\/wp-content\/uploads\/2022\/09\/EC1C0B0F-290E-4BD9-B45F-1D7CE0293404.jpeg","width":700,"height":467},{"@type":"BreadcrumbList","@id":"https:\/\/www.public.sn\/index.php\/2022\/09\/06\/dethie-fall-presente-ses-condoleances-a-la-famille-et-proches-dimam-alioune-badara-ndao\/#breadcrumb","itemListElement":[{"@type":"ListItem","position":1,"name":"Accueil","item":"https:\/\/www.public.sn\/"},{"@type":"ListItem","position":2,"name":"D\u00e9thi\u00e9 Fall pr\u00e9sente ses condol\u00e9ances \u00e0 la famille et proches d\u2019Imam Alioune Badara Ndao."}]},{"@type":"WebSite","@id":"https:\/\/www.public.sn\/#website","url":"https:\/\/www.public.sn\/","name":"LE PUBLIC","description":"","publisher":{"@id":"https:\/\/www.public.sn\/#organization"},"potentialAction":[{"@type":"SearchAction","target":{"@type":"EntryPoint","urlTemplate":"https:\/\/www.public.sn\/?s={search_term_string}"},"query-input":{"@type":"PropertyValueSpecification","valueRequired":true,"valueName":"search_term_string"}}],"inLanguage":"fr-FR"},{"@type":"Organization","@id":"https:\/\/www.public.sn\/#organization","name":"LE PUBLIC","url":"https:\/\/www.public.sn\/","logo":{"@type":"ImageObject","inLanguage":"fr-FR","@id":"https:\/\/www.public.sn\/#\/schema\/logo\/image\/","url":"https:\/\/www.public.sn\/wp-content\/uploads\/2024\/05\/cropped-LOGO-PUBLIC.SN_.png","contentUrl":"https:\/\/www.public.sn\/wp-content\/uploads\/2024\/05\/cropped-LOGO-PUBLIC.SN_.png","width":682,"height":192,"caption":"LE PUBLIC"},"image":{"@id":"https:\/\/www.public.sn\/#\/schema\/logo\/image\/"}},{"@type":"Person","@id":"https:\/\/www.public.sn\/#\/schema\/person\/e3f4a11b037d4203902db148f9bc8d5a","name":"LA REDACTION","image":{"@type":"ImageObject","inLanguage":"fr-FR","@id":"https:\/\/www.public.sn\/#\/schema\/person\/image\/","url":"https:\/\/secure.gravatar.com\/avatar\/d6c030db45db2883c075085c5d6c6258654a801a93766b49af0b82d4f454e2a5?s=96&d=mm&r=g","contentUrl":"https:\/\/secure.gravatar.com\/avatar\/d6c030db45db2883c075085c5d6c6258654a801a93766b49af0b82d4f454e2a5?s=96&d=mm&r=g","caption":"LA REDACTION"},"sameAs":["http:\/\/www.public.sn"],"url":"https:\/\/www.public.sn\/index.php\/author\/admin7324\/"}]}},"jetpack_featured_media_url":"https:\/\/www.public.sn\/wp-content\/uploads\/2022\/09\/EC1C0B0F-290E-4BD9-B45F-1D7CE0293404.jpeg","jetpack_sharing_enabled":true,"_links":{"self":[{"href":"https:\/\/www.public.sn\/index.php\/wp-json\/wp\/v2\/posts\/1376","targetHints":{"allow":["GET"]}}],"collection":[{"href":"https:\/\/www.public.sn\/index.php\/wp-json\/wp\/v2\/posts"}],"about":[{"href":"https:\/\/www.public.sn\/index.php\/wp-json\/wp\/v2\/types\/post"}],"author":[{"embeddable":true,"href":"https:\/\/www.public.sn\/index.php\/wp-json\/wp\/v2\/users\/1"}],"replies":[{"embeddable":true,"href":"https:\/\/www.public.sn\/index.php\/wp-json\/wp\/v2\/comments?post=1376"}],"version-history":[{"count":1,"href":"https:\/\/www.public.sn\/index.php\/wp-json\/wp\/v2\/posts\/1376\/revisions"}],"predecessor-version":[{"id":1378,"href":"https:\/\/www.public.sn\/index.php\/wp-json\/wp\/v2\/posts\/1376\/revisions\/1378"}],"wp:featuredmedia":[{"embeddable":true,"href":"https:\/\/www.public.sn\/index.php\/wp-json\/wp\/v2\/media\/1377"}],"wp:attachment":[{"href":"https:\/\/www.public.sn\/index.php\/wp-json\/wp\/v2\/media?parent=1376"}],"wp:term":[{"taxonomy":"category","embeddable":true,"href":"https:\/\/www.public.sn\/index.php\/wp-json\/wp\/v2\/categories?post=1376"},{"taxonomy":"post_tag","embeddable":true,"href":"https:\/\/www.public.sn\/index.php\/wp-json\/wp\/v2\/tags?post=1376"}],"curies":[{"name":"wp","href":"https:\/\/api.w.org\/{rel}","templated":true}]}}