{"id":13803,"date":"2023-01-17T19:33:47","date_gmt":"2023-01-17T19:33:47","guid":{"rendered":"https:\/\/www.public.sn\/?p=13803"},"modified":"2023-01-17T19:33:47","modified_gmt":"2023-01-17T19:33:47","slug":"disparition-de-gilbert-badji-les-fracassantes-revelations-de-cledor-sene-video","status":"publish","type":"post","link":"https:\/\/www.public.sn\/index.php\/2023\/01\/17\/disparition-de-gilbert-badji-les-fracassantes-revelations-de-cledor-sene-video\/","title":{"rendered":"Disparition de Gilbert Badji les fracassantes r\u00e9v\u00e9lations de Cl\u00e9dor S\u00e8ne (Vid\u00e9o)"},"content":{"rendered":"<p><strong>Cl\u00e9dor S\u00e8ne a fait de fracassantes r\u00e9v\u00e9lations \u00e0 l&rsquo;\u00e9mission Matin Infos sur PUBLICSN TV. Alors invit\u00e9 de Aissatou Diop Fall, l&rsquo;activiste non moins leader du mouvement Claire Vision revient sur ce que pr\u00e9pare la famille de Didier Badji, cet adjudant-chef <\/strong><strong>disparu il y a plus de deux mois.<\/strong><\/p><div class=\"publi-paragraphe1\" style=\"margin-top: 10px;margin-bottom: 10px;margin-left: auto;margin-right: auto;text-align: center;\" id=\"publi-695760838\"><div class=\"publi-adlabel\">Publicit\u00e9<\/div><script async src=\"\/\/pagead2.googlesyndication.com\/pagead\/js\/adsbygoogle.js?client=ca-pub-4089586018074219\" crossorigin=\"anonymous\"><\/script><ins class=\"adsbygoogle\" style=\"display:block;\" data-ad-client=\"ca-pub-4089586018074219\" \ndata-ad-slot=\"2087940154\" \ndata-ad-format=\"auto\"><\/ins>\n<script> \n(adsbygoogle = window.adsbygoogle || []).push({}); \n<\/script>\n<\/div>\n<p><iframe title=\"Disparition de Gilbert Badji les fracassantes r\u00e9v\u00e9lations de Cl\u00e9dor S\u00e8ne\" src=\"https:\/\/www.youtube.com\/embed\/nOKgQNUlmuw\" width=\"853\" height=\"480\" frameborder=\"0\" allowfullscreen=\"allowfullscreen\"><\/iframe><\/p>\n<div class=\"publi-apres-le-contenu\" style=\"margin-top: 10px;margin-bottom: 10px;margin-left: auto;margin-right: auto;text-align: center;\" id=\"publi-270964718\"><div class=\"publi-adlabel\">Publicit\u00e9<\/div><script async src=\"\/\/pagead2.googlesyndication.com\/pagead\/js\/adsbygoogle.js?client=ca-pub-4089586018074219\" crossorigin=\"anonymous\"><\/script><ins class=\"adsbygoogle\" style=\"display:block;\" data-ad-client=\"ca-pub-4089586018074219\" \ndata-ad-slot=\"2087940154\" \ndata-ad-format=\"auto\"><\/ins>\n<script> \n(adsbygoogle = window.adsbygoogle || []).push({}); \n<\/script>\n<\/div>","protected":false},"excerpt":{"rendered":"<p>Cl\u00e9dor S\u00e8ne a fait de fracassantes r\u00e9v\u00e9lations \u00e0 l&rsquo;\u00e9mission Matin Infos sur PUBLICSN TV. Alors invit\u00e9 de Aissatou Diop Fall, l&rsquo;activiste non moins leader du mouvement Claire Vision revient sur ce que pr\u00e9pare la famille de Didier Badji, cet adjudant-chef disparu il y a plus de deux mois.<\/p>\n","protected":false},"author":1,"featured_media":13806,"comment_status":"open","ping_status":"open","sticky":false,"template":"","format":"standard","meta":{"_jetpack_memberships_contains_paid_content":false,"footnotes":""},"categories":[375,3,8,376,1,372,6],"tags":[842,4124,3321],"class_list":["post-13803","post","type-post","status-publish","format-standard","has-post-thumbnail","hentry","category-actualites","category-politique","category-public-tv","category-securite-justice","category-non-classe","category-vedette","category-videos","tag-cledor-sene","tag-didier-badji","tag-fulbert-sambou","entry","has-media","owp-thumbs-layout-horizontal","owp-btn-normal","owp-tabs-layout-horizontal","has-no-thumbnails","has-product-nav"],"yoast_head":"<!-- This site is optimized with the Yoast SEO plugin v25.5 - https:\/\/yoast.com\/wordpress\/plugins\/seo\/ -->\n<title>Disparition de Gilbert Badji les fracassantes r\u00e9v\u00e9lations de Cl\u00e9dor S\u00e8ne (Vid\u00e9o) - LE PUBLIC<\/title>\n<meta name=\"description\" content=\"Cl\u00e9dor S\u00e8ne a fait de fracassantes r\u00e9v\u00e9lations \u00e0 l&#039;\u00e9mission Matin Infos sur PUBLICSN TV. Alors invit\u00e9 de Aissatou Diop Fall, l&#039;activiste non moins leader du mouvement Claire Vision revient sur ce que pr\u00e9pare la famille de Didier Badji, cet adjudant-chef disparu il y a plus de deux mois.\" \/>\n<meta name=\"robots\" content=\"index, follow, max-snippet:-1, max-image-preview:large, max-video-preview:-1\" \/>\n<link rel=\"canonical\" href=\"https:\/\/www.public.sn\/index.php\/2023\/01\/17\/disparition-de-gilbert-badji-les-fracassantes-revelations-de-cledor-sene-video\/\" \/>\n<meta property=\"og:locale\" content=\"fr_FR\" \/>\n<meta property=\"og:type\" content=\"article\" \/>\n<meta property=\"og:title\" content=\"Disparition de Gilbert Badji les fracassantes r\u00e9v\u00e9lations de Cl\u00e9dor S\u00e8ne (Vid\u00e9o) - LE PUBLIC\" \/>\n<meta property=\"og:description\" content=\"Cl\u00e9dor S\u00e8ne a fait de fracassantes r\u00e9v\u00e9lations \u00e0 l&#039;\u00e9mission Matin Infos sur PUBLICSN TV. Alors invit\u00e9 de Aissatou Diop Fall, l&#039;activiste non moins leader du mouvement Claire Vision revient sur ce que pr\u00e9pare la famille de Didier Badji, cet adjudant-chef disparu il y a plus de deux mois.\" \/>\n<meta property=\"og:url\" content=\"https:\/\/www.public.sn\/index.php\/2023\/01\/17\/disparition-de-gilbert-badji-les-fracassantes-revelations-de-cledor-sene-video\/\" \/>\n<meta property=\"og:site_name\" content=\"LE PUBLIC\" \/>\n<meta property=\"article:published_time\" content=\"2023-01-17T19:33:47+00:00\" \/>\n<meta property=\"og:image\" content=\"https:\/\/www.public.sn\/wp-content\/uploads\/2023\/01\/WhatsApp-Image-2023-01-17-at-19.29.47.jpeg\" \/>\n\t<meta property=\"og:image:width\" content=\"1080\" \/>\n\t<meta property=\"og:image:height\" content=\"719\" \/>\n\t<meta property=\"og:image:type\" content=\"image\/jpeg\" \/>\n<meta name=\"author\" content=\"LA REDACTION\" \/>\n<meta name=\"twitter:card\" content=\"summary_large_image\" \/>\n<meta name=\"twitter:label1\" content=\"\u00c9crit par\" \/>\n\t<meta name=\"twitter:data1\" content=\"LA REDACTION\" \/>\n\t<meta name=\"twitter:label2\" content=\"Dur\u00e9e de lecture estim\u00e9e\" \/>\n\t<meta name=\"twitter:data2\" content=\"1 minute\" \/>\n<script type=\"application\/ld+json\" class=\"yoast-schema-graph\">{\"@context\":\"https:\/\/schema.org\",\"@graph\":[{\"@type\":\"Article\",\"@id\":\"https:\/\/www.public.sn\/index.php\/2023\/01\/17\/disparition-de-gilbert-badji-les-fracassantes-revelations-de-cledor-sene-video\/#article\",\"isPartOf\":{\"@id\":\"https:\/\/www.public.sn\/index.php\/2023\/01\/17\/disparition-de-gilbert-badji-les-fracassantes-revelations-de-cledor-sene-video\/\"},\"author\":{\"name\":\"LA REDACTION\",\"@id\":\"https:\/\/www.public.sn\/#\/schema\/person\/e3f4a11b037d4203902db148f9bc8d5a\"},\"headline\":\"Disparition de Gilbert Badji les fracassantes r\u00e9v\u00e9lations de Cl\u00e9dor S\u00e8ne (Vid\u00e9o)\",\"datePublished\":\"2023-01-17T19:33:47+00:00\",\"mainEntityOfPage\":{\"@id\":\"https:\/\/www.public.sn\/index.php\/2023\/01\/17\/disparition-de-gilbert-badji-les-fracassantes-revelations-de-cledor-sene-video\/\"},\"wordCount\":69,\"commentCount\":0,\"publisher\":{\"@id\":\"https:\/\/www.public.sn\/#organization\"},\"image\":{\"@id\":\"https:\/\/www.public.sn\/index.php\/2023\/01\/17\/disparition-de-gilbert-badji-les-fracassantes-revelations-de-cledor-sene-video\/#primaryimage\"},\"thumbnailUrl\":\"https:\/\/www.public.sn\/wp-content\/uploads\/2023\/01\/WhatsApp-Image-2023-01-17-at-19.29.47.jpeg\",\"keywords\":[\"Cl\u00e9dor S\u00e9ne\",\"Didier Badji\",\"fulbert sambou\"],\"articleSection\":[\"ACTUALIT\u00c9S\",\"POLITIQUE\",\"PUBLIC TV\",\"S\u00c9CURIT\u00c9 &amp; JUSTICE\",\"S\u00c9N\u00c9GAL\",\"VEDETTE\",\"VIDEOS\"],\"inLanguage\":\"fr-FR\",\"potentialAction\":[{\"@type\":\"CommentAction\",\"name\":\"Comment\",\"target\":[\"https:\/\/www.public.sn\/index.php\/2023\/01\/17\/disparition-de-gilbert-badji-les-fracassantes-revelations-de-cledor-sene-video\/#respond\"]}]},{\"@type\":\"WebPage\",\"@id\":\"https:\/\/www.public.sn\/index.php\/2023\/01\/17\/disparition-de-gilbert-badji-les-fracassantes-revelations-de-cledor-sene-video\/\",\"url\":\"https:\/\/www.public.sn\/index.php\/2023\/01\/17\/disparition-de-gilbert-badji-les-fracassantes-revelations-de-cledor-sene-video\/\",\"name\":\"Disparition de Gilbert Badji les fracassantes r\u00e9v\u00e9lations de Cl\u00e9dor S\u00e8ne (Vid\u00e9o) - LE PUBLIC\",\"isPartOf\":{\"@id\":\"https:\/\/www.public.sn\/#website\"},\"primaryImageOfPage\":{\"@id\":\"https:\/\/www.public.sn\/index.php\/2023\/01\/17\/disparition-de-gilbert-badji-les-fracassantes-revelations-de-cledor-sene-video\/#primaryimage\"},\"image\":{\"@id\":\"https:\/\/www.public.sn\/index.php\/2023\/01\/17\/disparition-de-gilbert-badji-les-fracassantes-revelations-de-cledor-sene-video\/#primaryimage\"},\"thumbnailUrl\":\"https:\/\/www.public.sn\/wp-content\/uploads\/2023\/01\/WhatsApp-Image-2023-01-17-at-19.29.47.jpeg\",\"datePublished\":\"2023-01-17T19:33:47+00:00\",\"description\":\"Cl\u00e9dor S\u00e8ne a fait de fracassantes r\u00e9v\u00e9lations \u00e0 l'\u00e9mission Matin Infos sur PUBLICSN TV. Alors invit\u00e9 de Aissatou Diop Fall, l'activiste non moins leader du mouvement Claire Vision revient sur ce que pr\u00e9pare la famille de Didier Badji, cet adjudant-chef disparu il y a plus de deux mois.\",\"breadcrumb\":{\"@id\":\"https:\/\/www.public.sn\/index.php\/2023\/01\/17\/disparition-de-gilbert-badji-les-fracassantes-revelations-de-cledor-sene-video\/#breadcrumb\"},\"inLanguage\":\"fr-FR\",\"potentialAction\":[{\"@type\":\"ReadAction\",\"target\":[\"https:\/\/www.public.sn\/index.php\/2023\/01\/17\/disparition-de-gilbert-badji-les-fracassantes-revelations-de-cledor-sene-video\/\"]}]},{\"@type\":\"ImageObject\",\"inLanguage\":\"fr-FR\",\"@id\":\"https:\/\/www.public.sn\/index.php\/2023\/01\/17\/disparition-de-gilbert-badji-les-fracassantes-revelations-de-cledor-sene-video\/#primaryimage\",\"url\":\"https:\/\/www.public.sn\/wp-content\/uploads\/2023\/01\/WhatsApp-Image-2023-01-17-at-19.29.47.jpeg\",\"contentUrl\":\"https:\/\/www.public.sn\/wp-content\/uploads\/2023\/01\/WhatsApp-Image-2023-01-17-at-19.29.47.jpeg\",\"width\":1080,\"height\":719},{\"@type\":\"BreadcrumbList\",\"@id\":\"https:\/\/www.public.sn\/index.php\/2023\/01\/17\/disparition-de-gilbert-badji-les-fracassantes-revelations-de-cledor-sene-video\/#breadcrumb\",\"itemListElement\":[{\"@type\":\"ListItem\",\"position\":1,\"name\":\"Accueil\",\"item\":\"https:\/\/www.public.sn\/\"},{\"@type\":\"ListItem\",\"position\":2,\"name\":\"Disparition de Gilbert Badji les fracassantes r\u00e9v\u00e9lations de Cl\u00e9dor S\u00e8ne (Vid\u00e9o)\"}]},{\"@type\":\"WebSite\",\"@id\":\"https:\/\/www.public.sn\/#website\",\"url\":\"https:\/\/www.public.sn\/\",\"name\":\"LE PUBLIC\",\"description\":\"\",\"publisher\":{\"@id\":\"https:\/\/www.public.sn\/#organization\"},\"potentialAction\":[{\"@type\":\"SearchAction\",\"target\":{\"@type\":\"EntryPoint\",\"urlTemplate\":\"https:\/\/www.public.sn\/?s={search_term_string}\"},\"query-input\":{\"@type\":\"PropertyValueSpecification\",\"valueRequired\":true,\"valueName\":\"search_term_string\"}}],\"inLanguage\":\"fr-FR\"},{\"@type\":\"Organization\",\"@id\":\"https:\/\/www.public.sn\/#organization\",\"name\":\"LE PUBLIC\",\"url\":\"https:\/\/www.public.sn\/\",\"logo\":{\"@type\":\"ImageObject\",\"inLanguage\":\"fr-FR\",\"@id\":\"https:\/\/www.public.sn\/#\/schema\/logo\/image\/\",\"url\":\"https:\/\/www.public.sn\/wp-content\/uploads\/2024\/05\/cropped-LOGO-PUBLIC.SN_.png\",\"contentUrl\":\"https:\/\/www.public.sn\/wp-content\/uploads\/2024\/05\/cropped-LOGO-PUBLIC.SN_.png\",\"width\":682,\"height\":192,\"caption\":\"LE PUBLIC\"},\"image\":{\"@id\":\"https:\/\/www.public.sn\/#\/schema\/logo\/image\/\"}},{\"@type\":\"Person\",\"@id\":\"https:\/\/www.public.sn\/#\/schema\/person\/e3f4a11b037d4203902db148f9bc8d5a\",\"name\":\"LA REDACTION\",\"image\":{\"@type\":\"ImageObject\",\"inLanguage\":\"fr-FR\",\"@id\":\"https:\/\/www.public.sn\/#\/schema\/person\/image\/\",\"url\":\"https:\/\/secure.gravatar.com\/avatar\/d6c030db45db2883c075085c5d6c6258654a801a93766b49af0b82d4f454e2a5?s=96&d=mm&r=g\",\"contentUrl\":\"https:\/\/secure.gravatar.com\/avatar\/d6c030db45db2883c075085c5d6c6258654a801a93766b49af0b82d4f454e2a5?s=96&d=mm&r=g\",\"caption\":\"LA REDACTION\"},\"sameAs\":[\"http:\/\/www.public.sn\"],\"url\":\"https:\/\/www.public.sn\/index.php\/author\/admin7324\/\"}]}<\/script>\n<!-- \/ Yoast SEO plugin. -->","yoast_head_json":{"title":"Disparition de Gilbert Badji les fracassantes r\u00e9v\u00e9lations de Cl\u00e9dor S\u00e8ne (Vid\u00e9o) - LE PUBLIC","description":"Cl\u00e9dor S\u00e8ne a fait de fracassantes r\u00e9v\u00e9lations \u00e0 l'\u00e9mission Matin Infos sur PUBLICSN TV. Alors invit\u00e9 de Aissatou Diop Fall, l'activiste non moins leader du mouvement Claire Vision revient sur ce que pr\u00e9pare la famille de Didier Badji, cet adjudant-chef disparu il y a plus de deux mois.","robots":{"index":"index","follow":"follow","max-snippet":"max-snippet:-1","max-image-preview":"max-image-preview:large","max-video-preview":"max-video-preview:-1"},"canonical":"https:\/\/www.public.sn\/index.php\/2023\/01\/17\/disparition-de-gilbert-badji-les-fracassantes-revelations-de-cledor-sene-video\/","og_locale":"fr_FR","og_type":"article","og_title":"Disparition de Gilbert Badji les fracassantes r\u00e9v\u00e9lations de Cl\u00e9dor S\u00e8ne (Vid\u00e9o) - LE PUBLIC","og_description":"Cl\u00e9dor S\u00e8ne a fait de fracassantes r\u00e9v\u00e9lations \u00e0 l'\u00e9mission Matin Infos sur PUBLICSN TV. Alors invit\u00e9 de Aissatou Diop Fall, l'activiste non moins leader du mouvement Claire Vision revient sur ce que pr\u00e9pare la famille de Didier Badji, cet adjudant-chef disparu il y a plus de deux mois.","og_url":"https:\/\/www.public.sn\/index.php\/2023\/01\/17\/disparition-de-gilbert-badji-les-fracassantes-revelations-de-cledor-sene-video\/","og_site_name":"LE PUBLIC","article_published_time":"2023-01-17T19:33:47+00:00","og_image":[{"width":1080,"height":719,"url":"https:\/\/www.public.sn\/wp-content\/uploads\/2023\/01\/WhatsApp-Image-2023-01-17-at-19.29.47.jpeg","type":"image\/jpeg"}],"author":"LA REDACTION","twitter_card":"summary_large_image","twitter_misc":{"\u00c9crit par":"LA REDACTION","Dur\u00e9e de lecture estim\u00e9e":"1 minute"},"schema":{"@context":"https:\/\/schema.org","@graph":[{"@type":"Article","@id":"https:\/\/www.public.sn\/index.php\/2023\/01\/17\/disparition-de-gilbert-badji-les-fracassantes-revelations-de-cledor-sene-video\/#article","isPartOf":{"@id":"https:\/\/www.public.sn\/index.php\/2023\/01\/17\/disparition-de-gilbert-badji-les-fracassantes-revelations-de-cledor-sene-video\/"},"author":{"name":"LA REDACTION","@id":"https:\/\/www.public.sn\/#\/schema\/person\/e3f4a11b037d4203902db148f9bc8d5a"},"headline":"Disparition de Gilbert Badji les fracassantes r\u00e9v\u00e9lations de Cl\u00e9dor S\u00e8ne (Vid\u00e9o)","datePublished":"2023-01-17T19:33:47+00:00","mainEntityOfPage":{"@id":"https:\/\/www.public.sn\/index.php\/2023\/01\/17\/disparition-de-gilbert-badji-les-fracassantes-revelations-de-cledor-sene-video\/"},"wordCount":69,"commentCount":0,"publisher":{"@id":"https:\/\/www.public.sn\/#organization"},"image":{"@id":"https:\/\/www.public.sn\/index.php\/2023\/01\/17\/disparition-de-gilbert-badji-les-fracassantes-revelations-de-cledor-sene-video\/#primaryimage"},"thumbnailUrl":"https:\/\/www.public.sn\/wp-content\/uploads\/2023\/01\/WhatsApp-Image-2023-01-17-at-19.29.47.jpeg","keywords":["Cl\u00e9dor S\u00e9ne","Didier Badji","fulbert sambou"],"articleSection":["ACTUALIT\u00c9S","POLITIQUE","PUBLIC TV","S\u00c9CURIT\u00c9 &amp; JUSTICE","S\u00c9N\u00c9GAL","VEDETTE","VIDEOS"],"inLanguage":"fr-FR","potentialAction":[{"@type":"CommentAction","name":"Comment","target":["https:\/\/www.public.sn\/index.php\/2023\/01\/17\/disparition-de-gilbert-badji-les-fracassantes-revelations-de-cledor-sene-video\/#respond"]}]},{"@type":"WebPage","@id":"https:\/\/www.public.sn\/index.php\/2023\/01\/17\/disparition-de-gilbert-badji-les-fracassantes-revelations-de-cledor-sene-video\/","url":"https:\/\/www.public.sn\/index.php\/2023\/01\/17\/disparition-de-gilbert-badji-les-fracassantes-revelations-de-cledor-sene-video\/","name":"Disparition de Gilbert Badji les fracassantes r\u00e9v\u00e9lations de Cl\u00e9dor S\u00e8ne (Vid\u00e9o) - LE PUBLIC","isPartOf":{"@id":"https:\/\/www.public.sn\/#website"},"primaryImageOfPage":{"@id":"https:\/\/www.public.sn\/index.php\/2023\/01\/17\/disparition-de-gilbert-badji-les-fracassantes-revelations-de-cledor-sene-video\/#primaryimage"},"image":{"@id":"https:\/\/www.public.sn\/index.php\/2023\/01\/17\/disparition-de-gilbert-badji-les-fracassantes-revelations-de-cledor-sene-video\/#primaryimage"},"thumbnailUrl":"https:\/\/www.public.sn\/wp-content\/uploads\/2023\/01\/WhatsApp-Image-2023-01-17-at-19.29.47.jpeg","datePublished":"2023-01-17T19:33:47+00:00","description":"Cl\u00e9dor S\u00e8ne a fait de fracassantes r\u00e9v\u00e9lations \u00e0 l'\u00e9mission Matin Infos sur PUBLICSN TV. Alors invit\u00e9 de Aissatou Diop Fall, l'activiste non moins leader du mouvement Claire Vision revient sur ce que pr\u00e9pare la famille de Didier Badji, cet adjudant-chef disparu il y a plus de deux mois.","breadcrumb":{"@id":"https:\/\/www.public.sn\/index.php\/2023\/01\/17\/disparition-de-gilbert-badji-les-fracassantes-revelations-de-cledor-sene-video\/#breadcrumb"},"inLanguage":"fr-FR","potentialAction":[{"@type":"ReadAction","target":["https:\/\/www.public.sn\/index.php\/2023\/01\/17\/disparition-de-gilbert-badji-les-fracassantes-revelations-de-cledor-sene-video\/"]}]},{"@type":"ImageObject","inLanguage":"fr-FR","@id":"https:\/\/www.public.sn\/index.php\/2023\/01\/17\/disparition-de-gilbert-badji-les-fracassantes-revelations-de-cledor-sene-video\/#primaryimage","url":"https:\/\/www.public.sn\/wp-content\/uploads\/2023\/01\/WhatsApp-Image-2023-01-17-at-19.29.47.jpeg","contentUrl":"https:\/\/www.public.sn\/wp-content\/uploads\/2023\/01\/WhatsApp-Image-2023-01-17-at-19.29.47.jpeg","width":1080,"height":719},{"@type":"BreadcrumbList","@id":"https:\/\/www.public.sn\/index.php\/2023\/01\/17\/disparition-de-gilbert-badji-les-fracassantes-revelations-de-cledor-sene-video\/#breadcrumb","itemListElement":[{"@type":"ListItem","position":1,"name":"Accueil","item":"https:\/\/www.public.sn\/"},{"@type":"ListItem","position":2,"name":"Disparition de Gilbert Badji les fracassantes r\u00e9v\u00e9lations de Cl\u00e9dor S\u00e8ne (Vid\u00e9o)"}]},{"@type":"WebSite","@id":"https:\/\/www.public.sn\/#website","url":"https:\/\/www.public.sn\/","name":"LE PUBLIC","description":"","publisher":{"@id":"https:\/\/www.public.sn\/#organization"},"potentialAction":[{"@type":"SearchAction","target":{"@type":"EntryPoint","urlTemplate":"https:\/\/www.public.sn\/?s={search_term_string}"},"query-input":{"@type":"PropertyValueSpecification","valueRequired":true,"valueName":"search_term_string"}}],"inLanguage":"fr-FR"},{"@type":"Organization","@id":"https:\/\/www.public.sn\/#organization","name":"LE PUBLIC","url":"https:\/\/www.public.sn\/","logo":{"@type":"ImageObject","inLanguage":"fr-FR","@id":"https:\/\/www.public.sn\/#\/schema\/logo\/image\/","url":"https:\/\/www.public.sn\/wp-content\/uploads\/2024\/05\/cropped-LOGO-PUBLIC.SN_.png","contentUrl":"https:\/\/www.public.sn\/wp-content\/uploads\/2024\/05\/cropped-LOGO-PUBLIC.SN_.png","width":682,"height":192,"caption":"LE PUBLIC"},"image":{"@id":"https:\/\/www.public.sn\/#\/schema\/logo\/image\/"}},{"@type":"Person","@id":"https:\/\/www.public.sn\/#\/schema\/person\/e3f4a11b037d4203902db148f9bc8d5a","name":"LA REDACTION","image":{"@type":"ImageObject","inLanguage":"fr-FR","@id":"https:\/\/www.public.sn\/#\/schema\/person\/image\/","url":"https:\/\/secure.gravatar.com\/avatar\/d6c030db45db2883c075085c5d6c6258654a801a93766b49af0b82d4f454e2a5?s=96&d=mm&r=g","contentUrl":"https:\/\/secure.gravatar.com\/avatar\/d6c030db45db2883c075085c5d6c6258654a801a93766b49af0b82d4f454e2a5?s=96&d=mm&r=g","caption":"LA REDACTION"},"sameAs":["http:\/\/www.public.sn"],"url":"https:\/\/www.public.sn\/index.php\/author\/admin7324\/"}]}},"jetpack_featured_media_url":"https:\/\/www.public.sn\/wp-content\/uploads\/2023\/01\/WhatsApp-Image-2023-01-17-at-19.29.47.jpeg","jetpack_sharing_enabled":true,"_links":{"self":[{"href":"https:\/\/www.public.sn\/index.php\/wp-json\/wp\/v2\/posts\/13803","targetHints":{"allow":["GET"]}}],"collection":[{"href":"https:\/\/www.public.sn\/index.php\/wp-json\/wp\/v2\/posts"}],"about":[{"href":"https:\/\/www.public.sn\/index.php\/wp-json\/wp\/v2\/types\/post"}],"author":[{"embeddable":true,"href":"https:\/\/www.public.sn\/index.php\/wp-json\/wp\/v2\/users\/1"}],"replies":[{"embeddable":true,"href":"https:\/\/www.public.sn\/index.php\/wp-json\/wp\/v2\/comments?post=13803"}],"version-history":[{"count":2,"href":"https:\/\/www.public.sn\/index.php\/wp-json\/wp\/v2\/posts\/13803\/revisions"}],"predecessor-version":[{"id":13805,"href":"https:\/\/www.public.sn\/index.php\/wp-json\/wp\/v2\/posts\/13803\/revisions\/13805"}],"wp:featuredmedia":[{"embeddable":true,"href":"https:\/\/www.public.sn\/index.php\/wp-json\/wp\/v2\/media\/13806"}],"wp:attachment":[{"href":"https:\/\/www.public.sn\/index.php\/wp-json\/wp\/v2\/media?parent=13803"}],"wp:term":[{"taxonomy":"category","embeddable":true,"href":"https:\/\/www.public.sn\/index.php\/wp-json\/wp\/v2\/categories?post=13803"},{"taxonomy":"post_tag","embeddable":true,"href":"https:\/\/www.public.sn\/index.php\/wp-json\/wp\/v2\/tags?post=13803"}],"curies":[{"name":"wp","href":"https:\/\/api.w.org\/{rel}","templated":true}]}}