{"id":13810,"date":"2023-01-17T21:55:51","date_gmt":"2023-01-17T21:55:51","guid":{"rendered":"https:\/\/www.public.sn\/?p=13810"},"modified":"2023-01-17T21:55:51","modified_gmt":"2023-01-17T21:55:51","slug":"les-insulteurs-du-web-qui-sont-quasiment-tous-de-pastef-ont-reussi-a-terroriser-les-tetes","status":"publish","type":"post","link":"https:\/\/www.public.sn\/index.php\/2023\/01\/17\/les-insulteurs-du-web-qui-sont-quasiment-tous-de-pastef-ont-reussi-a-terroriser-les-tetes\/","title":{"rendered":"\u00ab\u00a0Les insulteurs du Web qui sont quasiment tous de Pastef ont r\u00e9ussi \u00e0 terroriser les t\u00eates&#8230;\u00a0\u00bb"},"content":{"rendered":"<p><strong>\u00ab L\u2019homopastefensis manque de profondeur historique, de culture politique et d\u2019intelligence sociologique. Il a introduit dans le jeu politique, l\u2019irr\u00e9v\u00e9rence, l\u2019invective et l\u2019insulte voire la violence\u2026 Les insulteurs du Web qui sont quasiment tous de Pastef ont r\u00e9ussi \u00e0 terroriser les t\u00eates pensantes, les valeurs s\u00fbres de la soci\u00e9t\u00e9 civile et m\u00eame certains politiciens poltrons. La hantise d\u2019\u00eatre tra\u00een\u00e9e dans la boue les dissuade de participer au d\u00e9bat. Dans la t\u00eate de l\u2019homopastefensis, le monde est divis\u00e9 entre les biens qui soutiennent Sonko et les m\u00e9chants qui ne le soutiennent pas \u00bb., dixit Cheikh Y\u00e9rim Seck dans son livre intitul\u00e9 \u00ab\u00a0Macky Sall face \u00e0 l\u2019histoire\u00a0\u00bb<\/strong><\/p><div class=\"publi-paragraphe1\" style=\"margin-top: 10px;margin-bottom: 10px;margin-left: auto;margin-right: auto;text-align: center;\" id=\"publi-341783724\"><div class=\"publi-adlabel\">Publicit\u00e9<\/div><script async src=\"\/\/pagead2.googlesyndication.com\/pagead\/js\/adsbygoogle.js?client=ca-pub-4089586018074219\" crossorigin=\"anonymous\"><\/script><ins class=\"adsbygoogle\" style=\"display:block;\" data-ad-client=\"ca-pub-4089586018074219\" \ndata-ad-slot=\"2087940154\" \ndata-ad-format=\"auto\"><\/ins>\n<script> \n(adsbygoogle = window.adsbygoogle || []).push({}); \n<\/script>\n<\/div>\n<div class=\"publi-apres-le-contenu\" style=\"margin-top: 10px;margin-bottom: 10px;margin-left: auto;margin-right: auto;text-align: center;\" id=\"publi-39584626\"><div class=\"publi-adlabel\">Publicit\u00e9<\/div><script async src=\"\/\/pagead2.googlesyndication.com\/pagead\/js\/adsbygoogle.js?client=ca-pub-4089586018074219\" crossorigin=\"anonymous\"><\/script><ins class=\"adsbygoogle\" style=\"display:block;\" data-ad-client=\"ca-pub-4089586018074219\" \ndata-ad-slot=\"2087940154\" \ndata-ad-format=\"auto\"><\/ins>\n<script> \n(adsbygoogle = window.adsbygoogle || []).push({}); \n<\/script>\n<\/div>","protected":false},"excerpt":{"rendered":"<p>\u00ab L\u2019homopastefensis manque de profondeur historique, de culture politique et d\u2019intelligence sociologique. Il a introduit dans le jeu politique, l\u2019irr\u00e9v\u00e9rence, l\u2019invective et l\u2019insulte voire la violence\u2026 Les insulteurs du Web qui sont quasiment tous de Pastef ont r\u00e9ussi \u00e0 terroriser les t\u00eates pensantes, les valeurs s\u00fbres de la soci\u00e9t\u00e9 civile et m\u00eame certains politiciens poltrons. La hantise d\u2019\u00eatre tra\u00een\u00e9e dans la boue les dissuade de participer au d\u00e9bat. Dans la t\u00eate de l\u2019homopastefensis, le monde est divis\u00e9 entre les biens qui soutiennent Sonko et les m\u00e9chants qui ne le soutiennent pas \u00bb., dixit Cheikh Y\u00e9rim Seck dans son livre intitul\u00e9 \u00ab\u00a0Macky Sall face \u00e0 l\u2019histoire\u00a0\u00bb<\/p>\n","protected":false},"author":1,"featured_media":13573,"comment_status":"open","ping_status":"open","sticky":false,"template":"","format":"standard","meta":{"_jetpack_memberships_contains_paid_content":false,"footnotes":""},"categories":[375,3,1,372],"tags":[1507,1037,672],"class_list":["post-13810","post","type-post","status-publish","format-standard","has-post-thumbnail","hentry","category-actualites","category-politique","category-non-classe","category-vedette","tag-cheikh-yerim-seck","tag-insultes","tag-pastef","entry","has-media","owp-thumbs-layout-horizontal","owp-btn-normal","owp-tabs-layout-horizontal","has-no-thumbnails","has-product-nav"],"yoast_head":"<!-- This site is optimized with the Yoast SEO plugin v25.5 - https:\/\/yoast.com\/wordpress\/plugins\/seo\/ -->\n<title>&quot;Les insulteurs du Web qui sont quasiment tous de Pastef ont r\u00e9ussi \u00e0 terroriser les t\u00eates...&quot; - LE PUBLIC<\/title>\n<meta name=\"robots\" content=\"index, follow, max-snippet:-1, max-image-preview:large, max-video-preview:-1\" \/>\n<link rel=\"canonical\" href=\"https:\/\/www.public.sn\/index.php\/2023\/01\/17\/les-insulteurs-du-web-qui-sont-quasiment-tous-de-pastef-ont-reussi-a-terroriser-les-tetes\/\" \/>\n<meta property=\"og:locale\" content=\"fr_FR\" \/>\n<meta property=\"og:type\" content=\"article\" \/>\n<meta property=\"og:title\" content=\"&quot;Les insulteurs du Web qui sont quasiment tous de Pastef ont r\u00e9ussi \u00e0 terroriser les t\u00eates...&quot; - LE PUBLIC\" \/>\n<meta property=\"og:description\" content=\"\u00ab L\u2019homopastefensis manque de profondeur historique, de culture politique et d\u2019intelligence sociologique. Il a introduit dans le jeu politique, l\u2019irr\u00e9v\u00e9rence, l\u2019invective et l\u2019insulte voire la violence\u2026 Les insulteurs du Web qui sont quasiment tous de Pastef ont r\u00e9ussi \u00e0 terroriser les t\u00eates pensantes, les valeurs s\u00fbres de la soci\u00e9t\u00e9 civile et m\u00eame certains politiciens poltrons. La hantise d\u2019\u00eatre tra\u00een\u00e9e dans la boue les dissuade de participer au d\u00e9bat. Dans la t\u00eate de l\u2019homopastefensis, le monde est divis\u00e9 entre les biens qui soutiennent Sonko et les m\u00e9chants qui ne le soutiennent pas \u00bb., dixit Cheikh Y\u00e9rim Seck dans son livre intitul\u00e9 \u00ab\u00a0Macky Sall face \u00e0 l\u2019histoire\u00a0\u00bb\" \/>\n<meta property=\"og:url\" content=\"https:\/\/www.public.sn\/index.php\/2023\/01\/17\/les-insulteurs-du-web-qui-sont-quasiment-tous-de-pastef-ont-reussi-a-terroriser-les-tetes\/\" \/>\n<meta property=\"og:site_name\" content=\"LE PUBLIC\" \/>\n<meta property=\"article:published_time\" content=\"2023-01-17T21:55:51+00:00\" \/>\n<meta property=\"og:image\" content=\"https:\/\/www.public.sn\/wp-content\/uploads\/2023\/01\/cheikh-yerim.jpg\" \/>\n\t<meta property=\"og:image:width\" content=\"620\" \/>\n\t<meta property=\"og:image:height\" content=\"400\" \/>\n\t<meta property=\"og:image:type\" content=\"image\/jpeg\" \/>\n<meta name=\"author\" content=\"LA REDACTION\" \/>\n<meta name=\"twitter:card\" content=\"summary_large_image\" \/>\n<meta name=\"twitter:label1\" content=\"\u00c9crit par\" \/>\n\t<meta name=\"twitter:data1\" content=\"LA REDACTION\" \/>\n\t<meta name=\"twitter:label2\" content=\"Dur\u00e9e de lecture estim\u00e9e\" \/>\n\t<meta name=\"twitter:data2\" content=\"1 minute\" \/>\n<script type=\"application\/ld+json\" class=\"yoast-schema-graph\">{\"@context\":\"https:\/\/schema.org\",\"@graph\":[{\"@type\":\"Article\",\"@id\":\"https:\/\/www.public.sn\/index.php\/2023\/01\/17\/les-insulteurs-du-web-qui-sont-quasiment-tous-de-pastef-ont-reussi-a-terroriser-les-tetes\/#article\",\"isPartOf\":{\"@id\":\"https:\/\/www.public.sn\/index.php\/2023\/01\/17\/les-insulteurs-du-web-qui-sont-quasiment-tous-de-pastef-ont-reussi-a-terroriser-les-tetes\/\"},\"author\":{\"name\":\"LA REDACTION\",\"@id\":\"https:\/\/www.public.sn\/#\/schema\/person\/e3f4a11b037d4203902db148f9bc8d5a\"},\"headline\":\"\u00ab\u00a0Les insulteurs du Web qui sont quasiment tous de Pastef ont r\u00e9ussi \u00e0 terroriser les t\u00eates&#8230;\u00a0\u00bb\",\"datePublished\":\"2023-01-17T21:55:51+00:00\",\"mainEntityOfPage\":{\"@id\":\"https:\/\/www.public.sn\/index.php\/2023\/01\/17\/les-insulteurs-du-web-qui-sont-quasiment-tous-de-pastef-ont-reussi-a-terroriser-les-tetes\/\"},\"wordCount\":139,\"commentCount\":0,\"publisher\":{\"@id\":\"https:\/\/www.public.sn\/#organization\"},\"image\":{\"@id\":\"https:\/\/www.public.sn\/index.php\/2023\/01\/17\/les-insulteurs-du-web-qui-sont-quasiment-tous-de-pastef-ont-reussi-a-terroriser-les-tetes\/#primaryimage\"},\"thumbnailUrl\":\"https:\/\/www.public.sn\/wp-content\/uploads\/2023\/01\/cheikh-yerim.jpg\",\"keywords\":[\"Cheikh Yerim Seck\",\"insultes\",\"Pastef\"],\"articleSection\":[\"ACTUALIT\u00c9S\",\"POLITIQUE\",\"S\u00c9N\u00c9GAL\",\"VEDETTE\"],\"inLanguage\":\"fr-FR\",\"potentialAction\":[{\"@type\":\"CommentAction\",\"name\":\"Comment\",\"target\":[\"https:\/\/www.public.sn\/index.php\/2023\/01\/17\/les-insulteurs-du-web-qui-sont-quasiment-tous-de-pastef-ont-reussi-a-terroriser-les-tetes\/#respond\"]}]},{\"@type\":\"WebPage\",\"@id\":\"https:\/\/www.public.sn\/index.php\/2023\/01\/17\/les-insulteurs-du-web-qui-sont-quasiment-tous-de-pastef-ont-reussi-a-terroriser-les-tetes\/\",\"url\":\"https:\/\/www.public.sn\/index.php\/2023\/01\/17\/les-insulteurs-du-web-qui-sont-quasiment-tous-de-pastef-ont-reussi-a-terroriser-les-tetes\/\",\"name\":\"\\\"Les insulteurs du Web qui sont quasiment tous de Pastef ont r\u00e9ussi \u00e0 terroriser les t\u00eates...\\\" - LE PUBLIC\",\"isPartOf\":{\"@id\":\"https:\/\/www.public.sn\/#website\"},\"primaryImageOfPage\":{\"@id\":\"https:\/\/www.public.sn\/index.php\/2023\/01\/17\/les-insulteurs-du-web-qui-sont-quasiment-tous-de-pastef-ont-reussi-a-terroriser-les-tetes\/#primaryimage\"},\"image\":{\"@id\":\"https:\/\/www.public.sn\/index.php\/2023\/01\/17\/les-insulteurs-du-web-qui-sont-quasiment-tous-de-pastef-ont-reussi-a-terroriser-les-tetes\/#primaryimage\"},\"thumbnailUrl\":\"https:\/\/www.public.sn\/wp-content\/uploads\/2023\/01\/cheikh-yerim.jpg\",\"datePublished\":\"2023-01-17T21:55:51+00:00\",\"breadcrumb\":{\"@id\":\"https:\/\/www.public.sn\/index.php\/2023\/01\/17\/les-insulteurs-du-web-qui-sont-quasiment-tous-de-pastef-ont-reussi-a-terroriser-les-tetes\/#breadcrumb\"},\"inLanguage\":\"fr-FR\",\"potentialAction\":[{\"@type\":\"ReadAction\",\"target\":[\"https:\/\/www.public.sn\/index.php\/2023\/01\/17\/les-insulteurs-du-web-qui-sont-quasiment-tous-de-pastef-ont-reussi-a-terroriser-les-tetes\/\"]}]},{\"@type\":\"ImageObject\",\"inLanguage\":\"fr-FR\",\"@id\":\"https:\/\/www.public.sn\/index.php\/2023\/01\/17\/les-insulteurs-du-web-qui-sont-quasiment-tous-de-pastef-ont-reussi-a-terroriser-les-tetes\/#primaryimage\",\"url\":\"https:\/\/www.public.sn\/wp-content\/uploads\/2023\/01\/cheikh-yerim.jpg\",\"contentUrl\":\"https:\/\/www.public.sn\/wp-content\/uploads\/2023\/01\/cheikh-yerim.jpg\",\"width\":620,\"height\":400},{\"@type\":\"BreadcrumbList\",\"@id\":\"https:\/\/www.public.sn\/index.php\/2023\/01\/17\/les-insulteurs-du-web-qui-sont-quasiment-tous-de-pastef-ont-reussi-a-terroriser-les-tetes\/#breadcrumb\",\"itemListElement\":[{\"@type\":\"ListItem\",\"position\":1,\"name\":\"Accueil\",\"item\":\"https:\/\/www.public.sn\/\"},{\"@type\":\"ListItem\",\"position\":2,\"name\":\"\u00ab\u00a0Les insulteurs du Web qui sont quasiment tous de Pastef ont r\u00e9ussi \u00e0 terroriser les t\u00eates&#8230;\u00a0\u00bb\"}]},{\"@type\":\"WebSite\",\"@id\":\"https:\/\/www.public.sn\/#website\",\"url\":\"https:\/\/www.public.sn\/\",\"name\":\"LE PUBLIC\",\"description\":\"\",\"publisher\":{\"@id\":\"https:\/\/www.public.sn\/#organization\"},\"potentialAction\":[{\"@type\":\"SearchAction\",\"target\":{\"@type\":\"EntryPoint\",\"urlTemplate\":\"https:\/\/www.public.sn\/?s={search_term_string}\"},\"query-input\":{\"@type\":\"PropertyValueSpecification\",\"valueRequired\":true,\"valueName\":\"search_term_string\"}}],\"inLanguage\":\"fr-FR\"},{\"@type\":\"Organization\",\"@id\":\"https:\/\/www.public.sn\/#organization\",\"name\":\"LE PUBLIC\",\"url\":\"https:\/\/www.public.sn\/\",\"logo\":{\"@type\":\"ImageObject\",\"inLanguage\":\"fr-FR\",\"@id\":\"https:\/\/www.public.sn\/#\/schema\/logo\/image\/\",\"url\":\"https:\/\/www.public.sn\/wp-content\/uploads\/2024\/05\/cropped-LOGO-PUBLIC.SN_.png\",\"contentUrl\":\"https:\/\/www.public.sn\/wp-content\/uploads\/2024\/05\/cropped-LOGO-PUBLIC.SN_.png\",\"width\":682,\"height\":192,\"caption\":\"LE PUBLIC\"},\"image\":{\"@id\":\"https:\/\/www.public.sn\/#\/schema\/logo\/image\/\"}},{\"@type\":\"Person\",\"@id\":\"https:\/\/www.public.sn\/#\/schema\/person\/e3f4a11b037d4203902db148f9bc8d5a\",\"name\":\"LA REDACTION\",\"image\":{\"@type\":\"ImageObject\",\"inLanguage\":\"fr-FR\",\"@id\":\"https:\/\/www.public.sn\/#\/schema\/person\/image\/\",\"url\":\"https:\/\/secure.gravatar.com\/avatar\/d6c030db45db2883c075085c5d6c6258654a801a93766b49af0b82d4f454e2a5?s=96&d=mm&r=g\",\"contentUrl\":\"https:\/\/secure.gravatar.com\/avatar\/d6c030db45db2883c075085c5d6c6258654a801a93766b49af0b82d4f454e2a5?s=96&d=mm&r=g\",\"caption\":\"LA REDACTION\"},\"sameAs\":[\"http:\/\/www.public.sn\"],\"url\":\"https:\/\/www.public.sn\/index.php\/author\/admin7324\/\"}]}<\/script>\n<!-- \/ Yoast SEO plugin. -->","yoast_head_json":{"title":"\"Les insulteurs du Web qui sont quasiment tous de Pastef ont r\u00e9ussi \u00e0 terroriser les t\u00eates...\" - LE PUBLIC","robots":{"index":"index","follow":"follow","max-snippet":"max-snippet:-1","max-image-preview":"max-image-preview:large","max-video-preview":"max-video-preview:-1"},"canonical":"https:\/\/www.public.sn\/index.php\/2023\/01\/17\/les-insulteurs-du-web-qui-sont-quasiment-tous-de-pastef-ont-reussi-a-terroriser-les-tetes\/","og_locale":"fr_FR","og_type":"article","og_title":"\"Les insulteurs du Web qui sont quasiment tous de Pastef ont r\u00e9ussi \u00e0 terroriser les t\u00eates...\" - LE PUBLIC","og_description":"\u00ab L\u2019homopastefensis manque de profondeur historique, de culture politique et d\u2019intelligence sociologique. Il a introduit dans le jeu politique, l\u2019irr\u00e9v\u00e9rence, l\u2019invective et l\u2019insulte voire la violence\u2026 Les insulteurs du Web qui sont quasiment tous de Pastef ont r\u00e9ussi \u00e0 terroriser les t\u00eates pensantes, les valeurs s\u00fbres de la soci\u00e9t\u00e9 civile et m\u00eame certains politiciens poltrons. La hantise d\u2019\u00eatre tra\u00een\u00e9e dans la boue les dissuade de participer au d\u00e9bat. Dans la t\u00eate de l\u2019homopastefensis, le monde est divis\u00e9 entre les biens qui soutiennent Sonko et les m\u00e9chants qui ne le soutiennent pas \u00bb., dixit Cheikh Y\u00e9rim Seck dans son livre intitul\u00e9 \u00ab\u00a0Macky Sall face \u00e0 l\u2019histoire\u00a0\u00bb","og_url":"https:\/\/www.public.sn\/index.php\/2023\/01\/17\/les-insulteurs-du-web-qui-sont-quasiment-tous-de-pastef-ont-reussi-a-terroriser-les-tetes\/","og_site_name":"LE PUBLIC","article_published_time":"2023-01-17T21:55:51+00:00","og_image":[{"width":620,"height":400,"url":"https:\/\/www.public.sn\/wp-content\/uploads\/2023\/01\/cheikh-yerim.jpg","type":"image\/jpeg"}],"author":"LA REDACTION","twitter_card":"summary_large_image","twitter_misc":{"\u00c9crit par":"LA REDACTION","Dur\u00e9e de lecture estim\u00e9e":"1 minute"},"schema":{"@context":"https:\/\/schema.org","@graph":[{"@type":"Article","@id":"https:\/\/www.public.sn\/index.php\/2023\/01\/17\/les-insulteurs-du-web-qui-sont-quasiment-tous-de-pastef-ont-reussi-a-terroriser-les-tetes\/#article","isPartOf":{"@id":"https:\/\/www.public.sn\/index.php\/2023\/01\/17\/les-insulteurs-du-web-qui-sont-quasiment-tous-de-pastef-ont-reussi-a-terroriser-les-tetes\/"},"author":{"name":"LA REDACTION","@id":"https:\/\/www.public.sn\/#\/schema\/person\/e3f4a11b037d4203902db148f9bc8d5a"},"headline":"\u00ab\u00a0Les insulteurs du Web qui sont quasiment tous de Pastef ont r\u00e9ussi \u00e0 terroriser les t\u00eates&#8230;\u00a0\u00bb","datePublished":"2023-01-17T21:55:51+00:00","mainEntityOfPage":{"@id":"https:\/\/www.public.sn\/index.php\/2023\/01\/17\/les-insulteurs-du-web-qui-sont-quasiment-tous-de-pastef-ont-reussi-a-terroriser-les-tetes\/"},"wordCount":139,"commentCount":0,"publisher":{"@id":"https:\/\/www.public.sn\/#organization"},"image":{"@id":"https:\/\/www.public.sn\/index.php\/2023\/01\/17\/les-insulteurs-du-web-qui-sont-quasiment-tous-de-pastef-ont-reussi-a-terroriser-les-tetes\/#primaryimage"},"thumbnailUrl":"https:\/\/www.public.sn\/wp-content\/uploads\/2023\/01\/cheikh-yerim.jpg","keywords":["Cheikh Yerim Seck","insultes","Pastef"],"articleSection":["ACTUALIT\u00c9S","POLITIQUE","S\u00c9N\u00c9GAL","VEDETTE"],"inLanguage":"fr-FR","potentialAction":[{"@type":"CommentAction","name":"Comment","target":["https:\/\/www.public.sn\/index.php\/2023\/01\/17\/les-insulteurs-du-web-qui-sont-quasiment-tous-de-pastef-ont-reussi-a-terroriser-les-tetes\/#respond"]}]},{"@type":"WebPage","@id":"https:\/\/www.public.sn\/index.php\/2023\/01\/17\/les-insulteurs-du-web-qui-sont-quasiment-tous-de-pastef-ont-reussi-a-terroriser-les-tetes\/","url":"https:\/\/www.public.sn\/index.php\/2023\/01\/17\/les-insulteurs-du-web-qui-sont-quasiment-tous-de-pastef-ont-reussi-a-terroriser-les-tetes\/","name":"\"Les insulteurs du Web qui sont quasiment tous de Pastef ont r\u00e9ussi \u00e0 terroriser les t\u00eates...\" - LE PUBLIC","isPartOf":{"@id":"https:\/\/www.public.sn\/#website"},"primaryImageOfPage":{"@id":"https:\/\/www.public.sn\/index.php\/2023\/01\/17\/les-insulteurs-du-web-qui-sont-quasiment-tous-de-pastef-ont-reussi-a-terroriser-les-tetes\/#primaryimage"},"image":{"@id":"https:\/\/www.public.sn\/index.php\/2023\/01\/17\/les-insulteurs-du-web-qui-sont-quasiment-tous-de-pastef-ont-reussi-a-terroriser-les-tetes\/#primaryimage"},"thumbnailUrl":"https:\/\/www.public.sn\/wp-content\/uploads\/2023\/01\/cheikh-yerim.jpg","datePublished":"2023-01-17T21:55:51+00:00","breadcrumb":{"@id":"https:\/\/www.public.sn\/index.php\/2023\/01\/17\/les-insulteurs-du-web-qui-sont-quasiment-tous-de-pastef-ont-reussi-a-terroriser-les-tetes\/#breadcrumb"},"inLanguage":"fr-FR","potentialAction":[{"@type":"ReadAction","target":["https:\/\/www.public.sn\/index.php\/2023\/01\/17\/les-insulteurs-du-web-qui-sont-quasiment-tous-de-pastef-ont-reussi-a-terroriser-les-tetes\/"]}]},{"@type":"ImageObject","inLanguage":"fr-FR","@id":"https:\/\/www.public.sn\/index.php\/2023\/01\/17\/les-insulteurs-du-web-qui-sont-quasiment-tous-de-pastef-ont-reussi-a-terroriser-les-tetes\/#primaryimage","url":"https:\/\/www.public.sn\/wp-content\/uploads\/2023\/01\/cheikh-yerim.jpg","contentUrl":"https:\/\/www.public.sn\/wp-content\/uploads\/2023\/01\/cheikh-yerim.jpg","width":620,"height":400},{"@type":"BreadcrumbList","@id":"https:\/\/www.public.sn\/index.php\/2023\/01\/17\/les-insulteurs-du-web-qui-sont-quasiment-tous-de-pastef-ont-reussi-a-terroriser-les-tetes\/#breadcrumb","itemListElement":[{"@type":"ListItem","position":1,"name":"Accueil","item":"https:\/\/www.public.sn\/"},{"@type":"ListItem","position":2,"name":"\u00ab\u00a0Les insulteurs du Web qui sont quasiment tous de Pastef ont r\u00e9ussi \u00e0 terroriser les t\u00eates&#8230;\u00a0\u00bb"}]},{"@type":"WebSite","@id":"https:\/\/www.public.sn\/#website","url":"https:\/\/www.public.sn\/","name":"LE PUBLIC","description":"","publisher":{"@id":"https:\/\/www.public.sn\/#organization"},"potentialAction":[{"@type":"SearchAction","target":{"@type":"EntryPoint","urlTemplate":"https:\/\/www.public.sn\/?s={search_term_string}"},"query-input":{"@type":"PropertyValueSpecification","valueRequired":true,"valueName":"search_term_string"}}],"inLanguage":"fr-FR"},{"@type":"Organization","@id":"https:\/\/www.public.sn\/#organization","name":"LE PUBLIC","url":"https:\/\/www.public.sn\/","logo":{"@type":"ImageObject","inLanguage":"fr-FR","@id":"https:\/\/www.public.sn\/#\/schema\/logo\/image\/","url":"https:\/\/www.public.sn\/wp-content\/uploads\/2024\/05\/cropped-LOGO-PUBLIC.SN_.png","contentUrl":"https:\/\/www.public.sn\/wp-content\/uploads\/2024\/05\/cropped-LOGO-PUBLIC.SN_.png","width":682,"height":192,"caption":"LE PUBLIC"},"image":{"@id":"https:\/\/www.public.sn\/#\/schema\/logo\/image\/"}},{"@type":"Person","@id":"https:\/\/www.public.sn\/#\/schema\/person\/e3f4a11b037d4203902db148f9bc8d5a","name":"LA REDACTION","image":{"@type":"ImageObject","inLanguage":"fr-FR","@id":"https:\/\/www.public.sn\/#\/schema\/person\/image\/","url":"https:\/\/secure.gravatar.com\/avatar\/d6c030db45db2883c075085c5d6c6258654a801a93766b49af0b82d4f454e2a5?s=96&d=mm&r=g","contentUrl":"https:\/\/secure.gravatar.com\/avatar\/d6c030db45db2883c075085c5d6c6258654a801a93766b49af0b82d4f454e2a5?s=96&d=mm&r=g","caption":"LA REDACTION"},"sameAs":["http:\/\/www.public.sn"],"url":"https:\/\/www.public.sn\/index.php\/author\/admin7324\/"}]}},"jetpack_featured_media_url":"https:\/\/www.public.sn\/wp-content\/uploads\/2023\/01\/cheikh-yerim.jpg","jetpack_sharing_enabled":true,"_links":{"self":[{"href":"https:\/\/www.public.sn\/index.php\/wp-json\/wp\/v2\/posts\/13810","targetHints":{"allow":["GET"]}}],"collection":[{"href":"https:\/\/www.public.sn\/index.php\/wp-json\/wp\/v2\/posts"}],"about":[{"href":"https:\/\/www.public.sn\/index.php\/wp-json\/wp\/v2\/types\/post"}],"author":[{"embeddable":true,"href":"https:\/\/www.public.sn\/index.php\/wp-json\/wp\/v2\/users\/1"}],"replies":[{"embeddable":true,"href":"https:\/\/www.public.sn\/index.php\/wp-json\/wp\/v2\/comments?post=13810"}],"version-history":[{"count":1,"href":"https:\/\/www.public.sn\/index.php\/wp-json\/wp\/v2\/posts\/13810\/revisions"}],"predecessor-version":[{"id":13811,"href":"https:\/\/www.public.sn\/index.php\/wp-json\/wp\/v2\/posts\/13810\/revisions\/13811"}],"wp:featuredmedia":[{"embeddable":true,"href":"https:\/\/www.public.sn\/index.php\/wp-json\/wp\/v2\/media\/13573"}],"wp:attachment":[{"href":"https:\/\/www.public.sn\/index.php\/wp-json\/wp\/v2\/media?parent=13810"}],"wp:term":[{"taxonomy":"category","embeddable":true,"href":"https:\/\/www.public.sn\/index.php\/wp-json\/wp\/v2\/categories?post=13810"},{"taxonomy":"post_tag","embeddable":true,"href":"https:\/\/www.public.sn\/index.php\/wp-json\/wp\/v2\/tags?post=13810"}],"curies":[{"name":"wp","href":"https:\/\/api.w.org\/{rel}","templated":true}]}}