{"id":13812,"date":"2023-01-17T23:35:20","date_gmt":"2023-01-17T23:35:20","guid":{"rendered":"https:\/\/www.public.sn\/?p=13812"},"modified":"2023-01-17T23:35:20","modified_gmt":"2023-01-17T23:35:20","slug":"emouvant-le-fort-message-de-adf-aux-senegalais-les-amis-de-sonko-en-particulier-regardez","status":"publish","type":"post","link":"https:\/\/www.public.sn\/index.php\/2023\/01\/17\/emouvant-le-fort-message-de-adf-aux-senegalais-les-amis-de-sonko-en-particulier-regardez\/","title":{"rendered":"\u00c9mouvant, le fort message de ADF aux S\u00e9n\u00e9galais, les amis de Sonko en particulier. Regardez"},"content":{"rendered":"<p><strong>C&rsquo;est vraiment fort ce qu&rsquo;a fait Aissatou Diop Fall ce mardi matin. A l&rsquo;\u00e9mission Matin Infos, elle appelle en direct les S\u00e9n\u00e9galais, les \u00ab\u00a0past\u00e9fiens\u00a0\u00bb en particulier \u00e0 participer au d\u00e9veloppement de son organe Public TV m\u00eame si tout le monde sait que beaucoup de jeunes de ce parti croient qu&rsquo;elle est contre leur mentor.<\/strong><\/p><div class=\"publi-paragraphe1\" style=\"margin-top: 10px;margin-bottom: 10px;margin-left: auto;margin-right: auto;text-align: center;\" id=\"publi-267233893\"><div class=\"publi-adlabel\">Publicit\u00e9<\/div><script async src=\"\/\/pagead2.googlesyndication.com\/pagead\/js\/adsbygoogle.js?client=ca-pub-4089586018074219\" crossorigin=\"anonymous\"><\/script><ins class=\"adsbygoogle\" style=\"display:block;\" data-ad-client=\"ca-pub-4089586018074219\" \ndata-ad-slot=\"2087940154\" \ndata-ad-format=\"auto\"><\/ins>\n<script> \n(adsbygoogle = window.adsbygoogle || []).push({}); \n<\/script>\n<\/div>\n<p>Regardez!<\/p>\n<p><iframe title=\"\u00c9mouvant, le fort message de ADF aux S\u00e9n\u00e9galais, les amis de Sonko en particulier Regardez\" src=\"https:\/\/www.youtube.com\/embed\/wQvknOXLgPM\" width=\"853\" height=\"480\" frameborder=\"0\" allowfullscreen=\"allowfullscreen\"><\/iframe><\/p>\n<div class=\"publi-apres-le-contenu\" style=\"margin-top: 10px;margin-bottom: 10px;margin-left: auto;margin-right: auto;text-align: center;\" id=\"publi-3943103772\"><div class=\"publi-adlabel\">Publicit\u00e9<\/div><script async src=\"\/\/pagead2.googlesyndication.com\/pagead\/js\/adsbygoogle.js?client=ca-pub-4089586018074219\" crossorigin=\"anonymous\"><\/script><ins class=\"adsbygoogle\" style=\"display:block;\" data-ad-client=\"ca-pub-4089586018074219\" \ndata-ad-slot=\"2087940154\" \ndata-ad-format=\"auto\"><\/ins>\n<script> \n(adsbygoogle = window.adsbygoogle || []).push({}); \n<\/script>\n<\/div>","protected":false},"excerpt":{"rendered":"<p>C&rsquo;est vraiment fort ce qu&rsquo;a fait Aissatou Diop Fall ce mardi matin. A l&rsquo;\u00e9mission Matin Infos, elle appelle en direct les S\u00e9n\u00e9galais, les \u00ab\u00a0past\u00e9fiens\u00a0\u00bb en particulier \u00e0 participer au d\u00e9veloppement de son organe Public TV m\u00eame si tout le monde sait que beaucoup de jeunes de ce parti croient qu&rsquo;elle est contre leur mentor. Regardez!<\/p>\n","protected":false},"author":1,"featured_media":13808,"comment_status":"open","ping_status":"open","sticky":false,"template":"","format":"standard","meta":{"_jetpack_memberships_contains_paid_content":false,"footnotes":""},"categories":[375,961,3,8,1,372,6],"tags":[3141,4125,306],"class_list":["post-13812","post","type-post","status-publish","format-standard","has-post-thumbnail","hentry","category-actualites","category-medias","category-politique","category-public-tv","category-non-classe","category-vedette","category-videos","tag-aissatou-diop-fall","tag-public-tv","tag-sonko","entry","has-media","owp-thumbs-layout-horizontal","owp-btn-normal","owp-tabs-layout-horizontal","has-no-thumbnails","has-product-nav"],"yoast_head":"<!-- This site is optimized with the Yoast SEO plugin v25.5 - https:\/\/yoast.com\/wordpress\/plugins\/seo\/ -->\n<title>\u00c9mouvant, le fort message de ADF aux S\u00e9n\u00e9galais, les amis de Sonko en particulier. Regardez - LE PUBLIC<\/title>\n<meta name=\"robots\" content=\"index, follow, max-snippet:-1, max-image-preview:large, max-video-preview:-1\" \/>\n<link rel=\"canonical\" href=\"https:\/\/www.public.sn\/index.php\/2023\/01\/17\/emouvant-le-fort-message-de-adf-aux-senegalais-les-amis-de-sonko-en-particulier-regardez\/\" \/>\n<meta property=\"og:locale\" content=\"fr_FR\" \/>\n<meta property=\"og:type\" content=\"article\" \/>\n<meta property=\"og:title\" content=\"\u00c9mouvant, le fort message de ADF aux S\u00e9n\u00e9galais, les amis de Sonko en particulier. Regardez - LE PUBLIC\" \/>\n<meta property=\"og:description\" content=\"C&rsquo;est vraiment fort ce qu&rsquo;a fait Aissatou Diop Fall ce mardi matin. A l&rsquo;\u00e9mission Matin Infos, elle appelle en direct les S\u00e9n\u00e9galais, les \u00ab\u00a0past\u00e9fiens\u00a0\u00bb en particulier \u00e0 participer au d\u00e9veloppement de son organe Public TV m\u00eame si tout le monde sait que beaucoup de jeunes de ce parti croient qu&rsquo;elle est contre leur mentor. Regardez!\" \/>\n<meta property=\"og:url\" content=\"https:\/\/www.public.sn\/index.php\/2023\/01\/17\/emouvant-le-fort-message-de-adf-aux-senegalais-les-amis-de-sonko-en-particulier-regardez\/\" \/>\n<meta property=\"og:site_name\" content=\"LE PUBLIC\" \/>\n<meta property=\"article:published_time\" content=\"2023-01-17T23:35:20+00:00\" \/>\n<meta property=\"og:image\" content=\"https:\/\/www.public.sn\/wp-content\/uploads\/2023\/01\/karim-xrum-xax-Aissatou-Diop-Fall.png\" \/>\n\t<meta property=\"og:image:width\" content=\"1155\" \/>\n\t<meta property=\"og:image:height\" content=\"655\" \/>\n\t<meta property=\"og:image:type\" content=\"image\/png\" \/>\n<meta name=\"author\" content=\"LA REDACTION\" \/>\n<meta name=\"twitter:card\" content=\"summary_large_image\" \/>\n<meta name=\"twitter:label1\" content=\"\u00c9crit par\" \/>\n\t<meta name=\"twitter:data1\" content=\"LA REDACTION\" \/>\n\t<meta name=\"twitter:label2\" content=\"Dur\u00e9e de lecture estim\u00e9e\" \/>\n\t<meta name=\"twitter:data2\" content=\"1 minute\" \/>\n<script type=\"application\/ld+json\" class=\"yoast-schema-graph\">{\"@context\":\"https:\/\/schema.org\",\"@graph\":[{\"@type\":\"Article\",\"@id\":\"https:\/\/www.public.sn\/index.php\/2023\/01\/17\/emouvant-le-fort-message-de-adf-aux-senegalais-les-amis-de-sonko-en-particulier-regardez\/#article\",\"isPartOf\":{\"@id\":\"https:\/\/www.public.sn\/index.php\/2023\/01\/17\/emouvant-le-fort-message-de-adf-aux-senegalais-les-amis-de-sonko-en-particulier-regardez\/\"},\"author\":{\"name\":\"LA REDACTION\",\"@id\":\"https:\/\/www.public.sn\/#\/schema\/person\/e3f4a11b037d4203902db148f9bc8d5a\"},\"headline\":\"\u00c9mouvant, le fort message de ADF aux S\u00e9n\u00e9galais, les amis de Sonko en particulier. Regardez\",\"datePublished\":\"2023-01-17T23:35:20+00:00\",\"mainEntityOfPage\":{\"@id\":\"https:\/\/www.public.sn\/index.php\/2023\/01\/17\/emouvant-le-fort-message-de-adf-aux-senegalais-les-amis-de-sonko-en-particulier-regardez\/\"},\"wordCount\":77,\"commentCount\":0,\"publisher\":{\"@id\":\"https:\/\/www.public.sn\/#organization\"},\"image\":{\"@id\":\"https:\/\/www.public.sn\/index.php\/2023\/01\/17\/emouvant-le-fort-message-de-adf-aux-senegalais-les-amis-de-sonko-en-particulier-regardez\/#primaryimage\"},\"thumbnailUrl\":\"https:\/\/www.public.sn\/wp-content\/uploads\/2023\/01\/karim-xrum-xax-Aissatou-Diop-Fall.png\",\"keywords\":[\"Aissatou Diop Fall\",\"Public tv\",\"sonko\"],\"articleSection\":[\"ACTUALIT\u00c9S\",\"M\u00c9DIAS\",\"POLITIQUE\",\"PUBLIC TV\",\"S\u00c9N\u00c9GAL\",\"VEDETTE\",\"VIDEOS\"],\"inLanguage\":\"fr-FR\",\"potentialAction\":[{\"@type\":\"CommentAction\",\"name\":\"Comment\",\"target\":[\"https:\/\/www.public.sn\/index.php\/2023\/01\/17\/emouvant-le-fort-message-de-adf-aux-senegalais-les-amis-de-sonko-en-particulier-regardez\/#respond\"]}]},{\"@type\":\"WebPage\",\"@id\":\"https:\/\/www.public.sn\/index.php\/2023\/01\/17\/emouvant-le-fort-message-de-adf-aux-senegalais-les-amis-de-sonko-en-particulier-regardez\/\",\"url\":\"https:\/\/www.public.sn\/index.php\/2023\/01\/17\/emouvant-le-fort-message-de-adf-aux-senegalais-les-amis-de-sonko-en-particulier-regardez\/\",\"name\":\"\u00c9mouvant, le fort message de ADF aux S\u00e9n\u00e9galais, les amis de Sonko en particulier. Regardez - LE PUBLIC\",\"isPartOf\":{\"@id\":\"https:\/\/www.public.sn\/#website\"},\"primaryImageOfPage\":{\"@id\":\"https:\/\/www.public.sn\/index.php\/2023\/01\/17\/emouvant-le-fort-message-de-adf-aux-senegalais-les-amis-de-sonko-en-particulier-regardez\/#primaryimage\"},\"image\":{\"@id\":\"https:\/\/www.public.sn\/index.php\/2023\/01\/17\/emouvant-le-fort-message-de-adf-aux-senegalais-les-amis-de-sonko-en-particulier-regardez\/#primaryimage\"},\"thumbnailUrl\":\"https:\/\/www.public.sn\/wp-content\/uploads\/2023\/01\/karim-xrum-xax-Aissatou-Diop-Fall.png\",\"datePublished\":\"2023-01-17T23:35:20+00:00\",\"breadcrumb\":{\"@id\":\"https:\/\/www.public.sn\/index.php\/2023\/01\/17\/emouvant-le-fort-message-de-adf-aux-senegalais-les-amis-de-sonko-en-particulier-regardez\/#breadcrumb\"},\"inLanguage\":\"fr-FR\",\"potentialAction\":[{\"@type\":\"ReadAction\",\"target\":[\"https:\/\/www.public.sn\/index.php\/2023\/01\/17\/emouvant-le-fort-message-de-adf-aux-senegalais-les-amis-de-sonko-en-particulier-regardez\/\"]}]},{\"@type\":\"ImageObject\",\"inLanguage\":\"fr-FR\",\"@id\":\"https:\/\/www.public.sn\/index.php\/2023\/01\/17\/emouvant-le-fort-message-de-adf-aux-senegalais-les-amis-de-sonko-en-particulier-regardez\/#primaryimage\",\"url\":\"https:\/\/www.public.sn\/wp-content\/uploads\/2023\/01\/karim-xrum-xax-Aissatou-Diop-Fall.png\",\"contentUrl\":\"https:\/\/www.public.sn\/wp-content\/uploads\/2023\/01\/karim-xrum-xax-Aissatou-Diop-Fall.png\",\"width\":1155,\"height\":655},{\"@type\":\"BreadcrumbList\",\"@id\":\"https:\/\/www.public.sn\/index.php\/2023\/01\/17\/emouvant-le-fort-message-de-adf-aux-senegalais-les-amis-de-sonko-en-particulier-regardez\/#breadcrumb\",\"itemListElement\":[{\"@type\":\"ListItem\",\"position\":1,\"name\":\"Accueil\",\"item\":\"https:\/\/www.public.sn\/\"},{\"@type\":\"ListItem\",\"position\":2,\"name\":\"\u00c9mouvant, le fort message de ADF aux S\u00e9n\u00e9galais, les amis de Sonko en particulier. Regardez\"}]},{\"@type\":\"WebSite\",\"@id\":\"https:\/\/www.public.sn\/#website\",\"url\":\"https:\/\/www.public.sn\/\",\"name\":\"LE PUBLIC\",\"description\":\"\",\"publisher\":{\"@id\":\"https:\/\/www.public.sn\/#organization\"},\"potentialAction\":[{\"@type\":\"SearchAction\",\"target\":{\"@type\":\"EntryPoint\",\"urlTemplate\":\"https:\/\/www.public.sn\/?s={search_term_string}\"},\"query-input\":{\"@type\":\"PropertyValueSpecification\",\"valueRequired\":true,\"valueName\":\"search_term_string\"}}],\"inLanguage\":\"fr-FR\"},{\"@type\":\"Organization\",\"@id\":\"https:\/\/www.public.sn\/#organization\",\"name\":\"LE PUBLIC\",\"url\":\"https:\/\/www.public.sn\/\",\"logo\":{\"@type\":\"ImageObject\",\"inLanguage\":\"fr-FR\",\"@id\":\"https:\/\/www.public.sn\/#\/schema\/logo\/image\/\",\"url\":\"https:\/\/www.public.sn\/wp-content\/uploads\/2024\/05\/cropped-LOGO-PUBLIC.SN_.png\",\"contentUrl\":\"https:\/\/www.public.sn\/wp-content\/uploads\/2024\/05\/cropped-LOGO-PUBLIC.SN_.png\",\"width\":682,\"height\":192,\"caption\":\"LE PUBLIC\"},\"image\":{\"@id\":\"https:\/\/www.public.sn\/#\/schema\/logo\/image\/\"}},{\"@type\":\"Person\",\"@id\":\"https:\/\/www.public.sn\/#\/schema\/person\/e3f4a11b037d4203902db148f9bc8d5a\",\"name\":\"LA REDACTION\",\"image\":{\"@type\":\"ImageObject\",\"inLanguage\":\"fr-FR\",\"@id\":\"https:\/\/www.public.sn\/#\/schema\/person\/image\/\",\"url\":\"https:\/\/secure.gravatar.com\/avatar\/d6c030db45db2883c075085c5d6c6258654a801a93766b49af0b82d4f454e2a5?s=96&d=mm&r=g\",\"contentUrl\":\"https:\/\/secure.gravatar.com\/avatar\/d6c030db45db2883c075085c5d6c6258654a801a93766b49af0b82d4f454e2a5?s=96&d=mm&r=g\",\"caption\":\"LA REDACTION\"},\"sameAs\":[\"http:\/\/www.public.sn\"],\"url\":\"https:\/\/www.public.sn\/index.php\/author\/admin7324\/\"}]}<\/script>\n<!-- \/ Yoast SEO plugin. -->","yoast_head_json":{"title":"\u00c9mouvant, le fort message de ADF aux S\u00e9n\u00e9galais, les amis de Sonko en particulier. Regardez - LE PUBLIC","robots":{"index":"index","follow":"follow","max-snippet":"max-snippet:-1","max-image-preview":"max-image-preview:large","max-video-preview":"max-video-preview:-1"},"canonical":"https:\/\/www.public.sn\/index.php\/2023\/01\/17\/emouvant-le-fort-message-de-adf-aux-senegalais-les-amis-de-sonko-en-particulier-regardez\/","og_locale":"fr_FR","og_type":"article","og_title":"\u00c9mouvant, le fort message de ADF aux S\u00e9n\u00e9galais, les amis de Sonko en particulier. Regardez - LE PUBLIC","og_description":"C&rsquo;est vraiment fort ce qu&rsquo;a fait Aissatou Diop Fall ce mardi matin. A l&rsquo;\u00e9mission Matin Infos, elle appelle en direct les S\u00e9n\u00e9galais, les \u00ab\u00a0past\u00e9fiens\u00a0\u00bb en particulier \u00e0 participer au d\u00e9veloppement de son organe Public TV m\u00eame si tout le monde sait que beaucoup de jeunes de ce parti croient qu&rsquo;elle est contre leur mentor. Regardez!","og_url":"https:\/\/www.public.sn\/index.php\/2023\/01\/17\/emouvant-le-fort-message-de-adf-aux-senegalais-les-amis-de-sonko-en-particulier-regardez\/","og_site_name":"LE PUBLIC","article_published_time":"2023-01-17T23:35:20+00:00","og_image":[{"width":1155,"height":655,"url":"https:\/\/www.public.sn\/wp-content\/uploads\/2023\/01\/karim-xrum-xax-Aissatou-Diop-Fall.png","type":"image\/png"}],"author":"LA REDACTION","twitter_card":"summary_large_image","twitter_misc":{"\u00c9crit par":"LA REDACTION","Dur\u00e9e de lecture estim\u00e9e":"1 minute"},"schema":{"@context":"https:\/\/schema.org","@graph":[{"@type":"Article","@id":"https:\/\/www.public.sn\/index.php\/2023\/01\/17\/emouvant-le-fort-message-de-adf-aux-senegalais-les-amis-de-sonko-en-particulier-regardez\/#article","isPartOf":{"@id":"https:\/\/www.public.sn\/index.php\/2023\/01\/17\/emouvant-le-fort-message-de-adf-aux-senegalais-les-amis-de-sonko-en-particulier-regardez\/"},"author":{"name":"LA REDACTION","@id":"https:\/\/www.public.sn\/#\/schema\/person\/e3f4a11b037d4203902db148f9bc8d5a"},"headline":"\u00c9mouvant, le fort message de ADF aux S\u00e9n\u00e9galais, les amis de Sonko en particulier. Regardez","datePublished":"2023-01-17T23:35:20+00:00","mainEntityOfPage":{"@id":"https:\/\/www.public.sn\/index.php\/2023\/01\/17\/emouvant-le-fort-message-de-adf-aux-senegalais-les-amis-de-sonko-en-particulier-regardez\/"},"wordCount":77,"commentCount":0,"publisher":{"@id":"https:\/\/www.public.sn\/#organization"},"image":{"@id":"https:\/\/www.public.sn\/index.php\/2023\/01\/17\/emouvant-le-fort-message-de-adf-aux-senegalais-les-amis-de-sonko-en-particulier-regardez\/#primaryimage"},"thumbnailUrl":"https:\/\/www.public.sn\/wp-content\/uploads\/2023\/01\/karim-xrum-xax-Aissatou-Diop-Fall.png","keywords":["Aissatou Diop Fall","Public tv","sonko"],"articleSection":["ACTUALIT\u00c9S","M\u00c9DIAS","POLITIQUE","PUBLIC TV","S\u00c9N\u00c9GAL","VEDETTE","VIDEOS"],"inLanguage":"fr-FR","potentialAction":[{"@type":"CommentAction","name":"Comment","target":["https:\/\/www.public.sn\/index.php\/2023\/01\/17\/emouvant-le-fort-message-de-adf-aux-senegalais-les-amis-de-sonko-en-particulier-regardez\/#respond"]}]},{"@type":"WebPage","@id":"https:\/\/www.public.sn\/index.php\/2023\/01\/17\/emouvant-le-fort-message-de-adf-aux-senegalais-les-amis-de-sonko-en-particulier-regardez\/","url":"https:\/\/www.public.sn\/index.php\/2023\/01\/17\/emouvant-le-fort-message-de-adf-aux-senegalais-les-amis-de-sonko-en-particulier-regardez\/","name":"\u00c9mouvant, le fort message de ADF aux S\u00e9n\u00e9galais, les amis de Sonko en particulier. Regardez - LE PUBLIC","isPartOf":{"@id":"https:\/\/www.public.sn\/#website"},"primaryImageOfPage":{"@id":"https:\/\/www.public.sn\/index.php\/2023\/01\/17\/emouvant-le-fort-message-de-adf-aux-senegalais-les-amis-de-sonko-en-particulier-regardez\/#primaryimage"},"image":{"@id":"https:\/\/www.public.sn\/index.php\/2023\/01\/17\/emouvant-le-fort-message-de-adf-aux-senegalais-les-amis-de-sonko-en-particulier-regardez\/#primaryimage"},"thumbnailUrl":"https:\/\/www.public.sn\/wp-content\/uploads\/2023\/01\/karim-xrum-xax-Aissatou-Diop-Fall.png","datePublished":"2023-01-17T23:35:20+00:00","breadcrumb":{"@id":"https:\/\/www.public.sn\/index.php\/2023\/01\/17\/emouvant-le-fort-message-de-adf-aux-senegalais-les-amis-de-sonko-en-particulier-regardez\/#breadcrumb"},"inLanguage":"fr-FR","potentialAction":[{"@type":"ReadAction","target":["https:\/\/www.public.sn\/index.php\/2023\/01\/17\/emouvant-le-fort-message-de-adf-aux-senegalais-les-amis-de-sonko-en-particulier-regardez\/"]}]},{"@type":"ImageObject","inLanguage":"fr-FR","@id":"https:\/\/www.public.sn\/index.php\/2023\/01\/17\/emouvant-le-fort-message-de-adf-aux-senegalais-les-amis-de-sonko-en-particulier-regardez\/#primaryimage","url":"https:\/\/www.public.sn\/wp-content\/uploads\/2023\/01\/karim-xrum-xax-Aissatou-Diop-Fall.png","contentUrl":"https:\/\/www.public.sn\/wp-content\/uploads\/2023\/01\/karim-xrum-xax-Aissatou-Diop-Fall.png","width":1155,"height":655},{"@type":"BreadcrumbList","@id":"https:\/\/www.public.sn\/index.php\/2023\/01\/17\/emouvant-le-fort-message-de-adf-aux-senegalais-les-amis-de-sonko-en-particulier-regardez\/#breadcrumb","itemListElement":[{"@type":"ListItem","position":1,"name":"Accueil","item":"https:\/\/www.public.sn\/"},{"@type":"ListItem","position":2,"name":"\u00c9mouvant, le fort message de ADF aux S\u00e9n\u00e9galais, les amis de Sonko en particulier. Regardez"}]},{"@type":"WebSite","@id":"https:\/\/www.public.sn\/#website","url":"https:\/\/www.public.sn\/","name":"LE PUBLIC","description":"","publisher":{"@id":"https:\/\/www.public.sn\/#organization"},"potentialAction":[{"@type":"SearchAction","target":{"@type":"EntryPoint","urlTemplate":"https:\/\/www.public.sn\/?s={search_term_string}"},"query-input":{"@type":"PropertyValueSpecification","valueRequired":true,"valueName":"search_term_string"}}],"inLanguage":"fr-FR"},{"@type":"Organization","@id":"https:\/\/www.public.sn\/#organization","name":"LE PUBLIC","url":"https:\/\/www.public.sn\/","logo":{"@type":"ImageObject","inLanguage":"fr-FR","@id":"https:\/\/www.public.sn\/#\/schema\/logo\/image\/","url":"https:\/\/www.public.sn\/wp-content\/uploads\/2024\/05\/cropped-LOGO-PUBLIC.SN_.png","contentUrl":"https:\/\/www.public.sn\/wp-content\/uploads\/2024\/05\/cropped-LOGO-PUBLIC.SN_.png","width":682,"height":192,"caption":"LE PUBLIC"},"image":{"@id":"https:\/\/www.public.sn\/#\/schema\/logo\/image\/"}},{"@type":"Person","@id":"https:\/\/www.public.sn\/#\/schema\/person\/e3f4a11b037d4203902db148f9bc8d5a","name":"LA REDACTION","image":{"@type":"ImageObject","inLanguage":"fr-FR","@id":"https:\/\/www.public.sn\/#\/schema\/person\/image\/","url":"https:\/\/secure.gravatar.com\/avatar\/d6c030db45db2883c075085c5d6c6258654a801a93766b49af0b82d4f454e2a5?s=96&d=mm&r=g","contentUrl":"https:\/\/secure.gravatar.com\/avatar\/d6c030db45db2883c075085c5d6c6258654a801a93766b49af0b82d4f454e2a5?s=96&d=mm&r=g","caption":"LA REDACTION"},"sameAs":["http:\/\/www.public.sn"],"url":"https:\/\/www.public.sn\/index.php\/author\/admin7324\/"}]}},"jetpack_featured_media_url":"https:\/\/www.public.sn\/wp-content\/uploads\/2023\/01\/karim-xrum-xax-Aissatou-Diop-Fall.png","jetpack_sharing_enabled":true,"_links":{"self":[{"href":"https:\/\/www.public.sn\/index.php\/wp-json\/wp\/v2\/posts\/13812","targetHints":{"allow":["GET"]}}],"collection":[{"href":"https:\/\/www.public.sn\/index.php\/wp-json\/wp\/v2\/posts"}],"about":[{"href":"https:\/\/www.public.sn\/index.php\/wp-json\/wp\/v2\/types\/post"}],"author":[{"embeddable":true,"href":"https:\/\/www.public.sn\/index.php\/wp-json\/wp\/v2\/users\/1"}],"replies":[{"embeddable":true,"href":"https:\/\/www.public.sn\/index.php\/wp-json\/wp\/v2\/comments?post=13812"}],"version-history":[{"count":1,"href":"https:\/\/www.public.sn\/index.php\/wp-json\/wp\/v2\/posts\/13812\/revisions"}],"predecessor-version":[{"id":13813,"href":"https:\/\/www.public.sn\/index.php\/wp-json\/wp\/v2\/posts\/13812\/revisions\/13813"}],"wp:featuredmedia":[{"embeddable":true,"href":"https:\/\/www.public.sn\/index.php\/wp-json\/wp\/v2\/media\/13808"}],"wp:attachment":[{"href":"https:\/\/www.public.sn\/index.php\/wp-json\/wp\/v2\/media?parent=13812"}],"wp:term":[{"taxonomy":"category","embeddable":true,"href":"https:\/\/www.public.sn\/index.php\/wp-json\/wp\/v2\/categories?post=13812"},{"taxonomy":"post_tag","embeddable":true,"href":"https:\/\/www.public.sn\/index.php\/wp-json\/wp\/v2\/tags?post=13812"}],"curies":[{"name":"wp","href":"https:\/\/api.w.org\/{rel}","templated":true}]}}