{"id":13865,"date":"2023-01-18T11:00:39","date_gmt":"2023-01-18T11:00:39","guid":{"rendered":"https:\/\/www.public.sn\/?p=13865"},"modified":"2023-01-18T11:00:39","modified_gmt":"2023-01-18T11:00:39","slug":"macky-sall-face-lhistoire-la-reponse-de-sonko-a-cheikh-yerim-seck","status":"publish","type":"post","link":"https:\/\/www.public.sn\/index.php\/2023\/01\/18\/macky-sall-face-lhistoire-la-reponse-de-sonko-a-cheikh-yerim-seck\/","title":{"rendered":"\u00ab\u00a0Macky Sall face l&rsquo;histoire\u00a0\u00bb: la r\u00e9ponse de Sonko \u00e0 Cheikh Y\u00e9rim Seck"},"content":{"rendered":"<p><strong>Ousmane Sonko n&rsquo;a pas pris du temps pour r\u00e9agir sur le livre de Cheikh Y\u00e9rim Seck qui fait de graves r\u00e9v\u00e9lations sur lui. Le leader de Pastef dit avoir re\u00e7u un message d\u2019un ami qui d\u00e9tenait l\u2019ouvrage d\u00e9dicac\u00e9 par Cheikh Y\u00e9rim Seck, himself, de sa part. Ousmane Sonko a alors d\u00e9clin\u00e9 cette offre car ayant compris le jeu du journaliste-Ecrivain. Le maire de Zifguinchor s\u2019en est pris farouchement \u00e0 Y\u00e9rim Seck avant d\u2019annoncer une plainte contre lui et les \u00e9ditions HARMATTAN.<\/strong><\/p><div class=\"publi-paragraphe1\" style=\"margin-top: 10px;margin-bottom: 10px;margin-left: auto;margin-right: auto;text-align: center;\" id=\"publi-1598233623\"><div class=\"publi-adlabel\">Publicit\u00e9<\/div><script async src=\"\/\/pagead2.googlesyndication.com\/pagead\/js\/adsbygoogle.js?client=ca-pub-4089586018074219\" crossorigin=\"anonymous\"><\/script><ins class=\"adsbygoogle\" style=\"display:block;\" data-ad-client=\"ca-pub-4089586018074219\" \ndata-ad-slot=\"2087940154\" \ndata-ad-format=\"auto\"><\/ins>\n<script> \n(adsbygoogle = window.adsbygoogle || []).push({}); \n<\/script>\n<\/div>\n<p>\u00ab\u00a0Un ami m\u2019a envoy\u00e9 cette capture d\u2019\u00e9cran avant de m\u2019appeler pour me dire qu\u2019il d\u00e9tenait un livre d\u00e9dicac\u00e9 de Cheikh Y\u00e9rim Seck \u00e0 me remettre. J\u2019ai pr\u00e9f\u00e9r\u00e9 d\u00e9cliner l\u2019offre car ce jeu retors ne passe pas avec nous.<\/p>\n<p>Dans cet ouvrage, dont on m\u2019a envoy\u00e9 un chapitre qui m\u2019est consacr\u00e9, ce monsieur relate des faits mensongers et diffamatoires \u00e0 mon compte en essayant de les maquiller par des propos \u00e9logieux sur mon parcours d\u2019opposant et ma place dans l\u2019\u00e9chiquier politique.<\/p>\n<p>Des propos de m\u00eame nature ont \u00e9t\u00e9 tenus des mois avant par un ministre de Macky Sall, \u00e7a m\u2019avait juste amus\u00e9 \u00e0 l\u2019\u00e9poque.<\/p>\n<p>L\u2019auteur du livre, mal plac\u00e9 pour parler de m\u0153urs, qui avait annonc\u00e9 se retirer de la vie publique pour pr\u00e9server sa famille impact\u00e9e par des probl\u00e8mes similaires, s\u2019en prend \u00e0 ma personne et m\u2019attaque paradoxalement sur ce m\u00eame registre, surtout \u00e0 l\u2019approche d\u2019\u00e9ch\u00e9ances \u00e9lectorales.<\/p>\n<p>D\u2019ailleurs, entre autres propos diffamatoires, \u00e0 la veille de la pr\u00e9sidentielle de 2019, il avait colport\u00e9 un pr\u00e9tendu financement de plusieurs millions que j\u2019aurais re\u00e7us de la firme britannique TULLOW OIL.<\/p>\n<p>La strat\u00e9gie de l\u2019homme est connue : donner l\u2019impression de s\u2019attaquer \u00e0 la gouvernance calamiteuse de Macky Sall pour mieux s\u2019attaquer \u00e0 la vraie cible de sa commande : PASTEF, ses militants et sympathisants.<\/p>\n<p>J\u2019ai donc instruit mes avocats de servir une citation directe \u00e0 Cheikh Y\u00e9rim Seck et aux \u00e9ditions HARMATTAN qui ont servi \u00e0 diffuser ces inepties.\u00a0\u00bb<\/p>\n<div class=\"publi-apres-le-contenu\" style=\"margin-top: 10px;margin-bottom: 10px;margin-left: auto;margin-right: auto;text-align: center;\" id=\"publi-2922397617\"><div class=\"publi-adlabel\">Publicit\u00e9<\/div><script async src=\"\/\/pagead2.googlesyndication.com\/pagead\/js\/adsbygoogle.js?client=ca-pub-4089586018074219\" crossorigin=\"anonymous\"><\/script><ins class=\"adsbygoogle\" style=\"display:block;\" data-ad-client=\"ca-pub-4089586018074219\" \ndata-ad-slot=\"2087940154\" \ndata-ad-format=\"auto\"><\/ins>\n<script> \n(adsbygoogle = window.adsbygoogle || []).push({}); \n<\/script>\n<\/div>","protected":false},"excerpt":{"rendered":"<p>Ousmane Sonko n&rsquo;a pas pris du temps pour r\u00e9agir sur le livre de Cheikh Y\u00e9rim Seck qui fait de graves r\u00e9v\u00e9lations sur lui. Le leader de Pastef dit avoir re\u00e7u un message d\u2019un ami qui d\u00e9tenait l\u2019ouvrage d\u00e9dicac\u00e9 par Cheikh Y\u00e9rim Seck, himself, de sa part. Ousmane Sonko a alors d\u00e9clin\u00e9 cette offre car ayant compris le jeu du journaliste-Ecrivain. Le maire de Zifguinchor s\u2019en est pris farouchement \u00e0 Y\u00e9rim Seck avant d\u2019annoncer une plainte contre lui et les \u00e9ditions HARMATTAN. \u00ab\u00a0Un ami m\u2019a envoy\u00e9 cette capture d\u2019\u00e9cran avant de m\u2019appeler pour me dire qu\u2019il d\u00e9tenait un livre d\u00e9dicac\u00e9 de Cheikh Y\u00e9rim Seck \u00e0 me remettre. J\u2019ai pr\u00e9f\u00e9r\u00e9 d\u00e9cliner l\u2019offre car ce jeu retors ne passe pas avec nous. Dans cet ouvrage, dont on m\u2019a envoy\u00e9 un chapitre qui m\u2019est consacr\u00e9, ce monsieur relate des faits mensongers et diffamatoires \u00e0 mon compte en essayant de les maquiller par des propos \u00e9logieux sur mon parcours d\u2019opposant et ma place dans l\u2019\u00e9chiquier politique. Des propos de m\u00eame nature ont \u00e9t\u00e9 tenus des mois avant par un ministre de Macky Sall, \u00e7a m\u2019avait juste amus\u00e9 \u00e0 l\u2019\u00e9poque. L\u2019auteur du livre, mal plac\u00e9 pour parler de m\u0153urs, qui avait annonc\u00e9 se retirer de la vie publique pour pr\u00e9server sa famille impact\u00e9e par des probl\u00e8mes similaires, s\u2019en prend \u00e0 ma personne et m\u2019attaque paradoxalement sur ce m\u00eame registre, surtout \u00e0 l\u2019approche d\u2019\u00e9ch\u00e9ances \u00e9lectorales. D\u2019ailleurs, entre autres propos diffamatoires, \u00e0 la veille de la pr\u00e9sidentielle de 2019, il avait colport\u00e9 un pr\u00e9tendu financement de plusieurs millions que j\u2019aurais re\u00e7us de la firme britannique TULLOW OIL. La strat\u00e9gie de l\u2019homme est connue : donner l\u2019impression de s\u2019attaquer \u00e0 la gouvernance calamiteuse de Macky Sall pour mieux s\u2019attaquer \u00e0 la vraie cible de sa commande : PASTEF, ses militants et sympathisants. J\u2019ai donc instruit mes avocats de servir une citation directe \u00e0 Cheikh Y\u00e9rim Seck et aux \u00e9ditions HARMATTAN qui ont servi \u00e0 diffuser ces inepties.\u00a0\u00bb<\/p>\n","protected":false},"author":1,"featured_media":10440,"comment_status":"open","ping_status":"open","sticky":false,"template":"","format":"standard","meta":{"_jetpack_memberships_contains_paid_content":false,"footnotes":""},"categories":[375,376,1,372],"tags":[1507,11],"class_list":["post-13865","post","type-post","status-publish","format-standard","has-post-thumbnail","hentry","category-actualites","category-securite-justice","category-non-classe","category-vedette","tag-cheikh-yerim-seck","tag-macky-sall","entry","has-media","owp-thumbs-layout-horizontal","owp-btn-normal","owp-tabs-layout-horizontal","has-no-thumbnails","has-product-nav"],"yoast_head":"<!-- This site is optimized with the Yoast SEO plugin v25.5 - https:\/\/yoast.com\/wordpress\/plugins\/seo\/ -->\n<title>&quot;Macky Sall face l&#039;histoire&quot;: la r\u00e9ponse de Sonko \u00e0 Cheikh Y\u00e9rim Seck - LE PUBLIC<\/title>\n<meta name=\"robots\" content=\"index, follow, max-snippet:-1, max-image-preview:large, max-video-preview:-1\" \/>\n<link rel=\"canonical\" href=\"https:\/\/www.public.sn\/index.php\/2023\/01\/18\/macky-sall-face-lhistoire-la-reponse-de-sonko-a-cheikh-yerim-seck\/\" \/>\n<meta property=\"og:locale\" content=\"fr_FR\" \/>\n<meta property=\"og:type\" content=\"article\" \/>\n<meta property=\"og:title\" content=\"&quot;Macky Sall face l&#039;histoire&quot;: la r\u00e9ponse de Sonko \u00e0 Cheikh Y\u00e9rim Seck - LE PUBLIC\" \/>\n<meta property=\"og:description\" content=\"Ousmane Sonko n&rsquo;a pas pris du temps pour r\u00e9agir sur le livre de Cheikh Y\u00e9rim Seck qui fait de graves r\u00e9v\u00e9lations sur lui. Le leader de Pastef dit avoir re\u00e7u un message d\u2019un ami qui d\u00e9tenait l\u2019ouvrage d\u00e9dicac\u00e9 par Cheikh Y\u00e9rim Seck, himself, de sa part. Ousmane Sonko a alors d\u00e9clin\u00e9 cette offre car ayant compris le jeu du journaliste-Ecrivain. Le maire de Zifguinchor s\u2019en est pris farouchement \u00e0 Y\u00e9rim Seck avant d\u2019annoncer une plainte contre lui et les \u00e9ditions HARMATTAN. \u00ab\u00a0Un ami m\u2019a envoy\u00e9 cette capture d\u2019\u00e9cran avant de m\u2019appeler pour me dire qu\u2019il d\u00e9tenait un livre d\u00e9dicac\u00e9 de Cheikh Y\u00e9rim Seck \u00e0 me remettre. J\u2019ai pr\u00e9f\u00e9r\u00e9 d\u00e9cliner l\u2019offre car ce jeu retors ne passe pas avec nous. Dans cet ouvrage, dont on m\u2019a envoy\u00e9 un chapitre qui m\u2019est consacr\u00e9, ce monsieur relate des faits mensongers et diffamatoires \u00e0 mon compte en essayant de les maquiller par des propos \u00e9logieux sur mon parcours d\u2019opposant et ma place dans l\u2019\u00e9chiquier politique. Des propos de m\u00eame nature ont \u00e9t\u00e9 tenus des mois avant par un ministre de Macky Sall, \u00e7a m\u2019avait juste amus\u00e9 \u00e0 l\u2019\u00e9poque. L\u2019auteur du livre, mal plac\u00e9 pour parler de m\u0153urs, qui avait annonc\u00e9 se retirer de la vie publique pour pr\u00e9server sa famille impact\u00e9e par des probl\u00e8mes similaires, s\u2019en prend \u00e0 ma personne et m\u2019attaque paradoxalement sur ce m\u00eame registre, surtout \u00e0 l\u2019approche d\u2019\u00e9ch\u00e9ances \u00e9lectorales. D\u2019ailleurs, entre autres propos diffamatoires, \u00e0 la veille de la pr\u00e9sidentielle de 2019, il avait colport\u00e9 un pr\u00e9tendu financement de plusieurs millions que j\u2019aurais re\u00e7us de la firme britannique TULLOW OIL. La strat\u00e9gie de l\u2019homme est connue : donner l\u2019impression de s\u2019attaquer \u00e0 la gouvernance calamiteuse de Macky Sall pour mieux s\u2019attaquer \u00e0 la vraie cible de sa commande : PASTEF, ses militants et sympathisants. J\u2019ai donc instruit mes avocats de servir une citation directe \u00e0 Cheikh Y\u00e9rim Seck et aux \u00e9ditions HARMATTAN qui ont servi \u00e0 diffuser ces inepties.\u00a0\u00bb\" \/>\n<meta property=\"og:url\" content=\"https:\/\/www.public.sn\/index.php\/2023\/01\/18\/macky-sall-face-lhistoire-la-reponse-de-sonko-a-cheikh-yerim-seck\/\" \/>\n<meta property=\"og:site_name\" content=\"LE PUBLIC\" \/>\n<meta property=\"article:published_time\" content=\"2023-01-18T11:00:39+00:00\" \/>\n<meta property=\"og:image\" content=\"https:\/\/www.public.sn\/wp-content\/uploads\/2022\/11\/sonko-7.jpg\" \/>\n\t<meta property=\"og:image:width\" content=\"1280\" \/>\n\t<meta property=\"og:image:height\" content=\"720\" \/>\n\t<meta property=\"og:image:type\" content=\"image\/jpeg\" \/>\n<meta name=\"author\" content=\"LA REDACTION\" \/>\n<meta name=\"twitter:card\" content=\"summary_large_image\" \/>\n<meta name=\"twitter:label1\" content=\"\u00c9crit par\" \/>\n\t<meta name=\"twitter:data1\" content=\"LA REDACTION\" \/>\n\t<meta name=\"twitter:label2\" content=\"Dur\u00e9e de lecture estim\u00e9e\" \/>\n\t<meta name=\"twitter:data2\" content=\"2 minutes\" \/>\n<script type=\"application\/ld+json\" class=\"yoast-schema-graph\">{\"@context\":\"https:\/\/schema.org\",\"@graph\":[{\"@type\":\"Article\",\"@id\":\"https:\/\/www.public.sn\/index.php\/2023\/01\/18\/macky-sall-face-lhistoire-la-reponse-de-sonko-a-cheikh-yerim-seck\/#article\",\"isPartOf\":{\"@id\":\"https:\/\/www.public.sn\/index.php\/2023\/01\/18\/macky-sall-face-lhistoire-la-reponse-de-sonko-a-cheikh-yerim-seck\/\"},\"author\":{\"name\":\"LA REDACTION\",\"@id\":\"https:\/\/www.public.sn\/#\/schema\/person\/e3f4a11b037d4203902db148f9bc8d5a\"},\"headline\":\"\u00ab\u00a0Macky Sall face l&rsquo;histoire\u00a0\u00bb: la r\u00e9ponse de Sonko \u00e0 Cheikh Y\u00e9rim Seck\",\"datePublished\":\"2023-01-18T11:00:39+00:00\",\"mainEntityOfPage\":{\"@id\":\"https:\/\/www.public.sn\/index.php\/2023\/01\/18\/macky-sall-face-lhistoire-la-reponse-de-sonko-a-cheikh-yerim-seck\/\"},\"wordCount\":373,\"commentCount\":0,\"publisher\":{\"@id\":\"https:\/\/www.public.sn\/#organization\"},\"image\":{\"@id\":\"https:\/\/www.public.sn\/index.php\/2023\/01\/18\/macky-sall-face-lhistoire-la-reponse-de-sonko-a-cheikh-yerim-seck\/#primaryimage\"},\"thumbnailUrl\":\"https:\/\/www.public.sn\/wp-content\/uploads\/2022\/11\/sonko-7.jpg\",\"keywords\":[\"Cheikh Yerim Seck\",\"Macky Sall\"],\"articleSection\":[\"ACTUALIT\u00c9S\",\"S\u00c9CURIT\u00c9 &amp; JUSTICE\",\"S\u00c9N\u00c9GAL\",\"VEDETTE\"],\"inLanguage\":\"fr-FR\",\"potentialAction\":[{\"@type\":\"CommentAction\",\"name\":\"Comment\",\"target\":[\"https:\/\/www.public.sn\/index.php\/2023\/01\/18\/macky-sall-face-lhistoire-la-reponse-de-sonko-a-cheikh-yerim-seck\/#respond\"]}]},{\"@type\":\"WebPage\",\"@id\":\"https:\/\/www.public.sn\/index.php\/2023\/01\/18\/macky-sall-face-lhistoire-la-reponse-de-sonko-a-cheikh-yerim-seck\/\",\"url\":\"https:\/\/www.public.sn\/index.php\/2023\/01\/18\/macky-sall-face-lhistoire-la-reponse-de-sonko-a-cheikh-yerim-seck\/\",\"name\":\"\\\"Macky Sall face l'histoire\\\": la r\u00e9ponse de Sonko \u00e0 Cheikh Y\u00e9rim Seck - LE PUBLIC\",\"isPartOf\":{\"@id\":\"https:\/\/www.public.sn\/#website\"},\"primaryImageOfPage\":{\"@id\":\"https:\/\/www.public.sn\/index.php\/2023\/01\/18\/macky-sall-face-lhistoire-la-reponse-de-sonko-a-cheikh-yerim-seck\/#primaryimage\"},\"image\":{\"@id\":\"https:\/\/www.public.sn\/index.php\/2023\/01\/18\/macky-sall-face-lhistoire-la-reponse-de-sonko-a-cheikh-yerim-seck\/#primaryimage\"},\"thumbnailUrl\":\"https:\/\/www.public.sn\/wp-content\/uploads\/2022\/11\/sonko-7.jpg\",\"datePublished\":\"2023-01-18T11:00:39+00:00\",\"breadcrumb\":{\"@id\":\"https:\/\/www.public.sn\/index.php\/2023\/01\/18\/macky-sall-face-lhistoire-la-reponse-de-sonko-a-cheikh-yerim-seck\/#breadcrumb\"},\"inLanguage\":\"fr-FR\",\"potentialAction\":[{\"@type\":\"ReadAction\",\"target\":[\"https:\/\/www.public.sn\/index.php\/2023\/01\/18\/macky-sall-face-lhistoire-la-reponse-de-sonko-a-cheikh-yerim-seck\/\"]}]},{\"@type\":\"ImageObject\",\"inLanguage\":\"fr-FR\",\"@id\":\"https:\/\/www.public.sn\/index.php\/2023\/01\/18\/macky-sall-face-lhistoire-la-reponse-de-sonko-a-cheikh-yerim-seck\/#primaryimage\",\"url\":\"https:\/\/www.public.sn\/wp-content\/uploads\/2022\/11\/sonko-7.jpg\",\"contentUrl\":\"https:\/\/www.public.sn\/wp-content\/uploads\/2022\/11\/sonko-7.jpg\",\"width\":1280,\"height\":720,\"caption\":\"publicsn\"},{\"@type\":\"BreadcrumbList\",\"@id\":\"https:\/\/www.public.sn\/index.php\/2023\/01\/18\/macky-sall-face-lhistoire-la-reponse-de-sonko-a-cheikh-yerim-seck\/#breadcrumb\",\"itemListElement\":[{\"@type\":\"ListItem\",\"position\":1,\"name\":\"Accueil\",\"item\":\"https:\/\/www.public.sn\/\"},{\"@type\":\"ListItem\",\"position\":2,\"name\":\"\u00ab\u00a0Macky Sall face l&rsquo;histoire\u00a0\u00bb: la r\u00e9ponse de Sonko \u00e0 Cheikh Y\u00e9rim Seck\"}]},{\"@type\":\"WebSite\",\"@id\":\"https:\/\/www.public.sn\/#website\",\"url\":\"https:\/\/www.public.sn\/\",\"name\":\"LE PUBLIC\",\"description\":\"\",\"publisher\":{\"@id\":\"https:\/\/www.public.sn\/#organization\"},\"potentialAction\":[{\"@type\":\"SearchAction\",\"target\":{\"@type\":\"EntryPoint\",\"urlTemplate\":\"https:\/\/www.public.sn\/?s={search_term_string}\"},\"query-input\":{\"@type\":\"PropertyValueSpecification\",\"valueRequired\":true,\"valueName\":\"search_term_string\"}}],\"inLanguage\":\"fr-FR\"},{\"@type\":\"Organization\",\"@id\":\"https:\/\/www.public.sn\/#organization\",\"name\":\"LE PUBLIC\",\"url\":\"https:\/\/www.public.sn\/\",\"logo\":{\"@type\":\"ImageObject\",\"inLanguage\":\"fr-FR\",\"@id\":\"https:\/\/www.public.sn\/#\/schema\/logo\/image\/\",\"url\":\"https:\/\/www.public.sn\/wp-content\/uploads\/2024\/05\/cropped-LOGO-PUBLIC.SN_.png\",\"contentUrl\":\"https:\/\/www.public.sn\/wp-content\/uploads\/2024\/05\/cropped-LOGO-PUBLIC.SN_.png\",\"width\":682,\"height\":192,\"caption\":\"LE PUBLIC\"},\"image\":{\"@id\":\"https:\/\/www.public.sn\/#\/schema\/logo\/image\/\"}},{\"@type\":\"Person\",\"@id\":\"https:\/\/www.public.sn\/#\/schema\/person\/e3f4a11b037d4203902db148f9bc8d5a\",\"name\":\"LA REDACTION\",\"image\":{\"@type\":\"ImageObject\",\"inLanguage\":\"fr-FR\",\"@id\":\"https:\/\/www.public.sn\/#\/schema\/person\/image\/\",\"url\":\"https:\/\/secure.gravatar.com\/avatar\/d6c030db45db2883c075085c5d6c6258654a801a93766b49af0b82d4f454e2a5?s=96&d=mm&r=g\",\"contentUrl\":\"https:\/\/secure.gravatar.com\/avatar\/d6c030db45db2883c075085c5d6c6258654a801a93766b49af0b82d4f454e2a5?s=96&d=mm&r=g\",\"caption\":\"LA REDACTION\"},\"sameAs\":[\"http:\/\/www.public.sn\"],\"url\":\"https:\/\/www.public.sn\/index.php\/author\/admin7324\/\"}]}<\/script>\n<!-- \/ Yoast SEO plugin. -->","yoast_head_json":{"title":"\"Macky Sall face l'histoire\": la r\u00e9ponse de Sonko \u00e0 Cheikh Y\u00e9rim Seck - LE PUBLIC","robots":{"index":"index","follow":"follow","max-snippet":"max-snippet:-1","max-image-preview":"max-image-preview:large","max-video-preview":"max-video-preview:-1"},"canonical":"https:\/\/www.public.sn\/index.php\/2023\/01\/18\/macky-sall-face-lhistoire-la-reponse-de-sonko-a-cheikh-yerim-seck\/","og_locale":"fr_FR","og_type":"article","og_title":"\"Macky Sall face l'histoire\": la r\u00e9ponse de Sonko \u00e0 Cheikh Y\u00e9rim Seck - LE PUBLIC","og_description":"Ousmane Sonko n&rsquo;a pas pris du temps pour r\u00e9agir sur le livre de Cheikh Y\u00e9rim Seck qui fait de graves r\u00e9v\u00e9lations sur lui. Le leader de Pastef dit avoir re\u00e7u un message d\u2019un ami qui d\u00e9tenait l\u2019ouvrage d\u00e9dicac\u00e9 par Cheikh Y\u00e9rim Seck, himself, de sa part. Ousmane Sonko a alors d\u00e9clin\u00e9 cette offre car ayant compris le jeu du journaliste-Ecrivain. Le maire de Zifguinchor s\u2019en est pris farouchement \u00e0 Y\u00e9rim Seck avant d\u2019annoncer une plainte contre lui et les \u00e9ditions HARMATTAN. \u00ab\u00a0Un ami m\u2019a envoy\u00e9 cette capture d\u2019\u00e9cran avant de m\u2019appeler pour me dire qu\u2019il d\u00e9tenait un livre d\u00e9dicac\u00e9 de Cheikh Y\u00e9rim Seck \u00e0 me remettre. J\u2019ai pr\u00e9f\u00e9r\u00e9 d\u00e9cliner l\u2019offre car ce jeu retors ne passe pas avec nous. Dans cet ouvrage, dont on m\u2019a envoy\u00e9 un chapitre qui m\u2019est consacr\u00e9, ce monsieur relate des faits mensongers et diffamatoires \u00e0 mon compte en essayant de les maquiller par des propos \u00e9logieux sur mon parcours d\u2019opposant et ma place dans l\u2019\u00e9chiquier politique. Des propos de m\u00eame nature ont \u00e9t\u00e9 tenus des mois avant par un ministre de Macky Sall, \u00e7a m\u2019avait juste amus\u00e9 \u00e0 l\u2019\u00e9poque. L\u2019auteur du livre, mal plac\u00e9 pour parler de m\u0153urs, qui avait annonc\u00e9 se retirer de la vie publique pour pr\u00e9server sa famille impact\u00e9e par des probl\u00e8mes similaires, s\u2019en prend \u00e0 ma personne et m\u2019attaque paradoxalement sur ce m\u00eame registre, surtout \u00e0 l\u2019approche d\u2019\u00e9ch\u00e9ances \u00e9lectorales. D\u2019ailleurs, entre autres propos diffamatoires, \u00e0 la veille de la pr\u00e9sidentielle de 2019, il avait colport\u00e9 un pr\u00e9tendu financement de plusieurs millions que j\u2019aurais re\u00e7us de la firme britannique TULLOW OIL. La strat\u00e9gie de l\u2019homme est connue : donner l\u2019impression de s\u2019attaquer \u00e0 la gouvernance calamiteuse de Macky Sall pour mieux s\u2019attaquer \u00e0 la vraie cible de sa commande : PASTEF, ses militants et sympathisants. J\u2019ai donc instruit mes avocats de servir une citation directe \u00e0 Cheikh Y\u00e9rim Seck et aux \u00e9ditions HARMATTAN qui ont servi \u00e0 diffuser ces inepties.\u00a0\u00bb","og_url":"https:\/\/www.public.sn\/index.php\/2023\/01\/18\/macky-sall-face-lhistoire-la-reponse-de-sonko-a-cheikh-yerim-seck\/","og_site_name":"LE PUBLIC","article_published_time":"2023-01-18T11:00:39+00:00","og_image":[{"width":1280,"height":720,"url":"https:\/\/www.public.sn\/wp-content\/uploads\/2022\/11\/sonko-7.jpg","type":"image\/jpeg"}],"author":"LA REDACTION","twitter_card":"summary_large_image","twitter_misc":{"\u00c9crit par":"LA REDACTION","Dur\u00e9e de lecture estim\u00e9e":"2 minutes"},"schema":{"@context":"https:\/\/schema.org","@graph":[{"@type":"Article","@id":"https:\/\/www.public.sn\/index.php\/2023\/01\/18\/macky-sall-face-lhistoire-la-reponse-de-sonko-a-cheikh-yerim-seck\/#article","isPartOf":{"@id":"https:\/\/www.public.sn\/index.php\/2023\/01\/18\/macky-sall-face-lhistoire-la-reponse-de-sonko-a-cheikh-yerim-seck\/"},"author":{"name":"LA REDACTION","@id":"https:\/\/www.public.sn\/#\/schema\/person\/e3f4a11b037d4203902db148f9bc8d5a"},"headline":"\u00ab\u00a0Macky Sall face l&rsquo;histoire\u00a0\u00bb: la r\u00e9ponse de Sonko \u00e0 Cheikh Y\u00e9rim Seck","datePublished":"2023-01-18T11:00:39+00:00","mainEntityOfPage":{"@id":"https:\/\/www.public.sn\/index.php\/2023\/01\/18\/macky-sall-face-lhistoire-la-reponse-de-sonko-a-cheikh-yerim-seck\/"},"wordCount":373,"commentCount":0,"publisher":{"@id":"https:\/\/www.public.sn\/#organization"},"image":{"@id":"https:\/\/www.public.sn\/index.php\/2023\/01\/18\/macky-sall-face-lhistoire-la-reponse-de-sonko-a-cheikh-yerim-seck\/#primaryimage"},"thumbnailUrl":"https:\/\/www.public.sn\/wp-content\/uploads\/2022\/11\/sonko-7.jpg","keywords":["Cheikh Yerim Seck","Macky Sall"],"articleSection":["ACTUALIT\u00c9S","S\u00c9CURIT\u00c9 &amp; JUSTICE","S\u00c9N\u00c9GAL","VEDETTE"],"inLanguage":"fr-FR","potentialAction":[{"@type":"CommentAction","name":"Comment","target":["https:\/\/www.public.sn\/index.php\/2023\/01\/18\/macky-sall-face-lhistoire-la-reponse-de-sonko-a-cheikh-yerim-seck\/#respond"]}]},{"@type":"WebPage","@id":"https:\/\/www.public.sn\/index.php\/2023\/01\/18\/macky-sall-face-lhistoire-la-reponse-de-sonko-a-cheikh-yerim-seck\/","url":"https:\/\/www.public.sn\/index.php\/2023\/01\/18\/macky-sall-face-lhistoire-la-reponse-de-sonko-a-cheikh-yerim-seck\/","name":"\"Macky Sall face l'histoire\": la r\u00e9ponse de Sonko \u00e0 Cheikh Y\u00e9rim Seck - LE PUBLIC","isPartOf":{"@id":"https:\/\/www.public.sn\/#website"},"primaryImageOfPage":{"@id":"https:\/\/www.public.sn\/index.php\/2023\/01\/18\/macky-sall-face-lhistoire-la-reponse-de-sonko-a-cheikh-yerim-seck\/#primaryimage"},"image":{"@id":"https:\/\/www.public.sn\/index.php\/2023\/01\/18\/macky-sall-face-lhistoire-la-reponse-de-sonko-a-cheikh-yerim-seck\/#primaryimage"},"thumbnailUrl":"https:\/\/www.public.sn\/wp-content\/uploads\/2022\/11\/sonko-7.jpg","datePublished":"2023-01-18T11:00:39+00:00","breadcrumb":{"@id":"https:\/\/www.public.sn\/index.php\/2023\/01\/18\/macky-sall-face-lhistoire-la-reponse-de-sonko-a-cheikh-yerim-seck\/#breadcrumb"},"inLanguage":"fr-FR","potentialAction":[{"@type":"ReadAction","target":["https:\/\/www.public.sn\/index.php\/2023\/01\/18\/macky-sall-face-lhistoire-la-reponse-de-sonko-a-cheikh-yerim-seck\/"]}]},{"@type":"ImageObject","inLanguage":"fr-FR","@id":"https:\/\/www.public.sn\/index.php\/2023\/01\/18\/macky-sall-face-lhistoire-la-reponse-de-sonko-a-cheikh-yerim-seck\/#primaryimage","url":"https:\/\/www.public.sn\/wp-content\/uploads\/2022\/11\/sonko-7.jpg","contentUrl":"https:\/\/www.public.sn\/wp-content\/uploads\/2022\/11\/sonko-7.jpg","width":1280,"height":720,"caption":"publicsn"},{"@type":"BreadcrumbList","@id":"https:\/\/www.public.sn\/index.php\/2023\/01\/18\/macky-sall-face-lhistoire-la-reponse-de-sonko-a-cheikh-yerim-seck\/#breadcrumb","itemListElement":[{"@type":"ListItem","position":1,"name":"Accueil","item":"https:\/\/www.public.sn\/"},{"@type":"ListItem","position":2,"name":"\u00ab\u00a0Macky Sall face l&rsquo;histoire\u00a0\u00bb: la r\u00e9ponse de Sonko \u00e0 Cheikh Y\u00e9rim Seck"}]},{"@type":"WebSite","@id":"https:\/\/www.public.sn\/#website","url":"https:\/\/www.public.sn\/","name":"LE PUBLIC","description":"","publisher":{"@id":"https:\/\/www.public.sn\/#organization"},"potentialAction":[{"@type":"SearchAction","target":{"@type":"EntryPoint","urlTemplate":"https:\/\/www.public.sn\/?s={search_term_string}"},"query-input":{"@type":"PropertyValueSpecification","valueRequired":true,"valueName":"search_term_string"}}],"inLanguage":"fr-FR"},{"@type":"Organization","@id":"https:\/\/www.public.sn\/#organization","name":"LE PUBLIC","url":"https:\/\/www.public.sn\/","logo":{"@type":"ImageObject","inLanguage":"fr-FR","@id":"https:\/\/www.public.sn\/#\/schema\/logo\/image\/","url":"https:\/\/www.public.sn\/wp-content\/uploads\/2024\/05\/cropped-LOGO-PUBLIC.SN_.png","contentUrl":"https:\/\/www.public.sn\/wp-content\/uploads\/2024\/05\/cropped-LOGO-PUBLIC.SN_.png","width":682,"height":192,"caption":"LE PUBLIC"},"image":{"@id":"https:\/\/www.public.sn\/#\/schema\/logo\/image\/"}},{"@type":"Person","@id":"https:\/\/www.public.sn\/#\/schema\/person\/e3f4a11b037d4203902db148f9bc8d5a","name":"LA REDACTION","image":{"@type":"ImageObject","inLanguage":"fr-FR","@id":"https:\/\/www.public.sn\/#\/schema\/person\/image\/","url":"https:\/\/secure.gravatar.com\/avatar\/d6c030db45db2883c075085c5d6c6258654a801a93766b49af0b82d4f454e2a5?s=96&d=mm&r=g","contentUrl":"https:\/\/secure.gravatar.com\/avatar\/d6c030db45db2883c075085c5d6c6258654a801a93766b49af0b82d4f454e2a5?s=96&d=mm&r=g","caption":"LA REDACTION"},"sameAs":["http:\/\/www.public.sn"],"url":"https:\/\/www.public.sn\/index.php\/author\/admin7324\/"}]}},"jetpack_featured_media_url":"https:\/\/www.public.sn\/wp-content\/uploads\/2022\/11\/sonko-7.jpg","jetpack_sharing_enabled":true,"_links":{"self":[{"href":"https:\/\/www.public.sn\/index.php\/wp-json\/wp\/v2\/posts\/13865","targetHints":{"allow":["GET"]}}],"collection":[{"href":"https:\/\/www.public.sn\/index.php\/wp-json\/wp\/v2\/posts"}],"about":[{"href":"https:\/\/www.public.sn\/index.php\/wp-json\/wp\/v2\/types\/post"}],"author":[{"embeddable":true,"href":"https:\/\/www.public.sn\/index.php\/wp-json\/wp\/v2\/users\/1"}],"replies":[{"embeddable":true,"href":"https:\/\/www.public.sn\/index.php\/wp-json\/wp\/v2\/comments?post=13865"}],"version-history":[{"count":1,"href":"https:\/\/www.public.sn\/index.php\/wp-json\/wp\/v2\/posts\/13865\/revisions"}],"predecessor-version":[{"id":13866,"href":"https:\/\/www.public.sn\/index.php\/wp-json\/wp\/v2\/posts\/13865\/revisions\/13866"}],"wp:featuredmedia":[{"embeddable":true,"href":"https:\/\/www.public.sn\/index.php\/wp-json\/wp\/v2\/media\/10440"}],"wp:attachment":[{"href":"https:\/\/www.public.sn\/index.php\/wp-json\/wp\/v2\/media?parent=13865"}],"wp:term":[{"taxonomy":"category","embeddable":true,"href":"https:\/\/www.public.sn\/index.php\/wp-json\/wp\/v2\/categories?post=13865"},{"taxonomy":"post_tag","embeddable":true,"href":"https:\/\/www.public.sn\/index.php\/wp-json\/wp\/v2\/tags?post=13865"}],"curies":[{"name":"wp","href":"https:\/\/api.w.org\/{rel}","templated":true}]}}