{"id":13869,"date":"2023-01-18T11:33:14","date_gmt":"2023-01-18T11:33:14","guid":{"rendered":"https:\/\/www.public.sn\/?p=13869"},"modified":"2023-01-18T11:33:14","modified_gmt":"2023-01-18T11:33:14","slug":"cys-a-sonko-vous-etes-denie-de-toute-qualite-requise-pour-etre-un-leader","status":"publish","type":"post","link":"https:\/\/www.public.sn\/index.php\/2023\/01\/18\/cys-a-sonko-vous-etes-denie-de-toute-qualite-requise-pour-etre-un-leader\/","title":{"rendered":"CYS \u00e0 SONKO : \u00ab\u00a0Vous \u00eates d\u00e9ni\u00e9 de toute qualit\u00e9 requise pour \u00eatre un leader.\u00a0\u00bb"},"content":{"rendered":"<p>Je lis, ce matin, votre publication me concernant qui me conforte dans cette id\u00e9e: vous \u00eates d\u00e9ni\u00e9 de toute qualit\u00e9 requise pour \u00eatre un leader. Le manteau d&rsquo;homme d&rsquo;Etat est trop large pour vos \u00e9paules.<\/p><div class=\"publi-paragraphe1\" style=\"margin-top: 10px;margin-bottom: 10px;margin-left: auto;margin-right: auto;text-align: center;\" id=\"publi-547578872\"><div class=\"publi-adlabel\">Publicit\u00e9<\/div><script async src=\"\/\/pagead2.googlesyndication.com\/pagead\/js\/adsbygoogle.js?client=ca-pub-4089586018074219\" crossorigin=\"anonymous\"><\/script><ins class=\"adsbygoogle\" style=\"display:block;\" data-ad-client=\"ca-pub-4089586018074219\" \ndata-ad-slot=\"2087940154\" \ndata-ad-format=\"auto\"><\/ins>\n<script> \n(adsbygoogle = window.adsbygoogle || []).push({}); \n<\/script>\n<\/div>\n<p>Cette d\u00e9dicace que vous d\u00e9voilez, et qui m&rsquo;a \u00e9t\u00e9 demand\u00e9e pour vous par un ami commun, n&rsquo;a rien de compromettant pour moi. Elle reprend une phrase contenue dans le livre.<\/p>\n<p>L&rsquo;avoir publi\u00e9e me donne toutefois raison \u00e0 propos de ce que je n&rsquo;ai cess\u00e9 de penser: vous \u00eates le prototype de l&rsquo;homo pastefensis d\u00e9nu\u00e9 de culture politique et d&rsquo;intelligence sociologique que je d\u00e9cris dans ce livre.<\/p>\n<p>M. Sonko, je vais, \u00e0 la faveur de cette citation directe, donner plus de d\u00e9tails \u00e0 propos de votre vir\u00e9e sur la corniche ouest qui a d&rsquo;ailleurs fait l&rsquo;objet d&rsquo;une main courante de la police.<\/p>\n<p>Macky Sall en a pris beaucoup plus que vous dans cet ouvrage qui \u00e9trille son r\u00e9gime sur plusieurs chapitres. Je lui ai pourtant envoy\u00e9 une d\u00e9dicace que je n&rsquo;ai pas vue sur les r\u00e9seaux sociaux. C&rsquo;est dire&#8230;<\/p>\n<p>Il vous reste de la maturit\u00e9 et de l&rsquo;\u00e9paisseur d&rsquo;homme d&rsquo;Etat pour pouvoir pr\u00e9tendre \u00e0 diriger ce pays.<\/p>\n<p>PS: J&rsquo;ai pris deux exemples pour \u00e9tayer la th\u00e8se du non-complot autour de votre escapade nocturne \u00e0 Sweet Beaut\u00e9. Si je devais parler de vos m\u0153urs, j&rsquo;aurais pu faire un livre.<\/p>\n<p>Cheikh Y\u00e9rim Seck<\/p>\n<div class=\"publi-apres-le-contenu\" style=\"margin-top: 10px;margin-bottom: 10px;margin-left: auto;margin-right: auto;text-align: center;\" id=\"publi-706991836\"><div class=\"publi-adlabel\">Publicit\u00e9<\/div><script async src=\"\/\/pagead2.googlesyndication.com\/pagead\/js\/adsbygoogle.js?client=ca-pub-4089586018074219\" crossorigin=\"anonymous\"><\/script><ins class=\"adsbygoogle\" style=\"display:block;\" data-ad-client=\"ca-pub-4089586018074219\" \ndata-ad-slot=\"2087940154\" \ndata-ad-format=\"auto\"><\/ins>\n<script> \n(adsbygoogle = window.adsbygoogle || []).push({}); \n<\/script>\n<\/div>","protected":false},"excerpt":{"rendered":"<p>Je lis, ce matin, votre publication me concernant qui me conforte dans cette id\u00e9e: vous \u00eates d\u00e9ni\u00e9 de toute qualit\u00e9 requise pour \u00eatre un leader. Le manteau d&rsquo;homme d&rsquo;Etat est trop large pour vos \u00e9paules. Cette d\u00e9dicace que vous d\u00e9voilez, et qui m&rsquo;a \u00e9t\u00e9 demand\u00e9e pour vous par un ami commun, n&rsquo;a rien de compromettant pour moi. Elle reprend une phrase contenue dans le livre. L&rsquo;avoir publi\u00e9e me donne toutefois raison \u00e0 propos de ce que je n&rsquo;ai cess\u00e9 de penser: vous \u00eates le prototype de l&rsquo;homo pastefensis d\u00e9nu\u00e9 de culture politique et d&rsquo;intelligence sociologique que je d\u00e9cris dans ce livre. M. Sonko, je vais, \u00e0 la faveur de cette citation directe, donner plus de d\u00e9tails \u00e0 propos de votre vir\u00e9e sur la corniche ouest qui a d&rsquo;ailleurs fait l&rsquo;objet d&rsquo;une main courante de la police. Macky Sall en a pris beaucoup plus que vous dans cet ouvrage qui \u00e9trille son r\u00e9gime sur plusieurs chapitres. Je lui ai pourtant envoy\u00e9 une d\u00e9dicace que je n&rsquo;ai pas vue sur les r\u00e9seaux sociaux. C&rsquo;est dire&#8230; Il vous reste de la maturit\u00e9 et de l&rsquo;\u00e9paisseur d&rsquo;homme d&rsquo;Etat pour pouvoir pr\u00e9tendre \u00e0 diriger ce pays. PS: J&rsquo;ai pris deux exemples pour \u00e9tayer la th\u00e8se du non-complot autour de votre escapade nocturne \u00e0 Sweet Beaut\u00e9. Si je devais parler de vos m\u0153urs, j&rsquo;aurais pu faire un livre. Cheikh Y\u00e9rim Seck<\/p>\n","protected":false},"author":1,"featured_media":13573,"comment_status":"open","ping_status":"open","sticky":false,"template":"","format":"standard","meta":{"_jetpack_memberships_contains_paid_content":false,"footnotes":""},"categories":[375,3,376,1],"tags":[1507,306],"class_list":["post-13869","post","type-post","status-publish","format-standard","has-post-thumbnail","hentry","category-actualites","category-politique","category-securite-justice","category-non-classe","tag-cheikh-yerim-seck","tag-sonko","entry","has-media","owp-thumbs-layout-horizontal","owp-btn-normal","owp-tabs-layout-horizontal","has-no-thumbnails","has-product-nav"],"yoast_head":"<!-- This site is optimized with the Yoast SEO plugin v25.5 - https:\/\/yoast.com\/wordpress\/plugins\/seo\/ -->\n<title>CYS \u00e0 SONKO : &quot;Vous \u00eates d\u00e9ni\u00e9 de toute qualit\u00e9 requise pour \u00eatre un leader.&quot; - LE PUBLIC<\/title>\n<meta name=\"robots\" content=\"index, follow, max-snippet:-1, max-image-preview:large, max-video-preview:-1\" \/>\n<link rel=\"canonical\" href=\"https:\/\/www.public.sn\/index.php\/2023\/01\/18\/cys-a-sonko-vous-etes-denie-de-toute-qualite-requise-pour-etre-un-leader\/\" \/>\n<meta property=\"og:locale\" content=\"fr_FR\" \/>\n<meta property=\"og:type\" content=\"article\" \/>\n<meta property=\"og:title\" content=\"CYS \u00e0 SONKO : &quot;Vous \u00eates d\u00e9ni\u00e9 de toute qualit\u00e9 requise pour \u00eatre un leader.&quot; - LE PUBLIC\" \/>\n<meta property=\"og:description\" content=\"Je lis, ce matin, votre publication me concernant qui me conforte dans cette id\u00e9e: vous \u00eates d\u00e9ni\u00e9 de toute qualit\u00e9 requise pour \u00eatre un leader. Le manteau d&rsquo;homme d&rsquo;Etat est trop large pour vos \u00e9paules. Cette d\u00e9dicace que vous d\u00e9voilez, et qui m&rsquo;a \u00e9t\u00e9 demand\u00e9e pour vous par un ami commun, n&rsquo;a rien de compromettant pour moi. Elle reprend une phrase contenue dans le livre. L&rsquo;avoir publi\u00e9e me donne toutefois raison \u00e0 propos de ce que je n&rsquo;ai cess\u00e9 de penser: vous \u00eates le prototype de l&rsquo;homo pastefensis d\u00e9nu\u00e9 de culture politique et d&rsquo;intelligence sociologique que je d\u00e9cris dans ce livre. M. Sonko, je vais, \u00e0 la faveur de cette citation directe, donner plus de d\u00e9tails \u00e0 propos de votre vir\u00e9e sur la corniche ouest qui a d&rsquo;ailleurs fait l&rsquo;objet d&rsquo;une main courante de la police. Macky Sall en a pris beaucoup plus que vous dans cet ouvrage qui \u00e9trille son r\u00e9gime sur plusieurs chapitres. Je lui ai pourtant envoy\u00e9 une d\u00e9dicace que je n&rsquo;ai pas vue sur les r\u00e9seaux sociaux. C&rsquo;est dire&#8230; Il vous reste de la maturit\u00e9 et de l&rsquo;\u00e9paisseur d&rsquo;homme d&rsquo;Etat pour pouvoir pr\u00e9tendre \u00e0 diriger ce pays. PS: J&rsquo;ai pris deux exemples pour \u00e9tayer la th\u00e8se du non-complot autour de votre escapade nocturne \u00e0 Sweet Beaut\u00e9. Si je devais parler de vos m\u0153urs, j&rsquo;aurais pu faire un livre. Cheikh Y\u00e9rim Seck\" \/>\n<meta property=\"og:url\" content=\"https:\/\/www.public.sn\/index.php\/2023\/01\/18\/cys-a-sonko-vous-etes-denie-de-toute-qualite-requise-pour-etre-un-leader\/\" \/>\n<meta property=\"og:site_name\" content=\"LE PUBLIC\" \/>\n<meta property=\"article:published_time\" content=\"2023-01-18T11:33:14+00:00\" \/>\n<meta property=\"og:image\" content=\"https:\/\/www.public.sn\/wp-content\/uploads\/2023\/01\/cheikh-yerim.jpg\" \/>\n\t<meta property=\"og:image:width\" content=\"620\" \/>\n\t<meta property=\"og:image:height\" content=\"400\" \/>\n\t<meta property=\"og:image:type\" content=\"image\/jpeg\" \/>\n<meta name=\"author\" content=\"LA REDACTION\" \/>\n<meta name=\"twitter:card\" content=\"summary_large_image\" \/>\n<meta name=\"twitter:label1\" content=\"\u00c9crit par\" \/>\n\t<meta name=\"twitter:data1\" content=\"LA REDACTION\" \/>\n\t<meta name=\"twitter:label2\" content=\"Dur\u00e9e de lecture estim\u00e9e\" \/>\n\t<meta name=\"twitter:data2\" content=\"2 minutes\" \/>\n<script type=\"application\/ld+json\" class=\"yoast-schema-graph\">{\"@context\":\"https:\/\/schema.org\",\"@graph\":[{\"@type\":\"Article\",\"@id\":\"https:\/\/www.public.sn\/index.php\/2023\/01\/18\/cys-a-sonko-vous-etes-denie-de-toute-qualite-requise-pour-etre-un-leader\/#article\",\"isPartOf\":{\"@id\":\"https:\/\/www.public.sn\/index.php\/2023\/01\/18\/cys-a-sonko-vous-etes-denie-de-toute-qualite-requise-pour-etre-un-leader\/\"},\"author\":{\"name\":\"LA REDACTION\",\"@id\":\"https:\/\/www.public.sn\/#\/schema\/person\/e3f4a11b037d4203902db148f9bc8d5a\"},\"headline\":\"CYS \u00e0 SONKO : \u00ab\u00a0Vous \u00eates d\u00e9ni\u00e9 de toute qualit\u00e9 requise pour \u00eatre un leader.\u00a0\u00bb\",\"datePublished\":\"2023-01-18T11:33:14+00:00\",\"mainEntityOfPage\":{\"@id\":\"https:\/\/www.public.sn\/index.php\/2023\/01\/18\/cys-a-sonko-vous-etes-denie-de-toute-qualite-requise-pour-etre-un-leader\/\"},\"wordCount\":252,\"commentCount\":0,\"publisher\":{\"@id\":\"https:\/\/www.public.sn\/#organization\"},\"image\":{\"@id\":\"https:\/\/www.public.sn\/index.php\/2023\/01\/18\/cys-a-sonko-vous-etes-denie-de-toute-qualite-requise-pour-etre-un-leader\/#primaryimage\"},\"thumbnailUrl\":\"https:\/\/www.public.sn\/wp-content\/uploads\/2023\/01\/cheikh-yerim.jpg\",\"keywords\":[\"Cheikh Yerim Seck\",\"sonko\"],\"articleSection\":[\"ACTUALIT\u00c9S\",\"POLITIQUE\",\"S\u00c9CURIT\u00c9 &amp; JUSTICE\",\"S\u00c9N\u00c9GAL\"],\"inLanguage\":\"fr-FR\",\"potentialAction\":[{\"@type\":\"CommentAction\",\"name\":\"Comment\",\"target\":[\"https:\/\/www.public.sn\/index.php\/2023\/01\/18\/cys-a-sonko-vous-etes-denie-de-toute-qualite-requise-pour-etre-un-leader\/#respond\"]}]},{\"@type\":\"WebPage\",\"@id\":\"https:\/\/www.public.sn\/index.php\/2023\/01\/18\/cys-a-sonko-vous-etes-denie-de-toute-qualite-requise-pour-etre-un-leader\/\",\"url\":\"https:\/\/www.public.sn\/index.php\/2023\/01\/18\/cys-a-sonko-vous-etes-denie-de-toute-qualite-requise-pour-etre-un-leader\/\",\"name\":\"CYS \u00e0 SONKO : \\\"Vous \u00eates d\u00e9ni\u00e9 de toute qualit\u00e9 requise pour \u00eatre un leader.\\\" - LE PUBLIC\",\"isPartOf\":{\"@id\":\"https:\/\/www.public.sn\/#website\"},\"primaryImageOfPage\":{\"@id\":\"https:\/\/www.public.sn\/index.php\/2023\/01\/18\/cys-a-sonko-vous-etes-denie-de-toute-qualite-requise-pour-etre-un-leader\/#primaryimage\"},\"image\":{\"@id\":\"https:\/\/www.public.sn\/index.php\/2023\/01\/18\/cys-a-sonko-vous-etes-denie-de-toute-qualite-requise-pour-etre-un-leader\/#primaryimage\"},\"thumbnailUrl\":\"https:\/\/www.public.sn\/wp-content\/uploads\/2023\/01\/cheikh-yerim.jpg\",\"datePublished\":\"2023-01-18T11:33:14+00:00\",\"breadcrumb\":{\"@id\":\"https:\/\/www.public.sn\/index.php\/2023\/01\/18\/cys-a-sonko-vous-etes-denie-de-toute-qualite-requise-pour-etre-un-leader\/#breadcrumb\"},\"inLanguage\":\"fr-FR\",\"potentialAction\":[{\"@type\":\"ReadAction\",\"target\":[\"https:\/\/www.public.sn\/index.php\/2023\/01\/18\/cys-a-sonko-vous-etes-denie-de-toute-qualite-requise-pour-etre-un-leader\/\"]}]},{\"@type\":\"ImageObject\",\"inLanguage\":\"fr-FR\",\"@id\":\"https:\/\/www.public.sn\/index.php\/2023\/01\/18\/cys-a-sonko-vous-etes-denie-de-toute-qualite-requise-pour-etre-un-leader\/#primaryimage\",\"url\":\"https:\/\/www.public.sn\/wp-content\/uploads\/2023\/01\/cheikh-yerim.jpg\",\"contentUrl\":\"https:\/\/www.public.sn\/wp-content\/uploads\/2023\/01\/cheikh-yerim.jpg\",\"width\":620,\"height\":400},{\"@type\":\"BreadcrumbList\",\"@id\":\"https:\/\/www.public.sn\/index.php\/2023\/01\/18\/cys-a-sonko-vous-etes-denie-de-toute-qualite-requise-pour-etre-un-leader\/#breadcrumb\",\"itemListElement\":[{\"@type\":\"ListItem\",\"position\":1,\"name\":\"Accueil\",\"item\":\"https:\/\/www.public.sn\/\"},{\"@type\":\"ListItem\",\"position\":2,\"name\":\"CYS \u00e0 SONKO : \u00ab\u00a0Vous \u00eates d\u00e9ni\u00e9 de toute qualit\u00e9 requise pour \u00eatre un leader.\u00a0\u00bb\"}]},{\"@type\":\"WebSite\",\"@id\":\"https:\/\/www.public.sn\/#website\",\"url\":\"https:\/\/www.public.sn\/\",\"name\":\"LE PUBLIC\",\"description\":\"\",\"publisher\":{\"@id\":\"https:\/\/www.public.sn\/#organization\"},\"potentialAction\":[{\"@type\":\"SearchAction\",\"target\":{\"@type\":\"EntryPoint\",\"urlTemplate\":\"https:\/\/www.public.sn\/?s={search_term_string}\"},\"query-input\":{\"@type\":\"PropertyValueSpecification\",\"valueRequired\":true,\"valueName\":\"search_term_string\"}}],\"inLanguage\":\"fr-FR\"},{\"@type\":\"Organization\",\"@id\":\"https:\/\/www.public.sn\/#organization\",\"name\":\"LE PUBLIC\",\"url\":\"https:\/\/www.public.sn\/\",\"logo\":{\"@type\":\"ImageObject\",\"inLanguage\":\"fr-FR\",\"@id\":\"https:\/\/www.public.sn\/#\/schema\/logo\/image\/\",\"url\":\"https:\/\/www.public.sn\/wp-content\/uploads\/2024\/05\/cropped-LOGO-PUBLIC.SN_.png\",\"contentUrl\":\"https:\/\/www.public.sn\/wp-content\/uploads\/2024\/05\/cropped-LOGO-PUBLIC.SN_.png\",\"width\":682,\"height\":192,\"caption\":\"LE PUBLIC\"},\"image\":{\"@id\":\"https:\/\/www.public.sn\/#\/schema\/logo\/image\/\"}},{\"@type\":\"Person\",\"@id\":\"https:\/\/www.public.sn\/#\/schema\/person\/e3f4a11b037d4203902db148f9bc8d5a\",\"name\":\"LA REDACTION\",\"image\":{\"@type\":\"ImageObject\",\"inLanguage\":\"fr-FR\",\"@id\":\"https:\/\/www.public.sn\/#\/schema\/person\/image\/\",\"url\":\"https:\/\/secure.gravatar.com\/avatar\/d6c030db45db2883c075085c5d6c6258654a801a93766b49af0b82d4f454e2a5?s=96&d=mm&r=g\",\"contentUrl\":\"https:\/\/secure.gravatar.com\/avatar\/d6c030db45db2883c075085c5d6c6258654a801a93766b49af0b82d4f454e2a5?s=96&d=mm&r=g\",\"caption\":\"LA REDACTION\"},\"sameAs\":[\"http:\/\/www.public.sn\"],\"url\":\"https:\/\/www.public.sn\/index.php\/author\/admin7324\/\"}]}<\/script>\n<!-- \/ Yoast SEO plugin. -->","yoast_head_json":{"title":"CYS \u00e0 SONKO : \"Vous \u00eates d\u00e9ni\u00e9 de toute qualit\u00e9 requise pour \u00eatre un leader.\" - LE PUBLIC","robots":{"index":"index","follow":"follow","max-snippet":"max-snippet:-1","max-image-preview":"max-image-preview:large","max-video-preview":"max-video-preview:-1"},"canonical":"https:\/\/www.public.sn\/index.php\/2023\/01\/18\/cys-a-sonko-vous-etes-denie-de-toute-qualite-requise-pour-etre-un-leader\/","og_locale":"fr_FR","og_type":"article","og_title":"CYS \u00e0 SONKO : \"Vous \u00eates d\u00e9ni\u00e9 de toute qualit\u00e9 requise pour \u00eatre un leader.\" - LE PUBLIC","og_description":"Je lis, ce matin, votre publication me concernant qui me conforte dans cette id\u00e9e: vous \u00eates d\u00e9ni\u00e9 de toute qualit\u00e9 requise pour \u00eatre un leader. Le manteau d&rsquo;homme d&rsquo;Etat est trop large pour vos \u00e9paules. Cette d\u00e9dicace que vous d\u00e9voilez, et qui m&rsquo;a \u00e9t\u00e9 demand\u00e9e pour vous par un ami commun, n&rsquo;a rien de compromettant pour moi. Elle reprend une phrase contenue dans le livre. L&rsquo;avoir publi\u00e9e me donne toutefois raison \u00e0 propos de ce que je n&rsquo;ai cess\u00e9 de penser: vous \u00eates le prototype de l&rsquo;homo pastefensis d\u00e9nu\u00e9 de culture politique et d&rsquo;intelligence sociologique que je d\u00e9cris dans ce livre. M. Sonko, je vais, \u00e0 la faveur de cette citation directe, donner plus de d\u00e9tails \u00e0 propos de votre vir\u00e9e sur la corniche ouest qui a d&rsquo;ailleurs fait l&rsquo;objet d&rsquo;une main courante de la police. Macky Sall en a pris beaucoup plus que vous dans cet ouvrage qui \u00e9trille son r\u00e9gime sur plusieurs chapitres. Je lui ai pourtant envoy\u00e9 une d\u00e9dicace que je n&rsquo;ai pas vue sur les r\u00e9seaux sociaux. C&rsquo;est dire&#8230; Il vous reste de la maturit\u00e9 et de l&rsquo;\u00e9paisseur d&rsquo;homme d&rsquo;Etat pour pouvoir pr\u00e9tendre \u00e0 diriger ce pays. PS: J&rsquo;ai pris deux exemples pour \u00e9tayer la th\u00e8se du non-complot autour de votre escapade nocturne \u00e0 Sweet Beaut\u00e9. Si je devais parler de vos m\u0153urs, j&rsquo;aurais pu faire un livre. Cheikh Y\u00e9rim Seck","og_url":"https:\/\/www.public.sn\/index.php\/2023\/01\/18\/cys-a-sonko-vous-etes-denie-de-toute-qualite-requise-pour-etre-un-leader\/","og_site_name":"LE PUBLIC","article_published_time":"2023-01-18T11:33:14+00:00","og_image":[{"width":620,"height":400,"url":"https:\/\/www.public.sn\/wp-content\/uploads\/2023\/01\/cheikh-yerim.jpg","type":"image\/jpeg"}],"author":"LA REDACTION","twitter_card":"summary_large_image","twitter_misc":{"\u00c9crit par":"LA REDACTION","Dur\u00e9e de lecture estim\u00e9e":"2 minutes"},"schema":{"@context":"https:\/\/schema.org","@graph":[{"@type":"Article","@id":"https:\/\/www.public.sn\/index.php\/2023\/01\/18\/cys-a-sonko-vous-etes-denie-de-toute-qualite-requise-pour-etre-un-leader\/#article","isPartOf":{"@id":"https:\/\/www.public.sn\/index.php\/2023\/01\/18\/cys-a-sonko-vous-etes-denie-de-toute-qualite-requise-pour-etre-un-leader\/"},"author":{"name":"LA REDACTION","@id":"https:\/\/www.public.sn\/#\/schema\/person\/e3f4a11b037d4203902db148f9bc8d5a"},"headline":"CYS \u00e0 SONKO : \u00ab\u00a0Vous \u00eates d\u00e9ni\u00e9 de toute qualit\u00e9 requise pour \u00eatre un leader.\u00a0\u00bb","datePublished":"2023-01-18T11:33:14+00:00","mainEntityOfPage":{"@id":"https:\/\/www.public.sn\/index.php\/2023\/01\/18\/cys-a-sonko-vous-etes-denie-de-toute-qualite-requise-pour-etre-un-leader\/"},"wordCount":252,"commentCount":0,"publisher":{"@id":"https:\/\/www.public.sn\/#organization"},"image":{"@id":"https:\/\/www.public.sn\/index.php\/2023\/01\/18\/cys-a-sonko-vous-etes-denie-de-toute-qualite-requise-pour-etre-un-leader\/#primaryimage"},"thumbnailUrl":"https:\/\/www.public.sn\/wp-content\/uploads\/2023\/01\/cheikh-yerim.jpg","keywords":["Cheikh Yerim Seck","sonko"],"articleSection":["ACTUALIT\u00c9S","POLITIQUE","S\u00c9CURIT\u00c9 &amp; JUSTICE","S\u00c9N\u00c9GAL"],"inLanguage":"fr-FR","potentialAction":[{"@type":"CommentAction","name":"Comment","target":["https:\/\/www.public.sn\/index.php\/2023\/01\/18\/cys-a-sonko-vous-etes-denie-de-toute-qualite-requise-pour-etre-un-leader\/#respond"]}]},{"@type":"WebPage","@id":"https:\/\/www.public.sn\/index.php\/2023\/01\/18\/cys-a-sonko-vous-etes-denie-de-toute-qualite-requise-pour-etre-un-leader\/","url":"https:\/\/www.public.sn\/index.php\/2023\/01\/18\/cys-a-sonko-vous-etes-denie-de-toute-qualite-requise-pour-etre-un-leader\/","name":"CYS \u00e0 SONKO : \"Vous \u00eates d\u00e9ni\u00e9 de toute qualit\u00e9 requise pour \u00eatre un leader.\" - LE PUBLIC","isPartOf":{"@id":"https:\/\/www.public.sn\/#website"},"primaryImageOfPage":{"@id":"https:\/\/www.public.sn\/index.php\/2023\/01\/18\/cys-a-sonko-vous-etes-denie-de-toute-qualite-requise-pour-etre-un-leader\/#primaryimage"},"image":{"@id":"https:\/\/www.public.sn\/index.php\/2023\/01\/18\/cys-a-sonko-vous-etes-denie-de-toute-qualite-requise-pour-etre-un-leader\/#primaryimage"},"thumbnailUrl":"https:\/\/www.public.sn\/wp-content\/uploads\/2023\/01\/cheikh-yerim.jpg","datePublished":"2023-01-18T11:33:14+00:00","breadcrumb":{"@id":"https:\/\/www.public.sn\/index.php\/2023\/01\/18\/cys-a-sonko-vous-etes-denie-de-toute-qualite-requise-pour-etre-un-leader\/#breadcrumb"},"inLanguage":"fr-FR","potentialAction":[{"@type":"ReadAction","target":["https:\/\/www.public.sn\/index.php\/2023\/01\/18\/cys-a-sonko-vous-etes-denie-de-toute-qualite-requise-pour-etre-un-leader\/"]}]},{"@type":"ImageObject","inLanguage":"fr-FR","@id":"https:\/\/www.public.sn\/index.php\/2023\/01\/18\/cys-a-sonko-vous-etes-denie-de-toute-qualite-requise-pour-etre-un-leader\/#primaryimage","url":"https:\/\/www.public.sn\/wp-content\/uploads\/2023\/01\/cheikh-yerim.jpg","contentUrl":"https:\/\/www.public.sn\/wp-content\/uploads\/2023\/01\/cheikh-yerim.jpg","width":620,"height":400},{"@type":"BreadcrumbList","@id":"https:\/\/www.public.sn\/index.php\/2023\/01\/18\/cys-a-sonko-vous-etes-denie-de-toute-qualite-requise-pour-etre-un-leader\/#breadcrumb","itemListElement":[{"@type":"ListItem","position":1,"name":"Accueil","item":"https:\/\/www.public.sn\/"},{"@type":"ListItem","position":2,"name":"CYS \u00e0 SONKO : \u00ab\u00a0Vous \u00eates d\u00e9ni\u00e9 de toute qualit\u00e9 requise pour \u00eatre un leader.\u00a0\u00bb"}]},{"@type":"WebSite","@id":"https:\/\/www.public.sn\/#website","url":"https:\/\/www.public.sn\/","name":"LE PUBLIC","description":"","publisher":{"@id":"https:\/\/www.public.sn\/#organization"},"potentialAction":[{"@type":"SearchAction","target":{"@type":"EntryPoint","urlTemplate":"https:\/\/www.public.sn\/?s={search_term_string}"},"query-input":{"@type":"PropertyValueSpecification","valueRequired":true,"valueName":"search_term_string"}}],"inLanguage":"fr-FR"},{"@type":"Organization","@id":"https:\/\/www.public.sn\/#organization","name":"LE PUBLIC","url":"https:\/\/www.public.sn\/","logo":{"@type":"ImageObject","inLanguage":"fr-FR","@id":"https:\/\/www.public.sn\/#\/schema\/logo\/image\/","url":"https:\/\/www.public.sn\/wp-content\/uploads\/2024\/05\/cropped-LOGO-PUBLIC.SN_.png","contentUrl":"https:\/\/www.public.sn\/wp-content\/uploads\/2024\/05\/cropped-LOGO-PUBLIC.SN_.png","width":682,"height":192,"caption":"LE PUBLIC"},"image":{"@id":"https:\/\/www.public.sn\/#\/schema\/logo\/image\/"}},{"@type":"Person","@id":"https:\/\/www.public.sn\/#\/schema\/person\/e3f4a11b037d4203902db148f9bc8d5a","name":"LA REDACTION","image":{"@type":"ImageObject","inLanguage":"fr-FR","@id":"https:\/\/www.public.sn\/#\/schema\/person\/image\/","url":"https:\/\/secure.gravatar.com\/avatar\/d6c030db45db2883c075085c5d6c6258654a801a93766b49af0b82d4f454e2a5?s=96&d=mm&r=g","contentUrl":"https:\/\/secure.gravatar.com\/avatar\/d6c030db45db2883c075085c5d6c6258654a801a93766b49af0b82d4f454e2a5?s=96&d=mm&r=g","caption":"LA REDACTION"},"sameAs":["http:\/\/www.public.sn"],"url":"https:\/\/www.public.sn\/index.php\/author\/admin7324\/"}]}},"jetpack_featured_media_url":"https:\/\/www.public.sn\/wp-content\/uploads\/2023\/01\/cheikh-yerim.jpg","jetpack_sharing_enabled":true,"_links":{"self":[{"href":"https:\/\/www.public.sn\/index.php\/wp-json\/wp\/v2\/posts\/13869","targetHints":{"allow":["GET"]}}],"collection":[{"href":"https:\/\/www.public.sn\/index.php\/wp-json\/wp\/v2\/posts"}],"about":[{"href":"https:\/\/www.public.sn\/index.php\/wp-json\/wp\/v2\/types\/post"}],"author":[{"embeddable":true,"href":"https:\/\/www.public.sn\/index.php\/wp-json\/wp\/v2\/users\/1"}],"replies":[{"embeddable":true,"href":"https:\/\/www.public.sn\/index.php\/wp-json\/wp\/v2\/comments?post=13869"}],"version-history":[{"count":1,"href":"https:\/\/www.public.sn\/index.php\/wp-json\/wp\/v2\/posts\/13869\/revisions"}],"predecessor-version":[{"id":13870,"href":"https:\/\/www.public.sn\/index.php\/wp-json\/wp\/v2\/posts\/13869\/revisions\/13870"}],"wp:featuredmedia":[{"embeddable":true,"href":"https:\/\/www.public.sn\/index.php\/wp-json\/wp\/v2\/media\/13573"}],"wp:attachment":[{"href":"https:\/\/www.public.sn\/index.php\/wp-json\/wp\/v2\/media?parent=13869"}],"wp:term":[{"taxonomy":"category","embeddable":true,"href":"https:\/\/www.public.sn\/index.php\/wp-json\/wp\/v2\/categories?post=13869"},{"taxonomy":"post_tag","embeddable":true,"href":"https:\/\/www.public.sn\/index.php\/wp-json\/wp\/v2\/tags?post=13869"}],"curies":[{"name":"wp","href":"https:\/\/api.w.org\/{rel}","templated":true}]}}