{"id":13881,"date":"2023-01-18T16:16:03","date_gmt":"2023-01-18T16:16:03","guid":{"rendered":"https:\/\/www.public.sn\/?p=13881"},"modified":"2023-01-18T16:16:03","modified_gmt":"2023-01-18T16:16:03","slug":"les-causes-de-larrestation-de-nitdoff-connues","status":"publish","type":"post","link":"https:\/\/www.public.sn\/index.php\/2023\/01\/18\/les-causes-de-larrestation-de-nitdoff-connues\/","title":{"rendered":"Les causes de l&rsquo;arrestation de Nitdoff connues"},"content":{"rendered":"<p><strong>Mor Talla Gueye alias Nitdoff arr\u00eat\u00e9 ce matin par la S\u00fbret\u00e9 Urbaine sur instruction du Procureur. Aux derni\u00e8res nouvelles, le rappeur est entendu sous le r\u00e9gime de la garde \u00e0 vue pour appel \u00e0 l&rsquo;insurrection, outrage \u00e0 magistrats, appel \u00e0 la violence, appel \u00e0 la d\u00e9sob\u00e9issance aux institutions, menaces de mort \u00e0 l&rsquo;encontre des autorit\u00e9s judiciaires, injures publiques.<\/strong><\/p><div class=\"publi-paragraphe1\" style=\"margin-top: 10px;margin-bottom: 10px;margin-left: auto;margin-right: auto;text-align: center;\" id=\"publi-4188324250\"><div class=\"publi-adlabel\">Publicit\u00e9<\/div><script async src=\"\/\/pagead2.googlesyndication.com\/pagead\/js\/adsbygoogle.js?client=ca-pub-4089586018074219\" crossorigin=\"anonymous\"><\/script><ins class=\"adsbygoogle\" style=\"display:block;\" data-ad-client=\"ca-pub-4089586018074219\" \ndata-ad-slot=\"2087940154\" \ndata-ad-format=\"auto\"><\/ins>\n<script> \n(adsbygoogle = window.adsbygoogle || []).push({}); \n<\/script>\n<\/div>\n<p>Pour rappel, selon Seneweb, le procureur de la R\u00e9publique s&rsquo;est auto-saisi en ordonnant l&rsquo;interpellation du rappeur puis l&rsquo;ouverture d&rsquo;une enqu\u00eate, suite \u00e0 un live dans lequel Mor Talla Gu\u00e8ye avait prof\u00e9r\u00e9 des insultes \u00e0 tout-va.<\/p>\n<p>Au terme de l&rsquo;enqu\u00eate de la S\u00fbret\u00e9 Urbaine, le rappeur, proche de Ousmane Sonko, sera mis \u00e0 la disposition du parquet, sauf changement de programme.<\/p>\n<div class=\"publi-apres-le-contenu\" style=\"margin-top: 10px;margin-bottom: 10px;margin-left: auto;margin-right: auto;text-align: center;\" id=\"publi-2389417454\"><div class=\"publi-adlabel\">Publicit\u00e9<\/div><script async src=\"\/\/pagead2.googlesyndication.com\/pagead\/js\/adsbygoogle.js?client=ca-pub-4089586018074219\" crossorigin=\"anonymous\"><\/script><ins class=\"adsbygoogle\" style=\"display:block;\" data-ad-client=\"ca-pub-4089586018074219\" \ndata-ad-slot=\"2087940154\" \ndata-ad-format=\"auto\"><\/ins>\n<script> \n(adsbygoogle = window.adsbygoogle || []).push({}); \n<\/script>\n<\/div>","protected":false},"excerpt":{"rendered":"<p>Mor Talla Gueye alias Nitdoff arr\u00eat\u00e9 ce matin par la S\u00fbret\u00e9 Urbaine sur instruction du Procureur. Aux derni\u00e8res nouvelles, le rappeur est entendu sous le r\u00e9gime de la garde \u00e0 vue pour appel \u00e0 l&rsquo;insurrection, outrage \u00e0 magistrats, appel \u00e0 la violence, appel \u00e0 la d\u00e9sob\u00e9issance aux institutions, menaces de mort \u00e0 l&rsquo;encontre des autorit\u00e9s judiciaires, injures publiques. Pour rappel, selon Seneweb, le procureur de la R\u00e9publique s&rsquo;est auto-saisi en ordonnant l&rsquo;interpellation du rappeur puis l&rsquo;ouverture d&rsquo;une enqu\u00eate, suite \u00e0 un live dans lequel Mor Talla Gu\u00e8ye avait prof\u00e9r\u00e9 des insultes \u00e0 tout-va. Au terme de l&rsquo;enqu\u00eate de la S\u00fbret\u00e9 Urbaine, le rappeur, proche de Ousmane Sonko, sera mis \u00e0 la disposition du parquet, sauf changement de programme.<\/p>\n","protected":false},"author":1,"featured_media":11939,"comment_status":"open","ping_status":"open","sticky":false,"template":"","format":"standard","meta":{"_jetpack_memberships_contains_paid_content":false,"footnotes":""},"categories":[375,3,376,372],"tags":[4131,4130,16],"class_list":["post-13881","post","type-post","status-publish","format-standard","has-post-thumbnail","hentry","category-actualites","category-politique","category-securite-justice","category-vedette","tag-insurrection","tag-nitdoff","tag-ousmane-sonko","entry","has-media","owp-thumbs-layout-horizontal","owp-btn-normal","owp-tabs-layout-horizontal","has-no-thumbnails","has-product-nav"],"yoast_head":"<!-- This site is optimized with the Yoast SEO plugin v25.5 - https:\/\/yoast.com\/wordpress\/plugins\/seo\/ -->\n<title>Les causes de l&#039;arrestation de Nitdoff connues - LE PUBLIC<\/title>\n<meta name=\"robots\" content=\"index, follow, max-snippet:-1, max-image-preview:large, max-video-preview:-1\" \/>\n<link rel=\"canonical\" href=\"https:\/\/www.public.sn\/index.php\/2023\/01\/18\/les-causes-de-larrestation-de-nitdoff-connues\/\" \/>\n<meta property=\"og:locale\" content=\"fr_FR\" \/>\n<meta property=\"og:type\" content=\"article\" \/>\n<meta property=\"og:title\" content=\"Les causes de l&#039;arrestation de Nitdoff connues - LE PUBLIC\" \/>\n<meta property=\"og:description\" content=\"Mor Talla Gueye alias Nitdoff arr\u00eat\u00e9 ce matin par la S\u00fbret\u00e9 Urbaine sur instruction du Procureur. Aux derni\u00e8res nouvelles, le rappeur est entendu sous le r\u00e9gime de la garde \u00e0 vue pour appel \u00e0 l&rsquo;insurrection, outrage \u00e0 magistrats, appel \u00e0 la violence, appel \u00e0 la d\u00e9sob\u00e9issance aux institutions, menaces de mort \u00e0 l&rsquo;encontre des autorit\u00e9s judiciaires, injures publiques. Pour rappel, selon Seneweb, le procureur de la R\u00e9publique s&rsquo;est auto-saisi en ordonnant l&rsquo;interpellation du rappeur puis l&rsquo;ouverture d&rsquo;une enqu\u00eate, suite \u00e0 un live dans lequel Mor Talla Gu\u00e8ye avait prof\u00e9r\u00e9 des insultes \u00e0 tout-va. Au terme de l&rsquo;enqu\u00eate de la S\u00fbret\u00e9 Urbaine, le rappeur, proche de Ousmane Sonko, sera mis \u00e0 la disposition du parquet, sauf changement de programme.\" \/>\n<meta property=\"og:url\" content=\"https:\/\/www.public.sn\/index.php\/2023\/01\/18\/les-causes-de-larrestation-de-nitdoff-connues\/\" \/>\n<meta property=\"og:site_name\" content=\"LE PUBLIC\" \/>\n<meta property=\"article:published_time\" content=\"2023-01-18T16:16:03+00:00\" \/>\n<meta property=\"og:image\" content=\"https:\/\/www.public.sn\/wp-content\/uploads\/2022\/12\/nitdoff.jpg\" \/>\n\t<meta property=\"og:image:width\" content=\"400\" \/>\n\t<meta property=\"og:image:height\" content=\"400\" \/>\n\t<meta property=\"og:image:type\" content=\"image\/jpeg\" \/>\n<meta name=\"author\" content=\"LA REDACTION\" \/>\n<meta name=\"twitter:card\" content=\"summary_large_image\" \/>\n<meta name=\"twitter:label1\" content=\"\u00c9crit par\" \/>\n\t<meta name=\"twitter:data1\" content=\"LA REDACTION\" \/>\n\t<meta name=\"twitter:label2\" content=\"Dur\u00e9e de lecture estim\u00e9e\" \/>\n\t<meta name=\"twitter:data2\" content=\"1 minute\" \/>\n<script type=\"application\/ld+json\" class=\"yoast-schema-graph\">{\"@context\":\"https:\/\/schema.org\",\"@graph\":[{\"@type\":\"Article\",\"@id\":\"https:\/\/www.public.sn\/index.php\/2023\/01\/18\/les-causes-de-larrestation-de-nitdoff-connues\/#article\",\"isPartOf\":{\"@id\":\"https:\/\/www.public.sn\/index.php\/2023\/01\/18\/les-causes-de-larrestation-de-nitdoff-connues\/\"},\"author\":{\"name\":\"LA REDACTION\",\"@id\":\"https:\/\/www.public.sn\/#\/schema\/person\/e3f4a11b037d4203902db148f9bc8d5a\"},\"headline\":\"Les causes de l&rsquo;arrestation de Nitdoff connues\",\"datePublished\":\"2023-01-18T16:16:03+00:00\",\"mainEntityOfPage\":{\"@id\":\"https:\/\/www.public.sn\/index.php\/2023\/01\/18\/les-causes-de-larrestation-de-nitdoff-connues\/\"},\"wordCount\":129,\"commentCount\":0,\"publisher\":{\"@id\":\"https:\/\/www.public.sn\/#organization\"},\"image\":{\"@id\":\"https:\/\/www.public.sn\/index.php\/2023\/01\/18\/les-causes-de-larrestation-de-nitdoff-connues\/#primaryimage\"},\"thumbnailUrl\":\"https:\/\/www.public.sn\/wp-content\/uploads\/2022\/12\/nitdoff.jpg\",\"keywords\":[\"insurrection\",\"Nitdoff\",\"Ousmane Sonko\"],\"articleSection\":[\"ACTUALIT\u00c9S\",\"POLITIQUE\",\"S\u00c9CURIT\u00c9 &amp; JUSTICE\",\"VEDETTE\"],\"inLanguage\":\"fr-FR\",\"potentialAction\":[{\"@type\":\"CommentAction\",\"name\":\"Comment\",\"target\":[\"https:\/\/www.public.sn\/index.php\/2023\/01\/18\/les-causes-de-larrestation-de-nitdoff-connues\/#respond\"]}]},{\"@type\":\"WebPage\",\"@id\":\"https:\/\/www.public.sn\/index.php\/2023\/01\/18\/les-causes-de-larrestation-de-nitdoff-connues\/\",\"url\":\"https:\/\/www.public.sn\/index.php\/2023\/01\/18\/les-causes-de-larrestation-de-nitdoff-connues\/\",\"name\":\"Les causes de l'arrestation de Nitdoff connues - LE PUBLIC\",\"isPartOf\":{\"@id\":\"https:\/\/www.public.sn\/#website\"},\"primaryImageOfPage\":{\"@id\":\"https:\/\/www.public.sn\/index.php\/2023\/01\/18\/les-causes-de-larrestation-de-nitdoff-connues\/#primaryimage\"},\"image\":{\"@id\":\"https:\/\/www.public.sn\/index.php\/2023\/01\/18\/les-causes-de-larrestation-de-nitdoff-connues\/#primaryimage\"},\"thumbnailUrl\":\"https:\/\/www.public.sn\/wp-content\/uploads\/2022\/12\/nitdoff.jpg\",\"datePublished\":\"2023-01-18T16:16:03+00:00\",\"breadcrumb\":{\"@id\":\"https:\/\/www.public.sn\/index.php\/2023\/01\/18\/les-causes-de-larrestation-de-nitdoff-connues\/#breadcrumb\"},\"inLanguage\":\"fr-FR\",\"potentialAction\":[{\"@type\":\"ReadAction\",\"target\":[\"https:\/\/www.public.sn\/index.php\/2023\/01\/18\/les-causes-de-larrestation-de-nitdoff-connues\/\"]}]},{\"@type\":\"ImageObject\",\"inLanguage\":\"fr-FR\",\"@id\":\"https:\/\/www.public.sn\/index.php\/2023\/01\/18\/les-causes-de-larrestation-de-nitdoff-connues\/#primaryimage\",\"url\":\"https:\/\/www.public.sn\/wp-content\/uploads\/2022\/12\/nitdoff.jpg\",\"contentUrl\":\"https:\/\/www.public.sn\/wp-content\/uploads\/2022\/12\/nitdoff.jpg\",\"width\":400,\"height\":400},{\"@type\":\"BreadcrumbList\",\"@id\":\"https:\/\/www.public.sn\/index.php\/2023\/01\/18\/les-causes-de-larrestation-de-nitdoff-connues\/#breadcrumb\",\"itemListElement\":[{\"@type\":\"ListItem\",\"position\":1,\"name\":\"Accueil\",\"item\":\"https:\/\/www.public.sn\/\"},{\"@type\":\"ListItem\",\"position\":2,\"name\":\"Les causes de l&rsquo;arrestation de Nitdoff connues\"}]},{\"@type\":\"WebSite\",\"@id\":\"https:\/\/www.public.sn\/#website\",\"url\":\"https:\/\/www.public.sn\/\",\"name\":\"LE PUBLIC\",\"description\":\"\",\"publisher\":{\"@id\":\"https:\/\/www.public.sn\/#organization\"},\"potentialAction\":[{\"@type\":\"SearchAction\",\"target\":{\"@type\":\"EntryPoint\",\"urlTemplate\":\"https:\/\/www.public.sn\/?s={search_term_string}\"},\"query-input\":{\"@type\":\"PropertyValueSpecification\",\"valueRequired\":true,\"valueName\":\"search_term_string\"}}],\"inLanguage\":\"fr-FR\"},{\"@type\":\"Organization\",\"@id\":\"https:\/\/www.public.sn\/#organization\",\"name\":\"LE PUBLIC\",\"url\":\"https:\/\/www.public.sn\/\",\"logo\":{\"@type\":\"ImageObject\",\"inLanguage\":\"fr-FR\",\"@id\":\"https:\/\/www.public.sn\/#\/schema\/logo\/image\/\",\"url\":\"https:\/\/www.public.sn\/wp-content\/uploads\/2024\/05\/cropped-LOGO-PUBLIC.SN_.png\",\"contentUrl\":\"https:\/\/www.public.sn\/wp-content\/uploads\/2024\/05\/cropped-LOGO-PUBLIC.SN_.png\",\"width\":682,\"height\":192,\"caption\":\"LE PUBLIC\"},\"image\":{\"@id\":\"https:\/\/www.public.sn\/#\/schema\/logo\/image\/\"}},{\"@type\":\"Person\",\"@id\":\"https:\/\/www.public.sn\/#\/schema\/person\/e3f4a11b037d4203902db148f9bc8d5a\",\"name\":\"LA REDACTION\",\"image\":{\"@type\":\"ImageObject\",\"inLanguage\":\"fr-FR\",\"@id\":\"https:\/\/www.public.sn\/#\/schema\/person\/image\/\",\"url\":\"https:\/\/secure.gravatar.com\/avatar\/d6c030db45db2883c075085c5d6c6258654a801a93766b49af0b82d4f454e2a5?s=96&d=mm&r=g\",\"contentUrl\":\"https:\/\/secure.gravatar.com\/avatar\/d6c030db45db2883c075085c5d6c6258654a801a93766b49af0b82d4f454e2a5?s=96&d=mm&r=g\",\"caption\":\"LA REDACTION\"},\"sameAs\":[\"http:\/\/www.public.sn\"],\"url\":\"https:\/\/www.public.sn\/index.php\/author\/admin7324\/\"}]}<\/script>\n<!-- \/ Yoast SEO plugin. -->","yoast_head_json":{"title":"Les causes de l'arrestation de Nitdoff connues - LE PUBLIC","robots":{"index":"index","follow":"follow","max-snippet":"max-snippet:-1","max-image-preview":"max-image-preview:large","max-video-preview":"max-video-preview:-1"},"canonical":"https:\/\/www.public.sn\/index.php\/2023\/01\/18\/les-causes-de-larrestation-de-nitdoff-connues\/","og_locale":"fr_FR","og_type":"article","og_title":"Les causes de l'arrestation de Nitdoff connues - LE PUBLIC","og_description":"Mor Talla Gueye alias Nitdoff arr\u00eat\u00e9 ce matin par la S\u00fbret\u00e9 Urbaine sur instruction du Procureur. Aux derni\u00e8res nouvelles, le rappeur est entendu sous le r\u00e9gime de la garde \u00e0 vue pour appel \u00e0 l&rsquo;insurrection, outrage \u00e0 magistrats, appel \u00e0 la violence, appel \u00e0 la d\u00e9sob\u00e9issance aux institutions, menaces de mort \u00e0 l&rsquo;encontre des autorit\u00e9s judiciaires, injures publiques. Pour rappel, selon Seneweb, le procureur de la R\u00e9publique s&rsquo;est auto-saisi en ordonnant l&rsquo;interpellation du rappeur puis l&rsquo;ouverture d&rsquo;une enqu\u00eate, suite \u00e0 un live dans lequel Mor Talla Gu\u00e8ye avait prof\u00e9r\u00e9 des insultes \u00e0 tout-va. Au terme de l&rsquo;enqu\u00eate de la S\u00fbret\u00e9 Urbaine, le rappeur, proche de Ousmane Sonko, sera mis \u00e0 la disposition du parquet, sauf changement de programme.","og_url":"https:\/\/www.public.sn\/index.php\/2023\/01\/18\/les-causes-de-larrestation-de-nitdoff-connues\/","og_site_name":"LE PUBLIC","article_published_time":"2023-01-18T16:16:03+00:00","og_image":[{"width":400,"height":400,"url":"https:\/\/www.public.sn\/wp-content\/uploads\/2022\/12\/nitdoff.jpg","type":"image\/jpeg"}],"author":"LA REDACTION","twitter_card":"summary_large_image","twitter_misc":{"\u00c9crit par":"LA REDACTION","Dur\u00e9e de lecture estim\u00e9e":"1 minute"},"schema":{"@context":"https:\/\/schema.org","@graph":[{"@type":"Article","@id":"https:\/\/www.public.sn\/index.php\/2023\/01\/18\/les-causes-de-larrestation-de-nitdoff-connues\/#article","isPartOf":{"@id":"https:\/\/www.public.sn\/index.php\/2023\/01\/18\/les-causes-de-larrestation-de-nitdoff-connues\/"},"author":{"name":"LA REDACTION","@id":"https:\/\/www.public.sn\/#\/schema\/person\/e3f4a11b037d4203902db148f9bc8d5a"},"headline":"Les causes de l&rsquo;arrestation de Nitdoff connues","datePublished":"2023-01-18T16:16:03+00:00","mainEntityOfPage":{"@id":"https:\/\/www.public.sn\/index.php\/2023\/01\/18\/les-causes-de-larrestation-de-nitdoff-connues\/"},"wordCount":129,"commentCount":0,"publisher":{"@id":"https:\/\/www.public.sn\/#organization"},"image":{"@id":"https:\/\/www.public.sn\/index.php\/2023\/01\/18\/les-causes-de-larrestation-de-nitdoff-connues\/#primaryimage"},"thumbnailUrl":"https:\/\/www.public.sn\/wp-content\/uploads\/2022\/12\/nitdoff.jpg","keywords":["insurrection","Nitdoff","Ousmane Sonko"],"articleSection":["ACTUALIT\u00c9S","POLITIQUE","S\u00c9CURIT\u00c9 &amp; JUSTICE","VEDETTE"],"inLanguage":"fr-FR","potentialAction":[{"@type":"CommentAction","name":"Comment","target":["https:\/\/www.public.sn\/index.php\/2023\/01\/18\/les-causes-de-larrestation-de-nitdoff-connues\/#respond"]}]},{"@type":"WebPage","@id":"https:\/\/www.public.sn\/index.php\/2023\/01\/18\/les-causes-de-larrestation-de-nitdoff-connues\/","url":"https:\/\/www.public.sn\/index.php\/2023\/01\/18\/les-causes-de-larrestation-de-nitdoff-connues\/","name":"Les causes de l'arrestation de Nitdoff connues - LE PUBLIC","isPartOf":{"@id":"https:\/\/www.public.sn\/#website"},"primaryImageOfPage":{"@id":"https:\/\/www.public.sn\/index.php\/2023\/01\/18\/les-causes-de-larrestation-de-nitdoff-connues\/#primaryimage"},"image":{"@id":"https:\/\/www.public.sn\/index.php\/2023\/01\/18\/les-causes-de-larrestation-de-nitdoff-connues\/#primaryimage"},"thumbnailUrl":"https:\/\/www.public.sn\/wp-content\/uploads\/2022\/12\/nitdoff.jpg","datePublished":"2023-01-18T16:16:03+00:00","breadcrumb":{"@id":"https:\/\/www.public.sn\/index.php\/2023\/01\/18\/les-causes-de-larrestation-de-nitdoff-connues\/#breadcrumb"},"inLanguage":"fr-FR","potentialAction":[{"@type":"ReadAction","target":["https:\/\/www.public.sn\/index.php\/2023\/01\/18\/les-causes-de-larrestation-de-nitdoff-connues\/"]}]},{"@type":"ImageObject","inLanguage":"fr-FR","@id":"https:\/\/www.public.sn\/index.php\/2023\/01\/18\/les-causes-de-larrestation-de-nitdoff-connues\/#primaryimage","url":"https:\/\/www.public.sn\/wp-content\/uploads\/2022\/12\/nitdoff.jpg","contentUrl":"https:\/\/www.public.sn\/wp-content\/uploads\/2022\/12\/nitdoff.jpg","width":400,"height":400},{"@type":"BreadcrumbList","@id":"https:\/\/www.public.sn\/index.php\/2023\/01\/18\/les-causes-de-larrestation-de-nitdoff-connues\/#breadcrumb","itemListElement":[{"@type":"ListItem","position":1,"name":"Accueil","item":"https:\/\/www.public.sn\/"},{"@type":"ListItem","position":2,"name":"Les causes de l&rsquo;arrestation de Nitdoff connues"}]},{"@type":"WebSite","@id":"https:\/\/www.public.sn\/#website","url":"https:\/\/www.public.sn\/","name":"LE PUBLIC","description":"","publisher":{"@id":"https:\/\/www.public.sn\/#organization"},"potentialAction":[{"@type":"SearchAction","target":{"@type":"EntryPoint","urlTemplate":"https:\/\/www.public.sn\/?s={search_term_string}"},"query-input":{"@type":"PropertyValueSpecification","valueRequired":true,"valueName":"search_term_string"}}],"inLanguage":"fr-FR"},{"@type":"Organization","@id":"https:\/\/www.public.sn\/#organization","name":"LE PUBLIC","url":"https:\/\/www.public.sn\/","logo":{"@type":"ImageObject","inLanguage":"fr-FR","@id":"https:\/\/www.public.sn\/#\/schema\/logo\/image\/","url":"https:\/\/www.public.sn\/wp-content\/uploads\/2024\/05\/cropped-LOGO-PUBLIC.SN_.png","contentUrl":"https:\/\/www.public.sn\/wp-content\/uploads\/2024\/05\/cropped-LOGO-PUBLIC.SN_.png","width":682,"height":192,"caption":"LE PUBLIC"},"image":{"@id":"https:\/\/www.public.sn\/#\/schema\/logo\/image\/"}},{"@type":"Person","@id":"https:\/\/www.public.sn\/#\/schema\/person\/e3f4a11b037d4203902db148f9bc8d5a","name":"LA REDACTION","image":{"@type":"ImageObject","inLanguage":"fr-FR","@id":"https:\/\/www.public.sn\/#\/schema\/person\/image\/","url":"https:\/\/secure.gravatar.com\/avatar\/d6c030db45db2883c075085c5d6c6258654a801a93766b49af0b82d4f454e2a5?s=96&d=mm&r=g","contentUrl":"https:\/\/secure.gravatar.com\/avatar\/d6c030db45db2883c075085c5d6c6258654a801a93766b49af0b82d4f454e2a5?s=96&d=mm&r=g","caption":"LA REDACTION"},"sameAs":["http:\/\/www.public.sn"],"url":"https:\/\/www.public.sn\/index.php\/author\/admin7324\/"}]}},"jetpack_featured_media_url":"https:\/\/www.public.sn\/wp-content\/uploads\/2022\/12\/nitdoff.jpg","jetpack_sharing_enabled":true,"_links":{"self":[{"href":"https:\/\/www.public.sn\/index.php\/wp-json\/wp\/v2\/posts\/13881","targetHints":{"allow":["GET"]}}],"collection":[{"href":"https:\/\/www.public.sn\/index.php\/wp-json\/wp\/v2\/posts"}],"about":[{"href":"https:\/\/www.public.sn\/index.php\/wp-json\/wp\/v2\/types\/post"}],"author":[{"embeddable":true,"href":"https:\/\/www.public.sn\/index.php\/wp-json\/wp\/v2\/users\/1"}],"replies":[{"embeddable":true,"href":"https:\/\/www.public.sn\/index.php\/wp-json\/wp\/v2\/comments?post=13881"}],"version-history":[{"count":1,"href":"https:\/\/www.public.sn\/index.php\/wp-json\/wp\/v2\/posts\/13881\/revisions"}],"predecessor-version":[{"id":13882,"href":"https:\/\/www.public.sn\/index.php\/wp-json\/wp\/v2\/posts\/13881\/revisions\/13882"}],"wp:featuredmedia":[{"embeddable":true,"href":"https:\/\/www.public.sn\/index.php\/wp-json\/wp\/v2\/media\/11939"}],"wp:attachment":[{"href":"https:\/\/www.public.sn\/index.php\/wp-json\/wp\/v2\/media?parent=13881"}],"wp:term":[{"taxonomy":"category","embeddable":true,"href":"https:\/\/www.public.sn\/index.php\/wp-json\/wp\/v2\/categories?post=13881"},{"taxonomy":"post_tag","embeddable":true,"href":"https:\/\/www.public.sn\/index.php\/wp-json\/wp\/v2\/tags?post=13881"}],"curies":[{"name":"wp","href":"https:\/\/api.w.org\/{rel}","templated":true}]}}