{"id":13902,"date":"2023-01-19T11:43:08","date_gmt":"2023-01-19T11:43:08","guid":{"rendered":"https:\/\/www.public.sn\/?p=13902"},"modified":"2023-01-19T11:43:08","modified_gmt":"2023-01-19T11:43:08","slug":"lerreur-qui-a-conduit-ousmane-sonko-devant-la-chambre-criminelle","status":"publish","type":"post","link":"https:\/\/www.public.sn\/index.php\/2023\/01\/19\/lerreur-qui-a-conduit-ousmane-sonko-devant-la-chambre-criminelle\/","title":{"rendered":"L&rsquo;erreur qui a conduit Ousmane Sonko devant la chambre criminelle"},"content":{"rendered":"<p>Le Doyen des juges a renvoy\u00e9 Ousmane Sonko devant la chambre criminelle pour r\u00e9pondre des accusations de viol et menaces de mort port\u00e9es contre lui par Adji Sarr. Le magistrat suit ainsi le r\u00e9quisitoire du procureur de la R\u00e9publique, qui avait demand\u00e9 que l\u2019affaire soit jug\u00e9e devant un tribunal.<\/p><div class=\"publi-paragraphe1\" style=\"margin-top: 10px;margin-bottom: 10px;margin-left: auto;margin-right: auto;text-align: center;\" id=\"publi-3844877220\"><div class=\"publi-adlabel\">Publicit\u00e9<\/div><script async src=\"\/\/pagead2.googlesyndication.com\/pagead\/js\/adsbygoogle.js?client=ca-pub-4089586018074219\" crossorigin=\"anonymous\"><\/script><ins class=\"adsbygoogle\" style=\"display:block;\" data-ad-client=\"ca-pub-4089586018074219\" \ndata-ad-slot=\"2087940154\" \ndata-ad-format=\"auto\"><\/ins>\n<script> \n(adsbygoogle = window.adsbygoogle || []).push({}); \n<\/script>\n<\/div>\n<p>Dans les colonnes de L\u2019Observateur, Me Alioune Badara Ndiaye a laiss\u00e9 entendre que le pr\u00e9sident de Pastef s\u2019est jet\u00e9 lui-m\u00eame dans la gueule du loup. \u00abOusmane Sonko, en refusant de r\u00e9pondre aux questions du juge et procureur, a opt\u00e9 une mauvaise d\u00e9fense. D\u2019ailleurs, s\u2019il avait accept\u00e9 de r\u00e9pondre aux questions, il aurait pu b\u00e9n\u00e9ficier d\u2019un non-lieu\u00bb, croit savoir l\u2019avocat.<\/p>\n<p>Pire, selon son confr\u00e8re Me Aboubacry Barro, le maire de Ziguinchor \u00abrisque d\u2019\u00eatre condamn\u00e9, d\u00e9clar\u00e9 coupable sans doute\u00bb. \u00abLa meilleure d\u00e9fense, c\u2019est de donner son point de vue, de s\u2019exprimer\u00bb, ajoute-t-il.<\/p>\n<div class=\"publi-apres-le-contenu\" style=\"margin-top: 10px;margin-bottom: 10px;margin-left: auto;margin-right: auto;text-align: center;\" id=\"publi-3567809484\"><div class=\"publi-adlabel\">Publicit\u00e9<\/div><script async src=\"\/\/pagead2.googlesyndication.com\/pagead\/js\/adsbygoogle.js?client=ca-pub-4089586018074219\" crossorigin=\"anonymous\"><\/script><ins class=\"adsbygoogle\" style=\"display:block;\" data-ad-client=\"ca-pub-4089586018074219\" \ndata-ad-slot=\"2087940154\" \ndata-ad-format=\"auto\"><\/ins>\n<script> \n(adsbygoogle = window.adsbygoogle || []).push({}); \n<\/script>\n<\/div>","protected":false},"excerpt":{"rendered":"<p>Le Doyen des juges a renvoy\u00e9 Ousmane Sonko devant la chambre criminelle pour r\u00e9pondre des accusations de viol et menaces de mort port\u00e9es contre lui par Adji Sarr. Le magistrat suit ainsi le r\u00e9quisitoire du procureur de la R\u00e9publique, qui avait demand\u00e9 que l\u2019affaire soit jug\u00e9e devant un tribunal. Dans les colonnes de L\u2019Observateur, Me Alioune Badara Ndiaye a laiss\u00e9 entendre que le pr\u00e9sident de Pastef s\u2019est jet\u00e9 lui-m\u00eame dans la gueule du loup. \u00abOusmane Sonko, en refusant de r\u00e9pondre aux questions du juge et procureur, a opt\u00e9 une mauvaise d\u00e9fense. D\u2019ailleurs, s\u2019il avait accept\u00e9 de r\u00e9pondre aux questions, il aurait pu b\u00e9n\u00e9ficier d\u2019un non-lieu\u00bb, croit savoir l\u2019avocat. Pire, selon son confr\u00e8re Me Aboubacry Barro, le maire de Ziguinchor \u00abrisque d\u2019\u00eatre condamn\u00e9, d\u00e9clar\u00e9 coupable sans doute\u00bb. \u00abLa meilleure d\u00e9fense, c\u2019est de donner son point de vue, de s\u2019exprimer\u00bb, ajoute-t-il.<\/p>\n","protected":false},"author":7,"featured_media":12390,"comment_status":"open","ping_status":"open","sticky":false,"template":"","format":"standard","meta":{"_jetpack_memberships_contains_paid_content":false,"footnotes":""},"categories":[375,3724,3,1,4],"tags":[611,306],"class_list":["post-13902","post","type-post","status-publish","format-standard","has-post-thumbnail","hentry","category-actualites","category-justice","category-politique","category-non-classe","category-societe","tag-proces","tag-sonko","entry","has-media","owp-thumbs-layout-horizontal","owp-btn-normal","owp-tabs-layout-horizontal","has-no-thumbnails","has-product-nav"],"yoast_head":"<!-- This site is optimized with the Yoast SEO plugin v25.5 - https:\/\/yoast.com\/wordpress\/plugins\/seo\/ -->\n<title>L&#039;erreur qui a conduit Ousmane Sonko devant la chambre criminelle - LE PUBLIC<\/title>\n<meta name=\"robots\" content=\"index, follow, max-snippet:-1, max-image-preview:large, max-video-preview:-1\" \/>\n<link rel=\"canonical\" href=\"https:\/\/www.public.sn\/index.php\/2023\/01\/19\/lerreur-qui-a-conduit-ousmane-sonko-devant-la-chambre-criminelle\/\" \/>\n<meta property=\"og:locale\" content=\"fr_FR\" \/>\n<meta property=\"og:type\" content=\"article\" \/>\n<meta property=\"og:title\" content=\"L&#039;erreur qui a conduit Ousmane Sonko devant la chambre criminelle - LE PUBLIC\" \/>\n<meta property=\"og:description\" content=\"Le Doyen des juges a renvoy\u00e9 Ousmane Sonko devant la chambre criminelle pour r\u00e9pondre des accusations de viol et menaces de mort port\u00e9es contre lui par Adji Sarr. Le magistrat suit ainsi le r\u00e9quisitoire du procureur de la R\u00e9publique, qui avait demand\u00e9 que l\u2019affaire soit jug\u00e9e devant un tribunal. Dans les colonnes de L\u2019Observateur, Me Alioune Badara Ndiaye a laiss\u00e9 entendre que le pr\u00e9sident de Pastef s\u2019est jet\u00e9 lui-m\u00eame dans la gueule du loup. \u00abOusmane Sonko, en refusant de r\u00e9pondre aux questions du juge et procureur, a opt\u00e9 une mauvaise d\u00e9fense. D\u2019ailleurs, s\u2019il avait accept\u00e9 de r\u00e9pondre aux questions, il aurait pu b\u00e9n\u00e9ficier d\u2019un non-lieu\u00bb, croit savoir l\u2019avocat. Pire, selon son confr\u00e8re Me Aboubacry Barro, le maire de Ziguinchor \u00abrisque d\u2019\u00eatre condamn\u00e9, d\u00e9clar\u00e9 coupable sans doute\u00bb. \u00abLa meilleure d\u00e9fense, c\u2019est de donner son point de vue, de s\u2019exprimer\u00bb, ajoute-t-il.\" \/>\n<meta property=\"og:url\" content=\"https:\/\/www.public.sn\/index.php\/2023\/01\/19\/lerreur-qui-a-conduit-ousmane-sonko-devant-la-chambre-criminelle\/\" \/>\n<meta property=\"og:site_name\" content=\"LE PUBLIC\" \/>\n<meta property=\"article:published_time\" content=\"2023-01-19T11:43:08+00:00\" \/>\n<meta property=\"og:image\" content=\"https:\/\/www.public.sn\/wp-content\/uploads\/2022\/12\/sonko-adji.jpg\" \/>\n\t<meta property=\"og:image:width\" content=\"1280\" \/>\n\t<meta property=\"og:image:height\" content=\"720\" \/>\n\t<meta property=\"og:image:type\" content=\"image\/jpeg\" \/>\n<meta name=\"author\" content=\"LA REDACTION\" \/>\n<meta name=\"twitter:card\" content=\"summary_large_image\" \/>\n<meta name=\"twitter:label1\" content=\"\u00c9crit par\" \/>\n\t<meta name=\"twitter:data1\" content=\"LA REDACTION\" \/>\n\t<meta name=\"twitter:label2\" content=\"Dur\u00e9e de lecture estim\u00e9e\" \/>\n\t<meta name=\"twitter:data2\" content=\"1 minute\" \/>\n<script type=\"application\/ld+json\" class=\"yoast-schema-graph\">{\"@context\":\"https:\/\/schema.org\",\"@graph\":[{\"@type\":\"Article\",\"@id\":\"https:\/\/www.public.sn\/index.php\/2023\/01\/19\/lerreur-qui-a-conduit-ousmane-sonko-devant-la-chambre-criminelle\/#article\",\"isPartOf\":{\"@id\":\"https:\/\/www.public.sn\/index.php\/2023\/01\/19\/lerreur-qui-a-conduit-ousmane-sonko-devant-la-chambre-criminelle\/\"},\"author\":{\"name\":\"LA REDACTION\",\"@id\":\"https:\/\/www.public.sn\/#\/schema\/person\/cb76c8e1b8becc6be61fb5e92d6d0224\"},\"headline\":\"L&rsquo;erreur qui a conduit Ousmane Sonko devant la chambre criminelle\",\"datePublished\":\"2023-01-19T11:43:08+00:00\",\"mainEntityOfPage\":{\"@id\":\"https:\/\/www.public.sn\/index.php\/2023\/01\/19\/lerreur-qui-a-conduit-ousmane-sonko-devant-la-chambre-criminelle\/\"},\"wordCount\":174,\"commentCount\":0,\"publisher\":{\"@id\":\"https:\/\/www.public.sn\/#organization\"},\"image\":{\"@id\":\"https:\/\/www.public.sn\/index.php\/2023\/01\/19\/lerreur-qui-a-conduit-ousmane-sonko-devant-la-chambre-criminelle\/#primaryimage\"},\"thumbnailUrl\":\"https:\/\/www.public.sn\/wp-content\/uploads\/2022\/12\/sonko-adji.jpg\",\"keywords\":[\"Proc\u00e8s\",\"sonko\"],\"articleSection\":[\"ACTUALIT\u00c9S\",\"justice\",\"POLITIQUE\",\"S\u00c9N\u00c9GAL\",\"SOCIETE\"],\"inLanguage\":\"fr-FR\",\"potentialAction\":[{\"@type\":\"CommentAction\",\"name\":\"Comment\",\"target\":[\"https:\/\/www.public.sn\/index.php\/2023\/01\/19\/lerreur-qui-a-conduit-ousmane-sonko-devant-la-chambre-criminelle\/#respond\"]}]},{\"@type\":\"WebPage\",\"@id\":\"https:\/\/www.public.sn\/index.php\/2023\/01\/19\/lerreur-qui-a-conduit-ousmane-sonko-devant-la-chambre-criminelle\/\",\"url\":\"https:\/\/www.public.sn\/index.php\/2023\/01\/19\/lerreur-qui-a-conduit-ousmane-sonko-devant-la-chambre-criminelle\/\",\"name\":\"L'erreur qui a conduit Ousmane Sonko devant la chambre criminelle - LE PUBLIC\",\"isPartOf\":{\"@id\":\"https:\/\/www.public.sn\/#website\"},\"primaryImageOfPage\":{\"@id\":\"https:\/\/www.public.sn\/index.php\/2023\/01\/19\/lerreur-qui-a-conduit-ousmane-sonko-devant-la-chambre-criminelle\/#primaryimage\"},\"image\":{\"@id\":\"https:\/\/www.public.sn\/index.php\/2023\/01\/19\/lerreur-qui-a-conduit-ousmane-sonko-devant-la-chambre-criminelle\/#primaryimage\"},\"thumbnailUrl\":\"https:\/\/www.public.sn\/wp-content\/uploads\/2022\/12\/sonko-adji.jpg\",\"datePublished\":\"2023-01-19T11:43:08+00:00\",\"breadcrumb\":{\"@id\":\"https:\/\/www.public.sn\/index.php\/2023\/01\/19\/lerreur-qui-a-conduit-ousmane-sonko-devant-la-chambre-criminelle\/#breadcrumb\"},\"inLanguage\":\"fr-FR\",\"potentialAction\":[{\"@type\":\"ReadAction\",\"target\":[\"https:\/\/www.public.sn\/index.php\/2023\/01\/19\/lerreur-qui-a-conduit-ousmane-sonko-devant-la-chambre-criminelle\/\"]}]},{\"@type\":\"ImageObject\",\"inLanguage\":\"fr-FR\",\"@id\":\"https:\/\/www.public.sn\/index.php\/2023\/01\/19\/lerreur-qui-a-conduit-ousmane-sonko-devant-la-chambre-criminelle\/#primaryimage\",\"url\":\"https:\/\/www.public.sn\/wp-content\/uploads\/2022\/12\/sonko-adji.jpg\",\"contentUrl\":\"https:\/\/www.public.sn\/wp-content\/uploads\/2022\/12\/sonko-adji.jpg\",\"width\":1280,\"height\":720},{\"@type\":\"BreadcrumbList\",\"@id\":\"https:\/\/www.public.sn\/index.php\/2023\/01\/19\/lerreur-qui-a-conduit-ousmane-sonko-devant-la-chambre-criminelle\/#breadcrumb\",\"itemListElement\":[{\"@type\":\"ListItem\",\"position\":1,\"name\":\"Accueil\",\"item\":\"https:\/\/www.public.sn\/\"},{\"@type\":\"ListItem\",\"position\":2,\"name\":\"L&rsquo;erreur qui a conduit Ousmane Sonko devant la chambre criminelle\"}]},{\"@type\":\"WebSite\",\"@id\":\"https:\/\/www.public.sn\/#website\",\"url\":\"https:\/\/www.public.sn\/\",\"name\":\"LE PUBLIC\",\"description\":\"\",\"publisher\":{\"@id\":\"https:\/\/www.public.sn\/#organization\"},\"potentialAction\":[{\"@type\":\"SearchAction\",\"target\":{\"@type\":\"EntryPoint\",\"urlTemplate\":\"https:\/\/www.public.sn\/?s={search_term_string}\"},\"query-input\":{\"@type\":\"PropertyValueSpecification\",\"valueRequired\":true,\"valueName\":\"search_term_string\"}}],\"inLanguage\":\"fr-FR\"},{\"@type\":\"Organization\",\"@id\":\"https:\/\/www.public.sn\/#organization\",\"name\":\"LE PUBLIC\",\"url\":\"https:\/\/www.public.sn\/\",\"logo\":{\"@type\":\"ImageObject\",\"inLanguage\":\"fr-FR\",\"@id\":\"https:\/\/www.public.sn\/#\/schema\/logo\/image\/\",\"url\":\"https:\/\/www.public.sn\/wp-content\/uploads\/2024\/05\/cropped-LOGO-PUBLIC.SN_.png\",\"contentUrl\":\"https:\/\/www.public.sn\/wp-content\/uploads\/2024\/05\/cropped-LOGO-PUBLIC.SN_.png\",\"width\":682,\"height\":192,\"caption\":\"LE PUBLIC\"},\"image\":{\"@id\":\"https:\/\/www.public.sn\/#\/schema\/logo\/image\/\"}},{\"@type\":\"Person\",\"@id\":\"https:\/\/www.public.sn\/#\/schema\/person\/cb76c8e1b8becc6be61fb5e92d6d0224\",\"name\":\"LA REDACTION\",\"image\":{\"@type\":\"ImageObject\",\"inLanguage\":\"fr-FR\",\"@id\":\"https:\/\/www.public.sn\/#\/schema\/person\/image\/\",\"url\":\"https:\/\/secure.gravatar.com\/avatar\/2dce5ddd34b8fef0180efe03aa2a9bee7d953856048f9a16b298190a3178407c?s=96&d=mm&r=g\",\"contentUrl\":\"https:\/\/secure.gravatar.com\/avatar\/2dce5ddd34b8fef0180efe03aa2a9bee7d953856048f9a16b298190a3178407c?s=96&d=mm&r=g\",\"caption\":\"LA REDACTION\"},\"url\":\"https:\/\/www.public.sn\/index.php\/author\/editeurpsn\/\"}]}<\/script>\n<!-- \/ Yoast SEO plugin. -->","yoast_head_json":{"title":"L'erreur qui a conduit Ousmane Sonko devant la chambre criminelle - LE PUBLIC","robots":{"index":"index","follow":"follow","max-snippet":"max-snippet:-1","max-image-preview":"max-image-preview:large","max-video-preview":"max-video-preview:-1"},"canonical":"https:\/\/www.public.sn\/index.php\/2023\/01\/19\/lerreur-qui-a-conduit-ousmane-sonko-devant-la-chambre-criminelle\/","og_locale":"fr_FR","og_type":"article","og_title":"L'erreur qui a conduit Ousmane Sonko devant la chambre criminelle - LE PUBLIC","og_description":"Le Doyen des juges a renvoy\u00e9 Ousmane Sonko devant la chambre criminelle pour r\u00e9pondre des accusations de viol et menaces de mort port\u00e9es contre lui par Adji Sarr. Le magistrat suit ainsi le r\u00e9quisitoire du procureur de la R\u00e9publique, qui avait demand\u00e9 que l\u2019affaire soit jug\u00e9e devant un tribunal. Dans les colonnes de L\u2019Observateur, Me Alioune Badara Ndiaye a laiss\u00e9 entendre que le pr\u00e9sident de Pastef s\u2019est jet\u00e9 lui-m\u00eame dans la gueule du loup. \u00abOusmane Sonko, en refusant de r\u00e9pondre aux questions du juge et procureur, a opt\u00e9 une mauvaise d\u00e9fense. D\u2019ailleurs, s\u2019il avait accept\u00e9 de r\u00e9pondre aux questions, il aurait pu b\u00e9n\u00e9ficier d\u2019un non-lieu\u00bb, croit savoir l\u2019avocat. Pire, selon son confr\u00e8re Me Aboubacry Barro, le maire de Ziguinchor \u00abrisque d\u2019\u00eatre condamn\u00e9, d\u00e9clar\u00e9 coupable sans doute\u00bb. \u00abLa meilleure d\u00e9fense, c\u2019est de donner son point de vue, de s\u2019exprimer\u00bb, ajoute-t-il.","og_url":"https:\/\/www.public.sn\/index.php\/2023\/01\/19\/lerreur-qui-a-conduit-ousmane-sonko-devant-la-chambre-criminelle\/","og_site_name":"LE PUBLIC","article_published_time":"2023-01-19T11:43:08+00:00","og_image":[{"width":1280,"height":720,"url":"https:\/\/www.public.sn\/wp-content\/uploads\/2022\/12\/sonko-adji.jpg","type":"image\/jpeg"}],"author":"LA REDACTION","twitter_card":"summary_large_image","twitter_misc":{"\u00c9crit par":"LA REDACTION","Dur\u00e9e de lecture estim\u00e9e":"1 minute"},"schema":{"@context":"https:\/\/schema.org","@graph":[{"@type":"Article","@id":"https:\/\/www.public.sn\/index.php\/2023\/01\/19\/lerreur-qui-a-conduit-ousmane-sonko-devant-la-chambre-criminelle\/#article","isPartOf":{"@id":"https:\/\/www.public.sn\/index.php\/2023\/01\/19\/lerreur-qui-a-conduit-ousmane-sonko-devant-la-chambre-criminelle\/"},"author":{"name":"LA REDACTION","@id":"https:\/\/www.public.sn\/#\/schema\/person\/cb76c8e1b8becc6be61fb5e92d6d0224"},"headline":"L&rsquo;erreur qui a conduit Ousmane Sonko devant la chambre criminelle","datePublished":"2023-01-19T11:43:08+00:00","mainEntityOfPage":{"@id":"https:\/\/www.public.sn\/index.php\/2023\/01\/19\/lerreur-qui-a-conduit-ousmane-sonko-devant-la-chambre-criminelle\/"},"wordCount":174,"commentCount":0,"publisher":{"@id":"https:\/\/www.public.sn\/#organization"},"image":{"@id":"https:\/\/www.public.sn\/index.php\/2023\/01\/19\/lerreur-qui-a-conduit-ousmane-sonko-devant-la-chambre-criminelle\/#primaryimage"},"thumbnailUrl":"https:\/\/www.public.sn\/wp-content\/uploads\/2022\/12\/sonko-adji.jpg","keywords":["Proc\u00e8s","sonko"],"articleSection":["ACTUALIT\u00c9S","justice","POLITIQUE","S\u00c9N\u00c9GAL","SOCIETE"],"inLanguage":"fr-FR","potentialAction":[{"@type":"CommentAction","name":"Comment","target":["https:\/\/www.public.sn\/index.php\/2023\/01\/19\/lerreur-qui-a-conduit-ousmane-sonko-devant-la-chambre-criminelle\/#respond"]}]},{"@type":"WebPage","@id":"https:\/\/www.public.sn\/index.php\/2023\/01\/19\/lerreur-qui-a-conduit-ousmane-sonko-devant-la-chambre-criminelle\/","url":"https:\/\/www.public.sn\/index.php\/2023\/01\/19\/lerreur-qui-a-conduit-ousmane-sonko-devant-la-chambre-criminelle\/","name":"L'erreur qui a conduit Ousmane Sonko devant la chambre criminelle - LE PUBLIC","isPartOf":{"@id":"https:\/\/www.public.sn\/#website"},"primaryImageOfPage":{"@id":"https:\/\/www.public.sn\/index.php\/2023\/01\/19\/lerreur-qui-a-conduit-ousmane-sonko-devant-la-chambre-criminelle\/#primaryimage"},"image":{"@id":"https:\/\/www.public.sn\/index.php\/2023\/01\/19\/lerreur-qui-a-conduit-ousmane-sonko-devant-la-chambre-criminelle\/#primaryimage"},"thumbnailUrl":"https:\/\/www.public.sn\/wp-content\/uploads\/2022\/12\/sonko-adji.jpg","datePublished":"2023-01-19T11:43:08+00:00","breadcrumb":{"@id":"https:\/\/www.public.sn\/index.php\/2023\/01\/19\/lerreur-qui-a-conduit-ousmane-sonko-devant-la-chambre-criminelle\/#breadcrumb"},"inLanguage":"fr-FR","potentialAction":[{"@type":"ReadAction","target":["https:\/\/www.public.sn\/index.php\/2023\/01\/19\/lerreur-qui-a-conduit-ousmane-sonko-devant-la-chambre-criminelle\/"]}]},{"@type":"ImageObject","inLanguage":"fr-FR","@id":"https:\/\/www.public.sn\/index.php\/2023\/01\/19\/lerreur-qui-a-conduit-ousmane-sonko-devant-la-chambre-criminelle\/#primaryimage","url":"https:\/\/www.public.sn\/wp-content\/uploads\/2022\/12\/sonko-adji.jpg","contentUrl":"https:\/\/www.public.sn\/wp-content\/uploads\/2022\/12\/sonko-adji.jpg","width":1280,"height":720},{"@type":"BreadcrumbList","@id":"https:\/\/www.public.sn\/index.php\/2023\/01\/19\/lerreur-qui-a-conduit-ousmane-sonko-devant-la-chambre-criminelle\/#breadcrumb","itemListElement":[{"@type":"ListItem","position":1,"name":"Accueil","item":"https:\/\/www.public.sn\/"},{"@type":"ListItem","position":2,"name":"L&rsquo;erreur qui a conduit Ousmane Sonko devant la chambre criminelle"}]},{"@type":"WebSite","@id":"https:\/\/www.public.sn\/#website","url":"https:\/\/www.public.sn\/","name":"LE PUBLIC","description":"","publisher":{"@id":"https:\/\/www.public.sn\/#organization"},"potentialAction":[{"@type":"SearchAction","target":{"@type":"EntryPoint","urlTemplate":"https:\/\/www.public.sn\/?s={search_term_string}"},"query-input":{"@type":"PropertyValueSpecification","valueRequired":true,"valueName":"search_term_string"}}],"inLanguage":"fr-FR"},{"@type":"Organization","@id":"https:\/\/www.public.sn\/#organization","name":"LE PUBLIC","url":"https:\/\/www.public.sn\/","logo":{"@type":"ImageObject","inLanguage":"fr-FR","@id":"https:\/\/www.public.sn\/#\/schema\/logo\/image\/","url":"https:\/\/www.public.sn\/wp-content\/uploads\/2024\/05\/cropped-LOGO-PUBLIC.SN_.png","contentUrl":"https:\/\/www.public.sn\/wp-content\/uploads\/2024\/05\/cropped-LOGO-PUBLIC.SN_.png","width":682,"height":192,"caption":"LE PUBLIC"},"image":{"@id":"https:\/\/www.public.sn\/#\/schema\/logo\/image\/"}},{"@type":"Person","@id":"https:\/\/www.public.sn\/#\/schema\/person\/cb76c8e1b8becc6be61fb5e92d6d0224","name":"LA REDACTION","image":{"@type":"ImageObject","inLanguage":"fr-FR","@id":"https:\/\/www.public.sn\/#\/schema\/person\/image\/","url":"https:\/\/secure.gravatar.com\/avatar\/2dce5ddd34b8fef0180efe03aa2a9bee7d953856048f9a16b298190a3178407c?s=96&d=mm&r=g","contentUrl":"https:\/\/secure.gravatar.com\/avatar\/2dce5ddd34b8fef0180efe03aa2a9bee7d953856048f9a16b298190a3178407c?s=96&d=mm&r=g","caption":"LA REDACTION"},"url":"https:\/\/www.public.sn\/index.php\/author\/editeurpsn\/"}]}},"jetpack_featured_media_url":"https:\/\/www.public.sn\/wp-content\/uploads\/2022\/12\/sonko-adji.jpg","jetpack_sharing_enabled":true,"_links":{"self":[{"href":"https:\/\/www.public.sn\/index.php\/wp-json\/wp\/v2\/posts\/13902","targetHints":{"allow":["GET"]}}],"collection":[{"href":"https:\/\/www.public.sn\/index.php\/wp-json\/wp\/v2\/posts"}],"about":[{"href":"https:\/\/www.public.sn\/index.php\/wp-json\/wp\/v2\/types\/post"}],"author":[{"embeddable":true,"href":"https:\/\/www.public.sn\/index.php\/wp-json\/wp\/v2\/users\/7"}],"replies":[{"embeddable":true,"href":"https:\/\/www.public.sn\/index.php\/wp-json\/wp\/v2\/comments?post=13902"}],"version-history":[{"count":1,"href":"https:\/\/www.public.sn\/index.php\/wp-json\/wp\/v2\/posts\/13902\/revisions"}],"predecessor-version":[{"id":13904,"href":"https:\/\/www.public.sn\/index.php\/wp-json\/wp\/v2\/posts\/13902\/revisions\/13904"}],"wp:featuredmedia":[{"embeddable":true,"href":"https:\/\/www.public.sn\/index.php\/wp-json\/wp\/v2\/media\/12390"}],"wp:attachment":[{"href":"https:\/\/www.public.sn\/index.php\/wp-json\/wp\/v2\/media?parent=13902"}],"wp:term":[{"taxonomy":"category","embeddable":true,"href":"https:\/\/www.public.sn\/index.php\/wp-json\/wp\/v2\/categories?post=13902"},{"taxonomy":"post_tag","embeddable":true,"href":"https:\/\/www.public.sn\/index.php\/wp-json\/wp\/v2\/tags?post=13902"}],"curies":[{"name":"wp","href":"https:\/\/api.w.org\/{rel}","templated":true}]}}