{"id":13982,"date":"2023-01-20T10:39:36","date_gmt":"2023-01-20T10:39:36","guid":{"rendered":"https:\/\/www.public.sn\/?p=13982"},"modified":"2023-01-20T10:39:36","modified_gmt":"2023-01-20T10:39:36","slug":"la-gendarmerie-sonne-la-remobilisation-et-rengage-ses-anciens-auxiliaires","status":"publish","type":"post","link":"https:\/\/www.public.sn\/index.php\/2023\/01\/20\/la-gendarmerie-sonne-la-remobilisation-et-rengage-ses-anciens-auxiliaires\/","title":{"rendered":"La gendarmerie sonne la remobilisation et rengage ses anciens auxiliaires"},"content":{"rendered":"<p><strong>Depuis son accession \u00e0 la magistrature supr\u00eame, le pr\u00e9sident de la R\u00e9publique Macky SALL, Chef supr\u00eame des arm\u00e9es a entam\u00e9 un vaste programme visant \u00e0 renforcer et renouveler les effectifs des forces de s\u00e9curit\u00e9 et de d\u00e9fense.<\/strong><\/p><div class=\"publi-paragraphe1\" style=\"margin-top: 10px;margin-bottom: 10px;margin-left: auto;margin-right: auto;text-align: center;\" id=\"publi-678510966\"><div class=\"publi-adlabel\">Publicit\u00e9<\/div><script async src=\"\/\/pagead2.googlesyndication.com\/pagead\/js\/adsbygoogle.js?client=ca-pub-4089586018074219\" crossorigin=\"anonymous\"><\/script><ins class=\"adsbygoogle\" style=\"display:block;\" data-ad-client=\"ca-pub-4089586018074219\" \ndata-ad-slot=\"2087940154\" \ndata-ad-format=\"auto\"><\/ins>\n<script> \n(adsbygoogle = window.adsbygoogle || []).push({}); \n<\/script>\n<\/div>\n<p>A ce titre, la gendarmerie nationale sonne la remobilisation ou le rengagement de ses anciens auxiliaires ayant d\u00e9j\u00e0 effectu\u00e9 la dur\u00e9e l\u00e9gale du service militaire. A travers un communiqu\u00e9, le lieutenant-colonel Ibrahima Ndiaye, Chef Division Communication et des Relations publiques de la gendarmerie (DIVCOM) sonne le clairon en pr\u00e9cisant que seuls les gendarmes auxiliaires des contingents 2018, 2019, 2020 et 2021 sont concern\u00e9s par ce recrutement massif de l\u2019ann\u00e9e 2023.<\/p>\n<p>D\u2019ailleurs, le patron de la DIVCOM invite les int\u00e9ress\u00e9s \u00e0 se munir de leur livret militaire pour venir assister \u00e0 une s\u00e9ance d\u2019information le samedi 28 janvier prochain \u00e0 la salle de spectacles du quartier Samba Di\u00e9ry DIALLO de Colobane.<\/p>\n<p>&nbsp;<\/p>\n<p>&nbsp;<\/p>\n<p>&nbsp;<\/p>\n<p>&nbsp;<\/p>\n<p>&nbsp;<\/p>\n<p>Le T\u00e9moin<\/p>\n<div class=\"publi-apres-le-contenu\" style=\"margin-top: 10px;margin-bottom: 10px;margin-left: auto;margin-right: auto;text-align: center;\" id=\"publi-3153497289\"><div class=\"publi-adlabel\">Publicit\u00e9<\/div><script async src=\"\/\/pagead2.googlesyndication.com\/pagead\/js\/adsbygoogle.js?client=ca-pub-4089586018074219\" crossorigin=\"anonymous\"><\/script><ins class=\"adsbygoogle\" style=\"display:block;\" data-ad-client=\"ca-pub-4089586018074219\" \ndata-ad-slot=\"2087940154\" \ndata-ad-format=\"auto\"><\/ins>\n<script> \n(adsbygoogle = window.adsbygoogle || []).push({}); \n<\/script>\n<\/div>","protected":false},"excerpt":{"rendered":"<p>Depuis son accession \u00e0 la magistrature supr\u00eame, le pr\u00e9sident de la R\u00e9publique Macky SALL, Chef supr\u00eame des arm\u00e9es a entam\u00e9 un vaste programme visant \u00e0 renforcer et renouveler les effectifs des forces de s\u00e9curit\u00e9 et de d\u00e9fense. A ce titre, la gendarmerie nationale sonne la remobilisation ou le rengagement de ses anciens auxiliaires ayant d\u00e9j\u00e0 effectu\u00e9 la dur\u00e9e l\u00e9gale du service militaire. A travers un communiqu\u00e9, le lieutenant-colonel Ibrahima Ndiaye, Chef Division Communication et des Relations publiques de la gendarmerie (DIVCOM) sonne le clairon en pr\u00e9cisant que seuls les gendarmes auxiliaires des contingents 2018, 2019, 2020 et 2021 sont concern\u00e9s par ce recrutement massif de l\u2019ann\u00e9e 2023. D\u2019ailleurs, le patron de la DIVCOM invite les int\u00e9ress\u00e9s \u00e0 se munir de leur livret militaire pour venir assister \u00e0 une s\u00e9ance d\u2019information le samedi 28 janvier prochain \u00e0 la salle de spectacles du quartier Samba Di\u00e9ry DIALLO de Colobane. &nbsp; &nbsp; &nbsp; &nbsp; &nbsp; Le T\u00e9moin<\/p>\n","protected":false},"author":1,"featured_media":10023,"comment_status":"open","ping_status":"open","sticky":false,"template":"","format":"standard","meta":{"_jetpack_memberships_contains_paid_content":false,"footnotes":""},"categories":[375,3,376,1],"tags":[198,11],"class_list":["post-13982","post","type-post","status-publish","format-standard","has-post-thumbnail","hentry","category-actualites","category-politique","category-securite-justice","category-non-classe","tag-gendarmerie","tag-macky-sall","entry","has-media","owp-thumbs-layout-horizontal","owp-btn-normal","owp-tabs-layout-horizontal","has-no-thumbnails","has-product-nav"],"yoast_head":"<!-- This site is optimized with the Yoast SEO plugin v25.5 - https:\/\/yoast.com\/wordpress\/plugins\/seo\/ -->\n<title>La gendarmerie sonne la remobilisation et rengage ses anciens auxiliaires - LE PUBLIC<\/title>\n<meta name=\"robots\" content=\"index, follow, max-snippet:-1, max-image-preview:large, max-video-preview:-1\" \/>\n<link rel=\"canonical\" href=\"https:\/\/www.public.sn\/index.php\/2023\/01\/20\/la-gendarmerie-sonne-la-remobilisation-et-rengage-ses-anciens-auxiliaires\/\" \/>\n<meta property=\"og:locale\" content=\"fr_FR\" \/>\n<meta property=\"og:type\" content=\"article\" \/>\n<meta property=\"og:title\" content=\"La gendarmerie sonne la remobilisation et rengage ses anciens auxiliaires - LE PUBLIC\" \/>\n<meta property=\"og:description\" content=\"Depuis son accession \u00e0 la magistrature supr\u00eame, le pr\u00e9sident de la R\u00e9publique Macky SALL, Chef supr\u00eame des arm\u00e9es a entam\u00e9 un vaste programme visant \u00e0 renforcer et renouveler les effectifs des forces de s\u00e9curit\u00e9 et de d\u00e9fense. A ce titre, la gendarmerie nationale sonne la remobilisation ou le rengagement de ses anciens auxiliaires ayant d\u00e9j\u00e0 effectu\u00e9 la dur\u00e9e l\u00e9gale du service militaire. A travers un communiqu\u00e9, le lieutenant-colonel Ibrahima Ndiaye, Chef Division Communication et des Relations publiques de la gendarmerie (DIVCOM) sonne le clairon en pr\u00e9cisant que seuls les gendarmes auxiliaires des contingents 2018, 2019, 2020 et 2021 sont concern\u00e9s par ce recrutement massif de l\u2019ann\u00e9e 2023. D\u2019ailleurs, le patron de la DIVCOM invite les int\u00e9ress\u00e9s \u00e0 se munir de leur livret militaire pour venir assister \u00e0 une s\u00e9ance d\u2019information le samedi 28 janvier prochain \u00e0 la salle de spectacles du quartier Samba Di\u00e9ry DIALLO de Colobane. &nbsp; &nbsp; &nbsp; &nbsp; &nbsp; Le T\u00e9moin\" \/>\n<meta property=\"og:url\" content=\"https:\/\/www.public.sn\/index.php\/2023\/01\/20\/la-gendarmerie-sonne-la-remobilisation-et-rengage-ses-anciens-auxiliaires\/\" \/>\n<meta property=\"og:site_name\" content=\"LE PUBLIC\" \/>\n<meta property=\"article:published_time\" content=\"2023-01-20T10:39:36+00:00\" \/>\n<meta property=\"og:image\" content=\"https:\/\/www.public.sn\/wp-content\/uploads\/2022\/11\/gendarmerie-senegal.webp\" \/>\n\t<meta property=\"og:image:width\" content=\"1200\" \/>\n\t<meta property=\"og:image:height\" content=\"675\" \/>\n\t<meta property=\"og:image:type\" content=\"image\/webp\" \/>\n<meta name=\"author\" content=\"LA REDACTION\" \/>\n<meta name=\"twitter:card\" content=\"summary_large_image\" \/>\n<meta name=\"twitter:label1\" content=\"\u00c9crit par\" \/>\n\t<meta name=\"twitter:data1\" content=\"LA REDACTION\" \/>\n\t<meta name=\"twitter:label2\" content=\"Dur\u00e9e de lecture estim\u00e9e\" \/>\n\t<meta name=\"twitter:data2\" content=\"1 minute\" \/>\n<script type=\"application\/ld+json\" class=\"yoast-schema-graph\">{\"@context\":\"https:\/\/schema.org\",\"@graph\":[{\"@type\":\"Article\",\"@id\":\"https:\/\/www.public.sn\/index.php\/2023\/01\/20\/la-gendarmerie-sonne-la-remobilisation-et-rengage-ses-anciens-auxiliaires\/#article\",\"isPartOf\":{\"@id\":\"https:\/\/www.public.sn\/index.php\/2023\/01\/20\/la-gendarmerie-sonne-la-remobilisation-et-rengage-ses-anciens-auxiliaires\/\"},\"author\":{\"name\":\"LA REDACTION\",\"@id\":\"https:\/\/www.public.sn\/#\/schema\/person\/e3f4a11b037d4203902db148f9bc8d5a\"},\"headline\":\"La gendarmerie sonne la remobilisation et rengage ses anciens auxiliaires\",\"datePublished\":\"2023-01-20T10:39:36+00:00\",\"mainEntityOfPage\":{\"@id\":\"https:\/\/www.public.sn\/index.php\/2023\/01\/20\/la-gendarmerie-sonne-la-remobilisation-et-rengage-ses-anciens-auxiliaires\/\"},\"wordCount\":174,\"commentCount\":0,\"publisher\":{\"@id\":\"https:\/\/www.public.sn\/#organization\"},\"image\":{\"@id\":\"https:\/\/www.public.sn\/index.php\/2023\/01\/20\/la-gendarmerie-sonne-la-remobilisation-et-rengage-ses-anciens-auxiliaires\/#primaryimage\"},\"thumbnailUrl\":\"https:\/\/www.public.sn\/wp-content\/uploads\/2022\/11\/gendarmerie-senegal.webp\",\"keywords\":[\"Gendarmerie\",\"Macky Sall\"],\"articleSection\":[\"ACTUALIT\u00c9S\",\"POLITIQUE\",\"S\u00c9CURIT\u00c9 &amp; JUSTICE\",\"S\u00c9N\u00c9GAL\"],\"inLanguage\":\"fr-FR\",\"potentialAction\":[{\"@type\":\"CommentAction\",\"name\":\"Comment\",\"target\":[\"https:\/\/www.public.sn\/index.php\/2023\/01\/20\/la-gendarmerie-sonne-la-remobilisation-et-rengage-ses-anciens-auxiliaires\/#respond\"]}]},{\"@type\":\"WebPage\",\"@id\":\"https:\/\/www.public.sn\/index.php\/2023\/01\/20\/la-gendarmerie-sonne-la-remobilisation-et-rengage-ses-anciens-auxiliaires\/\",\"url\":\"https:\/\/www.public.sn\/index.php\/2023\/01\/20\/la-gendarmerie-sonne-la-remobilisation-et-rengage-ses-anciens-auxiliaires\/\",\"name\":\"La gendarmerie sonne la remobilisation et rengage ses anciens auxiliaires - LE PUBLIC\",\"isPartOf\":{\"@id\":\"https:\/\/www.public.sn\/#website\"},\"primaryImageOfPage\":{\"@id\":\"https:\/\/www.public.sn\/index.php\/2023\/01\/20\/la-gendarmerie-sonne-la-remobilisation-et-rengage-ses-anciens-auxiliaires\/#primaryimage\"},\"image\":{\"@id\":\"https:\/\/www.public.sn\/index.php\/2023\/01\/20\/la-gendarmerie-sonne-la-remobilisation-et-rengage-ses-anciens-auxiliaires\/#primaryimage\"},\"thumbnailUrl\":\"https:\/\/www.public.sn\/wp-content\/uploads\/2022\/11\/gendarmerie-senegal.webp\",\"datePublished\":\"2023-01-20T10:39:36+00:00\",\"breadcrumb\":{\"@id\":\"https:\/\/www.public.sn\/index.php\/2023\/01\/20\/la-gendarmerie-sonne-la-remobilisation-et-rengage-ses-anciens-auxiliaires\/#breadcrumb\"},\"inLanguage\":\"fr-FR\",\"potentialAction\":[{\"@type\":\"ReadAction\",\"target\":[\"https:\/\/www.public.sn\/index.php\/2023\/01\/20\/la-gendarmerie-sonne-la-remobilisation-et-rengage-ses-anciens-auxiliaires\/\"]}]},{\"@type\":\"ImageObject\",\"inLanguage\":\"fr-FR\",\"@id\":\"https:\/\/www.public.sn\/index.php\/2023\/01\/20\/la-gendarmerie-sonne-la-remobilisation-et-rengage-ses-anciens-auxiliaires\/#primaryimage\",\"url\":\"https:\/\/www.public.sn\/wp-content\/uploads\/2022\/11\/gendarmerie-senegal.webp\",\"contentUrl\":\"https:\/\/www.public.sn\/wp-content\/uploads\/2022\/11\/gendarmerie-senegal.webp\",\"width\":1200,\"height\":675,\"caption\":\"publicsn\"},{\"@type\":\"BreadcrumbList\",\"@id\":\"https:\/\/www.public.sn\/index.php\/2023\/01\/20\/la-gendarmerie-sonne-la-remobilisation-et-rengage-ses-anciens-auxiliaires\/#breadcrumb\",\"itemListElement\":[{\"@type\":\"ListItem\",\"position\":1,\"name\":\"Accueil\",\"item\":\"https:\/\/www.public.sn\/\"},{\"@type\":\"ListItem\",\"position\":2,\"name\":\"La gendarmerie sonne la remobilisation et rengage ses anciens auxiliaires\"}]},{\"@type\":\"WebSite\",\"@id\":\"https:\/\/www.public.sn\/#website\",\"url\":\"https:\/\/www.public.sn\/\",\"name\":\"LE PUBLIC\",\"description\":\"\",\"publisher\":{\"@id\":\"https:\/\/www.public.sn\/#organization\"},\"potentialAction\":[{\"@type\":\"SearchAction\",\"target\":{\"@type\":\"EntryPoint\",\"urlTemplate\":\"https:\/\/www.public.sn\/?s={search_term_string}\"},\"query-input\":{\"@type\":\"PropertyValueSpecification\",\"valueRequired\":true,\"valueName\":\"search_term_string\"}}],\"inLanguage\":\"fr-FR\"},{\"@type\":\"Organization\",\"@id\":\"https:\/\/www.public.sn\/#organization\",\"name\":\"LE PUBLIC\",\"url\":\"https:\/\/www.public.sn\/\",\"logo\":{\"@type\":\"ImageObject\",\"inLanguage\":\"fr-FR\",\"@id\":\"https:\/\/www.public.sn\/#\/schema\/logo\/image\/\",\"url\":\"https:\/\/www.public.sn\/wp-content\/uploads\/2024\/05\/cropped-LOGO-PUBLIC.SN_.png\",\"contentUrl\":\"https:\/\/www.public.sn\/wp-content\/uploads\/2024\/05\/cropped-LOGO-PUBLIC.SN_.png\",\"width\":682,\"height\":192,\"caption\":\"LE PUBLIC\"},\"image\":{\"@id\":\"https:\/\/www.public.sn\/#\/schema\/logo\/image\/\"}},{\"@type\":\"Person\",\"@id\":\"https:\/\/www.public.sn\/#\/schema\/person\/e3f4a11b037d4203902db148f9bc8d5a\",\"name\":\"LA REDACTION\",\"image\":{\"@type\":\"ImageObject\",\"inLanguage\":\"fr-FR\",\"@id\":\"https:\/\/www.public.sn\/#\/schema\/person\/image\/\",\"url\":\"https:\/\/secure.gravatar.com\/avatar\/d6c030db45db2883c075085c5d6c6258654a801a93766b49af0b82d4f454e2a5?s=96&d=mm&r=g\",\"contentUrl\":\"https:\/\/secure.gravatar.com\/avatar\/d6c030db45db2883c075085c5d6c6258654a801a93766b49af0b82d4f454e2a5?s=96&d=mm&r=g\",\"caption\":\"LA REDACTION\"},\"sameAs\":[\"http:\/\/www.public.sn\"],\"url\":\"https:\/\/www.public.sn\/index.php\/author\/admin7324\/\"}]}<\/script>\n<!-- \/ Yoast SEO plugin. -->","yoast_head_json":{"title":"La gendarmerie sonne la remobilisation et rengage ses anciens auxiliaires - LE PUBLIC","robots":{"index":"index","follow":"follow","max-snippet":"max-snippet:-1","max-image-preview":"max-image-preview:large","max-video-preview":"max-video-preview:-1"},"canonical":"https:\/\/www.public.sn\/index.php\/2023\/01\/20\/la-gendarmerie-sonne-la-remobilisation-et-rengage-ses-anciens-auxiliaires\/","og_locale":"fr_FR","og_type":"article","og_title":"La gendarmerie sonne la remobilisation et rengage ses anciens auxiliaires - LE PUBLIC","og_description":"Depuis son accession \u00e0 la magistrature supr\u00eame, le pr\u00e9sident de la R\u00e9publique Macky SALL, Chef supr\u00eame des arm\u00e9es a entam\u00e9 un vaste programme visant \u00e0 renforcer et renouveler les effectifs des forces de s\u00e9curit\u00e9 et de d\u00e9fense. A ce titre, la gendarmerie nationale sonne la remobilisation ou le rengagement de ses anciens auxiliaires ayant d\u00e9j\u00e0 effectu\u00e9 la dur\u00e9e l\u00e9gale du service militaire. A travers un communiqu\u00e9, le lieutenant-colonel Ibrahima Ndiaye, Chef Division Communication et des Relations publiques de la gendarmerie (DIVCOM) sonne le clairon en pr\u00e9cisant que seuls les gendarmes auxiliaires des contingents 2018, 2019, 2020 et 2021 sont concern\u00e9s par ce recrutement massif de l\u2019ann\u00e9e 2023. D\u2019ailleurs, le patron de la DIVCOM invite les int\u00e9ress\u00e9s \u00e0 se munir de leur livret militaire pour venir assister \u00e0 une s\u00e9ance d\u2019information le samedi 28 janvier prochain \u00e0 la salle de spectacles du quartier Samba Di\u00e9ry DIALLO de Colobane. &nbsp; &nbsp; &nbsp; &nbsp; &nbsp; Le T\u00e9moin","og_url":"https:\/\/www.public.sn\/index.php\/2023\/01\/20\/la-gendarmerie-sonne-la-remobilisation-et-rengage-ses-anciens-auxiliaires\/","og_site_name":"LE PUBLIC","article_published_time":"2023-01-20T10:39:36+00:00","og_image":[{"width":1200,"height":675,"url":"https:\/\/www.public.sn\/wp-content\/uploads\/2022\/11\/gendarmerie-senegal.webp","type":"image\/webp"}],"author":"LA REDACTION","twitter_card":"summary_large_image","twitter_misc":{"\u00c9crit par":"LA REDACTION","Dur\u00e9e de lecture estim\u00e9e":"1 minute"},"schema":{"@context":"https:\/\/schema.org","@graph":[{"@type":"Article","@id":"https:\/\/www.public.sn\/index.php\/2023\/01\/20\/la-gendarmerie-sonne-la-remobilisation-et-rengage-ses-anciens-auxiliaires\/#article","isPartOf":{"@id":"https:\/\/www.public.sn\/index.php\/2023\/01\/20\/la-gendarmerie-sonne-la-remobilisation-et-rengage-ses-anciens-auxiliaires\/"},"author":{"name":"LA REDACTION","@id":"https:\/\/www.public.sn\/#\/schema\/person\/e3f4a11b037d4203902db148f9bc8d5a"},"headline":"La gendarmerie sonne la remobilisation et rengage ses anciens auxiliaires","datePublished":"2023-01-20T10:39:36+00:00","mainEntityOfPage":{"@id":"https:\/\/www.public.sn\/index.php\/2023\/01\/20\/la-gendarmerie-sonne-la-remobilisation-et-rengage-ses-anciens-auxiliaires\/"},"wordCount":174,"commentCount":0,"publisher":{"@id":"https:\/\/www.public.sn\/#organization"},"image":{"@id":"https:\/\/www.public.sn\/index.php\/2023\/01\/20\/la-gendarmerie-sonne-la-remobilisation-et-rengage-ses-anciens-auxiliaires\/#primaryimage"},"thumbnailUrl":"https:\/\/www.public.sn\/wp-content\/uploads\/2022\/11\/gendarmerie-senegal.webp","keywords":["Gendarmerie","Macky Sall"],"articleSection":["ACTUALIT\u00c9S","POLITIQUE","S\u00c9CURIT\u00c9 &amp; JUSTICE","S\u00c9N\u00c9GAL"],"inLanguage":"fr-FR","potentialAction":[{"@type":"CommentAction","name":"Comment","target":["https:\/\/www.public.sn\/index.php\/2023\/01\/20\/la-gendarmerie-sonne-la-remobilisation-et-rengage-ses-anciens-auxiliaires\/#respond"]}]},{"@type":"WebPage","@id":"https:\/\/www.public.sn\/index.php\/2023\/01\/20\/la-gendarmerie-sonne-la-remobilisation-et-rengage-ses-anciens-auxiliaires\/","url":"https:\/\/www.public.sn\/index.php\/2023\/01\/20\/la-gendarmerie-sonne-la-remobilisation-et-rengage-ses-anciens-auxiliaires\/","name":"La gendarmerie sonne la remobilisation et rengage ses anciens auxiliaires - LE PUBLIC","isPartOf":{"@id":"https:\/\/www.public.sn\/#website"},"primaryImageOfPage":{"@id":"https:\/\/www.public.sn\/index.php\/2023\/01\/20\/la-gendarmerie-sonne-la-remobilisation-et-rengage-ses-anciens-auxiliaires\/#primaryimage"},"image":{"@id":"https:\/\/www.public.sn\/index.php\/2023\/01\/20\/la-gendarmerie-sonne-la-remobilisation-et-rengage-ses-anciens-auxiliaires\/#primaryimage"},"thumbnailUrl":"https:\/\/www.public.sn\/wp-content\/uploads\/2022\/11\/gendarmerie-senegal.webp","datePublished":"2023-01-20T10:39:36+00:00","breadcrumb":{"@id":"https:\/\/www.public.sn\/index.php\/2023\/01\/20\/la-gendarmerie-sonne-la-remobilisation-et-rengage-ses-anciens-auxiliaires\/#breadcrumb"},"inLanguage":"fr-FR","potentialAction":[{"@type":"ReadAction","target":["https:\/\/www.public.sn\/index.php\/2023\/01\/20\/la-gendarmerie-sonne-la-remobilisation-et-rengage-ses-anciens-auxiliaires\/"]}]},{"@type":"ImageObject","inLanguage":"fr-FR","@id":"https:\/\/www.public.sn\/index.php\/2023\/01\/20\/la-gendarmerie-sonne-la-remobilisation-et-rengage-ses-anciens-auxiliaires\/#primaryimage","url":"https:\/\/www.public.sn\/wp-content\/uploads\/2022\/11\/gendarmerie-senegal.webp","contentUrl":"https:\/\/www.public.sn\/wp-content\/uploads\/2022\/11\/gendarmerie-senegal.webp","width":1200,"height":675,"caption":"publicsn"},{"@type":"BreadcrumbList","@id":"https:\/\/www.public.sn\/index.php\/2023\/01\/20\/la-gendarmerie-sonne-la-remobilisation-et-rengage-ses-anciens-auxiliaires\/#breadcrumb","itemListElement":[{"@type":"ListItem","position":1,"name":"Accueil","item":"https:\/\/www.public.sn\/"},{"@type":"ListItem","position":2,"name":"La gendarmerie sonne la remobilisation et rengage ses anciens auxiliaires"}]},{"@type":"WebSite","@id":"https:\/\/www.public.sn\/#website","url":"https:\/\/www.public.sn\/","name":"LE PUBLIC","description":"","publisher":{"@id":"https:\/\/www.public.sn\/#organization"},"potentialAction":[{"@type":"SearchAction","target":{"@type":"EntryPoint","urlTemplate":"https:\/\/www.public.sn\/?s={search_term_string}"},"query-input":{"@type":"PropertyValueSpecification","valueRequired":true,"valueName":"search_term_string"}}],"inLanguage":"fr-FR"},{"@type":"Organization","@id":"https:\/\/www.public.sn\/#organization","name":"LE PUBLIC","url":"https:\/\/www.public.sn\/","logo":{"@type":"ImageObject","inLanguage":"fr-FR","@id":"https:\/\/www.public.sn\/#\/schema\/logo\/image\/","url":"https:\/\/www.public.sn\/wp-content\/uploads\/2024\/05\/cropped-LOGO-PUBLIC.SN_.png","contentUrl":"https:\/\/www.public.sn\/wp-content\/uploads\/2024\/05\/cropped-LOGO-PUBLIC.SN_.png","width":682,"height":192,"caption":"LE PUBLIC"},"image":{"@id":"https:\/\/www.public.sn\/#\/schema\/logo\/image\/"}},{"@type":"Person","@id":"https:\/\/www.public.sn\/#\/schema\/person\/e3f4a11b037d4203902db148f9bc8d5a","name":"LA REDACTION","image":{"@type":"ImageObject","inLanguage":"fr-FR","@id":"https:\/\/www.public.sn\/#\/schema\/person\/image\/","url":"https:\/\/secure.gravatar.com\/avatar\/d6c030db45db2883c075085c5d6c6258654a801a93766b49af0b82d4f454e2a5?s=96&d=mm&r=g","contentUrl":"https:\/\/secure.gravatar.com\/avatar\/d6c030db45db2883c075085c5d6c6258654a801a93766b49af0b82d4f454e2a5?s=96&d=mm&r=g","caption":"LA REDACTION"},"sameAs":["http:\/\/www.public.sn"],"url":"https:\/\/www.public.sn\/index.php\/author\/admin7324\/"}]}},"jetpack_featured_media_url":"https:\/\/www.public.sn\/wp-content\/uploads\/2022\/11\/gendarmerie-senegal.webp","jetpack_sharing_enabled":true,"_links":{"self":[{"href":"https:\/\/www.public.sn\/index.php\/wp-json\/wp\/v2\/posts\/13982","targetHints":{"allow":["GET"]}}],"collection":[{"href":"https:\/\/www.public.sn\/index.php\/wp-json\/wp\/v2\/posts"}],"about":[{"href":"https:\/\/www.public.sn\/index.php\/wp-json\/wp\/v2\/types\/post"}],"author":[{"embeddable":true,"href":"https:\/\/www.public.sn\/index.php\/wp-json\/wp\/v2\/users\/1"}],"replies":[{"embeddable":true,"href":"https:\/\/www.public.sn\/index.php\/wp-json\/wp\/v2\/comments?post=13982"}],"version-history":[{"count":1,"href":"https:\/\/www.public.sn\/index.php\/wp-json\/wp\/v2\/posts\/13982\/revisions"}],"predecessor-version":[{"id":13983,"href":"https:\/\/www.public.sn\/index.php\/wp-json\/wp\/v2\/posts\/13982\/revisions\/13983"}],"wp:featuredmedia":[{"embeddable":true,"href":"https:\/\/www.public.sn\/index.php\/wp-json\/wp\/v2\/media\/10023"}],"wp:attachment":[{"href":"https:\/\/www.public.sn\/index.php\/wp-json\/wp\/v2\/media?parent=13982"}],"wp:term":[{"taxonomy":"category","embeddable":true,"href":"https:\/\/www.public.sn\/index.php\/wp-json\/wp\/v2\/categories?post=13982"},{"taxonomy":"post_tag","embeddable":true,"href":"https:\/\/www.public.sn\/index.php\/wp-json\/wp\/v2\/tags?post=13982"}],"curies":[{"name":"wp","href":"https:\/\/api.w.org\/{rel}","templated":true}]}}