{"id":13988,"date":"2023-01-20T11:40:17","date_gmt":"2023-01-20T11:40:17","guid":{"rendered":"https:\/\/www.public.sn\/?p=13988"},"modified":"2023-01-20T11:51:31","modified_gmt":"2023-01-20T11:51:31","slug":"le-juge-du-proces-ousmane-sonko-adji-sarr-est","status":"publish","type":"post","link":"https:\/\/www.public.sn\/index.php\/2023\/01\/20\/le-juge-du-proces-ousmane-sonko-adji-sarr-est\/","title":{"rendered":"Le juge du proc\u00e8s Ousmane Sonko-Adji Sarr est&#8230;"},"content":{"rendered":"<p>Apr\u00e8s le renvoi de Ousmane Sonko et Ndeye Khady Ndiaye devant la chambre criminelle, le nom du Juge qui pr\u00e9sidera le proc\u00e8s est connu. C\u2019est Ahmath Sy \u00a0qui a h\u00e9rit\u00e9 du dossier Sweet Beauty. Le magistrat pr\u00e9sidera le proc\u00e8s dont la date n\u2019est pas encore fix\u00e9e. Il est juge \u00e0 la troisi\u00e8me chambre correctionnelle du tribunal hors classe de Dakar, renseigne Walfadjri.<\/p><div class=\"publi-paragraphe1\" style=\"margin-top: 10px;margin-bottom: 10px;margin-left: auto;margin-right: auto;text-align: center;\" id=\"publi-4149195229\"><div class=\"publi-adlabel\">Publicit\u00e9<\/div><script async src=\"\/\/pagead2.googlesyndication.com\/pagead\/js\/adsbygoogle.js?client=ca-pub-4089586018074219\" crossorigin=\"anonymous\"><\/script><ins class=\"adsbygoogle\" style=\"display:block;\" data-ad-client=\"ca-pub-4089586018074219\" \ndata-ad-slot=\"2087940154\" \ndata-ad-format=\"auto\"><\/ins>\n<script> \n(adsbygoogle = window.adsbygoogle || []).push({}); \n<\/script>\n<\/div>\n<p>Il a \u00e9t\u00e9 pendant longtemps pr\u00e9sident du tribunal d\u2019instance de Rufisque indique le journal. Selon Walf, Ahmath Sy sera assist\u00e9 de deux assesseurs dont les noms ne sont pas encore d\u00e9voil\u00e9s.<\/p>\n<div class=\"publi-apres-le-contenu\" style=\"margin-top: 10px;margin-bottom: 10px;margin-left: auto;margin-right: auto;text-align: center;\" id=\"publi-940902678\"><div class=\"publi-adlabel\">Publicit\u00e9<\/div><script async src=\"\/\/pagead2.googlesyndication.com\/pagead\/js\/adsbygoogle.js?client=ca-pub-4089586018074219\" crossorigin=\"anonymous\"><\/script><ins class=\"adsbygoogle\" style=\"display:block;\" data-ad-client=\"ca-pub-4089586018074219\" \ndata-ad-slot=\"2087940154\" \ndata-ad-format=\"auto\"><\/ins>\n<script> \n(adsbygoogle = window.adsbygoogle || []).push({}); \n<\/script>\n<\/div>","protected":false},"excerpt":{"rendered":"<p>Apr\u00e8s le renvoi de Ousmane Sonko et Ndeye Khady Ndiaye devant la chambre criminelle, le nom du Juge qui pr\u00e9sidera le proc\u00e8s est connu. C\u2019est Ahmath Sy \u00a0qui a h\u00e9rit\u00e9 du dossier Sweet Beauty. Le magistrat pr\u00e9sidera le proc\u00e8s dont la date n\u2019est pas encore fix\u00e9e. Il est juge \u00e0 la troisi\u00e8me chambre correctionnelle du tribunal hors classe de Dakar, renseigne Walfadjri. Il a \u00e9t\u00e9 pendant longtemps pr\u00e9sident du tribunal d\u2019instance de Rufisque indique le journal. Selon Walf, Ahmath Sy sera assist\u00e9 de deux assesseurs dont les noms ne sont pas encore d\u00e9voil\u00e9s.<\/p>\n","protected":false},"author":7,"featured_media":13989,"comment_status":"open","ping_status":"open","sticky":false,"template":"","format":"standard","meta":{"_jetpack_memberships_contains_paid_content":false,"footnotes":""},"categories":[375,3724,5,3,1,4],"tags":[99,1257,16,611,3632],"class_list":["post-13988","post","type-post","status-publish","format-standard","has-post-thumbnail","hentry","category-actualites","category-justice","category-people","category-politique","category-non-classe","category-societe","tag-adji-sarr","tag-juge","tag-ousmane-sonko","tag-proces","tag-sweet-beauty","entry","has-media","owp-thumbs-layout-horizontal","owp-btn-normal","owp-tabs-layout-horizontal","has-no-thumbnails","has-product-nav"],"yoast_head":"<!-- This site is optimized with the Yoast SEO plugin v25.5 - https:\/\/yoast.com\/wordpress\/plugins\/seo\/ -->\n<title>Le juge du proc\u00e8s Ousmane Sonko-Adji Sarr est... - LE PUBLIC<\/title>\n<meta name=\"robots\" content=\"index, follow, max-snippet:-1, max-image-preview:large, max-video-preview:-1\" \/>\n<link rel=\"canonical\" href=\"https:\/\/www.public.sn\/index.php\/2023\/01\/20\/le-juge-du-proces-ousmane-sonko-adji-sarr-est\/\" \/>\n<meta property=\"og:locale\" content=\"fr_FR\" \/>\n<meta property=\"og:type\" content=\"article\" \/>\n<meta property=\"og:title\" content=\"Le juge du proc\u00e8s Ousmane Sonko-Adji Sarr est... - LE PUBLIC\" \/>\n<meta property=\"og:description\" content=\"Apr\u00e8s le renvoi de Ousmane Sonko et Ndeye Khady Ndiaye devant la chambre criminelle, le nom du Juge qui pr\u00e9sidera le proc\u00e8s est connu. C\u2019est Ahmath Sy \u00a0qui a h\u00e9rit\u00e9 du dossier Sweet Beauty. Le magistrat pr\u00e9sidera le proc\u00e8s dont la date n\u2019est pas encore fix\u00e9e. Il est juge \u00e0 la troisi\u00e8me chambre correctionnelle du tribunal hors classe de Dakar, renseigne Walfadjri. Il a \u00e9t\u00e9 pendant longtemps pr\u00e9sident du tribunal d\u2019instance de Rufisque indique le journal. Selon Walf, Ahmath Sy sera assist\u00e9 de deux assesseurs dont les noms ne sont pas encore d\u00e9voil\u00e9s.\" \/>\n<meta property=\"og:url\" content=\"https:\/\/www.public.sn\/index.php\/2023\/01\/20\/le-juge-du-proces-ousmane-sonko-adji-sarr-est\/\" \/>\n<meta property=\"og:site_name\" content=\"LE PUBLIC\" \/>\n<meta property=\"article:published_time\" content=\"2023-01-20T11:40:17+00:00\" \/>\n<meta property=\"article:modified_time\" content=\"2023-01-20T11:51:31+00:00\" \/>\n<meta property=\"og:image\" content=\"https:\/\/www.public.sn\/wp-content\/uploads\/2023\/01\/sonko-adji-sarr-palais-de-justice-1.jpg\" \/>\n\t<meta property=\"og:image:width\" content=\"1200\" \/>\n\t<meta property=\"og:image:height\" content=\"675\" \/>\n\t<meta property=\"og:image:type\" content=\"image\/jpeg\" \/>\n<meta name=\"author\" content=\"LA REDACTION\" \/>\n<meta name=\"twitter:card\" content=\"summary_large_image\" \/>\n<meta name=\"twitter:label1\" content=\"\u00c9crit par\" \/>\n\t<meta name=\"twitter:data1\" content=\"LA REDACTION\" \/>\n\t<meta name=\"twitter:label2\" content=\"Dur\u00e9e de lecture estim\u00e9e\" \/>\n\t<meta name=\"twitter:data2\" content=\"1 minute\" \/>\n<script type=\"application\/ld+json\" class=\"yoast-schema-graph\">{\"@context\":\"https:\/\/schema.org\",\"@graph\":[{\"@type\":\"Article\",\"@id\":\"https:\/\/www.public.sn\/index.php\/2023\/01\/20\/le-juge-du-proces-ousmane-sonko-adji-sarr-est\/#article\",\"isPartOf\":{\"@id\":\"https:\/\/www.public.sn\/index.php\/2023\/01\/20\/le-juge-du-proces-ousmane-sonko-adji-sarr-est\/\"},\"author\":{\"name\":\"LA REDACTION\",\"@id\":\"https:\/\/www.public.sn\/#\/schema\/person\/cb76c8e1b8becc6be61fb5e92d6d0224\"},\"headline\":\"Le juge du proc\u00e8s Ousmane Sonko-Adji Sarr est&#8230;\",\"datePublished\":\"2023-01-20T11:40:17+00:00\",\"dateModified\":\"2023-01-20T11:51:31+00:00\",\"mainEntityOfPage\":{\"@id\":\"https:\/\/www.public.sn\/index.php\/2023\/01\/20\/le-juge-du-proces-ousmane-sonko-adji-sarr-est\/\"},\"wordCount\":115,\"commentCount\":0,\"publisher\":{\"@id\":\"https:\/\/www.public.sn\/#organization\"},\"image\":{\"@id\":\"https:\/\/www.public.sn\/index.php\/2023\/01\/20\/le-juge-du-proces-ousmane-sonko-adji-sarr-est\/#primaryimage\"},\"thumbnailUrl\":\"https:\/\/www.public.sn\/wp-content\/uploads\/2023\/01\/sonko-adji-sarr-palais-de-justice-1.jpg\",\"keywords\":[\"Adji Sarr\",\"juge\",\"Ousmane Sonko\",\"Proc\u00e8s\",\"Sweet beauty\"],\"articleSection\":[\"ACTUALIT\u00c9S\",\"justice\",\"PEOPLE\",\"POLITIQUE\",\"S\u00c9N\u00c9GAL\",\"SOCIETE\"],\"inLanguage\":\"fr-FR\",\"potentialAction\":[{\"@type\":\"CommentAction\",\"name\":\"Comment\",\"target\":[\"https:\/\/www.public.sn\/index.php\/2023\/01\/20\/le-juge-du-proces-ousmane-sonko-adji-sarr-est\/#respond\"]}]},{\"@type\":\"WebPage\",\"@id\":\"https:\/\/www.public.sn\/index.php\/2023\/01\/20\/le-juge-du-proces-ousmane-sonko-adji-sarr-est\/\",\"url\":\"https:\/\/www.public.sn\/index.php\/2023\/01\/20\/le-juge-du-proces-ousmane-sonko-adji-sarr-est\/\",\"name\":\"Le juge du proc\u00e8s Ousmane Sonko-Adji Sarr est... - LE PUBLIC\",\"isPartOf\":{\"@id\":\"https:\/\/www.public.sn\/#website\"},\"primaryImageOfPage\":{\"@id\":\"https:\/\/www.public.sn\/index.php\/2023\/01\/20\/le-juge-du-proces-ousmane-sonko-adji-sarr-est\/#primaryimage\"},\"image\":{\"@id\":\"https:\/\/www.public.sn\/index.php\/2023\/01\/20\/le-juge-du-proces-ousmane-sonko-adji-sarr-est\/#primaryimage\"},\"thumbnailUrl\":\"https:\/\/www.public.sn\/wp-content\/uploads\/2023\/01\/sonko-adji-sarr-palais-de-justice-1.jpg\",\"datePublished\":\"2023-01-20T11:40:17+00:00\",\"dateModified\":\"2023-01-20T11:51:31+00:00\",\"breadcrumb\":{\"@id\":\"https:\/\/www.public.sn\/index.php\/2023\/01\/20\/le-juge-du-proces-ousmane-sonko-adji-sarr-est\/#breadcrumb\"},\"inLanguage\":\"fr-FR\",\"potentialAction\":[{\"@type\":\"ReadAction\",\"target\":[\"https:\/\/www.public.sn\/index.php\/2023\/01\/20\/le-juge-du-proces-ousmane-sonko-adji-sarr-est\/\"]}]},{\"@type\":\"ImageObject\",\"inLanguage\":\"fr-FR\",\"@id\":\"https:\/\/www.public.sn\/index.php\/2023\/01\/20\/le-juge-du-proces-ousmane-sonko-adji-sarr-est\/#primaryimage\",\"url\":\"https:\/\/www.public.sn\/wp-content\/uploads\/2023\/01\/sonko-adji-sarr-palais-de-justice-1.jpg\",\"contentUrl\":\"https:\/\/www.public.sn\/wp-content\/uploads\/2023\/01\/sonko-adji-sarr-palais-de-justice-1.jpg\",\"width\":1200,\"height\":675},{\"@type\":\"BreadcrumbList\",\"@id\":\"https:\/\/www.public.sn\/index.php\/2023\/01\/20\/le-juge-du-proces-ousmane-sonko-adji-sarr-est\/#breadcrumb\",\"itemListElement\":[{\"@type\":\"ListItem\",\"position\":1,\"name\":\"Accueil\",\"item\":\"https:\/\/www.public.sn\/\"},{\"@type\":\"ListItem\",\"position\":2,\"name\":\"Le juge du proc\u00e8s Ousmane Sonko-Adji Sarr est&#8230;\"}]},{\"@type\":\"WebSite\",\"@id\":\"https:\/\/www.public.sn\/#website\",\"url\":\"https:\/\/www.public.sn\/\",\"name\":\"LE PUBLIC\",\"description\":\"\",\"publisher\":{\"@id\":\"https:\/\/www.public.sn\/#organization\"},\"potentialAction\":[{\"@type\":\"SearchAction\",\"target\":{\"@type\":\"EntryPoint\",\"urlTemplate\":\"https:\/\/www.public.sn\/?s={search_term_string}\"},\"query-input\":{\"@type\":\"PropertyValueSpecification\",\"valueRequired\":true,\"valueName\":\"search_term_string\"}}],\"inLanguage\":\"fr-FR\"},{\"@type\":\"Organization\",\"@id\":\"https:\/\/www.public.sn\/#organization\",\"name\":\"LE PUBLIC\",\"url\":\"https:\/\/www.public.sn\/\",\"logo\":{\"@type\":\"ImageObject\",\"inLanguage\":\"fr-FR\",\"@id\":\"https:\/\/www.public.sn\/#\/schema\/logo\/image\/\",\"url\":\"https:\/\/www.public.sn\/wp-content\/uploads\/2024\/05\/cropped-LOGO-PUBLIC.SN_.png\",\"contentUrl\":\"https:\/\/www.public.sn\/wp-content\/uploads\/2024\/05\/cropped-LOGO-PUBLIC.SN_.png\",\"width\":682,\"height\":192,\"caption\":\"LE PUBLIC\"},\"image\":{\"@id\":\"https:\/\/www.public.sn\/#\/schema\/logo\/image\/\"}},{\"@type\":\"Person\",\"@id\":\"https:\/\/www.public.sn\/#\/schema\/person\/cb76c8e1b8becc6be61fb5e92d6d0224\",\"name\":\"LA REDACTION\",\"image\":{\"@type\":\"ImageObject\",\"inLanguage\":\"fr-FR\",\"@id\":\"https:\/\/www.public.sn\/#\/schema\/person\/image\/\",\"url\":\"https:\/\/secure.gravatar.com\/avatar\/2dce5ddd34b8fef0180efe03aa2a9bee7d953856048f9a16b298190a3178407c?s=96&d=mm&r=g\",\"contentUrl\":\"https:\/\/secure.gravatar.com\/avatar\/2dce5ddd34b8fef0180efe03aa2a9bee7d953856048f9a16b298190a3178407c?s=96&d=mm&r=g\",\"caption\":\"LA REDACTION\"},\"url\":\"https:\/\/www.public.sn\/index.php\/author\/editeurpsn\/\"}]}<\/script>\n<!-- \/ Yoast SEO plugin. -->","yoast_head_json":{"title":"Le juge du proc\u00e8s Ousmane Sonko-Adji Sarr est... - LE PUBLIC","robots":{"index":"index","follow":"follow","max-snippet":"max-snippet:-1","max-image-preview":"max-image-preview:large","max-video-preview":"max-video-preview:-1"},"canonical":"https:\/\/www.public.sn\/index.php\/2023\/01\/20\/le-juge-du-proces-ousmane-sonko-adji-sarr-est\/","og_locale":"fr_FR","og_type":"article","og_title":"Le juge du proc\u00e8s Ousmane Sonko-Adji Sarr est... - LE PUBLIC","og_description":"Apr\u00e8s le renvoi de Ousmane Sonko et Ndeye Khady Ndiaye devant la chambre criminelle, le nom du Juge qui pr\u00e9sidera le proc\u00e8s est connu. C\u2019est Ahmath Sy \u00a0qui a h\u00e9rit\u00e9 du dossier Sweet Beauty. Le magistrat pr\u00e9sidera le proc\u00e8s dont la date n\u2019est pas encore fix\u00e9e. Il est juge \u00e0 la troisi\u00e8me chambre correctionnelle du tribunal hors classe de Dakar, renseigne Walfadjri. Il a \u00e9t\u00e9 pendant longtemps pr\u00e9sident du tribunal d\u2019instance de Rufisque indique le journal. Selon Walf, Ahmath Sy sera assist\u00e9 de deux assesseurs dont les noms ne sont pas encore d\u00e9voil\u00e9s.","og_url":"https:\/\/www.public.sn\/index.php\/2023\/01\/20\/le-juge-du-proces-ousmane-sonko-adji-sarr-est\/","og_site_name":"LE PUBLIC","article_published_time":"2023-01-20T11:40:17+00:00","article_modified_time":"2023-01-20T11:51:31+00:00","og_image":[{"width":1200,"height":675,"url":"https:\/\/www.public.sn\/wp-content\/uploads\/2023\/01\/sonko-adji-sarr-palais-de-justice-1.jpg","type":"image\/jpeg"}],"author":"LA REDACTION","twitter_card":"summary_large_image","twitter_misc":{"\u00c9crit par":"LA REDACTION","Dur\u00e9e de lecture estim\u00e9e":"1 minute"},"schema":{"@context":"https:\/\/schema.org","@graph":[{"@type":"Article","@id":"https:\/\/www.public.sn\/index.php\/2023\/01\/20\/le-juge-du-proces-ousmane-sonko-adji-sarr-est\/#article","isPartOf":{"@id":"https:\/\/www.public.sn\/index.php\/2023\/01\/20\/le-juge-du-proces-ousmane-sonko-adji-sarr-est\/"},"author":{"name":"LA REDACTION","@id":"https:\/\/www.public.sn\/#\/schema\/person\/cb76c8e1b8becc6be61fb5e92d6d0224"},"headline":"Le juge du proc\u00e8s Ousmane Sonko-Adji Sarr est&#8230;","datePublished":"2023-01-20T11:40:17+00:00","dateModified":"2023-01-20T11:51:31+00:00","mainEntityOfPage":{"@id":"https:\/\/www.public.sn\/index.php\/2023\/01\/20\/le-juge-du-proces-ousmane-sonko-adji-sarr-est\/"},"wordCount":115,"commentCount":0,"publisher":{"@id":"https:\/\/www.public.sn\/#organization"},"image":{"@id":"https:\/\/www.public.sn\/index.php\/2023\/01\/20\/le-juge-du-proces-ousmane-sonko-adji-sarr-est\/#primaryimage"},"thumbnailUrl":"https:\/\/www.public.sn\/wp-content\/uploads\/2023\/01\/sonko-adji-sarr-palais-de-justice-1.jpg","keywords":["Adji Sarr","juge","Ousmane Sonko","Proc\u00e8s","Sweet beauty"],"articleSection":["ACTUALIT\u00c9S","justice","PEOPLE","POLITIQUE","S\u00c9N\u00c9GAL","SOCIETE"],"inLanguage":"fr-FR","potentialAction":[{"@type":"CommentAction","name":"Comment","target":["https:\/\/www.public.sn\/index.php\/2023\/01\/20\/le-juge-du-proces-ousmane-sonko-adji-sarr-est\/#respond"]}]},{"@type":"WebPage","@id":"https:\/\/www.public.sn\/index.php\/2023\/01\/20\/le-juge-du-proces-ousmane-sonko-adji-sarr-est\/","url":"https:\/\/www.public.sn\/index.php\/2023\/01\/20\/le-juge-du-proces-ousmane-sonko-adji-sarr-est\/","name":"Le juge du proc\u00e8s Ousmane Sonko-Adji Sarr est... - LE PUBLIC","isPartOf":{"@id":"https:\/\/www.public.sn\/#website"},"primaryImageOfPage":{"@id":"https:\/\/www.public.sn\/index.php\/2023\/01\/20\/le-juge-du-proces-ousmane-sonko-adji-sarr-est\/#primaryimage"},"image":{"@id":"https:\/\/www.public.sn\/index.php\/2023\/01\/20\/le-juge-du-proces-ousmane-sonko-adji-sarr-est\/#primaryimage"},"thumbnailUrl":"https:\/\/www.public.sn\/wp-content\/uploads\/2023\/01\/sonko-adji-sarr-palais-de-justice-1.jpg","datePublished":"2023-01-20T11:40:17+00:00","dateModified":"2023-01-20T11:51:31+00:00","breadcrumb":{"@id":"https:\/\/www.public.sn\/index.php\/2023\/01\/20\/le-juge-du-proces-ousmane-sonko-adji-sarr-est\/#breadcrumb"},"inLanguage":"fr-FR","potentialAction":[{"@type":"ReadAction","target":["https:\/\/www.public.sn\/index.php\/2023\/01\/20\/le-juge-du-proces-ousmane-sonko-adji-sarr-est\/"]}]},{"@type":"ImageObject","inLanguage":"fr-FR","@id":"https:\/\/www.public.sn\/index.php\/2023\/01\/20\/le-juge-du-proces-ousmane-sonko-adji-sarr-est\/#primaryimage","url":"https:\/\/www.public.sn\/wp-content\/uploads\/2023\/01\/sonko-adji-sarr-palais-de-justice-1.jpg","contentUrl":"https:\/\/www.public.sn\/wp-content\/uploads\/2023\/01\/sonko-adji-sarr-palais-de-justice-1.jpg","width":1200,"height":675},{"@type":"BreadcrumbList","@id":"https:\/\/www.public.sn\/index.php\/2023\/01\/20\/le-juge-du-proces-ousmane-sonko-adji-sarr-est\/#breadcrumb","itemListElement":[{"@type":"ListItem","position":1,"name":"Accueil","item":"https:\/\/www.public.sn\/"},{"@type":"ListItem","position":2,"name":"Le juge du proc\u00e8s Ousmane Sonko-Adji Sarr est&#8230;"}]},{"@type":"WebSite","@id":"https:\/\/www.public.sn\/#website","url":"https:\/\/www.public.sn\/","name":"LE PUBLIC","description":"","publisher":{"@id":"https:\/\/www.public.sn\/#organization"},"potentialAction":[{"@type":"SearchAction","target":{"@type":"EntryPoint","urlTemplate":"https:\/\/www.public.sn\/?s={search_term_string}"},"query-input":{"@type":"PropertyValueSpecification","valueRequired":true,"valueName":"search_term_string"}}],"inLanguage":"fr-FR"},{"@type":"Organization","@id":"https:\/\/www.public.sn\/#organization","name":"LE PUBLIC","url":"https:\/\/www.public.sn\/","logo":{"@type":"ImageObject","inLanguage":"fr-FR","@id":"https:\/\/www.public.sn\/#\/schema\/logo\/image\/","url":"https:\/\/www.public.sn\/wp-content\/uploads\/2024\/05\/cropped-LOGO-PUBLIC.SN_.png","contentUrl":"https:\/\/www.public.sn\/wp-content\/uploads\/2024\/05\/cropped-LOGO-PUBLIC.SN_.png","width":682,"height":192,"caption":"LE PUBLIC"},"image":{"@id":"https:\/\/www.public.sn\/#\/schema\/logo\/image\/"}},{"@type":"Person","@id":"https:\/\/www.public.sn\/#\/schema\/person\/cb76c8e1b8becc6be61fb5e92d6d0224","name":"LA REDACTION","image":{"@type":"ImageObject","inLanguage":"fr-FR","@id":"https:\/\/www.public.sn\/#\/schema\/person\/image\/","url":"https:\/\/secure.gravatar.com\/avatar\/2dce5ddd34b8fef0180efe03aa2a9bee7d953856048f9a16b298190a3178407c?s=96&d=mm&r=g","contentUrl":"https:\/\/secure.gravatar.com\/avatar\/2dce5ddd34b8fef0180efe03aa2a9bee7d953856048f9a16b298190a3178407c?s=96&d=mm&r=g","caption":"LA REDACTION"},"url":"https:\/\/www.public.sn\/index.php\/author\/editeurpsn\/"}]}},"jetpack_featured_media_url":"https:\/\/www.public.sn\/wp-content\/uploads\/2023\/01\/sonko-adji-sarr-palais-de-justice-1.jpg","jetpack_sharing_enabled":true,"_links":{"self":[{"href":"https:\/\/www.public.sn\/index.php\/wp-json\/wp\/v2\/posts\/13988","targetHints":{"allow":["GET"]}}],"collection":[{"href":"https:\/\/www.public.sn\/index.php\/wp-json\/wp\/v2\/posts"}],"about":[{"href":"https:\/\/www.public.sn\/index.php\/wp-json\/wp\/v2\/types\/post"}],"author":[{"embeddable":true,"href":"https:\/\/www.public.sn\/index.php\/wp-json\/wp\/v2\/users\/7"}],"replies":[{"embeddable":true,"href":"https:\/\/www.public.sn\/index.php\/wp-json\/wp\/v2\/comments?post=13988"}],"version-history":[{"count":2,"href":"https:\/\/www.public.sn\/index.php\/wp-json\/wp\/v2\/posts\/13988\/revisions"}],"predecessor-version":[{"id":13992,"href":"https:\/\/www.public.sn\/index.php\/wp-json\/wp\/v2\/posts\/13988\/revisions\/13992"}],"wp:featuredmedia":[{"embeddable":true,"href":"https:\/\/www.public.sn\/index.php\/wp-json\/wp\/v2\/media\/13989"}],"wp:attachment":[{"href":"https:\/\/www.public.sn\/index.php\/wp-json\/wp\/v2\/media?parent=13988"}],"wp:term":[{"taxonomy":"category","embeddable":true,"href":"https:\/\/www.public.sn\/index.php\/wp-json\/wp\/v2\/categories?post=13988"},{"taxonomy":"post_tag","embeddable":true,"href":"https:\/\/www.public.sn\/index.php\/wp-json\/wp\/v2\/tags?post=13988"}],"curies":[{"name":"wp","href":"https:\/\/api.w.org\/{rel}","templated":true}]}}