{"id":14043,"date":"2023-01-21T09:45:51","date_gmt":"2023-01-21T09:45:51","guid":{"rendered":"https:\/\/www.public.sn\/?p=14043"},"modified":"2023-01-21T09:45:51","modified_gmt":"2023-01-21T09:45:51","slug":"linguere-le-tik-tokeur-samba-ka-arrete-pour-vol-video","status":"publish","type":"post","link":"https:\/\/www.public.sn\/index.php\/2023\/01\/21\/linguere-le-tik-tokeur-samba-ka-arrete-pour-vol-video\/","title":{"rendered":"Lingu\u00e8re : Le tik-tokeur Samba Ka arr\u00eat\u00e9 pour vol (Vid\u00e9o)"},"content":{"rendered":"<p><strong>Incroyable mais vrai. Le c\u00e9l\u00e8bre tik-tokeur Samba Ka est arr\u00eat\u00e9 pour vol. L&rsquo;humoriste domicili\u00e9 \u00e0 Aff\u00e9 Djolof est en garde \u00e0 vue dans les locaux du commissariat urbain de Lingu\u00e8re pour vol avec effraction, commis la nuit avec moyen de transport et dommage \u00e0 la propri\u00e9t\u00e9 mobili\u00e8re et immobili\u00e8re d&rsquo;autrui.<\/strong><\/p><div class=\"publi-paragraphe1\" style=\"margin-top: 10px;margin-bottom: 10px;margin-left: auto;margin-right: auto;text-align: center;\" id=\"publi-2971571191\"><div class=\"publi-adlabel\">Publicit\u00e9<\/div><script async src=\"\/\/pagead2.googlesyndication.com\/pagead\/js\/adsbygoogle.js?client=ca-pub-4089586018074219\" crossorigin=\"anonymous\"><\/script><ins class=\"adsbygoogle\" style=\"display:block;\" data-ad-client=\"ca-pub-4089586018074219\" \ndata-ad-slot=\"2087940154\" \ndata-ad-format=\"auto\"><\/ins>\n<script> \n(adsbygoogle = window.adsbygoogle || []).push({}); \n<\/script>\n<\/div>\n<p>Selon Seneweb, cet auteur d&rsquo;un triple cambriolage a \u00e9t\u00e9 cern\u00e9 par les enqu\u00eateurs gr\u00e2ce \u00e0 son t\u00e9l\u00e9phone portable et l&rsquo;exploitation des images d&rsquo;une vid\u00e9o de surveillance. D\u00e9tails !<\/p>\n<div style=\"position: relative; padding-bottom: 56.25%; height: 0; overflow: hidden;\"><iframe style=\"width: 100%; height: 100%; position: absolute; left: 0px; top: 0px; overflow: hidden;\" title=\"Lecteur vid\u00e9o Dailymotion\" src=\"https:\/\/www.dailymotion.com\/embed\/video\/x8hfw3y\" width=\"100%\" height=\"100%\" frameborder=\"0\" allowfullscreen=\"allowfullscreen\"> <\/iframe><\/div>\n<div class=\"publi-apres-le-contenu\" style=\"margin-top: 10px;margin-bottom: 10px;margin-left: auto;margin-right: auto;text-align: center;\" id=\"publi-3704225954\"><div class=\"publi-adlabel\">Publicit\u00e9<\/div><script async src=\"\/\/pagead2.googlesyndication.com\/pagead\/js\/adsbygoogle.js?client=ca-pub-4089586018074219\" crossorigin=\"anonymous\"><\/script><ins class=\"adsbygoogle\" style=\"display:block;\" data-ad-client=\"ca-pub-4089586018074219\" \ndata-ad-slot=\"2087940154\" \ndata-ad-format=\"auto\"><\/ins>\n<script> \n(adsbygoogle = window.adsbygoogle || []).push({}); \n<\/script>\n<\/div>","protected":false},"excerpt":{"rendered":"<p>Incroyable mais vrai. Le c\u00e9l\u00e8bre tik-tokeur Samba Ka est arr\u00eat\u00e9 pour vol. L&rsquo;humoriste domicili\u00e9 \u00e0 Aff\u00e9 Djolof est en garde \u00e0 vue dans les locaux du commissariat urbain de Lingu\u00e8re pour vol avec effraction, commis la nuit avec moyen de transport et dommage \u00e0 la propri\u00e9t\u00e9 mobili\u00e8re et immobili\u00e8re d&rsquo;autrui. Selon Seneweb, cet auteur d&rsquo;un triple cambriolage a \u00e9t\u00e9 cern\u00e9 par les enqu\u00eateurs gr\u00e2ce \u00e0 son t\u00e9l\u00e9phone portable et l&rsquo;exploitation des images d&rsquo;une vid\u00e9o de surveillance. D\u00e9tails !<\/p>\n","protected":false},"author":1,"featured_media":14044,"comment_status":"open","ping_status":"open","sticky":false,"template":"","format":"standard","meta":{"_jetpack_memberships_contains_paid_content":false,"footnotes":""},"categories":[375,376,1,4,6],"tags":[4155,1815,237],"class_list":["post-14043","post","type-post","status-publish","format-standard","has-post-thumbnail","hentry","category-actualites","category-securite-justice","category-non-classe","category-societe","category-videos","tag-samba-ka","tag-tik-tokeur","tag-vol","entry","has-media","owp-thumbs-layout-horizontal","owp-btn-normal","owp-tabs-layout-horizontal","has-no-thumbnails","has-product-nav"],"yoast_head":"<!-- This site is optimized with the Yoast SEO plugin v25.5 - https:\/\/yoast.com\/wordpress\/plugins\/seo\/ -->\n<title>Lingu\u00e8re : Le tik-tokeur Samba Ka arr\u00eat\u00e9 pour vol (Vid\u00e9o) - LE PUBLIC<\/title>\n<meta name=\"robots\" content=\"index, follow, max-snippet:-1, max-image-preview:large, max-video-preview:-1\" \/>\n<link rel=\"canonical\" href=\"https:\/\/www.public.sn\/index.php\/2023\/01\/21\/linguere-le-tik-tokeur-samba-ka-arrete-pour-vol-video\/\" \/>\n<meta property=\"og:locale\" content=\"fr_FR\" \/>\n<meta property=\"og:type\" content=\"article\" \/>\n<meta property=\"og:title\" content=\"Lingu\u00e8re : Le tik-tokeur Samba Ka arr\u00eat\u00e9 pour vol (Vid\u00e9o) - LE PUBLIC\" \/>\n<meta property=\"og:description\" content=\"Incroyable mais vrai. Le c\u00e9l\u00e8bre tik-tokeur Samba Ka est arr\u00eat\u00e9 pour vol. L&rsquo;humoriste domicili\u00e9 \u00e0 Aff\u00e9 Djolof est en garde \u00e0 vue dans les locaux du commissariat urbain de Lingu\u00e8re pour vol avec effraction, commis la nuit avec moyen de transport et dommage \u00e0 la propri\u00e9t\u00e9 mobili\u00e8re et immobili\u00e8re d&rsquo;autrui. Selon Seneweb, cet auteur d&rsquo;un triple cambriolage a \u00e9t\u00e9 cern\u00e9 par les enqu\u00eateurs gr\u00e2ce \u00e0 son t\u00e9l\u00e9phone portable et l&rsquo;exploitation des images d&rsquo;une vid\u00e9o de surveillance. D\u00e9tails !\" \/>\n<meta property=\"og:url\" content=\"https:\/\/www.public.sn\/index.php\/2023\/01\/21\/linguere-le-tik-tokeur-samba-ka-arrete-pour-vol-video\/\" \/>\n<meta property=\"og:site_name\" content=\"LE PUBLIC\" \/>\n<meta property=\"article:published_time\" content=\"2023-01-21T09:45:51+00:00\" \/>\n<meta property=\"og:image\" content=\"https:\/\/www.public.sn\/wp-content\/uploads\/2023\/01\/samba-ka7.jpg\" \/>\n\t<meta property=\"og:image:width\" content=\"696\" \/>\n\t<meta property=\"og:image:height\" content=\"392\" \/>\n\t<meta property=\"og:image:type\" content=\"image\/jpeg\" \/>\n<meta name=\"author\" content=\"LA REDACTION\" \/>\n<meta name=\"twitter:card\" content=\"summary_large_image\" \/>\n<meta name=\"twitter:label1\" content=\"\u00c9crit par\" \/>\n\t<meta name=\"twitter:data1\" content=\"LA REDACTION\" \/>\n\t<meta name=\"twitter:label2\" content=\"Dur\u00e9e de lecture estim\u00e9e\" \/>\n\t<meta name=\"twitter:data2\" content=\"1 minute\" \/>\n<script type=\"application\/ld+json\" class=\"yoast-schema-graph\">{\"@context\":\"https:\/\/schema.org\",\"@graph\":[{\"@type\":\"Article\",\"@id\":\"https:\/\/www.public.sn\/index.php\/2023\/01\/21\/linguere-le-tik-tokeur-samba-ka-arrete-pour-vol-video\/#article\",\"isPartOf\":{\"@id\":\"https:\/\/www.public.sn\/index.php\/2023\/01\/21\/linguere-le-tik-tokeur-samba-ka-arrete-pour-vol-video\/\"},\"author\":{\"name\":\"LA REDACTION\",\"@id\":\"https:\/\/www.public.sn\/#\/schema\/person\/e3f4a11b037d4203902db148f9bc8d5a\"},\"headline\":\"Lingu\u00e8re : Le tik-tokeur Samba Ka arr\u00eat\u00e9 pour vol (Vid\u00e9o)\",\"datePublished\":\"2023-01-21T09:45:51+00:00\",\"mainEntityOfPage\":{\"@id\":\"https:\/\/www.public.sn\/index.php\/2023\/01\/21\/linguere-le-tik-tokeur-samba-ka-arrete-pour-vol-video\/\"},\"wordCount\":98,\"commentCount\":0,\"publisher\":{\"@id\":\"https:\/\/www.public.sn\/#organization\"},\"image\":{\"@id\":\"https:\/\/www.public.sn\/index.php\/2023\/01\/21\/linguere-le-tik-tokeur-samba-ka-arrete-pour-vol-video\/#primaryimage\"},\"thumbnailUrl\":\"https:\/\/www.public.sn\/wp-content\/uploads\/2023\/01\/samba-ka7.jpg\",\"keywords\":[\"Samba Ka\",\"Tik tokeur\",\"Vol\"],\"articleSection\":[\"ACTUALIT\u00c9S\",\"S\u00c9CURIT\u00c9 &amp; JUSTICE\",\"S\u00c9N\u00c9GAL\",\"SOCIETE\",\"VIDEOS\"],\"inLanguage\":\"fr-FR\",\"potentialAction\":[{\"@type\":\"CommentAction\",\"name\":\"Comment\",\"target\":[\"https:\/\/www.public.sn\/index.php\/2023\/01\/21\/linguere-le-tik-tokeur-samba-ka-arrete-pour-vol-video\/#respond\"]}]},{\"@type\":\"WebPage\",\"@id\":\"https:\/\/www.public.sn\/index.php\/2023\/01\/21\/linguere-le-tik-tokeur-samba-ka-arrete-pour-vol-video\/\",\"url\":\"https:\/\/www.public.sn\/index.php\/2023\/01\/21\/linguere-le-tik-tokeur-samba-ka-arrete-pour-vol-video\/\",\"name\":\"Lingu\u00e8re : Le tik-tokeur Samba Ka arr\u00eat\u00e9 pour vol (Vid\u00e9o) - LE PUBLIC\",\"isPartOf\":{\"@id\":\"https:\/\/www.public.sn\/#website\"},\"primaryImageOfPage\":{\"@id\":\"https:\/\/www.public.sn\/index.php\/2023\/01\/21\/linguere-le-tik-tokeur-samba-ka-arrete-pour-vol-video\/#primaryimage\"},\"image\":{\"@id\":\"https:\/\/www.public.sn\/index.php\/2023\/01\/21\/linguere-le-tik-tokeur-samba-ka-arrete-pour-vol-video\/#primaryimage\"},\"thumbnailUrl\":\"https:\/\/www.public.sn\/wp-content\/uploads\/2023\/01\/samba-ka7.jpg\",\"datePublished\":\"2023-01-21T09:45:51+00:00\",\"breadcrumb\":{\"@id\":\"https:\/\/www.public.sn\/index.php\/2023\/01\/21\/linguere-le-tik-tokeur-samba-ka-arrete-pour-vol-video\/#breadcrumb\"},\"inLanguage\":\"fr-FR\",\"potentialAction\":[{\"@type\":\"ReadAction\",\"target\":[\"https:\/\/www.public.sn\/index.php\/2023\/01\/21\/linguere-le-tik-tokeur-samba-ka-arrete-pour-vol-video\/\"]}]},{\"@type\":\"ImageObject\",\"inLanguage\":\"fr-FR\",\"@id\":\"https:\/\/www.public.sn\/index.php\/2023\/01\/21\/linguere-le-tik-tokeur-samba-ka-arrete-pour-vol-video\/#primaryimage\",\"url\":\"https:\/\/www.public.sn\/wp-content\/uploads\/2023\/01\/samba-ka7.jpg\",\"contentUrl\":\"https:\/\/www.public.sn\/wp-content\/uploads\/2023\/01\/samba-ka7.jpg\",\"width\":696,\"height\":392},{\"@type\":\"BreadcrumbList\",\"@id\":\"https:\/\/www.public.sn\/index.php\/2023\/01\/21\/linguere-le-tik-tokeur-samba-ka-arrete-pour-vol-video\/#breadcrumb\",\"itemListElement\":[{\"@type\":\"ListItem\",\"position\":1,\"name\":\"Accueil\",\"item\":\"https:\/\/www.public.sn\/\"},{\"@type\":\"ListItem\",\"position\":2,\"name\":\"Lingu\u00e8re : Le tik-tokeur Samba Ka arr\u00eat\u00e9 pour vol (Vid\u00e9o)\"}]},{\"@type\":\"WebSite\",\"@id\":\"https:\/\/www.public.sn\/#website\",\"url\":\"https:\/\/www.public.sn\/\",\"name\":\"LE PUBLIC\",\"description\":\"\",\"publisher\":{\"@id\":\"https:\/\/www.public.sn\/#organization\"},\"potentialAction\":[{\"@type\":\"SearchAction\",\"target\":{\"@type\":\"EntryPoint\",\"urlTemplate\":\"https:\/\/www.public.sn\/?s={search_term_string}\"},\"query-input\":{\"@type\":\"PropertyValueSpecification\",\"valueRequired\":true,\"valueName\":\"search_term_string\"}}],\"inLanguage\":\"fr-FR\"},{\"@type\":\"Organization\",\"@id\":\"https:\/\/www.public.sn\/#organization\",\"name\":\"LE PUBLIC\",\"url\":\"https:\/\/www.public.sn\/\",\"logo\":{\"@type\":\"ImageObject\",\"inLanguage\":\"fr-FR\",\"@id\":\"https:\/\/www.public.sn\/#\/schema\/logo\/image\/\",\"url\":\"https:\/\/www.public.sn\/wp-content\/uploads\/2024\/05\/cropped-LOGO-PUBLIC.SN_.png\",\"contentUrl\":\"https:\/\/www.public.sn\/wp-content\/uploads\/2024\/05\/cropped-LOGO-PUBLIC.SN_.png\",\"width\":682,\"height\":192,\"caption\":\"LE PUBLIC\"},\"image\":{\"@id\":\"https:\/\/www.public.sn\/#\/schema\/logo\/image\/\"}},{\"@type\":\"Person\",\"@id\":\"https:\/\/www.public.sn\/#\/schema\/person\/e3f4a11b037d4203902db148f9bc8d5a\",\"name\":\"LA REDACTION\",\"image\":{\"@type\":\"ImageObject\",\"inLanguage\":\"fr-FR\",\"@id\":\"https:\/\/www.public.sn\/#\/schema\/person\/image\/\",\"url\":\"https:\/\/secure.gravatar.com\/avatar\/d6c030db45db2883c075085c5d6c6258654a801a93766b49af0b82d4f454e2a5?s=96&d=mm&r=g\",\"contentUrl\":\"https:\/\/secure.gravatar.com\/avatar\/d6c030db45db2883c075085c5d6c6258654a801a93766b49af0b82d4f454e2a5?s=96&d=mm&r=g\",\"caption\":\"LA REDACTION\"},\"sameAs\":[\"http:\/\/www.public.sn\"],\"url\":\"https:\/\/www.public.sn\/index.php\/author\/admin7324\/\"}]}<\/script>\n<!-- \/ Yoast SEO plugin. -->","yoast_head_json":{"title":"Lingu\u00e8re : Le tik-tokeur Samba Ka arr\u00eat\u00e9 pour vol (Vid\u00e9o) - LE PUBLIC","robots":{"index":"index","follow":"follow","max-snippet":"max-snippet:-1","max-image-preview":"max-image-preview:large","max-video-preview":"max-video-preview:-1"},"canonical":"https:\/\/www.public.sn\/index.php\/2023\/01\/21\/linguere-le-tik-tokeur-samba-ka-arrete-pour-vol-video\/","og_locale":"fr_FR","og_type":"article","og_title":"Lingu\u00e8re : Le tik-tokeur Samba Ka arr\u00eat\u00e9 pour vol (Vid\u00e9o) - LE PUBLIC","og_description":"Incroyable mais vrai. Le c\u00e9l\u00e8bre tik-tokeur Samba Ka est arr\u00eat\u00e9 pour vol. L&rsquo;humoriste domicili\u00e9 \u00e0 Aff\u00e9 Djolof est en garde \u00e0 vue dans les locaux du commissariat urbain de Lingu\u00e8re pour vol avec effraction, commis la nuit avec moyen de transport et dommage \u00e0 la propri\u00e9t\u00e9 mobili\u00e8re et immobili\u00e8re d&rsquo;autrui. Selon Seneweb, cet auteur d&rsquo;un triple cambriolage a \u00e9t\u00e9 cern\u00e9 par les enqu\u00eateurs gr\u00e2ce \u00e0 son t\u00e9l\u00e9phone portable et l&rsquo;exploitation des images d&rsquo;une vid\u00e9o de surveillance. D\u00e9tails !","og_url":"https:\/\/www.public.sn\/index.php\/2023\/01\/21\/linguere-le-tik-tokeur-samba-ka-arrete-pour-vol-video\/","og_site_name":"LE PUBLIC","article_published_time":"2023-01-21T09:45:51+00:00","og_image":[{"width":696,"height":392,"url":"https:\/\/www.public.sn\/wp-content\/uploads\/2023\/01\/samba-ka7.jpg","type":"image\/jpeg"}],"author":"LA REDACTION","twitter_card":"summary_large_image","twitter_misc":{"\u00c9crit par":"LA REDACTION","Dur\u00e9e de lecture estim\u00e9e":"1 minute"},"schema":{"@context":"https:\/\/schema.org","@graph":[{"@type":"Article","@id":"https:\/\/www.public.sn\/index.php\/2023\/01\/21\/linguere-le-tik-tokeur-samba-ka-arrete-pour-vol-video\/#article","isPartOf":{"@id":"https:\/\/www.public.sn\/index.php\/2023\/01\/21\/linguere-le-tik-tokeur-samba-ka-arrete-pour-vol-video\/"},"author":{"name":"LA REDACTION","@id":"https:\/\/www.public.sn\/#\/schema\/person\/e3f4a11b037d4203902db148f9bc8d5a"},"headline":"Lingu\u00e8re : Le tik-tokeur Samba Ka arr\u00eat\u00e9 pour vol (Vid\u00e9o)","datePublished":"2023-01-21T09:45:51+00:00","mainEntityOfPage":{"@id":"https:\/\/www.public.sn\/index.php\/2023\/01\/21\/linguere-le-tik-tokeur-samba-ka-arrete-pour-vol-video\/"},"wordCount":98,"commentCount":0,"publisher":{"@id":"https:\/\/www.public.sn\/#organization"},"image":{"@id":"https:\/\/www.public.sn\/index.php\/2023\/01\/21\/linguere-le-tik-tokeur-samba-ka-arrete-pour-vol-video\/#primaryimage"},"thumbnailUrl":"https:\/\/www.public.sn\/wp-content\/uploads\/2023\/01\/samba-ka7.jpg","keywords":["Samba Ka","Tik tokeur","Vol"],"articleSection":["ACTUALIT\u00c9S","S\u00c9CURIT\u00c9 &amp; JUSTICE","S\u00c9N\u00c9GAL","SOCIETE","VIDEOS"],"inLanguage":"fr-FR","potentialAction":[{"@type":"CommentAction","name":"Comment","target":["https:\/\/www.public.sn\/index.php\/2023\/01\/21\/linguere-le-tik-tokeur-samba-ka-arrete-pour-vol-video\/#respond"]}]},{"@type":"WebPage","@id":"https:\/\/www.public.sn\/index.php\/2023\/01\/21\/linguere-le-tik-tokeur-samba-ka-arrete-pour-vol-video\/","url":"https:\/\/www.public.sn\/index.php\/2023\/01\/21\/linguere-le-tik-tokeur-samba-ka-arrete-pour-vol-video\/","name":"Lingu\u00e8re : Le tik-tokeur Samba Ka arr\u00eat\u00e9 pour vol (Vid\u00e9o) - LE PUBLIC","isPartOf":{"@id":"https:\/\/www.public.sn\/#website"},"primaryImageOfPage":{"@id":"https:\/\/www.public.sn\/index.php\/2023\/01\/21\/linguere-le-tik-tokeur-samba-ka-arrete-pour-vol-video\/#primaryimage"},"image":{"@id":"https:\/\/www.public.sn\/index.php\/2023\/01\/21\/linguere-le-tik-tokeur-samba-ka-arrete-pour-vol-video\/#primaryimage"},"thumbnailUrl":"https:\/\/www.public.sn\/wp-content\/uploads\/2023\/01\/samba-ka7.jpg","datePublished":"2023-01-21T09:45:51+00:00","breadcrumb":{"@id":"https:\/\/www.public.sn\/index.php\/2023\/01\/21\/linguere-le-tik-tokeur-samba-ka-arrete-pour-vol-video\/#breadcrumb"},"inLanguage":"fr-FR","potentialAction":[{"@type":"ReadAction","target":["https:\/\/www.public.sn\/index.php\/2023\/01\/21\/linguere-le-tik-tokeur-samba-ka-arrete-pour-vol-video\/"]}]},{"@type":"ImageObject","inLanguage":"fr-FR","@id":"https:\/\/www.public.sn\/index.php\/2023\/01\/21\/linguere-le-tik-tokeur-samba-ka-arrete-pour-vol-video\/#primaryimage","url":"https:\/\/www.public.sn\/wp-content\/uploads\/2023\/01\/samba-ka7.jpg","contentUrl":"https:\/\/www.public.sn\/wp-content\/uploads\/2023\/01\/samba-ka7.jpg","width":696,"height":392},{"@type":"BreadcrumbList","@id":"https:\/\/www.public.sn\/index.php\/2023\/01\/21\/linguere-le-tik-tokeur-samba-ka-arrete-pour-vol-video\/#breadcrumb","itemListElement":[{"@type":"ListItem","position":1,"name":"Accueil","item":"https:\/\/www.public.sn\/"},{"@type":"ListItem","position":2,"name":"Lingu\u00e8re : Le tik-tokeur Samba Ka arr\u00eat\u00e9 pour vol (Vid\u00e9o)"}]},{"@type":"WebSite","@id":"https:\/\/www.public.sn\/#website","url":"https:\/\/www.public.sn\/","name":"LE PUBLIC","description":"","publisher":{"@id":"https:\/\/www.public.sn\/#organization"},"potentialAction":[{"@type":"SearchAction","target":{"@type":"EntryPoint","urlTemplate":"https:\/\/www.public.sn\/?s={search_term_string}"},"query-input":{"@type":"PropertyValueSpecification","valueRequired":true,"valueName":"search_term_string"}}],"inLanguage":"fr-FR"},{"@type":"Organization","@id":"https:\/\/www.public.sn\/#organization","name":"LE PUBLIC","url":"https:\/\/www.public.sn\/","logo":{"@type":"ImageObject","inLanguage":"fr-FR","@id":"https:\/\/www.public.sn\/#\/schema\/logo\/image\/","url":"https:\/\/www.public.sn\/wp-content\/uploads\/2024\/05\/cropped-LOGO-PUBLIC.SN_.png","contentUrl":"https:\/\/www.public.sn\/wp-content\/uploads\/2024\/05\/cropped-LOGO-PUBLIC.SN_.png","width":682,"height":192,"caption":"LE PUBLIC"},"image":{"@id":"https:\/\/www.public.sn\/#\/schema\/logo\/image\/"}},{"@type":"Person","@id":"https:\/\/www.public.sn\/#\/schema\/person\/e3f4a11b037d4203902db148f9bc8d5a","name":"LA REDACTION","image":{"@type":"ImageObject","inLanguage":"fr-FR","@id":"https:\/\/www.public.sn\/#\/schema\/person\/image\/","url":"https:\/\/secure.gravatar.com\/avatar\/d6c030db45db2883c075085c5d6c6258654a801a93766b49af0b82d4f454e2a5?s=96&d=mm&r=g","contentUrl":"https:\/\/secure.gravatar.com\/avatar\/d6c030db45db2883c075085c5d6c6258654a801a93766b49af0b82d4f454e2a5?s=96&d=mm&r=g","caption":"LA REDACTION"},"sameAs":["http:\/\/www.public.sn"],"url":"https:\/\/www.public.sn\/index.php\/author\/admin7324\/"}]}},"jetpack_featured_media_url":"https:\/\/www.public.sn\/wp-content\/uploads\/2023\/01\/samba-ka7.jpg","jetpack_sharing_enabled":true,"_links":{"self":[{"href":"https:\/\/www.public.sn\/index.php\/wp-json\/wp\/v2\/posts\/14043","targetHints":{"allow":["GET"]}}],"collection":[{"href":"https:\/\/www.public.sn\/index.php\/wp-json\/wp\/v2\/posts"}],"about":[{"href":"https:\/\/www.public.sn\/index.php\/wp-json\/wp\/v2\/types\/post"}],"author":[{"embeddable":true,"href":"https:\/\/www.public.sn\/index.php\/wp-json\/wp\/v2\/users\/1"}],"replies":[{"embeddable":true,"href":"https:\/\/www.public.sn\/index.php\/wp-json\/wp\/v2\/comments?post=14043"}],"version-history":[{"count":1,"href":"https:\/\/www.public.sn\/index.php\/wp-json\/wp\/v2\/posts\/14043\/revisions"}],"predecessor-version":[{"id":14045,"href":"https:\/\/www.public.sn\/index.php\/wp-json\/wp\/v2\/posts\/14043\/revisions\/14045"}],"wp:featuredmedia":[{"embeddable":true,"href":"https:\/\/www.public.sn\/index.php\/wp-json\/wp\/v2\/media\/14044"}],"wp:attachment":[{"href":"https:\/\/www.public.sn\/index.php\/wp-json\/wp\/v2\/media?parent=14043"}],"wp:term":[{"taxonomy":"category","embeddable":true,"href":"https:\/\/www.public.sn\/index.php\/wp-json\/wp\/v2\/categories?post=14043"},{"taxonomy":"post_tag","embeddable":true,"href":"https:\/\/www.public.sn\/index.php\/wp-json\/wp\/v2\/tags?post=14043"}],"curies":[{"name":"wp","href":"https:\/\/api.w.org\/{rel}","templated":true}]}}