{"id":14058,"date":"2023-01-21T16:08:40","date_gmt":"2023-01-21T16:08:40","guid":{"rendered":"https:\/\/www.public.sn\/?p=14058"},"modified":"2023-01-21T16:08:40","modified_gmt":"2023-01-21T16:08:40","slug":"afp-alioune-sarr-boycotte-les-reunions","status":"publish","type":"post","link":"https:\/\/www.public.sn\/index.php\/2023\/01\/21\/afp-alioune-sarr-boycotte-les-reunions\/","title":{"rendered":"AFP : Alioune Sarr boycotte les r\u00e9unions"},"content":{"rendered":"<p><strong>Alioune Sarr n&rsquo;assiste plus aux r\u00e9unions de l&rsquo;Alliance des Forces de Progr\u00e8s (AFP). La r\u00e9v\u00e9lation est faite par L&rsquo;Observateur dans sa parution du jour. Selon le journal, depuis sa d\u00e9fenestration du gouvernement, l&rsquo;ancien ministre des Transports n\u2019assiste plus aux r\u00e9unions des instances du parti.<\/strong><\/p><div class=\"publi-paragraphe1\" style=\"margin-top: 10px;margin-bottom: 10px;margin-left: auto;margin-right: auto;text-align: center;\" id=\"publi-2503697839\"><div class=\"publi-adlabel\">Publicit\u00e9<\/div><script async src=\"\/\/pagead2.googlesyndication.com\/pagead\/js\/adsbygoogle.js?client=ca-pub-4089586018074219\" crossorigin=\"anonymous\"><\/script><ins class=\"adsbygoogle\" style=\"display:block;\" data-ad-client=\"ca-pub-4089586018074219\" \ndata-ad-slot=\"2087940154\" \ndata-ad-format=\"auto\"><\/ins>\n<script> \n(adsbygoogle = window.adsbygoogle || []).push({}); \n<\/script>\n<\/div>\n<p>Et son absence aux r\u00e9unions est sujet \u00e0 discussions sur toutes les plateformes du parti. Et jusque l\u00e0, aucune explication n\u2019a \u00e9t\u00e9 donn\u00e9e par le principal concern\u00e9. Pourtant, indique ce journal, il est convi\u00e9 \u00e0 toutes les manifestations de l\u2019AFP.<\/p>\n<p>Ces actes pos\u00e9s par le responsable des cadres de l\u2019AFP renseignent sur une crise en gestation chez les progressistes. Il est dit que la Commission charg\u00e9e des conflits va \u00eatre saisie.<\/p>\n<p>&nbsp;<\/p>\n<div class=\"publi-apres-le-contenu\" style=\"margin-top: 10px;margin-bottom: 10px;margin-left: auto;margin-right: auto;text-align: center;\" id=\"publi-3676547501\"><div class=\"publi-adlabel\">Publicit\u00e9<\/div><script async src=\"\/\/pagead2.googlesyndication.com\/pagead\/js\/adsbygoogle.js?client=ca-pub-4089586018074219\" crossorigin=\"anonymous\"><\/script><ins class=\"adsbygoogle\" style=\"display:block;\" data-ad-client=\"ca-pub-4089586018074219\" \ndata-ad-slot=\"2087940154\" \ndata-ad-format=\"auto\"><\/ins>\n<script> \n(adsbygoogle = window.adsbygoogle || []).push({}); \n<\/script>\n<\/div>","protected":false},"excerpt":{"rendered":"<p>Alioune Sarr n&rsquo;assiste plus aux r\u00e9unions de l&rsquo;Alliance des Forces de Progr\u00e8s (AFP). La r\u00e9v\u00e9lation est faite par L&rsquo;Observateur dans sa parution du jour. Selon le journal, depuis sa d\u00e9fenestration du gouvernement, l&rsquo;ancien ministre des Transports n\u2019assiste plus aux r\u00e9unions des instances du parti. Et son absence aux r\u00e9unions est sujet \u00e0 discussions sur toutes les plateformes du parti. Et jusque l\u00e0, aucune explication n\u2019a \u00e9t\u00e9 donn\u00e9e par le principal concern\u00e9. Pourtant, indique ce journal, il est convi\u00e9 \u00e0 toutes les manifestations de l\u2019AFP. Ces actes pos\u00e9s par le responsable des cadres de l\u2019AFP renseignent sur une crise en gestation chez les progressistes. Il est dit que la Commission charg\u00e9e des conflits va \u00eatre saisie. &nbsp;<\/p>\n","protected":false},"author":1,"featured_media":14059,"comment_status":"open","ping_status":"open","sticky":false,"template":"","format":"standard","meta":{"_jetpack_memberships_contains_paid_content":false,"footnotes":""},"categories":[375,3,1],"tags":[4091,4159],"class_list":["post-14058","post","type-post","status-publish","format-standard","has-post-thumbnail","hentry","category-actualites","category-politique","category-non-classe","tag-afp","tag-alioune-sarr","entry","has-media","owp-thumbs-layout-horizontal","owp-btn-normal","owp-tabs-layout-horizontal","has-no-thumbnails","has-product-nav"],"yoast_head":"<!-- This site is optimized with the Yoast SEO plugin v25.5 - https:\/\/yoast.com\/wordpress\/plugins\/seo\/ -->\n<title>AFP : Alioune Sarr boycotte les r\u00e9unions - LE PUBLIC<\/title>\n<meta name=\"robots\" content=\"index, follow, max-snippet:-1, max-image-preview:large, max-video-preview:-1\" \/>\n<link rel=\"canonical\" href=\"https:\/\/www.public.sn\/index.php\/2023\/01\/21\/afp-alioune-sarr-boycotte-les-reunions\/\" \/>\n<meta property=\"og:locale\" content=\"fr_FR\" \/>\n<meta property=\"og:type\" content=\"article\" \/>\n<meta property=\"og:title\" content=\"AFP : Alioune Sarr boycotte les r\u00e9unions - LE PUBLIC\" \/>\n<meta property=\"og:description\" content=\"Alioune Sarr n&rsquo;assiste plus aux r\u00e9unions de l&rsquo;Alliance des Forces de Progr\u00e8s (AFP). La r\u00e9v\u00e9lation est faite par L&rsquo;Observateur dans sa parution du jour. Selon le journal, depuis sa d\u00e9fenestration du gouvernement, l&rsquo;ancien ministre des Transports n\u2019assiste plus aux r\u00e9unions des instances du parti. Et son absence aux r\u00e9unions est sujet \u00e0 discussions sur toutes les plateformes du parti. Et jusque l\u00e0, aucune explication n\u2019a \u00e9t\u00e9 donn\u00e9e par le principal concern\u00e9. Pourtant, indique ce journal, il est convi\u00e9 \u00e0 toutes les manifestations de l\u2019AFP. Ces actes pos\u00e9s par le responsable des cadres de l\u2019AFP renseignent sur une crise en gestation chez les progressistes. Il est dit que la Commission charg\u00e9e des conflits va \u00eatre saisie. &nbsp;\" \/>\n<meta property=\"og:url\" content=\"https:\/\/www.public.sn\/index.php\/2023\/01\/21\/afp-alioune-sarr-boycotte-les-reunions\/\" \/>\n<meta property=\"og:site_name\" content=\"LE PUBLIC\" \/>\n<meta property=\"article:published_time\" content=\"2023-01-21T16:08:40+00:00\" \/>\n<meta property=\"og:image\" content=\"https:\/\/www.public.sn\/wp-content\/uploads\/2023\/01\/Alioune-Sarr.jpg\" \/>\n\t<meta property=\"og:image:width\" content=\"600\" \/>\n\t<meta property=\"og:image:height\" content=\"398\" \/>\n\t<meta property=\"og:image:type\" content=\"image\/jpeg\" \/>\n<meta name=\"author\" content=\"LA REDACTION\" \/>\n<meta name=\"twitter:card\" content=\"summary_large_image\" \/>\n<meta name=\"twitter:label1\" content=\"\u00c9crit par\" \/>\n\t<meta name=\"twitter:data1\" content=\"LA REDACTION\" \/>\n\t<meta name=\"twitter:label2\" content=\"Dur\u00e9e de lecture estim\u00e9e\" \/>\n\t<meta name=\"twitter:data2\" content=\"1 minute\" \/>\n<script type=\"application\/ld+json\" class=\"yoast-schema-graph\">{\"@context\":\"https:\/\/schema.org\",\"@graph\":[{\"@type\":\"Article\",\"@id\":\"https:\/\/www.public.sn\/index.php\/2023\/01\/21\/afp-alioune-sarr-boycotte-les-reunions\/#article\",\"isPartOf\":{\"@id\":\"https:\/\/www.public.sn\/index.php\/2023\/01\/21\/afp-alioune-sarr-boycotte-les-reunions\/\"},\"author\":{\"name\":\"LA REDACTION\",\"@id\":\"https:\/\/www.public.sn\/#\/schema\/person\/e3f4a11b037d4203902db148f9bc8d5a\"},\"headline\":\"AFP : Alioune Sarr boycotte les r\u00e9unions\",\"datePublished\":\"2023-01-21T16:08:40+00:00\",\"mainEntityOfPage\":{\"@id\":\"https:\/\/www.public.sn\/index.php\/2023\/01\/21\/afp-alioune-sarr-boycotte-les-reunions\/\"},\"wordCount\":135,\"commentCount\":0,\"publisher\":{\"@id\":\"https:\/\/www.public.sn\/#organization\"},\"image\":{\"@id\":\"https:\/\/www.public.sn\/index.php\/2023\/01\/21\/afp-alioune-sarr-boycotte-les-reunions\/#primaryimage\"},\"thumbnailUrl\":\"https:\/\/www.public.sn\/wp-content\/uploads\/2023\/01\/Alioune-Sarr.jpg\",\"keywords\":[\"AFP\",\"Alioune Sarr\"],\"articleSection\":[\"ACTUALIT\u00c9S\",\"POLITIQUE\",\"S\u00c9N\u00c9GAL\"],\"inLanguage\":\"fr-FR\",\"potentialAction\":[{\"@type\":\"CommentAction\",\"name\":\"Comment\",\"target\":[\"https:\/\/www.public.sn\/index.php\/2023\/01\/21\/afp-alioune-sarr-boycotte-les-reunions\/#respond\"]}]},{\"@type\":\"WebPage\",\"@id\":\"https:\/\/www.public.sn\/index.php\/2023\/01\/21\/afp-alioune-sarr-boycotte-les-reunions\/\",\"url\":\"https:\/\/www.public.sn\/index.php\/2023\/01\/21\/afp-alioune-sarr-boycotte-les-reunions\/\",\"name\":\"AFP : Alioune Sarr boycotte les r\u00e9unions - LE PUBLIC\",\"isPartOf\":{\"@id\":\"https:\/\/www.public.sn\/#website\"},\"primaryImageOfPage\":{\"@id\":\"https:\/\/www.public.sn\/index.php\/2023\/01\/21\/afp-alioune-sarr-boycotte-les-reunions\/#primaryimage\"},\"image\":{\"@id\":\"https:\/\/www.public.sn\/index.php\/2023\/01\/21\/afp-alioune-sarr-boycotte-les-reunions\/#primaryimage\"},\"thumbnailUrl\":\"https:\/\/www.public.sn\/wp-content\/uploads\/2023\/01\/Alioune-Sarr.jpg\",\"datePublished\":\"2023-01-21T16:08:40+00:00\",\"breadcrumb\":{\"@id\":\"https:\/\/www.public.sn\/index.php\/2023\/01\/21\/afp-alioune-sarr-boycotte-les-reunions\/#breadcrumb\"},\"inLanguage\":\"fr-FR\",\"potentialAction\":[{\"@type\":\"ReadAction\",\"target\":[\"https:\/\/www.public.sn\/index.php\/2023\/01\/21\/afp-alioune-sarr-boycotte-les-reunions\/\"]}]},{\"@type\":\"ImageObject\",\"inLanguage\":\"fr-FR\",\"@id\":\"https:\/\/www.public.sn\/index.php\/2023\/01\/21\/afp-alioune-sarr-boycotte-les-reunions\/#primaryimage\",\"url\":\"https:\/\/www.public.sn\/wp-content\/uploads\/2023\/01\/Alioune-Sarr.jpg\",\"contentUrl\":\"https:\/\/www.public.sn\/wp-content\/uploads\/2023\/01\/Alioune-Sarr.jpg\",\"width\":600,\"height\":398},{\"@type\":\"BreadcrumbList\",\"@id\":\"https:\/\/www.public.sn\/index.php\/2023\/01\/21\/afp-alioune-sarr-boycotte-les-reunions\/#breadcrumb\",\"itemListElement\":[{\"@type\":\"ListItem\",\"position\":1,\"name\":\"Accueil\",\"item\":\"https:\/\/www.public.sn\/\"},{\"@type\":\"ListItem\",\"position\":2,\"name\":\"AFP : Alioune Sarr boycotte les r\u00e9unions\"}]},{\"@type\":\"WebSite\",\"@id\":\"https:\/\/www.public.sn\/#website\",\"url\":\"https:\/\/www.public.sn\/\",\"name\":\"LE PUBLIC\",\"description\":\"\",\"publisher\":{\"@id\":\"https:\/\/www.public.sn\/#organization\"},\"potentialAction\":[{\"@type\":\"SearchAction\",\"target\":{\"@type\":\"EntryPoint\",\"urlTemplate\":\"https:\/\/www.public.sn\/?s={search_term_string}\"},\"query-input\":{\"@type\":\"PropertyValueSpecification\",\"valueRequired\":true,\"valueName\":\"search_term_string\"}}],\"inLanguage\":\"fr-FR\"},{\"@type\":\"Organization\",\"@id\":\"https:\/\/www.public.sn\/#organization\",\"name\":\"LE PUBLIC\",\"url\":\"https:\/\/www.public.sn\/\",\"logo\":{\"@type\":\"ImageObject\",\"inLanguage\":\"fr-FR\",\"@id\":\"https:\/\/www.public.sn\/#\/schema\/logo\/image\/\",\"url\":\"https:\/\/www.public.sn\/wp-content\/uploads\/2024\/05\/cropped-LOGO-PUBLIC.SN_.png\",\"contentUrl\":\"https:\/\/www.public.sn\/wp-content\/uploads\/2024\/05\/cropped-LOGO-PUBLIC.SN_.png\",\"width\":682,\"height\":192,\"caption\":\"LE PUBLIC\"},\"image\":{\"@id\":\"https:\/\/www.public.sn\/#\/schema\/logo\/image\/\"}},{\"@type\":\"Person\",\"@id\":\"https:\/\/www.public.sn\/#\/schema\/person\/e3f4a11b037d4203902db148f9bc8d5a\",\"name\":\"LA REDACTION\",\"image\":{\"@type\":\"ImageObject\",\"inLanguage\":\"fr-FR\",\"@id\":\"https:\/\/www.public.sn\/#\/schema\/person\/image\/\",\"url\":\"https:\/\/secure.gravatar.com\/avatar\/d6c030db45db2883c075085c5d6c6258654a801a93766b49af0b82d4f454e2a5?s=96&d=mm&r=g\",\"contentUrl\":\"https:\/\/secure.gravatar.com\/avatar\/d6c030db45db2883c075085c5d6c6258654a801a93766b49af0b82d4f454e2a5?s=96&d=mm&r=g\",\"caption\":\"LA REDACTION\"},\"sameAs\":[\"http:\/\/www.public.sn\"],\"url\":\"https:\/\/www.public.sn\/index.php\/author\/admin7324\/\"}]}<\/script>\n<!-- \/ Yoast SEO plugin. -->","yoast_head_json":{"title":"AFP : Alioune Sarr boycotte les r\u00e9unions - LE PUBLIC","robots":{"index":"index","follow":"follow","max-snippet":"max-snippet:-1","max-image-preview":"max-image-preview:large","max-video-preview":"max-video-preview:-1"},"canonical":"https:\/\/www.public.sn\/index.php\/2023\/01\/21\/afp-alioune-sarr-boycotte-les-reunions\/","og_locale":"fr_FR","og_type":"article","og_title":"AFP : Alioune Sarr boycotte les r\u00e9unions - LE PUBLIC","og_description":"Alioune Sarr n&rsquo;assiste plus aux r\u00e9unions de l&rsquo;Alliance des Forces de Progr\u00e8s (AFP). La r\u00e9v\u00e9lation est faite par L&rsquo;Observateur dans sa parution du jour. Selon le journal, depuis sa d\u00e9fenestration du gouvernement, l&rsquo;ancien ministre des Transports n\u2019assiste plus aux r\u00e9unions des instances du parti. Et son absence aux r\u00e9unions est sujet \u00e0 discussions sur toutes les plateformes du parti. Et jusque l\u00e0, aucune explication n\u2019a \u00e9t\u00e9 donn\u00e9e par le principal concern\u00e9. Pourtant, indique ce journal, il est convi\u00e9 \u00e0 toutes les manifestations de l\u2019AFP. Ces actes pos\u00e9s par le responsable des cadres de l\u2019AFP renseignent sur une crise en gestation chez les progressistes. Il est dit que la Commission charg\u00e9e des conflits va \u00eatre saisie. &nbsp;","og_url":"https:\/\/www.public.sn\/index.php\/2023\/01\/21\/afp-alioune-sarr-boycotte-les-reunions\/","og_site_name":"LE PUBLIC","article_published_time":"2023-01-21T16:08:40+00:00","og_image":[{"width":600,"height":398,"url":"https:\/\/www.public.sn\/wp-content\/uploads\/2023\/01\/Alioune-Sarr.jpg","type":"image\/jpeg"}],"author":"LA REDACTION","twitter_card":"summary_large_image","twitter_misc":{"\u00c9crit par":"LA REDACTION","Dur\u00e9e de lecture estim\u00e9e":"1 minute"},"schema":{"@context":"https:\/\/schema.org","@graph":[{"@type":"Article","@id":"https:\/\/www.public.sn\/index.php\/2023\/01\/21\/afp-alioune-sarr-boycotte-les-reunions\/#article","isPartOf":{"@id":"https:\/\/www.public.sn\/index.php\/2023\/01\/21\/afp-alioune-sarr-boycotte-les-reunions\/"},"author":{"name":"LA REDACTION","@id":"https:\/\/www.public.sn\/#\/schema\/person\/e3f4a11b037d4203902db148f9bc8d5a"},"headline":"AFP : Alioune Sarr boycotte les r\u00e9unions","datePublished":"2023-01-21T16:08:40+00:00","mainEntityOfPage":{"@id":"https:\/\/www.public.sn\/index.php\/2023\/01\/21\/afp-alioune-sarr-boycotte-les-reunions\/"},"wordCount":135,"commentCount":0,"publisher":{"@id":"https:\/\/www.public.sn\/#organization"},"image":{"@id":"https:\/\/www.public.sn\/index.php\/2023\/01\/21\/afp-alioune-sarr-boycotte-les-reunions\/#primaryimage"},"thumbnailUrl":"https:\/\/www.public.sn\/wp-content\/uploads\/2023\/01\/Alioune-Sarr.jpg","keywords":["AFP","Alioune Sarr"],"articleSection":["ACTUALIT\u00c9S","POLITIQUE","S\u00c9N\u00c9GAL"],"inLanguage":"fr-FR","potentialAction":[{"@type":"CommentAction","name":"Comment","target":["https:\/\/www.public.sn\/index.php\/2023\/01\/21\/afp-alioune-sarr-boycotte-les-reunions\/#respond"]}]},{"@type":"WebPage","@id":"https:\/\/www.public.sn\/index.php\/2023\/01\/21\/afp-alioune-sarr-boycotte-les-reunions\/","url":"https:\/\/www.public.sn\/index.php\/2023\/01\/21\/afp-alioune-sarr-boycotte-les-reunions\/","name":"AFP : Alioune Sarr boycotte les r\u00e9unions - LE PUBLIC","isPartOf":{"@id":"https:\/\/www.public.sn\/#website"},"primaryImageOfPage":{"@id":"https:\/\/www.public.sn\/index.php\/2023\/01\/21\/afp-alioune-sarr-boycotte-les-reunions\/#primaryimage"},"image":{"@id":"https:\/\/www.public.sn\/index.php\/2023\/01\/21\/afp-alioune-sarr-boycotte-les-reunions\/#primaryimage"},"thumbnailUrl":"https:\/\/www.public.sn\/wp-content\/uploads\/2023\/01\/Alioune-Sarr.jpg","datePublished":"2023-01-21T16:08:40+00:00","breadcrumb":{"@id":"https:\/\/www.public.sn\/index.php\/2023\/01\/21\/afp-alioune-sarr-boycotte-les-reunions\/#breadcrumb"},"inLanguage":"fr-FR","potentialAction":[{"@type":"ReadAction","target":["https:\/\/www.public.sn\/index.php\/2023\/01\/21\/afp-alioune-sarr-boycotte-les-reunions\/"]}]},{"@type":"ImageObject","inLanguage":"fr-FR","@id":"https:\/\/www.public.sn\/index.php\/2023\/01\/21\/afp-alioune-sarr-boycotte-les-reunions\/#primaryimage","url":"https:\/\/www.public.sn\/wp-content\/uploads\/2023\/01\/Alioune-Sarr.jpg","contentUrl":"https:\/\/www.public.sn\/wp-content\/uploads\/2023\/01\/Alioune-Sarr.jpg","width":600,"height":398},{"@type":"BreadcrumbList","@id":"https:\/\/www.public.sn\/index.php\/2023\/01\/21\/afp-alioune-sarr-boycotte-les-reunions\/#breadcrumb","itemListElement":[{"@type":"ListItem","position":1,"name":"Accueil","item":"https:\/\/www.public.sn\/"},{"@type":"ListItem","position":2,"name":"AFP : Alioune Sarr boycotte les r\u00e9unions"}]},{"@type":"WebSite","@id":"https:\/\/www.public.sn\/#website","url":"https:\/\/www.public.sn\/","name":"LE PUBLIC","description":"","publisher":{"@id":"https:\/\/www.public.sn\/#organization"},"potentialAction":[{"@type":"SearchAction","target":{"@type":"EntryPoint","urlTemplate":"https:\/\/www.public.sn\/?s={search_term_string}"},"query-input":{"@type":"PropertyValueSpecification","valueRequired":true,"valueName":"search_term_string"}}],"inLanguage":"fr-FR"},{"@type":"Organization","@id":"https:\/\/www.public.sn\/#organization","name":"LE PUBLIC","url":"https:\/\/www.public.sn\/","logo":{"@type":"ImageObject","inLanguage":"fr-FR","@id":"https:\/\/www.public.sn\/#\/schema\/logo\/image\/","url":"https:\/\/www.public.sn\/wp-content\/uploads\/2024\/05\/cropped-LOGO-PUBLIC.SN_.png","contentUrl":"https:\/\/www.public.sn\/wp-content\/uploads\/2024\/05\/cropped-LOGO-PUBLIC.SN_.png","width":682,"height":192,"caption":"LE PUBLIC"},"image":{"@id":"https:\/\/www.public.sn\/#\/schema\/logo\/image\/"}},{"@type":"Person","@id":"https:\/\/www.public.sn\/#\/schema\/person\/e3f4a11b037d4203902db148f9bc8d5a","name":"LA REDACTION","image":{"@type":"ImageObject","inLanguage":"fr-FR","@id":"https:\/\/www.public.sn\/#\/schema\/person\/image\/","url":"https:\/\/secure.gravatar.com\/avatar\/d6c030db45db2883c075085c5d6c6258654a801a93766b49af0b82d4f454e2a5?s=96&d=mm&r=g","contentUrl":"https:\/\/secure.gravatar.com\/avatar\/d6c030db45db2883c075085c5d6c6258654a801a93766b49af0b82d4f454e2a5?s=96&d=mm&r=g","caption":"LA REDACTION"},"sameAs":["http:\/\/www.public.sn"],"url":"https:\/\/www.public.sn\/index.php\/author\/admin7324\/"}]}},"jetpack_featured_media_url":"https:\/\/www.public.sn\/wp-content\/uploads\/2023\/01\/Alioune-Sarr.jpg","jetpack_sharing_enabled":true,"_links":{"self":[{"href":"https:\/\/www.public.sn\/index.php\/wp-json\/wp\/v2\/posts\/14058","targetHints":{"allow":["GET"]}}],"collection":[{"href":"https:\/\/www.public.sn\/index.php\/wp-json\/wp\/v2\/posts"}],"about":[{"href":"https:\/\/www.public.sn\/index.php\/wp-json\/wp\/v2\/types\/post"}],"author":[{"embeddable":true,"href":"https:\/\/www.public.sn\/index.php\/wp-json\/wp\/v2\/users\/1"}],"replies":[{"embeddable":true,"href":"https:\/\/www.public.sn\/index.php\/wp-json\/wp\/v2\/comments?post=14058"}],"version-history":[{"count":1,"href":"https:\/\/www.public.sn\/index.php\/wp-json\/wp\/v2\/posts\/14058\/revisions"}],"predecessor-version":[{"id":14060,"href":"https:\/\/www.public.sn\/index.php\/wp-json\/wp\/v2\/posts\/14058\/revisions\/14060"}],"wp:featuredmedia":[{"embeddable":true,"href":"https:\/\/www.public.sn\/index.php\/wp-json\/wp\/v2\/media\/14059"}],"wp:attachment":[{"href":"https:\/\/www.public.sn\/index.php\/wp-json\/wp\/v2\/media?parent=14058"}],"wp:term":[{"taxonomy":"category","embeddable":true,"href":"https:\/\/www.public.sn\/index.php\/wp-json\/wp\/v2\/categories?post=14058"},{"taxonomy":"post_tag","embeddable":true,"href":"https:\/\/www.public.sn\/index.php\/wp-json\/wp\/v2\/tags?post=14058"}],"curies":[{"name":"wp","href":"https:\/\/api.w.org\/{rel}","templated":true}]}}