{"id":14075,"date":"2023-01-22T21:45:59","date_gmt":"2023-01-22T21:45:59","guid":{"rendered":"https:\/\/www.public.sn\/?p=14075"},"modified":"2023-01-22T21:45:59","modified_gmt":"2023-01-22T21:45:59","slug":"sonko-jai-deja-fait-mon-testament-et-je-suis-pret-a-faire-face-a-macky","status":"publish","type":"post","link":"https:\/\/www.public.sn\/index.php\/2023\/01\/22\/sonko-jai-deja-fait-mon-testament-et-je-suis-pret-a-faire-face-a-macky\/","title":{"rendered":"Sonko : \u00ab\u00a0J\u2019ai d\u00e9j\u00e0 fait mon testament et je suis pr\u00eat \u00e0 faire face \u00e0 Macky \u00ab\u00a0"},"content":{"rendered":"<p><strong><span id=\"p0\">C&rsquo;\u00e9tait l\u2019effervescence et une ambiance de grands <span id=\"13\" class=\"s-rg\">\u00e9v\u00e9nements<\/span>\u00a0\u00e0\u00a0<span id=\"14\" class=\"s-rg\">Keur<\/span>\u00a0<span id=\"15\" class=\"s-rg\">Massar<\/span>.<\/span><span id=\"p1\"> Le pr\u00e9sident de <span id=\"19\" class=\"s-rg\">Pastef\/Les<\/span> Patriotes et camarades de parti ont r\u00e9ussi le pari de la mobilisation. Un grand rassemblement, s&rsquo;est tenu ce dimanche 22 janvier 2023 dans ce dernier d\u00e9partement de la r\u00e9gion de Dakar.\u00a0<\/span><\/strong><\/p><div class=\"publi-paragraphe1\" style=\"margin-top: 10px;margin-bottom: 10px;margin-left: auto;margin-right: auto;text-align: center;\" id=\"publi-3127847177\"><div class=\"publi-adlabel\">Publicit\u00e9<\/div><script async src=\"\/\/pagead2.googlesyndication.com\/pagead\/js\/adsbygoogle.js?client=ca-pub-4089586018074219\" crossorigin=\"anonymous\"><\/script><ins class=\"adsbygoogle\" style=\"display:block;\" data-ad-client=\"ca-pub-4089586018074219\" \ndata-ad-slot=\"2087940154\" \ndata-ad-format=\"auto\"><\/ins>\n<script> \n(adsbygoogle = window.adsbygoogle || []).push({}); \n<\/script>\n<\/div>\n<p>Ainsi, le parti A Keur Massar a rendu un hommage m\u00e9rit\u00e9 \u00e0 Mariama Sagna, une militante d\u00e9c\u00e9d\u00e9e dans des circonstances politiques.<\/p>\n<p>\u00ab Macky Sall ne se soucie pas du S\u00e9n\u00e9gal. Il a tout fait, avec son r\u00e9gime pour m&rsquo;\u00e9carter de la course \u00e0 la pr\u00e9sidentielle. Mais c\u2019est peine perdue parce que je sais que vous, le peuple, vous allez tenir debout pour l\u2019en emp\u00eacher \u00bb.<\/p>\n<p>Le patron de Pastef, estime que dores et d\u00e9j\u00e0, concernant le dossier Sweet Beaut\u00e9, il est pr\u00eat pour le combat contre Macky Sall : \u00ab Nous avons atteint le terminus ! J\u2019ai d\u00e9j\u00e0 fait mon testament. Nous allons nous battre sur le terrain avec Macky Sall et quoi qu\u2019il nous co\u00fbtera \u00bb pr\u00e9cise le patron du Pastef qui invite ses militants \u00e0 se tenir pr\u00eats pour le combat car, le projet doit \u00eatre prot\u00e9g\u00e9. \u00ab N\u2019\u00e9coutez personne qui vous d\u00e9tourne de votre objectif. Ces gens qui vous disent que vous \u00eates violents ne font que vous d\u00e9tourner de l\u2019essentiel \u00bb invite Ousmane Sonko.<\/p>\n<p>Le leader politique et maire de Ziguinchor avertit aussi les membres de la mouvance pr\u00e9sidentielle. C\u2019est maintenant, selon Ousmane Sonko, \u00ab \u0153il pour \u0153il, dent pour dent \u00bb<\/p>\n<div class=\"publi-apres-le-contenu\" style=\"margin-top: 10px;margin-bottom: 10px;margin-left: auto;margin-right: auto;text-align: center;\" id=\"publi-3809455341\"><div class=\"publi-adlabel\">Publicit\u00e9<\/div><script async src=\"\/\/pagead2.googlesyndication.com\/pagead\/js\/adsbygoogle.js?client=ca-pub-4089586018074219\" crossorigin=\"anonymous\"><\/script><ins class=\"adsbygoogle\" style=\"display:block;\" data-ad-client=\"ca-pub-4089586018074219\" \ndata-ad-slot=\"2087940154\" \ndata-ad-format=\"auto\"><\/ins>\n<script> \n(adsbygoogle = window.adsbygoogle || []).push({}); \n<\/script>\n<\/div>","protected":false},"excerpt":{"rendered":"<p>C&rsquo;\u00e9tait l\u2019effervescence et une ambiance de grands \u00e9v\u00e9nements\u00a0\u00e0\u00a0Keur\u00a0Massar. Le pr\u00e9sident de Pastef\/Les Patriotes et camarades de parti ont r\u00e9ussi le pari de la mobilisation. Un grand rassemblement, s&rsquo;est tenu ce dimanche 22 janvier 2023 dans ce dernier d\u00e9partement de la r\u00e9gion de Dakar.\u00a0 Ainsi, le parti A Keur Massar a rendu un hommage m\u00e9rit\u00e9 \u00e0 Mariama Sagna, une militante d\u00e9c\u00e9d\u00e9e dans des circonstances politiques. \u00ab Macky Sall ne se soucie pas du S\u00e9n\u00e9gal. Il a tout fait, avec son r\u00e9gime pour m&rsquo;\u00e9carter de la course \u00e0 la pr\u00e9sidentielle. Mais c\u2019est peine perdue parce que je sais que vous, le peuple, vous allez tenir debout pour l\u2019en emp\u00eacher \u00bb. Le patron de Pastef, estime que dores et d\u00e9j\u00e0, concernant le dossier Sweet Beaut\u00e9, il est pr\u00eat pour le combat contre Macky Sall : \u00ab Nous avons atteint le terminus ! J\u2019ai d\u00e9j\u00e0 fait mon testament. Nous allons nous battre sur le terrain avec Macky Sall et quoi qu\u2019il nous co\u00fbtera \u00bb pr\u00e9cise le patron du Pastef qui invite ses militants \u00e0 se tenir pr\u00eats pour le combat car, le projet doit \u00eatre prot\u00e9g\u00e9. \u00ab N\u2019\u00e9coutez personne qui vous d\u00e9tourne de votre objectif. Ces gens qui vous disent que vous \u00eates violents ne font que vous d\u00e9tourner de l\u2019essentiel \u00bb invite Ousmane Sonko. Le leader politique et maire de Ziguinchor avertit aussi les membres de la mouvance pr\u00e9sidentielle. C\u2019est maintenant, selon Ousmane Sonko, \u00ab \u0153il pour \u0153il, dent pour dent \u00bb<\/p>\n","protected":false},"author":1,"featured_media":7980,"comment_status":"open","ping_status":"open","sticky":false,"template":"","format":"standard","meta":{"_jetpack_memberships_contains_paid_content":false,"footnotes":""},"categories":[375,3,1,372,6],"tags":[99,11,16],"class_list":["post-14075","post","type-post","status-publish","format-standard","has-post-thumbnail","hentry","category-actualites","category-politique","category-non-classe","category-vedette","category-videos","tag-adji-sarr","tag-macky-sall","tag-ousmane-sonko","entry","has-media","owp-thumbs-layout-horizontal","owp-btn-normal","owp-tabs-layout-horizontal","has-no-thumbnails","has-product-nav"],"yoast_head":"<!-- This site is optimized with the Yoast SEO plugin v25.5 - https:\/\/yoast.com\/wordpress\/plugins\/seo\/ -->\n<title>Sonko : &quot;J\u2019ai d\u00e9j\u00e0 fait mon testament et je suis pr\u00eat \u00e0 faire face \u00e0 Macky &quot; - LE PUBLIC<\/title>\n<meta name=\"robots\" content=\"index, follow, max-snippet:-1, max-image-preview:large, max-video-preview:-1\" \/>\n<link rel=\"canonical\" href=\"https:\/\/www.public.sn\/index.php\/2023\/01\/22\/sonko-jai-deja-fait-mon-testament-et-je-suis-pret-a-faire-face-a-macky\/\" \/>\n<meta property=\"og:locale\" content=\"fr_FR\" \/>\n<meta property=\"og:type\" content=\"article\" \/>\n<meta property=\"og:title\" content=\"Sonko : &quot;J\u2019ai d\u00e9j\u00e0 fait mon testament et je suis pr\u00eat \u00e0 faire face \u00e0 Macky &quot; - LE PUBLIC\" \/>\n<meta property=\"og:description\" content=\"C&rsquo;\u00e9tait l\u2019effervescence et une ambiance de grands \u00e9v\u00e9nements\u00a0\u00e0\u00a0Keur\u00a0Massar. Le pr\u00e9sident de Pastef\/Les Patriotes et camarades de parti ont r\u00e9ussi le pari de la mobilisation. Un grand rassemblement, s&rsquo;est tenu ce dimanche 22 janvier 2023 dans ce dernier d\u00e9partement de la r\u00e9gion de Dakar.\u00a0 Ainsi, le parti A Keur Massar a rendu un hommage m\u00e9rit\u00e9 \u00e0 Mariama Sagna, une militante d\u00e9c\u00e9d\u00e9e dans des circonstances politiques. \u00ab Macky Sall ne se soucie pas du S\u00e9n\u00e9gal. Il a tout fait, avec son r\u00e9gime pour m&rsquo;\u00e9carter de la course \u00e0 la pr\u00e9sidentielle. Mais c\u2019est peine perdue parce que je sais que vous, le peuple, vous allez tenir debout pour l\u2019en emp\u00eacher \u00bb. Le patron de Pastef, estime que dores et d\u00e9j\u00e0, concernant le dossier Sweet Beaut\u00e9, il est pr\u00eat pour le combat contre Macky Sall : \u00ab Nous avons atteint le terminus ! J\u2019ai d\u00e9j\u00e0 fait mon testament. Nous allons nous battre sur le terrain avec Macky Sall et quoi qu\u2019il nous co\u00fbtera \u00bb pr\u00e9cise le patron du Pastef qui invite ses militants \u00e0 se tenir pr\u00eats pour le combat car, le projet doit \u00eatre prot\u00e9g\u00e9. \u00ab N\u2019\u00e9coutez personne qui vous d\u00e9tourne de votre objectif. Ces gens qui vous disent que vous \u00eates violents ne font que vous d\u00e9tourner de l\u2019essentiel \u00bb invite Ousmane Sonko. Le leader politique et maire de Ziguinchor avertit aussi les membres de la mouvance pr\u00e9sidentielle. C\u2019est maintenant, selon Ousmane Sonko, \u00ab \u0153il pour \u0153il, dent pour dent \u00bb\" \/>\n<meta property=\"og:url\" content=\"https:\/\/www.public.sn\/index.php\/2023\/01\/22\/sonko-jai-deja-fait-mon-testament-et-je-suis-pret-a-faire-face-a-macky\/\" \/>\n<meta property=\"og:site_name\" content=\"LE PUBLIC\" \/>\n<meta property=\"article:published_time\" content=\"2023-01-22T21:45:59+00:00\" \/>\n<meta property=\"og:image\" content=\"https:\/\/www.public.sn\/wp-content\/uploads\/2022\/11\/OUSMANE-SONKO-EN-CONF-1080x900-1.png\" \/>\n\t<meta property=\"og:image:width\" content=\"1080\" \/>\n\t<meta property=\"og:image:height\" content=\"900\" \/>\n\t<meta property=\"og:image:type\" content=\"image\/png\" \/>\n<meta name=\"author\" content=\"LA REDACTION\" \/>\n<meta name=\"twitter:card\" content=\"summary_large_image\" \/>\n<meta name=\"twitter:label1\" content=\"\u00c9crit par\" \/>\n\t<meta name=\"twitter:data1\" content=\"LA REDACTION\" \/>\n\t<meta name=\"twitter:label2\" content=\"Dur\u00e9e de lecture estim\u00e9e\" \/>\n\t<meta name=\"twitter:data2\" content=\"2 minutes\" \/>\n<script type=\"application\/ld+json\" class=\"yoast-schema-graph\">{\"@context\":\"https:\/\/schema.org\",\"@graph\":[{\"@type\":\"Article\",\"@id\":\"https:\/\/www.public.sn\/index.php\/2023\/01\/22\/sonko-jai-deja-fait-mon-testament-et-je-suis-pret-a-faire-face-a-macky\/#article\",\"isPartOf\":{\"@id\":\"https:\/\/www.public.sn\/index.php\/2023\/01\/22\/sonko-jai-deja-fait-mon-testament-et-je-suis-pret-a-faire-face-a-macky\/\"},\"author\":{\"name\":\"LA REDACTION\",\"@id\":\"https:\/\/www.public.sn\/#\/schema\/person\/e3f4a11b037d4203902db148f9bc8d5a\"},\"headline\":\"Sonko : \u00ab\u00a0J\u2019ai d\u00e9j\u00e0 fait mon testament et je suis pr\u00eat \u00e0 faire face \u00e0 Macky \u00ab\u00a0\",\"datePublished\":\"2023-01-22T21:45:59+00:00\",\"mainEntityOfPage\":{\"@id\":\"https:\/\/www.public.sn\/index.php\/2023\/01\/22\/sonko-jai-deja-fait-mon-testament-et-je-suis-pret-a-faire-face-a-macky\/\"},\"wordCount\":277,\"commentCount\":0,\"publisher\":{\"@id\":\"https:\/\/www.public.sn\/#organization\"},\"image\":{\"@id\":\"https:\/\/www.public.sn\/index.php\/2023\/01\/22\/sonko-jai-deja-fait-mon-testament-et-je-suis-pret-a-faire-face-a-macky\/#primaryimage\"},\"thumbnailUrl\":\"https:\/\/www.public.sn\/wp-content\/uploads\/2022\/11\/OUSMANE-SONKO-EN-CONF-1080x900-1.png\",\"keywords\":[\"Adji Sarr\",\"Macky Sall\",\"Ousmane Sonko\"],\"articleSection\":[\"ACTUALIT\u00c9S\",\"POLITIQUE\",\"S\u00c9N\u00c9GAL\",\"VEDETTE\",\"VIDEOS\"],\"inLanguage\":\"fr-FR\",\"potentialAction\":[{\"@type\":\"CommentAction\",\"name\":\"Comment\",\"target\":[\"https:\/\/www.public.sn\/index.php\/2023\/01\/22\/sonko-jai-deja-fait-mon-testament-et-je-suis-pret-a-faire-face-a-macky\/#respond\"]}]},{\"@type\":\"WebPage\",\"@id\":\"https:\/\/www.public.sn\/index.php\/2023\/01\/22\/sonko-jai-deja-fait-mon-testament-et-je-suis-pret-a-faire-face-a-macky\/\",\"url\":\"https:\/\/www.public.sn\/index.php\/2023\/01\/22\/sonko-jai-deja-fait-mon-testament-et-je-suis-pret-a-faire-face-a-macky\/\",\"name\":\"Sonko : \\\"J\u2019ai d\u00e9j\u00e0 fait mon testament et je suis pr\u00eat \u00e0 faire face \u00e0 Macky \\\" - LE PUBLIC\",\"isPartOf\":{\"@id\":\"https:\/\/www.public.sn\/#website\"},\"primaryImageOfPage\":{\"@id\":\"https:\/\/www.public.sn\/index.php\/2023\/01\/22\/sonko-jai-deja-fait-mon-testament-et-je-suis-pret-a-faire-face-a-macky\/#primaryimage\"},\"image\":{\"@id\":\"https:\/\/www.public.sn\/index.php\/2023\/01\/22\/sonko-jai-deja-fait-mon-testament-et-je-suis-pret-a-faire-face-a-macky\/#primaryimage\"},\"thumbnailUrl\":\"https:\/\/www.public.sn\/wp-content\/uploads\/2022\/11\/OUSMANE-SONKO-EN-CONF-1080x900-1.png\",\"datePublished\":\"2023-01-22T21:45:59+00:00\",\"breadcrumb\":{\"@id\":\"https:\/\/www.public.sn\/index.php\/2023\/01\/22\/sonko-jai-deja-fait-mon-testament-et-je-suis-pret-a-faire-face-a-macky\/#breadcrumb\"},\"inLanguage\":\"fr-FR\",\"potentialAction\":[{\"@type\":\"ReadAction\",\"target\":[\"https:\/\/www.public.sn\/index.php\/2023\/01\/22\/sonko-jai-deja-fait-mon-testament-et-je-suis-pret-a-faire-face-a-macky\/\"]}]},{\"@type\":\"ImageObject\",\"inLanguage\":\"fr-FR\",\"@id\":\"https:\/\/www.public.sn\/index.php\/2023\/01\/22\/sonko-jai-deja-fait-mon-testament-et-je-suis-pret-a-faire-face-a-macky\/#primaryimage\",\"url\":\"https:\/\/www.public.sn\/wp-content\/uploads\/2022\/11\/OUSMANE-SONKO-EN-CONF-1080x900-1.png\",\"contentUrl\":\"https:\/\/www.public.sn\/wp-content\/uploads\/2022\/11\/OUSMANE-SONKO-EN-CONF-1080x900-1.png\",\"width\":1080,\"height\":900,\"caption\":\"publicsn\"},{\"@type\":\"BreadcrumbList\",\"@id\":\"https:\/\/www.public.sn\/index.php\/2023\/01\/22\/sonko-jai-deja-fait-mon-testament-et-je-suis-pret-a-faire-face-a-macky\/#breadcrumb\",\"itemListElement\":[{\"@type\":\"ListItem\",\"position\":1,\"name\":\"Accueil\",\"item\":\"https:\/\/www.public.sn\/\"},{\"@type\":\"ListItem\",\"position\":2,\"name\":\"Sonko : \u00ab\u00a0J\u2019ai d\u00e9j\u00e0 fait mon testament et je suis pr\u00eat \u00e0 faire face \u00e0 Macky \u00ab\u00a0\"}]},{\"@type\":\"WebSite\",\"@id\":\"https:\/\/www.public.sn\/#website\",\"url\":\"https:\/\/www.public.sn\/\",\"name\":\"LE PUBLIC\",\"description\":\"\",\"publisher\":{\"@id\":\"https:\/\/www.public.sn\/#organization\"},\"potentialAction\":[{\"@type\":\"SearchAction\",\"target\":{\"@type\":\"EntryPoint\",\"urlTemplate\":\"https:\/\/www.public.sn\/?s={search_term_string}\"},\"query-input\":{\"@type\":\"PropertyValueSpecification\",\"valueRequired\":true,\"valueName\":\"search_term_string\"}}],\"inLanguage\":\"fr-FR\"},{\"@type\":\"Organization\",\"@id\":\"https:\/\/www.public.sn\/#organization\",\"name\":\"LE PUBLIC\",\"url\":\"https:\/\/www.public.sn\/\",\"logo\":{\"@type\":\"ImageObject\",\"inLanguage\":\"fr-FR\",\"@id\":\"https:\/\/www.public.sn\/#\/schema\/logo\/image\/\",\"url\":\"https:\/\/www.public.sn\/wp-content\/uploads\/2024\/05\/cropped-LOGO-PUBLIC.SN_.png\",\"contentUrl\":\"https:\/\/www.public.sn\/wp-content\/uploads\/2024\/05\/cropped-LOGO-PUBLIC.SN_.png\",\"width\":682,\"height\":192,\"caption\":\"LE PUBLIC\"},\"image\":{\"@id\":\"https:\/\/www.public.sn\/#\/schema\/logo\/image\/\"}},{\"@type\":\"Person\",\"@id\":\"https:\/\/www.public.sn\/#\/schema\/person\/e3f4a11b037d4203902db148f9bc8d5a\",\"name\":\"LA REDACTION\",\"image\":{\"@type\":\"ImageObject\",\"inLanguage\":\"fr-FR\",\"@id\":\"https:\/\/www.public.sn\/#\/schema\/person\/image\/\",\"url\":\"https:\/\/secure.gravatar.com\/avatar\/d6c030db45db2883c075085c5d6c6258654a801a93766b49af0b82d4f454e2a5?s=96&d=mm&r=g\",\"contentUrl\":\"https:\/\/secure.gravatar.com\/avatar\/d6c030db45db2883c075085c5d6c6258654a801a93766b49af0b82d4f454e2a5?s=96&d=mm&r=g\",\"caption\":\"LA REDACTION\"},\"sameAs\":[\"http:\/\/www.public.sn\"],\"url\":\"https:\/\/www.public.sn\/index.php\/author\/admin7324\/\"}]}<\/script>\n<!-- \/ Yoast SEO plugin. -->","yoast_head_json":{"title":"Sonko : \"J\u2019ai d\u00e9j\u00e0 fait mon testament et je suis pr\u00eat \u00e0 faire face \u00e0 Macky \" - LE PUBLIC","robots":{"index":"index","follow":"follow","max-snippet":"max-snippet:-1","max-image-preview":"max-image-preview:large","max-video-preview":"max-video-preview:-1"},"canonical":"https:\/\/www.public.sn\/index.php\/2023\/01\/22\/sonko-jai-deja-fait-mon-testament-et-je-suis-pret-a-faire-face-a-macky\/","og_locale":"fr_FR","og_type":"article","og_title":"Sonko : \"J\u2019ai d\u00e9j\u00e0 fait mon testament et je suis pr\u00eat \u00e0 faire face \u00e0 Macky \" - LE PUBLIC","og_description":"C&rsquo;\u00e9tait l\u2019effervescence et une ambiance de grands \u00e9v\u00e9nements\u00a0\u00e0\u00a0Keur\u00a0Massar. Le pr\u00e9sident de Pastef\/Les Patriotes et camarades de parti ont r\u00e9ussi le pari de la mobilisation. Un grand rassemblement, s&rsquo;est tenu ce dimanche 22 janvier 2023 dans ce dernier d\u00e9partement de la r\u00e9gion de Dakar.\u00a0 Ainsi, le parti A Keur Massar a rendu un hommage m\u00e9rit\u00e9 \u00e0 Mariama Sagna, une militante d\u00e9c\u00e9d\u00e9e dans des circonstances politiques. \u00ab Macky Sall ne se soucie pas du S\u00e9n\u00e9gal. Il a tout fait, avec son r\u00e9gime pour m&rsquo;\u00e9carter de la course \u00e0 la pr\u00e9sidentielle. Mais c\u2019est peine perdue parce que je sais que vous, le peuple, vous allez tenir debout pour l\u2019en emp\u00eacher \u00bb. Le patron de Pastef, estime que dores et d\u00e9j\u00e0, concernant le dossier Sweet Beaut\u00e9, il est pr\u00eat pour le combat contre Macky Sall : \u00ab Nous avons atteint le terminus ! J\u2019ai d\u00e9j\u00e0 fait mon testament. Nous allons nous battre sur le terrain avec Macky Sall et quoi qu\u2019il nous co\u00fbtera \u00bb pr\u00e9cise le patron du Pastef qui invite ses militants \u00e0 se tenir pr\u00eats pour le combat car, le projet doit \u00eatre prot\u00e9g\u00e9. \u00ab N\u2019\u00e9coutez personne qui vous d\u00e9tourne de votre objectif. Ces gens qui vous disent que vous \u00eates violents ne font que vous d\u00e9tourner de l\u2019essentiel \u00bb invite Ousmane Sonko. Le leader politique et maire de Ziguinchor avertit aussi les membres de la mouvance pr\u00e9sidentielle. C\u2019est maintenant, selon Ousmane Sonko, \u00ab \u0153il pour \u0153il, dent pour dent \u00bb","og_url":"https:\/\/www.public.sn\/index.php\/2023\/01\/22\/sonko-jai-deja-fait-mon-testament-et-je-suis-pret-a-faire-face-a-macky\/","og_site_name":"LE PUBLIC","article_published_time":"2023-01-22T21:45:59+00:00","og_image":[{"width":1080,"height":900,"url":"https:\/\/www.public.sn\/wp-content\/uploads\/2022\/11\/OUSMANE-SONKO-EN-CONF-1080x900-1.png","type":"image\/png"}],"author":"LA REDACTION","twitter_card":"summary_large_image","twitter_misc":{"\u00c9crit par":"LA REDACTION","Dur\u00e9e de lecture estim\u00e9e":"2 minutes"},"schema":{"@context":"https:\/\/schema.org","@graph":[{"@type":"Article","@id":"https:\/\/www.public.sn\/index.php\/2023\/01\/22\/sonko-jai-deja-fait-mon-testament-et-je-suis-pret-a-faire-face-a-macky\/#article","isPartOf":{"@id":"https:\/\/www.public.sn\/index.php\/2023\/01\/22\/sonko-jai-deja-fait-mon-testament-et-je-suis-pret-a-faire-face-a-macky\/"},"author":{"name":"LA REDACTION","@id":"https:\/\/www.public.sn\/#\/schema\/person\/e3f4a11b037d4203902db148f9bc8d5a"},"headline":"Sonko : \u00ab\u00a0J\u2019ai d\u00e9j\u00e0 fait mon testament et je suis pr\u00eat \u00e0 faire face \u00e0 Macky \u00ab\u00a0","datePublished":"2023-01-22T21:45:59+00:00","mainEntityOfPage":{"@id":"https:\/\/www.public.sn\/index.php\/2023\/01\/22\/sonko-jai-deja-fait-mon-testament-et-je-suis-pret-a-faire-face-a-macky\/"},"wordCount":277,"commentCount":0,"publisher":{"@id":"https:\/\/www.public.sn\/#organization"},"image":{"@id":"https:\/\/www.public.sn\/index.php\/2023\/01\/22\/sonko-jai-deja-fait-mon-testament-et-je-suis-pret-a-faire-face-a-macky\/#primaryimage"},"thumbnailUrl":"https:\/\/www.public.sn\/wp-content\/uploads\/2022\/11\/OUSMANE-SONKO-EN-CONF-1080x900-1.png","keywords":["Adji Sarr","Macky Sall","Ousmane Sonko"],"articleSection":["ACTUALIT\u00c9S","POLITIQUE","S\u00c9N\u00c9GAL","VEDETTE","VIDEOS"],"inLanguage":"fr-FR","potentialAction":[{"@type":"CommentAction","name":"Comment","target":["https:\/\/www.public.sn\/index.php\/2023\/01\/22\/sonko-jai-deja-fait-mon-testament-et-je-suis-pret-a-faire-face-a-macky\/#respond"]}]},{"@type":"WebPage","@id":"https:\/\/www.public.sn\/index.php\/2023\/01\/22\/sonko-jai-deja-fait-mon-testament-et-je-suis-pret-a-faire-face-a-macky\/","url":"https:\/\/www.public.sn\/index.php\/2023\/01\/22\/sonko-jai-deja-fait-mon-testament-et-je-suis-pret-a-faire-face-a-macky\/","name":"Sonko : \"J\u2019ai d\u00e9j\u00e0 fait mon testament et je suis pr\u00eat \u00e0 faire face \u00e0 Macky \" - LE PUBLIC","isPartOf":{"@id":"https:\/\/www.public.sn\/#website"},"primaryImageOfPage":{"@id":"https:\/\/www.public.sn\/index.php\/2023\/01\/22\/sonko-jai-deja-fait-mon-testament-et-je-suis-pret-a-faire-face-a-macky\/#primaryimage"},"image":{"@id":"https:\/\/www.public.sn\/index.php\/2023\/01\/22\/sonko-jai-deja-fait-mon-testament-et-je-suis-pret-a-faire-face-a-macky\/#primaryimage"},"thumbnailUrl":"https:\/\/www.public.sn\/wp-content\/uploads\/2022\/11\/OUSMANE-SONKO-EN-CONF-1080x900-1.png","datePublished":"2023-01-22T21:45:59+00:00","breadcrumb":{"@id":"https:\/\/www.public.sn\/index.php\/2023\/01\/22\/sonko-jai-deja-fait-mon-testament-et-je-suis-pret-a-faire-face-a-macky\/#breadcrumb"},"inLanguage":"fr-FR","potentialAction":[{"@type":"ReadAction","target":["https:\/\/www.public.sn\/index.php\/2023\/01\/22\/sonko-jai-deja-fait-mon-testament-et-je-suis-pret-a-faire-face-a-macky\/"]}]},{"@type":"ImageObject","inLanguage":"fr-FR","@id":"https:\/\/www.public.sn\/index.php\/2023\/01\/22\/sonko-jai-deja-fait-mon-testament-et-je-suis-pret-a-faire-face-a-macky\/#primaryimage","url":"https:\/\/www.public.sn\/wp-content\/uploads\/2022\/11\/OUSMANE-SONKO-EN-CONF-1080x900-1.png","contentUrl":"https:\/\/www.public.sn\/wp-content\/uploads\/2022\/11\/OUSMANE-SONKO-EN-CONF-1080x900-1.png","width":1080,"height":900,"caption":"publicsn"},{"@type":"BreadcrumbList","@id":"https:\/\/www.public.sn\/index.php\/2023\/01\/22\/sonko-jai-deja-fait-mon-testament-et-je-suis-pret-a-faire-face-a-macky\/#breadcrumb","itemListElement":[{"@type":"ListItem","position":1,"name":"Accueil","item":"https:\/\/www.public.sn\/"},{"@type":"ListItem","position":2,"name":"Sonko : \u00ab\u00a0J\u2019ai d\u00e9j\u00e0 fait mon testament et je suis pr\u00eat \u00e0 faire face \u00e0 Macky \u00ab\u00a0"}]},{"@type":"WebSite","@id":"https:\/\/www.public.sn\/#website","url":"https:\/\/www.public.sn\/","name":"LE PUBLIC","description":"","publisher":{"@id":"https:\/\/www.public.sn\/#organization"},"potentialAction":[{"@type":"SearchAction","target":{"@type":"EntryPoint","urlTemplate":"https:\/\/www.public.sn\/?s={search_term_string}"},"query-input":{"@type":"PropertyValueSpecification","valueRequired":true,"valueName":"search_term_string"}}],"inLanguage":"fr-FR"},{"@type":"Organization","@id":"https:\/\/www.public.sn\/#organization","name":"LE PUBLIC","url":"https:\/\/www.public.sn\/","logo":{"@type":"ImageObject","inLanguage":"fr-FR","@id":"https:\/\/www.public.sn\/#\/schema\/logo\/image\/","url":"https:\/\/www.public.sn\/wp-content\/uploads\/2024\/05\/cropped-LOGO-PUBLIC.SN_.png","contentUrl":"https:\/\/www.public.sn\/wp-content\/uploads\/2024\/05\/cropped-LOGO-PUBLIC.SN_.png","width":682,"height":192,"caption":"LE PUBLIC"},"image":{"@id":"https:\/\/www.public.sn\/#\/schema\/logo\/image\/"}},{"@type":"Person","@id":"https:\/\/www.public.sn\/#\/schema\/person\/e3f4a11b037d4203902db148f9bc8d5a","name":"LA REDACTION","image":{"@type":"ImageObject","inLanguage":"fr-FR","@id":"https:\/\/www.public.sn\/#\/schema\/person\/image\/","url":"https:\/\/secure.gravatar.com\/avatar\/d6c030db45db2883c075085c5d6c6258654a801a93766b49af0b82d4f454e2a5?s=96&d=mm&r=g","contentUrl":"https:\/\/secure.gravatar.com\/avatar\/d6c030db45db2883c075085c5d6c6258654a801a93766b49af0b82d4f454e2a5?s=96&d=mm&r=g","caption":"LA REDACTION"},"sameAs":["http:\/\/www.public.sn"],"url":"https:\/\/www.public.sn\/index.php\/author\/admin7324\/"}]}},"jetpack_featured_media_url":"https:\/\/www.public.sn\/wp-content\/uploads\/2022\/11\/OUSMANE-SONKO-EN-CONF-1080x900-1.png","jetpack_sharing_enabled":true,"_links":{"self":[{"href":"https:\/\/www.public.sn\/index.php\/wp-json\/wp\/v2\/posts\/14075","targetHints":{"allow":["GET"]}}],"collection":[{"href":"https:\/\/www.public.sn\/index.php\/wp-json\/wp\/v2\/posts"}],"about":[{"href":"https:\/\/www.public.sn\/index.php\/wp-json\/wp\/v2\/types\/post"}],"author":[{"embeddable":true,"href":"https:\/\/www.public.sn\/index.php\/wp-json\/wp\/v2\/users\/1"}],"replies":[{"embeddable":true,"href":"https:\/\/www.public.sn\/index.php\/wp-json\/wp\/v2\/comments?post=14075"}],"version-history":[{"count":1,"href":"https:\/\/www.public.sn\/index.php\/wp-json\/wp\/v2\/posts\/14075\/revisions"}],"predecessor-version":[{"id":14076,"href":"https:\/\/www.public.sn\/index.php\/wp-json\/wp\/v2\/posts\/14075\/revisions\/14076"}],"wp:featuredmedia":[{"embeddable":true,"href":"https:\/\/www.public.sn\/index.php\/wp-json\/wp\/v2\/media\/7980"}],"wp:attachment":[{"href":"https:\/\/www.public.sn\/index.php\/wp-json\/wp\/v2\/media?parent=14075"}],"wp:term":[{"taxonomy":"category","embeddable":true,"href":"https:\/\/www.public.sn\/index.php\/wp-json\/wp\/v2\/categories?post=14075"},{"taxonomy":"post_tag","embeddable":true,"href":"https:\/\/www.public.sn\/index.php\/wp-json\/wp\/v2\/tags?post=14075"}],"curies":[{"name":"wp","href":"https:\/\/api.w.org\/{rel}","templated":true}]}}