{"id":14117,"date":"2023-01-23T08:11:05","date_gmt":"2023-01-23T08:11:05","guid":{"rendered":"https:\/\/www.public.sn\/?p=14117"},"modified":"2023-01-23T08:11:05","modified_gmt":"2023-01-23T08:11:05","slug":"il-faut-preparer-lelection-le-conseil-de-macky-sall-a-la-task-force-republicaine","status":"publish","type":"post","link":"https:\/\/www.public.sn\/index.php\/2023\/01\/23\/il-faut-preparer-lelection-le-conseil-de-macky-sall-a-la-task-force-republicaine\/","title":{"rendered":"\u00ab Il faut pr\u00e9parer l&rsquo;\u00e9lection \u00bb, le conseil de Macky Sall \u00e0 la Task Force R\u00e9publicaine"},"content":{"rendered":"<p><b>Le Secr\u00e9taire g\u00e9n\u00e9ral de l&rsquo;Alliance Pour la R\u00e9publique (APR) a re\u00e7u, samedi dernier, la Task Force R\u00e9publicaine. Selon Les Echos qui donne l&rsquo;information, Macky Sall a donn\u00e9 \u00e0 cette structure du parti dirig\u00e9e par le ministre aupr\u00e8s du ministre de l&rsquo;Int\u00e9rieur, charg\u00e9 de la S\u00e9curit\u00e9 de proximit\u00e9 et de la Protection civile, Birame Faye, des instructions pour la pr\u00e9paration de la pr\u00e9sidentielle;<\/b><\/p><div class=\"publi-paragraphe1\" style=\"margin-top: 10px;margin-bottom: 10px;margin-left: auto;margin-right: auto;text-align: center;\" id=\"publi-4140260760\"><div class=\"publi-adlabel\">Publicit\u00e9<\/div><script async src=\"\/\/pagead2.googlesyndication.com\/pagead\/js\/adsbygoogle.js?client=ca-pub-4089586018074219\" crossorigin=\"anonymous\"><\/script><ins class=\"adsbygoogle\" style=\"display:block;\" data-ad-client=\"ca-pub-4089586018074219\" \ndata-ad-slot=\"2087940154\" \ndata-ad-format=\"auto\"><\/ins>\n<script> \n(adsbygoogle = window.adsbygoogle || []).push({}); \n<\/script>\n<\/div>\n<p>Au cours de l\u2019audience, souligne le journal, le chef de la coalition Benno Bokk Yakaar (BBY) a donn\u00e9 des instructions claires : Les membres de la Task force devront descendre sur le terrain et parler aux populations et surtout ne pas c\u00e9der \u00e0 la provocation.<\/p>\n<p>\u00ab Il faut pr\u00e9parer les \u00e9lections \u00bb, a instruit le chef de l\u2019\u00c9tat, m\u00eame si \u00e0 aucun moment, il n\u2019a d\u00e9clar\u00e9 qu\u2019il allait \u00eatre candidat \u00e0 la pr\u00e9sidentielle 2024, souffle la source. Laquelle ajoute, toutefois, que les \u00ab jeunes \u00bb sont sortis ragaillardis de cette rencontre avec leur leader.<\/p>\n<div class=\"publi-apres-le-contenu\" style=\"margin-top: 10px;margin-bottom: 10px;margin-left: auto;margin-right: auto;text-align: center;\" id=\"publi-3271769430\"><div class=\"publi-adlabel\">Publicit\u00e9<\/div><script async src=\"\/\/pagead2.googlesyndication.com\/pagead\/js\/adsbygoogle.js?client=ca-pub-4089586018074219\" crossorigin=\"anonymous\"><\/script><ins class=\"adsbygoogle\" style=\"display:block;\" data-ad-client=\"ca-pub-4089586018074219\" \ndata-ad-slot=\"2087940154\" \ndata-ad-format=\"auto\"><\/ins>\n<script> \n(adsbygoogle = window.adsbygoogle || []).push({}); \n<\/script>\n<\/div>","protected":false},"excerpt":{"rendered":"<p>Le Secr\u00e9taire g\u00e9n\u00e9ral de l&rsquo;Alliance Pour la R\u00e9publique (APR) a re\u00e7u, samedi dernier, la Task Force R\u00e9publicaine. Selon Les Echos qui donne l&rsquo;information, Macky Sall a donn\u00e9 \u00e0 cette structure du parti dirig\u00e9e par le ministre aupr\u00e8s du ministre de l&rsquo;Int\u00e9rieur, charg\u00e9 de la S\u00e9curit\u00e9 de proximit\u00e9 et de la Protection civile, Birame Faye, des instructions pour la pr\u00e9paration de la pr\u00e9sidentielle; Au cours de l\u2019audience, souligne le journal, le chef de la coalition Benno Bokk Yakaar (BBY) a donn\u00e9 des instructions claires : Les membres de la Task force devront descendre sur le terrain et parler aux populations et surtout ne pas c\u00e9der \u00e0 la provocation. \u00ab Il faut pr\u00e9parer les \u00e9lections \u00bb, a instruit le chef de l\u2019\u00c9tat, m\u00eame si \u00e0 aucun moment, il n\u2019a d\u00e9clar\u00e9 qu\u2019il allait \u00eatre candidat \u00e0 la pr\u00e9sidentielle 2024, souffle la source. Laquelle ajoute, toutefois, que les \u00ab jeunes \u00bb sont sortis ragaillardis de cette rencontre avec leur leader.<\/p>\n","protected":false},"author":1,"featured_media":11583,"comment_status":"open","ping_status":"open","sticky":false,"template":"","format":"standard","meta":{"_jetpack_memberships_contains_paid_content":false,"footnotes":""},"categories":[375,3,1,372],"tags":[11,20,2467],"class_list":["post-14117","post","type-post","status-publish","format-standard","has-post-thumbnail","hentry","category-actualites","category-politique","category-non-classe","category-vedette","tag-macky-sall","tag-presidentielle-2024","tag-task-force-apr","entry","has-media","owp-thumbs-layout-horizontal","owp-btn-normal","owp-tabs-layout-horizontal","has-no-thumbnails","has-product-nav"],"yoast_head":"<!-- This site is optimized with the Yoast SEO plugin v25.5 - https:\/\/yoast.com\/wordpress\/plugins\/seo\/ -->\n<title>\u00ab Il faut pr\u00e9parer l&#039;\u00e9lection \u00bb, le conseil de Macky Sall \u00e0 la Task Force R\u00e9publicaine - LE PUBLIC<\/title>\n<meta name=\"description\" content=\"Le Secr\u00e9taire g\u00e9n\u00e9ral de l&#039;Alliance Pour la R\u00e9publique (APR) a re\u00e7u, samedi dernier, la Task Force R\u00e9publicaine. Selon Les Echos qui donne l&#039;information, Macky Sall a instruit \u00e0 cette structure du parti dirig\u00e9e par le ministre aupr\u00e8s du ministre de l&#039;Int\u00e9rieur, charg\u00e9 de la S\u00e9curit\u00e9 de proximit\u00e9 et de la Protection civile, Birame Faye de bien pr\u00e9parer la pr\u00e9sidentielle.\" \/>\n<meta name=\"robots\" content=\"index, follow, max-snippet:-1, max-image-preview:large, max-video-preview:-1\" \/>\n<link rel=\"canonical\" href=\"https:\/\/www.public.sn\/index.php\/2023\/01\/23\/il-faut-preparer-lelection-le-conseil-de-macky-sall-a-la-task-force-republicaine\/\" \/>\n<meta property=\"og:locale\" content=\"fr_FR\" \/>\n<meta property=\"og:type\" content=\"article\" \/>\n<meta property=\"og:title\" content=\"\u00ab Il faut pr\u00e9parer l&#039;\u00e9lection \u00bb, le conseil de Macky Sall \u00e0 la Task Force R\u00e9publicaine - LE PUBLIC\" \/>\n<meta property=\"og:description\" content=\"Le Secr\u00e9taire g\u00e9n\u00e9ral de l&#039;Alliance Pour la R\u00e9publique (APR) a re\u00e7u, samedi dernier, la Task Force R\u00e9publicaine. Selon Les Echos qui donne l&#039;information, Macky Sall a instruit \u00e0 cette structure du parti dirig\u00e9e par le ministre aupr\u00e8s du ministre de l&#039;Int\u00e9rieur, charg\u00e9 de la S\u00e9curit\u00e9 de proximit\u00e9 et de la Protection civile, Birame Faye de bien pr\u00e9parer la pr\u00e9sidentielle.\" \/>\n<meta property=\"og:url\" content=\"https:\/\/www.public.sn\/index.php\/2023\/01\/23\/il-faut-preparer-lelection-le-conseil-de-macky-sall-a-la-task-force-republicaine\/\" \/>\n<meta property=\"og:site_name\" content=\"LE PUBLIC\" \/>\n<meta property=\"article:published_time\" content=\"2023-01-23T08:11:05+00:00\" \/>\n<meta property=\"og:image\" content=\"https:\/\/www.public.sn\/wp-content\/uploads\/2022\/12\/Macky-Sall.webp\" \/>\n\t<meta property=\"og:image:width\" content=\"790\" \/>\n\t<meta property=\"og:image:height\" content=\"430\" \/>\n\t<meta property=\"og:image:type\" content=\"image\/webp\" \/>\n<meta name=\"author\" content=\"LA REDACTION\" \/>\n<meta name=\"twitter:card\" content=\"summary_large_image\" \/>\n<meta name=\"twitter:label1\" content=\"\u00c9crit par\" \/>\n\t<meta name=\"twitter:data1\" content=\"LA REDACTION\" \/>\n\t<meta name=\"twitter:label2\" content=\"Dur\u00e9e de lecture estim\u00e9e\" \/>\n\t<meta name=\"twitter:data2\" content=\"1 minute\" \/>\n<script type=\"application\/ld+json\" class=\"yoast-schema-graph\">{\"@context\":\"https:\/\/schema.org\",\"@graph\":[{\"@type\":\"Article\",\"@id\":\"https:\/\/www.public.sn\/index.php\/2023\/01\/23\/il-faut-preparer-lelection-le-conseil-de-macky-sall-a-la-task-force-republicaine\/#article\",\"isPartOf\":{\"@id\":\"https:\/\/www.public.sn\/index.php\/2023\/01\/23\/il-faut-preparer-lelection-le-conseil-de-macky-sall-a-la-task-force-republicaine\/\"},\"author\":{\"name\":\"LA REDACTION\",\"@id\":\"https:\/\/www.public.sn\/#\/schema\/person\/e3f4a11b037d4203902db148f9bc8d5a\"},\"headline\":\"\u00ab Il faut pr\u00e9parer l&rsquo;\u00e9lection \u00bb, le conseil de Macky Sall \u00e0 la Task Force R\u00e9publicaine\",\"datePublished\":\"2023-01-23T08:11:05+00:00\",\"mainEntityOfPage\":{\"@id\":\"https:\/\/www.public.sn\/index.php\/2023\/01\/23\/il-faut-preparer-lelection-le-conseil-de-macky-sall-a-la-task-force-republicaine\/\"},\"wordCount\":183,\"commentCount\":0,\"publisher\":{\"@id\":\"https:\/\/www.public.sn\/#organization\"},\"image\":{\"@id\":\"https:\/\/www.public.sn\/index.php\/2023\/01\/23\/il-faut-preparer-lelection-le-conseil-de-macky-sall-a-la-task-force-republicaine\/#primaryimage\"},\"thumbnailUrl\":\"https:\/\/www.public.sn\/wp-content\/uploads\/2022\/12\/Macky-Sall.webp\",\"keywords\":[\"Macky Sall\",\"Pr\u00e9sidentielle 2024\",\"task force apr\"],\"articleSection\":[\"ACTUALIT\u00c9S\",\"POLITIQUE\",\"S\u00c9N\u00c9GAL\",\"VEDETTE\"],\"inLanguage\":\"fr-FR\",\"potentialAction\":[{\"@type\":\"CommentAction\",\"name\":\"Comment\",\"target\":[\"https:\/\/www.public.sn\/index.php\/2023\/01\/23\/il-faut-preparer-lelection-le-conseil-de-macky-sall-a-la-task-force-republicaine\/#respond\"]}]},{\"@type\":\"WebPage\",\"@id\":\"https:\/\/www.public.sn\/index.php\/2023\/01\/23\/il-faut-preparer-lelection-le-conseil-de-macky-sall-a-la-task-force-republicaine\/\",\"url\":\"https:\/\/www.public.sn\/index.php\/2023\/01\/23\/il-faut-preparer-lelection-le-conseil-de-macky-sall-a-la-task-force-republicaine\/\",\"name\":\"\u00ab Il faut pr\u00e9parer l'\u00e9lection \u00bb, le conseil de Macky Sall \u00e0 la Task Force R\u00e9publicaine - LE PUBLIC\",\"isPartOf\":{\"@id\":\"https:\/\/www.public.sn\/#website\"},\"primaryImageOfPage\":{\"@id\":\"https:\/\/www.public.sn\/index.php\/2023\/01\/23\/il-faut-preparer-lelection-le-conseil-de-macky-sall-a-la-task-force-republicaine\/#primaryimage\"},\"image\":{\"@id\":\"https:\/\/www.public.sn\/index.php\/2023\/01\/23\/il-faut-preparer-lelection-le-conseil-de-macky-sall-a-la-task-force-republicaine\/#primaryimage\"},\"thumbnailUrl\":\"https:\/\/www.public.sn\/wp-content\/uploads\/2022\/12\/Macky-Sall.webp\",\"datePublished\":\"2023-01-23T08:11:05+00:00\",\"description\":\"Le Secr\u00e9taire g\u00e9n\u00e9ral de l'Alliance Pour la R\u00e9publique (APR) a re\u00e7u, samedi dernier, la Task Force R\u00e9publicaine. Selon Les Echos qui donne l'information, Macky Sall a instruit \u00e0 cette structure du parti dirig\u00e9e par le ministre aupr\u00e8s du ministre de l'Int\u00e9rieur, charg\u00e9 de la S\u00e9curit\u00e9 de proximit\u00e9 et de la Protection civile, Birame Faye de bien pr\u00e9parer la pr\u00e9sidentielle.\",\"breadcrumb\":{\"@id\":\"https:\/\/www.public.sn\/index.php\/2023\/01\/23\/il-faut-preparer-lelection-le-conseil-de-macky-sall-a-la-task-force-republicaine\/#breadcrumb\"},\"inLanguage\":\"fr-FR\",\"potentialAction\":[{\"@type\":\"ReadAction\",\"target\":[\"https:\/\/www.public.sn\/index.php\/2023\/01\/23\/il-faut-preparer-lelection-le-conseil-de-macky-sall-a-la-task-force-republicaine\/\"]}]},{\"@type\":\"ImageObject\",\"inLanguage\":\"fr-FR\",\"@id\":\"https:\/\/www.public.sn\/index.php\/2023\/01\/23\/il-faut-preparer-lelection-le-conseil-de-macky-sall-a-la-task-force-republicaine\/#primaryimage\",\"url\":\"https:\/\/www.public.sn\/wp-content\/uploads\/2022\/12\/Macky-Sall.webp\",\"contentUrl\":\"https:\/\/www.public.sn\/wp-content\/uploads\/2022\/12\/Macky-Sall.webp\",\"width\":790,\"height\":430},{\"@type\":\"BreadcrumbList\",\"@id\":\"https:\/\/www.public.sn\/index.php\/2023\/01\/23\/il-faut-preparer-lelection-le-conseil-de-macky-sall-a-la-task-force-republicaine\/#breadcrumb\",\"itemListElement\":[{\"@type\":\"ListItem\",\"position\":1,\"name\":\"Accueil\",\"item\":\"https:\/\/www.public.sn\/\"},{\"@type\":\"ListItem\",\"position\":2,\"name\":\"\u00ab Il faut pr\u00e9parer l&rsquo;\u00e9lection \u00bb, le conseil de Macky Sall \u00e0 la Task Force R\u00e9publicaine\"}]},{\"@type\":\"WebSite\",\"@id\":\"https:\/\/www.public.sn\/#website\",\"url\":\"https:\/\/www.public.sn\/\",\"name\":\"LE PUBLIC\",\"description\":\"\",\"publisher\":{\"@id\":\"https:\/\/www.public.sn\/#organization\"},\"potentialAction\":[{\"@type\":\"SearchAction\",\"target\":{\"@type\":\"EntryPoint\",\"urlTemplate\":\"https:\/\/www.public.sn\/?s={search_term_string}\"},\"query-input\":{\"@type\":\"PropertyValueSpecification\",\"valueRequired\":true,\"valueName\":\"search_term_string\"}}],\"inLanguage\":\"fr-FR\"},{\"@type\":\"Organization\",\"@id\":\"https:\/\/www.public.sn\/#organization\",\"name\":\"LE PUBLIC\",\"url\":\"https:\/\/www.public.sn\/\",\"logo\":{\"@type\":\"ImageObject\",\"inLanguage\":\"fr-FR\",\"@id\":\"https:\/\/www.public.sn\/#\/schema\/logo\/image\/\",\"url\":\"https:\/\/www.public.sn\/wp-content\/uploads\/2024\/05\/cropped-LOGO-PUBLIC.SN_.png\",\"contentUrl\":\"https:\/\/www.public.sn\/wp-content\/uploads\/2024\/05\/cropped-LOGO-PUBLIC.SN_.png\",\"width\":682,\"height\":192,\"caption\":\"LE PUBLIC\"},\"image\":{\"@id\":\"https:\/\/www.public.sn\/#\/schema\/logo\/image\/\"}},{\"@type\":\"Person\",\"@id\":\"https:\/\/www.public.sn\/#\/schema\/person\/e3f4a11b037d4203902db148f9bc8d5a\",\"name\":\"LA REDACTION\",\"image\":{\"@type\":\"ImageObject\",\"inLanguage\":\"fr-FR\",\"@id\":\"https:\/\/www.public.sn\/#\/schema\/person\/image\/\",\"url\":\"https:\/\/secure.gravatar.com\/avatar\/d6c030db45db2883c075085c5d6c6258654a801a93766b49af0b82d4f454e2a5?s=96&d=mm&r=g\",\"contentUrl\":\"https:\/\/secure.gravatar.com\/avatar\/d6c030db45db2883c075085c5d6c6258654a801a93766b49af0b82d4f454e2a5?s=96&d=mm&r=g\",\"caption\":\"LA REDACTION\"},\"sameAs\":[\"http:\/\/www.public.sn\"],\"url\":\"https:\/\/www.public.sn\/index.php\/author\/admin7324\/\"}]}<\/script>\n<!-- \/ Yoast SEO plugin. -->","yoast_head_json":{"title":"\u00ab Il faut pr\u00e9parer l'\u00e9lection \u00bb, le conseil de Macky Sall \u00e0 la Task Force R\u00e9publicaine - LE PUBLIC","description":"Le Secr\u00e9taire g\u00e9n\u00e9ral de l'Alliance Pour la R\u00e9publique (APR) a re\u00e7u, samedi dernier, la Task Force R\u00e9publicaine. Selon Les Echos qui donne l'information, Macky Sall a instruit \u00e0 cette structure du parti dirig\u00e9e par le ministre aupr\u00e8s du ministre de l'Int\u00e9rieur, charg\u00e9 de la S\u00e9curit\u00e9 de proximit\u00e9 et de la Protection civile, Birame Faye de bien pr\u00e9parer la pr\u00e9sidentielle.","robots":{"index":"index","follow":"follow","max-snippet":"max-snippet:-1","max-image-preview":"max-image-preview:large","max-video-preview":"max-video-preview:-1"},"canonical":"https:\/\/www.public.sn\/index.php\/2023\/01\/23\/il-faut-preparer-lelection-le-conseil-de-macky-sall-a-la-task-force-republicaine\/","og_locale":"fr_FR","og_type":"article","og_title":"\u00ab Il faut pr\u00e9parer l'\u00e9lection \u00bb, le conseil de Macky Sall \u00e0 la Task Force R\u00e9publicaine - LE PUBLIC","og_description":"Le Secr\u00e9taire g\u00e9n\u00e9ral de l'Alliance Pour la R\u00e9publique (APR) a re\u00e7u, samedi dernier, la Task Force R\u00e9publicaine. Selon Les Echos qui donne l'information, Macky Sall a instruit \u00e0 cette structure du parti dirig\u00e9e par le ministre aupr\u00e8s du ministre de l'Int\u00e9rieur, charg\u00e9 de la S\u00e9curit\u00e9 de proximit\u00e9 et de la Protection civile, Birame Faye de bien pr\u00e9parer la pr\u00e9sidentielle.","og_url":"https:\/\/www.public.sn\/index.php\/2023\/01\/23\/il-faut-preparer-lelection-le-conseil-de-macky-sall-a-la-task-force-republicaine\/","og_site_name":"LE PUBLIC","article_published_time":"2023-01-23T08:11:05+00:00","og_image":[{"width":790,"height":430,"url":"https:\/\/www.public.sn\/wp-content\/uploads\/2022\/12\/Macky-Sall.webp","type":"image\/webp"}],"author":"LA REDACTION","twitter_card":"summary_large_image","twitter_misc":{"\u00c9crit par":"LA REDACTION","Dur\u00e9e de lecture estim\u00e9e":"1 minute"},"schema":{"@context":"https:\/\/schema.org","@graph":[{"@type":"Article","@id":"https:\/\/www.public.sn\/index.php\/2023\/01\/23\/il-faut-preparer-lelection-le-conseil-de-macky-sall-a-la-task-force-republicaine\/#article","isPartOf":{"@id":"https:\/\/www.public.sn\/index.php\/2023\/01\/23\/il-faut-preparer-lelection-le-conseil-de-macky-sall-a-la-task-force-republicaine\/"},"author":{"name":"LA REDACTION","@id":"https:\/\/www.public.sn\/#\/schema\/person\/e3f4a11b037d4203902db148f9bc8d5a"},"headline":"\u00ab Il faut pr\u00e9parer l&rsquo;\u00e9lection \u00bb, le conseil de Macky Sall \u00e0 la Task Force R\u00e9publicaine","datePublished":"2023-01-23T08:11:05+00:00","mainEntityOfPage":{"@id":"https:\/\/www.public.sn\/index.php\/2023\/01\/23\/il-faut-preparer-lelection-le-conseil-de-macky-sall-a-la-task-force-republicaine\/"},"wordCount":183,"commentCount":0,"publisher":{"@id":"https:\/\/www.public.sn\/#organization"},"image":{"@id":"https:\/\/www.public.sn\/index.php\/2023\/01\/23\/il-faut-preparer-lelection-le-conseil-de-macky-sall-a-la-task-force-republicaine\/#primaryimage"},"thumbnailUrl":"https:\/\/www.public.sn\/wp-content\/uploads\/2022\/12\/Macky-Sall.webp","keywords":["Macky Sall","Pr\u00e9sidentielle 2024","task force apr"],"articleSection":["ACTUALIT\u00c9S","POLITIQUE","S\u00c9N\u00c9GAL","VEDETTE"],"inLanguage":"fr-FR","potentialAction":[{"@type":"CommentAction","name":"Comment","target":["https:\/\/www.public.sn\/index.php\/2023\/01\/23\/il-faut-preparer-lelection-le-conseil-de-macky-sall-a-la-task-force-republicaine\/#respond"]}]},{"@type":"WebPage","@id":"https:\/\/www.public.sn\/index.php\/2023\/01\/23\/il-faut-preparer-lelection-le-conseil-de-macky-sall-a-la-task-force-republicaine\/","url":"https:\/\/www.public.sn\/index.php\/2023\/01\/23\/il-faut-preparer-lelection-le-conseil-de-macky-sall-a-la-task-force-republicaine\/","name":"\u00ab Il faut pr\u00e9parer l'\u00e9lection \u00bb, le conseil de Macky Sall \u00e0 la Task Force R\u00e9publicaine - LE PUBLIC","isPartOf":{"@id":"https:\/\/www.public.sn\/#website"},"primaryImageOfPage":{"@id":"https:\/\/www.public.sn\/index.php\/2023\/01\/23\/il-faut-preparer-lelection-le-conseil-de-macky-sall-a-la-task-force-republicaine\/#primaryimage"},"image":{"@id":"https:\/\/www.public.sn\/index.php\/2023\/01\/23\/il-faut-preparer-lelection-le-conseil-de-macky-sall-a-la-task-force-republicaine\/#primaryimage"},"thumbnailUrl":"https:\/\/www.public.sn\/wp-content\/uploads\/2022\/12\/Macky-Sall.webp","datePublished":"2023-01-23T08:11:05+00:00","description":"Le Secr\u00e9taire g\u00e9n\u00e9ral de l'Alliance Pour la R\u00e9publique (APR) a re\u00e7u, samedi dernier, la Task Force R\u00e9publicaine. Selon Les Echos qui donne l'information, Macky Sall a instruit \u00e0 cette structure du parti dirig\u00e9e par le ministre aupr\u00e8s du ministre de l'Int\u00e9rieur, charg\u00e9 de la S\u00e9curit\u00e9 de proximit\u00e9 et de la Protection civile, Birame Faye de bien pr\u00e9parer la pr\u00e9sidentielle.","breadcrumb":{"@id":"https:\/\/www.public.sn\/index.php\/2023\/01\/23\/il-faut-preparer-lelection-le-conseil-de-macky-sall-a-la-task-force-republicaine\/#breadcrumb"},"inLanguage":"fr-FR","potentialAction":[{"@type":"ReadAction","target":["https:\/\/www.public.sn\/index.php\/2023\/01\/23\/il-faut-preparer-lelection-le-conseil-de-macky-sall-a-la-task-force-republicaine\/"]}]},{"@type":"ImageObject","inLanguage":"fr-FR","@id":"https:\/\/www.public.sn\/index.php\/2023\/01\/23\/il-faut-preparer-lelection-le-conseil-de-macky-sall-a-la-task-force-republicaine\/#primaryimage","url":"https:\/\/www.public.sn\/wp-content\/uploads\/2022\/12\/Macky-Sall.webp","contentUrl":"https:\/\/www.public.sn\/wp-content\/uploads\/2022\/12\/Macky-Sall.webp","width":790,"height":430},{"@type":"BreadcrumbList","@id":"https:\/\/www.public.sn\/index.php\/2023\/01\/23\/il-faut-preparer-lelection-le-conseil-de-macky-sall-a-la-task-force-republicaine\/#breadcrumb","itemListElement":[{"@type":"ListItem","position":1,"name":"Accueil","item":"https:\/\/www.public.sn\/"},{"@type":"ListItem","position":2,"name":"\u00ab Il faut pr\u00e9parer l&rsquo;\u00e9lection \u00bb, le conseil de Macky Sall \u00e0 la Task Force R\u00e9publicaine"}]},{"@type":"WebSite","@id":"https:\/\/www.public.sn\/#website","url":"https:\/\/www.public.sn\/","name":"LE PUBLIC","description":"","publisher":{"@id":"https:\/\/www.public.sn\/#organization"},"potentialAction":[{"@type":"SearchAction","target":{"@type":"EntryPoint","urlTemplate":"https:\/\/www.public.sn\/?s={search_term_string}"},"query-input":{"@type":"PropertyValueSpecification","valueRequired":true,"valueName":"search_term_string"}}],"inLanguage":"fr-FR"},{"@type":"Organization","@id":"https:\/\/www.public.sn\/#organization","name":"LE PUBLIC","url":"https:\/\/www.public.sn\/","logo":{"@type":"ImageObject","inLanguage":"fr-FR","@id":"https:\/\/www.public.sn\/#\/schema\/logo\/image\/","url":"https:\/\/www.public.sn\/wp-content\/uploads\/2024\/05\/cropped-LOGO-PUBLIC.SN_.png","contentUrl":"https:\/\/www.public.sn\/wp-content\/uploads\/2024\/05\/cropped-LOGO-PUBLIC.SN_.png","width":682,"height":192,"caption":"LE PUBLIC"},"image":{"@id":"https:\/\/www.public.sn\/#\/schema\/logo\/image\/"}},{"@type":"Person","@id":"https:\/\/www.public.sn\/#\/schema\/person\/e3f4a11b037d4203902db148f9bc8d5a","name":"LA REDACTION","image":{"@type":"ImageObject","inLanguage":"fr-FR","@id":"https:\/\/www.public.sn\/#\/schema\/person\/image\/","url":"https:\/\/secure.gravatar.com\/avatar\/d6c030db45db2883c075085c5d6c6258654a801a93766b49af0b82d4f454e2a5?s=96&d=mm&r=g","contentUrl":"https:\/\/secure.gravatar.com\/avatar\/d6c030db45db2883c075085c5d6c6258654a801a93766b49af0b82d4f454e2a5?s=96&d=mm&r=g","caption":"LA REDACTION"},"sameAs":["http:\/\/www.public.sn"],"url":"https:\/\/www.public.sn\/index.php\/author\/admin7324\/"}]}},"jetpack_featured_media_url":"https:\/\/www.public.sn\/wp-content\/uploads\/2022\/12\/Macky-Sall.webp","jetpack_sharing_enabled":true,"_links":{"self":[{"href":"https:\/\/www.public.sn\/index.php\/wp-json\/wp\/v2\/posts\/14117","targetHints":{"allow":["GET"]}}],"collection":[{"href":"https:\/\/www.public.sn\/index.php\/wp-json\/wp\/v2\/posts"}],"about":[{"href":"https:\/\/www.public.sn\/index.php\/wp-json\/wp\/v2\/types\/post"}],"author":[{"embeddable":true,"href":"https:\/\/www.public.sn\/index.php\/wp-json\/wp\/v2\/users\/1"}],"replies":[{"embeddable":true,"href":"https:\/\/www.public.sn\/index.php\/wp-json\/wp\/v2\/comments?post=14117"}],"version-history":[{"count":1,"href":"https:\/\/www.public.sn\/index.php\/wp-json\/wp\/v2\/posts\/14117\/revisions"}],"predecessor-version":[{"id":14118,"href":"https:\/\/www.public.sn\/index.php\/wp-json\/wp\/v2\/posts\/14117\/revisions\/14118"}],"wp:featuredmedia":[{"embeddable":true,"href":"https:\/\/www.public.sn\/index.php\/wp-json\/wp\/v2\/media\/11583"}],"wp:attachment":[{"href":"https:\/\/www.public.sn\/index.php\/wp-json\/wp\/v2\/media?parent=14117"}],"wp:term":[{"taxonomy":"category","embeddable":true,"href":"https:\/\/www.public.sn\/index.php\/wp-json\/wp\/v2\/categories?post=14117"},{"taxonomy":"post_tag","embeddable":true,"href":"https:\/\/www.public.sn\/index.php\/wp-json\/wp\/v2\/tags?post=14117"}],"curies":[{"name":"wp","href":"https:\/\/api.w.org\/{rel}","templated":true}]}}