{"id":14125,"date":"2023-01-23T10:26:36","date_gmt":"2023-01-23T10:26:36","guid":{"rendered":"https:\/\/www.public.sn\/?p=14125"},"modified":"2023-01-23T10:26:36","modified_gmt":"2023-01-23T10:26:36","slug":"sweet-beauty-adji-sarr-porte-plainte-encore","status":"publish","type":"post","link":"https:\/\/www.public.sn\/index.php\/2023\/01\/23\/sweet-beauty-adji-sarr-porte-plainte-encore\/","title":{"rendered":"Sweet Beauty : Adji Sarr porte plainte encore"},"content":{"rendered":"<p><strong>Moustapha Diop de Walf TV et Cheikh Bara Ndiaye risquent gros. Dans une plainte rendue publique, l\u2019ancienne employ\u00e9e de Sweet Beaut\u00e9 s\u2019adresse au procureur de la R\u00e9publique. L\u2019ex-masseuse vise dans poursuit le marabout chroniqueur et le journaliste de Walf pour des faits de diffamation, d\u2019atteinte \u00e0 son honneur, \u00e0 son image et \u00e0 la mise en danger de sa vie par le biais des m\u00e9dias.<\/strong><\/p><div class=\"publi-paragraphe1\" style=\"margin-top: 10px;margin-bottom: 10px;margin-left: auto;margin-right: auto;text-align: center;\" id=\"publi-933069026\"><div class=\"publi-adlabel\">Publicit\u00e9<\/div><script async src=\"\/\/pagead2.googlesyndication.com\/pagead\/js\/adsbygoogle.js?client=ca-pub-4089586018074219\" crossorigin=\"anonymous\"><\/script><ins class=\"adsbygoogle\" style=\"display:block;\" data-ad-client=\"ca-pub-4089586018074219\" \ndata-ad-slot=\"2087940154\" \ndata-ad-format=\"auto\"><\/ins>\n<script> \n(adsbygoogle = window.adsbygoogle || []).push({}); \n<\/script>\n<\/div>\n<p>Seulement, contrairement \u00e0 sa plainte contre Ousmane Sonko, d\u00e9but f\u00e9vrier 2021, r\u00e9put\u00e9e \u00eatre technique, bien formul\u00e9e, sans faute, \u00e0 m\u00eame d\u2019\u00eatre pr\u00eat\u00e9e, par certains, \u00e0 une robe noire, celle-ci, contre Bara Ndiaye et le groupe Walfadjri, donne l\u2019air que la masseuse s\u2019est voulue appliqu\u00e9e, m\u00eame si l\u2019on ne lui conna\u00eet pas un certain niveau d\u2019\u00e9tudes.<\/p>\n<div class=\"publi-apres-le-contenu\" style=\"margin-top: 10px;margin-bottom: 10px;margin-left: auto;margin-right: auto;text-align: center;\" id=\"publi-909697478\"><div class=\"publi-adlabel\">Publicit\u00e9<\/div><script async src=\"\/\/pagead2.googlesyndication.com\/pagead\/js\/adsbygoogle.js?client=ca-pub-4089586018074219\" crossorigin=\"anonymous\"><\/script><ins class=\"adsbygoogle\" style=\"display:block;\" data-ad-client=\"ca-pub-4089586018074219\" \ndata-ad-slot=\"2087940154\" \ndata-ad-format=\"auto\"><\/ins>\n<script> \n(adsbygoogle = window.adsbygoogle || []).push({}); \n<\/script>\n<\/div>","protected":false},"excerpt":{"rendered":"<p>Moustapha Diop de Walf TV et Cheikh Bara Ndiaye risquent gros. Dans une plainte rendue publique, l\u2019ancienne employ\u00e9e de Sweet Beaut\u00e9 s\u2019adresse au procureur de la R\u00e9publique. L\u2019ex-masseuse vise dans poursuit le marabout chroniqueur et le journaliste de Walf pour des faits de diffamation, d\u2019atteinte \u00e0 son honneur, \u00e0 son image et \u00e0 la mise en danger de sa vie par le biais des m\u00e9dias. Seulement, contrairement \u00e0 sa plainte contre Ousmane Sonko, d\u00e9but f\u00e9vrier 2021, r\u00e9put\u00e9e \u00eatre technique, bien formul\u00e9e, sans faute, \u00e0 m\u00eame d\u2019\u00eatre pr\u00eat\u00e9e, par certains, \u00e0 une robe noire, celle-ci, contre Bara Ndiaye et le groupe Walfadjri, donne l\u2019air que la masseuse s\u2019est voulue appliqu\u00e9e, m\u00eame si l\u2019on ne lui conna\u00eet pas un certain niveau d\u2019\u00e9tudes.<\/p>\n","protected":false},"author":1,"featured_media":11208,"comment_status":"open","ping_status":"open","sticky":false,"template":"","format":"standard","meta":{"_jetpack_memberships_contains_paid_content":false,"footnotes":""},"categories":[375,3,376,1],"tags":[99,2848,16],"class_list":["post-14125","post","type-post","status-publish","format-standard","has-post-thumbnail","hentry","category-actualites","category-politique","category-securite-justice","category-non-classe","tag-adji-sarr","tag-moustapha-diop","tag-ousmane-sonko","entry","has-media","owp-thumbs-layout-horizontal","owp-btn-normal","owp-tabs-layout-horizontal","has-no-thumbnails","has-product-nav"],"yoast_head":"<!-- This site is optimized with the Yoast SEO plugin v25.5 - https:\/\/yoast.com\/wordpress\/plugins\/seo\/ -->\n<title>Sweet Beauty : Adji Sarr porte plainte encore - LE PUBLIC<\/title>\n<meta name=\"description\" content=\"Moustapha Diop de Walf TV et Cheikh Bara Ndiaye risquent gros. Dans une plainte rendue publique, l\u2019ancienne employ\u00e9e de Sweet Beaut\u00e9 s\u2019adresse au procureur de la R\u00e9publique. L\u2019ex-masseuse vise dans poursuit le marabout chroniqueur et le journaliste de Walf pour des faits de diffamation, d\u2019atteinte \u00e0 son honneur, \u00e0 son image et \u00e0 la mise en danger de sa vie par le biais des m\u00e9dias.\" \/>\n<meta name=\"robots\" content=\"index, follow, max-snippet:-1, max-image-preview:large, max-video-preview:-1\" \/>\n<link rel=\"canonical\" href=\"https:\/\/www.public.sn\/index.php\/2023\/01\/23\/sweet-beauty-adji-sarr-porte-plainte-encore\/\" \/>\n<meta property=\"og:locale\" content=\"fr_FR\" \/>\n<meta property=\"og:type\" content=\"article\" \/>\n<meta property=\"og:title\" content=\"Sweet Beauty : Adji Sarr porte plainte encore - LE PUBLIC\" \/>\n<meta property=\"og:description\" content=\"Moustapha Diop de Walf TV et Cheikh Bara Ndiaye risquent gros. Dans une plainte rendue publique, l\u2019ancienne employ\u00e9e de Sweet Beaut\u00e9 s\u2019adresse au procureur de la R\u00e9publique. L\u2019ex-masseuse vise dans poursuit le marabout chroniqueur et le journaliste de Walf pour des faits de diffamation, d\u2019atteinte \u00e0 son honneur, \u00e0 son image et \u00e0 la mise en danger de sa vie par le biais des m\u00e9dias.\" \/>\n<meta property=\"og:url\" content=\"https:\/\/www.public.sn\/index.php\/2023\/01\/23\/sweet-beauty-adji-sarr-porte-plainte-encore\/\" \/>\n<meta property=\"og:site_name\" content=\"LE PUBLIC\" \/>\n<meta property=\"article:published_time\" content=\"2023-01-23T10:26:36+00:00\" \/>\n<meta property=\"og:image\" content=\"https:\/\/www.public.sn\/wp-content\/uploads\/2022\/12\/adji-sarr.jpg\" \/>\n\t<meta property=\"og:image:width\" content=\"1280\" \/>\n\t<meta property=\"og:image:height\" content=\"1280\" \/>\n\t<meta property=\"og:image:type\" content=\"image\/jpeg\" \/>\n<meta name=\"author\" content=\"LA REDACTION\" \/>\n<meta name=\"twitter:card\" content=\"summary_large_image\" \/>\n<meta name=\"twitter:label1\" content=\"\u00c9crit par\" \/>\n\t<meta name=\"twitter:data1\" content=\"LA REDACTION\" \/>\n\t<meta name=\"twitter:label2\" content=\"Dur\u00e9e de lecture estim\u00e9e\" \/>\n\t<meta name=\"twitter:data2\" content=\"1 minute\" \/>\n<script type=\"application\/ld+json\" class=\"yoast-schema-graph\">{\"@context\":\"https:\/\/schema.org\",\"@graph\":[{\"@type\":\"Article\",\"@id\":\"https:\/\/www.public.sn\/index.php\/2023\/01\/23\/sweet-beauty-adji-sarr-porte-plainte-encore\/#article\",\"isPartOf\":{\"@id\":\"https:\/\/www.public.sn\/index.php\/2023\/01\/23\/sweet-beauty-adji-sarr-porte-plainte-encore\/\"},\"author\":{\"name\":\"LA REDACTION\",\"@id\":\"https:\/\/www.public.sn\/#\/schema\/person\/e3f4a11b037d4203902db148f9bc8d5a\"},\"headline\":\"Sweet Beauty : Adji Sarr porte plainte encore\",\"datePublished\":\"2023-01-23T10:26:36+00:00\",\"mainEntityOfPage\":{\"@id\":\"https:\/\/www.public.sn\/index.php\/2023\/01\/23\/sweet-beauty-adji-sarr-porte-plainte-encore\/\"},\"wordCount\":143,\"commentCount\":0,\"publisher\":{\"@id\":\"https:\/\/www.public.sn\/#organization\"},\"image\":{\"@id\":\"https:\/\/www.public.sn\/index.php\/2023\/01\/23\/sweet-beauty-adji-sarr-porte-plainte-encore\/#primaryimage\"},\"thumbnailUrl\":\"https:\/\/www.public.sn\/wp-content\/uploads\/2022\/12\/adji-sarr.jpg\",\"keywords\":[\"Adji Sarr\",\"moustapha diop\",\"Ousmane Sonko\"],\"articleSection\":[\"ACTUALIT\u00c9S\",\"POLITIQUE\",\"S\u00c9CURIT\u00c9 &amp; JUSTICE\",\"S\u00c9N\u00c9GAL\"],\"inLanguage\":\"fr-FR\",\"potentialAction\":[{\"@type\":\"CommentAction\",\"name\":\"Comment\",\"target\":[\"https:\/\/www.public.sn\/index.php\/2023\/01\/23\/sweet-beauty-adji-sarr-porte-plainte-encore\/#respond\"]}]},{\"@type\":\"WebPage\",\"@id\":\"https:\/\/www.public.sn\/index.php\/2023\/01\/23\/sweet-beauty-adji-sarr-porte-plainte-encore\/\",\"url\":\"https:\/\/www.public.sn\/index.php\/2023\/01\/23\/sweet-beauty-adji-sarr-porte-plainte-encore\/\",\"name\":\"Sweet Beauty : Adji Sarr porte plainte encore - LE PUBLIC\",\"isPartOf\":{\"@id\":\"https:\/\/www.public.sn\/#website\"},\"primaryImageOfPage\":{\"@id\":\"https:\/\/www.public.sn\/index.php\/2023\/01\/23\/sweet-beauty-adji-sarr-porte-plainte-encore\/#primaryimage\"},\"image\":{\"@id\":\"https:\/\/www.public.sn\/index.php\/2023\/01\/23\/sweet-beauty-adji-sarr-porte-plainte-encore\/#primaryimage\"},\"thumbnailUrl\":\"https:\/\/www.public.sn\/wp-content\/uploads\/2022\/12\/adji-sarr.jpg\",\"datePublished\":\"2023-01-23T10:26:36+00:00\",\"description\":\"Moustapha Diop de Walf TV et Cheikh Bara Ndiaye risquent gros. Dans une plainte rendue publique, l\u2019ancienne employ\u00e9e de Sweet Beaut\u00e9 s\u2019adresse au procureur de la R\u00e9publique. L\u2019ex-masseuse vise dans poursuit le marabout chroniqueur et le journaliste de Walf pour des faits de diffamation, d\u2019atteinte \u00e0 son honneur, \u00e0 son image et \u00e0 la mise en danger de sa vie par le biais des m\u00e9dias.\",\"breadcrumb\":{\"@id\":\"https:\/\/www.public.sn\/index.php\/2023\/01\/23\/sweet-beauty-adji-sarr-porte-plainte-encore\/#breadcrumb\"},\"inLanguage\":\"fr-FR\",\"potentialAction\":[{\"@type\":\"ReadAction\",\"target\":[\"https:\/\/www.public.sn\/index.php\/2023\/01\/23\/sweet-beauty-adji-sarr-porte-plainte-encore\/\"]}]},{\"@type\":\"ImageObject\",\"inLanguage\":\"fr-FR\",\"@id\":\"https:\/\/www.public.sn\/index.php\/2023\/01\/23\/sweet-beauty-adji-sarr-porte-plainte-encore\/#primaryimage\",\"url\":\"https:\/\/www.public.sn\/wp-content\/uploads\/2022\/12\/adji-sarr.jpg\",\"contentUrl\":\"https:\/\/www.public.sn\/wp-content\/uploads\/2022\/12\/adji-sarr.jpg\",\"width\":1280,\"height\":1280,\"caption\":\"publicsn\"},{\"@type\":\"BreadcrumbList\",\"@id\":\"https:\/\/www.public.sn\/index.php\/2023\/01\/23\/sweet-beauty-adji-sarr-porte-plainte-encore\/#breadcrumb\",\"itemListElement\":[{\"@type\":\"ListItem\",\"position\":1,\"name\":\"Accueil\",\"item\":\"https:\/\/www.public.sn\/\"},{\"@type\":\"ListItem\",\"position\":2,\"name\":\"Sweet Beauty : Adji Sarr porte plainte encore\"}]},{\"@type\":\"WebSite\",\"@id\":\"https:\/\/www.public.sn\/#website\",\"url\":\"https:\/\/www.public.sn\/\",\"name\":\"LE PUBLIC\",\"description\":\"\",\"publisher\":{\"@id\":\"https:\/\/www.public.sn\/#organization\"},\"potentialAction\":[{\"@type\":\"SearchAction\",\"target\":{\"@type\":\"EntryPoint\",\"urlTemplate\":\"https:\/\/www.public.sn\/?s={search_term_string}\"},\"query-input\":{\"@type\":\"PropertyValueSpecification\",\"valueRequired\":true,\"valueName\":\"search_term_string\"}}],\"inLanguage\":\"fr-FR\"},{\"@type\":\"Organization\",\"@id\":\"https:\/\/www.public.sn\/#organization\",\"name\":\"LE PUBLIC\",\"url\":\"https:\/\/www.public.sn\/\",\"logo\":{\"@type\":\"ImageObject\",\"inLanguage\":\"fr-FR\",\"@id\":\"https:\/\/www.public.sn\/#\/schema\/logo\/image\/\",\"url\":\"https:\/\/www.public.sn\/wp-content\/uploads\/2024\/05\/cropped-LOGO-PUBLIC.SN_.png\",\"contentUrl\":\"https:\/\/www.public.sn\/wp-content\/uploads\/2024\/05\/cropped-LOGO-PUBLIC.SN_.png\",\"width\":682,\"height\":192,\"caption\":\"LE PUBLIC\"},\"image\":{\"@id\":\"https:\/\/www.public.sn\/#\/schema\/logo\/image\/\"}},{\"@type\":\"Person\",\"@id\":\"https:\/\/www.public.sn\/#\/schema\/person\/e3f4a11b037d4203902db148f9bc8d5a\",\"name\":\"LA REDACTION\",\"image\":{\"@type\":\"ImageObject\",\"inLanguage\":\"fr-FR\",\"@id\":\"https:\/\/www.public.sn\/#\/schema\/person\/image\/\",\"url\":\"https:\/\/secure.gravatar.com\/avatar\/d6c030db45db2883c075085c5d6c6258654a801a93766b49af0b82d4f454e2a5?s=96&d=mm&r=g\",\"contentUrl\":\"https:\/\/secure.gravatar.com\/avatar\/d6c030db45db2883c075085c5d6c6258654a801a93766b49af0b82d4f454e2a5?s=96&d=mm&r=g\",\"caption\":\"LA REDACTION\"},\"sameAs\":[\"http:\/\/www.public.sn\"],\"url\":\"https:\/\/www.public.sn\/index.php\/author\/admin7324\/\"}]}<\/script>\n<!-- \/ Yoast SEO plugin. -->","yoast_head_json":{"title":"Sweet Beauty : Adji Sarr porte plainte encore - LE PUBLIC","description":"Moustapha Diop de Walf TV et Cheikh Bara Ndiaye risquent gros. Dans une plainte rendue publique, l\u2019ancienne employ\u00e9e de Sweet Beaut\u00e9 s\u2019adresse au procureur de la R\u00e9publique. L\u2019ex-masseuse vise dans poursuit le marabout chroniqueur et le journaliste de Walf pour des faits de diffamation, d\u2019atteinte \u00e0 son honneur, \u00e0 son image et \u00e0 la mise en danger de sa vie par le biais des m\u00e9dias.","robots":{"index":"index","follow":"follow","max-snippet":"max-snippet:-1","max-image-preview":"max-image-preview:large","max-video-preview":"max-video-preview:-1"},"canonical":"https:\/\/www.public.sn\/index.php\/2023\/01\/23\/sweet-beauty-adji-sarr-porte-plainte-encore\/","og_locale":"fr_FR","og_type":"article","og_title":"Sweet Beauty : Adji Sarr porte plainte encore - LE PUBLIC","og_description":"Moustapha Diop de Walf TV et Cheikh Bara Ndiaye risquent gros. Dans une plainte rendue publique, l\u2019ancienne employ\u00e9e de Sweet Beaut\u00e9 s\u2019adresse au procureur de la R\u00e9publique. L\u2019ex-masseuse vise dans poursuit le marabout chroniqueur et le journaliste de Walf pour des faits de diffamation, d\u2019atteinte \u00e0 son honneur, \u00e0 son image et \u00e0 la mise en danger de sa vie par le biais des m\u00e9dias.","og_url":"https:\/\/www.public.sn\/index.php\/2023\/01\/23\/sweet-beauty-adji-sarr-porte-plainte-encore\/","og_site_name":"LE PUBLIC","article_published_time":"2023-01-23T10:26:36+00:00","og_image":[{"width":1280,"height":1280,"url":"https:\/\/www.public.sn\/wp-content\/uploads\/2022\/12\/adji-sarr.jpg","type":"image\/jpeg"}],"author":"LA REDACTION","twitter_card":"summary_large_image","twitter_misc":{"\u00c9crit par":"LA REDACTION","Dur\u00e9e de lecture estim\u00e9e":"1 minute"},"schema":{"@context":"https:\/\/schema.org","@graph":[{"@type":"Article","@id":"https:\/\/www.public.sn\/index.php\/2023\/01\/23\/sweet-beauty-adji-sarr-porte-plainte-encore\/#article","isPartOf":{"@id":"https:\/\/www.public.sn\/index.php\/2023\/01\/23\/sweet-beauty-adji-sarr-porte-plainte-encore\/"},"author":{"name":"LA REDACTION","@id":"https:\/\/www.public.sn\/#\/schema\/person\/e3f4a11b037d4203902db148f9bc8d5a"},"headline":"Sweet Beauty : Adji Sarr porte plainte encore","datePublished":"2023-01-23T10:26:36+00:00","mainEntityOfPage":{"@id":"https:\/\/www.public.sn\/index.php\/2023\/01\/23\/sweet-beauty-adji-sarr-porte-plainte-encore\/"},"wordCount":143,"commentCount":0,"publisher":{"@id":"https:\/\/www.public.sn\/#organization"},"image":{"@id":"https:\/\/www.public.sn\/index.php\/2023\/01\/23\/sweet-beauty-adji-sarr-porte-plainte-encore\/#primaryimage"},"thumbnailUrl":"https:\/\/www.public.sn\/wp-content\/uploads\/2022\/12\/adji-sarr.jpg","keywords":["Adji Sarr","moustapha diop","Ousmane Sonko"],"articleSection":["ACTUALIT\u00c9S","POLITIQUE","S\u00c9CURIT\u00c9 &amp; JUSTICE","S\u00c9N\u00c9GAL"],"inLanguage":"fr-FR","potentialAction":[{"@type":"CommentAction","name":"Comment","target":["https:\/\/www.public.sn\/index.php\/2023\/01\/23\/sweet-beauty-adji-sarr-porte-plainte-encore\/#respond"]}]},{"@type":"WebPage","@id":"https:\/\/www.public.sn\/index.php\/2023\/01\/23\/sweet-beauty-adji-sarr-porte-plainte-encore\/","url":"https:\/\/www.public.sn\/index.php\/2023\/01\/23\/sweet-beauty-adji-sarr-porte-plainte-encore\/","name":"Sweet Beauty : Adji Sarr porte plainte encore - LE PUBLIC","isPartOf":{"@id":"https:\/\/www.public.sn\/#website"},"primaryImageOfPage":{"@id":"https:\/\/www.public.sn\/index.php\/2023\/01\/23\/sweet-beauty-adji-sarr-porte-plainte-encore\/#primaryimage"},"image":{"@id":"https:\/\/www.public.sn\/index.php\/2023\/01\/23\/sweet-beauty-adji-sarr-porte-plainte-encore\/#primaryimage"},"thumbnailUrl":"https:\/\/www.public.sn\/wp-content\/uploads\/2022\/12\/adji-sarr.jpg","datePublished":"2023-01-23T10:26:36+00:00","description":"Moustapha Diop de Walf TV et Cheikh Bara Ndiaye risquent gros. Dans une plainte rendue publique, l\u2019ancienne employ\u00e9e de Sweet Beaut\u00e9 s\u2019adresse au procureur de la R\u00e9publique. L\u2019ex-masseuse vise dans poursuit le marabout chroniqueur et le journaliste de Walf pour des faits de diffamation, d\u2019atteinte \u00e0 son honneur, \u00e0 son image et \u00e0 la mise en danger de sa vie par le biais des m\u00e9dias.","breadcrumb":{"@id":"https:\/\/www.public.sn\/index.php\/2023\/01\/23\/sweet-beauty-adji-sarr-porte-plainte-encore\/#breadcrumb"},"inLanguage":"fr-FR","potentialAction":[{"@type":"ReadAction","target":["https:\/\/www.public.sn\/index.php\/2023\/01\/23\/sweet-beauty-adji-sarr-porte-plainte-encore\/"]}]},{"@type":"ImageObject","inLanguage":"fr-FR","@id":"https:\/\/www.public.sn\/index.php\/2023\/01\/23\/sweet-beauty-adji-sarr-porte-plainte-encore\/#primaryimage","url":"https:\/\/www.public.sn\/wp-content\/uploads\/2022\/12\/adji-sarr.jpg","contentUrl":"https:\/\/www.public.sn\/wp-content\/uploads\/2022\/12\/adji-sarr.jpg","width":1280,"height":1280,"caption":"publicsn"},{"@type":"BreadcrumbList","@id":"https:\/\/www.public.sn\/index.php\/2023\/01\/23\/sweet-beauty-adji-sarr-porte-plainte-encore\/#breadcrumb","itemListElement":[{"@type":"ListItem","position":1,"name":"Accueil","item":"https:\/\/www.public.sn\/"},{"@type":"ListItem","position":2,"name":"Sweet Beauty : Adji Sarr porte plainte encore"}]},{"@type":"WebSite","@id":"https:\/\/www.public.sn\/#website","url":"https:\/\/www.public.sn\/","name":"LE PUBLIC","description":"","publisher":{"@id":"https:\/\/www.public.sn\/#organization"},"potentialAction":[{"@type":"SearchAction","target":{"@type":"EntryPoint","urlTemplate":"https:\/\/www.public.sn\/?s={search_term_string}"},"query-input":{"@type":"PropertyValueSpecification","valueRequired":true,"valueName":"search_term_string"}}],"inLanguage":"fr-FR"},{"@type":"Organization","@id":"https:\/\/www.public.sn\/#organization","name":"LE PUBLIC","url":"https:\/\/www.public.sn\/","logo":{"@type":"ImageObject","inLanguage":"fr-FR","@id":"https:\/\/www.public.sn\/#\/schema\/logo\/image\/","url":"https:\/\/www.public.sn\/wp-content\/uploads\/2024\/05\/cropped-LOGO-PUBLIC.SN_.png","contentUrl":"https:\/\/www.public.sn\/wp-content\/uploads\/2024\/05\/cropped-LOGO-PUBLIC.SN_.png","width":682,"height":192,"caption":"LE PUBLIC"},"image":{"@id":"https:\/\/www.public.sn\/#\/schema\/logo\/image\/"}},{"@type":"Person","@id":"https:\/\/www.public.sn\/#\/schema\/person\/e3f4a11b037d4203902db148f9bc8d5a","name":"LA REDACTION","image":{"@type":"ImageObject","inLanguage":"fr-FR","@id":"https:\/\/www.public.sn\/#\/schema\/person\/image\/","url":"https:\/\/secure.gravatar.com\/avatar\/d6c030db45db2883c075085c5d6c6258654a801a93766b49af0b82d4f454e2a5?s=96&d=mm&r=g","contentUrl":"https:\/\/secure.gravatar.com\/avatar\/d6c030db45db2883c075085c5d6c6258654a801a93766b49af0b82d4f454e2a5?s=96&d=mm&r=g","caption":"LA REDACTION"},"sameAs":["http:\/\/www.public.sn"],"url":"https:\/\/www.public.sn\/index.php\/author\/admin7324\/"}]}},"jetpack_featured_media_url":"https:\/\/www.public.sn\/wp-content\/uploads\/2022\/12\/adji-sarr.jpg","jetpack_sharing_enabled":true,"_links":{"self":[{"href":"https:\/\/www.public.sn\/index.php\/wp-json\/wp\/v2\/posts\/14125","targetHints":{"allow":["GET"]}}],"collection":[{"href":"https:\/\/www.public.sn\/index.php\/wp-json\/wp\/v2\/posts"}],"about":[{"href":"https:\/\/www.public.sn\/index.php\/wp-json\/wp\/v2\/types\/post"}],"author":[{"embeddable":true,"href":"https:\/\/www.public.sn\/index.php\/wp-json\/wp\/v2\/users\/1"}],"replies":[{"embeddable":true,"href":"https:\/\/www.public.sn\/index.php\/wp-json\/wp\/v2\/comments?post=14125"}],"version-history":[{"count":1,"href":"https:\/\/www.public.sn\/index.php\/wp-json\/wp\/v2\/posts\/14125\/revisions"}],"predecessor-version":[{"id":14126,"href":"https:\/\/www.public.sn\/index.php\/wp-json\/wp\/v2\/posts\/14125\/revisions\/14126"}],"wp:featuredmedia":[{"embeddable":true,"href":"https:\/\/www.public.sn\/index.php\/wp-json\/wp\/v2\/media\/11208"}],"wp:attachment":[{"href":"https:\/\/www.public.sn\/index.php\/wp-json\/wp\/v2\/media?parent=14125"}],"wp:term":[{"taxonomy":"category","embeddable":true,"href":"https:\/\/www.public.sn\/index.php\/wp-json\/wp\/v2\/categories?post=14125"},{"taxonomy":"post_tag","embeddable":true,"href":"https:\/\/www.public.sn\/index.php\/wp-json\/wp\/v2\/tags?post=14125"}],"curies":[{"name":"wp","href":"https:\/\/api.w.org\/{rel}","templated":true}]}}