{"id":14127,"date":"2023-01-23T11:54:03","date_gmt":"2023-01-23T11:54:03","guid":{"rendered":"https:\/\/www.public.sn\/?p=14127"},"modified":"2023-01-23T11:54:03","modified_gmt":"2023-01-23T11:54:03","slug":"le-sermon-de-alioune-tine-a-macky-sall","status":"publish","type":"post","link":"https:\/\/www.public.sn\/index.php\/2023\/01\/23\/le-sermon-de-alioune-tine-a-macky-sall\/","title":{"rendered":"Le sermon de Alioune Tine \u00e0 Macky Sall"},"content":{"rendered":"<p><strong>La situation du pays oblige certains lanceurs d&rsquo;alerte \u00e0 se prononcer afin que irr\u00e9parable ne se produise dans le pays de la T\u00e9ranga. C&rsquo;est dans ce dans que\u00a0 le fondateur d\u2019Afrikajom Center, Alioune Tine, appelle solennellement les leaders politiques \u00e0 la raison, \u00e0 la lucidit\u00e9 et au dialogue f\u00e9cond et sinc\u00e8re pour \u00e9viter l\u2019irr\u00e9parable et faire preuve de capacit\u00e9 de r\u00e9silience au S\u00e9n\u00e9gal.<\/strong><\/p><div class=\"publi-paragraphe1\" style=\"margin-top: 10px;margin-bottom: 10px;margin-left: auto;margin-right: auto;text-align: center;\" id=\"publi-397401897\"><div class=\"publi-adlabel\">Publicit\u00e9<\/div><script async src=\"\/\/pagead2.googlesyndication.com\/pagead\/js\/adsbygoogle.js?client=ca-pub-4089586018074219\" crossorigin=\"anonymous\"><\/script><ins class=\"adsbygoogle\" style=\"display:block;\" data-ad-client=\"ca-pub-4089586018074219\" \ndata-ad-slot=\"2087940154\" \ndata-ad-format=\"auto\"><\/ins>\n<script> \n(adsbygoogle = window.adsbygoogle || []).push({}); \n<\/script>\n<\/div>\n<p>Pour Alioune Tine, c\u2019est cela qui nous a toujours sauv\u00e9. \u00ab M\u00eame pendant les guerres les ennemis se parlent. Sonko et Macky doivent se parler \u00bb, estime M. Tine.<\/p>\n<p>\u00abRassemble ton peuple, un grand peuple, Apaise, lib\u00e8re les d\u00e9tenus politiques. Surtout respecte ta parole d\u2019honneur, respecte ton serment et quitte le pouvoir par la grande porte pour bien servir le S\u00e9n\u00e9gal et surtout le Continent africain qui a soif d\u2019un grand r\u00e9cit\u00bb, a tweet\u00e9 le pr\u00e9sident Macky Sall pour sermonner le pr\u00e9sident Macky Sall.<\/p>\n<div class=\"publi-apres-le-contenu\" style=\"margin-top: 10px;margin-bottom: 10px;margin-left: auto;margin-right: auto;text-align: center;\" id=\"publi-438891729\"><div class=\"publi-adlabel\">Publicit\u00e9<\/div><script async src=\"\/\/pagead2.googlesyndication.com\/pagead\/js\/adsbygoogle.js?client=ca-pub-4089586018074219\" crossorigin=\"anonymous\"><\/script><ins class=\"adsbygoogle\" style=\"display:block;\" data-ad-client=\"ca-pub-4089586018074219\" \ndata-ad-slot=\"2087940154\" \ndata-ad-format=\"auto\"><\/ins>\n<script> \n(adsbygoogle = window.adsbygoogle || []).push({}); \n<\/script>\n<\/div>","protected":false},"excerpt":{"rendered":"<p>La situation du pays oblige certains lanceurs d&rsquo;alerte \u00e0 se prononcer afin que irr\u00e9parable ne se produise dans le pays de la T\u00e9ranga. C&rsquo;est dans ce dans que\u00a0 le fondateur d\u2019Afrikajom Center, Alioune Tine, appelle solennellement les leaders politiques \u00e0 la raison, \u00e0 la lucidit\u00e9 et au dialogue f\u00e9cond et sinc\u00e8re pour \u00e9viter l\u2019irr\u00e9parable et faire preuve de capacit\u00e9 de r\u00e9silience au S\u00e9n\u00e9gal. Pour Alioune Tine, c\u2019est cela qui nous a toujours sauv\u00e9. \u00ab M\u00eame pendant les guerres les ennemis se parlent. Sonko et Macky doivent se parler \u00bb, estime M. Tine. \u00abRassemble ton peuple, un grand peuple, Apaise, lib\u00e8re les d\u00e9tenus politiques. Surtout respecte ta parole d\u2019honneur, respecte ton serment et quitte le pouvoir par la grande porte pour bien servir le S\u00e9n\u00e9gal et surtout le Continent africain qui a soif d\u2019un grand r\u00e9cit\u00bb, a tweet\u00e9 le pr\u00e9sident Macky Sall pour sermonner le pr\u00e9sident Macky Sall.<\/p>\n","protected":false},"author":1,"featured_media":10791,"comment_status":"open","ping_status":"open","sticky":false,"template":"","format":"standard","meta":{"_jetpack_memberships_contains_paid_content":false,"footnotes":""},"categories":[375,3,1,372],"tags":[42,11,16],"class_list":["post-14127","post","type-post","status-publish","format-standard","has-post-thumbnail","hentry","category-actualites","category-politique","category-non-classe","category-vedette","tag-alioune-tine","tag-macky-sall","tag-ousmane-sonko","entry","has-media","owp-thumbs-layout-horizontal","owp-btn-normal","owp-tabs-layout-horizontal","has-no-thumbnails","has-product-nav"],"yoast_head":"<!-- This site is optimized with the Yoast SEO plugin v25.5 - https:\/\/yoast.com\/wordpress\/plugins\/seo\/ -->\n<title>Le sermon de Alioune Tine \u00e0 Macky Sall - LE PUBLIC<\/title>\n<meta name=\"description\" content=\"La situation du pays oblige certains lanceurs d&#039;alerte \u00e0 se prononcer afin que irr\u00e9parable ne se produise dans le pays de la T\u00e9ranga. C&#039;est dans ce dans que\u00a0 le fondateur d\u2019Afrikajom Center, Alioune Tine, appelle solennellement les leaders politiques \u00e0 la raison, \u00e0 la lucidit\u00e9 et au dialogue f\u00e9cond et sinc\u00e8re pour \u00e9viter l\u2019irr\u00e9parable et faire preuve de capacit\u00e9 de r\u00e9silience au S\u00e9n\u00e9gal.\" \/>\n<meta name=\"robots\" content=\"index, follow, max-snippet:-1, max-image-preview:large, max-video-preview:-1\" \/>\n<link rel=\"canonical\" href=\"https:\/\/www.public.sn\/index.php\/2023\/01\/23\/le-sermon-de-alioune-tine-a-macky-sall\/\" \/>\n<meta property=\"og:locale\" content=\"fr_FR\" \/>\n<meta property=\"og:type\" content=\"article\" \/>\n<meta property=\"og:title\" content=\"Le sermon de Alioune Tine \u00e0 Macky Sall - LE PUBLIC\" \/>\n<meta property=\"og:description\" content=\"La situation du pays oblige certains lanceurs d&#039;alerte \u00e0 se prononcer afin que irr\u00e9parable ne se produise dans le pays de la T\u00e9ranga. C&#039;est dans ce dans que\u00a0 le fondateur d\u2019Afrikajom Center, Alioune Tine, appelle solennellement les leaders politiques \u00e0 la raison, \u00e0 la lucidit\u00e9 et au dialogue f\u00e9cond et sinc\u00e8re pour \u00e9viter l\u2019irr\u00e9parable et faire preuve de capacit\u00e9 de r\u00e9silience au S\u00e9n\u00e9gal.\" \/>\n<meta property=\"og:url\" content=\"https:\/\/www.public.sn\/index.php\/2023\/01\/23\/le-sermon-de-alioune-tine-a-macky-sall\/\" \/>\n<meta property=\"og:site_name\" content=\"LE PUBLIC\" \/>\n<meta property=\"article:published_time\" content=\"2023-01-23T11:54:03+00:00\" \/>\n<meta property=\"og:image\" content=\"https:\/\/www.public.sn\/wp-content\/uploads\/2022\/12\/alioune-tine.jpg\" \/>\n\t<meta property=\"og:image:width\" content=\"800\" \/>\n\t<meta property=\"og:image:height\" content=\"524\" \/>\n\t<meta property=\"og:image:type\" content=\"image\/jpeg\" \/>\n<meta name=\"author\" content=\"LA REDACTION\" \/>\n<meta name=\"twitter:card\" content=\"summary_large_image\" \/>\n<meta name=\"twitter:label1\" content=\"\u00c9crit par\" \/>\n\t<meta name=\"twitter:data1\" content=\"LA REDACTION\" \/>\n\t<meta name=\"twitter:label2\" content=\"Dur\u00e9e de lecture estim\u00e9e\" \/>\n\t<meta name=\"twitter:data2\" content=\"1 minute\" \/>\n<script type=\"application\/ld+json\" class=\"yoast-schema-graph\">{\"@context\":\"https:\/\/schema.org\",\"@graph\":[{\"@type\":\"Article\",\"@id\":\"https:\/\/www.public.sn\/index.php\/2023\/01\/23\/le-sermon-de-alioune-tine-a-macky-sall\/#article\",\"isPartOf\":{\"@id\":\"https:\/\/www.public.sn\/index.php\/2023\/01\/23\/le-sermon-de-alioune-tine-a-macky-sall\/\"},\"author\":{\"name\":\"LA REDACTION\",\"@id\":\"https:\/\/www.public.sn\/#\/schema\/person\/e3f4a11b037d4203902db148f9bc8d5a\"},\"headline\":\"Le sermon de Alioune Tine \u00e0 Macky Sall\",\"datePublished\":\"2023-01-23T11:54:03+00:00\",\"mainEntityOfPage\":{\"@id\":\"https:\/\/www.public.sn\/index.php\/2023\/01\/23\/le-sermon-de-alioune-tine-a-macky-sall\/\"},\"wordCount\":170,\"commentCount\":0,\"publisher\":{\"@id\":\"https:\/\/www.public.sn\/#organization\"},\"image\":{\"@id\":\"https:\/\/www.public.sn\/index.php\/2023\/01\/23\/le-sermon-de-alioune-tine-a-macky-sall\/#primaryimage\"},\"thumbnailUrl\":\"https:\/\/www.public.sn\/wp-content\/uploads\/2022\/12\/alioune-tine.jpg\",\"keywords\":[\"Alioune Tine\",\"Macky Sall\",\"Ousmane Sonko\"],\"articleSection\":[\"ACTUALIT\u00c9S\",\"POLITIQUE\",\"S\u00c9N\u00c9GAL\",\"VEDETTE\"],\"inLanguage\":\"fr-FR\",\"potentialAction\":[{\"@type\":\"CommentAction\",\"name\":\"Comment\",\"target\":[\"https:\/\/www.public.sn\/index.php\/2023\/01\/23\/le-sermon-de-alioune-tine-a-macky-sall\/#respond\"]}]},{\"@type\":\"WebPage\",\"@id\":\"https:\/\/www.public.sn\/index.php\/2023\/01\/23\/le-sermon-de-alioune-tine-a-macky-sall\/\",\"url\":\"https:\/\/www.public.sn\/index.php\/2023\/01\/23\/le-sermon-de-alioune-tine-a-macky-sall\/\",\"name\":\"Le sermon de Alioune Tine \u00e0 Macky Sall - LE PUBLIC\",\"isPartOf\":{\"@id\":\"https:\/\/www.public.sn\/#website\"},\"primaryImageOfPage\":{\"@id\":\"https:\/\/www.public.sn\/index.php\/2023\/01\/23\/le-sermon-de-alioune-tine-a-macky-sall\/#primaryimage\"},\"image\":{\"@id\":\"https:\/\/www.public.sn\/index.php\/2023\/01\/23\/le-sermon-de-alioune-tine-a-macky-sall\/#primaryimage\"},\"thumbnailUrl\":\"https:\/\/www.public.sn\/wp-content\/uploads\/2022\/12\/alioune-tine.jpg\",\"datePublished\":\"2023-01-23T11:54:03+00:00\",\"description\":\"La situation du pays oblige certains lanceurs d'alerte \u00e0 se prononcer afin que irr\u00e9parable ne se produise dans le pays de la T\u00e9ranga. C'est dans ce dans que\u00a0 le fondateur d\u2019Afrikajom Center, Alioune Tine, appelle solennellement les leaders politiques \u00e0 la raison, \u00e0 la lucidit\u00e9 et au dialogue f\u00e9cond et sinc\u00e8re pour \u00e9viter l\u2019irr\u00e9parable et faire preuve de capacit\u00e9 de r\u00e9silience au S\u00e9n\u00e9gal.\",\"breadcrumb\":{\"@id\":\"https:\/\/www.public.sn\/index.php\/2023\/01\/23\/le-sermon-de-alioune-tine-a-macky-sall\/#breadcrumb\"},\"inLanguage\":\"fr-FR\",\"potentialAction\":[{\"@type\":\"ReadAction\",\"target\":[\"https:\/\/www.public.sn\/index.php\/2023\/01\/23\/le-sermon-de-alioune-tine-a-macky-sall\/\"]}]},{\"@type\":\"ImageObject\",\"inLanguage\":\"fr-FR\",\"@id\":\"https:\/\/www.public.sn\/index.php\/2023\/01\/23\/le-sermon-de-alioune-tine-a-macky-sall\/#primaryimage\",\"url\":\"https:\/\/www.public.sn\/wp-content\/uploads\/2022\/12\/alioune-tine.jpg\",\"contentUrl\":\"https:\/\/www.public.sn\/wp-content\/uploads\/2022\/12\/alioune-tine.jpg\",\"width\":800,\"height\":524,\"caption\":\"publicsn\"},{\"@type\":\"BreadcrumbList\",\"@id\":\"https:\/\/www.public.sn\/index.php\/2023\/01\/23\/le-sermon-de-alioune-tine-a-macky-sall\/#breadcrumb\",\"itemListElement\":[{\"@type\":\"ListItem\",\"position\":1,\"name\":\"Accueil\",\"item\":\"https:\/\/www.public.sn\/\"},{\"@type\":\"ListItem\",\"position\":2,\"name\":\"Le sermon de Alioune Tine \u00e0 Macky Sall\"}]},{\"@type\":\"WebSite\",\"@id\":\"https:\/\/www.public.sn\/#website\",\"url\":\"https:\/\/www.public.sn\/\",\"name\":\"LE PUBLIC\",\"description\":\"\",\"publisher\":{\"@id\":\"https:\/\/www.public.sn\/#organization\"},\"potentialAction\":[{\"@type\":\"SearchAction\",\"target\":{\"@type\":\"EntryPoint\",\"urlTemplate\":\"https:\/\/www.public.sn\/?s={search_term_string}\"},\"query-input\":{\"@type\":\"PropertyValueSpecification\",\"valueRequired\":true,\"valueName\":\"search_term_string\"}}],\"inLanguage\":\"fr-FR\"},{\"@type\":\"Organization\",\"@id\":\"https:\/\/www.public.sn\/#organization\",\"name\":\"LE PUBLIC\",\"url\":\"https:\/\/www.public.sn\/\",\"logo\":{\"@type\":\"ImageObject\",\"inLanguage\":\"fr-FR\",\"@id\":\"https:\/\/www.public.sn\/#\/schema\/logo\/image\/\",\"url\":\"https:\/\/www.public.sn\/wp-content\/uploads\/2024\/05\/cropped-LOGO-PUBLIC.SN_.png\",\"contentUrl\":\"https:\/\/www.public.sn\/wp-content\/uploads\/2024\/05\/cropped-LOGO-PUBLIC.SN_.png\",\"width\":682,\"height\":192,\"caption\":\"LE PUBLIC\"},\"image\":{\"@id\":\"https:\/\/www.public.sn\/#\/schema\/logo\/image\/\"}},{\"@type\":\"Person\",\"@id\":\"https:\/\/www.public.sn\/#\/schema\/person\/e3f4a11b037d4203902db148f9bc8d5a\",\"name\":\"LA REDACTION\",\"image\":{\"@type\":\"ImageObject\",\"inLanguage\":\"fr-FR\",\"@id\":\"https:\/\/www.public.sn\/#\/schema\/person\/image\/\",\"url\":\"https:\/\/secure.gravatar.com\/avatar\/d6c030db45db2883c075085c5d6c6258654a801a93766b49af0b82d4f454e2a5?s=96&d=mm&r=g\",\"contentUrl\":\"https:\/\/secure.gravatar.com\/avatar\/d6c030db45db2883c075085c5d6c6258654a801a93766b49af0b82d4f454e2a5?s=96&d=mm&r=g\",\"caption\":\"LA REDACTION\"},\"sameAs\":[\"http:\/\/www.public.sn\"],\"url\":\"https:\/\/www.public.sn\/index.php\/author\/admin7324\/\"}]}<\/script>\n<!-- \/ Yoast SEO plugin. -->","yoast_head_json":{"title":"Le sermon de Alioune Tine \u00e0 Macky Sall - LE PUBLIC","description":"La situation du pays oblige certains lanceurs d'alerte \u00e0 se prononcer afin que irr\u00e9parable ne se produise dans le pays de la T\u00e9ranga. C'est dans ce dans que\u00a0 le fondateur d\u2019Afrikajom Center, Alioune Tine, appelle solennellement les leaders politiques \u00e0 la raison, \u00e0 la lucidit\u00e9 et au dialogue f\u00e9cond et sinc\u00e8re pour \u00e9viter l\u2019irr\u00e9parable et faire preuve de capacit\u00e9 de r\u00e9silience au S\u00e9n\u00e9gal.","robots":{"index":"index","follow":"follow","max-snippet":"max-snippet:-1","max-image-preview":"max-image-preview:large","max-video-preview":"max-video-preview:-1"},"canonical":"https:\/\/www.public.sn\/index.php\/2023\/01\/23\/le-sermon-de-alioune-tine-a-macky-sall\/","og_locale":"fr_FR","og_type":"article","og_title":"Le sermon de Alioune Tine \u00e0 Macky Sall - LE PUBLIC","og_description":"La situation du pays oblige certains lanceurs d'alerte \u00e0 se prononcer afin que irr\u00e9parable ne se produise dans le pays de la T\u00e9ranga. C'est dans ce dans que\u00a0 le fondateur d\u2019Afrikajom Center, Alioune Tine, appelle solennellement les leaders politiques \u00e0 la raison, \u00e0 la lucidit\u00e9 et au dialogue f\u00e9cond et sinc\u00e8re pour \u00e9viter l\u2019irr\u00e9parable et faire preuve de capacit\u00e9 de r\u00e9silience au S\u00e9n\u00e9gal.","og_url":"https:\/\/www.public.sn\/index.php\/2023\/01\/23\/le-sermon-de-alioune-tine-a-macky-sall\/","og_site_name":"LE PUBLIC","article_published_time":"2023-01-23T11:54:03+00:00","og_image":[{"width":800,"height":524,"url":"https:\/\/www.public.sn\/wp-content\/uploads\/2022\/12\/alioune-tine.jpg","type":"image\/jpeg"}],"author":"LA REDACTION","twitter_card":"summary_large_image","twitter_misc":{"\u00c9crit par":"LA REDACTION","Dur\u00e9e de lecture estim\u00e9e":"1 minute"},"schema":{"@context":"https:\/\/schema.org","@graph":[{"@type":"Article","@id":"https:\/\/www.public.sn\/index.php\/2023\/01\/23\/le-sermon-de-alioune-tine-a-macky-sall\/#article","isPartOf":{"@id":"https:\/\/www.public.sn\/index.php\/2023\/01\/23\/le-sermon-de-alioune-tine-a-macky-sall\/"},"author":{"name":"LA REDACTION","@id":"https:\/\/www.public.sn\/#\/schema\/person\/e3f4a11b037d4203902db148f9bc8d5a"},"headline":"Le sermon de Alioune Tine \u00e0 Macky Sall","datePublished":"2023-01-23T11:54:03+00:00","mainEntityOfPage":{"@id":"https:\/\/www.public.sn\/index.php\/2023\/01\/23\/le-sermon-de-alioune-tine-a-macky-sall\/"},"wordCount":170,"commentCount":0,"publisher":{"@id":"https:\/\/www.public.sn\/#organization"},"image":{"@id":"https:\/\/www.public.sn\/index.php\/2023\/01\/23\/le-sermon-de-alioune-tine-a-macky-sall\/#primaryimage"},"thumbnailUrl":"https:\/\/www.public.sn\/wp-content\/uploads\/2022\/12\/alioune-tine.jpg","keywords":["Alioune Tine","Macky Sall","Ousmane Sonko"],"articleSection":["ACTUALIT\u00c9S","POLITIQUE","S\u00c9N\u00c9GAL","VEDETTE"],"inLanguage":"fr-FR","potentialAction":[{"@type":"CommentAction","name":"Comment","target":["https:\/\/www.public.sn\/index.php\/2023\/01\/23\/le-sermon-de-alioune-tine-a-macky-sall\/#respond"]}]},{"@type":"WebPage","@id":"https:\/\/www.public.sn\/index.php\/2023\/01\/23\/le-sermon-de-alioune-tine-a-macky-sall\/","url":"https:\/\/www.public.sn\/index.php\/2023\/01\/23\/le-sermon-de-alioune-tine-a-macky-sall\/","name":"Le sermon de Alioune Tine \u00e0 Macky Sall - LE PUBLIC","isPartOf":{"@id":"https:\/\/www.public.sn\/#website"},"primaryImageOfPage":{"@id":"https:\/\/www.public.sn\/index.php\/2023\/01\/23\/le-sermon-de-alioune-tine-a-macky-sall\/#primaryimage"},"image":{"@id":"https:\/\/www.public.sn\/index.php\/2023\/01\/23\/le-sermon-de-alioune-tine-a-macky-sall\/#primaryimage"},"thumbnailUrl":"https:\/\/www.public.sn\/wp-content\/uploads\/2022\/12\/alioune-tine.jpg","datePublished":"2023-01-23T11:54:03+00:00","description":"La situation du pays oblige certains lanceurs d'alerte \u00e0 se prononcer afin que irr\u00e9parable ne se produise dans le pays de la T\u00e9ranga. C'est dans ce dans que\u00a0 le fondateur d\u2019Afrikajom Center, Alioune Tine, appelle solennellement les leaders politiques \u00e0 la raison, \u00e0 la lucidit\u00e9 et au dialogue f\u00e9cond et sinc\u00e8re pour \u00e9viter l\u2019irr\u00e9parable et faire preuve de capacit\u00e9 de r\u00e9silience au S\u00e9n\u00e9gal.","breadcrumb":{"@id":"https:\/\/www.public.sn\/index.php\/2023\/01\/23\/le-sermon-de-alioune-tine-a-macky-sall\/#breadcrumb"},"inLanguage":"fr-FR","potentialAction":[{"@type":"ReadAction","target":["https:\/\/www.public.sn\/index.php\/2023\/01\/23\/le-sermon-de-alioune-tine-a-macky-sall\/"]}]},{"@type":"ImageObject","inLanguage":"fr-FR","@id":"https:\/\/www.public.sn\/index.php\/2023\/01\/23\/le-sermon-de-alioune-tine-a-macky-sall\/#primaryimage","url":"https:\/\/www.public.sn\/wp-content\/uploads\/2022\/12\/alioune-tine.jpg","contentUrl":"https:\/\/www.public.sn\/wp-content\/uploads\/2022\/12\/alioune-tine.jpg","width":800,"height":524,"caption":"publicsn"},{"@type":"BreadcrumbList","@id":"https:\/\/www.public.sn\/index.php\/2023\/01\/23\/le-sermon-de-alioune-tine-a-macky-sall\/#breadcrumb","itemListElement":[{"@type":"ListItem","position":1,"name":"Accueil","item":"https:\/\/www.public.sn\/"},{"@type":"ListItem","position":2,"name":"Le sermon de Alioune Tine \u00e0 Macky Sall"}]},{"@type":"WebSite","@id":"https:\/\/www.public.sn\/#website","url":"https:\/\/www.public.sn\/","name":"LE PUBLIC","description":"","publisher":{"@id":"https:\/\/www.public.sn\/#organization"},"potentialAction":[{"@type":"SearchAction","target":{"@type":"EntryPoint","urlTemplate":"https:\/\/www.public.sn\/?s={search_term_string}"},"query-input":{"@type":"PropertyValueSpecification","valueRequired":true,"valueName":"search_term_string"}}],"inLanguage":"fr-FR"},{"@type":"Organization","@id":"https:\/\/www.public.sn\/#organization","name":"LE PUBLIC","url":"https:\/\/www.public.sn\/","logo":{"@type":"ImageObject","inLanguage":"fr-FR","@id":"https:\/\/www.public.sn\/#\/schema\/logo\/image\/","url":"https:\/\/www.public.sn\/wp-content\/uploads\/2024\/05\/cropped-LOGO-PUBLIC.SN_.png","contentUrl":"https:\/\/www.public.sn\/wp-content\/uploads\/2024\/05\/cropped-LOGO-PUBLIC.SN_.png","width":682,"height":192,"caption":"LE PUBLIC"},"image":{"@id":"https:\/\/www.public.sn\/#\/schema\/logo\/image\/"}},{"@type":"Person","@id":"https:\/\/www.public.sn\/#\/schema\/person\/e3f4a11b037d4203902db148f9bc8d5a","name":"LA REDACTION","image":{"@type":"ImageObject","inLanguage":"fr-FR","@id":"https:\/\/www.public.sn\/#\/schema\/person\/image\/","url":"https:\/\/secure.gravatar.com\/avatar\/d6c030db45db2883c075085c5d6c6258654a801a93766b49af0b82d4f454e2a5?s=96&d=mm&r=g","contentUrl":"https:\/\/secure.gravatar.com\/avatar\/d6c030db45db2883c075085c5d6c6258654a801a93766b49af0b82d4f454e2a5?s=96&d=mm&r=g","caption":"LA REDACTION"},"sameAs":["http:\/\/www.public.sn"],"url":"https:\/\/www.public.sn\/index.php\/author\/admin7324\/"}]}},"jetpack_featured_media_url":"https:\/\/www.public.sn\/wp-content\/uploads\/2022\/12\/alioune-tine.jpg","jetpack_sharing_enabled":true,"_links":{"self":[{"href":"https:\/\/www.public.sn\/index.php\/wp-json\/wp\/v2\/posts\/14127","targetHints":{"allow":["GET"]}}],"collection":[{"href":"https:\/\/www.public.sn\/index.php\/wp-json\/wp\/v2\/posts"}],"about":[{"href":"https:\/\/www.public.sn\/index.php\/wp-json\/wp\/v2\/types\/post"}],"author":[{"embeddable":true,"href":"https:\/\/www.public.sn\/index.php\/wp-json\/wp\/v2\/users\/1"}],"replies":[{"embeddable":true,"href":"https:\/\/www.public.sn\/index.php\/wp-json\/wp\/v2\/comments?post=14127"}],"version-history":[{"count":1,"href":"https:\/\/www.public.sn\/index.php\/wp-json\/wp\/v2\/posts\/14127\/revisions"}],"predecessor-version":[{"id":14128,"href":"https:\/\/www.public.sn\/index.php\/wp-json\/wp\/v2\/posts\/14127\/revisions\/14128"}],"wp:featuredmedia":[{"embeddable":true,"href":"https:\/\/www.public.sn\/index.php\/wp-json\/wp\/v2\/media\/10791"}],"wp:attachment":[{"href":"https:\/\/www.public.sn\/index.php\/wp-json\/wp\/v2\/media?parent=14127"}],"wp:term":[{"taxonomy":"category","embeddable":true,"href":"https:\/\/www.public.sn\/index.php\/wp-json\/wp\/v2\/categories?post=14127"},{"taxonomy":"post_tag","embeddable":true,"href":"https:\/\/www.public.sn\/index.php\/wp-json\/wp\/v2\/tags?post=14127"}],"curies":[{"name":"wp","href":"https:\/\/api.w.org\/{rel}","templated":true}]}}