{"id":14132,"date":"2023-01-23T14:56:03","date_gmt":"2023-01-23T14:56:03","guid":{"rendered":"https:\/\/www.public.sn\/?p=14132"},"modified":"2023-01-23T14:56:50","modified_gmt":"2023-01-23T14:56:50","slug":"livre-de-cheikh-yerim-seck-et-mega-meeting-de-sonko-pa-assane-et-adf-a-la-loupe-de-lactu","status":"publish","type":"post","link":"https:\/\/www.public.sn\/index.php\/2023\/01\/23\/livre-de-cheikh-yerim-seck-et-mega-meeting-de-sonko-pa-assane-et-adf-a-la-loupe-de-lactu\/","title":{"rendered":"Livre de Cheikh Y\u00e9rim Seck et M\u00e9ga meeting de Sonko : Pa Assane et ADF \u00e0 la loupe de l&rsquo;actu"},"content":{"rendered":"<p><b>Comme tous les lundis et jeudis, le duo de choc est de retour. Pa Assane Seck et Aissatou Diop Fall reviennent sur les faits saillants\u00a0de l\u2019actualit\u00e9 s\u00e9n\u00e9galaise. Ce lundi, le vol 2 du du documentaire sur Cheikh Y\u00e9rim Seck, le m\u00e9ga meeting de Ousmane Sonko \u00e0 Keur Massar\u00a0 et l\u00a0\u00bbirrecevabilit\u00e9\u00a0\u00bb de la requ\u00eate port\u00e9e par Guy Marius Sagna et Aminata Tour\u00e9 au Conseil constitutionnel d&rsquo;inviter le Gouvernement venir \u00e0 l&rsquo;Assembl\u00e9e nationale pour s&rsquo;expliquer sur le Rapport de la Cour des comptes sur la gestion du Fonds Force Covid-19.\u00a0<\/b><\/p><div class=\"publi-paragraphe1\" style=\"margin-top: 10px;margin-bottom: 10px;margin-left: auto;margin-right: auto;text-align: center;\" id=\"publi-3622606450\"><div class=\"publi-adlabel\">Publicit\u00e9<\/div><script async src=\"\/\/pagead2.googlesyndication.com\/pagead\/js\/adsbygoogle.js?client=ca-pub-4089586018074219\" crossorigin=\"anonymous\"><\/script><ins class=\"adsbygoogle\" style=\"display:block;\" data-ad-client=\"ca-pub-4089586018074219\" \ndata-ad-slot=\"2087940154\" \ndata-ad-format=\"auto\"><\/ins>\n<script> \n(adsbygoogle = window.adsbygoogle || []).push({}); \n<\/script>\n<\/div>\n<p><iframe title=\"Actualit\u00e9 du Senegal : Situation Politique du S\u00e9n\u00e9gal Affaire Sonko ADJI Meeting de Ousmane Sonko..\" src=\"https:\/\/www.youtube.com\/embed\/Rfud5M3n1no\" width=\"853\" height=\"480\" frameborder=\"0\" allowfullscreen=\"allowfullscreen\"><\/iframe><\/p>\n<div class=\"publi-apres-le-contenu\" style=\"margin-top: 10px;margin-bottom: 10px;margin-left: auto;margin-right: auto;text-align: center;\" id=\"publi-2451539431\"><div class=\"publi-adlabel\">Publicit\u00e9<\/div><script async src=\"\/\/pagead2.googlesyndication.com\/pagead\/js\/adsbygoogle.js?client=ca-pub-4089586018074219\" crossorigin=\"anonymous\"><\/script><ins class=\"adsbygoogle\" style=\"display:block;\" data-ad-client=\"ca-pub-4089586018074219\" \ndata-ad-slot=\"2087940154\" \ndata-ad-format=\"auto\"><\/ins>\n<script> \n(adsbygoogle = window.adsbygoogle || []).push({}); \n<\/script>\n<\/div>","protected":false},"excerpt":{"rendered":"<p>Comme tous les lundis et jeudis, le duo de choc est de retour. Pa Assane Seck et Aissatou Diop Fall reviennent sur les faits saillants\u00a0de l\u2019actualit\u00e9 s\u00e9n\u00e9galaise. Ce lundi, le vol 2 du du documentaire sur Cheikh Y\u00e9rim Seck, le m\u00e9ga meeting de Ousmane Sonko \u00e0 Keur Massar\u00a0 et l\u00a0\u00bbirrecevabilit\u00e9\u00a0\u00bb de la requ\u00eate port\u00e9e par Guy Marius Sagna et Aminata Tour\u00e9 au Conseil constitutionnel d&rsquo;inviter le Gouvernement venir \u00e0 l&rsquo;Assembl\u00e9e nationale pour s&rsquo;expliquer sur le Rapport de la Cour des comptes sur la gestion du Fonds Force Covid-19.\u00a0<\/p>\n","protected":false},"author":1,"featured_media":14134,"comment_status":"open","ping_status":"open","sticky":false,"template":"","format":"standard","meta":{"_jetpack_memberships_contains_paid_content":false,"footnotes":""},"categories":[375,3,8,1,6],"tags":[3141,2638,306],"class_list":["post-14132","post","type-post","status-publish","format-standard","has-post-thumbnail","hentry","category-actualites","category-politique","category-public-tv","category-non-classe","category-videos","tag-aissatou-diop-fall","tag-pa-assane-seck","tag-sonko","entry","has-media","owp-thumbs-layout-horizontal","owp-btn-normal","owp-tabs-layout-horizontal","has-no-thumbnails","has-product-nav"],"yoast_head":"<!-- This site is optimized with the Yoast SEO plugin v25.5 - https:\/\/yoast.com\/wordpress\/plugins\/seo\/ -->\n<title>Livre de Cheikh Y\u00e9rim Seck et M\u00e9ga meeting de Sonko : Pa Assane et ADF \u00e0 la loupe de l&#039;actu - LE PUBLIC<\/title>\n<meta name=\"robots\" content=\"index, follow, max-snippet:-1, max-image-preview:large, max-video-preview:-1\" \/>\n<link rel=\"canonical\" href=\"https:\/\/www.public.sn\/index.php\/2023\/01\/23\/livre-de-cheikh-yerim-seck-et-mega-meeting-de-sonko-pa-assane-et-adf-a-la-loupe-de-lactu\/\" \/>\n<meta property=\"og:locale\" content=\"fr_FR\" \/>\n<meta property=\"og:type\" content=\"article\" \/>\n<meta property=\"og:title\" content=\"Livre de Cheikh Y\u00e9rim Seck et M\u00e9ga meeting de Sonko : Pa Assane et ADF \u00e0 la loupe de l&#039;actu - LE PUBLIC\" \/>\n<meta property=\"og:description\" content=\"Comme tous les lundis et jeudis, le duo de choc est de retour. Pa Assane Seck et Aissatou Diop Fall reviennent sur les faits saillants\u00a0de l\u2019actualit\u00e9 s\u00e9n\u00e9galaise. Ce lundi, le vol 2 du du documentaire sur Cheikh Y\u00e9rim Seck, le m\u00e9ga meeting de Ousmane Sonko \u00e0 Keur Massar\u00a0 et l\u00a0\u00bbirrecevabilit\u00e9\u00a0\u00bb de la requ\u00eate port\u00e9e par Guy Marius Sagna et Aminata Tour\u00e9 au Conseil constitutionnel d&rsquo;inviter le Gouvernement venir \u00e0 l&rsquo;Assembl\u00e9e nationale pour s&rsquo;expliquer sur le Rapport de la Cour des comptes sur la gestion du Fonds Force Covid-19.\u00a0\" \/>\n<meta property=\"og:url\" content=\"https:\/\/www.public.sn\/index.php\/2023\/01\/23\/livre-de-cheikh-yerim-seck-et-mega-meeting-de-sonko-pa-assane-et-adf-a-la-loupe-de-lactu\/\" \/>\n<meta property=\"og:site_name\" content=\"LE PUBLIC\" \/>\n<meta property=\"article:published_time\" content=\"2023-01-23T14:56:03+00:00\" \/>\n<meta property=\"article:modified_time\" content=\"2023-01-23T14:56:50+00:00\" \/>\n<meta property=\"og:image\" content=\"https:\/\/www.public.sn\/wp-content\/uploads\/2023\/01\/WhatsApp-Image-2023-01-23-at-14.52.42.jpeg\" \/>\n\t<meta property=\"og:image:width\" content=\"1080\" \/>\n\t<meta property=\"og:image:height\" content=\"719\" \/>\n\t<meta property=\"og:image:type\" content=\"image\/jpeg\" \/>\n<meta name=\"author\" content=\"LA REDACTION\" \/>\n<meta name=\"twitter:card\" content=\"summary_large_image\" \/>\n<meta name=\"twitter:label1\" content=\"\u00c9crit par\" \/>\n\t<meta name=\"twitter:data1\" content=\"LA REDACTION\" \/>\n\t<meta name=\"twitter:label2\" content=\"Dur\u00e9e de lecture estim\u00e9e\" \/>\n\t<meta name=\"twitter:data2\" content=\"1 minute\" \/>\n<script type=\"application\/ld+json\" class=\"yoast-schema-graph\">{\"@context\":\"https:\/\/schema.org\",\"@graph\":[{\"@type\":\"Article\",\"@id\":\"https:\/\/www.public.sn\/index.php\/2023\/01\/23\/livre-de-cheikh-yerim-seck-et-mega-meeting-de-sonko-pa-assane-et-adf-a-la-loupe-de-lactu\/#article\",\"isPartOf\":{\"@id\":\"https:\/\/www.public.sn\/index.php\/2023\/01\/23\/livre-de-cheikh-yerim-seck-et-mega-meeting-de-sonko-pa-assane-et-adf-a-la-loupe-de-lactu\/\"},\"author\":{\"name\":\"LA REDACTION\",\"@id\":\"https:\/\/www.public.sn\/#\/schema\/person\/e3f4a11b037d4203902db148f9bc8d5a\"},\"headline\":\"Livre de Cheikh Y\u00e9rim Seck et M\u00e9ga meeting de Sonko : Pa Assane et ADF \u00e0 la loupe de l&rsquo;actu\",\"datePublished\":\"2023-01-23T14:56:03+00:00\",\"dateModified\":\"2023-01-23T14:56:50+00:00\",\"mainEntityOfPage\":{\"@id\":\"https:\/\/www.public.sn\/index.php\/2023\/01\/23\/livre-de-cheikh-yerim-seck-et-mega-meeting-de-sonko-pa-assane-et-adf-a-la-loupe-de-lactu\/\"},\"wordCount\":115,\"commentCount\":0,\"publisher\":{\"@id\":\"https:\/\/www.public.sn\/#organization\"},\"image\":{\"@id\":\"https:\/\/www.public.sn\/index.php\/2023\/01\/23\/livre-de-cheikh-yerim-seck-et-mega-meeting-de-sonko-pa-assane-et-adf-a-la-loupe-de-lactu\/#primaryimage\"},\"thumbnailUrl\":\"https:\/\/www.public.sn\/wp-content\/uploads\/2023\/01\/WhatsApp-Image-2023-01-23-at-14.52.42.jpeg\",\"keywords\":[\"Aissatou Diop Fall\",\"Pa Assane Seck\",\"sonko\"],\"articleSection\":[\"ACTUALIT\u00c9S\",\"POLITIQUE\",\"PUBLIC TV\",\"S\u00c9N\u00c9GAL\",\"VIDEOS\"],\"inLanguage\":\"fr-FR\",\"potentialAction\":[{\"@type\":\"CommentAction\",\"name\":\"Comment\",\"target\":[\"https:\/\/www.public.sn\/index.php\/2023\/01\/23\/livre-de-cheikh-yerim-seck-et-mega-meeting-de-sonko-pa-assane-et-adf-a-la-loupe-de-lactu\/#respond\"]}]},{\"@type\":\"WebPage\",\"@id\":\"https:\/\/www.public.sn\/index.php\/2023\/01\/23\/livre-de-cheikh-yerim-seck-et-mega-meeting-de-sonko-pa-assane-et-adf-a-la-loupe-de-lactu\/\",\"url\":\"https:\/\/www.public.sn\/index.php\/2023\/01\/23\/livre-de-cheikh-yerim-seck-et-mega-meeting-de-sonko-pa-assane-et-adf-a-la-loupe-de-lactu\/\",\"name\":\"Livre de Cheikh Y\u00e9rim Seck et M\u00e9ga meeting de Sonko : Pa Assane et ADF \u00e0 la loupe de l'actu - LE PUBLIC\",\"isPartOf\":{\"@id\":\"https:\/\/www.public.sn\/#website\"},\"primaryImageOfPage\":{\"@id\":\"https:\/\/www.public.sn\/index.php\/2023\/01\/23\/livre-de-cheikh-yerim-seck-et-mega-meeting-de-sonko-pa-assane-et-adf-a-la-loupe-de-lactu\/#primaryimage\"},\"image\":{\"@id\":\"https:\/\/www.public.sn\/index.php\/2023\/01\/23\/livre-de-cheikh-yerim-seck-et-mega-meeting-de-sonko-pa-assane-et-adf-a-la-loupe-de-lactu\/#primaryimage\"},\"thumbnailUrl\":\"https:\/\/www.public.sn\/wp-content\/uploads\/2023\/01\/WhatsApp-Image-2023-01-23-at-14.52.42.jpeg\",\"datePublished\":\"2023-01-23T14:56:03+00:00\",\"dateModified\":\"2023-01-23T14:56:50+00:00\",\"breadcrumb\":{\"@id\":\"https:\/\/www.public.sn\/index.php\/2023\/01\/23\/livre-de-cheikh-yerim-seck-et-mega-meeting-de-sonko-pa-assane-et-adf-a-la-loupe-de-lactu\/#breadcrumb\"},\"inLanguage\":\"fr-FR\",\"potentialAction\":[{\"@type\":\"ReadAction\",\"target\":[\"https:\/\/www.public.sn\/index.php\/2023\/01\/23\/livre-de-cheikh-yerim-seck-et-mega-meeting-de-sonko-pa-assane-et-adf-a-la-loupe-de-lactu\/\"]}]},{\"@type\":\"ImageObject\",\"inLanguage\":\"fr-FR\",\"@id\":\"https:\/\/www.public.sn\/index.php\/2023\/01\/23\/livre-de-cheikh-yerim-seck-et-mega-meeting-de-sonko-pa-assane-et-adf-a-la-loupe-de-lactu\/#primaryimage\",\"url\":\"https:\/\/www.public.sn\/wp-content\/uploads\/2023\/01\/WhatsApp-Image-2023-01-23-at-14.52.42.jpeg\",\"contentUrl\":\"https:\/\/www.public.sn\/wp-content\/uploads\/2023\/01\/WhatsApp-Image-2023-01-23-at-14.52.42.jpeg\",\"width\":1080,\"height\":719},{\"@type\":\"BreadcrumbList\",\"@id\":\"https:\/\/www.public.sn\/index.php\/2023\/01\/23\/livre-de-cheikh-yerim-seck-et-mega-meeting-de-sonko-pa-assane-et-adf-a-la-loupe-de-lactu\/#breadcrumb\",\"itemListElement\":[{\"@type\":\"ListItem\",\"position\":1,\"name\":\"Accueil\",\"item\":\"https:\/\/www.public.sn\/\"},{\"@type\":\"ListItem\",\"position\":2,\"name\":\"Livre de Cheikh Y\u00e9rim Seck et M\u00e9ga meeting de Sonko : Pa Assane et ADF \u00e0 la loupe de l&rsquo;actu\"}]},{\"@type\":\"WebSite\",\"@id\":\"https:\/\/www.public.sn\/#website\",\"url\":\"https:\/\/www.public.sn\/\",\"name\":\"LE PUBLIC\",\"description\":\"\",\"publisher\":{\"@id\":\"https:\/\/www.public.sn\/#organization\"},\"potentialAction\":[{\"@type\":\"SearchAction\",\"target\":{\"@type\":\"EntryPoint\",\"urlTemplate\":\"https:\/\/www.public.sn\/?s={search_term_string}\"},\"query-input\":{\"@type\":\"PropertyValueSpecification\",\"valueRequired\":true,\"valueName\":\"search_term_string\"}}],\"inLanguage\":\"fr-FR\"},{\"@type\":\"Organization\",\"@id\":\"https:\/\/www.public.sn\/#organization\",\"name\":\"LE PUBLIC\",\"url\":\"https:\/\/www.public.sn\/\",\"logo\":{\"@type\":\"ImageObject\",\"inLanguage\":\"fr-FR\",\"@id\":\"https:\/\/www.public.sn\/#\/schema\/logo\/image\/\",\"url\":\"https:\/\/www.public.sn\/wp-content\/uploads\/2024\/05\/cropped-LOGO-PUBLIC.SN_.png\",\"contentUrl\":\"https:\/\/www.public.sn\/wp-content\/uploads\/2024\/05\/cropped-LOGO-PUBLIC.SN_.png\",\"width\":682,\"height\":192,\"caption\":\"LE PUBLIC\"},\"image\":{\"@id\":\"https:\/\/www.public.sn\/#\/schema\/logo\/image\/\"}},{\"@type\":\"Person\",\"@id\":\"https:\/\/www.public.sn\/#\/schema\/person\/e3f4a11b037d4203902db148f9bc8d5a\",\"name\":\"LA REDACTION\",\"image\":{\"@type\":\"ImageObject\",\"inLanguage\":\"fr-FR\",\"@id\":\"https:\/\/www.public.sn\/#\/schema\/person\/image\/\",\"url\":\"https:\/\/secure.gravatar.com\/avatar\/d6c030db45db2883c075085c5d6c6258654a801a93766b49af0b82d4f454e2a5?s=96&d=mm&r=g\",\"contentUrl\":\"https:\/\/secure.gravatar.com\/avatar\/d6c030db45db2883c075085c5d6c6258654a801a93766b49af0b82d4f454e2a5?s=96&d=mm&r=g\",\"caption\":\"LA REDACTION\"},\"sameAs\":[\"http:\/\/www.public.sn\"],\"url\":\"https:\/\/www.public.sn\/index.php\/author\/admin7324\/\"}]}<\/script>\n<!-- \/ Yoast SEO plugin. -->","yoast_head_json":{"title":"Livre de Cheikh Y\u00e9rim Seck et M\u00e9ga meeting de Sonko : Pa Assane et ADF \u00e0 la loupe de l'actu - LE PUBLIC","robots":{"index":"index","follow":"follow","max-snippet":"max-snippet:-1","max-image-preview":"max-image-preview:large","max-video-preview":"max-video-preview:-1"},"canonical":"https:\/\/www.public.sn\/index.php\/2023\/01\/23\/livre-de-cheikh-yerim-seck-et-mega-meeting-de-sonko-pa-assane-et-adf-a-la-loupe-de-lactu\/","og_locale":"fr_FR","og_type":"article","og_title":"Livre de Cheikh Y\u00e9rim Seck et M\u00e9ga meeting de Sonko : Pa Assane et ADF \u00e0 la loupe de l'actu - LE PUBLIC","og_description":"Comme tous les lundis et jeudis, le duo de choc est de retour. Pa Assane Seck et Aissatou Diop Fall reviennent sur les faits saillants\u00a0de l\u2019actualit\u00e9 s\u00e9n\u00e9galaise. Ce lundi, le vol 2 du du documentaire sur Cheikh Y\u00e9rim Seck, le m\u00e9ga meeting de Ousmane Sonko \u00e0 Keur Massar\u00a0 et l\u00a0\u00bbirrecevabilit\u00e9\u00a0\u00bb de la requ\u00eate port\u00e9e par Guy Marius Sagna et Aminata Tour\u00e9 au Conseil constitutionnel d&rsquo;inviter le Gouvernement venir \u00e0 l&rsquo;Assembl\u00e9e nationale pour s&rsquo;expliquer sur le Rapport de la Cour des comptes sur la gestion du Fonds Force Covid-19.\u00a0","og_url":"https:\/\/www.public.sn\/index.php\/2023\/01\/23\/livre-de-cheikh-yerim-seck-et-mega-meeting-de-sonko-pa-assane-et-adf-a-la-loupe-de-lactu\/","og_site_name":"LE PUBLIC","article_published_time":"2023-01-23T14:56:03+00:00","article_modified_time":"2023-01-23T14:56:50+00:00","og_image":[{"width":1080,"height":719,"url":"https:\/\/www.public.sn\/wp-content\/uploads\/2023\/01\/WhatsApp-Image-2023-01-23-at-14.52.42.jpeg","type":"image\/jpeg"}],"author":"LA REDACTION","twitter_card":"summary_large_image","twitter_misc":{"\u00c9crit par":"LA REDACTION","Dur\u00e9e de lecture estim\u00e9e":"1 minute"},"schema":{"@context":"https:\/\/schema.org","@graph":[{"@type":"Article","@id":"https:\/\/www.public.sn\/index.php\/2023\/01\/23\/livre-de-cheikh-yerim-seck-et-mega-meeting-de-sonko-pa-assane-et-adf-a-la-loupe-de-lactu\/#article","isPartOf":{"@id":"https:\/\/www.public.sn\/index.php\/2023\/01\/23\/livre-de-cheikh-yerim-seck-et-mega-meeting-de-sonko-pa-assane-et-adf-a-la-loupe-de-lactu\/"},"author":{"name":"LA REDACTION","@id":"https:\/\/www.public.sn\/#\/schema\/person\/e3f4a11b037d4203902db148f9bc8d5a"},"headline":"Livre de Cheikh Y\u00e9rim Seck et M\u00e9ga meeting de Sonko : Pa Assane et ADF \u00e0 la loupe de l&rsquo;actu","datePublished":"2023-01-23T14:56:03+00:00","dateModified":"2023-01-23T14:56:50+00:00","mainEntityOfPage":{"@id":"https:\/\/www.public.sn\/index.php\/2023\/01\/23\/livre-de-cheikh-yerim-seck-et-mega-meeting-de-sonko-pa-assane-et-adf-a-la-loupe-de-lactu\/"},"wordCount":115,"commentCount":0,"publisher":{"@id":"https:\/\/www.public.sn\/#organization"},"image":{"@id":"https:\/\/www.public.sn\/index.php\/2023\/01\/23\/livre-de-cheikh-yerim-seck-et-mega-meeting-de-sonko-pa-assane-et-adf-a-la-loupe-de-lactu\/#primaryimage"},"thumbnailUrl":"https:\/\/www.public.sn\/wp-content\/uploads\/2023\/01\/WhatsApp-Image-2023-01-23-at-14.52.42.jpeg","keywords":["Aissatou Diop Fall","Pa Assane Seck","sonko"],"articleSection":["ACTUALIT\u00c9S","POLITIQUE","PUBLIC TV","S\u00c9N\u00c9GAL","VIDEOS"],"inLanguage":"fr-FR","potentialAction":[{"@type":"CommentAction","name":"Comment","target":["https:\/\/www.public.sn\/index.php\/2023\/01\/23\/livre-de-cheikh-yerim-seck-et-mega-meeting-de-sonko-pa-assane-et-adf-a-la-loupe-de-lactu\/#respond"]}]},{"@type":"WebPage","@id":"https:\/\/www.public.sn\/index.php\/2023\/01\/23\/livre-de-cheikh-yerim-seck-et-mega-meeting-de-sonko-pa-assane-et-adf-a-la-loupe-de-lactu\/","url":"https:\/\/www.public.sn\/index.php\/2023\/01\/23\/livre-de-cheikh-yerim-seck-et-mega-meeting-de-sonko-pa-assane-et-adf-a-la-loupe-de-lactu\/","name":"Livre de Cheikh Y\u00e9rim Seck et M\u00e9ga meeting de Sonko : Pa Assane et ADF \u00e0 la loupe de l'actu - LE PUBLIC","isPartOf":{"@id":"https:\/\/www.public.sn\/#website"},"primaryImageOfPage":{"@id":"https:\/\/www.public.sn\/index.php\/2023\/01\/23\/livre-de-cheikh-yerim-seck-et-mega-meeting-de-sonko-pa-assane-et-adf-a-la-loupe-de-lactu\/#primaryimage"},"image":{"@id":"https:\/\/www.public.sn\/index.php\/2023\/01\/23\/livre-de-cheikh-yerim-seck-et-mega-meeting-de-sonko-pa-assane-et-adf-a-la-loupe-de-lactu\/#primaryimage"},"thumbnailUrl":"https:\/\/www.public.sn\/wp-content\/uploads\/2023\/01\/WhatsApp-Image-2023-01-23-at-14.52.42.jpeg","datePublished":"2023-01-23T14:56:03+00:00","dateModified":"2023-01-23T14:56:50+00:00","breadcrumb":{"@id":"https:\/\/www.public.sn\/index.php\/2023\/01\/23\/livre-de-cheikh-yerim-seck-et-mega-meeting-de-sonko-pa-assane-et-adf-a-la-loupe-de-lactu\/#breadcrumb"},"inLanguage":"fr-FR","potentialAction":[{"@type":"ReadAction","target":["https:\/\/www.public.sn\/index.php\/2023\/01\/23\/livre-de-cheikh-yerim-seck-et-mega-meeting-de-sonko-pa-assane-et-adf-a-la-loupe-de-lactu\/"]}]},{"@type":"ImageObject","inLanguage":"fr-FR","@id":"https:\/\/www.public.sn\/index.php\/2023\/01\/23\/livre-de-cheikh-yerim-seck-et-mega-meeting-de-sonko-pa-assane-et-adf-a-la-loupe-de-lactu\/#primaryimage","url":"https:\/\/www.public.sn\/wp-content\/uploads\/2023\/01\/WhatsApp-Image-2023-01-23-at-14.52.42.jpeg","contentUrl":"https:\/\/www.public.sn\/wp-content\/uploads\/2023\/01\/WhatsApp-Image-2023-01-23-at-14.52.42.jpeg","width":1080,"height":719},{"@type":"BreadcrumbList","@id":"https:\/\/www.public.sn\/index.php\/2023\/01\/23\/livre-de-cheikh-yerim-seck-et-mega-meeting-de-sonko-pa-assane-et-adf-a-la-loupe-de-lactu\/#breadcrumb","itemListElement":[{"@type":"ListItem","position":1,"name":"Accueil","item":"https:\/\/www.public.sn\/"},{"@type":"ListItem","position":2,"name":"Livre de Cheikh Y\u00e9rim Seck et M\u00e9ga meeting de Sonko : Pa Assane et ADF \u00e0 la loupe de l&rsquo;actu"}]},{"@type":"WebSite","@id":"https:\/\/www.public.sn\/#website","url":"https:\/\/www.public.sn\/","name":"LE PUBLIC","description":"","publisher":{"@id":"https:\/\/www.public.sn\/#organization"},"potentialAction":[{"@type":"SearchAction","target":{"@type":"EntryPoint","urlTemplate":"https:\/\/www.public.sn\/?s={search_term_string}"},"query-input":{"@type":"PropertyValueSpecification","valueRequired":true,"valueName":"search_term_string"}}],"inLanguage":"fr-FR"},{"@type":"Organization","@id":"https:\/\/www.public.sn\/#organization","name":"LE PUBLIC","url":"https:\/\/www.public.sn\/","logo":{"@type":"ImageObject","inLanguage":"fr-FR","@id":"https:\/\/www.public.sn\/#\/schema\/logo\/image\/","url":"https:\/\/www.public.sn\/wp-content\/uploads\/2024\/05\/cropped-LOGO-PUBLIC.SN_.png","contentUrl":"https:\/\/www.public.sn\/wp-content\/uploads\/2024\/05\/cropped-LOGO-PUBLIC.SN_.png","width":682,"height":192,"caption":"LE PUBLIC"},"image":{"@id":"https:\/\/www.public.sn\/#\/schema\/logo\/image\/"}},{"@type":"Person","@id":"https:\/\/www.public.sn\/#\/schema\/person\/e3f4a11b037d4203902db148f9bc8d5a","name":"LA REDACTION","image":{"@type":"ImageObject","inLanguage":"fr-FR","@id":"https:\/\/www.public.sn\/#\/schema\/person\/image\/","url":"https:\/\/secure.gravatar.com\/avatar\/d6c030db45db2883c075085c5d6c6258654a801a93766b49af0b82d4f454e2a5?s=96&d=mm&r=g","contentUrl":"https:\/\/secure.gravatar.com\/avatar\/d6c030db45db2883c075085c5d6c6258654a801a93766b49af0b82d4f454e2a5?s=96&d=mm&r=g","caption":"LA REDACTION"},"sameAs":["http:\/\/www.public.sn"],"url":"https:\/\/www.public.sn\/index.php\/author\/admin7324\/"}]}},"jetpack_featured_media_url":"https:\/\/www.public.sn\/wp-content\/uploads\/2023\/01\/WhatsApp-Image-2023-01-23-at-14.52.42.jpeg","jetpack_sharing_enabled":true,"_links":{"self":[{"href":"https:\/\/www.public.sn\/index.php\/wp-json\/wp\/v2\/posts\/14132","targetHints":{"allow":["GET"]}}],"collection":[{"href":"https:\/\/www.public.sn\/index.php\/wp-json\/wp\/v2\/posts"}],"about":[{"href":"https:\/\/www.public.sn\/index.php\/wp-json\/wp\/v2\/types\/post"}],"author":[{"embeddable":true,"href":"https:\/\/www.public.sn\/index.php\/wp-json\/wp\/v2\/users\/1"}],"replies":[{"embeddable":true,"href":"https:\/\/www.public.sn\/index.php\/wp-json\/wp\/v2\/comments?post=14132"}],"version-history":[{"count":1,"href":"https:\/\/www.public.sn\/index.php\/wp-json\/wp\/v2\/posts\/14132\/revisions"}],"predecessor-version":[{"id":14133,"href":"https:\/\/www.public.sn\/index.php\/wp-json\/wp\/v2\/posts\/14132\/revisions\/14133"}],"wp:featuredmedia":[{"embeddable":true,"href":"https:\/\/www.public.sn\/index.php\/wp-json\/wp\/v2\/media\/14134"}],"wp:attachment":[{"href":"https:\/\/www.public.sn\/index.php\/wp-json\/wp\/v2\/media?parent=14132"}],"wp:term":[{"taxonomy":"category","embeddable":true,"href":"https:\/\/www.public.sn\/index.php\/wp-json\/wp\/v2\/categories?post=14132"},{"taxonomy":"post_tag","embeddable":true,"href":"https:\/\/www.public.sn\/index.php\/wp-json\/wp\/v2\/tags?post=14132"}],"curies":[{"name":"wp","href":"https:\/\/api.w.org\/{rel}","templated":true}]}}