{"id":14207,"date":"2023-01-24T13:16:17","date_gmt":"2023-01-24T13:16:17","guid":{"rendered":"https:\/\/www.public.sn\/?p=14207"},"modified":"2023-01-24T13:30:06","modified_gmt":"2023-01-24T13:30:06","slug":"livre-de-cheikh-yerim-seck-moustapha-diop-clos-integralement-le-debat","status":"publish","type":"post","link":"https:\/\/www.public.sn\/index.php\/2023\/01\/24\/livre-de-cheikh-yerim-seck-moustapha-diop-clos-integralement-le-debat\/","title":{"rendered":"Les dures v\u00e9rit\u00e9s de Moustapha Diop sur le Livre de Cheikh Yerim Seck (Vid\u00e9o)"},"content":{"rendered":"<p><b>Moustapha Diop \u00e9tait l&rsquo;invit\u00e9 de SA XALAAT ce lundi sur PUBLIC TV.\u00a0 Le journaliste, face \u00e0 Amina Adama Ciss\u00e9, a \u00e9t\u00e9 interpell\u00e9 sur plusieurs sujets d\u2019actualit\u00e9 notamment le m\u00e9ga meeting de Ousmane Sonko, la plainte de Adji Sarr contre lui et Cheikh Bara Ndiaye et le livre de Cheikh Y\u00e9rim Seck qu&rsquo;il a vertement critiqu\u00e9.\u00a0<\/b><\/p><div class=\"publi-paragraphe1\" style=\"margin-top: 10px;margin-bottom: 10px;margin-left: auto;margin-right: auto;text-align: center;\" id=\"publi-1984784452\"><div class=\"publi-adlabel\">Publicit\u00e9<\/div><script async src=\"\/\/pagead2.googlesyndication.com\/pagead\/js\/adsbygoogle.js?client=ca-pub-4089586018074219\" crossorigin=\"anonymous\"><\/script><ins class=\"adsbygoogle\" style=\"display:block;\" data-ad-client=\"ca-pub-4089586018074219\" \ndata-ad-slot=\"2087940154\" \ndata-ad-format=\"auto\"><\/ins>\n<script> \n(adsbygoogle = window.adsbygoogle || []).push({}); \n<\/script>\n<\/div>\n<p class=\"responsive-video-wrap clr\"><iframe title=\"SA XALAAT:  Le cours magistral de Moustapha Diop (Walfadjiri) aux hommes politiques\" width=\"1200\" height=\"675\" src=\"https:\/\/www.youtube.com\/embed\/lbmgAJn_GUw?start=17&#038;feature=oembed\" frameborder=\"0\" allow=\"accelerometer; autoplay; clipboard-write; encrypted-media; gyroscope; picture-in-picture; web-share\" allowfullscreen><\/iframe><\/p>\n<div class=\"publi-apres-le-contenu\" style=\"margin-top: 10px;margin-bottom: 10px;margin-left: auto;margin-right: auto;text-align: center;\" id=\"publi-1557965839\"><div class=\"publi-adlabel\">Publicit\u00e9<\/div><script async src=\"\/\/pagead2.googlesyndication.com\/pagead\/js\/adsbygoogle.js?client=ca-pub-4089586018074219\" crossorigin=\"anonymous\"><\/script><ins class=\"adsbygoogle\" style=\"display:block;\" data-ad-client=\"ca-pub-4089586018074219\" \ndata-ad-slot=\"2087940154\" \ndata-ad-format=\"auto\"><\/ins>\n<script> \n(adsbygoogle = window.adsbygoogle || []).push({}); \n<\/script>\n<\/div>","protected":false},"excerpt":{"rendered":"<p>Moustapha Diop \u00e9tait l&rsquo;invit\u00e9 de SA XALAAT ce lundi sur PUBLIC TV.\u00a0 Le journaliste, face \u00e0 Amina Adama Ciss\u00e9, a \u00e9t\u00e9 interpell\u00e9 sur plusieurs sujets d\u2019actualit\u00e9 notamment le m\u00e9ga meeting de Ousmane Sonko, la plainte de Adji Sarr contre lui et Cheikh Bara Ndiaye et le livre de Cheikh Y\u00e9rim Seck qu&rsquo;il a vertement critiqu\u00e9.\u00a0<\/p>\n","protected":false},"author":7,"featured_media":14208,"comment_status":"open","ping_status":"open","sticky":false,"template":"","format":"standard","meta":{"_jetpack_memberships_contains_paid_content":false,"footnotes":""},"categories":[375,3724,3,8,1,4],"tags":[1507,2848,16],"class_list":["post-14207","post","type-post","status-publish","format-standard","has-post-thumbnail","hentry","category-actualites","category-justice","category-politique","category-public-tv","category-non-classe","category-societe","tag-cheikh-yerim-seck","tag-moustapha-diop","tag-ousmane-sonko","entry","has-media","owp-thumbs-layout-horizontal","owp-btn-normal","owp-tabs-layout-horizontal","has-no-thumbnails","has-product-nav"],"yoast_head":"<!-- This site is optimized with the Yoast SEO plugin v25.5 - https:\/\/yoast.com\/wordpress\/plugins\/seo\/ -->\n<title>Les dures v\u00e9rit\u00e9s de Moustapha Diop sur le Livre de Cheikh Yerim Seck (Vid\u00e9o) - LE PUBLIC<\/title>\n<meta name=\"robots\" content=\"index, follow, max-snippet:-1, max-image-preview:large, max-video-preview:-1\" \/>\n<link rel=\"canonical\" href=\"https:\/\/www.public.sn\/index.php\/2023\/01\/24\/livre-de-cheikh-yerim-seck-moustapha-diop-clos-integralement-le-debat\/\" \/>\n<meta property=\"og:locale\" content=\"fr_FR\" \/>\n<meta property=\"og:type\" content=\"article\" \/>\n<meta property=\"og:title\" content=\"Les dures v\u00e9rit\u00e9s de Moustapha Diop sur le Livre de Cheikh Yerim Seck (Vid\u00e9o) - LE PUBLIC\" \/>\n<meta property=\"og:description\" content=\"Moustapha Diop \u00e9tait l&rsquo;invit\u00e9 de SA XALAAT ce lundi sur PUBLIC TV.\u00a0 Le journaliste, face \u00e0 Amina Adama Ciss\u00e9, a \u00e9t\u00e9 interpell\u00e9 sur plusieurs sujets d\u2019actualit\u00e9 notamment le m\u00e9ga meeting de Ousmane Sonko, la plainte de Adji Sarr contre lui et Cheikh Bara Ndiaye et le livre de Cheikh Y\u00e9rim Seck qu&rsquo;il a vertement critiqu\u00e9.\u00a0\" \/>\n<meta property=\"og:url\" content=\"https:\/\/www.public.sn\/index.php\/2023\/01\/24\/livre-de-cheikh-yerim-seck-moustapha-diop-clos-integralement-le-debat\/\" \/>\n<meta property=\"og:site_name\" content=\"LE PUBLIC\" \/>\n<meta property=\"article:published_time\" content=\"2023-01-24T13:16:17+00:00\" \/>\n<meta property=\"article:modified_time\" content=\"2023-01-24T13:30:06+00:00\" \/>\n<meta property=\"og:image\" content=\"https:\/\/www.public.sn\/wp-content\/uploads\/2023\/01\/WhatsApp-Image-2023-01-24-at-14.15.10.jpeg\" \/>\n\t<meta property=\"og:image:width\" content=\"1024\" \/>\n\t<meta property=\"og:image:height\" content=\"576\" \/>\n\t<meta property=\"og:image:type\" content=\"image\/jpeg\" \/>\n<meta name=\"author\" content=\"LA REDACTION\" \/>\n<meta name=\"twitter:card\" content=\"summary_large_image\" \/>\n<meta name=\"twitter:label1\" content=\"\u00c9crit par\" \/>\n\t<meta name=\"twitter:data1\" content=\"LA REDACTION\" \/>\n\t<meta name=\"twitter:label2\" content=\"Dur\u00e9e de lecture estim\u00e9e\" \/>\n\t<meta name=\"twitter:data2\" content=\"1 minute\" \/>\n<script type=\"application\/ld+json\" class=\"yoast-schema-graph\">{\"@context\":\"https:\/\/schema.org\",\"@graph\":[{\"@type\":\"Article\",\"@id\":\"https:\/\/www.public.sn\/index.php\/2023\/01\/24\/livre-de-cheikh-yerim-seck-moustapha-diop-clos-integralement-le-debat\/#article\",\"isPartOf\":{\"@id\":\"https:\/\/www.public.sn\/index.php\/2023\/01\/24\/livre-de-cheikh-yerim-seck-moustapha-diop-clos-integralement-le-debat\/\"},\"author\":{\"name\":\"LA REDACTION\",\"@id\":\"https:\/\/www.public.sn\/#\/schema\/person\/cb76c8e1b8becc6be61fb5e92d6d0224\"},\"headline\":\"Les dures v\u00e9rit\u00e9s de Moustapha Diop sur le Livre de Cheikh Yerim Seck (Vid\u00e9o)\",\"datePublished\":\"2023-01-24T13:16:17+00:00\",\"dateModified\":\"2023-01-24T13:30:06+00:00\",\"mainEntityOfPage\":{\"@id\":\"https:\/\/www.public.sn\/index.php\/2023\/01\/24\/livre-de-cheikh-yerim-seck-moustapha-diop-clos-integralement-le-debat\/\"},\"wordCount\":85,\"commentCount\":0,\"publisher\":{\"@id\":\"https:\/\/www.public.sn\/#organization\"},\"image\":{\"@id\":\"https:\/\/www.public.sn\/index.php\/2023\/01\/24\/livre-de-cheikh-yerim-seck-moustapha-diop-clos-integralement-le-debat\/#primaryimage\"},\"thumbnailUrl\":\"https:\/\/www.public.sn\/wp-content\/uploads\/2023\/01\/WhatsApp-Image-2023-01-24-at-14.15.10.jpeg\",\"keywords\":[\"Cheikh Yerim Seck\",\"moustapha diop\",\"Ousmane Sonko\"],\"articleSection\":[\"ACTUALIT\u00c9S\",\"justice\",\"POLITIQUE\",\"PUBLIC TV\",\"S\u00c9N\u00c9GAL\",\"SOCIETE\"],\"inLanguage\":\"fr-FR\",\"potentialAction\":[{\"@type\":\"CommentAction\",\"name\":\"Comment\",\"target\":[\"https:\/\/www.public.sn\/index.php\/2023\/01\/24\/livre-de-cheikh-yerim-seck-moustapha-diop-clos-integralement-le-debat\/#respond\"]}]},{\"@type\":\"WebPage\",\"@id\":\"https:\/\/www.public.sn\/index.php\/2023\/01\/24\/livre-de-cheikh-yerim-seck-moustapha-diop-clos-integralement-le-debat\/\",\"url\":\"https:\/\/www.public.sn\/index.php\/2023\/01\/24\/livre-de-cheikh-yerim-seck-moustapha-diop-clos-integralement-le-debat\/\",\"name\":\"Les dures v\u00e9rit\u00e9s de Moustapha Diop sur le Livre de Cheikh Yerim Seck (Vid\u00e9o) - LE PUBLIC\",\"isPartOf\":{\"@id\":\"https:\/\/www.public.sn\/#website\"},\"primaryImageOfPage\":{\"@id\":\"https:\/\/www.public.sn\/index.php\/2023\/01\/24\/livre-de-cheikh-yerim-seck-moustapha-diop-clos-integralement-le-debat\/#primaryimage\"},\"image\":{\"@id\":\"https:\/\/www.public.sn\/index.php\/2023\/01\/24\/livre-de-cheikh-yerim-seck-moustapha-diop-clos-integralement-le-debat\/#primaryimage\"},\"thumbnailUrl\":\"https:\/\/www.public.sn\/wp-content\/uploads\/2023\/01\/WhatsApp-Image-2023-01-24-at-14.15.10.jpeg\",\"datePublished\":\"2023-01-24T13:16:17+00:00\",\"dateModified\":\"2023-01-24T13:30:06+00:00\",\"breadcrumb\":{\"@id\":\"https:\/\/www.public.sn\/index.php\/2023\/01\/24\/livre-de-cheikh-yerim-seck-moustapha-diop-clos-integralement-le-debat\/#breadcrumb\"},\"inLanguage\":\"fr-FR\",\"potentialAction\":[{\"@type\":\"ReadAction\",\"target\":[\"https:\/\/www.public.sn\/index.php\/2023\/01\/24\/livre-de-cheikh-yerim-seck-moustapha-diop-clos-integralement-le-debat\/\"]}]},{\"@type\":\"ImageObject\",\"inLanguage\":\"fr-FR\",\"@id\":\"https:\/\/www.public.sn\/index.php\/2023\/01\/24\/livre-de-cheikh-yerim-seck-moustapha-diop-clos-integralement-le-debat\/#primaryimage\",\"url\":\"https:\/\/www.public.sn\/wp-content\/uploads\/2023\/01\/WhatsApp-Image-2023-01-24-at-14.15.10.jpeg\",\"contentUrl\":\"https:\/\/www.public.sn\/wp-content\/uploads\/2023\/01\/WhatsApp-Image-2023-01-24-at-14.15.10.jpeg\",\"width\":1024,\"height\":576},{\"@type\":\"BreadcrumbList\",\"@id\":\"https:\/\/www.public.sn\/index.php\/2023\/01\/24\/livre-de-cheikh-yerim-seck-moustapha-diop-clos-integralement-le-debat\/#breadcrumb\",\"itemListElement\":[{\"@type\":\"ListItem\",\"position\":1,\"name\":\"Accueil\",\"item\":\"https:\/\/www.public.sn\/\"},{\"@type\":\"ListItem\",\"position\":2,\"name\":\"Les dures v\u00e9rit\u00e9s de Moustapha Diop sur le Livre de Cheikh Yerim Seck (Vid\u00e9o)\"}]},{\"@type\":\"WebSite\",\"@id\":\"https:\/\/www.public.sn\/#website\",\"url\":\"https:\/\/www.public.sn\/\",\"name\":\"LE PUBLIC\",\"description\":\"\",\"publisher\":{\"@id\":\"https:\/\/www.public.sn\/#organization\"},\"potentialAction\":[{\"@type\":\"SearchAction\",\"target\":{\"@type\":\"EntryPoint\",\"urlTemplate\":\"https:\/\/www.public.sn\/?s={search_term_string}\"},\"query-input\":{\"@type\":\"PropertyValueSpecification\",\"valueRequired\":true,\"valueName\":\"search_term_string\"}}],\"inLanguage\":\"fr-FR\"},{\"@type\":\"Organization\",\"@id\":\"https:\/\/www.public.sn\/#organization\",\"name\":\"LE PUBLIC\",\"url\":\"https:\/\/www.public.sn\/\",\"logo\":{\"@type\":\"ImageObject\",\"inLanguage\":\"fr-FR\",\"@id\":\"https:\/\/www.public.sn\/#\/schema\/logo\/image\/\",\"url\":\"https:\/\/www.public.sn\/wp-content\/uploads\/2024\/05\/cropped-LOGO-PUBLIC.SN_.png\",\"contentUrl\":\"https:\/\/www.public.sn\/wp-content\/uploads\/2024\/05\/cropped-LOGO-PUBLIC.SN_.png\",\"width\":682,\"height\":192,\"caption\":\"LE PUBLIC\"},\"image\":{\"@id\":\"https:\/\/www.public.sn\/#\/schema\/logo\/image\/\"}},{\"@type\":\"Person\",\"@id\":\"https:\/\/www.public.sn\/#\/schema\/person\/cb76c8e1b8becc6be61fb5e92d6d0224\",\"name\":\"LA REDACTION\",\"image\":{\"@type\":\"ImageObject\",\"inLanguage\":\"fr-FR\",\"@id\":\"https:\/\/www.public.sn\/#\/schema\/person\/image\/\",\"url\":\"https:\/\/secure.gravatar.com\/avatar\/2dce5ddd34b8fef0180efe03aa2a9bee7d953856048f9a16b298190a3178407c?s=96&d=mm&r=g\",\"contentUrl\":\"https:\/\/secure.gravatar.com\/avatar\/2dce5ddd34b8fef0180efe03aa2a9bee7d953856048f9a16b298190a3178407c?s=96&d=mm&r=g\",\"caption\":\"LA REDACTION\"},\"url\":\"https:\/\/www.public.sn\/index.php\/author\/editeurpsn\/\"}]}<\/script>\n<!-- \/ Yoast SEO plugin. -->","yoast_head_json":{"title":"Les dures v\u00e9rit\u00e9s de Moustapha Diop sur le Livre de Cheikh Yerim Seck (Vid\u00e9o) - LE PUBLIC","robots":{"index":"index","follow":"follow","max-snippet":"max-snippet:-1","max-image-preview":"max-image-preview:large","max-video-preview":"max-video-preview:-1"},"canonical":"https:\/\/www.public.sn\/index.php\/2023\/01\/24\/livre-de-cheikh-yerim-seck-moustapha-diop-clos-integralement-le-debat\/","og_locale":"fr_FR","og_type":"article","og_title":"Les dures v\u00e9rit\u00e9s de Moustapha Diop sur le Livre de Cheikh Yerim Seck (Vid\u00e9o) - LE PUBLIC","og_description":"Moustapha Diop \u00e9tait l&rsquo;invit\u00e9 de SA XALAAT ce lundi sur PUBLIC TV.\u00a0 Le journaliste, face \u00e0 Amina Adama Ciss\u00e9, a \u00e9t\u00e9 interpell\u00e9 sur plusieurs sujets d\u2019actualit\u00e9 notamment le m\u00e9ga meeting de Ousmane Sonko, la plainte de Adji Sarr contre lui et Cheikh Bara Ndiaye et le livre de Cheikh Y\u00e9rim Seck qu&rsquo;il a vertement critiqu\u00e9.\u00a0","og_url":"https:\/\/www.public.sn\/index.php\/2023\/01\/24\/livre-de-cheikh-yerim-seck-moustapha-diop-clos-integralement-le-debat\/","og_site_name":"LE PUBLIC","article_published_time":"2023-01-24T13:16:17+00:00","article_modified_time":"2023-01-24T13:30:06+00:00","og_image":[{"width":1024,"height":576,"url":"https:\/\/www.public.sn\/wp-content\/uploads\/2023\/01\/WhatsApp-Image-2023-01-24-at-14.15.10.jpeg","type":"image\/jpeg"}],"author":"LA REDACTION","twitter_card":"summary_large_image","twitter_misc":{"\u00c9crit par":"LA REDACTION","Dur\u00e9e de lecture estim\u00e9e":"1 minute"},"schema":{"@context":"https:\/\/schema.org","@graph":[{"@type":"Article","@id":"https:\/\/www.public.sn\/index.php\/2023\/01\/24\/livre-de-cheikh-yerim-seck-moustapha-diop-clos-integralement-le-debat\/#article","isPartOf":{"@id":"https:\/\/www.public.sn\/index.php\/2023\/01\/24\/livre-de-cheikh-yerim-seck-moustapha-diop-clos-integralement-le-debat\/"},"author":{"name":"LA REDACTION","@id":"https:\/\/www.public.sn\/#\/schema\/person\/cb76c8e1b8becc6be61fb5e92d6d0224"},"headline":"Les dures v\u00e9rit\u00e9s de Moustapha Diop sur le Livre de Cheikh Yerim Seck (Vid\u00e9o)","datePublished":"2023-01-24T13:16:17+00:00","dateModified":"2023-01-24T13:30:06+00:00","mainEntityOfPage":{"@id":"https:\/\/www.public.sn\/index.php\/2023\/01\/24\/livre-de-cheikh-yerim-seck-moustapha-diop-clos-integralement-le-debat\/"},"wordCount":85,"commentCount":0,"publisher":{"@id":"https:\/\/www.public.sn\/#organization"},"image":{"@id":"https:\/\/www.public.sn\/index.php\/2023\/01\/24\/livre-de-cheikh-yerim-seck-moustapha-diop-clos-integralement-le-debat\/#primaryimage"},"thumbnailUrl":"https:\/\/www.public.sn\/wp-content\/uploads\/2023\/01\/WhatsApp-Image-2023-01-24-at-14.15.10.jpeg","keywords":["Cheikh Yerim Seck","moustapha diop","Ousmane Sonko"],"articleSection":["ACTUALIT\u00c9S","justice","POLITIQUE","PUBLIC TV","S\u00c9N\u00c9GAL","SOCIETE"],"inLanguage":"fr-FR","potentialAction":[{"@type":"CommentAction","name":"Comment","target":["https:\/\/www.public.sn\/index.php\/2023\/01\/24\/livre-de-cheikh-yerim-seck-moustapha-diop-clos-integralement-le-debat\/#respond"]}]},{"@type":"WebPage","@id":"https:\/\/www.public.sn\/index.php\/2023\/01\/24\/livre-de-cheikh-yerim-seck-moustapha-diop-clos-integralement-le-debat\/","url":"https:\/\/www.public.sn\/index.php\/2023\/01\/24\/livre-de-cheikh-yerim-seck-moustapha-diop-clos-integralement-le-debat\/","name":"Les dures v\u00e9rit\u00e9s de Moustapha Diop sur le Livre de Cheikh Yerim Seck (Vid\u00e9o) - LE PUBLIC","isPartOf":{"@id":"https:\/\/www.public.sn\/#website"},"primaryImageOfPage":{"@id":"https:\/\/www.public.sn\/index.php\/2023\/01\/24\/livre-de-cheikh-yerim-seck-moustapha-diop-clos-integralement-le-debat\/#primaryimage"},"image":{"@id":"https:\/\/www.public.sn\/index.php\/2023\/01\/24\/livre-de-cheikh-yerim-seck-moustapha-diop-clos-integralement-le-debat\/#primaryimage"},"thumbnailUrl":"https:\/\/www.public.sn\/wp-content\/uploads\/2023\/01\/WhatsApp-Image-2023-01-24-at-14.15.10.jpeg","datePublished":"2023-01-24T13:16:17+00:00","dateModified":"2023-01-24T13:30:06+00:00","breadcrumb":{"@id":"https:\/\/www.public.sn\/index.php\/2023\/01\/24\/livre-de-cheikh-yerim-seck-moustapha-diop-clos-integralement-le-debat\/#breadcrumb"},"inLanguage":"fr-FR","potentialAction":[{"@type":"ReadAction","target":["https:\/\/www.public.sn\/index.php\/2023\/01\/24\/livre-de-cheikh-yerim-seck-moustapha-diop-clos-integralement-le-debat\/"]}]},{"@type":"ImageObject","inLanguage":"fr-FR","@id":"https:\/\/www.public.sn\/index.php\/2023\/01\/24\/livre-de-cheikh-yerim-seck-moustapha-diop-clos-integralement-le-debat\/#primaryimage","url":"https:\/\/www.public.sn\/wp-content\/uploads\/2023\/01\/WhatsApp-Image-2023-01-24-at-14.15.10.jpeg","contentUrl":"https:\/\/www.public.sn\/wp-content\/uploads\/2023\/01\/WhatsApp-Image-2023-01-24-at-14.15.10.jpeg","width":1024,"height":576},{"@type":"BreadcrumbList","@id":"https:\/\/www.public.sn\/index.php\/2023\/01\/24\/livre-de-cheikh-yerim-seck-moustapha-diop-clos-integralement-le-debat\/#breadcrumb","itemListElement":[{"@type":"ListItem","position":1,"name":"Accueil","item":"https:\/\/www.public.sn\/"},{"@type":"ListItem","position":2,"name":"Les dures v\u00e9rit\u00e9s de Moustapha Diop sur le Livre de Cheikh Yerim Seck (Vid\u00e9o)"}]},{"@type":"WebSite","@id":"https:\/\/www.public.sn\/#website","url":"https:\/\/www.public.sn\/","name":"LE PUBLIC","description":"","publisher":{"@id":"https:\/\/www.public.sn\/#organization"},"potentialAction":[{"@type":"SearchAction","target":{"@type":"EntryPoint","urlTemplate":"https:\/\/www.public.sn\/?s={search_term_string}"},"query-input":{"@type":"PropertyValueSpecification","valueRequired":true,"valueName":"search_term_string"}}],"inLanguage":"fr-FR"},{"@type":"Organization","@id":"https:\/\/www.public.sn\/#organization","name":"LE PUBLIC","url":"https:\/\/www.public.sn\/","logo":{"@type":"ImageObject","inLanguage":"fr-FR","@id":"https:\/\/www.public.sn\/#\/schema\/logo\/image\/","url":"https:\/\/www.public.sn\/wp-content\/uploads\/2024\/05\/cropped-LOGO-PUBLIC.SN_.png","contentUrl":"https:\/\/www.public.sn\/wp-content\/uploads\/2024\/05\/cropped-LOGO-PUBLIC.SN_.png","width":682,"height":192,"caption":"LE PUBLIC"},"image":{"@id":"https:\/\/www.public.sn\/#\/schema\/logo\/image\/"}},{"@type":"Person","@id":"https:\/\/www.public.sn\/#\/schema\/person\/cb76c8e1b8becc6be61fb5e92d6d0224","name":"LA REDACTION","image":{"@type":"ImageObject","inLanguage":"fr-FR","@id":"https:\/\/www.public.sn\/#\/schema\/person\/image\/","url":"https:\/\/secure.gravatar.com\/avatar\/2dce5ddd34b8fef0180efe03aa2a9bee7d953856048f9a16b298190a3178407c?s=96&d=mm&r=g","contentUrl":"https:\/\/secure.gravatar.com\/avatar\/2dce5ddd34b8fef0180efe03aa2a9bee7d953856048f9a16b298190a3178407c?s=96&d=mm&r=g","caption":"LA REDACTION"},"url":"https:\/\/www.public.sn\/index.php\/author\/editeurpsn\/"}]}},"jetpack_featured_media_url":"https:\/\/www.public.sn\/wp-content\/uploads\/2023\/01\/WhatsApp-Image-2023-01-24-at-14.15.10.jpeg","jetpack_sharing_enabled":true,"_links":{"self":[{"href":"https:\/\/www.public.sn\/index.php\/wp-json\/wp\/v2\/posts\/14207","targetHints":{"allow":["GET"]}}],"collection":[{"href":"https:\/\/www.public.sn\/index.php\/wp-json\/wp\/v2\/posts"}],"about":[{"href":"https:\/\/www.public.sn\/index.php\/wp-json\/wp\/v2\/types\/post"}],"author":[{"embeddable":true,"href":"https:\/\/www.public.sn\/index.php\/wp-json\/wp\/v2\/users\/7"}],"replies":[{"embeddable":true,"href":"https:\/\/www.public.sn\/index.php\/wp-json\/wp\/v2\/comments?post=14207"}],"version-history":[{"count":4,"href":"https:\/\/www.public.sn\/index.php\/wp-json\/wp\/v2\/posts\/14207\/revisions"}],"predecessor-version":[{"id":14213,"href":"https:\/\/www.public.sn\/index.php\/wp-json\/wp\/v2\/posts\/14207\/revisions\/14213"}],"wp:featuredmedia":[{"embeddable":true,"href":"https:\/\/www.public.sn\/index.php\/wp-json\/wp\/v2\/media\/14208"}],"wp:attachment":[{"href":"https:\/\/www.public.sn\/index.php\/wp-json\/wp\/v2\/media?parent=14207"}],"wp:term":[{"taxonomy":"category","embeddable":true,"href":"https:\/\/www.public.sn\/index.php\/wp-json\/wp\/v2\/categories?post=14207"},{"taxonomy":"post_tag","embeddable":true,"href":"https:\/\/www.public.sn\/index.php\/wp-json\/wp\/v2\/tags?post=14207"}],"curies":[{"name":"wp","href":"https:\/\/api.w.org\/{rel}","templated":true}]}}