{"id":14237,"date":"2023-01-24T20:01:53","date_gmt":"2023-01-24T20:01:53","guid":{"rendered":"https:\/\/www.public.sn\/?p=14237"},"modified":"2023-01-24T20:06:32","modified_gmt":"2023-01-24T20:06:32","slug":"assemblee-nationale-dechue-la-triste-reaction-de-mimi-toure-audio","status":"publish","type":"post","link":"https:\/\/www.public.sn\/index.php\/2023\/01\/24\/assemblee-nationale-dechue-la-triste-reaction-de-mimi-toure-audio\/","title":{"rendered":"Assembl\u00e9e nationale : D\u00e9chue, la triste r\u00e9action de Mimi Tour\u00e9 (Audio)"},"content":{"rendered":"<p><strong>Tout r\u00e9cemment Public.SN annon\u00e7ait que Aminata Tour\u00e9 est d\u00e9chue de son poste de d\u00e9put\u00e9e \u00e0 l\u2019Assembl\u00e9e Nationale. Sur la RFM, la d\u00e9sormais ex d\u00e9put\u00e9e a r\u00e9agi en exclusivit\u00e9 fustigeant ainsi les pratiques peu orthodoxes du gouvernement . Selon Mimi Tour\u00e9 comme l&rsquo;appellent certains, \u00ab\u00a0cette violation de la loi ne va rien changer de ma d\u00e9termination.\u00a0\u00bb<\/strong><\/p><div class=\"publi-paragraphe1\" style=\"margin-top: 10px;margin-bottom: 10px;margin-left: auto;margin-right: auto;text-align: center;\" id=\"publi-1071045253\"><div class=\"publi-adlabel\">Publicit\u00e9<\/div><script async src=\"\/\/pagead2.googlesyndication.com\/pagead\/js\/adsbygoogle.js?client=ca-pub-4089586018074219\" crossorigin=\"anonymous\"><\/script><ins class=\"adsbygoogle\" style=\"display:block;\" data-ad-client=\"ca-pub-4089586018074219\" \ndata-ad-slot=\"2087940154\" \ndata-ad-format=\"auto\"><\/ins>\n<script> \n(adsbygoogle = window.adsbygoogle || []).push({}); \n<\/script>\n<\/div>\n<p>C&rsquo;est pour cette raison qu\u2019elle annonce poursuivre son combat contre le troisi\u00e8me mandat qui selon elle, serait la pomme de discorde entre elle et le Pr\u00e9sident Macky Sall.<\/p>\n<p><iframe title=\"D\u00e9chue de son poste, la premi\u00e8re r\u00e9action de Mimi Toure : \" src=\"https:\/\/www.youtube.com\/embed\/p3j_bL05Vog\" width=\"785\" height=\"439\" frameborder=\"0\" allowfullscreen=\"allowfullscreen\"><\/iframe><\/p>\n<blockquote><p>Je viens d\u2019apprendre mon exlusion de l\u2019Assembl\u00e9e nationale par le Pr\u00e9sident Macky Sall en totale violation de la loi. Je reste plus que jamais d\u00e9termin\u00e9e \u00e0 poursuivre mon combat pour l\u2019enracinement de la D\u00e9mocratie s\u00e9n\u00e9galaise et contre sa tentative de troisi\u00e8me mandat moralement et juridiquement inacceptable. r\u00e9agit sur Twitter Aminata Tour\u00e9<\/p><\/blockquote>\n<div class=\"publi-apres-le-contenu\" style=\"margin-top: 10px;margin-bottom: 10px;margin-left: auto;margin-right: auto;text-align: center;\" id=\"publi-2660230113\"><div class=\"publi-adlabel\">Publicit\u00e9<\/div><script async src=\"\/\/pagead2.googlesyndication.com\/pagead\/js\/adsbygoogle.js?client=ca-pub-4089586018074219\" crossorigin=\"anonymous\"><\/script><ins class=\"adsbygoogle\" style=\"display:block;\" data-ad-client=\"ca-pub-4089586018074219\" \ndata-ad-slot=\"2087940154\" \ndata-ad-format=\"auto\"><\/ins>\n<script> \n(adsbygoogle = window.adsbygoogle || []).push({}); \n<\/script>\n<\/div>","protected":false},"excerpt":{"rendered":"<p>Tout r\u00e9cemment Public.SN annon\u00e7ait que Aminata Tour\u00e9 est d\u00e9chue de son poste de d\u00e9put\u00e9e \u00e0 l\u2019Assembl\u00e9e Nationale. Sur la RFM, la d\u00e9sormais ex d\u00e9put\u00e9e a r\u00e9agi en exclusivit\u00e9 fustigeant ainsi les pratiques peu orthodoxes du gouvernement . Selon Mimi Tour\u00e9 comme l&rsquo;appellent certains, \u00ab\u00a0cette violation de la loi ne va rien changer de ma d\u00e9termination.\u00a0\u00bb C&rsquo;est pour cette raison qu\u2019elle annonce poursuivre son combat contre le troisi\u00e8me mandat qui selon elle, serait la pomme de discorde entre elle et le Pr\u00e9sident Macky Sall. Je viens d\u2019apprendre mon exlusion de l\u2019Assembl\u00e9e nationale par le Pr\u00e9sident Macky Sall en totale violation de la loi. Je reste plus que jamais d\u00e9termin\u00e9e \u00e0 poursuivre mon combat pour l\u2019enracinement de la D\u00e9mocratie s\u00e9n\u00e9galaise et contre sa tentative de troisi\u00e8me mandat moralement et juridiquement inacceptable. r\u00e9agit sur Twitter Aminata Tour\u00e9<\/p>\n","protected":false},"author":1,"featured_media":2872,"comment_status":"open","ping_status":"open","sticky":false,"template":"","format":"standard","meta":{"_jetpack_memberships_contains_paid_content":false,"footnotes":""},"categories":[375,3,1,372,6],"tags":[480,12],"class_list":["post-14237","post","type-post","status-publish","format-standard","has-post-thumbnail","hentry","category-actualites","category-politique","category-non-classe","category-vedette","category-videos","tag-aminata-toure","tag-assemblee-nationale","entry","has-media","owp-thumbs-layout-horizontal","owp-btn-normal","owp-tabs-layout-horizontal","has-no-thumbnails","has-product-nav"],"yoast_head":"<!-- This site is optimized with the Yoast SEO plugin v25.5 - https:\/\/yoast.com\/wordpress\/plugins\/seo\/ -->\n<title>Assembl\u00e9e nationale : D\u00e9chue, la triste r\u00e9action de Mimi Tour\u00e9 (Audio) - LE PUBLIC<\/title>\n<meta name=\"robots\" content=\"index, follow, max-snippet:-1, max-image-preview:large, max-video-preview:-1\" \/>\n<link rel=\"canonical\" href=\"https:\/\/www.public.sn\/index.php\/2023\/01\/24\/assemblee-nationale-dechue-la-triste-reaction-de-mimi-toure-audio\/\" \/>\n<meta property=\"og:locale\" content=\"fr_FR\" \/>\n<meta property=\"og:type\" content=\"article\" \/>\n<meta property=\"og:title\" content=\"Assembl\u00e9e nationale : D\u00e9chue, la triste r\u00e9action de Mimi Tour\u00e9 (Audio) - LE PUBLIC\" \/>\n<meta property=\"og:description\" content=\"Tout r\u00e9cemment Public.SN annon\u00e7ait que Aminata Tour\u00e9 est d\u00e9chue de son poste de d\u00e9put\u00e9e \u00e0 l\u2019Assembl\u00e9e Nationale. Sur la RFM, la d\u00e9sormais ex d\u00e9put\u00e9e a r\u00e9agi en exclusivit\u00e9 fustigeant ainsi les pratiques peu orthodoxes du gouvernement . Selon Mimi Tour\u00e9 comme l&rsquo;appellent certains, \u00ab\u00a0cette violation de la loi ne va rien changer de ma d\u00e9termination.\u00a0\u00bb C&rsquo;est pour cette raison qu\u2019elle annonce poursuivre son combat contre le troisi\u00e8me mandat qui selon elle, serait la pomme de discorde entre elle et le Pr\u00e9sident Macky Sall. Je viens d\u2019apprendre mon exlusion de l\u2019Assembl\u00e9e nationale par le Pr\u00e9sident Macky Sall en totale violation de la loi. Je reste plus que jamais d\u00e9termin\u00e9e \u00e0 poursuivre mon combat pour l\u2019enracinement de la D\u00e9mocratie s\u00e9n\u00e9galaise et contre sa tentative de troisi\u00e8me mandat moralement et juridiquement inacceptable. r\u00e9agit sur Twitter Aminata Tour\u00e9\" \/>\n<meta property=\"og:url\" content=\"https:\/\/www.public.sn\/index.php\/2023\/01\/24\/assemblee-nationale-dechue-la-triste-reaction-de-mimi-toure-audio\/\" \/>\n<meta property=\"og:site_name\" content=\"LE PUBLIC\" \/>\n<meta property=\"article:published_time\" content=\"2023-01-24T20:01:53+00:00\" \/>\n<meta property=\"article:modified_time\" content=\"2023-01-24T20:06:32+00:00\" \/>\n<meta property=\"og:image\" content=\"https:\/\/www.public.sn\/wp-content\/uploads\/2022\/09\/Aminata-Toure-.jpg\" \/>\n\t<meta property=\"og:image:width\" content=\"598\" \/>\n\t<meta property=\"og:image:height\" content=\"328\" \/>\n\t<meta property=\"og:image:type\" content=\"image\/jpeg\" \/>\n<meta name=\"author\" content=\"LA REDACTION\" \/>\n<meta name=\"twitter:card\" content=\"summary_large_image\" \/>\n<meta name=\"twitter:label1\" content=\"\u00c9crit par\" \/>\n\t<meta name=\"twitter:data1\" content=\"LA REDACTION\" \/>\n\t<meta name=\"twitter:label2\" content=\"Dur\u00e9e de lecture estim\u00e9e\" \/>\n\t<meta name=\"twitter:data2\" content=\"1 minute\" \/>\n<script type=\"application\/ld+json\" class=\"yoast-schema-graph\">{\"@context\":\"https:\/\/schema.org\",\"@graph\":[{\"@type\":\"Article\",\"@id\":\"https:\/\/www.public.sn\/index.php\/2023\/01\/24\/assemblee-nationale-dechue-la-triste-reaction-de-mimi-toure-audio\/#article\",\"isPartOf\":{\"@id\":\"https:\/\/www.public.sn\/index.php\/2023\/01\/24\/assemblee-nationale-dechue-la-triste-reaction-de-mimi-toure-audio\/\"},\"author\":{\"name\":\"LA REDACTION\",\"@id\":\"https:\/\/www.public.sn\/#\/schema\/person\/e3f4a11b037d4203902db148f9bc8d5a\"},\"headline\":\"Assembl\u00e9e nationale : D\u00e9chue, la triste r\u00e9action de Mimi Tour\u00e9 (Audio)\",\"datePublished\":\"2023-01-24T20:01:53+00:00\",\"dateModified\":\"2023-01-24T20:06:32+00:00\",\"mainEntityOfPage\":{\"@id\":\"https:\/\/www.public.sn\/index.php\/2023\/01\/24\/assemblee-nationale-dechue-la-triste-reaction-de-mimi-toure-audio\/\"},\"wordCount\":172,\"commentCount\":0,\"publisher\":{\"@id\":\"https:\/\/www.public.sn\/#organization\"},\"image\":{\"@id\":\"https:\/\/www.public.sn\/index.php\/2023\/01\/24\/assemblee-nationale-dechue-la-triste-reaction-de-mimi-toure-audio\/#primaryimage\"},\"thumbnailUrl\":\"https:\/\/www.public.sn\/wp-content\/uploads\/2022\/09\/Aminata-Toure-.jpg\",\"keywords\":[\"Aminata Tour\u00e9\",\"Assembl\u00e9e Nationale\"],\"articleSection\":[\"ACTUALIT\u00c9S\",\"POLITIQUE\",\"S\u00c9N\u00c9GAL\",\"VEDETTE\",\"VIDEOS\"],\"inLanguage\":\"fr-FR\",\"potentialAction\":[{\"@type\":\"CommentAction\",\"name\":\"Comment\",\"target\":[\"https:\/\/www.public.sn\/index.php\/2023\/01\/24\/assemblee-nationale-dechue-la-triste-reaction-de-mimi-toure-audio\/#respond\"]}]},{\"@type\":\"WebPage\",\"@id\":\"https:\/\/www.public.sn\/index.php\/2023\/01\/24\/assemblee-nationale-dechue-la-triste-reaction-de-mimi-toure-audio\/\",\"url\":\"https:\/\/www.public.sn\/index.php\/2023\/01\/24\/assemblee-nationale-dechue-la-triste-reaction-de-mimi-toure-audio\/\",\"name\":\"Assembl\u00e9e nationale : D\u00e9chue, la triste r\u00e9action de Mimi Tour\u00e9 (Audio) - LE PUBLIC\",\"isPartOf\":{\"@id\":\"https:\/\/www.public.sn\/#website\"},\"primaryImageOfPage\":{\"@id\":\"https:\/\/www.public.sn\/index.php\/2023\/01\/24\/assemblee-nationale-dechue-la-triste-reaction-de-mimi-toure-audio\/#primaryimage\"},\"image\":{\"@id\":\"https:\/\/www.public.sn\/index.php\/2023\/01\/24\/assemblee-nationale-dechue-la-triste-reaction-de-mimi-toure-audio\/#primaryimage\"},\"thumbnailUrl\":\"https:\/\/www.public.sn\/wp-content\/uploads\/2022\/09\/Aminata-Toure-.jpg\",\"datePublished\":\"2023-01-24T20:01:53+00:00\",\"dateModified\":\"2023-01-24T20:06:32+00:00\",\"breadcrumb\":{\"@id\":\"https:\/\/www.public.sn\/index.php\/2023\/01\/24\/assemblee-nationale-dechue-la-triste-reaction-de-mimi-toure-audio\/#breadcrumb\"},\"inLanguage\":\"fr-FR\",\"potentialAction\":[{\"@type\":\"ReadAction\",\"target\":[\"https:\/\/www.public.sn\/index.php\/2023\/01\/24\/assemblee-nationale-dechue-la-triste-reaction-de-mimi-toure-audio\/\"]}]},{\"@type\":\"ImageObject\",\"inLanguage\":\"fr-FR\",\"@id\":\"https:\/\/www.public.sn\/index.php\/2023\/01\/24\/assemblee-nationale-dechue-la-triste-reaction-de-mimi-toure-audio\/#primaryimage\",\"url\":\"https:\/\/www.public.sn\/wp-content\/uploads\/2022\/09\/Aminata-Toure-.jpg\",\"contentUrl\":\"https:\/\/www.public.sn\/wp-content\/uploads\/2022\/09\/Aminata-Toure-.jpg\",\"width\":598,\"height\":328},{\"@type\":\"BreadcrumbList\",\"@id\":\"https:\/\/www.public.sn\/index.php\/2023\/01\/24\/assemblee-nationale-dechue-la-triste-reaction-de-mimi-toure-audio\/#breadcrumb\",\"itemListElement\":[{\"@type\":\"ListItem\",\"position\":1,\"name\":\"Accueil\",\"item\":\"https:\/\/www.public.sn\/\"},{\"@type\":\"ListItem\",\"position\":2,\"name\":\"Assembl\u00e9e nationale : D\u00e9chue, la triste r\u00e9action de Mimi Tour\u00e9 (Audio)\"}]},{\"@type\":\"WebSite\",\"@id\":\"https:\/\/www.public.sn\/#website\",\"url\":\"https:\/\/www.public.sn\/\",\"name\":\"LE PUBLIC\",\"description\":\"\",\"publisher\":{\"@id\":\"https:\/\/www.public.sn\/#organization\"},\"potentialAction\":[{\"@type\":\"SearchAction\",\"target\":{\"@type\":\"EntryPoint\",\"urlTemplate\":\"https:\/\/www.public.sn\/?s={search_term_string}\"},\"query-input\":{\"@type\":\"PropertyValueSpecification\",\"valueRequired\":true,\"valueName\":\"search_term_string\"}}],\"inLanguage\":\"fr-FR\"},{\"@type\":\"Organization\",\"@id\":\"https:\/\/www.public.sn\/#organization\",\"name\":\"LE PUBLIC\",\"url\":\"https:\/\/www.public.sn\/\",\"logo\":{\"@type\":\"ImageObject\",\"inLanguage\":\"fr-FR\",\"@id\":\"https:\/\/www.public.sn\/#\/schema\/logo\/image\/\",\"url\":\"https:\/\/www.public.sn\/wp-content\/uploads\/2024\/05\/cropped-LOGO-PUBLIC.SN_.png\",\"contentUrl\":\"https:\/\/www.public.sn\/wp-content\/uploads\/2024\/05\/cropped-LOGO-PUBLIC.SN_.png\",\"width\":682,\"height\":192,\"caption\":\"LE PUBLIC\"},\"image\":{\"@id\":\"https:\/\/www.public.sn\/#\/schema\/logo\/image\/\"}},{\"@type\":\"Person\",\"@id\":\"https:\/\/www.public.sn\/#\/schema\/person\/e3f4a11b037d4203902db148f9bc8d5a\",\"name\":\"LA REDACTION\",\"image\":{\"@type\":\"ImageObject\",\"inLanguage\":\"fr-FR\",\"@id\":\"https:\/\/www.public.sn\/#\/schema\/person\/image\/\",\"url\":\"https:\/\/secure.gravatar.com\/avatar\/d6c030db45db2883c075085c5d6c6258654a801a93766b49af0b82d4f454e2a5?s=96&d=mm&r=g\",\"contentUrl\":\"https:\/\/secure.gravatar.com\/avatar\/d6c030db45db2883c075085c5d6c6258654a801a93766b49af0b82d4f454e2a5?s=96&d=mm&r=g\",\"caption\":\"LA REDACTION\"},\"sameAs\":[\"http:\/\/www.public.sn\"],\"url\":\"https:\/\/www.public.sn\/index.php\/author\/admin7324\/\"}]}<\/script>\n<!-- \/ Yoast SEO plugin. -->","yoast_head_json":{"title":"Assembl\u00e9e nationale : D\u00e9chue, la triste r\u00e9action de Mimi Tour\u00e9 (Audio) - LE PUBLIC","robots":{"index":"index","follow":"follow","max-snippet":"max-snippet:-1","max-image-preview":"max-image-preview:large","max-video-preview":"max-video-preview:-1"},"canonical":"https:\/\/www.public.sn\/index.php\/2023\/01\/24\/assemblee-nationale-dechue-la-triste-reaction-de-mimi-toure-audio\/","og_locale":"fr_FR","og_type":"article","og_title":"Assembl\u00e9e nationale : D\u00e9chue, la triste r\u00e9action de Mimi Tour\u00e9 (Audio) - LE PUBLIC","og_description":"Tout r\u00e9cemment Public.SN annon\u00e7ait que Aminata Tour\u00e9 est d\u00e9chue de son poste de d\u00e9put\u00e9e \u00e0 l\u2019Assembl\u00e9e Nationale. Sur la RFM, la d\u00e9sormais ex d\u00e9put\u00e9e a r\u00e9agi en exclusivit\u00e9 fustigeant ainsi les pratiques peu orthodoxes du gouvernement . Selon Mimi Tour\u00e9 comme l&rsquo;appellent certains, \u00ab\u00a0cette violation de la loi ne va rien changer de ma d\u00e9termination.\u00a0\u00bb C&rsquo;est pour cette raison qu\u2019elle annonce poursuivre son combat contre le troisi\u00e8me mandat qui selon elle, serait la pomme de discorde entre elle et le Pr\u00e9sident Macky Sall. Je viens d\u2019apprendre mon exlusion de l\u2019Assembl\u00e9e nationale par le Pr\u00e9sident Macky Sall en totale violation de la loi. Je reste plus que jamais d\u00e9termin\u00e9e \u00e0 poursuivre mon combat pour l\u2019enracinement de la D\u00e9mocratie s\u00e9n\u00e9galaise et contre sa tentative de troisi\u00e8me mandat moralement et juridiquement inacceptable. r\u00e9agit sur Twitter Aminata Tour\u00e9","og_url":"https:\/\/www.public.sn\/index.php\/2023\/01\/24\/assemblee-nationale-dechue-la-triste-reaction-de-mimi-toure-audio\/","og_site_name":"LE PUBLIC","article_published_time":"2023-01-24T20:01:53+00:00","article_modified_time":"2023-01-24T20:06:32+00:00","og_image":[{"width":598,"height":328,"url":"https:\/\/www.public.sn\/wp-content\/uploads\/2022\/09\/Aminata-Toure-.jpg","type":"image\/jpeg"}],"author":"LA REDACTION","twitter_card":"summary_large_image","twitter_misc":{"\u00c9crit par":"LA REDACTION","Dur\u00e9e de lecture estim\u00e9e":"1 minute"},"schema":{"@context":"https:\/\/schema.org","@graph":[{"@type":"Article","@id":"https:\/\/www.public.sn\/index.php\/2023\/01\/24\/assemblee-nationale-dechue-la-triste-reaction-de-mimi-toure-audio\/#article","isPartOf":{"@id":"https:\/\/www.public.sn\/index.php\/2023\/01\/24\/assemblee-nationale-dechue-la-triste-reaction-de-mimi-toure-audio\/"},"author":{"name":"LA REDACTION","@id":"https:\/\/www.public.sn\/#\/schema\/person\/e3f4a11b037d4203902db148f9bc8d5a"},"headline":"Assembl\u00e9e nationale : D\u00e9chue, la triste r\u00e9action de Mimi Tour\u00e9 (Audio)","datePublished":"2023-01-24T20:01:53+00:00","dateModified":"2023-01-24T20:06:32+00:00","mainEntityOfPage":{"@id":"https:\/\/www.public.sn\/index.php\/2023\/01\/24\/assemblee-nationale-dechue-la-triste-reaction-de-mimi-toure-audio\/"},"wordCount":172,"commentCount":0,"publisher":{"@id":"https:\/\/www.public.sn\/#organization"},"image":{"@id":"https:\/\/www.public.sn\/index.php\/2023\/01\/24\/assemblee-nationale-dechue-la-triste-reaction-de-mimi-toure-audio\/#primaryimage"},"thumbnailUrl":"https:\/\/www.public.sn\/wp-content\/uploads\/2022\/09\/Aminata-Toure-.jpg","keywords":["Aminata Tour\u00e9","Assembl\u00e9e Nationale"],"articleSection":["ACTUALIT\u00c9S","POLITIQUE","S\u00c9N\u00c9GAL","VEDETTE","VIDEOS"],"inLanguage":"fr-FR","potentialAction":[{"@type":"CommentAction","name":"Comment","target":["https:\/\/www.public.sn\/index.php\/2023\/01\/24\/assemblee-nationale-dechue-la-triste-reaction-de-mimi-toure-audio\/#respond"]}]},{"@type":"WebPage","@id":"https:\/\/www.public.sn\/index.php\/2023\/01\/24\/assemblee-nationale-dechue-la-triste-reaction-de-mimi-toure-audio\/","url":"https:\/\/www.public.sn\/index.php\/2023\/01\/24\/assemblee-nationale-dechue-la-triste-reaction-de-mimi-toure-audio\/","name":"Assembl\u00e9e nationale : D\u00e9chue, la triste r\u00e9action de Mimi Tour\u00e9 (Audio) - LE PUBLIC","isPartOf":{"@id":"https:\/\/www.public.sn\/#website"},"primaryImageOfPage":{"@id":"https:\/\/www.public.sn\/index.php\/2023\/01\/24\/assemblee-nationale-dechue-la-triste-reaction-de-mimi-toure-audio\/#primaryimage"},"image":{"@id":"https:\/\/www.public.sn\/index.php\/2023\/01\/24\/assemblee-nationale-dechue-la-triste-reaction-de-mimi-toure-audio\/#primaryimage"},"thumbnailUrl":"https:\/\/www.public.sn\/wp-content\/uploads\/2022\/09\/Aminata-Toure-.jpg","datePublished":"2023-01-24T20:01:53+00:00","dateModified":"2023-01-24T20:06:32+00:00","breadcrumb":{"@id":"https:\/\/www.public.sn\/index.php\/2023\/01\/24\/assemblee-nationale-dechue-la-triste-reaction-de-mimi-toure-audio\/#breadcrumb"},"inLanguage":"fr-FR","potentialAction":[{"@type":"ReadAction","target":["https:\/\/www.public.sn\/index.php\/2023\/01\/24\/assemblee-nationale-dechue-la-triste-reaction-de-mimi-toure-audio\/"]}]},{"@type":"ImageObject","inLanguage":"fr-FR","@id":"https:\/\/www.public.sn\/index.php\/2023\/01\/24\/assemblee-nationale-dechue-la-triste-reaction-de-mimi-toure-audio\/#primaryimage","url":"https:\/\/www.public.sn\/wp-content\/uploads\/2022\/09\/Aminata-Toure-.jpg","contentUrl":"https:\/\/www.public.sn\/wp-content\/uploads\/2022\/09\/Aminata-Toure-.jpg","width":598,"height":328},{"@type":"BreadcrumbList","@id":"https:\/\/www.public.sn\/index.php\/2023\/01\/24\/assemblee-nationale-dechue-la-triste-reaction-de-mimi-toure-audio\/#breadcrumb","itemListElement":[{"@type":"ListItem","position":1,"name":"Accueil","item":"https:\/\/www.public.sn\/"},{"@type":"ListItem","position":2,"name":"Assembl\u00e9e nationale : D\u00e9chue, la triste r\u00e9action de Mimi Tour\u00e9 (Audio)"}]},{"@type":"WebSite","@id":"https:\/\/www.public.sn\/#website","url":"https:\/\/www.public.sn\/","name":"LE PUBLIC","description":"","publisher":{"@id":"https:\/\/www.public.sn\/#organization"},"potentialAction":[{"@type":"SearchAction","target":{"@type":"EntryPoint","urlTemplate":"https:\/\/www.public.sn\/?s={search_term_string}"},"query-input":{"@type":"PropertyValueSpecification","valueRequired":true,"valueName":"search_term_string"}}],"inLanguage":"fr-FR"},{"@type":"Organization","@id":"https:\/\/www.public.sn\/#organization","name":"LE PUBLIC","url":"https:\/\/www.public.sn\/","logo":{"@type":"ImageObject","inLanguage":"fr-FR","@id":"https:\/\/www.public.sn\/#\/schema\/logo\/image\/","url":"https:\/\/www.public.sn\/wp-content\/uploads\/2024\/05\/cropped-LOGO-PUBLIC.SN_.png","contentUrl":"https:\/\/www.public.sn\/wp-content\/uploads\/2024\/05\/cropped-LOGO-PUBLIC.SN_.png","width":682,"height":192,"caption":"LE PUBLIC"},"image":{"@id":"https:\/\/www.public.sn\/#\/schema\/logo\/image\/"}},{"@type":"Person","@id":"https:\/\/www.public.sn\/#\/schema\/person\/e3f4a11b037d4203902db148f9bc8d5a","name":"LA REDACTION","image":{"@type":"ImageObject","inLanguage":"fr-FR","@id":"https:\/\/www.public.sn\/#\/schema\/person\/image\/","url":"https:\/\/secure.gravatar.com\/avatar\/d6c030db45db2883c075085c5d6c6258654a801a93766b49af0b82d4f454e2a5?s=96&d=mm&r=g","contentUrl":"https:\/\/secure.gravatar.com\/avatar\/d6c030db45db2883c075085c5d6c6258654a801a93766b49af0b82d4f454e2a5?s=96&d=mm&r=g","caption":"LA REDACTION"},"sameAs":["http:\/\/www.public.sn"],"url":"https:\/\/www.public.sn\/index.php\/author\/admin7324\/"}]}},"jetpack_featured_media_url":"https:\/\/www.public.sn\/wp-content\/uploads\/2022\/09\/Aminata-Toure-.jpg","jetpack_sharing_enabled":true,"_links":{"self":[{"href":"https:\/\/www.public.sn\/index.php\/wp-json\/wp\/v2\/posts\/14237","targetHints":{"allow":["GET"]}}],"collection":[{"href":"https:\/\/www.public.sn\/index.php\/wp-json\/wp\/v2\/posts"}],"about":[{"href":"https:\/\/www.public.sn\/index.php\/wp-json\/wp\/v2\/types\/post"}],"author":[{"embeddable":true,"href":"https:\/\/www.public.sn\/index.php\/wp-json\/wp\/v2\/users\/1"}],"replies":[{"embeddable":true,"href":"https:\/\/www.public.sn\/index.php\/wp-json\/wp\/v2\/comments?post=14237"}],"version-history":[{"count":3,"href":"https:\/\/www.public.sn\/index.php\/wp-json\/wp\/v2\/posts\/14237\/revisions"}],"predecessor-version":[{"id":14240,"href":"https:\/\/www.public.sn\/index.php\/wp-json\/wp\/v2\/posts\/14237\/revisions\/14240"}],"wp:featuredmedia":[{"embeddable":true,"href":"https:\/\/www.public.sn\/index.php\/wp-json\/wp\/v2\/media\/2872"}],"wp:attachment":[{"href":"https:\/\/www.public.sn\/index.php\/wp-json\/wp\/v2\/media?parent=14237"}],"wp:term":[{"taxonomy":"category","embeddable":true,"href":"https:\/\/www.public.sn\/index.php\/wp-json\/wp\/v2\/categories?post=14237"},{"taxonomy":"post_tag","embeddable":true,"href":"https:\/\/www.public.sn\/index.php\/wp-json\/wp\/v2\/tags?post=14237"}],"curies":[{"name":"wp","href":"https:\/\/api.w.org\/{rel}","templated":true}]}}