{"id":14291,"date":"2023-01-25T09:25:47","date_gmt":"2023-01-25T09:25:47","guid":{"rendered":"https:\/\/www.public.sn\/?p=14291"},"modified":"2023-01-25T09:15:13","modified_gmt":"2023-01-25T09:15:13","slug":"afp-les-progressistes-de-la-diaspora-entrent-en-rebellion","status":"publish","type":"post","link":"https:\/\/www.public.sn\/index.php\/2023\/01\/25\/afp-les-progressistes-de-la-diaspora-entrent-en-rebellion\/","title":{"rendered":"AFP : les progressistes de la Diaspora entrent en r\u00e9bellion"},"content":{"rendered":"<p><strong>Apr\u00e8s les responsables progressistes de Mbour, de Kaolack\u2026 qui montent au cr\u00e9neau c&rsquo;est au tour de l\u2019alliance des Forces de progr\u00e8s de la Diaspora de d\u00e9plorer le fonctionnement chaotique du parti. Ainsi, selon eux, les maux sont \u00e9normes :\u00a0 la l\u00e9thargie profonde dans laquelle se trouve aujourd\u2019hui le parti, li\u00e9e essentiellement au non-renouvellement prolong\u00e9 des instances du parti depuis plus d\u2019une d\u00e9cennie, l\u2019absence de coordination entre la Direction du parti et les structures de bases et le non-respect des textes qui r\u00e9gissent le fonctionnement et l\u2019organisation du parti.<\/strong><\/p><div class=\"publi-paragraphe1\" style=\"margin-top: 10px;margin-bottom: 10px;margin-left: auto;margin-right: auto;text-align: center;\" id=\"publi-4034451191\"><div class=\"publi-adlabel\">Publicit\u00e9<\/div><script async src=\"\/\/pagead2.googlesyndication.com\/pagead\/js\/adsbygoogle.js?client=ca-pub-4089586018074219\" crossorigin=\"anonymous\"><\/script><ins class=\"adsbygoogle\" style=\"display:block;\" data-ad-client=\"ca-pub-4089586018074219\" \ndata-ad-slot=\"2087940154\" \ndata-ad-format=\"auto\"><\/ins>\n<script> \n(adsbygoogle = window.adsbygoogle || []).push({}); \n<\/script>\n<\/div>\n<p>Cette situation, selon les progressistes de la diaspora, a eu pour cons\u00e9quence : le recul du parti dans la repr\u00e9sentation des populations dans les instances locales et d\u00e9partementales de mani\u00e8re accrue et constante depuis les \u00e9lections de 2012, d\u2019une part et d\u2019autre part, le recul continu de la pr\u00e9sence de l\u2019Afp dans les Institutions tant au niveau du pouvoir ex\u00e9cutif que l\u00e9gislatif (Assembl\u00e9e Nationale) provoquant une d\u00e9mobilisation prolong\u00e9e des militants \u00e0 la base.<\/p>\n<p>Cela r\u00e9sulte de la rencontre entre les militants de l\u2019Alliance des Forces du Progr\u00e8s (Afp) de toutes les sections Europe, Afrique, Am\u00e9rique et en Asie du sud et du nord. Ils se sont rencontr\u00e9s pour r\u00e9fl\u00e9chir sur la situation nationale et les perspectives politiques et organisationnelles du parti.<\/p>\n<div class=\"publi-apres-le-contenu\" style=\"margin-top: 10px;margin-bottom: 10px;margin-left: auto;margin-right: auto;text-align: center;\" id=\"publi-4037585704\"><div class=\"publi-adlabel\">Publicit\u00e9<\/div><script async src=\"\/\/pagead2.googlesyndication.com\/pagead\/js\/adsbygoogle.js?client=ca-pub-4089586018074219\" crossorigin=\"anonymous\"><\/script><ins class=\"adsbygoogle\" style=\"display:block;\" data-ad-client=\"ca-pub-4089586018074219\" \ndata-ad-slot=\"2087940154\" \ndata-ad-format=\"auto\"><\/ins>\n<script> \n(adsbygoogle = window.adsbygoogle || []).push({}); \n<\/script>\n<\/div>","protected":false},"excerpt":{"rendered":"<p>Apr\u00e8s les responsables progressistes de Mbour, de Kaolack\u2026 qui montent au cr\u00e9neau c&rsquo;est au tour de l\u2019alliance des Forces de progr\u00e8s de la Diaspora de d\u00e9plorer le fonctionnement chaotique du parti. Ainsi, selon eux, les maux sont \u00e9normes :\u00a0 la l\u00e9thargie profonde dans laquelle se trouve aujourd\u2019hui le parti, li\u00e9e essentiellement au non-renouvellement prolong\u00e9 des instances du parti depuis plus d\u2019une d\u00e9cennie, l\u2019absence de coordination entre la Direction du parti et les structures de bases et le non-respect des textes qui r\u00e9gissent le fonctionnement et l\u2019organisation du parti. Cette situation, selon les progressistes de la diaspora, a eu pour cons\u00e9quence : le recul du parti dans la repr\u00e9sentation des populations dans les instances locales et d\u00e9partementales de mani\u00e8re accrue et constante depuis les \u00e9lections de 2012, d\u2019une part et d\u2019autre part, le recul continu de la pr\u00e9sence de l\u2019Afp dans les Institutions tant au niveau du pouvoir ex\u00e9cutif que l\u00e9gislatif (Assembl\u00e9e Nationale) provoquant une d\u00e9mobilisation prolong\u00e9e des militants \u00e0 la base. Cela r\u00e9sulte de la rencontre entre les militants de l\u2019Alliance des Forces du Progr\u00e8s (Afp) de toutes les sections Europe, Afrique, Am\u00e9rique et en Asie du sud et du nord. Ils se sont rencontr\u00e9s pour r\u00e9fl\u00e9chir sur la situation nationale et les perspectives politiques et organisationnelles du parti.<\/p>\n","protected":false},"author":1,"featured_media":12249,"comment_status":"open","ping_status":"open","sticky":false,"template":"","format":"standard","meta":{"_jetpack_memberships_contains_paid_content":false,"footnotes":""},"categories":[375,3,1],"tags":[4091,4181],"class_list":["post-14291","post","type-post","status-publish","format-standard","has-post-thumbnail","hentry","category-actualites","category-politique","category-non-classe","tag-afp","tag-moustapha-niass","entry","has-media","owp-thumbs-layout-horizontal","owp-btn-normal","owp-tabs-layout-horizontal","has-no-thumbnails","has-product-nav"],"yoast_head":"<!-- This site is optimized with the Yoast SEO plugin v25.5 - https:\/\/yoast.com\/wordpress\/plugins\/seo\/ -->\n<title>AFP : les progressistes de la Diaspora entrent en r\u00e9bellion - LE PUBLIC<\/title>\n<meta name=\"description\" content=\"Apr\u00e8s les responsables progressistes de Mbour, de Kaolack\u2026 qui montent au cr\u00e9neau c&#039;est au tour de l\u2019alliance des Forces de progr\u00e8s de la Diaspora de d\u00e9plorer le fonctionnement chaotique du parti. Ainsi, selon eux, les maux sont \u00e9normes :\u00a0 la l\u00e9thargie profonde dans laquelle se trouve aujourd\u2019hui le parti, li\u00e9e essentiellement au non-renouvellement prolong\u00e9 des instances du parti depuis plus d\u2019une d\u00e9cennie, l\u2019absence de coordination entre la Direction du parti et les structures de bases et le non-respect des textes qui r\u00e9gissent le fonctionnement et l\u2019organisation du parti.\" \/>\n<meta name=\"robots\" content=\"index, follow, max-snippet:-1, max-image-preview:large, max-video-preview:-1\" \/>\n<link rel=\"canonical\" href=\"https:\/\/www.public.sn\/index.php\/2023\/01\/25\/afp-les-progressistes-de-la-diaspora-entrent-en-rebellion\/\" \/>\n<meta property=\"og:locale\" content=\"fr_FR\" \/>\n<meta property=\"og:type\" content=\"article\" \/>\n<meta property=\"og:title\" content=\"AFP : les progressistes de la Diaspora entrent en r\u00e9bellion - LE PUBLIC\" \/>\n<meta property=\"og:description\" content=\"Apr\u00e8s les responsables progressistes de Mbour, de Kaolack\u2026 qui montent au cr\u00e9neau c&#039;est au tour de l\u2019alliance des Forces de progr\u00e8s de la Diaspora de d\u00e9plorer le fonctionnement chaotique du parti. Ainsi, selon eux, les maux sont \u00e9normes :\u00a0 la l\u00e9thargie profonde dans laquelle se trouve aujourd\u2019hui le parti, li\u00e9e essentiellement au non-renouvellement prolong\u00e9 des instances du parti depuis plus d\u2019une d\u00e9cennie, l\u2019absence de coordination entre la Direction du parti et les structures de bases et le non-respect des textes qui r\u00e9gissent le fonctionnement et l\u2019organisation du parti.\" \/>\n<meta property=\"og:url\" content=\"https:\/\/www.public.sn\/index.php\/2023\/01\/25\/afp-les-progressistes-de-la-diaspora-entrent-en-rebellion\/\" \/>\n<meta property=\"og:site_name\" content=\"LE PUBLIC\" \/>\n<meta property=\"article:published_time\" content=\"2023-01-25T09:25:47+00:00\" \/>\n<meta property=\"og:image\" content=\"https:\/\/www.public.sn\/wp-content\/uploads\/2022\/12\/niasse.jpg\" \/>\n\t<meta property=\"og:image:width\" content=\"600\" \/>\n\t<meta property=\"og:image:height\" content=\"300\" \/>\n\t<meta property=\"og:image:type\" content=\"image\/jpeg\" \/>\n<meta name=\"author\" content=\"LA REDACTION\" \/>\n<meta name=\"twitter:card\" content=\"summary_large_image\" \/>\n<meta name=\"twitter:label1\" content=\"\u00c9crit par\" \/>\n\t<meta name=\"twitter:data1\" content=\"LA REDACTION\" \/>\n\t<meta name=\"twitter:label2\" content=\"Dur\u00e9e de lecture estim\u00e9e\" \/>\n\t<meta name=\"twitter:data2\" content=\"2 minutes\" \/>\n<script type=\"application\/ld+json\" class=\"yoast-schema-graph\">{\"@context\":\"https:\/\/schema.org\",\"@graph\":[{\"@type\":\"Article\",\"@id\":\"https:\/\/www.public.sn\/index.php\/2023\/01\/25\/afp-les-progressistes-de-la-diaspora-entrent-en-rebellion\/#article\",\"isPartOf\":{\"@id\":\"https:\/\/www.public.sn\/index.php\/2023\/01\/25\/afp-les-progressistes-de-la-diaspora-entrent-en-rebellion\/\"},\"author\":{\"name\":\"LA REDACTION\",\"@id\":\"https:\/\/www.public.sn\/#\/schema\/person\/e3f4a11b037d4203902db148f9bc8d5a\"},\"headline\":\"AFP : les progressistes de la Diaspora entrent en r\u00e9bellion\",\"datePublished\":\"2023-01-25T09:25:47+00:00\",\"mainEntityOfPage\":{\"@id\":\"https:\/\/www.public.sn\/index.php\/2023\/01\/25\/afp-les-progressistes-de-la-diaspora-entrent-en-rebellion\/\"},\"wordCount\":248,\"commentCount\":0,\"publisher\":{\"@id\":\"https:\/\/www.public.sn\/#organization\"},\"image\":{\"@id\":\"https:\/\/www.public.sn\/index.php\/2023\/01\/25\/afp-les-progressistes-de-la-diaspora-entrent-en-rebellion\/#primaryimage\"},\"thumbnailUrl\":\"https:\/\/www.public.sn\/wp-content\/uploads\/2022\/12\/niasse.jpg\",\"keywords\":[\"AFP\",\"Moustapha Niass\"],\"articleSection\":[\"ACTUALIT\u00c9S\",\"POLITIQUE\",\"S\u00c9N\u00c9GAL\"],\"inLanguage\":\"fr-FR\",\"potentialAction\":[{\"@type\":\"CommentAction\",\"name\":\"Comment\",\"target\":[\"https:\/\/www.public.sn\/index.php\/2023\/01\/25\/afp-les-progressistes-de-la-diaspora-entrent-en-rebellion\/#respond\"]}]},{\"@type\":\"WebPage\",\"@id\":\"https:\/\/www.public.sn\/index.php\/2023\/01\/25\/afp-les-progressistes-de-la-diaspora-entrent-en-rebellion\/\",\"url\":\"https:\/\/www.public.sn\/index.php\/2023\/01\/25\/afp-les-progressistes-de-la-diaspora-entrent-en-rebellion\/\",\"name\":\"AFP : les progressistes de la Diaspora entrent en r\u00e9bellion - LE PUBLIC\",\"isPartOf\":{\"@id\":\"https:\/\/www.public.sn\/#website\"},\"primaryImageOfPage\":{\"@id\":\"https:\/\/www.public.sn\/index.php\/2023\/01\/25\/afp-les-progressistes-de-la-diaspora-entrent-en-rebellion\/#primaryimage\"},\"image\":{\"@id\":\"https:\/\/www.public.sn\/index.php\/2023\/01\/25\/afp-les-progressistes-de-la-diaspora-entrent-en-rebellion\/#primaryimage\"},\"thumbnailUrl\":\"https:\/\/www.public.sn\/wp-content\/uploads\/2022\/12\/niasse.jpg\",\"datePublished\":\"2023-01-25T09:25:47+00:00\",\"description\":\"Apr\u00e8s les responsables progressistes de Mbour, de Kaolack\u2026 qui montent au cr\u00e9neau c'est au tour de l\u2019alliance des Forces de progr\u00e8s de la Diaspora de d\u00e9plorer le fonctionnement chaotique du parti. Ainsi, selon eux, les maux sont \u00e9normes :\u00a0 la l\u00e9thargie profonde dans laquelle se trouve aujourd\u2019hui le parti, li\u00e9e essentiellement au non-renouvellement prolong\u00e9 des instances du parti depuis plus d\u2019une d\u00e9cennie, l\u2019absence de coordination entre la Direction du parti et les structures de bases et le non-respect des textes qui r\u00e9gissent le fonctionnement et l\u2019organisation du parti.\",\"breadcrumb\":{\"@id\":\"https:\/\/www.public.sn\/index.php\/2023\/01\/25\/afp-les-progressistes-de-la-diaspora-entrent-en-rebellion\/#breadcrumb\"},\"inLanguage\":\"fr-FR\",\"potentialAction\":[{\"@type\":\"ReadAction\",\"target\":[\"https:\/\/www.public.sn\/index.php\/2023\/01\/25\/afp-les-progressistes-de-la-diaspora-entrent-en-rebellion\/\"]}]},{\"@type\":\"ImageObject\",\"inLanguage\":\"fr-FR\",\"@id\":\"https:\/\/www.public.sn\/index.php\/2023\/01\/25\/afp-les-progressistes-de-la-diaspora-entrent-en-rebellion\/#primaryimage\",\"url\":\"https:\/\/www.public.sn\/wp-content\/uploads\/2022\/12\/niasse.jpg\",\"contentUrl\":\"https:\/\/www.public.sn\/wp-content\/uploads\/2022\/12\/niasse.jpg\",\"width\":600,\"height\":300},{\"@type\":\"BreadcrumbList\",\"@id\":\"https:\/\/www.public.sn\/index.php\/2023\/01\/25\/afp-les-progressistes-de-la-diaspora-entrent-en-rebellion\/#breadcrumb\",\"itemListElement\":[{\"@type\":\"ListItem\",\"position\":1,\"name\":\"Accueil\",\"item\":\"https:\/\/www.public.sn\/\"},{\"@type\":\"ListItem\",\"position\":2,\"name\":\"AFP : les progressistes de la Diaspora entrent en r\u00e9bellion\"}]},{\"@type\":\"WebSite\",\"@id\":\"https:\/\/www.public.sn\/#website\",\"url\":\"https:\/\/www.public.sn\/\",\"name\":\"LE PUBLIC\",\"description\":\"\",\"publisher\":{\"@id\":\"https:\/\/www.public.sn\/#organization\"},\"potentialAction\":[{\"@type\":\"SearchAction\",\"target\":{\"@type\":\"EntryPoint\",\"urlTemplate\":\"https:\/\/www.public.sn\/?s={search_term_string}\"},\"query-input\":{\"@type\":\"PropertyValueSpecification\",\"valueRequired\":true,\"valueName\":\"search_term_string\"}}],\"inLanguage\":\"fr-FR\"},{\"@type\":\"Organization\",\"@id\":\"https:\/\/www.public.sn\/#organization\",\"name\":\"LE PUBLIC\",\"url\":\"https:\/\/www.public.sn\/\",\"logo\":{\"@type\":\"ImageObject\",\"inLanguage\":\"fr-FR\",\"@id\":\"https:\/\/www.public.sn\/#\/schema\/logo\/image\/\",\"url\":\"https:\/\/www.public.sn\/wp-content\/uploads\/2024\/05\/cropped-LOGO-PUBLIC.SN_.png\",\"contentUrl\":\"https:\/\/www.public.sn\/wp-content\/uploads\/2024\/05\/cropped-LOGO-PUBLIC.SN_.png\",\"width\":682,\"height\":192,\"caption\":\"LE PUBLIC\"},\"image\":{\"@id\":\"https:\/\/www.public.sn\/#\/schema\/logo\/image\/\"}},{\"@type\":\"Person\",\"@id\":\"https:\/\/www.public.sn\/#\/schema\/person\/e3f4a11b037d4203902db148f9bc8d5a\",\"name\":\"LA REDACTION\",\"image\":{\"@type\":\"ImageObject\",\"inLanguage\":\"fr-FR\",\"@id\":\"https:\/\/www.public.sn\/#\/schema\/person\/image\/\",\"url\":\"https:\/\/secure.gravatar.com\/avatar\/d6c030db45db2883c075085c5d6c6258654a801a93766b49af0b82d4f454e2a5?s=96&d=mm&r=g\",\"contentUrl\":\"https:\/\/secure.gravatar.com\/avatar\/d6c030db45db2883c075085c5d6c6258654a801a93766b49af0b82d4f454e2a5?s=96&d=mm&r=g\",\"caption\":\"LA REDACTION\"},\"sameAs\":[\"http:\/\/www.public.sn\"],\"url\":\"https:\/\/www.public.sn\/index.php\/author\/admin7324\/\"}]}<\/script>\n<!-- \/ Yoast SEO plugin. -->","yoast_head_json":{"title":"AFP : les progressistes de la Diaspora entrent en r\u00e9bellion - LE PUBLIC","description":"Apr\u00e8s les responsables progressistes de Mbour, de Kaolack\u2026 qui montent au cr\u00e9neau c'est au tour de l\u2019alliance des Forces de progr\u00e8s de la Diaspora de d\u00e9plorer le fonctionnement chaotique du parti. Ainsi, selon eux, les maux sont \u00e9normes :\u00a0 la l\u00e9thargie profonde dans laquelle se trouve aujourd\u2019hui le parti, li\u00e9e essentiellement au non-renouvellement prolong\u00e9 des instances du parti depuis plus d\u2019une d\u00e9cennie, l\u2019absence de coordination entre la Direction du parti et les structures de bases et le non-respect des textes qui r\u00e9gissent le fonctionnement et l\u2019organisation du parti.","robots":{"index":"index","follow":"follow","max-snippet":"max-snippet:-1","max-image-preview":"max-image-preview:large","max-video-preview":"max-video-preview:-1"},"canonical":"https:\/\/www.public.sn\/index.php\/2023\/01\/25\/afp-les-progressistes-de-la-diaspora-entrent-en-rebellion\/","og_locale":"fr_FR","og_type":"article","og_title":"AFP : les progressistes de la Diaspora entrent en r\u00e9bellion - LE PUBLIC","og_description":"Apr\u00e8s les responsables progressistes de Mbour, de Kaolack\u2026 qui montent au cr\u00e9neau c'est au tour de l\u2019alliance des Forces de progr\u00e8s de la Diaspora de d\u00e9plorer le fonctionnement chaotique du parti. Ainsi, selon eux, les maux sont \u00e9normes :\u00a0 la l\u00e9thargie profonde dans laquelle se trouve aujourd\u2019hui le parti, li\u00e9e essentiellement au non-renouvellement prolong\u00e9 des instances du parti depuis plus d\u2019une d\u00e9cennie, l\u2019absence de coordination entre la Direction du parti et les structures de bases et le non-respect des textes qui r\u00e9gissent le fonctionnement et l\u2019organisation du parti.","og_url":"https:\/\/www.public.sn\/index.php\/2023\/01\/25\/afp-les-progressistes-de-la-diaspora-entrent-en-rebellion\/","og_site_name":"LE PUBLIC","article_published_time":"2023-01-25T09:25:47+00:00","og_image":[{"width":600,"height":300,"url":"https:\/\/www.public.sn\/wp-content\/uploads\/2022\/12\/niasse.jpg","type":"image\/jpeg"}],"author":"LA REDACTION","twitter_card":"summary_large_image","twitter_misc":{"\u00c9crit par":"LA REDACTION","Dur\u00e9e de lecture estim\u00e9e":"2 minutes"},"schema":{"@context":"https:\/\/schema.org","@graph":[{"@type":"Article","@id":"https:\/\/www.public.sn\/index.php\/2023\/01\/25\/afp-les-progressistes-de-la-diaspora-entrent-en-rebellion\/#article","isPartOf":{"@id":"https:\/\/www.public.sn\/index.php\/2023\/01\/25\/afp-les-progressistes-de-la-diaspora-entrent-en-rebellion\/"},"author":{"name":"LA REDACTION","@id":"https:\/\/www.public.sn\/#\/schema\/person\/e3f4a11b037d4203902db148f9bc8d5a"},"headline":"AFP : les progressistes de la Diaspora entrent en r\u00e9bellion","datePublished":"2023-01-25T09:25:47+00:00","mainEntityOfPage":{"@id":"https:\/\/www.public.sn\/index.php\/2023\/01\/25\/afp-les-progressistes-de-la-diaspora-entrent-en-rebellion\/"},"wordCount":248,"commentCount":0,"publisher":{"@id":"https:\/\/www.public.sn\/#organization"},"image":{"@id":"https:\/\/www.public.sn\/index.php\/2023\/01\/25\/afp-les-progressistes-de-la-diaspora-entrent-en-rebellion\/#primaryimage"},"thumbnailUrl":"https:\/\/www.public.sn\/wp-content\/uploads\/2022\/12\/niasse.jpg","keywords":["AFP","Moustapha Niass"],"articleSection":["ACTUALIT\u00c9S","POLITIQUE","S\u00c9N\u00c9GAL"],"inLanguage":"fr-FR","potentialAction":[{"@type":"CommentAction","name":"Comment","target":["https:\/\/www.public.sn\/index.php\/2023\/01\/25\/afp-les-progressistes-de-la-diaspora-entrent-en-rebellion\/#respond"]}]},{"@type":"WebPage","@id":"https:\/\/www.public.sn\/index.php\/2023\/01\/25\/afp-les-progressistes-de-la-diaspora-entrent-en-rebellion\/","url":"https:\/\/www.public.sn\/index.php\/2023\/01\/25\/afp-les-progressistes-de-la-diaspora-entrent-en-rebellion\/","name":"AFP : les progressistes de la Diaspora entrent en r\u00e9bellion - LE PUBLIC","isPartOf":{"@id":"https:\/\/www.public.sn\/#website"},"primaryImageOfPage":{"@id":"https:\/\/www.public.sn\/index.php\/2023\/01\/25\/afp-les-progressistes-de-la-diaspora-entrent-en-rebellion\/#primaryimage"},"image":{"@id":"https:\/\/www.public.sn\/index.php\/2023\/01\/25\/afp-les-progressistes-de-la-diaspora-entrent-en-rebellion\/#primaryimage"},"thumbnailUrl":"https:\/\/www.public.sn\/wp-content\/uploads\/2022\/12\/niasse.jpg","datePublished":"2023-01-25T09:25:47+00:00","description":"Apr\u00e8s les responsables progressistes de Mbour, de Kaolack\u2026 qui montent au cr\u00e9neau c'est au tour de l\u2019alliance des Forces de progr\u00e8s de la Diaspora de d\u00e9plorer le fonctionnement chaotique du parti. Ainsi, selon eux, les maux sont \u00e9normes :\u00a0 la l\u00e9thargie profonde dans laquelle se trouve aujourd\u2019hui le parti, li\u00e9e essentiellement au non-renouvellement prolong\u00e9 des instances du parti depuis plus d\u2019une d\u00e9cennie, l\u2019absence de coordination entre la Direction du parti et les structures de bases et le non-respect des textes qui r\u00e9gissent le fonctionnement et l\u2019organisation du parti.","breadcrumb":{"@id":"https:\/\/www.public.sn\/index.php\/2023\/01\/25\/afp-les-progressistes-de-la-diaspora-entrent-en-rebellion\/#breadcrumb"},"inLanguage":"fr-FR","potentialAction":[{"@type":"ReadAction","target":["https:\/\/www.public.sn\/index.php\/2023\/01\/25\/afp-les-progressistes-de-la-diaspora-entrent-en-rebellion\/"]}]},{"@type":"ImageObject","inLanguage":"fr-FR","@id":"https:\/\/www.public.sn\/index.php\/2023\/01\/25\/afp-les-progressistes-de-la-diaspora-entrent-en-rebellion\/#primaryimage","url":"https:\/\/www.public.sn\/wp-content\/uploads\/2022\/12\/niasse.jpg","contentUrl":"https:\/\/www.public.sn\/wp-content\/uploads\/2022\/12\/niasse.jpg","width":600,"height":300},{"@type":"BreadcrumbList","@id":"https:\/\/www.public.sn\/index.php\/2023\/01\/25\/afp-les-progressistes-de-la-diaspora-entrent-en-rebellion\/#breadcrumb","itemListElement":[{"@type":"ListItem","position":1,"name":"Accueil","item":"https:\/\/www.public.sn\/"},{"@type":"ListItem","position":2,"name":"AFP : les progressistes de la Diaspora entrent en r\u00e9bellion"}]},{"@type":"WebSite","@id":"https:\/\/www.public.sn\/#website","url":"https:\/\/www.public.sn\/","name":"LE PUBLIC","description":"","publisher":{"@id":"https:\/\/www.public.sn\/#organization"},"potentialAction":[{"@type":"SearchAction","target":{"@type":"EntryPoint","urlTemplate":"https:\/\/www.public.sn\/?s={search_term_string}"},"query-input":{"@type":"PropertyValueSpecification","valueRequired":true,"valueName":"search_term_string"}}],"inLanguage":"fr-FR"},{"@type":"Organization","@id":"https:\/\/www.public.sn\/#organization","name":"LE PUBLIC","url":"https:\/\/www.public.sn\/","logo":{"@type":"ImageObject","inLanguage":"fr-FR","@id":"https:\/\/www.public.sn\/#\/schema\/logo\/image\/","url":"https:\/\/www.public.sn\/wp-content\/uploads\/2024\/05\/cropped-LOGO-PUBLIC.SN_.png","contentUrl":"https:\/\/www.public.sn\/wp-content\/uploads\/2024\/05\/cropped-LOGO-PUBLIC.SN_.png","width":682,"height":192,"caption":"LE PUBLIC"},"image":{"@id":"https:\/\/www.public.sn\/#\/schema\/logo\/image\/"}},{"@type":"Person","@id":"https:\/\/www.public.sn\/#\/schema\/person\/e3f4a11b037d4203902db148f9bc8d5a","name":"LA REDACTION","image":{"@type":"ImageObject","inLanguage":"fr-FR","@id":"https:\/\/www.public.sn\/#\/schema\/person\/image\/","url":"https:\/\/secure.gravatar.com\/avatar\/d6c030db45db2883c075085c5d6c6258654a801a93766b49af0b82d4f454e2a5?s=96&d=mm&r=g","contentUrl":"https:\/\/secure.gravatar.com\/avatar\/d6c030db45db2883c075085c5d6c6258654a801a93766b49af0b82d4f454e2a5?s=96&d=mm&r=g","caption":"LA REDACTION"},"sameAs":["http:\/\/www.public.sn"],"url":"https:\/\/www.public.sn\/index.php\/author\/admin7324\/"}]}},"jetpack_featured_media_url":"https:\/\/www.public.sn\/wp-content\/uploads\/2022\/12\/niasse.jpg","jetpack_sharing_enabled":true,"_links":{"self":[{"href":"https:\/\/www.public.sn\/index.php\/wp-json\/wp\/v2\/posts\/14291","targetHints":{"allow":["GET"]}}],"collection":[{"href":"https:\/\/www.public.sn\/index.php\/wp-json\/wp\/v2\/posts"}],"about":[{"href":"https:\/\/www.public.sn\/index.php\/wp-json\/wp\/v2\/types\/post"}],"author":[{"embeddable":true,"href":"https:\/\/www.public.sn\/index.php\/wp-json\/wp\/v2\/users\/1"}],"replies":[{"embeddable":true,"href":"https:\/\/www.public.sn\/index.php\/wp-json\/wp\/v2\/comments?post=14291"}],"version-history":[{"count":1,"href":"https:\/\/www.public.sn\/index.php\/wp-json\/wp\/v2\/posts\/14291\/revisions"}],"predecessor-version":[{"id":14292,"href":"https:\/\/www.public.sn\/index.php\/wp-json\/wp\/v2\/posts\/14291\/revisions\/14292"}],"wp:featuredmedia":[{"embeddable":true,"href":"https:\/\/www.public.sn\/index.php\/wp-json\/wp\/v2\/media\/12249"}],"wp:attachment":[{"href":"https:\/\/www.public.sn\/index.php\/wp-json\/wp\/v2\/media?parent=14291"}],"wp:term":[{"taxonomy":"category","embeddable":true,"href":"https:\/\/www.public.sn\/index.php\/wp-json\/wp\/v2\/categories?post=14291"},{"taxonomy":"post_tag","embeddable":true,"href":"https:\/\/www.public.sn\/index.php\/wp-json\/wp\/v2\/tags?post=14291"}],"curies":[{"name":"wp","href":"https:\/\/api.w.org\/{rel}","templated":true}]}}