{"id":14307,"date":"2023-01-25T22:00:15","date_gmt":"2023-01-25T22:00:15","guid":{"rendered":"https:\/\/www.public.sn\/?p=14307"},"modified":"2023-01-25T22:02:41","modified_gmt":"2023-01-25T22:02:41","slug":"rappel-a-lordre-de-serigne-mountakha-a-sonko-la-version-de-serigne-abdou-mbacke","status":"publish","type":"post","link":"https:\/\/www.public.sn\/index.php\/2023\/01\/25\/rappel-a-lordre-de-serigne-mountakha-a-sonko-la-version-de-serigne-abdou-mbacke\/","title":{"rendered":"\u00ab\u00a0Rappel \u00e0 l&rsquo;ordre de Serigne Mountakha \u00e0 Sonko\u00a0\u00bb : la version de Serigne Abdou Mback\u00e9"},"content":{"rendered":"<p><strong>Une information selon laquelle le Khalife g\u00e9n\u00e9ral des mourides a rappel\u00e9 \u00e0 l&rsquo;ordre Ousmane Sonko en lui recommandant de cesser de porter des pr\u00e9judices aux gens fait le tour de la toile., Serigne Cheikh Abdou Mback\u00e9, marabout de Ousmane Sonko d\u00e9ment formellement cette rumeur \u00e0 travers un communiqu\u00e9 rendu public dont PUBLIC.SN a eu copie.<\/strong><\/p><div class=\"publi-paragraphe1\" style=\"margin-top: 10px;margin-bottom: 10px;margin-left: auto;margin-right: auto;text-align: center;\" id=\"publi-169527746\"><div class=\"publi-adlabel\">Publicit\u00e9<\/div><script async src=\"\/\/pagead2.googlesyndication.com\/pagead\/js\/adsbygoogle.js?client=ca-pub-4089586018074219\" crossorigin=\"anonymous\"><\/script><ins class=\"adsbygoogle\" style=\"display:block;\" data-ad-client=\"ca-pub-4089586018074219\" \ndata-ad-slot=\"2087940154\" \ndata-ad-format=\"auto\"><\/ins>\n<script> \n(adsbygoogle = window.adsbygoogle || []).push({}); \n<\/script>\n<\/div>\n<p>In extenso, l&rsquo;int\u00e9gralit\u00e9 du communiqu\u00e9 du guide religieux:<\/p>\n<p><strong>\u00ab\u00a0RENCONTRE AVEC LE KHALIFE GENERAL DES MOURIDES<\/strong><\/p>\n<p>Les pr\u00e9cisions de Serigne Abdou Mback\u00e9<\/p>\n<p>Apr\u00e8s avoir rendu gr\u00e2ce \u00e0 Allah et pri\u00e9 sur le proph\u00e8te Mouhamad (PSL), je voudrais exprimer mes sinc\u00e8res remerciements au khalife g\u00e9n\u00e9ral des mourides Serigne Mountakha Bachir Mback\u00e9 (Qu\u2019Allah lui pr\u00eate une longue vie et une sant\u00e9 de fer). Le saint-homme m\u2019a en effet fait l\u2019honneur de me recevoir ce mercredi \u00e0 Porokhane. Au cours de cette entrevue, nous avons eu des \u00e9changes strictement priv\u00e9s et tenus dans le plus grand secret.<\/p>\n<p>Toutefois, contrairement \u00e0 ce qui a \u00e9t\u00e9 \u00e9crit dans certaines publications de la presse, Serigne Mountakha n\u2019a jamais prononc\u00e9 en ma pr\u00e9sence les propos qu\u2019on lui pr\u00eate et qui seraient destin\u00e9s \u00e0 Ousmane Sonko. Il en est de m\u00eame des rumeurs selon lesquelles Ousmane Sonko serait en route pour Porokhane. Si c\u2019\u00e9tait le cas, je l\u2019aurais moi-m\u00eame r\u00e9v\u00e9l\u00e9. Que ceux qui relaient de telles rumeurs sachent qu\u2019ils font moins de tort \u00e0 moi qu\u2019au khalife qui, je le r\u00e9p\u00e8te, n\u2019a jamais tenu, en notre pr\u00e9sence, de tels propos.<\/p>\n<p>Nous renouvelons ici notre all\u00e9geance \u00e0 Serigne Mountakha et prions Allah de lui pr\u00eater une longue vie\u00a0\u00bb lit-on dans la m\u00eame note.<\/p>\n<p>A not\u00e9 aussi que Seneweb r\u00e9v\u00e8le que Ousmane Sonko n&rsquo;a pas rendu visite \u00e0 Serigne Mountakha Mback\u00e9 \u00e0 Porokhane contrairement \u00e0 ce qui a \u00e9t\u00e9 dit. Le leader du Pastef se trouve actuellement chez lui.<\/p>\n<div class=\"publi-apres-le-contenu\" style=\"margin-top: 10px;margin-bottom: 10px;margin-left: auto;margin-right: auto;text-align: center;\" id=\"publi-2591672762\"><div class=\"publi-adlabel\">Publicit\u00e9<\/div><script async src=\"\/\/pagead2.googlesyndication.com\/pagead\/js\/adsbygoogle.js?client=ca-pub-4089586018074219\" crossorigin=\"anonymous\"><\/script><ins class=\"adsbygoogle\" style=\"display:block;\" data-ad-client=\"ca-pub-4089586018074219\" \ndata-ad-slot=\"2087940154\" \ndata-ad-format=\"auto\"><\/ins>\n<script> \n(adsbygoogle = window.adsbygoogle || []).push({}); \n<\/script>\n<\/div>","protected":false},"excerpt":{"rendered":"<p>Une information selon laquelle le Khalife g\u00e9n\u00e9ral des mourides a rappel\u00e9 \u00e0 l&rsquo;ordre Ousmane Sonko en lui recommandant de cesser de porter des pr\u00e9judices aux gens fait le tour de la toile., Serigne Cheikh Abdou Mback\u00e9, marabout de Ousmane Sonko d\u00e9ment formellement cette rumeur \u00e0 travers un communiqu\u00e9 rendu public dont PUBLIC.SN a eu copie. In extenso, l&rsquo;int\u00e9gralit\u00e9 du communiqu\u00e9 du guide religieux: \u00ab\u00a0RENCONTRE AVEC LE KHALIFE GENERAL DES MOURIDES Les pr\u00e9cisions de Serigne Abdou Mback\u00e9 Apr\u00e8s avoir rendu gr\u00e2ce \u00e0 Allah et pri\u00e9 sur le proph\u00e8te Mouhamad (PSL), je voudrais exprimer mes sinc\u00e8res remerciements au khalife g\u00e9n\u00e9ral des mourides Serigne Mountakha Bachir Mback\u00e9 (Qu\u2019Allah lui pr\u00eate une longue vie et une sant\u00e9 de fer). Le saint-homme m\u2019a en effet fait l\u2019honneur de me recevoir ce mercredi \u00e0 Porokhane. Au cours de cette entrevue, nous avons eu des \u00e9changes strictement priv\u00e9s et tenus dans le plus grand secret. Toutefois, contrairement \u00e0 ce qui a \u00e9t\u00e9 \u00e9crit dans certaines publications de la presse, Serigne Mountakha n\u2019a jamais prononc\u00e9 en ma pr\u00e9sence les propos qu\u2019on lui pr\u00eate et qui seraient destin\u00e9s \u00e0 Ousmane Sonko. Il en est de m\u00eame des rumeurs selon lesquelles Ousmane Sonko serait en route pour Porokhane. Si c\u2019\u00e9tait le cas, je l\u2019aurais moi-m\u00eame r\u00e9v\u00e9l\u00e9. Que ceux qui relaient de telles rumeurs sachent qu\u2019ils font moins de tort \u00e0 moi qu\u2019au khalife qui, je le r\u00e9p\u00e8te, n\u2019a jamais tenu, en notre pr\u00e9sence, de tels propos. Nous renouvelons ici notre all\u00e9geance \u00e0 Serigne Mountakha et prions Allah de lui pr\u00eater une longue vie\u00a0\u00bb lit-on dans la m\u00eame note. A not\u00e9 aussi que Seneweb r\u00e9v\u00e8le que Ousmane Sonko n&rsquo;a pas rendu visite \u00e0 Serigne Mountakha Mback\u00e9 \u00e0 Porokhane contrairement \u00e0 ce qui a \u00e9t\u00e9 dit. Le leader du Pastef se trouve actuellement chez lui.<\/p>\n","protected":false},"author":1,"featured_media":14308,"comment_status":"open","ping_status":"open","sticky":false,"template":"","format":"standard","meta":{"_jetpack_memberships_contains_paid_content":false,"footnotes":""},"categories":[375,3,878,1,372],"tags":[4187,3138,306],"class_list":["post-14307","post","type-post","status-publish","format-standard","has-post-thumbnail","hentry","category-actualites","category-politique","category-religion","category-non-classe","category-vedette","tag-serigne-abdou-mbacke","tag-serigne-mountakha","tag-sonko","entry","has-media","owp-thumbs-layout-horizontal","owp-btn-normal","owp-tabs-layout-horizontal","has-no-thumbnails","has-product-nav"],"yoast_head":"<!-- This site is optimized with the Yoast SEO plugin v25.5 - https:\/\/yoast.com\/wordpress\/plugins\/seo\/ -->\n<title>&quot;Rappel \u00e0 l&#039;ordre de Serigne Mountakha \u00e0 Sonko&quot; : la version de Serigne Abdou Mback\u00e9 - LE PUBLIC<\/title>\n<meta name=\"robots\" content=\"index, follow, max-snippet:-1, max-image-preview:large, max-video-preview:-1\" \/>\n<link rel=\"canonical\" href=\"https:\/\/www.public.sn\/index.php\/2023\/01\/25\/rappel-a-lordre-de-serigne-mountakha-a-sonko-la-version-de-serigne-abdou-mbacke\/\" \/>\n<meta property=\"og:locale\" content=\"fr_FR\" \/>\n<meta property=\"og:type\" content=\"article\" \/>\n<meta property=\"og:title\" content=\"&quot;Rappel \u00e0 l&#039;ordre de Serigne Mountakha \u00e0 Sonko&quot; : la version de Serigne Abdou Mback\u00e9 - LE PUBLIC\" \/>\n<meta property=\"og:description\" content=\"Une information selon laquelle le Khalife g\u00e9n\u00e9ral des mourides a rappel\u00e9 \u00e0 l&rsquo;ordre Ousmane Sonko en lui recommandant de cesser de porter des pr\u00e9judices aux gens fait le tour de la toile., Serigne Cheikh Abdou Mback\u00e9, marabout de Ousmane Sonko d\u00e9ment formellement cette rumeur \u00e0 travers un communiqu\u00e9 rendu public dont PUBLIC.SN a eu copie. In extenso, l&rsquo;int\u00e9gralit\u00e9 du communiqu\u00e9 du guide religieux: \u00ab\u00a0RENCONTRE AVEC LE KHALIFE GENERAL DES MOURIDES Les pr\u00e9cisions de Serigne Abdou Mback\u00e9 Apr\u00e8s avoir rendu gr\u00e2ce \u00e0 Allah et pri\u00e9 sur le proph\u00e8te Mouhamad (PSL), je voudrais exprimer mes sinc\u00e8res remerciements au khalife g\u00e9n\u00e9ral des mourides Serigne Mountakha Bachir Mback\u00e9 (Qu\u2019Allah lui pr\u00eate une longue vie et une sant\u00e9 de fer). Le saint-homme m\u2019a en effet fait l\u2019honneur de me recevoir ce mercredi \u00e0 Porokhane. Au cours de cette entrevue, nous avons eu des \u00e9changes strictement priv\u00e9s et tenus dans le plus grand secret. Toutefois, contrairement \u00e0 ce qui a \u00e9t\u00e9 \u00e9crit dans certaines publications de la presse, Serigne Mountakha n\u2019a jamais prononc\u00e9 en ma pr\u00e9sence les propos qu\u2019on lui pr\u00eate et qui seraient destin\u00e9s \u00e0 Ousmane Sonko. Il en est de m\u00eame des rumeurs selon lesquelles Ousmane Sonko serait en route pour Porokhane. Si c\u2019\u00e9tait le cas, je l\u2019aurais moi-m\u00eame r\u00e9v\u00e9l\u00e9. Que ceux qui relaient de telles rumeurs sachent qu\u2019ils font moins de tort \u00e0 moi qu\u2019au khalife qui, je le r\u00e9p\u00e8te, n\u2019a jamais tenu, en notre pr\u00e9sence, de tels propos. Nous renouvelons ici notre all\u00e9geance \u00e0 Serigne Mountakha et prions Allah de lui pr\u00eater une longue vie\u00a0\u00bb lit-on dans la m\u00eame note. A not\u00e9 aussi que Seneweb r\u00e9v\u00e8le que Ousmane Sonko n&rsquo;a pas rendu visite \u00e0 Serigne Mountakha Mback\u00e9 \u00e0 Porokhane contrairement \u00e0 ce qui a \u00e9t\u00e9 dit. Le leader du Pastef se trouve actuellement chez lui.\" \/>\n<meta property=\"og:url\" content=\"https:\/\/www.public.sn\/index.php\/2023\/01\/25\/rappel-a-lordre-de-serigne-mountakha-a-sonko-la-version-de-serigne-abdou-mbacke\/\" \/>\n<meta property=\"og:site_name\" content=\"LE PUBLIC\" \/>\n<meta property=\"article:published_time\" content=\"2023-01-25T22:00:15+00:00\" \/>\n<meta property=\"article:modified_time\" content=\"2023-01-25T22:02:41+00:00\" \/>\n<meta property=\"og:image\" content=\"https:\/\/www.public.sn\/wp-content\/uploads\/2023\/01\/Serigne-Abdou-Mbacke.jpg\" \/>\n\t<meta property=\"og:image:width\" content=\"720\" \/>\n\t<meta property=\"og:image:height\" content=\"540\" \/>\n\t<meta property=\"og:image:type\" content=\"image\/jpeg\" \/>\n<meta name=\"author\" content=\"LA REDACTION\" \/>\n<meta name=\"twitter:card\" content=\"summary_large_image\" \/>\n<meta name=\"twitter:label1\" content=\"\u00c9crit par\" \/>\n\t<meta name=\"twitter:data1\" content=\"LA REDACTION\" \/>\n\t<meta name=\"twitter:label2\" content=\"Dur\u00e9e de lecture estim\u00e9e\" \/>\n\t<meta name=\"twitter:data2\" content=\"2 minutes\" \/>\n<script type=\"application\/ld+json\" class=\"yoast-schema-graph\">{\"@context\":\"https:\/\/schema.org\",\"@graph\":[{\"@type\":\"Article\",\"@id\":\"https:\/\/www.public.sn\/index.php\/2023\/01\/25\/rappel-a-lordre-de-serigne-mountakha-a-sonko-la-version-de-serigne-abdou-mbacke\/#article\",\"isPartOf\":{\"@id\":\"https:\/\/www.public.sn\/index.php\/2023\/01\/25\/rappel-a-lordre-de-serigne-mountakha-a-sonko-la-version-de-serigne-abdou-mbacke\/\"},\"author\":{\"name\":\"LA REDACTION\",\"@id\":\"https:\/\/www.public.sn\/#\/schema\/person\/e3f4a11b037d4203902db148f9bc8d5a\"},\"headline\":\"\u00ab\u00a0Rappel \u00e0 l&rsquo;ordre de Serigne Mountakha \u00e0 Sonko\u00a0\u00bb : la version de Serigne Abdou Mback\u00e9\",\"datePublished\":\"2023-01-25T22:00:15+00:00\",\"dateModified\":\"2023-01-25T22:02:41+00:00\",\"mainEntityOfPage\":{\"@id\":\"https:\/\/www.public.sn\/index.php\/2023\/01\/25\/rappel-a-lordre-de-serigne-mountakha-a-sonko-la-version-de-serigne-abdou-mbacke\/\"},\"wordCount\":334,\"commentCount\":0,\"publisher\":{\"@id\":\"https:\/\/www.public.sn\/#organization\"},\"image\":{\"@id\":\"https:\/\/www.public.sn\/index.php\/2023\/01\/25\/rappel-a-lordre-de-serigne-mountakha-a-sonko-la-version-de-serigne-abdou-mbacke\/#primaryimage\"},\"thumbnailUrl\":\"https:\/\/www.public.sn\/wp-content\/uploads\/2023\/01\/Serigne-Abdou-Mbacke.jpg\",\"keywords\":[\": Serigne Abdou Mback\u00e9\",\"Serigne mountakha\",\"sonko\"],\"articleSection\":[\"ACTUALIT\u00c9S\",\"POLITIQUE\",\"RELIGION\",\"S\u00c9N\u00c9GAL\",\"VEDETTE\"],\"inLanguage\":\"fr-FR\",\"potentialAction\":[{\"@type\":\"CommentAction\",\"name\":\"Comment\",\"target\":[\"https:\/\/www.public.sn\/index.php\/2023\/01\/25\/rappel-a-lordre-de-serigne-mountakha-a-sonko-la-version-de-serigne-abdou-mbacke\/#respond\"]}]},{\"@type\":\"WebPage\",\"@id\":\"https:\/\/www.public.sn\/index.php\/2023\/01\/25\/rappel-a-lordre-de-serigne-mountakha-a-sonko-la-version-de-serigne-abdou-mbacke\/\",\"url\":\"https:\/\/www.public.sn\/index.php\/2023\/01\/25\/rappel-a-lordre-de-serigne-mountakha-a-sonko-la-version-de-serigne-abdou-mbacke\/\",\"name\":\"\\\"Rappel \u00e0 l'ordre de Serigne Mountakha \u00e0 Sonko\\\" : la version de Serigne Abdou Mback\u00e9 - LE PUBLIC\",\"isPartOf\":{\"@id\":\"https:\/\/www.public.sn\/#website\"},\"primaryImageOfPage\":{\"@id\":\"https:\/\/www.public.sn\/index.php\/2023\/01\/25\/rappel-a-lordre-de-serigne-mountakha-a-sonko-la-version-de-serigne-abdou-mbacke\/#primaryimage\"},\"image\":{\"@id\":\"https:\/\/www.public.sn\/index.php\/2023\/01\/25\/rappel-a-lordre-de-serigne-mountakha-a-sonko-la-version-de-serigne-abdou-mbacke\/#primaryimage\"},\"thumbnailUrl\":\"https:\/\/www.public.sn\/wp-content\/uploads\/2023\/01\/Serigne-Abdou-Mbacke.jpg\",\"datePublished\":\"2023-01-25T22:00:15+00:00\",\"dateModified\":\"2023-01-25T22:02:41+00:00\",\"breadcrumb\":{\"@id\":\"https:\/\/www.public.sn\/index.php\/2023\/01\/25\/rappel-a-lordre-de-serigne-mountakha-a-sonko-la-version-de-serigne-abdou-mbacke\/#breadcrumb\"},\"inLanguage\":\"fr-FR\",\"potentialAction\":[{\"@type\":\"ReadAction\",\"target\":[\"https:\/\/www.public.sn\/index.php\/2023\/01\/25\/rappel-a-lordre-de-serigne-mountakha-a-sonko-la-version-de-serigne-abdou-mbacke\/\"]}]},{\"@type\":\"ImageObject\",\"inLanguage\":\"fr-FR\",\"@id\":\"https:\/\/www.public.sn\/index.php\/2023\/01\/25\/rappel-a-lordre-de-serigne-mountakha-a-sonko-la-version-de-serigne-abdou-mbacke\/#primaryimage\",\"url\":\"https:\/\/www.public.sn\/wp-content\/uploads\/2023\/01\/Serigne-Abdou-Mbacke.jpg\",\"contentUrl\":\"https:\/\/www.public.sn\/wp-content\/uploads\/2023\/01\/Serigne-Abdou-Mbacke.jpg\",\"width\":720,\"height\":540},{\"@type\":\"BreadcrumbList\",\"@id\":\"https:\/\/www.public.sn\/index.php\/2023\/01\/25\/rappel-a-lordre-de-serigne-mountakha-a-sonko-la-version-de-serigne-abdou-mbacke\/#breadcrumb\",\"itemListElement\":[{\"@type\":\"ListItem\",\"position\":1,\"name\":\"Accueil\",\"item\":\"https:\/\/www.public.sn\/\"},{\"@type\":\"ListItem\",\"position\":2,\"name\":\"\u00ab\u00a0Rappel \u00e0 l&rsquo;ordre de Serigne Mountakha \u00e0 Sonko\u00a0\u00bb : la version de Serigne Abdou Mback\u00e9\"}]},{\"@type\":\"WebSite\",\"@id\":\"https:\/\/www.public.sn\/#website\",\"url\":\"https:\/\/www.public.sn\/\",\"name\":\"LE PUBLIC\",\"description\":\"\",\"publisher\":{\"@id\":\"https:\/\/www.public.sn\/#organization\"},\"potentialAction\":[{\"@type\":\"SearchAction\",\"target\":{\"@type\":\"EntryPoint\",\"urlTemplate\":\"https:\/\/www.public.sn\/?s={search_term_string}\"},\"query-input\":{\"@type\":\"PropertyValueSpecification\",\"valueRequired\":true,\"valueName\":\"search_term_string\"}}],\"inLanguage\":\"fr-FR\"},{\"@type\":\"Organization\",\"@id\":\"https:\/\/www.public.sn\/#organization\",\"name\":\"LE PUBLIC\",\"url\":\"https:\/\/www.public.sn\/\",\"logo\":{\"@type\":\"ImageObject\",\"inLanguage\":\"fr-FR\",\"@id\":\"https:\/\/www.public.sn\/#\/schema\/logo\/image\/\",\"url\":\"https:\/\/www.public.sn\/wp-content\/uploads\/2024\/05\/cropped-LOGO-PUBLIC.SN_.png\",\"contentUrl\":\"https:\/\/www.public.sn\/wp-content\/uploads\/2024\/05\/cropped-LOGO-PUBLIC.SN_.png\",\"width\":682,\"height\":192,\"caption\":\"LE PUBLIC\"},\"image\":{\"@id\":\"https:\/\/www.public.sn\/#\/schema\/logo\/image\/\"}},{\"@type\":\"Person\",\"@id\":\"https:\/\/www.public.sn\/#\/schema\/person\/e3f4a11b037d4203902db148f9bc8d5a\",\"name\":\"LA REDACTION\",\"image\":{\"@type\":\"ImageObject\",\"inLanguage\":\"fr-FR\",\"@id\":\"https:\/\/www.public.sn\/#\/schema\/person\/image\/\",\"url\":\"https:\/\/secure.gravatar.com\/avatar\/d6c030db45db2883c075085c5d6c6258654a801a93766b49af0b82d4f454e2a5?s=96&d=mm&r=g\",\"contentUrl\":\"https:\/\/secure.gravatar.com\/avatar\/d6c030db45db2883c075085c5d6c6258654a801a93766b49af0b82d4f454e2a5?s=96&d=mm&r=g\",\"caption\":\"LA REDACTION\"},\"sameAs\":[\"http:\/\/www.public.sn\"],\"url\":\"https:\/\/www.public.sn\/index.php\/author\/admin7324\/\"}]}<\/script>\n<!-- \/ Yoast SEO plugin. -->","yoast_head_json":{"title":"\"Rappel \u00e0 l'ordre de Serigne Mountakha \u00e0 Sonko\" : la version de Serigne Abdou Mback\u00e9 - LE PUBLIC","robots":{"index":"index","follow":"follow","max-snippet":"max-snippet:-1","max-image-preview":"max-image-preview:large","max-video-preview":"max-video-preview:-1"},"canonical":"https:\/\/www.public.sn\/index.php\/2023\/01\/25\/rappel-a-lordre-de-serigne-mountakha-a-sonko-la-version-de-serigne-abdou-mbacke\/","og_locale":"fr_FR","og_type":"article","og_title":"\"Rappel \u00e0 l'ordre de Serigne Mountakha \u00e0 Sonko\" : la version de Serigne Abdou Mback\u00e9 - LE PUBLIC","og_description":"Une information selon laquelle le Khalife g\u00e9n\u00e9ral des mourides a rappel\u00e9 \u00e0 l&rsquo;ordre Ousmane Sonko en lui recommandant de cesser de porter des pr\u00e9judices aux gens fait le tour de la toile., Serigne Cheikh Abdou Mback\u00e9, marabout de Ousmane Sonko d\u00e9ment formellement cette rumeur \u00e0 travers un communiqu\u00e9 rendu public dont PUBLIC.SN a eu copie. In extenso, l&rsquo;int\u00e9gralit\u00e9 du communiqu\u00e9 du guide religieux: \u00ab\u00a0RENCONTRE AVEC LE KHALIFE GENERAL DES MOURIDES Les pr\u00e9cisions de Serigne Abdou Mback\u00e9 Apr\u00e8s avoir rendu gr\u00e2ce \u00e0 Allah et pri\u00e9 sur le proph\u00e8te Mouhamad (PSL), je voudrais exprimer mes sinc\u00e8res remerciements au khalife g\u00e9n\u00e9ral des mourides Serigne Mountakha Bachir Mback\u00e9 (Qu\u2019Allah lui pr\u00eate une longue vie et une sant\u00e9 de fer). Le saint-homme m\u2019a en effet fait l\u2019honneur de me recevoir ce mercredi \u00e0 Porokhane. Au cours de cette entrevue, nous avons eu des \u00e9changes strictement priv\u00e9s et tenus dans le plus grand secret. Toutefois, contrairement \u00e0 ce qui a \u00e9t\u00e9 \u00e9crit dans certaines publications de la presse, Serigne Mountakha n\u2019a jamais prononc\u00e9 en ma pr\u00e9sence les propos qu\u2019on lui pr\u00eate et qui seraient destin\u00e9s \u00e0 Ousmane Sonko. Il en est de m\u00eame des rumeurs selon lesquelles Ousmane Sonko serait en route pour Porokhane. Si c\u2019\u00e9tait le cas, je l\u2019aurais moi-m\u00eame r\u00e9v\u00e9l\u00e9. Que ceux qui relaient de telles rumeurs sachent qu\u2019ils font moins de tort \u00e0 moi qu\u2019au khalife qui, je le r\u00e9p\u00e8te, n\u2019a jamais tenu, en notre pr\u00e9sence, de tels propos. Nous renouvelons ici notre all\u00e9geance \u00e0 Serigne Mountakha et prions Allah de lui pr\u00eater une longue vie\u00a0\u00bb lit-on dans la m\u00eame note. A not\u00e9 aussi que Seneweb r\u00e9v\u00e8le que Ousmane Sonko n&rsquo;a pas rendu visite \u00e0 Serigne Mountakha Mback\u00e9 \u00e0 Porokhane contrairement \u00e0 ce qui a \u00e9t\u00e9 dit. Le leader du Pastef se trouve actuellement chez lui.","og_url":"https:\/\/www.public.sn\/index.php\/2023\/01\/25\/rappel-a-lordre-de-serigne-mountakha-a-sonko-la-version-de-serigne-abdou-mbacke\/","og_site_name":"LE PUBLIC","article_published_time":"2023-01-25T22:00:15+00:00","article_modified_time":"2023-01-25T22:02:41+00:00","og_image":[{"width":720,"height":540,"url":"https:\/\/www.public.sn\/wp-content\/uploads\/2023\/01\/Serigne-Abdou-Mbacke.jpg","type":"image\/jpeg"}],"author":"LA REDACTION","twitter_card":"summary_large_image","twitter_misc":{"\u00c9crit par":"LA REDACTION","Dur\u00e9e de lecture estim\u00e9e":"2 minutes"},"schema":{"@context":"https:\/\/schema.org","@graph":[{"@type":"Article","@id":"https:\/\/www.public.sn\/index.php\/2023\/01\/25\/rappel-a-lordre-de-serigne-mountakha-a-sonko-la-version-de-serigne-abdou-mbacke\/#article","isPartOf":{"@id":"https:\/\/www.public.sn\/index.php\/2023\/01\/25\/rappel-a-lordre-de-serigne-mountakha-a-sonko-la-version-de-serigne-abdou-mbacke\/"},"author":{"name":"LA REDACTION","@id":"https:\/\/www.public.sn\/#\/schema\/person\/e3f4a11b037d4203902db148f9bc8d5a"},"headline":"\u00ab\u00a0Rappel \u00e0 l&rsquo;ordre de Serigne Mountakha \u00e0 Sonko\u00a0\u00bb : la version de Serigne Abdou Mback\u00e9","datePublished":"2023-01-25T22:00:15+00:00","dateModified":"2023-01-25T22:02:41+00:00","mainEntityOfPage":{"@id":"https:\/\/www.public.sn\/index.php\/2023\/01\/25\/rappel-a-lordre-de-serigne-mountakha-a-sonko-la-version-de-serigne-abdou-mbacke\/"},"wordCount":334,"commentCount":0,"publisher":{"@id":"https:\/\/www.public.sn\/#organization"},"image":{"@id":"https:\/\/www.public.sn\/index.php\/2023\/01\/25\/rappel-a-lordre-de-serigne-mountakha-a-sonko-la-version-de-serigne-abdou-mbacke\/#primaryimage"},"thumbnailUrl":"https:\/\/www.public.sn\/wp-content\/uploads\/2023\/01\/Serigne-Abdou-Mbacke.jpg","keywords":[": Serigne Abdou Mback\u00e9","Serigne mountakha","sonko"],"articleSection":["ACTUALIT\u00c9S","POLITIQUE","RELIGION","S\u00c9N\u00c9GAL","VEDETTE"],"inLanguage":"fr-FR","potentialAction":[{"@type":"CommentAction","name":"Comment","target":["https:\/\/www.public.sn\/index.php\/2023\/01\/25\/rappel-a-lordre-de-serigne-mountakha-a-sonko-la-version-de-serigne-abdou-mbacke\/#respond"]}]},{"@type":"WebPage","@id":"https:\/\/www.public.sn\/index.php\/2023\/01\/25\/rappel-a-lordre-de-serigne-mountakha-a-sonko-la-version-de-serigne-abdou-mbacke\/","url":"https:\/\/www.public.sn\/index.php\/2023\/01\/25\/rappel-a-lordre-de-serigne-mountakha-a-sonko-la-version-de-serigne-abdou-mbacke\/","name":"\"Rappel \u00e0 l'ordre de Serigne Mountakha \u00e0 Sonko\" : la version de Serigne Abdou Mback\u00e9 - LE PUBLIC","isPartOf":{"@id":"https:\/\/www.public.sn\/#website"},"primaryImageOfPage":{"@id":"https:\/\/www.public.sn\/index.php\/2023\/01\/25\/rappel-a-lordre-de-serigne-mountakha-a-sonko-la-version-de-serigne-abdou-mbacke\/#primaryimage"},"image":{"@id":"https:\/\/www.public.sn\/index.php\/2023\/01\/25\/rappel-a-lordre-de-serigne-mountakha-a-sonko-la-version-de-serigne-abdou-mbacke\/#primaryimage"},"thumbnailUrl":"https:\/\/www.public.sn\/wp-content\/uploads\/2023\/01\/Serigne-Abdou-Mbacke.jpg","datePublished":"2023-01-25T22:00:15+00:00","dateModified":"2023-01-25T22:02:41+00:00","breadcrumb":{"@id":"https:\/\/www.public.sn\/index.php\/2023\/01\/25\/rappel-a-lordre-de-serigne-mountakha-a-sonko-la-version-de-serigne-abdou-mbacke\/#breadcrumb"},"inLanguage":"fr-FR","potentialAction":[{"@type":"ReadAction","target":["https:\/\/www.public.sn\/index.php\/2023\/01\/25\/rappel-a-lordre-de-serigne-mountakha-a-sonko-la-version-de-serigne-abdou-mbacke\/"]}]},{"@type":"ImageObject","inLanguage":"fr-FR","@id":"https:\/\/www.public.sn\/index.php\/2023\/01\/25\/rappel-a-lordre-de-serigne-mountakha-a-sonko-la-version-de-serigne-abdou-mbacke\/#primaryimage","url":"https:\/\/www.public.sn\/wp-content\/uploads\/2023\/01\/Serigne-Abdou-Mbacke.jpg","contentUrl":"https:\/\/www.public.sn\/wp-content\/uploads\/2023\/01\/Serigne-Abdou-Mbacke.jpg","width":720,"height":540},{"@type":"BreadcrumbList","@id":"https:\/\/www.public.sn\/index.php\/2023\/01\/25\/rappel-a-lordre-de-serigne-mountakha-a-sonko-la-version-de-serigne-abdou-mbacke\/#breadcrumb","itemListElement":[{"@type":"ListItem","position":1,"name":"Accueil","item":"https:\/\/www.public.sn\/"},{"@type":"ListItem","position":2,"name":"\u00ab\u00a0Rappel \u00e0 l&rsquo;ordre de Serigne Mountakha \u00e0 Sonko\u00a0\u00bb : la version de Serigne Abdou Mback\u00e9"}]},{"@type":"WebSite","@id":"https:\/\/www.public.sn\/#website","url":"https:\/\/www.public.sn\/","name":"LE PUBLIC","description":"","publisher":{"@id":"https:\/\/www.public.sn\/#organization"},"potentialAction":[{"@type":"SearchAction","target":{"@type":"EntryPoint","urlTemplate":"https:\/\/www.public.sn\/?s={search_term_string}"},"query-input":{"@type":"PropertyValueSpecification","valueRequired":true,"valueName":"search_term_string"}}],"inLanguage":"fr-FR"},{"@type":"Organization","@id":"https:\/\/www.public.sn\/#organization","name":"LE PUBLIC","url":"https:\/\/www.public.sn\/","logo":{"@type":"ImageObject","inLanguage":"fr-FR","@id":"https:\/\/www.public.sn\/#\/schema\/logo\/image\/","url":"https:\/\/www.public.sn\/wp-content\/uploads\/2024\/05\/cropped-LOGO-PUBLIC.SN_.png","contentUrl":"https:\/\/www.public.sn\/wp-content\/uploads\/2024\/05\/cropped-LOGO-PUBLIC.SN_.png","width":682,"height":192,"caption":"LE PUBLIC"},"image":{"@id":"https:\/\/www.public.sn\/#\/schema\/logo\/image\/"}},{"@type":"Person","@id":"https:\/\/www.public.sn\/#\/schema\/person\/e3f4a11b037d4203902db148f9bc8d5a","name":"LA REDACTION","image":{"@type":"ImageObject","inLanguage":"fr-FR","@id":"https:\/\/www.public.sn\/#\/schema\/person\/image\/","url":"https:\/\/secure.gravatar.com\/avatar\/d6c030db45db2883c075085c5d6c6258654a801a93766b49af0b82d4f454e2a5?s=96&d=mm&r=g","contentUrl":"https:\/\/secure.gravatar.com\/avatar\/d6c030db45db2883c075085c5d6c6258654a801a93766b49af0b82d4f454e2a5?s=96&d=mm&r=g","caption":"LA REDACTION"},"sameAs":["http:\/\/www.public.sn"],"url":"https:\/\/www.public.sn\/index.php\/author\/admin7324\/"}]}},"jetpack_featured_media_url":"https:\/\/www.public.sn\/wp-content\/uploads\/2023\/01\/Serigne-Abdou-Mbacke.jpg","jetpack_sharing_enabled":true,"_links":{"self":[{"href":"https:\/\/www.public.sn\/index.php\/wp-json\/wp\/v2\/posts\/14307","targetHints":{"allow":["GET"]}}],"collection":[{"href":"https:\/\/www.public.sn\/index.php\/wp-json\/wp\/v2\/posts"}],"about":[{"href":"https:\/\/www.public.sn\/index.php\/wp-json\/wp\/v2\/types\/post"}],"author":[{"embeddable":true,"href":"https:\/\/www.public.sn\/index.php\/wp-json\/wp\/v2\/users\/1"}],"replies":[{"embeddable":true,"href":"https:\/\/www.public.sn\/index.php\/wp-json\/wp\/v2\/comments?post=14307"}],"version-history":[{"count":3,"href":"https:\/\/www.public.sn\/index.php\/wp-json\/wp\/v2\/posts\/14307\/revisions"}],"predecessor-version":[{"id":14311,"href":"https:\/\/www.public.sn\/index.php\/wp-json\/wp\/v2\/posts\/14307\/revisions\/14311"}],"wp:featuredmedia":[{"embeddable":true,"href":"https:\/\/www.public.sn\/index.php\/wp-json\/wp\/v2\/media\/14308"}],"wp:attachment":[{"href":"https:\/\/www.public.sn\/index.php\/wp-json\/wp\/v2\/media?parent=14307"}],"wp:term":[{"taxonomy":"category","embeddable":true,"href":"https:\/\/www.public.sn\/index.php\/wp-json\/wp\/v2\/categories?post=14307"},{"taxonomy":"post_tag","embeddable":true,"href":"https:\/\/www.public.sn\/index.php\/wp-json\/wp\/v2\/tags?post=14307"}],"curies":[{"name":"wp","href":"https:\/\/api.w.org\/{rel}","templated":true}]}}