{"id":14370,"date":"2023-01-26T18:29:32","date_gmt":"2023-01-26T18:29:32","guid":{"rendered":"https:\/\/www.public.sn\/?p=14370"},"modified":"2023-01-26T18:29:32","modified_gmt":"2023-01-26T18:29:32","slug":"lidentite-des-deux-fugitifs-de-la-maison-darret-et-de-correction-de-mbour-connue","status":"publish","type":"post","link":"https:\/\/www.public.sn\/index.php\/2023\/01\/26\/lidentite-des-deux-fugitifs-de-la-maison-darret-et-de-correction-de-mbour-connue\/","title":{"rendered":"L&rsquo;identit\u00e9 des deux fugitifs de la maison d&rsquo;arr\u00eat et de correction de Mbour connue"},"content":{"rendered":"<div><span style=\"font-size: large;\">Le fils de Mansour Diop c\u00e9l\u00e8bre journaliste chroniqueur, qui officie \u00e0 la SEN TV, Mamadou Moustapha Diop, 22 ans, <a href=\"https:\/\/www.public.sn\/index.php\/2023\/01\/07\/franco-senegalaise-tuee-a-somone-le-meurtrier-est-le-fils-de-mansour-diop\/\">arr\u00eat\u00e9 dans l&rsquo;affaire du meurtre d&rsquo;une Franco-S\u00e9n\u00e9galaise \u00e0 Somone<\/a>, a r\u00e9ussi \u00e0 s&rsquo;\u00e9vader de la Maison d&rsquo;arr\u00eat et de correction (Mac) de Mbour.<\/span><\/div>\n<div><span style=\"font-size: large;\">\u00a0<\/span><\/div>\n<div><span style=\"font-size: large;\">Un assassinat qui avait d\u00e9fray\u00e9 la chronique, il y a quelques semaines. Moustapha Diop s&rsquo;\u00e9tait introduit dans une r\u00e9sidence sise au quartier Les Aigrettes de Somone avec son acolyte pour d\u00e9pouiller la Franco-S\u00e9n\u00e9galaise appel\u00e9e B\u00e9a. La tentative de vol avait vir\u00e9 au meurtre.<\/span><\/div>\n<div><span style=\"font-size: large;\">\u00a0<\/span><\/div>\n<div><span style=\"font-size: large;\">L&rsquo;autre \u00e9vad\u00e9, du nom d&rsquo;El Hadj Sarr dit \u00ab\u00a0El Hadj Ndiaye\u00a0\u00bb, n\u00e9 en 2002 \u00e0 Thiadiaye, est un apprenti-camion.\u00a0<\/span><\/div>\n<div class=\"publi-apres-le-contenu\" style=\"margin-top: 10px;margin-bottom: 10px;margin-left: auto;margin-right: auto;text-align: center;\" id=\"publi-3267919341\"><div class=\"publi-adlabel\">Publicit\u00e9<\/div><script async src=\"\/\/pagead2.googlesyndication.com\/pagead\/js\/adsbygoogle.js?client=ca-pub-4089586018074219\" crossorigin=\"anonymous\"><\/script><ins class=\"adsbygoogle\" style=\"display:block;\" data-ad-client=\"ca-pub-4089586018074219\" \ndata-ad-slot=\"2087940154\" \ndata-ad-format=\"auto\"><\/ins>\n<script> \n(adsbygoogle = window.adsbygoogle || []).push({}); \n<\/script>\n<\/div>","protected":false},"excerpt":{"rendered":"<p>Le fils de Mansour Diop c\u00e9l\u00e8bre journaliste chroniqueur, qui officie \u00e0 la SEN TV, Mamadou Moustapha Diop, 22 ans, arr\u00eat\u00e9 dans l&rsquo;affaire du meurtre d&rsquo;une Franco-S\u00e9n\u00e9galaise \u00e0 Somone, a r\u00e9ussi \u00e0 s&rsquo;\u00e9vader de la Maison d&rsquo;arr\u00eat et de correction (Mac) de Mbour. \u00a0 Un assassinat qui avait d\u00e9fray\u00e9 la chronique, il y a quelques semaines. Moustapha Diop s&rsquo;\u00e9tait introduit dans une r\u00e9sidence sise au quartier Les Aigrettes de Somone avec son acolyte pour d\u00e9pouiller la Franco-S\u00e9n\u00e9galaise appel\u00e9e B\u00e9a. La tentative de vol avait vir\u00e9 au meurtre. \u00a0 L&rsquo;autre \u00e9vad\u00e9, du nom d&rsquo;El Hadj Sarr dit \u00ab\u00a0El Hadj Ndiaye\u00a0\u00bb, n\u00e9 en 2002 \u00e0 Thiadiaye, est un apprenti-camion.\u00a0<\/p>\n","protected":false},"author":7,"featured_media":14373,"comment_status":"open","ping_status":"open","sticky":false,"template":"","format":"standard","meta":{"_jetpack_memberships_contains_paid_content":false,"footnotes":""},"categories":[375,379,3724,5,376,1,4],"tags":[1115,4198,4197,899],"class_list":["post-14370","post","type-post","status-publish","format-standard","has-post-thumbnail","hentry","category-actualites","category-faits-divers","category-justice","category-people","category-securite-justice","category-non-classe","category-societe","tag-fils","tag-mac","tag-mansour-diop","tag-mbour","entry","has-media","owp-thumbs-layout-horizontal","owp-btn-normal","owp-tabs-layout-horizontal","has-no-thumbnails","has-product-nav"],"yoast_head":"<!-- This site is optimized with the Yoast SEO plugin v25.5 - https:\/\/yoast.com\/wordpress\/plugins\/seo\/ -->\n<title>L&#039;identit\u00e9 des deux fugitifs de la maison d&#039;arr\u00eat et de correction de Mbour connue - LE PUBLIC<\/title>\n<meta name=\"robots\" content=\"index, follow, max-snippet:-1, max-image-preview:large, max-video-preview:-1\" \/>\n<link rel=\"canonical\" href=\"https:\/\/www.public.sn\/index.php\/2023\/01\/26\/lidentite-des-deux-fugitifs-de-la-maison-darret-et-de-correction-de-mbour-connue\/\" \/>\n<meta property=\"og:locale\" content=\"fr_FR\" \/>\n<meta property=\"og:type\" content=\"article\" \/>\n<meta property=\"og:title\" content=\"L&#039;identit\u00e9 des deux fugitifs de la maison d&#039;arr\u00eat et de correction de Mbour connue - LE PUBLIC\" \/>\n<meta property=\"og:description\" content=\"Le fils de Mansour Diop c\u00e9l\u00e8bre journaliste chroniqueur, qui officie \u00e0 la SEN TV, Mamadou Moustapha Diop, 22 ans, arr\u00eat\u00e9 dans l&rsquo;affaire du meurtre d&rsquo;une Franco-S\u00e9n\u00e9galaise \u00e0 Somone, a r\u00e9ussi \u00e0 s&rsquo;\u00e9vader de la Maison d&rsquo;arr\u00eat et de correction (Mac) de Mbour. \u00a0 Un assassinat qui avait d\u00e9fray\u00e9 la chronique, il y a quelques semaines. Moustapha Diop s&rsquo;\u00e9tait introduit dans une r\u00e9sidence sise au quartier Les Aigrettes de Somone avec son acolyte pour d\u00e9pouiller la Franco-S\u00e9n\u00e9galaise appel\u00e9e B\u00e9a. La tentative de vol avait vir\u00e9 au meurtre. \u00a0 L&rsquo;autre \u00e9vad\u00e9, du nom d&rsquo;El Hadj Sarr dit \u00ab\u00a0El Hadj Ndiaye\u00a0\u00bb, n\u00e9 en 2002 \u00e0 Thiadiaye, est un apprenti-camion.\u00a0\" \/>\n<meta property=\"og:url\" content=\"https:\/\/www.public.sn\/index.php\/2023\/01\/26\/lidentite-des-deux-fugitifs-de-la-maison-darret-et-de-correction-de-mbour-connue\/\" \/>\n<meta property=\"og:site_name\" content=\"LE PUBLIC\" \/>\n<meta property=\"article:published_time\" content=\"2023-01-26T18:29:32+00:00\" \/>\n<meta property=\"og:image\" content=\"https:\/\/www.public.sn\/wp-content\/uploads\/2023\/01\/Mac-Mbour-1.jpg\" \/>\n\t<meta property=\"og:image:width\" content=\"354\" \/>\n\t<meta property=\"og:image:height\" content=\"185\" \/>\n\t<meta property=\"og:image:type\" content=\"image\/jpeg\" \/>\n<meta name=\"author\" content=\"LA REDACTION\" \/>\n<meta name=\"twitter:card\" content=\"summary_large_image\" \/>\n<meta name=\"twitter:label1\" content=\"\u00c9crit par\" \/>\n\t<meta name=\"twitter:data1\" content=\"LA REDACTION\" \/>\n\t<meta name=\"twitter:label2\" content=\"Dur\u00e9e de lecture estim\u00e9e\" \/>\n\t<meta name=\"twitter:data2\" content=\"1 minute\" \/>\n<script type=\"application\/ld+json\" class=\"yoast-schema-graph\">{\"@context\":\"https:\/\/schema.org\",\"@graph\":[{\"@type\":\"Article\",\"@id\":\"https:\/\/www.public.sn\/index.php\/2023\/01\/26\/lidentite-des-deux-fugitifs-de-la-maison-darret-et-de-correction-de-mbour-connue\/#article\",\"isPartOf\":{\"@id\":\"https:\/\/www.public.sn\/index.php\/2023\/01\/26\/lidentite-des-deux-fugitifs-de-la-maison-darret-et-de-correction-de-mbour-connue\/\"},\"author\":{\"name\":\"LA REDACTION\",\"@id\":\"https:\/\/www.public.sn\/#\/schema\/person\/cb76c8e1b8becc6be61fb5e92d6d0224\"},\"headline\":\"L&rsquo;identit\u00e9 des deux fugitifs de la maison d&rsquo;arr\u00eat et de correction de Mbour connue\",\"datePublished\":\"2023-01-26T18:29:32+00:00\",\"mainEntityOfPage\":{\"@id\":\"https:\/\/www.public.sn\/index.php\/2023\/01\/26\/lidentite-des-deux-fugitifs-de-la-maison-darret-et-de-correction-de-mbour-connue\/\"},\"wordCount\":129,\"commentCount\":0,\"publisher\":{\"@id\":\"https:\/\/www.public.sn\/#organization\"},\"image\":{\"@id\":\"https:\/\/www.public.sn\/index.php\/2023\/01\/26\/lidentite-des-deux-fugitifs-de-la-maison-darret-et-de-correction-de-mbour-connue\/#primaryimage\"},\"thumbnailUrl\":\"https:\/\/www.public.sn\/wp-content\/uploads\/2023\/01\/Mac-Mbour-1.jpg\",\"keywords\":[\"Fils\",\"MAC\",\"mansour diop\",\"Mbour\"],\"articleSection\":[\"ACTUALIT\u00c9S\",\"FAITS DIVERS\",\"justice\",\"PEOPLE\",\"S\u00c9CURIT\u00c9 &amp; JUSTICE\",\"S\u00c9N\u00c9GAL\",\"SOCIETE\"],\"inLanguage\":\"fr-FR\",\"potentialAction\":[{\"@type\":\"CommentAction\",\"name\":\"Comment\",\"target\":[\"https:\/\/www.public.sn\/index.php\/2023\/01\/26\/lidentite-des-deux-fugitifs-de-la-maison-darret-et-de-correction-de-mbour-connue\/#respond\"]}]},{\"@type\":\"WebPage\",\"@id\":\"https:\/\/www.public.sn\/index.php\/2023\/01\/26\/lidentite-des-deux-fugitifs-de-la-maison-darret-et-de-correction-de-mbour-connue\/\",\"url\":\"https:\/\/www.public.sn\/index.php\/2023\/01\/26\/lidentite-des-deux-fugitifs-de-la-maison-darret-et-de-correction-de-mbour-connue\/\",\"name\":\"L'identit\u00e9 des deux fugitifs de la maison d'arr\u00eat et de correction de Mbour connue - LE PUBLIC\",\"isPartOf\":{\"@id\":\"https:\/\/www.public.sn\/#website\"},\"primaryImageOfPage\":{\"@id\":\"https:\/\/www.public.sn\/index.php\/2023\/01\/26\/lidentite-des-deux-fugitifs-de-la-maison-darret-et-de-correction-de-mbour-connue\/#primaryimage\"},\"image\":{\"@id\":\"https:\/\/www.public.sn\/index.php\/2023\/01\/26\/lidentite-des-deux-fugitifs-de-la-maison-darret-et-de-correction-de-mbour-connue\/#primaryimage\"},\"thumbnailUrl\":\"https:\/\/www.public.sn\/wp-content\/uploads\/2023\/01\/Mac-Mbour-1.jpg\",\"datePublished\":\"2023-01-26T18:29:32+00:00\",\"breadcrumb\":{\"@id\":\"https:\/\/www.public.sn\/index.php\/2023\/01\/26\/lidentite-des-deux-fugitifs-de-la-maison-darret-et-de-correction-de-mbour-connue\/#breadcrumb\"},\"inLanguage\":\"fr-FR\",\"potentialAction\":[{\"@type\":\"ReadAction\",\"target\":[\"https:\/\/www.public.sn\/index.php\/2023\/01\/26\/lidentite-des-deux-fugitifs-de-la-maison-darret-et-de-correction-de-mbour-connue\/\"]}]},{\"@type\":\"ImageObject\",\"inLanguage\":\"fr-FR\",\"@id\":\"https:\/\/www.public.sn\/index.php\/2023\/01\/26\/lidentite-des-deux-fugitifs-de-la-maison-darret-et-de-correction-de-mbour-connue\/#primaryimage\",\"url\":\"https:\/\/www.public.sn\/wp-content\/uploads\/2023\/01\/Mac-Mbour-1.jpg\",\"contentUrl\":\"https:\/\/www.public.sn\/wp-content\/uploads\/2023\/01\/Mac-Mbour-1.jpg\",\"width\":354,\"height\":185},{\"@type\":\"BreadcrumbList\",\"@id\":\"https:\/\/www.public.sn\/index.php\/2023\/01\/26\/lidentite-des-deux-fugitifs-de-la-maison-darret-et-de-correction-de-mbour-connue\/#breadcrumb\",\"itemListElement\":[{\"@type\":\"ListItem\",\"position\":1,\"name\":\"Accueil\",\"item\":\"https:\/\/www.public.sn\/\"},{\"@type\":\"ListItem\",\"position\":2,\"name\":\"L&rsquo;identit\u00e9 des deux fugitifs de la maison d&rsquo;arr\u00eat et de correction de Mbour connue\"}]},{\"@type\":\"WebSite\",\"@id\":\"https:\/\/www.public.sn\/#website\",\"url\":\"https:\/\/www.public.sn\/\",\"name\":\"LE PUBLIC\",\"description\":\"\",\"publisher\":{\"@id\":\"https:\/\/www.public.sn\/#organization\"},\"potentialAction\":[{\"@type\":\"SearchAction\",\"target\":{\"@type\":\"EntryPoint\",\"urlTemplate\":\"https:\/\/www.public.sn\/?s={search_term_string}\"},\"query-input\":{\"@type\":\"PropertyValueSpecification\",\"valueRequired\":true,\"valueName\":\"search_term_string\"}}],\"inLanguage\":\"fr-FR\"},{\"@type\":\"Organization\",\"@id\":\"https:\/\/www.public.sn\/#organization\",\"name\":\"LE PUBLIC\",\"url\":\"https:\/\/www.public.sn\/\",\"logo\":{\"@type\":\"ImageObject\",\"inLanguage\":\"fr-FR\",\"@id\":\"https:\/\/www.public.sn\/#\/schema\/logo\/image\/\",\"url\":\"https:\/\/www.public.sn\/wp-content\/uploads\/2024\/05\/cropped-LOGO-PUBLIC.SN_.png\",\"contentUrl\":\"https:\/\/www.public.sn\/wp-content\/uploads\/2024\/05\/cropped-LOGO-PUBLIC.SN_.png\",\"width\":682,\"height\":192,\"caption\":\"LE PUBLIC\"},\"image\":{\"@id\":\"https:\/\/www.public.sn\/#\/schema\/logo\/image\/\"}},{\"@type\":\"Person\",\"@id\":\"https:\/\/www.public.sn\/#\/schema\/person\/cb76c8e1b8becc6be61fb5e92d6d0224\",\"name\":\"LA REDACTION\",\"image\":{\"@type\":\"ImageObject\",\"inLanguage\":\"fr-FR\",\"@id\":\"https:\/\/www.public.sn\/#\/schema\/person\/image\/\",\"url\":\"https:\/\/secure.gravatar.com\/avatar\/2dce5ddd34b8fef0180efe03aa2a9bee7d953856048f9a16b298190a3178407c?s=96&d=mm&r=g\",\"contentUrl\":\"https:\/\/secure.gravatar.com\/avatar\/2dce5ddd34b8fef0180efe03aa2a9bee7d953856048f9a16b298190a3178407c?s=96&d=mm&r=g\",\"caption\":\"LA REDACTION\"},\"url\":\"https:\/\/www.public.sn\/index.php\/author\/editeurpsn\/\"}]}<\/script>\n<!-- \/ Yoast SEO plugin. -->","yoast_head_json":{"title":"L'identit\u00e9 des deux fugitifs de la maison d'arr\u00eat et de correction de Mbour connue - LE PUBLIC","robots":{"index":"index","follow":"follow","max-snippet":"max-snippet:-1","max-image-preview":"max-image-preview:large","max-video-preview":"max-video-preview:-1"},"canonical":"https:\/\/www.public.sn\/index.php\/2023\/01\/26\/lidentite-des-deux-fugitifs-de-la-maison-darret-et-de-correction-de-mbour-connue\/","og_locale":"fr_FR","og_type":"article","og_title":"L'identit\u00e9 des deux fugitifs de la maison d'arr\u00eat et de correction de Mbour connue - LE PUBLIC","og_description":"Le fils de Mansour Diop c\u00e9l\u00e8bre journaliste chroniqueur, qui officie \u00e0 la SEN TV, Mamadou Moustapha Diop, 22 ans, arr\u00eat\u00e9 dans l&rsquo;affaire du meurtre d&rsquo;une Franco-S\u00e9n\u00e9galaise \u00e0 Somone, a r\u00e9ussi \u00e0 s&rsquo;\u00e9vader de la Maison d&rsquo;arr\u00eat et de correction (Mac) de Mbour. \u00a0 Un assassinat qui avait d\u00e9fray\u00e9 la chronique, il y a quelques semaines. Moustapha Diop s&rsquo;\u00e9tait introduit dans une r\u00e9sidence sise au quartier Les Aigrettes de Somone avec son acolyte pour d\u00e9pouiller la Franco-S\u00e9n\u00e9galaise appel\u00e9e B\u00e9a. La tentative de vol avait vir\u00e9 au meurtre. \u00a0 L&rsquo;autre \u00e9vad\u00e9, du nom d&rsquo;El Hadj Sarr dit \u00ab\u00a0El Hadj Ndiaye\u00a0\u00bb, n\u00e9 en 2002 \u00e0 Thiadiaye, est un apprenti-camion.\u00a0","og_url":"https:\/\/www.public.sn\/index.php\/2023\/01\/26\/lidentite-des-deux-fugitifs-de-la-maison-darret-et-de-correction-de-mbour-connue\/","og_site_name":"LE PUBLIC","article_published_time":"2023-01-26T18:29:32+00:00","og_image":[{"width":354,"height":185,"url":"https:\/\/www.public.sn\/wp-content\/uploads\/2023\/01\/Mac-Mbour-1.jpg","type":"image\/jpeg"}],"author":"LA REDACTION","twitter_card":"summary_large_image","twitter_misc":{"\u00c9crit par":"LA REDACTION","Dur\u00e9e de lecture estim\u00e9e":"1 minute"},"schema":{"@context":"https:\/\/schema.org","@graph":[{"@type":"Article","@id":"https:\/\/www.public.sn\/index.php\/2023\/01\/26\/lidentite-des-deux-fugitifs-de-la-maison-darret-et-de-correction-de-mbour-connue\/#article","isPartOf":{"@id":"https:\/\/www.public.sn\/index.php\/2023\/01\/26\/lidentite-des-deux-fugitifs-de-la-maison-darret-et-de-correction-de-mbour-connue\/"},"author":{"name":"LA REDACTION","@id":"https:\/\/www.public.sn\/#\/schema\/person\/cb76c8e1b8becc6be61fb5e92d6d0224"},"headline":"L&rsquo;identit\u00e9 des deux fugitifs de la maison d&rsquo;arr\u00eat et de correction de Mbour connue","datePublished":"2023-01-26T18:29:32+00:00","mainEntityOfPage":{"@id":"https:\/\/www.public.sn\/index.php\/2023\/01\/26\/lidentite-des-deux-fugitifs-de-la-maison-darret-et-de-correction-de-mbour-connue\/"},"wordCount":129,"commentCount":0,"publisher":{"@id":"https:\/\/www.public.sn\/#organization"},"image":{"@id":"https:\/\/www.public.sn\/index.php\/2023\/01\/26\/lidentite-des-deux-fugitifs-de-la-maison-darret-et-de-correction-de-mbour-connue\/#primaryimage"},"thumbnailUrl":"https:\/\/www.public.sn\/wp-content\/uploads\/2023\/01\/Mac-Mbour-1.jpg","keywords":["Fils","MAC","mansour diop","Mbour"],"articleSection":["ACTUALIT\u00c9S","FAITS DIVERS","justice","PEOPLE","S\u00c9CURIT\u00c9 &amp; JUSTICE","S\u00c9N\u00c9GAL","SOCIETE"],"inLanguage":"fr-FR","potentialAction":[{"@type":"CommentAction","name":"Comment","target":["https:\/\/www.public.sn\/index.php\/2023\/01\/26\/lidentite-des-deux-fugitifs-de-la-maison-darret-et-de-correction-de-mbour-connue\/#respond"]}]},{"@type":"WebPage","@id":"https:\/\/www.public.sn\/index.php\/2023\/01\/26\/lidentite-des-deux-fugitifs-de-la-maison-darret-et-de-correction-de-mbour-connue\/","url":"https:\/\/www.public.sn\/index.php\/2023\/01\/26\/lidentite-des-deux-fugitifs-de-la-maison-darret-et-de-correction-de-mbour-connue\/","name":"L'identit\u00e9 des deux fugitifs de la maison d'arr\u00eat et de correction de Mbour connue - LE PUBLIC","isPartOf":{"@id":"https:\/\/www.public.sn\/#website"},"primaryImageOfPage":{"@id":"https:\/\/www.public.sn\/index.php\/2023\/01\/26\/lidentite-des-deux-fugitifs-de-la-maison-darret-et-de-correction-de-mbour-connue\/#primaryimage"},"image":{"@id":"https:\/\/www.public.sn\/index.php\/2023\/01\/26\/lidentite-des-deux-fugitifs-de-la-maison-darret-et-de-correction-de-mbour-connue\/#primaryimage"},"thumbnailUrl":"https:\/\/www.public.sn\/wp-content\/uploads\/2023\/01\/Mac-Mbour-1.jpg","datePublished":"2023-01-26T18:29:32+00:00","breadcrumb":{"@id":"https:\/\/www.public.sn\/index.php\/2023\/01\/26\/lidentite-des-deux-fugitifs-de-la-maison-darret-et-de-correction-de-mbour-connue\/#breadcrumb"},"inLanguage":"fr-FR","potentialAction":[{"@type":"ReadAction","target":["https:\/\/www.public.sn\/index.php\/2023\/01\/26\/lidentite-des-deux-fugitifs-de-la-maison-darret-et-de-correction-de-mbour-connue\/"]}]},{"@type":"ImageObject","inLanguage":"fr-FR","@id":"https:\/\/www.public.sn\/index.php\/2023\/01\/26\/lidentite-des-deux-fugitifs-de-la-maison-darret-et-de-correction-de-mbour-connue\/#primaryimage","url":"https:\/\/www.public.sn\/wp-content\/uploads\/2023\/01\/Mac-Mbour-1.jpg","contentUrl":"https:\/\/www.public.sn\/wp-content\/uploads\/2023\/01\/Mac-Mbour-1.jpg","width":354,"height":185},{"@type":"BreadcrumbList","@id":"https:\/\/www.public.sn\/index.php\/2023\/01\/26\/lidentite-des-deux-fugitifs-de-la-maison-darret-et-de-correction-de-mbour-connue\/#breadcrumb","itemListElement":[{"@type":"ListItem","position":1,"name":"Accueil","item":"https:\/\/www.public.sn\/"},{"@type":"ListItem","position":2,"name":"L&rsquo;identit\u00e9 des deux fugitifs de la maison d&rsquo;arr\u00eat et de correction de Mbour connue"}]},{"@type":"WebSite","@id":"https:\/\/www.public.sn\/#website","url":"https:\/\/www.public.sn\/","name":"LE PUBLIC","description":"","publisher":{"@id":"https:\/\/www.public.sn\/#organization"},"potentialAction":[{"@type":"SearchAction","target":{"@type":"EntryPoint","urlTemplate":"https:\/\/www.public.sn\/?s={search_term_string}"},"query-input":{"@type":"PropertyValueSpecification","valueRequired":true,"valueName":"search_term_string"}}],"inLanguage":"fr-FR"},{"@type":"Organization","@id":"https:\/\/www.public.sn\/#organization","name":"LE PUBLIC","url":"https:\/\/www.public.sn\/","logo":{"@type":"ImageObject","inLanguage":"fr-FR","@id":"https:\/\/www.public.sn\/#\/schema\/logo\/image\/","url":"https:\/\/www.public.sn\/wp-content\/uploads\/2024\/05\/cropped-LOGO-PUBLIC.SN_.png","contentUrl":"https:\/\/www.public.sn\/wp-content\/uploads\/2024\/05\/cropped-LOGO-PUBLIC.SN_.png","width":682,"height":192,"caption":"LE PUBLIC"},"image":{"@id":"https:\/\/www.public.sn\/#\/schema\/logo\/image\/"}},{"@type":"Person","@id":"https:\/\/www.public.sn\/#\/schema\/person\/cb76c8e1b8becc6be61fb5e92d6d0224","name":"LA REDACTION","image":{"@type":"ImageObject","inLanguage":"fr-FR","@id":"https:\/\/www.public.sn\/#\/schema\/person\/image\/","url":"https:\/\/secure.gravatar.com\/avatar\/2dce5ddd34b8fef0180efe03aa2a9bee7d953856048f9a16b298190a3178407c?s=96&d=mm&r=g","contentUrl":"https:\/\/secure.gravatar.com\/avatar\/2dce5ddd34b8fef0180efe03aa2a9bee7d953856048f9a16b298190a3178407c?s=96&d=mm&r=g","caption":"LA REDACTION"},"url":"https:\/\/www.public.sn\/index.php\/author\/editeurpsn\/"}]}},"jetpack_featured_media_url":"https:\/\/www.public.sn\/wp-content\/uploads\/2023\/01\/Mac-Mbour-1.jpg","jetpack_sharing_enabled":true,"_links":{"self":[{"href":"https:\/\/www.public.sn\/index.php\/wp-json\/wp\/v2\/posts\/14370","targetHints":{"allow":["GET"]}}],"collection":[{"href":"https:\/\/www.public.sn\/index.php\/wp-json\/wp\/v2\/posts"}],"about":[{"href":"https:\/\/www.public.sn\/index.php\/wp-json\/wp\/v2\/types\/post"}],"author":[{"embeddable":true,"href":"https:\/\/www.public.sn\/index.php\/wp-json\/wp\/v2\/users\/7"}],"replies":[{"embeddable":true,"href":"https:\/\/www.public.sn\/index.php\/wp-json\/wp\/v2\/comments?post=14370"}],"version-history":[{"count":1,"href":"https:\/\/www.public.sn\/index.php\/wp-json\/wp\/v2\/posts\/14370\/revisions"}],"predecessor-version":[{"id":14376,"href":"https:\/\/www.public.sn\/index.php\/wp-json\/wp\/v2\/posts\/14370\/revisions\/14376"}],"wp:featuredmedia":[{"embeddable":true,"href":"https:\/\/www.public.sn\/index.php\/wp-json\/wp\/v2\/media\/14373"}],"wp:attachment":[{"href":"https:\/\/www.public.sn\/index.php\/wp-json\/wp\/v2\/media?parent=14370"}],"wp:term":[{"taxonomy":"category","embeddable":true,"href":"https:\/\/www.public.sn\/index.php\/wp-json\/wp\/v2\/categories?post=14370"},{"taxonomy":"post_tag","embeddable":true,"href":"https:\/\/www.public.sn\/index.php\/wp-json\/wp\/v2\/tags?post=14370"}],"curies":[{"name":"wp","href":"https:\/\/api.w.org\/{rel}","templated":true}]}}