{"id":14380,"date":"2023-01-26T20:35:35","date_gmt":"2023-01-26T20:35:35","guid":{"rendered":"https:\/\/www.public.sn\/?p=14380"},"modified":"2023-01-26T20:35:35","modified_gmt":"2023-01-26T20:35:35","slug":"birame-souleye-diop-sur-les-testaments-des-patriotes","status":"publish","type":"post","link":"https:\/\/www.public.sn\/index.php\/2023\/01\/26\/birame-souleye-diop-sur-les-testaments-des-patriotes\/","title":{"rendered":"Birame Soul\u00e8ye Diop sur les testaments des patriotes"},"content":{"rendered":"<p><strong>L&rsquo;administrateur de Pastef, Birame Soul\u00e8ye Diop est pr\u00eat pour prot\u00e9ger son leader. \u00abNous avons tous fait nos testaments comme notre leader\u00bb, a-t-il pr\u00e9cis\u00e9 avant de rappeler que le Pr\u00e9sident Macky Sall a \u00e9limin\u00e9 Karim Wade et Khalifa Sall de la course \u00e0 la pr\u00e9sidentielle.<\/strong><\/p><div class=\"publi-paragraphe1\" style=\"margin-top: 10px;margin-bottom: 10px;margin-left: auto;margin-right: auto;text-align: center;\" id=\"publi-3347241101\"><div class=\"publi-adlabel\">Publicit\u00e9<\/div><script async src=\"\/\/pagead2.googlesyndication.com\/pagead\/js\/adsbygoogle.js?client=ca-pub-4089586018074219\" crossorigin=\"anonymous\"><\/script><ins class=\"adsbygoogle\" style=\"display:block;\" data-ad-client=\"ca-pub-4089586018074219\" \ndata-ad-slot=\"2087940154\" \ndata-ad-format=\"auto\"><\/ins>\n<script> \n(adsbygoogle = window.adsbygoogle || []).push({}); \n<\/script>\n<\/div>\n<p>A l\u2019en croire, \u00abMacky pense qu&rsquo;il a fait ce qu&rsquo;aucun autre Pr\u00e9sident du S\u00e9n\u00e9gal n&rsquo;a fait, mais il n&rsquo;ose pas demander aux S\u00e9n\u00e9galais de choisir entre lui et un autre candidat\u00bb.<\/p>\n<p>Pour le pr\u00e9sident du groupe parlementaire de Yewwi Askan wi, \u00abla justice a d\u00e9j\u00e0 rendu sa d\u00e9cision depuis longtemps sur l&rsquo;affaire Sweet Beaut\u00e9\u00bb. Ce qui leur reste maintenant, soutient le maire de Thi\u00e8s-Nord, c&rsquo;est comment faire pour \u00e9liminer un candidat politique.<\/p>\n<p>\u00abMais que Macky Sall sache que nous sommes en phase avec notre leader Ousmane Sonko. Nous sommes pr\u00eats \u00e0 r\u00e9pondre sur tous les fronts\u00bb, dit-il Avant de rappeler les propos du Pr\u00e9sident Macky Sall en 2011 soutenant que \u00able combat contre ce gouvernement se fera sur le terrain\u00bb.<\/p>\n<p>Il pr\u00e9vient que Thi\u00e8s ne sera pas en reste dans ce combat. Par ailleurs, Birame Soul\u00e8ye Diop a d\u00e9nonc\u00e9 la lenteur dans le traitement judiciaire des dossiers portant sur les rapports de la Cour des comptes. Il en d\u00e9duit qu\u2019il y a une justice \u00e0 deux vitesses, car s\u2019il s\u2019agissait de Sonko cela n&rsquo;allait pas se passer de cette mani\u00e8re. Il invite la justice \u00e0 faire son travail.<\/p>\n<p><strong>L&rsquo;AS<\/strong><\/p>\n<div class=\"publi-apres-le-contenu\" style=\"margin-top: 10px;margin-bottom: 10px;margin-left: auto;margin-right: auto;text-align: center;\" id=\"publi-652215170\"><div class=\"publi-adlabel\">Publicit\u00e9<\/div><script async src=\"\/\/pagead2.googlesyndication.com\/pagead\/js\/adsbygoogle.js?client=ca-pub-4089586018074219\" crossorigin=\"anonymous\"><\/script><ins class=\"adsbygoogle\" style=\"display:block;\" data-ad-client=\"ca-pub-4089586018074219\" \ndata-ad-slot=\"2087940154\" \ndata-ad-format=\"auto\"><\/ins>\n<script> \n(adsbygoogle = window.adsbygoogle || []).push({}); \n<\/script>\n<\/div>","protected":false},"excerpt":{"rendered":"<p>L&rsquo;administrateur de Pastef, Birame Soul\u00e8ye Diop est pr\u00eat pour prot\u00e9ger son leader. \u00abNous avons tous fait nos testaments comme notre leader\u00bb, a-t-il pr\u00e9cis\u00e9 avant de rappeler que le Pr\u00e9sident Macky Sall a \u00e9limin\u00e9 Karim Wade et Khalifa Sall de la course \u00e0 la pr\u00e9sidentielle. A l\u2019en croire, \u00abMacky pense qu&rsquo;il a fait ce qu&rsquo;aucun autre Pr\u00e9sident du S\u00e9n\u00e9gal n&rsquo;a fait, mais il n&rsquo;ose pas demander aux S\u00e9n\u00e9galais de choisir entre lui et un autre candidat\u00bb. Pour le pr\u00e9sident du groupe parlementaire de Yewwi Askan wi, \u00abla justice a d\u00e9j\u00e0 rendu sa d\u00e9cision depuis longtemps sur l&rsquo;affaire Sweet Beaut\u00e9\u00bb. Ce qui leur reste maintenant, soutient le maire de Thi\u00e8s-Nord, c&rsquo;est comment faire pour \u00e9liminer un candidat politique. \u00abMais que Macky Sall sache que nous sommes en phase avec notre leader Ousmane Sonko. Nous sommes pr\u00eats \u00e0 r\u00e9pondre sur tous les fronts\u00bb, dit-il Avant de rappeler les propos du Pr\u00e9sident Macky Sall en 2011 soutenant que \u00able combat contre ce gouvernement se fera sur le terrain\u00bb. Il pr\u00e9vient que Thi\u00e8s ne sera pas en reste dans ce combat. Par ailleurs, Birame Soul\u00e8ye Diop a d\u00e9nonc\u00e9 la lenteur dans le traitement judiciaire des dossiers portant sur les rapports de la Cour des comptes. Il en d\u00e9duit qu\u2019il y a une justice \u00e0 deux vitesses, car s\u2019il s\u2019agissait de Sonko cela n&rsquo;allait pas se passer de cette mani\u00e8re. Il invite la justice \u00e0 faire son travail. L&rsquo;AS<\/p>\n","protected":false},"author":1,"featured_media":8995,"comment_status":"open","ping_status":"open","sticky":false,"template":"","format":"standard","meta":{"_jetpack_memberships_contains_paid_content":false,"footnotes":""},"categories":[375,3,1],"tags":[2990,672,4202],"class_list":["post-14380","post","type-post","status-publish","format-standard","has-post-thumbnail","hentry","category-actualites","category-politique","category-non-classe","tag-birame-souleye-diop","tag-pastef","tag-testament","entry","has-media","owp-thumbs-layout-horizontal","owp-btn-normal","owp-tabs-layout-horizontal","has-no-thumbnails","has-product-nav"],"yoast_head":"<!-- This site is optimized with the Yoast SEO plugin v25.5 - https:\/\/yoast.com\/wordpress\/plugins\/seo\/ -->\n<title>Birame Soul\u00e8ye Diop sur les testaments des patriotes - LE PUBLIC<\/title>\n<meta name=\"description\" content=\"L&#039;administrateur de Pastef, Birame Soul\u00e8ye Diop est pr\u00eat pour prot\u00e9ger son leader. \u00abNous avons tous fait nos testaments comme notre leader\u00bb, a-t-il pr\u00e9cis\u00e9 avant de rappeler que le Pr\u00e9sident Macky Sall a \u00e9limin\u00e9 Karim Wade et Khalifa Sall de la course \u00e0 la pr\u00e9sidentielle.\" \/>\n<meta name=\"robots\" content=\"index, follow, max-snippet:-1, max-image-preview:large, max-video-preview:-1\" \/>\n<link rel=\"canonical\" href=\"https:\/\/www.public.sn\/index.php\/2023\/01\/26\/birame-souleye-diop-sur-les-testaments-des-patriotes\/\" \/>\n<meta property=\"og:locale\" content=\"fr_FR\" \/>\n<meta property=\"og:type\" content=\"article\" \/>\n<meta property=\"og:title\" content=\"Birame Soul\u00e8ye Diop sur les testaments des patriotes - LE PUBLIC\" \/>\n<meta property=\"og:description\" content=\"L&#039;administrateur de Pastef, Birame Soul\u00e8ye Diop est pr\u00eat pour prot\u00e9ger son leader. \u00abNous avons tous fait nos testaments comme notre leader\u00bb, a-t-il pr\u00e9cis\u00e9 avant de rappeler que le Pr\u00e9sident Macky Sall a \u00e9limin\u00e9 Karim Wade et Khalifa Sall de la course \u00e0 la pr\u00e9sidentielle.\" \/>\n<meta property=\"og:url\" content=\"https:\/\/www.public.sn\/index.php\/2023\/01\/26\/birame-souleye-diop-sur-les-testaments-des-patriotes\/\" \/>\n<meta property=\"og:site_name\" content=\"LE PUBLIC\" \/>\n<meta property=\"article:published_time\" content=\"2023-01-26T20:35:35+00:00\" \/>\n<meta property=\"og:image\" content=\"https:\/\/www.public.sn\/wp-content\/uploads\/2022\/11\/birame-souleye-diop.png\" \/>\n\t<meta property=\"og:image:width\" content=\"681\" \/>\n\t<meta property=\"og:image:height\" content=\"459\" \/>\n\t<meta property=\"og:image:type\" content=\"image\/png\" \/>\n<meta name=\"author\" content=\"LA REDACTION\" \/>\n<meta name=\"twitter:card\" content=\"summary_large_image\" \/>\n<meta name=\"twitter:label1\" content=\"\u00c9crit par\" \/>\n\t<meta name=\"twitter:data1\" content=\"LA REDACTION\" \/>\n\t<meta name=\"twitter:label2\" content=\"Dur\u00e9e de lecture estim\u00e9e\" \/>\n\t<meta name=\"twitter:data2\" content=\"2 minutes\" \/>\n<script type=\"application\/ld+json\" class=\"yoast-schema-graph\">{\"@context\":\"https:\/\/schema.org\",\"@graph\":[{\"@type\":\"Article\",\"@id\":\"https:\/\/www.public.sn\/index.php\/2023\/01\/26\/birame-souleye-diop-sur-les-testaments-des-patriotes\/#article\",\"isPartOf\":{\"@id\":\"https:\/\/www.public.sn\/index.php\/2023\/01\/26\/birame-souleye-diop-sur-les-testaments-des-patriotes\/\"},\"author\":{\"name\":\"LA REDACTION\",\"@id\":\"https:\/\/www.public.sn\/#\/schema\/person\/e3f4a11b037d4203902db148f9bc8d5a\"},\"headline\":\"Birame Soul\u00e8ye Diop sur les testaments des patriotes\",\"datePublished\":\"2023-01-26T20:35:35+00:00\",\"mainEntityOfPage\":{\"@id\":\"https:\/\/www.public.sn\/index.php\/2023\/01\/26\/birame-souleye-diop-sur-les-testaments-des-patriotes\/\"},\"wordCount\":265,\"commentCount\":0,\"publisher\":{\"@id\":\"https:\/\/www.public.sn\/#organization\"},\"image\":{\"@id\":\"https:\/\/www.public.sn\/index.php\/2023\/01\/26\/birame-souleye-diop-sur-les-testaments-des-patriotes\/#primaryimage\"},\"thumbnailUrl\":\"https:\/\/www.public.sn\/wp-content\/uploads\/2022\/11\/birame-souleye-diop.png\",\"keywords\":[\"birame souleye diop\",\"Pastef\",\"testament\"],\"articleSection\":[\"ACTUALIT\u00c9S\",\"POLITIQUE\",\"S\u00c9N\u00c9GAL\"],\"inLanguage\":\"fr-FR\",\"potentialAction\":[{\"@type\":\"CommentAction\",\"name\":\"Comment\",\"target\":[\"https:\/\/www.public.sn\/index.php\/2023\/01\/26\/birame-souleye-diop-sur-les-testaments-des-patriotes\/#respond\"]}]},{\"@type\":\"WebPage\",\"@id\":\"https:\/\/www.public.sn\/index.php\/2023\/01\/26\/birame-souleye-diop-sur-les-testaments-des-patriotes\/\",\"url\":\"https:\/\/www.public.sn\/index.php\/2023\/01\/26\/birame-souleye-diop-sur-les-testaments-des-patriotes\/\",\"name\":\"Birame Soul\u00e8ye Diop sur les testaments des patriotes - LE PUBLIC\",\"isPartOf\":{\"@id\":\"https:\/\/www.public.sn\/#website\"},\"primaryImageOfPage\":{\"@id\":\"https:\/\/www.public.sn\/index.php\/2023\/01\/26\/birame-souleye-diop-sur-les-testaments-des-patriotes\/#primaryimage\"},\"image\":{\"@id\":\"https:\/\/www.public.sn\/index.php\/2023\/01\/26\/birame-souleye-diop-sur-les-testaments-des-patriotes\/#primaryimage\"},\"thumbnailUrl\":\"https:\/\/www.public.sn\/wp-content\/uploads\/2022\/11\/birame-souleye-diop.png\",\"datePublished\":\"2023-01-26T20:35:35+00:00\",\"description\":\"L'administrateur de Pastef, Birame Soul\u00e8ye Diop est pr\u00eat pour prot\u00e9ger son leader. \u00abNous avons tous fait nos testaments comme notre leader\u00bb, a-t-il pr\u00e9cis\u00e9 avant de rappeler que le Pr\u00e9sident Macky Sall a \u00e9limin\u00e9 Karim Wade et Khalifa Sall de la course \u00e0 la pr\u00e9sidentielle.\",\"breadcrumb\":{\"@id\":\"https:\/\/www.public.sn\/index.php\/2023\/01\/26\/birame-souleye-diop-sur-les-testaments-des-patriotes\/#breadcrumb\"},\"inLanguage\":\"fr-FR\",\"potentialAction\":[{\"@type\":\"ReadAction\",\"target\":[\"https:\/\/www.public.sn\/index.php\/2023\/01\/26\/birame-souleye-diop-sur-les-testaments-des-patriotes\/\"]}]},{\"@type\":\"ImageObject\",\"inLanguage\":\"fr-FR\",\"@id\":\"https:\/\/www.public.sn\/index.php\/2023\/01\/26\/birame-souleye-diop-sur-les-testaments-des-patriotes\/#primaryimage\",\"url\":\"https:\/\/www.public.sn\/wp-content\/uploads\/2022\/11\/birame-souleye-diop.png\",\"contentUrl\":\"https:\/\/www.public.sn\/wp-content\/uploads\/2022\/11\/birame-souleye-diop.png\",\"width\":681,\"height\":459,\"caption\":\"publicsn\"},{\"@type\":\"BreadcrumbList\",\"@id\":\"https:\/\/www.public.sn\/index.php\/2023\/01\/26\/birame-souleye-diop-sur-les-testaments-des-patriotes\/#breadcrumb\",\"itemListElement\":[{\"@type\":\"ListItem\",\"position\":1,\"name\":\"Accueil\",\"item\":\"https:\/\/www.public.sn\/\"},{\"@type\":\"ListItem\",\"position\":2,\"name\":\"Birame Soul\u00e8ye Diop sur les testaments des patriotes\"}]},{\"@type\":\"WebSite\",\"@id\":\"https:\/\/www.public.sn\/#website\",\"url\":\"https:\/\/www.public.sn\/\",\"name\":\"LE PUBLIC\",\"description\":\"\",\"publisher\":{\"@id\":\"https:\/\/www.public.sn\/#organization\"},\"potentialAction\":[{\"@type\":\"SearchAction\",\"target\":{\"@type\":\"EntryPoint\",\"urlTemplate\":\"https:\/\/www.public.sn\/?s={search_term_string}\"},\"query-input\":{\"@type\":\"PropertyValueSpecification\",\"valueRequired\":true,\"valueName\":\"search_term_string\"}}],\"inLanguage\":\"fr-FR\"},{\"@type\":\"Organization\",\"@id\":\"https:\/\/www.public.sn\/#organization\",\"name\":\"LE PUBLIC\",\"url\":\"https:\/\/www.public.sn\/\",\"logo\":{\"@type\":\"ImageObject\",\"inLanguage\":\"fr-FR\",\"@id\":\"https:\/\/www.public.sn\/#\/schema\/logo\/image\/\",\"url\":\"https:\/\/www.public.sn\/wp-content\/uploads\/2024\/05\/cropped-LOGO-PUBLIC.SN_.png\",\"contentUrl\":\"https:\/\/www.public.sn\/wp-content\/uploads\/2024\/05\/cropped-LOGO-PUBLIC.SN_.png\",\"width\":682,\"height\":192,\"caption\":\"LE PUBLIC\"},\"image\":{\"@id\":\"https:\/\/www.public.sn\/#\/schema\/logo\/image\/\"}},{\"@type\":\"Person\",\"@id\":\"https:\/\/www.public.sn\/#\/schema\/person\/e3f4a11b037d4203902db148f9bc8d5a\",\"name\":\"LA REDACTION\",\"image\":{\"@type\":\"ImageObject\",\"inLanguage\":\"fr-FR\",\"@id\":\"https:\/\/www.public.sn\/#\/schema\/person\/image\/\",\"url\":\"https:\/\/secure.gravatar.com\/avatar\/d6c030db45db2883c075085c5d6c6258654a801a93766b49af0b82d4f454e2a5?s=96&d=mm&r=g\",\"contentUrl\":\"https:\/\/secure.gravatar.com\/avatar\/d6c030db45db2883c075085c5d6c6258654a801a93766b49af0b82d4f454e2a5?s=96&d=mm&r=g\",\"caption\":\"LA REDACTION\"},\"sameAs\":[\"http:\/\/www.public.sn\"],\"url\":\"https:\/\/www.public.sn\/index.php\/author\/admin7324\/\"}]}<\/script>\n<!-- \/ Yoast SEO plugin. -->","yoast_head_json":{"title":"Birame Soul\u00e8ye Diop sur les testaments des patriotes - LE PUBLIC","description":"L'administrateur de Pastef, Birame Soul\u00e8ye Diop est pr\u00eat pour prot\u00e9ger son leader. \u00abNous avons tous fait nos testaments comme notre leader\u00bb, a-t-il pr\u00e9cis\u00e9 avant de rappeler que le Pr\u00e9sident Macky Sall a \u00e9limin\u00e9 Karim Wade et Khalifa Sall de la course \u00e0 la pr\u00e9sidentielle.","robots":{"index":"index","follow":"follow","max-snippet":"max-snippet:-1","max-image-preview":"max-image-preview:large","max-video-preview":"max-video-preview:-1"},"canonical":"https:\/\/www.public.sn\/index.php\/2023\/01\/26\/birame-souleye-diop-sur-les-testaments-des-patriotes\/","og_locale":"fr_FR","og_type":"article","og_title":"Birame Soul\u00e8ye Diop sur les testaments des patriotes - LE PUBLIC","og_description":"L'administrateur de Pastef, Birame Soul\u00e8ye Diop est pr\u00eat pour prot\u00e9ger son leader. \u00abNous avons tous fait nos testaments comme notre leader\u00bb, a-t-il pr\u00e9cis\u00e9 avant de rappeler que le Pr\u00e9sident Macky Sall a \u00e9limin\u00e9 Karim Wade et Khalifa Sall de la course \u00e0 la pr\u00e9sidentielle.","og_url":"https:\/\/www.public.sn\/index.php\/2023\/01\/26\/birame-souleye-diop-sur-les-testaments-des-patriotes\/","og_site_name":"LE PUBLIC","article_published_time":"2023-01-26T20:35:35+00:00","og_image":[{"width":681,"height":459,"url":"https:\/\/www.public.sn\/wp-content\/uploads\/2022\/11\/birame-souleye-diop.png","type":"image\/png"}],"author":"LA REDACTION","twitter_card":"summary_large_image","twitter_misc":{"\u00c9crit par":"LA REDACTION","Dur\u00e9e de lecture estim\u00e9e":"2 minutes"},"schema":{"@context":"https:\/\/schema.org","@graph":[{"@type":"Article","@id":"https:\/\/www.public.sn\/index.php\/2023\/01\/26\/birame-souleye-diop-sur-les-testaments-des-patriotes\/#article","isPartOf":{"@id":"https:\/\/www.public.sn\/index.php\/2023\/01\/26\/birame-souleye-diop-sur-les-testaments-des-patriotes\/"},"author":{"name":"LA REDACTION","@id":"https:\/\/www.public.sn\/#\/schema\/person\/e3f4a11b037d4203902db148f9bc8d5a"},"headline":"Birame Soul\u00e8ye Diop sur les testaments des patriotes","datePublished":"2023-01-26T20:35:35+00:00","mainEntityOfPage":{"@id":"https:\/\/www.public.sn\/index.php\/2023\/01\/26\/birame-souleye-diop-sur-les-testaments-des-patriotes\/"},"wordCount":265,"commentCount":0,"publisher":{"@id":"https:\/\/www.public.sn\/#organization"},"image":{"@id":"https:\/\/www.public.sn\/index.php\/2023\/01\/26\/birame-souleye-diop-sur-les-testaments-des-patriotes\/#primaryimage"},"thumbnailUrl":"https:\/\/www.public.sn\/wp-content\/uploads\/2022\/11\/birame-souleye-diop.png","keywords":["birame souleye diop","Pastef","testament"],"articleSection":["ACTUALIT\u00c9S","POLITIQUE","S\u00c9N\u00c9GAL"],"inLanguage":"fr-FR","potentialAction":[{"@type":"CommentAction","name":"Comment","target":["https:\/\/www.public.sn\/index.php\/2023\/01\/26\/birame-souleye-diop-sur-les-testaments-des-patriotes\/#respond"]}]},{"@type":"WebPage","@id":"https:\/\/www.public.sn\/index.php\/2023\/01\/26\/birame-souleye-diop-sur-les-testaments-des-patriotes\/","url":"https:\/\/www.public.sn\/index.php\/2023\/01\/26\/birame-souleye-diop-sur-les-testaments-des-patriotes\/","name":"Birame Soul\u00e8ye Diop sur les testaments des patriotes - LE PUBLIC","isPartOf":{"@id":"https:\/\/www.public.sn\/#website"},"primaryImageOfPage":{"@id":"https:\/\/www.public.sn\/index.php\/2023\/01\/26\/birame-souleye-diop-sur-les-testaments-des-patriotes\/#primaryimage"},"image":{"@id":"https:\/\/www.public.sn\/index.php\/2023\/01\/26\/birame-souleye-diop-sur-les-testaments-des-patriotes\/#primaryimage"},"thumbnailUrl":"https:\/\/www.public.sn\/wp-content\/uploads\/2022\/11\/birame-souleye-diop.png","datePublished":"2023-01-26T20:35:35+00:00","description":"L'administrateur de Pastef, Birame Soul\u00e8ye Diop est pr\u00eat pour prot\u00e9ger son leader. \u00abNous avons tous fait nos testaments comme notre leader\u00bb, a-t-il pr\u00e9cis\u00e9 avant de rappeler que le Pr\u00e9sident Macky Sall a \u00e9limin\u00e9 Karim Wade et Khalifa Sall de la course \u00e0 la pr\u00e9sidentielle.","breadcrumb":{"@id":"https:\/\/www.public.sn\/index.php\/2023\/01\/26\/birame-souleye-diop-sur-les-testaments-des-patriotes\/#breadcrumb"},"inLanguage":"fr-FR","potentialAction":[{"@type":"ReadAction","target":["https:\/\/www.public.sn\/index.php\/2023\/01\/26\/birame-souleye-diop-sur-les-testaments-des-patriotes\/"]}]},{"@type":"ImageObject","inLanguage":"fr-FR","@id":"https:\/\/www.public.sn\/index.php\/2023\/01\/26\/birame-souleye-diop-sur-les-testaments-des-patriotes\/#primaryimage","url":"https:\/\/www.public.sn\/wp-content\/uploads\/2022\/11\/birame-souleye-diop.png","contentUrl":"https:\/\/www.public.sn\/wp-content\/uploads\/2022\/11\/birame-souleye-diop.png","width":681,"height":459,"caption":"publicsn"},{"@type":"BreadcrumbList","@id":"https:\/\/www.public.sn\/index.php\/2023\/01\/26\/birame-souleye-diop-sur-les-testaments-des-patriotes\/#breadcrumb","itemListElement":[{"@type":"ListItem","position":1,"name":"Accueil","item":"https:\/\/www.public.sn\/"},{"@type":"ListItem","position":2,"name":"Birame Soul\u00e8ye Diop sur les testaments des patriotes"}]},{"@type":"WebSite","@id":"https:\/\/www.public.sn\/#website","url":"https:\/\/www.public.sn\/","name":"LE PUBLIC","description":"","publisher":{"@id":"https:\/\/www.public.sn\/#organization"},"potentialAction":[{"@type":"SearchAction","target":{"@type":"EntryPoint","urlTemplate":"https:\/\/www.public.sn\/?s={search_term_string}"},"query-input":{"@type":"PropertyValueSpecification","valueRequired":true,"valueName":"search_term_string"}}],"inLanguage":"fr-FR"},{"@type":"Organization","@id":"https:\/\/www.public.sn\/#organization","name":"LE PUBLIC","url":"https:\/\/www.public.sn\/","logo":{"@type":"ImageObject","inLanguage":"fr-FR","@id":"https:\/\/www.public.sn\/#\/schema\/logo\/image\/","url":"https:\/\/www.public.sn\/wp-content\/uploads\/2024\/05\/cropped-LOGO-PUBLIC.SN_.png","contentUrl":"https:\/\/www.public.sn\/wp-content\/uploads\/2024\/05\/cropped-LOGO-PUBLIC.SN_.png","width":682,"height":192,"caption":"LE PUBLIC"},"image":{"@id":"https:\/\/www.public.sn\/#\/schema\/logo\/image\/"}},{"@type":"Person","@id":"https:\/\/www.public.sn\/#\/schema\/person\/e3f4a11b037d4203902db148f9bc8d5a","name":"LA REDACTION","image":{"@type":"ImageObject","inLanguage":"fr-FR","@id":"https:\/\/www.public.sn\/#\/schema\/person\/image\/","url":"https:\/\/secure.gravatar.com\/avatar\/d6c030db45db2883c075085c5d6c6258654a801a93766b49af0b82d4f454e2a5?s=96&d=mm&r=g","contentUrl":"https:\/\/secure.gravatar.com\/avatar\/d6c030db45db2883c075085c5d6c6258654a801a93766b49af0b82d4f454e2a5?s=96&d=mm&r=g","caption":"LA REDACTION"},"sameAs":["http:\/\/www.public.sn"],"url":"https:\/\/www.public.sn\/index.php\/author\/admin7324\/"}]}},"jetpack_featured_media_url":"https:\/\/www.public.sn\/wp-content\/uploads\/2022\/11\/birame-souleye-diop.png","jetpack_sharing_enabled":true,"_links":{"self":[{"href":"https:\/\/www.public.sn\/index.php\/wp-json\/wp\/v2\/posts\/14380","targetHints":{"allow":["GET"]}}],"collection":[{"href":"https:\/\/www.public.sn\/index.php\/wp-json\/wp\/v2\/posts"}],"about":[{"href":"https:\/\/www.public.sn\/index.php\/wp-json\/wp\/v2\/types\/post"}],"author":[{"embeddable":true,"href":"https:\/\/www.public.sn\/index.php\/wp-json\/wp\/v2\/users\/1"}],"replies":[{"embeddable":true,"href":"https:\/\/www.public.sn\/index.php\/wp-json\/wp\/v2\/comments?post=14380"}],"version-history":[{"count":1,"href":"https:\/\/www.public.sn\/index.php\/wp-json\/wp\/v2\/posts\/14380\/revisions"}],"predecessor-version":[{"id":14381,"href":"https:\/\/www.public.sn\/index.php\/wp-json\/wp\/v2\/posts\/14380\/revisions\/14381"}],"wp:featuredmedia":[{"embeddable":true,"href":"https:\/\/www.public.sn\/index.php\/wp-json\/wp\/v2\/media\/8995"}],"wp:attachment":[{"href":"https:\/\/www.public.sn\/index.php\/wp-json\/wp\/v2\/media?parent=14380"}],"wp:term":[{"taxonomy":"category","embeddable":true,"href":"https:\/\/www.public.sn\/index.php\/wp-json\/wp\/v2\/categories?post=14380"},{"taxonomy":"post_tag","embeddable":true,"href":"https:\/\/www.public.sn\/index.php\/wp-json\/wp\/v2\/tags?post=14380"}],"curies":[{"name":"wp","href":"https:\/\/api.w.org\/{rel}","templated":true}]}}