{"id":14439,"date":"2023-01-27T10:23:23","date_gmt":"2023-01-27T10:23:23","guid":{"rendered":"https:\/\/www.public.sn\/?p=14439"},"modified":"2023-01-27T10:07:19","modified_gmt":"2023-01-27T10:07:19","slug":"sortie-du-procureur-la-reaction-de-pape-ale","status":"publish","type":"post","link":"https:\/\/www.public.sn\/index.php\/2023\/01\/27\/sortie-du-procureur-la-reaction-de-pape-ale\/","title":{"rendered":"Sortie du procureur : la r\u00e9action de Pape Al\u00e9"},"content":{"rendered":"<p><strong>Cit\u00e9 par Serigne Bassirou Gu\u00e8ye lors de sa conf\u00e9rence de presse ce jeudi soir pour se prononcer sur le dossier Sweet Beaut\u00e9 SPA pour lequel il est accus\u00e9 par Ousmane Sonko d\u2019avoir falsifi\u00e9 le proc\u00e8s verbal d\u2019enqu\u00eate,\u00a0 Pape Al\u00e9 Niang r\u00e9agit sur sa page Facebook.<\/strong><\/p><div class=\"publi-paragraphe1\" style=\"margin-top: 10px;margin-bottom: 10px;margin-left: auto;margin-right: auto;text-align: center;\" id=\"publi-3866336521\"><div class=\"publi-adlabel\">Publicit\u00e9<\/div><script async src=\"\/\/pagead2.googlesyndication.com\/pagead\/js\/adsbygoogle.js?client=ca-pub-4089586018074219\" crossorigin=\"anonymous\"><\/script><ins class=\"adsbygoogle\" style=\"display:block;\" data-ad-client=\"ca-pub-4089586018074219\" \ndata-ad-slot=\"2087940154\" \ndata-ad-format=\"auto\"><\/ins>\n<script> \n(adsbygoogle = window.adsbygoogle || []).push({}); \n<\/script>\n<\/div>\n<p>\u00ab\u00a0Serigne Bassirou Gu\u00e8ye ex-procureur, vous auriez du vous justifier sans citer mon nom. Vous savez tr\u00e8s bien pourquoi mous m\u2019avez impos\u00e9 le silence par la force. Je me tais et vous commencer \u00e0 d\u00e9baller. Si je r\u00e9ponds vous m\u2019envoyer en prison. O\u00f9 est l\u00e0 paix dans tout \u00e7a \u00bb, a r\u00e9agi Pape Al\u00e9 Niang, en Wolof.<\/p>\n<p>Pour rappel, Pape Al\u00e9 Niang est actuellement en libert\u00e9 provisoire assorti d\u2019un contr\u00f4le judiciaire. S\u2019il \u00e9voque certaines choses dans la presse ou sur les r\u00e9seaux sociaux, il risque de retourner en prison.<\/p>\n<div class=\"publi-apres-le-contenu\" style=\"margin-top: 10px;margin-bottom: 10px;margin-left: auto;margin-right: auto;text-align: center;\" id=\"publi-4209143677\"><div class=\"publi-adlabel\">Publicit\u00e9<\/div><script async src=\"\/\/pagead2.googlesyndication.com\/pagead\/js\/adsbygoogle.js?client=ca-pub-4089586018074219\" crossorigin=\"anonymous\"><\/script><ins class=\"adsbygoogle\" style=\"display:block;\" data-ad-client=\"ca-pub-4089586018074219\" \ndata-ad-slot=\"2087940154\" \ndata-ad-format=\"auto\"><\/ins>\n<script> \n(adsbygoogle = window.adsbygoogle || []).push({}); \n<\/script>\n<\/div>","protected":false},"excerpt":{"rendered":"<p>Cit\u00e9 par Serigne Bassirou Gu\u00e8ye lors de sa conf\u00e9rence de presse ce jeudi soir pour se prononcer sur le dossier Sweet Beaut\u00e9 SPA pour lequel il est accus\u00e9 par Ousmane Sonko d\u2019avoir falsifi\u00e9 le proc\u00e8s verbal d\u2019enqu\u00eate,\u00a0 Pape Al\u00e9 Niang r\u00e9agit sur sa page Facebook. \u00ab\u00a0Serigne Bassirou Gu\u00e8ye ex-procureur, vous auriez du vous justifier sans citer mon nom. Vous savez tr\u00e8s bien pourquoi mous m\u2019avez impos\u00e9 le silence par la force. Je me tais et vous commencer \u00e0 d\u00e9baller. Si je r\u00e9ponds vous m\u2019envoyer en prison. O\u00f9 est l\u00e0 paix dans tout \u00e7a \u00bb, a r\u00e9agi Pape Al\u00e9 Niang, en Wolof. Pour rappel, Pape Al\u00e9 Niang est actuellement en libert\u00e9 provisoire assorti d\u2019un contr\u00f4le judiciaire. S\u2019il \u00e9voque certaines choses dans la presse ou sur les r\u00e9seaux sociaux, il risque de retourner en prison.<\/p>\n","protected":false},"author":1,"featured_media":7120,"comment_status":"open","ping_status":"open","sticky":false,"template":"","format":"standard","meta":{"_jetpack_memberships_contains_paid_content":false,"footnotes":""},"categories":[375,376,1,372],"tags":[2489,2424,3632],"class_list":["post-14439","post","type-post","status-publish","format-standard","has-post-thumbnail","hentry","category-actualites","category-securite-justice","category-non-classe","category-vedette","tag-pape-ale-niang","tag-serigne-bassirou-gueye","tag-sweet-beauty","entry","has-media","owp-thumbs-layout-horizontal","owp-btn-normal","owp-tabs-layout-horizontal","has-no-thumbnails","has-product-nav"],"yoast_head":"<!-- This site is optimized with the Yoast SEO plugin v25.5 - https:\/\/yoast.com\/wordpress\/plugins\/seo\/ -->\n<title>Sortie du procureur : la r\u00e9action de Pape Al\u00e9 - LE PUBLIC<\/title>\n<meta name=\"description\" content=\"Cit\u00e9 par Serigne Bassirou Gu\u00e8ye lors de sa conf\u00e9rence de presse ce jeudi soir pour se prononcer sur le dossier Sweet Beaut\u00e9 SPA pour lequel il est accus\u00e9 par Ousmane Sonko d\u2019avoir falsifi\u00e9 le proc\u00e8s verbal d\u2019enqu\u00eate,\u00a0 Pape Al\u00e9 Niang r\u00e9agit sur sa page Facebook.\" \/>\n<meta name=\"robots\" content=\"index, follow, max-snippet:-1, max-image-preview:large, max-video-preview:-1\" \/>\n<link rel=\"canonical\" href=\"https:\/\/www.public.sn\/index.php\/2023\/01\/27\/sortie-du-procureur-la-reaction-de-pape-ale\/\" \/>\n<meta property=\"og:locale\" content=\"fr_FR\" \/>\n<meta property=\"og:type\" content=\"article\" \/>\n<meta property=\"og:title\" content=\"Sortie du procureur : la r\u00e9action de Pape Al\u00e9 - LE PUBLIC\" \/>\n<meta property=\"og:description\" content=\"Cit\u00e9 par Serigne Bassirou Gu\u00e8ye lors de sa conf\u00e9rence de presse ce jeudi soir pour se prononcer sur le dossier Sweet Beaut\u00e9 SPA pour lequel il est accus\u00e9 par Ousmane Sonko d\u2019avoir falsifi\u00e9 le proc\u00e8s verbal d\u2019enqu\u00eate,\u00a0 Pape Al\u00e9 Niang r\u00e9agit sur sa page Facebook.\" \/>\n<meta property=\"og:url\" content=\"https:\/\/www.public.sn\/index.php\/2023\/01\/27\/sortie-du-procureur-la-reaction-de-pape-ale\/\" \/>\n<meta property=\"og:site_name\" content=\"LE PUBLIC\" \/>\n<meta property=\"article:published_time\" content=\"2023-01-27T10:23:23+00:00\" \/>\n<meta property=\"og:image\" content=\"https:\/\/www.public.sn\/wp-content\/uploads\/2022\/11\/pape-ale-niang5.jpg\" \/>\n\t<meta property=\"og:image:width\" content=\"696\" \/>\n\t<meta property=\"og:image:height\" content=\"392\" \/>\n\t<meta property=\"og:image:type\" content=\"image\/jpeg\" \/>\n<meta name=\"author\" content=\"LA REDACTION\" \/>\n<meta name=\"twitter:card\" content=\"summary_large_image\" \/>\n<meta name=\"twitter:label1\" content=\"\u00c9crit par\" \/>\n\t<meta name=\"twitter:data1\" content=\"LA REDACTION\" \/>\n\t<meta name=\"twitter:label2\" content=\"Dur\u00e9e de lecture estim\u00e9e\" \/>\n\t<meta name=\"twitter:data2\" content=\"1 minute\" \/>\n<script type=\"application\/ld+json\" class=\"yoast-schema-graph\">{\"@context\":\"https:\/\/schema.org\",\"@graph\":[{\"@type\":\"Article\",\"@id\":\"https:\/\/www.public.sn\/index.php\/2023\/01\/27\/sortie-du-procureur-la-reaction-de-pape-ale\/#article\",\"isPartOf\":{\"@id\":\"https:\/\/www.public.sn\/index.php\/2023\/01\/27\/sortie-du-procureur-la-reaction-de-pape-ale\/\"},\"author\":{\"name\":\"LA REDACTION\",\"@id\":\"https:\/\/www.public.sn\/#\/schema\/person\/e3f4a11b037d4203902db148f9bc8d5a\"},\"headline\":\"Sortie du procureur : la r\u00e9action de Pape Al\u00e9\",\"datePublished\":\"2023-01-27T10:23:23+00:00\",\"mainEntityOfPage\":{\"@id\":\"https:\/\/www.public.sn\/index.php\/2023\/01\/27\/sortie-du-procureur-la-reaction-de-pape-ale\/\"},\"wordCount\":158,\"commentCount\":0,\"publisher\":{\"@id\":\"https:\/\/www.public.sn\/#organization\"},\"image\":{\"@id\":\"https:\/\/www.public.sn\/index.php\/2023\/01\/27\/sortie-du-procureur-la-reaction-de-pape-ale\/#primaryimage\"},\"thumbnailUrl\":\"https:\/\/www.public.sn\/wp-content\/uploads\/2022\/11\/pape-ale-niang5.jpg\",\"keywords\":[\"Pape Al\u00e9 Niang\",\"serigne bassirou gueye\",\"Sweet beauty\"],\"articleSection\":[\"ACTUALIT\u00c9S\",\"S\u00c9CURIT\u00c9 &amp; JUSTICE\",\"S\u00c9N\u00c9GAL\",\"VEDETTE\"],\"inLanguage\":\"fr-FR\",\"potentialAction\":[{\"@type\":\"CommentAction\",\"name\":\"Comment\",\"target\":[\"https:\/\/www.public.sn\/index.php\/2023\/01\/27\/sortie-du-procureur-la-reaction-de-pape-ale\/#respond\"]}]},{\"@type\":\"WebPage\",\"@id\":\"https:\/\/www.public.sn\/index.php\/2023\/01\/27\/sortie-du-procureur-la-reaction-de-pape-ale\/\",\"url\":\"https:\/\/www.public.sn\/index.php\/2023\/01\/27\/sortie-du-procureur-la-reaction-de-pape-ale\/\",\"name\":\"Sortie du procureur : la r\u00e9action de Pape Al\u00e9 - LE PUBLIC\",\"isPartOf\":{\"@id\":\"https:\/\/www.public.sn\/#website\"},\"primaryImageOfPage\":{\"@id\":\"https:\/\/www.public.sn\/index.php\/2023\/01\/27\/sortie-du-procureur-la-reaction-de-pape-ale\/#primaryimage\"},\"image\":{\"@id\":\"https:\/\/www.public.sn\/index.php\/2023\/01\/27\/sortie-du-procureur-la-reaction-de-pape-ale\/#primaryimage\"},\"thumbnailUrl\":\"https:\/\/www.public.sn\/wp-content\/uploads\/2022\/11\/pape-ale-niang5.jpg\",\"datePublished\":\"2023-01-27T10:23:23+00:00\",\"description\":\"Cit\u00e9 par Serigne Bassirou Gu\u00e8ye lors de sa conf\u00e9rence de presse ce jeudi soir pour se prononcer sur le dossier Sweet Beaut\u00e9 SPA pour lequel il est accus\u00e9 par Ousmane Sonko d\u2019avoir falsifi\u00e9 le proc\u00e8s verbal d\u2019enqu\u00eate,\u00a0 Pape Al\u00e9 Niang r\u00e9agit sur sa page Facebook.\",\"breadcrumb\":{\"@id\":\"https:\/\/www.public.sn\/index.php\/2023\/01\/27\/sortie-du-procureur-la-reaction-de-pape-ale\/#breadcrumb\"},\"inLanguage\":\"fr-FR\",\"potentialAction\":[{\"@type\":\"ReadAction\",\"target\":[\"https:\/\/www.public.sn\/index.php\/2023\/01\/27\/sortie-du-procureur-la-reaction-de-pape-ale\/\"]}]},{\"@type\":\"ImageObject\",\"inLanguage\":\"fr-FR\",\"@id\":\"https:\/\/www.public.sn\/index.php\/2023\/01\/27\/sortie-du-procureur-la-reaction-de-pape-ale\/#primaryimage\",\"url\":\"https:\/\/www.public.sn\/wp-content\/uploads\/2022\/11\/pape-ale-niang5.jpg\",\"contentUrl\":\"https:\/\/www.public.sn\/wp-content\/uploads\/2022\/11\/pape-ale-niang5.jpg\",\"width\":696,\"height\":392},{\"@type\":\"BreadcrumbList\",\"@id\":\"https:\/\/www.public.sn\/index.php\/2023\/01\/27\/sortie-du-procureur-la-reaction-de-pape-ale\/#breadcrumb\",\"itemListElement\":[{\"@type\":\"ListItem\",\"position\":1,\"name\":\"Accueil\",\"item\":\"https:\/\/www.public.sn\/\"},{\"@type\":\"ListItem\",\"position\":2,\"name\":\"Sortie du procureur : la r\u00e9action de Pape Al\u00e9\"}]},{\"@type\":\"WebSite\",\"@id\":\"https:\/\/www.public.sn\/#website\",\"url\":\"https:\/\/www.public.sn\/\",\"name\":\"LE PUBLIC\",\"description\":\"\",\"publisher\":{\"@id\":\"https:\/\/www.public.sn\/#organization\"},\"potentialAction\":[{\"@type\":\"SearchAction\",\"target\":{\"@type\":\"EntryPoint\",\"urlTemplate\":\"https:\/\/www.public.sn\/?s={search_term_string}\"},\"query-input\":{\"@type\":\"PropertyValueSpecification\",\"valueRequired\":true,\"valueName\":\"search_term_string\"}}],\"inLanguage\":\"fr-FR\"},{\"@type\":\"Organization\",\"@id\":\"https:\/\/www.public.sn\/#organization\",\"name\":\"LE PUBLIC\",\"url\":\"https:\/\/www.public.sn\/\",\"logo\":{\"@type\":\"ImageObject\",\"inLanguage\":\"fr-FR\",\"@id\":\"https:\/\/www.public.sn\/#\/schema\/logo\/image\/\",\"url\":\"https:\/\/www.public.sn\/wp-content\/uploads\/2024\/05\/cropped-LOGO-PUBLIC.SN_.png\",\"contentUrl\":\"https:\/\/www.public.sn\/wp-content\/uploads\/2024\/05\/cropped-LOGO-PUBLIC.SN_.png\",\"width\":682,\"height\":192,\"caption\":\"LE PUBLIC\"},\"image\":{\"@id\":\"https:\/\/www.public.sn\/#\/schema\/logo\/image\/\"}},{\"@type\":\"Person\",\"@id\":\"https:\/\/www.public.sn\/#\/schema\/person\/e3f4a11b037d4203902db148f9bc8d5a\",\"name\":\"LA REDACTION\",\"image\":{\"@type\":\"ImageObject\",\"inLanguage\":\"fr-FR\",\"@id\":\"https:\/\/www.public.sn\/#\/schema\/person\/image\/\",\"url\":\"https:\/\/secure.gravatar.com\/avatar\/d6c030db45db2883c075085c5d6c6258654a801a93766b49af0b82d4f454e2a5?s=96&d=mm&r=g\",\"contentUrl\":\"https:\/\/secure.gravatar.com\/avatar\/d6c030db45db2883c075085c5d6c6258654a801a93766b49af0b82d4f454e2a5?s=96&d=mm&r=g\",\"caption\":\"LA REDACTION\"},\"sameAs\":[\"http:\/\/www.public.sn\"],\"url\":\"https:\/\/www.public.sn\/index.php\/author\/admin7324\/\"}]}<\/script>\n<!-- \/ Yoast SEO plugin. -->","yoast_head_json":{"title":"Sortie du procureur : la r\u00e9action de Pape Al\u00e9 - LE PUBLIC","description":"Cit\u00e9 par Serigne Bassirou Gu\u00e8ye lors de sa conf\u00e9rence de presse ce jeudi soir pour se prononcer sur le dossier Sweet Beaut\u00e9 SPA pour lequel il est accus\u00e9 par Ousmane Sonko d\u2019avoir falsifi\u00e9 le proc\u00e8s verbal d\u2019enqu\u00eate,\u00a0 Pape Al\u00e9 Niang r\u00e9agit sur sa page Facebook.","robots":{"index":"index","follow":"follow","max-snippet":"max-snippet:-1","max-image-preview":"max-image-preview:large","max-video-preview":"max-video-preview:-1"},"canonical":"https:\/\/www.public.sn\/index.php\/2023\/01\/27\/sortie-du-procureur-la-reaction-de-pape-ale\/","og_locale":"fr_FR","og_type":"article","og_title":"Sortie du procureur : la r\u00e9action de Pape Al\u00e9 - LE PUBLIC","og_description":"Cit\u00e9 par Serigne Bassirou Gu\u00e8ye lors de sa conf\u00e9rence de presse ce jeudi soir pour se prononcer sur le dossier Sweet Beaut\u00e9 SPA pour lequel il est accus\u00e9 par Ousmane Sonko d\u2019avoir falsifi\u00e9 le proc\u00e8s verbal d\u2019enqu\u00eate,\u00a0 Pape Al\u00e9 Niang r\u00e9agit sur sa page Facebook.","og_url":"https:\/\/www.public.sn\/index.php\/2023\/01\/27\/sortie-du-procureur-la-reaction-de-pape-ale\/","og_site_name":"LE PUBLIC","article_published_time":"2023-01-27T10:23:23+00:00","og_image":[{"width":696,"height":392,"url":"https:\/\/www.public.sn\/wp-content\/uploads\/2022\/11\/pape-ale-niang5.jpg","type":"image\/jpeg"}],"author":"LA REDACTION","twitter_card":"summary_large_image","twitter_misc":{"\u00c9crit par":"LA REDACTION","Dur\u00e9e de lecture estim\u00e9e":"1 minute"},"schema":{"@context":"https:\/\/schema.org","@graph":[{"@type":"Article","@id":"https:\/\/www.public.sn\/index.php\/2023\/01\/27\/sortie-du-procureur-la-reaction-de-pape-ale\/#article","isPartOf":{"@id":"https:\/\/www.public.sn\/index.php\/2023\/01\/27\/sortie-du-procureur-la-reaction-de-pape-ale\/"},"author":{"name":"LA REDACTION","@id":"https:\/\/www.public.sn\/#\/schema\/person\/e3f4a11b037d4203902db148f9bc8d5a"},"headline":"Sortie du procureur : la r\u00e9action de Pape Al\u00e9","datePublished":"2023-01-27T10:23:23+00:00","mainEntityOfPage":{"@id":"https:\/\/www.public.sn\/index.php\/2023\/01\/27\/sortie-du-procureur-la-reaction-de-pape-ale\/"},"wordCount":158,"commentCount":0,"publisher":{"@id":"https:\/\/www.public.sn\/#organization"},"image":{"@id":"https:\/\/www.public.sn\/index.php\/2023\/01\/27\/sortie-du-procureur-la-reaction-de-pape-ale\/#primaryimage"},"thumbnailUrl":"https:\/\/www.public.sn\/wp-content\/uploads\/2022\/11\/pape-ale-niang5.jpg","keywords":["Pape Al\u00e9 Niang","serigne bassirou gueye","Sweet beauty"],"articleSection":["ACTUALIT\u00c9S","S\u00c9CURIT\u00c9 &amp; JUSTICE","S\u00c9N\u00c9GAL","VEDETTE"],"inLanguage":"fr-FR","potentialAction":[{"@type":"CommentAction","name":"Comment","target":["https:\/\/www.public.sn\/index.php\/2023\/01\/27\/sortie-du-procureur-la-reaction-de-pape-ale\/#respond"]}]},{"@type":"WebPage","@id":"https:\/\/www.public.sn\/index.php\/2023\/01\/27\/sortie-du-procureur-la-reaction-de-pape-ale\/","url":"https:\/\/www.public.sn\/index.php\/2023\/01\/27\/sortie-du-procureur-la-reaction-de-pape-ale\/","name":"Sortie du procureur : la r\u00e9action de Pape Al\u00e9 - LE PUBLIC","isPartOf":{"@id":"https:\/\/www.public.sn\/#website"},"primaryImageOfPage":{"@id":"https:\/\/www.public.sn\/index.php\/2023\/01\/27\/sortie-du-procureur-la-reaction-de-pape-ale\/#primaryimage"},"image":{"@id":"https:\/\/www.public.sn\/index.php\/2023\/01\/27\/sortie-du-procureur-la-reaction-de-pape-ale\/#primaryimage"},"thumbnailUrl":"https:\/\/www.public.sn\/wp-content\/uploads\/2022\/11\/pape-ale-niang5.jpg","datePublished":"2023-01-27T10:23:23+00:00","description":"Cit\u00e9 par Serigne Bassirou Gu\u00e8ye lors de sa conf\u00e9rence de presse ce jeudi soir pour se prononcer sur le dossier Sweet Beaut\u00e9 SPA pour lequel il est accus\u00e9 par Ousmane Sonko d\u2019avoir falsifi\u00e9 le proc\u00e8s verbal d\u2019enqu\u00eate,\u00a0 Pape Al\u00e9 Niang r\u00e9agit sur sa page Facebook.","breadcrumb":{"@id":"https:\/\/www.public.sn\/index.php\/2023\/01\/27\/sortie-du-procureur-la-reaction-de-pape-ale\/#breadcrumb"},"inLanguage":"fr-FR","potentialAction":[{"@type":"ReadAction","target":["https:\/\/www.public.sn\/index.php\/2023\/01\/27\/sortie-du-procureur-la-reaction-de-pape-ale\/"]}]},{"@type":"ImageObject","inLanguage":"fr-FR","@id":"https:\/\/www.public.sn\/index.php\/2023\/01\/27\/sortie-du-procureur-la-reaction-de-pape-ale\/#primaryimage","url":"https:\/\/www.public.sn\/wp-content\/uploads\/2022\/11\/pape-ale-niang5.jpg","contentUrl":"https:\/\/www.public.sn\/wp-content\/uploads\/2022\/11\/pape-ale-niang5.jpg","width":696,"height":392},{"@type":"BreadcrumbList","@id":"https:\/\/www.public.sn\/index.php\/2023\/01\/27\/sortie-du-procureur-la-reaction-de-pape-ale\/#breadcrumb","itemListElement":[{"@type":"ListItem","position":1,"name":"Accueil","item":"https:\/\/www.public.sn\/"},{"@type":"ListItem","position":2,"name":"Sortie du procureur : la r\u00e9action de Pape Al\u00e9"}]},{"@type":"WebSite","@id":"https:\/\/www.public.sn\/#website","url":"https:\/\/www.public.sn\/","name":"LE PUBLIC","description":"","publisher":{"@id":"https:\/\/www.public.sn\/#organization"},"potentialAction":[{"@type":"SearchAction","target":{"@type":"EntryPoint","urlTemplate":"https:\/\/www.public.sn\/?s={search_term_string}"},"query-input":{"@type":"PropertyValueSpecification","valueRequired":true,"valueName":"search_term_string"}}],"inLanguage":"fr-FR"},{"@type":"Organization","@id":"https:\/\/www.public.sn\/#organization","name":"LE PUBLIC","url":"https:\/\/www.public.sn\/","logo":{"@type":"ImageObject","inLanguage":"fr-FR","@id":"https:\/\/www.public.sn\/#\/schema\/logo\/image\/","url":"https:\/\/www.public.sn\/wp-content\/uploads\/2024\/05\/cropped-LOGO-PUBLIC.SN_.png","contentUrl":"https:\/\/www.public.sn\/wp-content\/uploads\/2024\/05\/cropped-LOGO-PUBLIC.SN_.png","width":682,"height":192,"caption":"LE PUBLIC"},"image":{"@id":"https:\/\/www.public.sn\/#\/schema\/logo\/image\/"}},{"@type":"Person","@id":"https:\/\/www.public.sn\/#\/schema\/person\/e3f4a11b037d4203902db148f9bc8d5a","name":"LA REDACTION","image":{"@type":"ImageObject","inLanguage":"fr-FR","@id":"https:\/\/www.public.sn\/#\/schema\/person\/image\/","url":"https:\/\/secure.gravatar.com\/avatar\/d6c030db45db2883c075085c5d6c6258654a801a93766b49af0b82d4f454e2a5?s=96&d=mm&r=g","contentUrl":"https:\/\/secure.gravatar.com\/avatar\/d6c030db45db2883c075085c5d6c6258654a801a93766b49af0b82d4f454e2a5?s=96&d=mm&r=g","caption":"LA REDACTION"},"sameAs":["http:\/\/www.public.sn"],"url":"https:\/\/www.public.sn\/index.php\/author\/admin7324\/"}]}},"jetpack_featured_media_url":"https:\/\/www.public.sn\/wp-content\/uploads\/2022\/11\/pape-ale-niang5.jpg","jetpack_sharing_enabled":true,"_links":{"self":[{"href":"https:\/\/www.public.sn\/index.php\/wp-json\/wp\/v2\/posts\/14439","targetHints":{"allow":["GET"]}}],"collection":[{"href":"https:\/\/www.public.sn\/index.php\/wp-json\/wp\/v2\/posts"}],"about":[{"href":"https:\/\/www.public.sn\/index.php\/wp-json\/wp\/v2\/types\/post"}],"author":[{"embeddable":true,"href":"https:\/\/www.public.sn\/index.php\/wp-json\/wp\/v2\/users\/1"}],"replies":[{"embeddable":true,"href":"https:\/\/www.public.sn\/index.php\/wp-json\/wp\/v2\/comments?post=14439"}],"version-history":[{"count":2,"href":"https:\/\/www.public.sn\/index.php\/wp-json\/wp\/v2\/posts\/14439\/revisions"}],"predecessor-version":[{"id":14441,"href":"https:\/\/www.public.sn\/index.php\/wp-json\/wp\/v2\/posts\/14439\/revisions\/14441"}],"wp:featuredmedia":[{"embeddable":true,"href":"https:\/\/www.public.sn\/index.php\/wp-json\/wp\/v2\/media\/7120"}],"wp:attachment":[{"href":"https:\/\/www.public.sn\/index.php\/wp-json\/wp\/v2\/media?parent=14439"}],"wp:term":[{"taxonomy":"category","embeddable":true,"href":"https:\/\/www.public.sn\/index.php\/wp-json\/wp\/v2\/categories?post=14439"},{"taxonomy":"post_tag","embeddable":true,"href":"https:\/\/www.public.sn\/index.php\/wp-json\/wp\/v2\/tags?post=14439"}],"curies":[{"name":"wp","href":"https:\/\/api.w.org\/{rel}","templated":true}]}}