{"id":14466,"date":"2023-01-27T21:32:04","date_gmt":"2023-01-27T21:32:04","guid":{"rendered":"https:\/\/www.public.sn\/?p=14466"},"modified":"2023-01-27T21:32:04","modified_gmt":"2023-01-27T21:32:04","slug":"pape-ale-niang-finalement-je-crois-que-je-dois-demissionner-du-metier","status":"publish","type":"post","link":"https:\/\/www.public.sn\/index.php\/2023\/01\/27\/pape-ale-niang-finalement-je-crois-que-je-dois-demissionner-du-metier\/","title":{"rendered":"Pape Al\u00e9 Niang : \u00ab Finalement je crois que je dois d\u00e9missionner du m\u00e9tier \u00bb"},"content":{"rendered":"<p class=\"firstp\"><span style=\"font-family: inherit; font-size: large;\"><b>Pape Al\u00e9 Niang vit tr\u00e8s mal sa situation. Actuellement sous contr\u00f4le judiciaire, le journaliste vient de lancer un message touchant.\u00a0<\/b><\/span><b>Il est ainsi revenu sur les nombreuses alertes re\u00e7ues ces derniers jours<em>.\u00a0<\/em><\/b><\/p><div class=\"publi-paragraphe1\" style=\"margin-top: 10px;margin-bottom: 10px;margin-left: auto;margin-right: auto;text-align: center;\" id=\"publi-2677915189\"><div class=\"publi-adlabel\">Publicit\u00e9<\/div><script async src=\"\/\/pagead2.googlesyndication.com\/pagead\/js\/adsbygoogle.js?client=ca-pub-4089586018074219\" crossorigin=\"anonymous\"><\/script><ins class=\"adsbygoogle\" style=\"display:block;\" data-ad-client=\"ca-pub-4089586018074219\" \ndata-ad-slot=\"2087940154\" \ndata-ad-format=\"auto\"><\/ins>\n<script> \n(adsbygoogle = window.adsbygoogle || []).push({}); \n<\/script>\n<\/div>\n<p><i><span style=\"font-family: inherit; font-size: large;\">\u00a0\u00ab\u00a0La seule chose que tout le monde lui demande et en boucle est celle ci, \u00ab\u00a0Pape il faut rester dans ton coin et laisser tout de c\u00f4t\u00e9. Car ils sont pr\u00eats non seulement \u00e0 te jeter encore en prison mais pire \u00e0 te tuer .\u00a0\u00a0Finalement je crois que je dois d\u00e9missionner du m\u00e9tier. C\u2019est plus simple sinon avec quoi je vais nourrir ma famille et m\u2019occuper de mes besoins. Finalement ce contr\u00f4le judiciaire n\u2019est ni plus ni moins qu\u2019une prison \u00e0 ciel ouvert\u00a0\u00bb\u00a0\u00ab\u00a0<\/span><\/i><\/p>\n<div class=\"publi-apres-le-contenu\" style=\"margin-top: 10px;margin-bottom: 10px;margin-left: auto;margin-right: auto;text-align: center;\" id=\"publi-2348204262\"><div class=\"publi-adlabel\">Publicit\u00e9<\/div><script async src=\"\/\/pagead2.googlesyndication.com\/pagead\/js\/adsbygoogle.js?client=ca-pub-4089586018074219\" crossorigin=\"anonymous\"><\/script><ins class=\"adsbygoogle\" style=\"display:block;\" data-ad-client=\"ca-pub-4089586018074219\" \ndata-ad-slot=\"2087940154\" \ndata-ad-format=\"auto\"><\/ins>\n<script> \n(adsbygoogle = window.adsbygoogle || []).push({}); \n<\/script>\n<\/div>","protected":false},"excerpt":{"rendered":"<p>Pape Al\u00e9 Niang vit tr\u00e8s mal sa situation. Actuellement sous contr\u00f4le judiciaire, le journaliste vient de lancer un message touchant.\u00a0Il est ainsi revenu sur les nombreuses alertes re\u00e7ues ces derniers jours.\u00a0 \u00a0\u00ab\u00a0La seule chose que tout le monde lui demande et en boucle est celle ci, \u00ab\u00a0Pape il faut rester dans ton coin et laisser tout de c\u00f4t\u00e9. Car ils sont pr\u00eats non seulement \u00e0 te jeter encore en prison mais pire \u00e0 te tuer .\u00a0\u00a0Finalement je crois que je dois d\u00e9missionner du m\u00e9tier. C\u2019est plus simple sinon avec quoi je vais nourrir ma famille et m\u2019occuper de mes besoins. Finalement ce contr\u00f4le judiciaire n\u2019est ni plus ni moins qu\u2019une prison \u00e0 ciel ouvert\u00a0\u00bb\u00a0\u00ab\u00a0<\/p>\n","protected":false},"author":1,"featured_media":7120,"comment_status":"open","ping_status":"open","sticky":false,"template":"","format":"standard","meta":{"_jetpack_memberships_contains_paid_content":false,"footnotes":""},"categories":[375,961,372],"tags":[2489],"class_list":["post-14466","post","type-post","status-publish","format-standard","has-post-thumbnail","hentry","category-actualites","category-medias","category-vedette","tag-pape-ale-niang","entry","has-media","owp-thumbs-layout-horizontal","owp-btn-normal","owp-tabs-layout-horizontal","has-no-thumbnails","has-product-nav"],"yoast_head":"<!-- This site is optimized with the Yoast SEO plugin v25.5 - https:\/\/yoast.com\/wordpress\/plugins\/seo\/ -->\n<title>Pape Al\u00e9 Niang : \u00ab Finalement je crois que je dois d\u00e9missionner du m\u00e9tier \u00bb - LE PUBLIC<\/title>\n<meta name=\"robots\" content=\"index, follow, max-snippet:-1, max-image-preview:large, max-video-preview:-1\" \/>\n<link rel=\"canonical\" href=\"https:\/\/www.public.sn\/index.php\/2023\/01\/27\/pape-ale-niang-finalement-je-crois-que-je-dois-demissionner-du-metier\/\" \/>\n<meta property=\"og:locale\" content=\"fr_FR\" \/>\n<meta property=\"og:type\" content=\"article\" \/>\n<meta property=\"og:title\" content=\"Pape Al\u00e9 Niang : \u00ab Finalement je crois que je dois d\u00e9missionner du m\u00e9tier \u00bb - LE PUBLIC\" \/>\n<meta property=\"og:description\" content=\"Pape Al\u00e9 Niang vit tr\u00e8s mal sa situation. Actuellement sous contr\u00f4le judiciaire, le journaliste vient de lancer un message touchant.\u00a0Il est ainsi revenu sur les nombreuses alertes re\u00e7ues ces derniers jours.\u00a0 \u00a0\u00ab\u00a0La seule chose que tout le monde lui demande et en boucle est celle ci, \u00ab\u00a0Pape il faut rester dans ton coin et laisser tout de c\u00f4t\u00e9. Car ils sont pr\u00eats non seulement \u00e0 te jeter encore en prison mais pire \u00e0 te tuer .\u00a0\u00a0Finalement je crois que je dois d\u00e9missionner du m\u00e9tier. C\u2019est plus simple sinon avec quoi je vais nourrir ma famille et m\u2019occuper de mes besoins. Finalement ce contr\u00f4le judiciaire n\u2019est ni plus ni moins qu\u2019une prison \u00e0 ciel ouvert\u00a0\u00bb\u00a0\u00ab\u00a0\" \/>\n<meta property=\"og:url\" content=\"https:\/\/www.public.sn\/index.php\/2023\/01\/27\/pape-ale-niang-finalement-je-crois-que-je-dois-demissionner-du-metier\/\" \/>\n<meta property=\"og:site_name\" content=\"LE PUBLIC\" \/>\n<meta property=\"article:published_time\" content=\"2023-01-27T21:32:04+00:00\" \/>\n<meta property=\"og:image\" content=\"https:\/\/www.public.sn\/wp-content\/uploads\/2022\/11\/pape-ale-niang5.jpg\" \/>\n\t<meta property=\"og:image:width\" content=\"696\" \/>\n\t<meta property=\"og:image:height\" content=\"392\" \/>\n\t<meta property=\"og:image:type\" content=\"image\/jpeg\" \/>\n<meta name=\"author\" content=\"LA REDACTION\" \/>\n<meta name=\"twitter:card\" content=\"summary_large_image\" \/>\n<meta name=\"twitter:label1\" content=\"\u00c9crit par\" \/>\n\t<meta name=\"twitter:data1\" content=\"LA REDACTION\" \/>\n\t<meta name=\"twitter:label2\" content=\"Dur\u00e9e de lecture estim\u00e9e\" \/>\n\t<meta name=\"twitter:data2\" content=\"1 minute\" \/>\n<script type=\"application\/ld+json\" class=\"yoast-schema-graph\">{\"@context\":\"https:\/\/schema.org\",\"@graph\":[{\"@type\":\"Article\",\"@id\":\"https:\/\/www.public.sn\/index.php\/2023\/01\/27\/pape-ale-niang-finalement-je-crois-que-je-dois-demissionner-du-metier\/#article\",\"isPartOf\":{\"@id\":\"https:\/\/www.public.sn\/index.php\/2023\/01\/27\/pape-ale-niang-finalement-je-crois-que-je-dois-demissionner-du-metier\/\"},\"author\":{\"name\":\"LA REDACTION\",\"@id\":\"https:\/\/www.public.sn\/#\/schema\/person\/e3f4a11b037d4203902db148f9bc8d5a\"},\"headline\":\"Pape Al\u00e9 Niang : \u00ab Finalement je crois que je dois d\u00e9missionner du m\u00e9tier \u00bb\",\"datePublished\":\"2023-01-27T21:32:04+00:00\",\"mainEntityOfPage\":{\"@id\":\"https:\/\/www.public.sn\/index.php\/2023\/01\/27\/pape-ale-niang-finalement-je-crois-que-je-dois-demissionner-du-metier\/\"},\"wordCount\":138,\"commentCount\":0,\"publisher\":{\"@id\":\"https:\/\/www.public.sn\/#organization\"},\"image\":{\"@id\":\"https:\/\/www.public.sn\/index.php\/2023\/01\/27\/pape-ale-niang-finalement-je-crois-que-je-dois-demissionner-du-metier\/#primaryimage\"},\"thumbnailUrl\":\"https:\/\/www.public.sn\/wp-content\/uploads\/2022\/11\/pape-ale-niang5.jpg\",\"keywords\":[\"Pape Al\u00e9 Niang\"],\"articleSection\":[\"ACTUALIT\u00c9S\",\"M\u00c9DIAS\",\"VEDETTE\"],\"inLanguage\":\"fr-FR\",\"potentialAction\":[{\"@type\":\"CommentAction\",\"name\":\"Comment\",\"target\":[\"https:\/\/www.public.sn\/index.php\/2023\/01\/27\/pape-ale-niang-finalement-je-crois-que-je-dois-demissionner-du-metier\/#respond\"]}]},{\"@type\":\"WebPage\",\"@id\":\"https:\/\/www.public.sn\/index.php\/2023\/01\/27\/pape-ale-niang-finalement-je-crois-que-je-dois-demissionner-du-metier\/\",\"url\":\"https:\/\/www.public.sn\/index.php\/2023\/01\/27\/pape-ale-niang-finalement-je-crois-que-je-dois-demissionner-du-metier\/\",\"name\":\"Pape Al\u00e9 Niang : \u00ab Finalement je crois que je dois d\u00e9missionner du m\u00e9tier \u00bb - LE PUBLIC\",\"isPartOf\":{\"@id\":\"https:\/\/www.public.sn\/#website\"},\"primaryImageOfPage\":{\"@id\":\"https:\/\/www.public.sn\/index.php\/2023\/01\/27\/pape-ale-niang-finalement-je-crois-que-je-dois-demissionner-du-metier\/#primaryimage\"},\"image\":{\"@id\":\"https:\/\/www.public.sn\/index.php\/2023\/01\/27\/pape-ale-niang-finalement-je-crois-que-je-dois-demissionner-du-metier\/#primaryimage\"},\"thumbnailUrl\":\"https:\/\/www.public.sn\/wp-content\/uploads\/2022\/11\/pape-ale-niang5.jpg\",\"datePublished\":\"2023-01-27T21:32:04+00:00\",\"breadcrumb\":{\"@id\":\"https:\/\/www.public.sn\/index.php\/2023\/01\/27\/pape-ale-niang-finalement-je-crois-que-je-dois-demissionner-du-metier\/#breadcrumb\"},\"inLanguage\":\"fr-FR\",\"potentialAction\":[{\"@type\":\"ReadAction\",\"target\":[\"https:\/\/www.public.sn\/index.php\/2023\/01\/27\/pape-ale-niang-finalement-je-crois-que-je-dois-demissionner-du-metier\/\"]}]},{\"@type\":\"ImageObject\",\"inLanguage\":\"fr-FR\",\"@id\":\"https:\/\/www.public.sn\/index.php\/2023\/01\/27\/pape-ale-niang-finalement-je-crois-que-je-dois-demissionner-du-metier\/#primaryimage\",\"url\":\"https:\/\/www.public.sn\/wp-content\/uploads\/2022\/11\/pape-ale-niang5.jpg\",\"contentUrl\":\"https:\/\/www.public.sn\/wp-content\/uploads\/2022\/11\/pape-ale-niang5.jpg\",\"width\":696,\"height\":392},{\"@type\":\"BreadcrumbList\",\"@id\":\"https:\/\/www.public.sn\/index.php\/2023\/01\/27\/pape-ale-niang-finalement-je-crois-que-je-dois-demissionner-du-metier\/#breadcrumb\",\"itemListElement\":[{\"@type\":\"ListItem\",\"position\":1,\"name\":\"Accueil\",\"item\":\"https:\/\/www.public.sn\/\"},{\"@type\":\"ListItem\",\"position\":2,\"name\":\"Pape Al\u00e9 Niang : \u00ab Finalement je crois que je dois d\u00e9missionner du m\u00e9tier \u00bb\"}]},{\"@type\":\"WebSite\",\"@id\":\"https:\/\/www.public.sn\/#website\",\"url\":\"https:\/\/www.public.sn\/\",\"name\":\"LE PUBLIC\",\"description\":\"\",\"publisher\":{\"@id\":\"https:\/\/www.public.sn\/#organization\"},\"potentialAction\":[{\"@type\":\"SearchAction\",\"target\":{\"@type\":\"EntryPoint\",\"urlTemplate\":\"https:\/\/www.public.sn\/?s={search_term_string}\"},\"query-input\":{\"@type\":\"PropertyValueSpecification\",\"valueRequired\":true,\"valueName\":\"search_term_string\"}}],\"inLanguage\":\"fr-FR\"},{\"@type\":\"Organization\",\"@id\":\"https:\/\/www.public.sn\/#organization\",\"name\":\"LE PUBLIC\",\"url\":\"https:\/\/www.public.sn\/\",\"logo\":{\"@type\":\"ImageObject\",\"inLanguage\":\"fr-FR\",\"@id\":\"https:\/\/www.public.sn\/#\/schema\/logo\/image\/\",\"url\":\"https:\/\/www.public.sn\/wp-content\/uploads\/2024\/05\/cropped-LOGO-PUBLIC.SN_.png\",\"contentUrl\":\"https:\/\/www.public.sn\/wp-content\/uploads\/2024\/05\/cropped-LOGO-PUBLIC.SN_.png\",\"width\":682,\"height\":192,\"caption\":\"LE PUBLIC\"},\"image\":{\"@id\":\"https:\/\/www.public.sn\/#\/schema\/logo\/image\/\"}},{\"@type\":\"Person\",\"@id\":\"https:\/\/www.public.sn\/#\/schema\/person\/e3f4a11b037d4203902db148f9bc8d5a\",\"name\":\"LA REDACTION\",\"image\":{\"@type\":\"ImageObject\",\"inLanguage\":\"fr-FR\",\"@id\":\"https:\/\/www.public.sn\/#\/schema\/person\/image\/\",\"url\":\"https:\/\/secure.gravatar.com\/avatar\/d6c030db45db2883c075085c5d6c6258654a801a93766b49af0b82d4f454e2a5?s=96&d=mm&r=g\",\"contentUrl\":\"https:\/\/secure.gravatar.com\/avatar\/d6c030db45db2883c075085c5d6c6258654a801a93766b49af0b82d4f454e2a5?s=96&d=mm&r=g\",\"caption\":\"LA REDACTION\"},\"sameAs\":[\"http:\/\/www.public.sn\"],\"url\":\"https:\/\/www.public.sn\/index.php\/author\/admin7324\/\"}]}<\/script>\n<!-- \/ Yoast SEO plugin. -->","yoast_head_json":{"title":"Pape Al\u00e9 Niang : \u00ab Finalement je crois que je dois d\u00e9missionner du m\u00e9tier \u00bb - LE PUBLIC","robots":{"index":"index","follow":"follow","max-snippet":"max-snippet:-1","max-image-preview":"max-image-preview:large","max-video-preview":"max-video-preview:-1"},"canonical":"https:\/\/www.public.sn\/index.php\/2023\/01\/27\/pape-ale-niang-finalement-je-crois-que-je-dois-demissionner-du-metier\/","og_locale":"fr_FR","og_type":"article","og_title":"Pape Al\u00e9 Niang : \u00ab Finalement je crois que je dois d\u00e9missionner du m\u00e9tier \u00bb - LE PUBLIC","og_description":"Pape Al\u00e9 Niang vit tr\u00e8s mal sa situation. Actuellement sous contr\u00f4le judiciaire, le journaliste vient de lancer un message touchant.\u00a0Il est ainsi revenu sur les nombreuses alertes re\u00e7ues ces derniers jours.\u00a0 \u00a0\u00ab\u00a0La seule chose que tout le monde lui demande et en boucle est celle ci, \u00ab\u00a0Pape il faut rester dans ton coin et laisser tout de c\u00f4t\u00e9. Car ils sont pr\u00eats non seulement \u00e0 te jeter encore en prison mais pire \u00e0 te tuer .\u00a0\u00a0Finalement je crois que je dois d\u00e9missionner du m\u00e9tier. C\u2019est plus simple sinon avec quoi je vais nourrir ma famille et m\u2019occuper de mes besoins. Finalement ce contr\u00f4le judiciaire n\u2019est ni plus ni moins qu\u2019une prison \u00e0 ciel ouvert\u00a0\u00bb\u00a0\u00ab\u00a0","og_url":"https:\/\/www.public.sn\/index.php\/2023\/01\/27\/pape-ale-niang-finalement-je-crois-que-je-dois-demissionner-du-metier\/","og_site_name":"LE PUBLIC","article_published_time":"2023-01-27T21:32:04+00:00","og_image":[{"width":696,"height":392,"url":"https:\/\/www.public.sn\/wp-content\/uploads\/2022\/11\/pape-ale-niang5.jpg","type":"image\/jpeg"}],"author":"LA REDACTION","twitter_card":"summary_large_image","twitter_misc":{"\u00c9crit par":"LA REDACTION","Dur\u00e9e de lecture estim\u00e9e":"1 minute"},"schema":{"@context":"https:\/\/schema.org","@graph":[{"@type":"Article","@id":"https:\/\/www.public.sn\/index.php\/2023\/01\/27\/pape-ale-niang-finalement-je-crois-que-je-dois-demissionner-du-metier\/#article","isPartOf":{"@id":"https:\/\/www.public.sn\/index.php\/2023\/01\/27\/pape-ale-niang-finalement-je-crois-que-je-dois-demissionner-du-metier\/"},"author":{"name":"LA REDACTION","@id":"https:\/\/www.public.sn\/#\/schema\/person\/e3f4a11b037d4203902db148f9bc8d5a"},"headline":"Pape Al\u00e9 Niang : \u00ab Finalement je crois que je dois d\u00e9missionner du m\u00e9tier \u00bb","datePublished":"2023-01-27T21:32:04+00:00","mainEntityOfPage":{"@id":"https:\/\/www.public.sn\/index.php\/2023\/01\/27\/pape-ale-niang-finalement-je-crois-que-je-dois-demissionner-du-metier\/"},"wordCount":138,"commentCount":0,"publisher":{"@id":"https:\/\/www.public.sn\/#organization"},"image":{"@id":"https:\/\/www.public.sn\/index.php\/2023\/01\/27\/pape-ale-niang-finalement-je-crois-que-je-dois-demissionner-du-metier\/#primaryimage"},"thumbnailUrl":"https:\/\/www.public.sn\/wp-content\/uploads\/2022\/11\/pape-ale-niang5.jpg","keywords":["Pape Al\u00e9 Niang"],"articleSection":["ACTUALIT\u00c9S","M\u00c9DIAS","VEDETTE"],"inLanguage":"fr-FR","potentialAction":[{"@type":"CommentAction","name":"Comment","target":["https:\/\/www.public.sn\/index.php\/2023\/01\/27\/pape-ale-niang-finalement-je-crois-que-je-dois-demissionner-du-metier\/#respond"]}]},{"@type":"WebPage","@id":"https:\/\/www.public.sn\/index.php\/2023\/01\/27\/pape-ale-niang-finalement-je-crois-que-je-dois-demissionner-du-metier\/","url":"https:\/\/www.public.sn\/index.php\/2023\/01\/27\/pape-ale-niang-finalement-je-crois-que-je-dois-demissionner-du-metier\/","name":"Pape Al\u00e9 Niang : \u00ab Finalement je crois que je dois d\u00e9missionner du m\u00e9tier \u00bb - LE PUBLIC","isPartOf":{"@id":"https:\/\/www.public.sn\/#website"},"primaryImageOfPage":{"@id":"https:\/\/www.public.sn\/index.php\/2023\/01\/27\/pape-ale-niang-finalement-je-crois-que-je-dois-demissionner-du-metier\/#primaryimage"},"image":{"@id":"https:\/\/www.public.sn\/index.php\/2023\/01\/27\/pape-ale-niang-finalement-je-crois-que-je-dois-demissionner-du-metier\/#primaryimage"},"thumbnailUrl":"https:\/\/www.public.sn\/wp-content\/uploads\/2022\/11\/pape-ale-niang5.jpg","datePublished":"2023-01-27T21:32:04+00:00","breadcrumb":{"@id":"https:\/\/www.public.sn\/index.php\/2023\/01\/27\/pape-ale-niang-finalement-je-crois-que-je-dois-demissionner-du-metier\/#breadcrumb"},"inLanguage":"fr-FR","potentialAction":[{"@type":"ReadAction","target":["https:\/\/www.public.sn\/index.php\/2023\/01\/27\/pape-ale-niang-finalement-je-crois-que-je-dois-demissionner-du-metier\/"]}]},{"@type":"ImageObject","inLanguage":"fr-FR","@id":"https:\/\/www.public.sn\/index.php\/2023\/01\/27\/pape-ale-niang-finalement-je-crois-que-je-dois-demissionner-du-metier\/#primaryimage","url":"https:\/\/www.public.sn\/wp-content\/uploads\/2022\/11\/pape-ale-niang5.jpg","contentUrl":"https:\/\/www.public.sn\/wp-content\/uploads\/2022\/11\/pape-ale-niang5.jpg","width":696,"height":392},{"@type":"BreadcrumbList","@id":"https:\/\/www.public.sn\/index.php\/2023\/01\/27\/pape-ale-niang-finalement-je-crois-que-je-dois-demissionner-du-metier\/#breadcrumb","itemListElement":[{"@type":"ListItem","position":1,"name":"Accueil","item":"https:\/\/www.public.sn\/"},{"@type":"ListItem","position":2,"name":"Pape Al\u00e9 Niang : \u00ab Finalement je crois que je dois d\u00e9missionner du m\u00e9tier \u00bb"}]},{"@type":"WebSite","@id":"https:\/\/www.public.sn\/#website","url":"https:\/\/www.public.sn\/","name":"LE PUBLIC","description":"","publisher":{"@id":"https:\/\/www.public.sn\/#organization"},"potentialAction":[{"@type":"SearchAction","target":{"@type":"EntryPoint","urlTemplate":"https:\/\/www.public.sn\/?s={search_term_string}"},"query-input":{"@type":"PropertyValueSpecification","valueRequired":true,"valueName":"search_term_string"}}],"inLanguage":"fr-FR"},{"@type":"Organization","@id":"https:\/\/www.public.sn\/#organization","name":"LE PUBLIC","url":"https:\/\/www.public.sn\/","logo":{"@type":"ImageObject","inLanguage":"fr-FR","@id":"https:\/\/www.public.sn\/#\/schema\/logo\/image\/","url":"https:\/\/www.public.sn\/wp-content\/uploads\/2024\/05\/cropped-LOGO-PUBLIC.SN_.png","contentUrl":"https:\/\/www.public.sn\/wp-content\/uploads\/2024\/05\/cropped-LOGO-PUBLIC.SN_.png","width":682,"height":192,"caption":"LE PUBLIC"},"image":{"@id":"https:\/\/www.public.sn\/#\/schema\/logo\/image\/"}},{"@type":"Person","@id":"https:\/\/www.public.sn\/#\/schema\/person\/e3f4a11b037d4203902db148f9bc8d5a","name":"LA REDACTION","image":{"@type":"ImageObject","inLanguage":"fr-FR","@id":"https:\/\/www.public.sn\/#\/schema\/person\/image\/","url":"https:\/\/secure.gravatar.com\/avatar\/d6c030db45db2883c075085c5d6c6258654a801a93766b49af0b82d4f454e2a5?s=96&d=mm&r=g","contentUrl":"https:\/\/secure.gravatar.com\/avatar\/d6c030db45db2883c075085c5d6c6258654a801a93766b49af0b82d4f454e2a5?s=96&d=mm&r=g","caption":"LA REDACTION"},"sameAs":["http:\/\/www.public.sn"],"url":"https:\/\/www.public.sn\/index.php\/author\/admin7324\/"}]}},"jetpack_featured_media_url":"https:\/\/www.public.sn\/wp-content\/uploads\/2022\/11\/pape-ale-niang5.jpg","jetpack_sharing_enabled":true,"_links":{"self":[{"href":"https:\/\/www.public.sn\/index.php\/wp-json\/wp\/v2\/posts\/14466","targetHints":{"allow":["GET"]}}],"collection":[{"href":"https:\/\/www.public.sn\/index.php\/wp-json\/wp\/v2\/posts"}],"about":[{"href":"https:\/\/www.public.sn\/index.php\/wp-json\/wp\/v2\/types\/post"}],"author":[{"embeddable":true,"href":"https:\/\/www.public.sn\/index.php\/wp-json\/wp\/v2\/users\/1"}],"replies":[{"embeddable":true,"href":"https:\/\/www.public.sn\/index.php\/wp-json\/wp\/v2\/comments?post=14466"}],"version-history":[{"count":1,"href":"https:\/\/www.public.sn\/index.php\/wp-json\/wp\/v2\/posts\/14466\/revisions"}],"predecessor-version":[{"id":14467,"href":"https:\/\/www.public.sn\/index.php\/wp-json\/wp\/v2\/posts\/14466\/revisions\/14467"}],"wp:featuredmedia":[{"embeddable":true,"href":"https:\/\/www.public.sn\/index.php\/wp-json\/wp\/v2\/media\/7120"}],"wp:attachment":[{"href":"https:\/\/www.public.sn\/index.php\/wp-json\/wp\/v2\/media?parent=14466"}],"wp:term":[{"taxonomy":"category","embeddable":true,"href":"https:\/\/www.public.sn\/index.php\/wp-json\/wp\/v2\/categories?post=14466"},{"taxonomy":"post_tag","embeddable":true,"href":"https:\/\/www.public.sn\/index.php\/wp-json\/wp\/v2\/tags?post=14466"}],"curies":[{"name":"wp","href":"https:\/\/api.w.org\/{rel}","templated":true}]}}