{"id":14496,"date":"2023-01-28T09:01:32","date_gmt":"2023-01-28T09:01:32","guid":{"rendered":"https:\/\/www.public.sn\/?p=14496"},"modified":"2023-01-28T08:41:59","modified_gmt":"2023-01-28T08:41:59","slug":"affaire-des-850-kg-de-cocaine-la-maison-de-lepouse-du-cerveau-du-cartel-a-dakar-visitee","status":"publish","type":"post","link":"https:\/\/www.public.sn\/index.php\/2023\/01\/28\/affaire-des-850-kg-de-cocaine-la-maison-de-lepouse-du-cerveau-du-cartel-a-dakar-visitee\/","title":{"rendered":"Affaire des 850 kg de coca\u00efne : La maison de l\u2019\u00e9pouse du cerveau du cartel \u00e0 Dakar visit\u00e9e"},"content":{"rendered":"<p><strong>Apr\u00e8s avoir h\u00e9rit\u00e9 lundi dernier de l\u2019affaire de la saisie des 805 Kg de coca\u00efne saisis \u00e0 335 Km des c\u00f4tes s\u00e9n\u00e9galaises par la marine nationale, les enqu\u00eateurs de l\u2019Ocrtis continuent de poser des actes majeurs pour \u00e9lucider cette n\u00e9buleuse affaire de trafic de drogue dure convoy\u00e9e par un navire battant pavillon gambien et qui avait pour destination finale le port de Banjul.<\/strong><\/p><div class=\"publi-paragraphe1\" style=\"margin-top: 10px;margin-bottom: 10px;margin-left: auto;margin-right: auto;text-align: center;\" id=\"publi-3005613998\"><div class=\"publi-adlabel\">Publicit\u00e9<\/div><script async src=\"\/\/pagead2.googlesyndication.com\/pagead\/js\/adsbygoogle.js?client=ca-pub-4089586018074219\" crossorigin=\"anonymous\"><\/script><ins class=\"adsbygoogle\" style=\"display:block;\" data-ad-client=\"ca-pub-4089586018074219\" \ndata-ad-slot=\"2087940154\" \ndata-ad-format=\"auto\"><\/ins>\n<script> \n(adsbygoogle = window.adsbygoogle || []).push({}); \n<\/script>\n<\/div>\n<p>L\u2019Office central de r\u00e9pression du trafic illicite de stup\u00e9fiants (OCRTIS) qui s\u2019est lanc\u00e9e aux trousses des acteurs du cartel, a effectu\u00e9 une s\u00e9rie de perquisitions dans deux domiciles.<\/p>\n<p>D\u2019apr\u00e8s L\u2019Observateur, qui donne l\u2019information, c\u2019est d\u2019abord le domicile de la 3e \u00e9pouse s\u00e9n\u00e9galaise du cerveau pr\u00e9sum\u00e9, A. S. Faye, du cartel de narcotrafiquants ayant des ramifications en Am\u00e9rique latine, qui a \u00e9t\u00e9 visit\u00e9. Le journal rappelle que la ma\u00eetresse des lieux a \u00e9t\u00e9 d\u00e9j\u00e0 interpell\u00e9e pour les besoins de l\u2019enqu\u00eate d\u00e8s le lendemain de l\u2019arraisonnement du chalutier gambien immatricul\u00e9 06724234 \u00e0 l\u2019enseigne \u00ab Mansini Sonko Faye \u00bb.<\/p>\n<p>Sur instruction du procureur de la R\u00e9publique, les \u00e9l\u00e9ments op\u00e9rationnels de l\u2019OCRTIS ont aussi d\u00e9barqu\u00e9 au domicile du commandant du navire, S. D. Narh. De nationalit\u00e9 ghan\u00e9enne, ce dernier s\u2019\u00e9tait \u00e9tabli \u00e0 Dakar depuis plusieurs ann\u00e9es. Rappeler qu\u2019au moment o\u00f9 le cerveau pr\u00e9sum\u00e9 est activement recherch\u00e9, Narh fait partie, lui, des membres de l\u2019\u00e9quipage interpell\u00e9s. D\u2019ailleurs, la perquisition a eu lieu en sa pr\u00e9sence.<\/p>\n<p>Conjointement \u00e0 cette s\u00e9rie de perquisitions, signale le journal, les hommes du commissaire S\u00e8ne de l\u2019OCRTIS, apr\u00e8s la synergie d\u2019actions avec leurs coll\u00e8gues de la Gambie et Interpol, ont aussi activ\u00e9 l\u2019Agence polici\u00e8re anti-drogue dans le cadre de la traque contre le cerveau pr\u00e9sum\u00e9. Ce, compte tenu de la sensibilit\u00e9 de la question puisque souligne L\u2019Obs, ce dernier est non seulement plein aux as mais aussi tr\u00e8s influent dans son pays : \u00ab L\u2019une de ses \u00e9pouses est une haute autorit\u00e9 du milieu judiciaire gambien \u00bb<\/p>\n<div class=\"publi-apres-le-contenu\" style=\"margin-top: 10px;margin-bottom: 10px;margin-left: auto;margin-right: auto;text-align: center;\" id=\"publi-1206463066\"><div class=\"publi-adlabel\">Publicit\u00e9<\/div><script async src=\"\/\/pagead2.googlesyndication.com\/pagead\/js\/adsbygoogle.js?client=ca-pub-4089586018074219\" crossorigin=\"anonymous\"><\/script><ins class=\"adsbygoogle\" style=\"display:block;\" data-ad-client=\"ca-pub-4089586018074219\" \ndata-ad-slot=\"2087940154\" \ndata-ad-format=\"auto\"><\/ins>\n<script> \n(adsbygoogle = window.adsbygoogle || []).push({}); \n<\/script>\n<\/div>","protected":false},"excerpt":{"rendered":"<p>Apr\u00e8s avoir h\u00e9rit\u00e9 lundi dernier de l\u2019affaire de la saisie des 805 Kg de coca\u00efne saisis \u00e0 335 Km des c\u00f4tes s\u00e9n\u00e9galaises par la marine nationale, les enqu\u00eateurs de l\u2019Ocrtis continuent de poser des actes majeurs pour \u00e9lucider cette n\u00e9buleuse affaire de trafic de drogue dure convoy\u00e9e par un navire battant pavillon gambien et qui avait pour destination finale le port de Banjul. L\u2019Office central de r\u00e9pression du trafic illicite de stup\u00e9fiants (OCRTIS) qui s\u2019est lanc\u00e9e aux trousses des acteurs du cartel, a effectu\u00e9 une s\u00e9rie de perquisitions dans deux domiciles. D\u2019apr\u00e8s L\u2019Observateur, qui donne l\u2019information, c\u2019est d\u2019abord le domicile de la 3e \u00e9pouse s\u00e9n\u00e9galaise du cerveau pr\u00e9sum\u00e9, A. S. Faye, du cartel de narcotrafiquants ayant des ramifications en Am\u00e9rique latine, qui a \u00e9t\u00e9 visit\u00e9. Le journal rappelle que la ma\u00eetresse des lieux a \u00e9t\u00e9 d\u00e9j\u00e0 interpell\u00e9e pour les besoins de l\u2019enqu\u00eate d\u00e8s le lendemain de l\u2019arraisonnement du chalutier gambien immatricul\u00e9 06724234 \u00e0 l\u2019enseigne \u00ab Mansini Sonko Faye \u00bb. Sur instruction du procureur de la R\u00e9publique, les \u00e9l\u00e9ments op\u00e9rationnels de l\u2019OCRTIS ont aussi d\u00e9barqu\u00e9 au domicile du commandant du navire, S. D. Narh. De nationalit\u00e9 ghan\u00e9enne, ce dernier s\u2019\u00e9tait \u00e9tabli \u00e0 Dakar depuis plusieurs ann\u00e9es. Rappeler qu\u2019au moment o\u00f9 le cerveau pr\u00e9sum\u00e9 est activement recherch\u00e9, Narh fait partie, lui, des membres de l\u2019\u00e9quipage interpell\u00e9s. D\u2019ailleurs, la perquisition a eu lieu en sa pr\u00e9sence. Conjointement \u00e0 cette s\u00e9rie de perquisitions, signale le journal, les hommes du commissaire S\u00e8ne de l\u2019OCRTIS, apr\u00e8s la synergie d\u2019actions avec leurs coll\u00e8gues de la Gambie et Interpol, ont aussi activ\u00e9 l\u2019Agence polici\u00e8re anti-drogue dans le cadre de la traque contre le cerveau pr\u00e9sum\u00e9. Ce, compte tenu de la sensibilit\u00e9 de la question puisque souligne L\u2019Obs, ce dernier est non seulement plein aux as mais aussi tr\u00e8s influent dans son pays : \u00ab L\u2019une de ses \u00e9pouses est une haute autorit\u00e9 du milieu judiciaire gambien \u00bb<\/p>\n","protected":false},"author":1,"featured_media":6194,"comment_status":"open","ping_status":"open","sticky":false,"template":"","format":"standard","meta":{"_jetpack_memberships_contains_paid_content":false,"footnotes":""},"categories":[375,376],"tags":[1840],"class_list":["post-14496","post","type-post","status-publish","format-standard","has-post-thumbnail","hentry","category-actualites","category-securite-justice","tag-cocaine","entry","has-media","owp-thumbs-layout-horizontal","owp-btn-normal","owp-tabs-layout-horizontal","has-no-thumbnails","has-product-nav"],"yoast_head":"<!-- This site is optimized with the Yoast SEO plugin v25.5 - https:\/\/yoast.com\/wordpress\/plugins\/seo\/ -->\n<title>Affaire des 850 kg de coca\u00efne : La maison de l\u2019\u00e9pouse du cerveau du cartel \u00e0 Dakar visit\u00e9e - LE PUBLIC<\/title>\n<meta name=\"robots\" content=\"index, follow, max-snippet:-1, max-image-preview:large, max-video-preview:-1\" \/>\n<link rel=\"canonical\" href=\"https:\/\/www.public.sn\/index.php\/2023\/01\/28\/affaire-des-850-kg-de-cocaine-la-maison-de-lepouse-du-cerveau-du-cartel-a-dakar-visitee\/\" \/>\n<meta property=\"og:locale\" content=\"fr_FR\" \/>\n<meta property=\"og:type\" content=\"article\" \/>\n<meta property=\"og:title\" content=\"Affaire des 850 kg de coca\u00efne : La maison de l\u2019\u00e9pouse du cerveau du cartel \u00e0 Dakar visit\u00e9e - LE PUBLIC\" \/>\n<meta property=\"og:description\" content=\"Apr\u00e8s avoir h\u00e9rit\u00e9 lundi dernier de l\u2019affaire de la saisie des 805 Kg de coca\u00efne saisis \u00e0 335 Km des c\u00f4tes s\u00e9n\u00e9galaises par la marine nationale, les enqu\u00eateurs de l\u2019Ocrtis continuent de poser des actes majeurs pour \u00e9lucider cette n\u00e9buleuse affaire de trafic de drogue dure convoy\u00e9e par un navire battant pavillon gambien et qui avait pour destination finale le port de Banjul. L\u2019Office central de r\u00e9pression du trafic illicite de stup\u00e9fiants (OCRTIS) qui s\u2019est lanc\u00e9e aux trousses des acteurs du cartel, a effectu\u00e9 une s\u00e9rie de perquisitions dans deux domiciles. D\u2019apr\u00e8s L\u2019Observateur, qui donne l\u2019information, c\u2019est d\u2019abord le domicile de la 3e \u00e9pouse s\u00e9n\u00e9galaise du cerveau pr\u00e9sum\u00e9, A. S. Faye, du cartel de narcotrafiquants ayant des ramifications en Am\u00e9rique latine, qui a \u00e9t\u00e9 visit\u00e9. Le journal rappelle que la ma\u00eetresse des lieux a \u00e9t\u00e9 d\u00e9j\u00e0 interpell\u00e9e pour les besoins de l\u2019enqu\u00eate d\u00e8s le lendemain de l\u2019arraisonnement du chalutier gambien immatricul\u00e9 06724234 \u00e0 l\u2019enseigne \u00ab Mansini Sonko Faye \u00bb. Sur instruction du procureur de la R\u00e9publique, les \u00e9l\u00e9ments op\u00e9rationnels de l\u2019OCRTIS ont aussi d\u00e9barqu\u00e9 au domicile du commandant du navire, S. D. Narh. De nationalit\u00e9 ghan\u00e9enne, ce dernier s\u2019\u00e9tait \u00e9tabli \u00e0 Dakar depuis plusieurs ann\u00e9es. Rappeler qu\u2019au moment o\u00f9 le cerveau pr\u00e9sum\u00e9 est activement recherch\u00e9, Narh fait partie, lui, des membres de l\u2019\u00e9quipage interpell\u00e9s. D\u2019ailleurs, la perquisition a eu lieu en sa pr\u00e9sence. Conjointement \u00e0 cette s\u00e9rie de perquisitions, signale le journal, les hommes du commissaire S\u00e8ne de l\u2019OCRTIS, apr\u00e8s la synergie d\u2019actions avec leurs coll\u00e8gues de la Gambie et Interpol, ont aussi activ\u00e9 l\u2019Agence polici\u00e8re anti-drogue dans le cadre de la traque contre le cerveau pr\u00e9sum\u00e9. Ce, compte tenu de la sensibilit\u00e9 de la question puisque souligne L\u2019Obs, ce dernier est non seulement plein aux as mais aussi tr\u00e8s influent dans son pays : \u00ab L\u2019une de ses \u00e9pouses est une haute autorit\u00e9 du milieu judiciaire gambien \u00bb\" \/>\n<meta property=\"og:url\" content=\"https:\/\/www.public.sn\/index.php\/2023\/01\/28\/affaire-des-850-kg-de-cocaine-la-maison-de-lepouse-du-cerveau-du-cartel-a-dakar-visitee\/\" \/>\n<meta property=\"og:site_name\" content=\"LE PUBLIC\" \/>\n<meta property=\"article:published_time\" content=\"2023-01-28T09:01:32+00:00\" \/>\n<meta property=\"og:image\" content=\"https:\/\/www.public.sn\/wp-content\/uploads\/2022\/10\/drogue-1.jpg\" \/>\n\t<meta property=\"og:image:width\" content=\"620\" \/>\n\t<meta property=\"og:image:height\" content=\"310\" \/>\n\t<meta property=\"og:image:type\" content=\"image\/jpeg\" \/>\n<meta name=\"author\" content=\"LA REDACTION\" \/>\n<meta name=\"twitter:card\" content=\"summary_large_image\" \/>\n<meta name=\"twitter:label1\" content=\"\u00c9crit par\" \/>\n\t<meta name=\"twitter:data1\" content=\"LA REDACTION\" \/>\n\t<meta name=\"twitter:label2\" content=\"Dur\u00e9e de lecture estim\u00e9e\" \/>\n\t<meta name=\"twitter:data2\" content=\"2 minutes\" \/>\n<script type=\"application\/ld+json\" class=\"yoast-schema-graph\">{\"@context\":\"https:\/\/schema.org\",\"@graph\":[{\"@type\":\"Article\",\"@id\":\"https:\/\/www.public.sn\/index.php\/2023\/01\/28\/affaire-des-850-kg-de-cocaine-la-maison-de-lepouse-du-cerveau-du-cartel-a-dakar-visitee\/#article\",\"isPartOf\":{\"@id\":\"https:\/\/www.public.sn\/index.php\/2023\/01\/28\/affaire-des-850-kg-de-cocaine-la-maison-de-lepouse-du-cerveau-du-cartel-a-dakar-visitee\/\"},\"author\":{\"name\":\"LA REDACTION\",\"@id\":\"https:\/\/www.public.sn\/#\/schema\/person\/e3f4a11b037d4203902db148f9bc8d5a\"},\"headline\":\"Affaire des 850 kg de coca\u00efne : La maison de l\u2019\u00e9pouse du cerveau du cartel \u00e0 Dakar visit\u00e9e\",\"datePublished\":\"2023-01-28T09:01:32+00:00\",\"mainEntityOfPage\":{\"@id\":\"https:\/\/www.public.sn\/index.php\/2023\/01\/28\/affaire-des-850-kg-de-cocaine-la-maison-de-lepouse-du-cerveau-du-cartel-a-dakar-visitee\/\"},\"wordCount\":376,\"commentCount\":0,\"publisher\":{\"@id\":\"https:\/\/www.public.sn\/#organization\"},\"image\":{\"@id\":\"https:\/\/www.public.sn\/index.php\/2023\/01\/28\/affaire-des-850-kg-de-cocaine-la-maison-de-lepouse-du-cerveau-du-cartel-a-dakar-visitee\/#primaryimage\"},\"thumbnailUrl\":\"https:\/\/www.public.sn\/wp-content\/uploads\/2022\/10\/drogue-1.jpg\",\"keywords\":[\"cocaine\"],\"articleSection\":[\"ACTUALIT\u00c9S\",\"S\u00c9CURIT\u00c9 &amp; JUSTICE\"],\"inLanguage\":\"fr-FR\",\"potentialAction\":[{\"@type\":\"CommentAction\",\"name\":\"Comment\",\"target\":[\"https:\/\/www.public.sn\/index.php\/2023\/01\/28\/affaire-des-850-kg-de-cocaine-la-maison-de-lepouse-du-cerveau-du-cartel-a-dakar-visitee\/#respond\"]}]},{\"@type\":\"WebPage\",\"@id\":\"https:\/\/www.public.sn\/index.php\/2023\/01\/28\/affaire-des-850-kg-de-cocaine-la-maison-de-lepouse-du-cerveau-du-cartel-a-dakar-visitee\/\",\"url\":\"https:\/\/www.public.sn\/index.php\/2023\/01\/28\/affaire-des-850-kg-de-cocaine-la-maison-de-lepouse-du-cerveau-du-cartel-a-dakar-visitee\/\",\"name\":\"Affaire des 850 kg de coca\u00efne : La maison de l\u2019\u00e9pouse du cerveau du cartel \u00e0 Dakar visit\u00e9e - LE PUBLIC\",\"isPartOf\":{\"@id\":\"https:\/\/www.public.sn\/#website\"},\"primaryImageOfPage\":{\"@id\":\"https:\/\/www.public.sn\/index.php\/2023\/01\/28\/affaire-des-850-kg-de-cocaine-la-maison-de-lepouse-du-cerveau-du-cartel-a-dakar-visitee\/#primaryimage\"},\"image\":{\"@id\":\"https:\/\/www.public.sn\/index.php\/2023\/01\/28\/affaire-des-850-kg-de-cocaine-la-maison-de-lepouse-du-cerveau-du-cartel-a-dakar-visitee\/#primaryimage\"},\"thumbnailUrl\":\"https:\/\/www.public.sn\/wp-content\/uploads\/2022\/10\/drogue-1.jpg\",\"datePublished\":\"2023-01-28T09:01:32+00:00\",\"breadcrumb\":{\"@id\":\"https:\/\/www.public.sn\/index.php\/2023\/01\/28\/affaire-des-850-kg-de-cocaine-la-maison-de-lepouse-du-cerveau-du-cartel-a-dakar-visitee\/#breadcrumb\"},\"inLanguage\":\"fr-FR\",\"potentialAction\":[{\"@type\":\"ReadAction\",\"target\":[\"https:\/\/www.public.sn\/index.php\/2023\/01\/28\/affaire-des-850-kg-de-cocaine-la-maison-de-lepouse-du-cerveau-du-cartel-a-dakar-visitee\/\"]}]},{\"@type\":\"ImageObject\",\"inLanguage\":\"fr-FR\",\"@id\":\"https:\/\/www.public.sn\/index.php\/2023\/01\/28\/affaire-des-850-kg-de-cocaine-la-maison-de-lepouse-du-cerveau-du-cartel-a-dakar-visitee\/#primaryimage\",\"url\":\"https:\/\/www.public.sn\/wp-content\/uploads\/2022\/10\/drogue-1.jpg\",\"contentUrl\":\"https:\/\/www.public.sn\/wp-content\/uploads\/2022\/10\/drogue-1.jpg\",\"width\":620,\"height\":310,\"caption\":\"publicsn\"},{\"@type\":\"BreadcrumbList\",\"@id\":\"https:\/\/www.public.sn\/index.php\/2023\/01\/28\/affaire-des-850-kg-de-cocaine-la-maison-de-lepouse-du-cerveau-du-cartel-a-dakar-visitee\/#breadcrumb\",\"itemListElement\":[{\"@type\":\"ListItem\",\"position\":1,\"name\":\"Accueil\",\"item\":\"https:\/\/www.public.sn\/\"},{\"@type\":\"ListItem\",\"position\":2,\"name\":\"Affaire des 850 kg de coca\u00efne : La maison de l\u2019\u00e9pouse du cerveau du cartel \u00e0 Dakar visit\u00e9e\"}]},{\"@type\":\"WebSite\",\"@id\":\"https:\/\/www.public.sn\/#website\",\"url\":\"https:\/\/www.public.sn\/\",\"name\":\"LE PUBLIC\",\"description\":\"\",\"publisher\":{\"@id\":\"https:\/\/www.public.sn\/#organization\"},\"potentialAction\":[{\"@type\":\"SearchAction\",\"target\":{\"@type\":\"EntryPoint\",\"urlTemplate\":\"https:\/\/www.public.sn\/?s={search_term_string}\"},\"query-input\":{\"@type\":\"PropertyValueSpecification\",\"valueRequired\":true,\"valueName\":\"search_term_string\"}}],\"inLanguage\":\"fr-FR\"},{\"@type\":\"Organization\",\"@id\":\"https:\/\/www.public.sn\/#organization\",\"name\":\"LE PUBLIC\",\"url\":\"https:\/\/www.public.sn\/\",\"logo\":{\"@type\":\"ImageObject\",\"inLanguage\":\"fr-FR\",\"@id\":\"https:\/\/www.public.sn\/#\/schema\/logo\/image\/\",\"url\":\"https:\/\/www.public.sn\/wp-content\/uploads\/2024\/05\/cropped-LOGO-PUBLIC.SN_.png\",\"contentUrl\":\"https:\/\/www.public.sn\/wp-content\/uploads\/2024\/05\/cropped-LOGO-PUBLIC.SN_.png\",\"width\":682,\"height\":192,\"caption\":\"LE PUBLIC\"},\"image\":{\"@id\":\"https:\/\/www.public.sn\/#\/schema\/logo\/image\/\"}},{\"@type\":\"Person\",\"@id\":\"https:\/\/www.public.sn\/#\/schema\/person\/e3f4a11b037d4203902db148f9bc8d5a\",\"name\":\"LA REDACTION\",\"image\":{\"@type\":\"ImageObject\",\"inLanguage\":\"fr-FR\",\"@id\":\"https:\/\/www.public.sn\/#\/schema\/person\/image\/\",\"url\":\"https:\/\/secure.gravatar.com\/avatar\/d6c030db45db2883c075085c5d6c6258654a801a93766b49af0b82d4f454e2a5?s=96&d=mm&r=g\",\"contentUrl\":\"https:\/\/secure.gravatar.com\/avatar\/d6c030db45db2883c075085c5d6c6258654a801a93766b49af0b82d4f454e2a5?s=96&d=mm&r=g\",\"caption\":\"LA REDACTION\"},\"sameAs\":[\"http:\/\/www.public.sn\"],\"url\":\"https:\/\/www.public.sn\/index.php\/author\/admin7324\/\"}]}<\/script>\n<!-- \/ Yoast SEO plugin. -->","yoast_head_json":{"title":"Affaire des 850 kg de coca\u00efne : La maison de l\u2019\u00e9pouse du cerveau du cartel \u00e0 Dakar visit\u00e9e - LE PUBLIC","robots":{"index":"index","follow":"follow","max-snippet":"max-snippet:-1","max-image-preview":"max-image-preview:large","max-video-preview":"max-video-preview:-1"},"canonical":"https:\/\/www.public.sn\/index.php\/2023\/01\/28\/affaire-des-850-kg-de-cocaine-la-maison-de-lepouse-du-cerveau-du-cartel-a-dakar-visitee\/","og_locale":"fr_FR","og_type":"article","og_title":"Affaire des 850 kg de coca\u00efne : La maison de l\u2019\u00e9pouse du cerveau du cartel \u00e0 Dakar visit\u00e9e - LE PUBLIC","og_description":"Apr\u00e8s avoir h\u00e9rit\u00e9 lundi dernier de l\u2019affaire de la saisie des 805 Kg de coca\u00efne saisis \u00e0 335 Km des c\u00f4tes s\u00e9n\u00e9galaises par la marine nationale, les enqu\u00eateurs de l\u2019Ocrtis continuent de poser des actes majeurs pour \u00e9lucider cette n\u00e9buleuse affaire de trafic de drogue dure convoy\u00e9e par un navire battant pavillon gambien et qui avait pour destination finale le port de Banjul. L\u2019Office central de r\u00e9pression du trafic illicite de stup\u00e9fiants (OCRTIS) qui s\u2019est lanc\u00e9e aux trousses des acteurs du cartel, a effectu\u00e9 une s\u00e9rie de perquisitions dans deux domiciles. D\u2019apr\u00e8s L\u2019Observateur, qui donne l\u2019information, c\u2019est d\u2019abord le domicile de la 3e \u00e9pouse s\u00e9n\u00e9galaise du cerveau pr\u00e9sum\u00e9, A. S. Faye, du cartel de narcotrafiquants ayant des ramifications en Am\u00e9rique latine, qui a \u00e9t\u00e9 visit\u00e9. Le journal rappelle que la ma\u00eetresse des lieux a \u00e9t\u00e9 d\u00e9j\u00e0 interpell\u00e9e pour les besoins de l\u2019enqu\u00eate d\u00e8s le lendemain de l\u2019arraisonnement du chalutier gambien immatricul\u00e9 06724234 \u00e0 l\u2019enseigne \u00ab Mansini Sonko Faye \u00bb. Sur instruction du procureur de la R\u00e9publique, les \u00e9l\u00e9ments op\u00e9rationnels de l\u2019OCRTIS ont aussi d\u00e9barqu\u00e9 au domicile du commandant du navire, S. D. Narh. De nationalit\u00e9 ghan\u00e9enne, ce dernier s\u2019\u00e9tait \u00e9tabli \u00e0 Dakar depuis plusieurs ann\u00e9es. Rappeler qu\u2019au moment o\u00f9 le cerveau pr\u00e9sum\u00e9 est activement recherch\u00e9, Narh fait partie, lui, des membres de l\u2019\u00e9quipage interpell\u00e9s. D\u2019ailleurs, la perquisition a eu lieu en sa pr\u00e9sence. Conjointement \u00e0 cette s\u00e9rie de perquisitions, signale le journal, les hommes du commissaire S\u00e8ne de l\u2019OCRTIS, apr\u00e8s la synergie d\u2019actions avec leurs coll\u00e8gues de la Gambie et Interpol, ont aussi activ\u00e9 l\u2019Agence polici\u00e8re anti-drogue dans le cadre de la traque contre le cerveau pr\u00e9sum\u00e9. Ce, compte tenu de la sensibilit\u00e9 de la question puisque souligne L\u2019Obs, ce dernier est non seulement plein aux as mais aussi tr\u00e8s influent dans son pays : \u00ab L\u2019une de ses \u00e9pouses est une haute autorit\u00e9 du milieu judiciaire gambien \u00bb","og_url":"https:\/\/www.public.sn\/index.php\/2023\/01\/28\/affaire-des-850-kg-de-cocaine-la-maison-de-lepouse-du-cerveau-du-cartel-a-dakar-visitee\/","og_site_name":"LE PUBLIC","article_published_time":"2023-01-28T09:01:32+00:00","og_image":[{"width":620,"height":310,"url":"https:\/\/www.public.sn\/wp-content\/uploads\/2022\/10\/drogue-1.jpg","type":"image\/jpeg"}],"author":"LA REDACTION","twitter_card":"summary_large_image","twitter_misc":{"\u00c9crit par":"LA REDACTION","Dur\u00e9e de lecture estim\u00e9e":"2 minutes"},"schema":{"@context":"https:\/\/schema.org","@graph":[{"@type":"Article","@id":"https:\/\/www.public.sn\/index.php\/2023\/01\/28\/affaire-des-850-kg-de-cocaine-la-maison-de-lepouse-du-cerveau-du-cartel-a-dakar-visitee\/#article","isPartOf":{"@id":"https:\/\/www.public.sn\/index.php\/2023\/01\/28\/affaire-des-850-kg-de-cocaine-la-maison-de-lepouse-du-cerveau-du-cartel-a-dakar-visitee\/"},"author":{"name":"LA REDACTION","@id":"https:\/\/www.public.sn\/#\/schema\/person\/e3f4a11b037d4203902db148f9bc8d5a"},"headline":"Affaire des 850 kg de coca\u00efne : La maison de l\u2019\u00e9pouse du cerveau du cartel \u00e0 Dakar visit\u00e9e","datePublished":"2023-01-28T09:01:32+00:00","mainEntityOfPage":{"@id":"https:\/\/www.public.sn\/index.php\/2023\/01\/28\/affaire-des-850-kg-de-cocaine-la-maison-de-lepouse-du-cerveau-du-cartel-a-dakar-visitee\/"},"wordCount":376,"commentCount":0,"publisher":{"@id":"https:\/\/www.public.sn\/#organization"},"image":{"@id":"https:\/\/www.public.sn\/index.php\/2023\/01\/28\/affaire-des-850-kg-de-cocaine-la-maison-de-lepouse-du-cerveau-du-cartel-a-dakar-visitee\/#primaryimage"},"thumbnailUrl":"https:\/\/www.public.sn\/wp-content\/uploads\/2022\/10\/drogue-1.jpg","keywords":["cocaine"],"articleSection":["ACTUALIT\u00c9S","S\u00c9CURIT\u00c9 &amp; JUSTICE"],"inLanguage":"fr-FR","potentialAction":[{"@type":"CommentAction","name":"Comment","target":["https:\/\/www.public.sn\/index.php\/2023\/01\/28\/affaire-des-850-kg-de-cocaine-la-maison-de-lepouse-du-cerveau-du-cartel-a-dakar-visitee\/#respond"]}]},{"@type":"WebPage","@id":"https:\/\/www.public.sn\/index.php\/2023\/01\/28\/affaire-des-850-kg-de-cocaine-la-maison-de-lepouse-du-cerveau-du-cartel-a-dakar-visitee\/","url":"https:\/\/www.public.sn\/index.php\/2023\/01\/28\/affaire-des-850-kg-de-cocaine-la-maison-de-lepouse-du-cerveau-du-cartel-a-dakar-visitee\/","name":"Affaire des 850 kg de coca\u00efne : La maison de l\u2019\u00e9pouse du cerveau du cartel \u00e0 Dakar visit\u00e9e - LE PUBLIC","isPartOf":{"@id":"https:\/\/www.public.sn\/#website"},"primaryImageOfPage":{"@id":"https:\/\/www.public.sn\/index.php\/2023\/01\/28\/affaire-des-850-kg-de-cocaine-la-maison-de-lepouse-du-cerveau-du-cartel-a-dakar-visitee\/#primaryimage"},"image":{"@id":"https:\/\/www.public.sn\/index.php\/2023\/01\/28\/affaire-des-850-kg-de-cocaine-la-maison-de-lepouse-du-cerveau-du-cartel-a-dakar-visitee\/#primaryimage"},"thumbnailUrl":"https:\/\/www.public.sn\/wp-content\/uploads\/2022\/10\/drogue-1.jpg","datePublished":"2023-01-28T09:01:32+00:00","breadcrumb":{"@id":"https:\/\/www.public.sn\/index.php\/2023\/01\/28\/affaire-des-850-kg-de-cocaine-la-maison-de-lepouse-du-cerveau-du-cartel-a-dakar-visitee\/#breadcrumb"},"inLanguage":"fr-FR","potentialAction":[{"@type":"ReadAction","target":["https:\/\/www.public.sn\/index.php\/2023\/01\/28\/affaire-des-850-kg-de-cocaine-la-maison-de-lepouse-du-cerveau-du-cartel-a-dakar-visitee\/"]}]},{"@type":"ImageObject","inLanguage":"fr-FR","@id":"https:\/\/www.public.sn\/index.php\/2023\/01\/28\/affaire-des-850-kg-de-cocaine-la-maison-de-lepouse-du-cerveau-du-cartel-a-dakar-visitee\/#primaryimage","url":"https:\/\/www.public.sn\/wp-content\/uploads\/2022\/10\/drogue-1.jpg","contentUrl":"https:\/\/www.public.sn\/wp-content\/uploads\/2022\/10\/drogue-1.jpg","width":620,"height":310,"caption":"publicsn"},{"@type":"BreadcrumbList","@id":"https:\/\/www.public.sn\/index.php\/2023\/01\/28\/affaire-des-850-kg-de-cocaine-la-maison-de-lepouse-du-cerveau-du-cartel-a-dakar-visitee\/#breadcrumb","itemListElement":[{"@type":"ListItem","position":1,"name":"Accueil","item":"https:\/\/www.public.sn\/"},{"@type":"ListItem","position":2,"name":"Affaire des 850 kg de coca\u00efne : La maison de l\u2019\u00e9pouse du cerveau du cartel \u00e0 Dakar visit\u00e9e"}]},{"@type":"WebSite","@id":"https:\/\/www.public.sn\/#website","url":"https:\/\/www.public.sn\/","name":"LE PUBLIC","description":"","publisher":{"@id":"https:\/\/www.public.sn\/#organization"},"potentialAction":[{"@type":"SearchAction","target":{"@type":"EntryPoint","urlTemplate":"https:\/\/www.public.sn\/?s={search_term_string}"},"query-input":{"@type":"PropertyValueSpecification","valueRequired":true,"valueName":"search_term_string"}}],"inLanguage":"fr-FR"},{"@type":"Organization","@id":"https:\/\/www.public.sn\/#organization","name":"LE PUBLIC","url":"https:\/\/www.public.sn\/","logo":{"@type":"ImageObject","inLanguage":"fr-FR","@id":"https:\/\/www.public.sn\/#\/schema\/logo\/image\/","url":"https:\/\/www.public.sn\/wp-content\/uploads\/2024\/05\/cropped-LOGO-PUBLIC.SN_.png","contentUrl":"https:\/\/www.public.sn\/wp-content\/uploads\/2024\/05\/cropped-LOGO-PUBLIC.SN_.png","width":682,"height":192,"caption":"LE PUBLIC"},"image":{"@id":"https:\/\/www.public.sn\/#\/schema\/logo\/image\/"}},{"@type":"Person","@id":"https:\/\/www.public.sn\/#\/schema\/person\/e3f4a11b037d4203902db148f9bc8d5a","name":"LA REDACTION","image":{"@type":"ImageObject","inLanguage":"fr-FR","@id":"https:\/\/www.public.sn\/#\/schema\/person\/image\/","url":"https:\/\/secure.gravatar.com\/avatar\/d6c030db45db2883c075085c5d6c6258654a801a93766b49af0b82d4f454e2a5?s=96&d=mm&r=g","contentUrl":"https:\/\/secure.gravatar.com\/avatar\/d6c030db45db2883c075085c5d6c6258654a801a93766b49af0b82d4f454e2a5?s=96&d=mm&r=g","caption":"LA REDACTION"},"sameAs":["http:\/\/www.public.sn"],"url":"https:\/\/www.public.sn\/index.php\/author\/admin7324\/"}]}},"jetpack_featured_media_url":"https:\/\/www.public.sn\/wp-content\/uploads\/2022\/10\/drogue-1.jpg","jetpack_sharing_enabled":true,"_links":{"self":[{"href":"https:\/\/www.public.sn\/index.php\/wp-json\/wp\/v2\/posts\/14496","targetHints":{"allow":["GET"]}}],"collection":[{"href":"https:\/\/www.public.sn\/index.php\/wp-json\/wp\/v2\/posts"}],"about":[{"href":"https:\/\/www.public.sn\/index.php\/wp-json\/wp\/v2\/types\/post"}],"author":[{"embeddable":true,"href":"https:\/\/www.public.sn\/index.php\/wp-json\/wp\/v2\/users\/1"}],"replies":[{"embeddable":true,"href":"https:\/\/www.public.sn\/index.php\/wp-json\/wp\/v2\/comments?post=14496"}],"version-history":[{"count":1,"href":"https:\/\/www.public.sn\/index.php\/wp-json\/wp\/v2\/posts\/14496\/revisions"}],"predecessor-version":[{"id":14497,"href":"https:\/\/www.public.sn\/index.php\/wp-json\/wp\/v2\/posts\/14496\/revisions\/14497"}],"wp:featuredmedia":[{"embeddable":true,"href":"https:\/\/www.public.sn\/index.php\/wp-json\/wp\/v2\/media\/6194"}],"wp:attachment":[{"href":"https:\/\/www.public.sn\/index.php\/wp-json\/wp\/v2\/media?parent=14496"}],"wp:term":[{"taxonomy":"category","embeddable":true,"href":"https:\/\/www.public.sn\/index.php\/wp-json\/wp\/v2\/categories?post=14496"},{"taxonomy":"post_tag","embeddable":true,"href":"https:\/\/www.public.sn\/index.php\/wp-json\/wp\/v2\/tags?post=14496"}],"curies":[{"name":"wp","href":"https:\/\/api.w.org\/{rel}","templated":true}]}}