{"id":14510,"date":"2023-01-28T18:39:07","date_gmt":"2023-01-28T18:39:07","guid":{"rendered":"https:\/\/www.public.sn\/?p=14510"},"modified":"2023-01-28T18:39:07","modified_gmt":"2023-01-28T18:39:07","slug":"medina-deux-blesses-dans-lexplosion-dune-cuve-de-stockage-et-de-distribution-dessence-video","status":"publish","type":"post","link":"https:\/\/www.public.sn\/index.php\/2023\/01\/28\/medina-deux-blesses-dans-lexplosion-dune-cuve-de-stockage-et-de-distribution-dessence-video\/","title":{"rendered":"M\u00e9dina : deux bless\u00e9s dans l&rsquo;explosion d&rsquo;une cuve de stockage et de distribution d&rsquo;essence (Vid\u00e9o)"},"content":{"rendered":"<p><strong>Deux bless\u00e9s graves ont recens\u00e9s dans un incendie \u00e0 la M\u00e9dina. Une Cuve de stockage et de distribution d\u2019Essence a explos\u00e9 ce samedi 28 janvier dans une Station d\u2019essence \u00e0 la Rue 22\u00d729.<\/strong><\/p><div class=\"publi-paragraphe1\" style=\"margin-top: 10px;margin-bottom: 10px;margin-left: auto;margin-right: auto;text-align: center;\" id=\"publi-2517572277\"><div class=\"publi-adlabel\">Publicit\u00e9<\/div><script async src=\"\/\/pagead2.googlesyndication.com\/pagead\/js\/adsbygoogle.js?client=ca-pub-4089586018074219\" crossorigin=\"anonymous\"><\/script><ins class=\"adsbygoogle\" style=\"display:block;\" data-ad-client=\"ca-pub-4089586018074219\" \ndata-ad-slot=\"2087940154\" \ndata-ad-format=\"auto\"><\/ins>\n<script> \n(adsbygoogle = window.adsbygoogle || []).push({}); \n<\/script>\n<\/div>\n<p>Aux derni\u00e8res nouvelles, les bless\u00e9s\u00a0 ont \u00e9t\u00e9 \u00e9vacu\u00e9s \u00e0 l\u2019h\u00f4pital.<\/p>\n<p>Inform\u00e9 de l\u2019incident, le maire de M\u00e9dina, Bamba Fall, s\u2019est d\u00e9plac\u00e9 pour s\u2019enqu\u00e9rir de la situation. Il a alors invit\u00e9 les propri\u00e9taires de station-service \u00e0 adopter plus de mesures de s\u00e9curit\u00e9 pour \u00e9viter ces genres de danger.<\/p>\n<p><iframe title=\"URGENT\/Explosion \u00e0 la Station d'essence de la Rue 22x29: ame na 2 bless\u00e9s way\u00e9...\" src=\"https:\/\/www.youtube.com\/embed\/psyP01V0LLo\" width=\"620\" height=\"349\" frameborder=\"0\" allowfullscreen=\"allowfullscreen\"><\/iframe><\/p>\n<div class=\"publi-apres-le-contenu\" style=\"margin-top: 10px;margin-bottom: 10px;margin-left: auto;margin-right: auto;text-align: center;\" id=\"publi-1108976513\"><div class=\"publi-adlabel\">Publicit\u00e9<\/div><script async src=\"\/\/pagead2.googlesyndication.com\/pagead\/js\/adsbygoogle.js?client=ca-pub-4089586018074219\" crossorigin=\"anonymous\"><\/script><ins class=\"adsbygoogle\" style=\"display:block;\" data-ad-client=\"ca-pub-4089586018074219\" \ndata-ad-slot=\"2087940154\" \ndata-ad-format=\"auto\"><\/ins>\n<script> \n(adsbygoogle = window.adsbygoogle || []).push({}); \n<\/script>\n<\/div>","protected":false},"excerpt":{"rendered":"<p>Deux bless\u00e9s graves ont recens\u00e9s dans un incendie \u00e0 la M\u00e9dina. Une Cuve de stockage et de distribution d\u2019Essence a explos\u00e9 ce samedi 28 janvier dans une Station d\u2019essence \u00e0 la Rue 22\u00d729. Aux derni\u00e8res nouvelles, les bless\u00e9s\u00a0 ont \u00e9t\u00e9 \u00e9vacu\u00e9s \u00e0 l\u2019h\u00f4pital. Inform\u00e9 de l\u2019incident, le maire de M\u00e9dina, Bamba Fall, s\u2019est d\u00e9plac\u00e9 pour s\u2019enqu\u00e9rir de la situation. Il a alors invit\u00e9 les propri\u00e9taires de station-service \u00e0 adopter plus de mesures de s\u00e9curit\u00e9 pour \u00e9viter ces genres de danger.<\/p>\n","protected":false},"author":1,"featured_media":14511,"comment_status":"open","ping_status":"open","sticky":false,"template":"","format":"standard","meta":{"_jetpack_memberships_contains_paid_content":false,"footnotes":""},"categories":[375,1,4,372,6],"tags":[4223,1183,2211],"class_list":["post-14510","post","type-post","status-publish","format-standard","has-post-thumbnail","hentry","category-actualites","category-non-classe","category-societe","category-vedette","category-videos","tag-bamba-fall","tag-incendie","tag-medina","entry","has-media","owp-thumbs-layout-horizontal","owp-btn-normal","owp-tabs-layout-horizontal","has-no-thumbnails","has-product-nav"],"yoast_head":"<!-- This site is optimized with the Yoast SEO plugin v25.5 - https:\/\/yoast.com\/wordpress\/plugins\/seo\/ -->\n<title>M\u00e9dina : deux bless\u00e9s dans l&#039;explosion d&#039;une cuve de stockage et de distribution d&#039;essence (Vid\u00e9o) - LE PUBLIC<\/title>\n<meta name=\"description\" content=\"Deux bless\u00e9s graves ont recens\u00e9s dans un incendie \u00e0 la M\u00e9dina. Une Cuve de stockage et de distribution d\u2019Essence a explos\u00e9 ce samedi 28 janvier dans une Station d\u2019essence \u00e0 la Rue 22\u00d729.\" \/>\n<meta name=\"robots\" content=\"index, follow, max-snippet:-1, max-image-preview:large, max-video-preview:-1\" \/>\n<link rel=\"canonical\" href=\"https:\/\/www.public.sn\/index.php\/2023\/01\/28\/medina-deux-blesses-dans-lexplosion-dune-cuve-de-stockage-et-de-distribution-dessence-video\/\" \/>\n<meta property=\"og:locale\" content=\"fr_FR\" \/>\n<meta property=\"og:type\" content=\"article\" \/>\n<meta property=\"og:title\" content=\"M\u00e9dina : deux bless\u00e9s dans l&#039;explosion d&#039;une cuve de stockage et de distribution d&#039;essence (Vid\u00e9o) - LE PUBLIC\" \/>\n<meta property=\"og:description\" content=\"Deux bless\u00e9s graves ont recens\u00e9s dans un incendie \u00e0 la M\u00e9dina. Une Cuve de stockage et de distribution d\u2019Essence a explos\u00e9 ce samedi 28 janvier dans une Station d\u2019essence \u00e0 la Rue 22\u00d729.\" \/>\n<meta property=\"og:url\" content=\"https:\/\/www.public.sn\/index.php\/2023\/01\/28\/medina-deux-blesses-dans-lexplosion-dune-cuve-de-stockage-et-de-distribution-dessence-video\/\" \/>\n<meta property=\"og:site_name\" content=\"LE PUBLIC\" \/>\n<meta property=\"article:published_time\" content=\"2023-01-28T18:39:07+00:00\" \/>\n<meta property=\"og:image\" content=\"https:\/\/www.public.sn\/wp-content\/uploads\/2023\/01\/bamba-fall-incendie.webp\" \/>\n\t<meta property=\"og:image:width\" content=\"612\" \/>\n\t<meta property=\"og:image:height\" content=\"298\" \/>\n\t<meta property=\"og:image:type\" content=\"image\/webp\" \/>\n<meta name=\"author\" content=\"LA REDACTION\" \/>\n<meta name=\"twitter:card\" content=\"summary_large_image\" \/>\n<meta name=\"twitter:label1\" content=\"\u00c9crit par\" \/>\n\t<meta name=\"twitter:data1\" content=\"LA REDACTION\" \/>\n\t<meta name=\"twitter:label2\" content=\"Dur\u00e9e de lecture estim\u00e9e\" \/>\n\t<meta name=\"twitter:data2\" content=\"1 minute\" \/>\n<script type=\"application\/ld+json\" class=\"yoast-schema-graph\">{\"@context\":\"https:\/\/schema.org\",\"@graph\":[{\"@type\":\"Article\",\"@id\":\"https:\/\/www.public.sn\/index.php\/2023\/01\/28\/medina-deux-blesses-dans-lexplosion-dune-cuve-de-stockage-et-de-distribution-dessence-video\/#article\",\"isPartOf\":{\"@id\":\"https:\/\/www.public.sn\/index.php\/2023\/01\/28\/medina-deux-blesses-dans-lexplosion-dune-cuve-de-stockage-et-de-distribution-dessence-video\/\"},\"author\":{\"name\":\"LA REDACTION\",\"@id\":\"https:\/\/www.public.sn\/#\/schema\/person\/e3f4a11b037d4203902db148f9bc8d5a\"},\"headline\":\"M\u00e9dina : deux bless\u00e9s dans l&rsquo;explosion d&rsquo;une cuve de stockage et de distribution d&rsquo;essence (Vid\u00e9o)\",\"datePublished\":\"2023-01-28T18:39:07+00:00\",\"mainEntityOfPage\":{\"@id\":\"https:\/\/www.public.sn\/index.php\/2023\/01\/28\/medina-deux-blesses-dans-lexplosion-dune-cuve-de-stockage-et-de-distribution-dessence-video\/\"},\"wordCount\":109,\"commentCount\":0,\"publisher\":{\"@id\":\"https:\/\/www.public.sn\/#organization\"},\"image\":{\"@id\":\"https:\/\/www.public.sn\/index.php\/2023\/01\/28\/medina-deux-blesses-dans-lexplosion-dune-cuve-de-stockage-et-de-distribution-dessence-video\/#primaryimage\"},\"thumbnailUrl\":\"https:\/\/www.public.sn\/wp-content\/uploads\/2023\/01\/bamba-fall-incendie.webp\",\"keywords\":[\"Bamba Fall\",\"incendie\",\"medina\"],\"articleSection\":[\"ACTUALIT\u00c9S\",\"S\u00c9N\u00c9GAL\",\"SOCIETE\",\"VEDETTE\",\"VIDEOS\"],\"inLanguage\":\"fr-FR\",\"potentialAction\":[{\"@type\":\"CommentAction\",\"name\":\"Comment\",\"target\":[\"https:\/\/www.public.sn\/index.php\/2023\/01\/28\/medina-deux-blesses-dans-lexplosion-dune-cuve-de-stockage-et-de-distribution-dessence-video\/#respond\"]}]},{\"@type\":\"WebPage\",\"@id\":\"https:\/\/www.public.sn\/index.php\/2023\/01\/28\/medina-deux-blesses-dans-lexplosion-dune-cuve-de-stockage-et-de-distribution-dessence-video\/\",\"url\":\"https:\/\/www.public.sn\/index.php\/2023\/01\/28\/medina-deux-blesses-dans-lexplosion-dune-cuve-de-stockage-et-de-distribution-dessence-video\/\",\"name\":\"M\u00e9dina : deux bless\u00e9s dans l'explosion d'une cuve de stockage et de distribution d'essence (Vid\u00e9o) - LE PUBLIC\",\"isPartOf\":{\"@id\":\"https:\/\/www.public.sn\/#website\"},\"primaryImageOfPage\":{\"@id\":\"https:\/\/www.public.sn\/index.php\/2023\/01\/28\/medina-deux-blesses-dans-lexplosion-dune-cuve-de-stockage-et-de-distribution-dessence-video\/#primaryimage\"},\"image\":{\"@id\":\"https:\/\/www.public.sn\/index.php\/2023\/01\/28\/medina-deux-blesses-dans-lexplosion-dune-cuve-de-stockage-et-de-distribution-dessence-video\/#primaryimage\"},\"thumbnailUrl\":\"https:\/\/www.public.sn\/wp-content\/uploads\/2023\/01\/bamba-fall-incendie.webp\",\"datePublished\":\"2023-01-28T18:39:07+00:00\",\"description\":\"Deux bless\u00e9s graves ont recens\u00e9s dans un incendie \u00e0 la M\u00e9dina. Une Cuve de stockage et de distribution d\u2019Essence a explos\u00e9 ce samedi 28 janvier dans une Station d\u2019essence \u00e0 la Rue 22\u00d729.\",\"breadcrumb\":{\"@id\":\"https:\/\/www.public.sn\/index.php\/2023\/01\/28\/medina-deux-blesses-dans-lexplosion-dune-cuve-de-stockage-et-de-distribution-dessence-video\/#breadcrumb\"},\"inLanguage\":\"fr-FR\",\"potentialAction\":[{\"@type\":\"ReadAction\",\"target\":[\"https:\/\/www.public.sn\/index.php\/2023\/01\/28\/medina-deux-blesses-dans-lexplosion-dune-cuve-de-stockage-et-de-distribution-dessence-video\/\"]}]},{\"@type\":\"ImageObject\",\"inLanguage\":\"fr-FR\",\"@id\":\"https:\/\/www.public.sn\/index.php\/2023\/01\/28\/medina-deux-blesses-dans-lexplosion-dune-cuve-de-stockage-et-de-distribution-dessence-video\/#primaryimage\",\"url\":\"https:\/\/www.public.sn\/wp-content\/uploads\/2023\/01\/bamba-fall-incendie.webp\",\"contentUrl\":\"https:\/\/www.public.sn\/wp-content\/uploads\/2023\/01\/bamba-fall-incendie.webp\",\"width\":612,\"height\":298},{\"@type\":\"BreadcrumbList\",\"@id\":\"https:\/\/www.public.sn\/index.php\/2023\/01\/28\/medina-deux-blesses-dans-lexplosion-dune-cuve-de-stockage-et-de-distribution-dessence-video\/#breadcrumb\",\"itemListElement\":[{\"@type\":\"ListItem\",\"position\":1,\"name\":\"Accueil\",\"item\":\"https:\/\/www.public.sn\/\"},{\"@type\":\"ListItem\",\"position\":2,\"name\":\"M\u00e9dina : deux bless\u00e9s dans l&rsquo;explosion d&rsquo;une cuve de stockage et de distribution d&rsquo;essence (Vid\u00e9o)\"}]},{\"@type\":\"WebSite\",\"@id\":\"https:\/\/www.public.sn\/#website\",\"url\":\"https:\/\/www.public.sn\/\",\"name\":\"LE PUBLIC\",\"description\":\"\",\"publisher\":{\"@id\":\"https:\/\/www.public.sn\/#organization\"},\"potentialAction\":[{\"@type\":\"SearchAction\",\"target\":{\"@type\":\"EntryPoint\",\"urlTemplate\":\"https:\/\/www.public.sn\/?s={search_term_string}\"},\"query-input\":{\"@type\":\"PropertyValueSpecification\",\"valueRequired\":true,\"valueName\":\"search_term_string\"}}],\"inLanguage\":\"fr-FR\"},{\"@type\":\"Organization\",\"@id\":\"https:\/\/www.public.sn\/#organization\",\"name\":\"LE PUBLIC\",\"url\":\"https:\/\/www.public.sn\/\",\"logo\":{\"@type\":\"ImageObject\",\"inLanguage\":\"fr-FR\",\"@id\":\"https:\/\/www.public.sn\/#\/schema\/logo\/image\/\",\"url\":\"https:\/\/www.public.sn\/wp-content\/uploads\/2024\/05\/cropped-LOGO-PUBLIC.SN_.png\",\"contentUrl\":\"https:\/\/www.public.sn\/wp-content\/uploads\/2024\/05\/cropped-LOGO-PUBLIC.SN_.png\",\"width\":682,\"height\":192,\"caption\":\"LE PUBLIC\"},\"image\":{\"@id\":\"https:\/\/www.public.sn\/#\/schema\/logo\/image\/\"}},{\"@type\":\"Person\",\"@id\":\"https:\/\/www.public.sn\/#\/schema\/person\/e3f4a11b037d4203902db148f9bc8d5a\",\"name\":\"LA REDACTION\",\"image\":{\"@type\":\"ImageObject\",\"inLanguage\":\"fr-FR\",\"@id\":\"https:\/\/www.public.sn\/#\/schema\/person\/image\/\",\"url\":\"https:\/\/secure.gravatar.com\/avatar\/d6c030db45db2883c075085c5d6c6258654a801a93766b49af0b82d4f454e2a5?s=96&d=mm&r=g\",\"contentUrl\":\"https:\/\/secure.gravatar.com\/avatar\/d6c030db45db2883c075085c5d6c6258654a801a93766b49af0b82d4f454e2a5?s=96&d=mm&r=g\",\"caption\":\"LA REDACTION\"},\"sameAs\":[\"http:\/\/www.public.sn\"],\"url\":\"https:\/\/www.public.sn\/index.php\/author\/admin7324\/\"}]}<\/script>\n<!-- \/ Yoast SEO plugin. -->","yoast_head_json":{"title":"M\u00e9dina : deux bless\u00e9s dans l'explosion d'une cuve de stockage et de distribution d'essence (Vid\u00e9o) - LE PUBLIC","description":"Deux bless\u00e9s graves ont recens\u00e9s dans un incendie \u00e0 la M\u00e9dina. Une Cuve de stockage et de distribution d\u2019Essence a explos\u00e9 ce samedi 28 janvier dans une Station d\u2019essence \u00e0 la Rue 22\u00d729.","robots":{"index":"index","follow":"follow","max-snippet":"max-snippet:-1","max-image-preview":"max-image-preview:large","max-video-preview":"max-video-preview:-1"},"canonical":"https:\/\/www.public.sn\/index.php\/2023\/01\/28\/medina-deux-blesses-dans-lexplosion-dune-cuve-de-stockage-et-de-distribution-dessence-video\/","og_locale":"fr_FR","og_type":"article","og_title":"M\u00e9dina : deux bless\u00e9s dans l'explosion d'une cuve de stockage et de distribution d'essence (Vid\u00e9o) - LE PUBLIC","og_description":"Deux bless\u00e9s graves ont recens\u00e9s dans un incendie \u00e0 la M\u00e9dina. Une Cuve de stockage et de distribution d\u2019Essence a explos\u00e9 ce samedi 28 janvier dans une Station d\u2019essence \u00e0 la Rue 22\u00d729.","og_url":"https:\/\/www.public.sn\/index.php\/2023\/01\/28\/medina-deux-blesses-dans-lexplosion-dune-cuve-de-stockage-et-de-distribution-dessence-video\/","og_site_name":"LE PUBLIC","article_published_time":"2023-01-28T18:39:07+00:00","og_image":[{"width":612,"height":298,"url":"https:\/\/www.public.sn\/wp-content\/uploads\/2023\/01\/bamba-fall-incendie.webp","type":"image\/webp"}],"author":"LA REDACTION","twitter_card":"summary_large_image","twitter_misc":{"\u00c9crit par":"LA REDACTION","Dur\u00e9e de lecture estim\u00e9e":"1 minute"},"schema":{"@context":"https:\/\/schema.org","@graph":[{"@type":"Article","@id":"https:\/\/www.public.sn\/index.php\/2023\/01\/28\/medina-deux-blesses-dans-lexplosion-dune-cuve-de-stockage-et-de-distribution-dessence-video\/#article","isPartOf":{"@id":"https:\/\/www.public.sn\/index.php\/2023\/01\/28\/medina-deux-blesses-dans-lexplosion-dune-cuve-de-stockage-et-de-distribution-dessence-video\/"},"author":{"name":"LA REDACTION","@id":"https:\/\/www.public.sn\/#\/schema\/person\/e3f4a11b037d4203902db148f9bc8d5a"},"headline":"M\u00e9dina : deux bless\u00e9s dans l&rsquo;explosion d&rsquo;une cuve de stockage et de distribution d&rsquo;essence (Vid\u00e9o)","datePublished":"2023-01-28T18:39:07+00:00","mainEntityOfPage":{"@id":"https:\/\/www.public.sn\/index.php\/2023\/01\/28\/medina-deux-blesses-dans-lexplosion-dune-cuve-de-stockage-et-de-distribution-dessence-video\/"},"wordCount":109,"commentCount":0,"publisher":{"@id":"https:\/\/www.public.sn\/#organization"},"image":{"@id":"https:\/\/www.public.sn\/index.php\/2023\/01\/28\/medina-deux-blesses-dans-lexplosion-dune-cuve-de-stockage-et-de-distribution-dessence-video\/#primaryimage"},"thumbnailUrl":"https:\/\/www.public.sn\/wp-content\/uploads\/2023\/01\/bamba-fall-incendie.webp","keywords":["Bamba Fall","incendie","medina"],"articleSection":["ACTUALIT\u00c9S","S\u00c9N\u00c9GAL","SOCIETE","VEDETTE","VIDEOS"],"inLanguage":"fr-FR","potentialAction":[{"@type":"CommentAction","name":"Comment","target":["https:\/\/www.public.sn\/index.php\/2023\/01\/28\/medina-deux-blesses-dans-lexplosion-dune-cuve-de-stockage-et-de-distribution-dessence-video\/#respond"]}]},{"@type":"WebPage","@id":"https:\/\/www.public.sn\/index.php\/2023\/01\/28\/medina-deux-blesses-dans-lexplosion-dune-cuve-de-stockage-et-de-distribution-dessence-video\/","url":"https:\/\/www.public.sn\/index.php\/2023\/01\/28\/medina-deux-blesses-dans-lexplosion-dune-cuve-de-stockage-et-de-distribution-dessence-video\/","name":"M\u00e9dina : deux bless\u00e9s dans l'explosion d'une cuve de stockage et de distribution d'essence (Vid\u00e9o) - LE PUBLIC","isPartOf":{"@id":"https:\/\/www.public.sn\/#website"},"primaryImageOfPage":{"@id":"https:\/\/www.public.sn\/index.php\/2023\/01\/28\/medina-deux-blesses-dans-lexplosion-dune-cuve-de-stockage-et-de-distribution-dessence-video\/#primaryimage"},"image":{"@id":"https:\/\/www.public.sn\/index.php\/2023\/01\/28\/medina-deux-blesses-dans-lexplosion-dune-cuve-de-stockage-et-de-distribution-dessence-video\/#primaryimage"},"thumbnailUrl":"https:\/\/www.public.sn\/wp-content\/uploads\/2023\/01\/bamba-fall-incendie.webp","datePublished":"2023-01-28T18:39:07+00:00","description":"Deux bless\u00e9s graves ont recens\u00e9s dans un incendie \u00e0 la M\u00e9dina. Une Cuve de stockage et de distribution d\u2019Essence a explos\u00e9 ce samedi 28 janvier dans une Station d\u2019essence \u00e0 la Rue 22\u00d729.","breadcrumb":{"@id":"https:\/\/www.public.sn\/index.php\/2023\/01\/28\/medina-deux-blesses-dans-lexplosion-dune-cuve-de-stockage-et-de-distribution-dessence-video\/#breadcrumb"},"inLanguage":"fr-FR","potentialAction":[{"@type":"ReadAction","target":["https:\/\/www.public.sn\/index.php\/2023\/01\/28\/medina-deux-blesses-dans-lexplosion-dune-cuve-de-stockage-et-de-distribution-dessence-video\/"]}]},{"@type":"ImageObject","inLanguage":"fr-FR","@id":"https:\/\/www.public.sn\/index.php\/2023\/01\/28\/medina-deux-blesses-dans-lexplosion-dune-cuve-de-stockage-et-de-distribution-dessence-video\/#primaryimage","url":"https:\/\/www.public.sn\/wp-content\/uploads\/2023\/01\/bamba-fall-incendie.webp","contentUrl":"https:\/\/www.public.sn\/wp-content\/uploads\/2023\/01\/bamba-fall-incendie.webp","width":612,"height":298},{"@type":"BreadcrumbList","@id":"https:\/\/www.public.sn\/index.php\/2023\/01\/28\/medina-deux-blesses-dans-lexplosion-dune-cuve-de-stockage-et-de-distribution-dessence-video\/#breadcrumb","itemListElement":[{"@type":"ListItem","position":1,"name":"Accueil","item":"https:\/\/www.public.sn\/"},{"@type":"ListItem","position":2,"name":"M\u00e9dina : deux bless\u00e9s dans l&rsquo;explosion d&rsquo;une cuve de stockage et de distribution d&rsquo;essence (Vid\u00e9o)"}]},{"@type":"WebSite","@id":"https:\/\/www.public.sn\/#website","url":"https:\/\/www.public.sn\/","name":"LE PUBLIC","description":"","publisher":{"@id":"https:\/\/www.public.sn\/#organization"},"potentialAction":[{"@type":"SearchAction","target":{"@type":"EntryPoint","urlTemplate":"https:\/\/www.public.sn\/?s={search_term_string}"},"query-input":{"@type":"PropertyValueSpecification","valueRequired":true,"valueName":"search_term_string"}}],"inLanguage":"fr-FR"},{"@type":"Organization","@id":"https:\/\/www.public.sn\/#organization","name":"LE PUBLIC","url":"https:\/\/www.public.sn\/","logo":{"@type":"ImageObject","inLanguage":"fr-FR","@id":"https:\/\/www.public.sn\/#\/schema\/logo\/image\/","url":"https:\/\/www.public.sn\/wp-content\/uploads\/2024\/05\/cropped-LOGO-PUBLIC.SN_.png","contentUrl":"https:\/\/www.public.sn\/wp-content\/uploads\/2024\/05\/cropped-LOGO-PUBLIC.SN_.png","width":682,"height":192,"caption":"LE PUBLIC"},"image":{"@id":"https:\/\/www.public.sn\/#\/schema\/logo\/image\/"}},{"@type":"Person","@id":"https:\/\/www.public.sn\/#\/schema\/person\/e3f4a11b037d4203902db148f9bc8d5a","name":"LA REDACTION","image":{"@type":"ImageObject","inLanguage":"fr-FR","@id":"https:\/\/www.public.sn\/#\/schema\/person\/image\/","url":"https:\/\/secure.gravatar.com\/avatar\/d6c030db45db2883c075085c5d6c6258654a801a93766b49af0b82d4f454e2a5?s=96&d=mm&r=g","contentUrl":"https:\/\/secure.gravatar.com\/avatar\/d6c030db45db2883c075085c5d6c6258654a801a93766b49af0b82d4f454e2a5?s=96&d=mm&r=g","caption":"LA REDACTION"},"sameAs":["http:\/\/www.public.sn"],"url":"https:\/\/www.public.sn\/index.php\/author\/admin7324\/"}]}},"jetpack_featured_media_url":"https:\/\/www.public.sn\/wp-content\/uploads\/2023\/01\/bamba-fall-incendie.webp","jetpack_sharing_enabled":true,"_links":{"self":[{"href":"https:\/\/www.public.sn\/index.php\/wp-json\/wp\/v2\/posts\/14510","targetHints":{"allow":["GET"]}}],"collection":[{"href":"https:\/\/www.public.sn\/index.php\/wp-json\/wp\/v2\/posts"}],"about":[{"href":"https:\/\/www.public.sn\/index.php\/wp-json\/wp\/v2\/types\/post"}],"author":[{"embeddable":true,"href":"https:\/\/www.public.sn\/index.php\/wp-json\/wp\/v2\/users\/1"}],"replies":[{"embeddable":true,"href":"https:\/\/www.public.sn\/index.php\/wp-json\/wp\/v2\/comments?post=14510"}],"version-history":[{"count":2,"href":"https:\/\/www.public.sn\/index.php\/wp-json\/wp\/v2\/posts\/14510\/revisions"}],"predecessor-version":[{"id":14513,"href":"https:\/\/www.public.sn\/index.php\/wp-json\/wp\/v2\/posts\/14510\/revisions\/14513"}],"wp:featuredmedia":[{"embeddable":true,"href":"https:\/\/www.public.sn\/index.php\/wp-json\/wp\/v2\/media\/14511"}],"wp:attachment":[{"href":"https:\/\/www.public.sn\/index.php\/wp-json\/wp\/v2\/media?parent=14510"}],"wp:term":[{"taxonomy":"category","embeddable":true,"href":"https:\/\/www.public.sn\/index.php\/wp-json\/wp\/v2\/categories?post=14510"},{"taxonomy":"post_tag","embeddable":true,"href":"https:\/\/www.public.sn\/index.php\/wp-json\/wp\/v2\/tags?post=14510"}],"curies":[{"name":"wp","href":"https:\/\/api.w.org\/{rel}","templated":true}]}}