{"id":1454,"date":"2022-09-07T11:56:06","date_gmt":"2022-09-07T09:56:06","guid":{"rendered":"https:\/\/www.public.sn\/?p=1454"},"modified":"2022-09-07T11:56:06","modified_gmt":"2022-09-07T09:56:06","slug":"presidence-de-lassemblee-nationale-comment-barthelemy-dias-veut-faire-desister-a-ameth-aidara","status":"publish","type":"post","link":"https:\/\/www.public.sn\/index.php\/2022\/09\/07\/presidence-de-lassemblee-nationale-comment-barthelemy-dias-veut-faire-desister-a-ameth-aidara\/","title":{"rendered":"Pr\u00e9sidence de l\u2019Assembl\u00e9e nationale: Comment Barth\u00e9lemy Dias veut faire d\u00e9sister \u00e0 Ameth Aidara ?"},"content":{"rendered":"\n<p><strong>Les man\u0153uvres vont bon train au niveau des \u00e9tats-majors politiques en vue de l\u2019installation des d\u00e9put\u00e9s de la 14e l\u00e9gislature, le 12 septembre, avec comme point d\u2019orgue l\u2019\u00e9lection du pr\u00e9sident de l\u2019Assembl\u00e9e nationale.<\/strong><\/p><div class=\"publi-paragraphe1\" style=\"margin-top: 10px;margin-bottom: 10px;margin-left: auto;margin-right: auto;text-align: center;\" id=\"publi-2262163755\"><div class=\"publi-adlabel\">Publicit\u00e9<\/div><script async src=\"\/\/pagead2.googlesyndication.com\/pagead\/js\/adsbygoogle.js?client=ca-pub-4089586018074219\" crossorigin=\"anonymous\"><\/script><ins class=\"adsbygoogle\" style=\"display:block;\" data-ad-client=\"ca-pub-4089586018074219\" \ndata-ad-slot=\"2087940154\" \ndata-ad-format=\"auto\"><\/ins>\n<script> \n(adsbygoogle = window.adsbygoogle || []).push({}); \n<\/script>\n<\/div>\n\n\n\n<p>Au sein de Benno Bokk Yakaar (pouvoir), aucune t\u00eate ne d\u00e9passe pour annoncer sa candidature pour la succession de Moustapha Niasse. Le candidat de la majorit\u00e9 sera choisi par le Pr\u00e9sident Macky Sall.Au sein de l\u2019opposition, en revanche, la lutte de positionnement fait rage. Wallu a annonc\u00e9 la candidature de Lamine Thiam du PDS tandis qu\u2019\u00e0 Yewwi Askan Wi, les noms de Barth\u00e9l\u00e9my Dias et de Ahmed A\u00efdara circulent.<\/p>\n\n\n\n<p>La conf\u00e9rence des leaders de cette coalition a demand\u00e9 \u00e0 ces derniers de faire profil bas en attendant que la question soit tranch\u00e9e en interne. Le mot d\u2019ordre est respect\u00e9, mais les man\u0153uvres souterraines continuent.<\/p>\n\n\n\n<p>D\u2019apr\u00e8s Le Quotidien, c\u2019est le maire de Dakar qui m\u00e8ne l\u2019offensive. Le journal r\u00e9v\u00e8le dans son \u00e9dition de ce mercredi que Barth\u00e9l\u00e9my Dias essaie de convaincre son homologue de Gu\u00e9diawaye de retirer sa candidature.<\/p>\n\n\n\n<p>La m\u00eame source rapporte que l\u2019argument principal de l\u2019\u00e9dile de la capitale est que son accession au perchoir est le seul moyen de lui \u00e9viter la prison, dans le cadre de l\u2019affaire Ndiaga Diouf, ainsi qu\u2019\u00e0 Ousmane Sonko, accus\u00e9 de viol par Adji Sarr.<\/p>\n\n\n\n<p>Le Quotidien d\u00e9clare avoir cherch\u00e9 en vain de joindre Ahmed A\u00efdara pour avoir sa r\u00e9action.<\/p>\n\n\n\n<p>Toutefois des proches de Barth\u00e9l\u00e9my Dias, repris par le m\u00eame journal, croient savoir que si le maire de Dakar et celui de Pastef ne vont pas en prison, Macky Sall aura peu de chance d\u2019obtenir un troisi\u00e8me mandat, voire de le briguer. Il les aura \u00e0 ses trousses.<\/p>\n\n\n\n<p>Dans le cas contraire, d\u00e9fendent les m\u00eames sources, la voie sera d\u00e9gag\u00e9e pour lui puisqu\u2019il n\u2019aura pas sur son chemin deux de ses plus farouches opposants.<\/p>\n<div class=\"publi-apres-le-contenu\" style=\"margin-top: 10px;margin-bottom: 10px;margin-left: auto;margin-right: auto;text-align: center;\" id=\"publi-3191239897\"><div class=\"publi-adlabel\">Publicit\u00e9<\/div><script async src=\"\/\/pagead2.googlesyndication.com\/pagead\/js\/adsbygoogle.js?client=ca-pub-4089586018074219\" crossorigin=\"anonymous\"><\/script><ins class=\"adsbygoogle\" style=\"display:block;\" data-ad-client=\"ca-pub-4089586018074219\" \ndata-ad-slot=\"2087940154\" \ndata-ad-format=\"auto\"><\/ins>\n<script> \n(adsbygoogle = window.adsbygoogle || []).push({}); \n<\/script>\n<\/div>","protected":false},"excerpt":{"rendered":"<p>Les man\u0153uvres vont bon train au niveau des \u00e9tats-majors politiques en vue de l\u2019installation des d\u00e9put\u00e9s de la 14e l\u00e9gislature, le 12 septembre, avec comme point d\u2019orgue l\u2019\u00e9lection du pr\u00e9sident de l\u2019Assembl\u00e9e nationale. Au sein de Benno Bokk Yakaar (pouvoir), aucune t\u00eate ne d\u00e9passe pour annoncer sa candidature pour la succession de Moustapha Niasse. Le candidat de la majorit\u00e9 sera choisi par le Pr\u00e9sident Macky Sall.Au sein de l\u2019opposition, en revanche, la lutte de positionnement fait rage. Wallu a annonc\u00e9 la candidature de Lamine Thiam du PDS tandis qu\u2019\u00e0 Yewwi Askan Wi, les noms de Barth\u00e9l\u00e9my Dias et de Ahmed A\u00efdara circulent. La conf\u00e9rence des leaders de cette coalition a demand\u00e9 \u00e0 ces derniers de faire profil bas en attendant que la question soit tranch\u00e9e en interne. Le mot d\u2019ordre est respect\u00e9, mais les man\u0153uvres souterraines continuent. D\u2019apr\u00e8s Le Quotidien, c\u2019est le maire de Dakar qui m\u00e8ne l\u2019offensive. Le journal r\u00e9v\u00e8le dans son \u00e9dition de ce mercredi que Barth\u00e9l\u00e9my Dias essaie de convaincre son homologue de Gu\u00e9diawaye de retirer sa candidature. La m\u00eame source rapporte que l\u2019argument principal de l\u2019\u00e9dile de la capitale est que son accession au perchoir est le seul moyen de lui \u00e9viter la prison, dans le cadre de l\u2019affaire Ndiaga Diouf, ainsi qu\u2019\u00e0 Ousmane Sonko, accus\u00e9 de viol par Adji Sarr. Le Quotidien d\u00e9clare avoir cherch\u00e9 en vain de joindre Ahmed A\u00efdara pour avoir sa r\u00e9action. Toutefois des proches de Barth\u00e9l\u00e9my Dias, repris par le m\u00eame journal, croient savoir que si le maire de Dakar et celui de Pastef ne vont pas en prison, Macky Sall aura peu de chance d\u2019obtenir un troisi\u00e8me mandat, voire de le briguer. Il les aura \u00e0 ses trousses. Dans le cas contraire, d\u00e9fendent les m\u00eames sources, la voie sera d\u00e9gag\u00e9e pour lui puisqu\u2019il n\u2019aura pas sur son chemin deux de ses plus farouches opposants.<\/p>\n","protected":false},"author":1,"featured_media":1455,"comment_status":"open","ping_status":"open","sticky":false,"template":"","format":"standard","meta":{"_jetpack_memberships_contains_paid_content":false,"footnotes":""},"categories":[375,3],"tags":[606,410,402,479,607,352,300,301],"class_list":["post-1454","post","type-post","status-publish","format-standard","has-post-thumbnail","hentry","category-actualites","category-politique","tag-ameth-aidara-2","tag-assemblee-natioanle","tag-barthelemy-dias","tag-benno","tag-non-inscrits","tag-presidence","tag-wallu","tag-yewwi","entry","has-media","owp-thumbs-layout-horizontal","owp-btn-normal","owp-tabs-layout-horizontal","has-no-thumbnails","has-product-nav"],"yoast_head":"<!-- This site is optimized with the Yoast SEO plugin v25.5 - https:\/\/yoast.com\/wordpress\/plugins\/seo\/ -->\n<title>Pr\u00e9sidence de l\u2019Assembl\u00e9e nationale: Comment Barth\u00e9lemy Dias veut faire d\u00e9sister \u00e0 Ameth Aidara ? - LE PUBLIC<\/title>\n<meta name=\"robots\" content=\"index, follow, max-snippet:-1, max-image-preview:large, max-video-preview:-1\" \/>\n<link rel=\"canonical\" href=\"https:\/\/www.public.sn\/index.php\/2022\/09\/07\/presidence-de-lassemblee-nationale-comment-barthelemy-dias-veut-faire-desister-a-ameth-aidara\/\" \/>\n<meta property=\"og:locale\" content=\"fr_FR\" \/>\n<meta property=\"og:type\" content=\"article\" \/>\n<meta property=\"og:title\" content=\"Pr\u00e9sidence de l\u2019Assembl\u00e9e nationale: Comment Barth\u00e9lemy Dias veut faire d\u00e9sister \u00e0 Ameth Aidara ? - LE PUBLIC\" \/>\n<meta property=\"og:description\" content=\"Les man\u0153uvres vont bon train au niveau des \u00e9tats-majors politiques en vue de l\u2019installation des d\u00e9put\u00e9s de la 14e l\u00e9gislature, le 12 septembre, avec comme point d\u2019orgue l\u2019\u00e9lection du pr\u00e9sident de l\u2019Assembl\u00e9e nationale. Au sein de Benno Bokk Yakaar (pouvoir), aucune t\u00eate ne d\u00e9passe pour annoncer sa candidature pour la succession de Moustapha Niasse. Le candidat de la majorit\u00e9 sera choisi par le Pr\u00e9sident Macky Sall.Au sein de l\u2019opposition, en revanche, la lutte de positionnement fait rage. Wallu a annonc\u00e9 la candidature de Lamine Thiam du PDS tandis qu\u2019\u00e0 Yewwi Askan Wi, les noms de Barth\u00e9l\u00e9my Dias et de Ahmed A\u00efdara circulent. La conf\u00e9rence des leaders de cette coalition a demand\u00e9 \u00e0 ces derniers de faire profil bas en attendant que la question soit tranch\u00e9e en interne. Le mot d\u2019ordre est respect\u00e9, mais les man\u0153uvres souterraines continuent. D\u2019apr\u00e8s Le Quotidien, c\u2019est le maire de Dakar qui m\u00e8ne l\u2019offensive. Le journal r\u00e9v\u00e8le dans son \u00e9dition de ce mercredi que Barth\u00e9l\u00e9my Dias essaie de convaincre son homologue de Gu\u00e9diawaye de retirer sa candidature. La m\u00eame source rapporte que l\u2019argument principal de l\u2019\u00e9dile de la capitale est que son accession au perchoir est le seul moyen de lui \u00e9viter la prison, dans le cadre de l\u2019affaire Ndiaga Diouf, ainsi qu\u2019\u00e0 Ousmane Sonko, accus\u00e9 de viol par Adji Sarr. Le Quotidien d\u00e9clare avoir cherch\u00e9 en vain de joindre Ahmed A\u00efdara pour avoir sa r\u00e9action. Toutefois des proches de Barth\u00e9l\u00e9my Dias, repris par le m\u00eame journal, croient savoir que si le maire de Dakar et celui de Pastef ne vont pas en prison, Macky Sall aura peu de chance d\u2019obtenir un troisi\u00e8me mandat, voire de le briguer. Il les aura \u00e0 ses trousses. Dans le cas contraire, d\u00e9fendent les m\u00eames sources, la voie sera d\u00e9gag\u00e9e pour lui puisqu\u2019il n\u2019aura pas sur son chemin deux de ses plus farouches opposants.\" \/>\n<meta property=\"og:url\" content=\"https:\/\/www.public.sn\/index.php\/2022\/09\/07\/presidence-de-lassemblee-nationale-comment-barthelemy-dias-veut-faire-desister-a-ameth-aidara\/\" \/>\n<meta property=\"og:site_name\" content=\"LE PUBLIC\" \/>\n<meta property=\"article:published_time\" content=\"2022-09-07T09:56:06+00:00\" \/>\n<meta property=\"og:image\" content=\"https:\/\/www.public.sn\/wp-content\/uploads\/2022\/09\/C2C38CD1-F7D7-40ED-8CFF-96B154E4E479.png\" \/>\n\t<meta property=\"og:image:width\" content=\"725\" \/>\n\t<meta property=\"og:image:height\" content=\"408\" \/>\n\t<meta property=\"og:image:type\" content=\"image\/png\" \/>\n<meta name=\"author\" content=\"LA REDACTION\" \/>\n<meta name=\"twitter:card\" content=\"summary_large_image\" \/>\n<meta name=\"twitter:label1\" content=\"\u00c9crit par\" \/>\n\t<meta name=\"twitter:data1\" content=\"LA REDACTION\" \/>\n\t<meta name=\"twitter:label2\" content=\"Dur\u00e9e de lecture estim\u00e9e\" \/>\n\t<meta name=\"twitter:data2\" content=\"2 minutes\" \/>\n<script type=\"application\/ld+json\" class=\"yoast-schema-graph\">{\"@context\":\"https:\/\/schema.org\",\"@graph\":[{\"@type\":\"Article\",\"@id\":\"https:\/\/www.public.sn\/index.php\/2022\/09\/07\/presidence-de-lassemblee-nationale-comment-barthelemy-dias-veut-faire-desister-a-ameth-aidara\/#article\",\"isPartOf\":{\"@id\":\"https:\/\/www.public.sn\/index.php\/2022\/09\/07\/presidence-de-lassemblee-nationale-comment-barthelemy-dias-veut-faire-desister-a-ameth-aidara\/\"},\"author\":{\"name\":\"LA REDACTION\",\"@id\":\"https:\/\/www.public.sn\/#\/schema\/person\/e3f4a11b037d4203902db148f9bc8d5a\"},\"headline\":\"Pr\u00e9sidence de l\u2019Assembl\u00e9e nationale: Comment Barth\u00e9lemy Dias veut faire d\u00e9sister \u00e0 Ameth Aidara ?\",\"datePublished\":\"2022-09-07T09:56:06+00:00\",\"mainEntityOfPage\":{\"@id\":\"https:\/\/www.public.sn\/index.php\/2022\/09\/07\/presidence-de-lassemblee-nationale-comment-barthelemy-dias-veut-faire-desister-a-ameth-aidara\/\"},\"wordCount\":368,\"commentCount\":0,\"publisher\":{\"@id\":\"https:\/\/www.public.sn\/#organization\"},\"image\":{\"@id\":\"https:\/\/www.public.sn\/index.php\/2022\/09\/07\/presidence-de-lassemblee-nationale-comment-barthelemy-dias-veut-faire-desister-a-ameth-aidara\/#primaryimage\"},\"thumbnailUrl\":\"https:\/\/www.public.sn\/wp-content\/uploads\/2022\/09\/C2C38CD1-F7D7-40ED-8CFF-96B154E4E479.png\",\"keywords\":[\"Ameth A\u00efdara\",\"Assembl\u00e9e natioanle\",\"Barthel\u00e9my Dias\",\"Benno\",\"Non-inscrits\",\"Pr\u00e9sidence\",\"Wallu\",\"Yewwi\"],\"articleSection\":[\"ACTUALIT\u00c9S\",\"POLITIQUE\"],\"inLanguage\":\"fr-FR\",\"potentialAction\":[{\"@type\":\"CommentAction\",\"name\":\"Comment\",\"target\":[\"https:\/\/www.public.sn\/index.php\/2022\/09\/07\/presidence-de-lassemblee-nationale-comment-barthelemy-dias-veut-faire-desister-a-ameth-aidara\/#respond\"]}]},{\"@type\":\"WebPage\",\"@id\":\"https:\/\/www.public.sn\/index.php\/2022\/09\/07\/presidence-de-lassemblee-nationale-comment-barthelemy-dias-veut-faire-desister-a-ameth-aidara\/\",\"url\":\"https:\/\/www.public.sn\/index.php\/2022\/09\/07\/presidence-de-lassemblee-nationale-comment-barthelemy-dias-veut-faire-desister-a-ameth-aidara\/\",\"name\":\"Pr\u00e9sidence de l\u2019Assembl\u00e9e nationale: Comment Barth\u00e9lemy Dias veut faire d\u00e9sister \u00e0 Ameth Aidara ? - LE PUBLIC\",\"isPartOf\":{\"@id\":\"https:\/\/www.public.sn\/#website\"},\"primaryImageOfPage\":{\"@id\":\"https:\/\/www.public.sn\/index.php\/2022\/09\/07\/presidence-de-lassemblee-nationale-comment-barthelemy-dias-veut-faire-desister-a-ameth-aidara\/#primaryimage\"},\"image\":{\"@id\":\"https:\/\/www.public.sn\/index.php\/2022\/09\/07\/presidence-de-lassemblee-nationale-comment-barthelemy-dias-veut-faire-desister-a-ameth-aidara\/#primaryimage\"},\"thumbnailUrl\":\"https:\/\/www.public.sn\/wp-content\/uploads\/2022\/09\/C2C38CD1-F7D7-40ED-8CFF-96B154E4E479.png\",\"datePublished\":\"2022-09-07T09:56:06+00:00\",\"breadcrumb\":{\"@id\":\"https:\/\/www.public.sn\/index.php\/2022\/09\/07\/presidence-de-lassemblee-nationale-comment-barthelemy-dias-veut-faire-desister-a-ameth-aidara\/#breadcrumb\"},\"inLanguage\":\"fr-FR\",\"potentialAction\":[{\"@type\":\"ReadAction\",\"target\":[\"https:\/\/www.public.sn\/index.php\/2022\/09\/07\/presidence-de-lassemblee-nationale-comment-barthelemy-dias-veut-faire-desister-a-ameth-aidara\/\"]}]},{\"@type\":\"ImageObject\",\"inLanguage\":\"fr-FR\",\"@id\":\"https:\/\/www.public.sn\/index.php\/2022\/09\/07\/presidence-de-lassemblee-nationale-comment-barthelemy-dias-veut-faire-desister-a-ameth-aidara\/#primaryimage\",\"url\":\"https:\/\/www.public.sn\/wp-content\/uploads\/2022\/09\/C2C38CD1-F7D7-40ED-8CFF-96B154E4E479.png\",\"contentUrl\":\"https:\/\/www.public.sn\/wp-content\/uploads\/2022\/09\/C2C38CD1-F7D7-40ED-8CFF-96B154E4E479.png\",\"width\":725,\"height\":408},{\"@type\":\"BreadcrumbList\",\"@id\":\"https:\/\/www.public.sn\/index.php\/2022\/09\/07\/presidence-de-lassemblee-nationale-comment-barthelemy-dias-veut-faire-desister-a-ameth-aidara\/#breadcrumb\",\"itemListElement\":[{\"@type\":\"ListItem\",\"position\":1,\"name\":\"Accueil\",\"item\":\"https:\/\/www.public.sn\/\"},{\"@type\":\"ListItem\",\"position\":2,\"name\":\"Pr\u00e9sidence de l\u2019Assembl\u00e9e nationale: Comment Barth\u00e9lemy Dias veut faire d\u00e9sister \u00e0 Ameth Aidara ?\"}]},{\"@type\":\"WebSite\",\"@id\":\"https:\/\/www.public.sn\/#website\",\"url\":\"https:\/\/www.public.sn\/\",\"name\":\"LE PUBLIC\",\"description\":\"\",\"publisher\":{\"@id\":\"https:\/\/www.public.sn\/#organization\"},\"potentialAction\":[{\"@type\":\"SearchAction\",\"target\":{\"@type\":\"EntryPoint\",\"urlTemplate\":\"https:\/\/www.public.sn\/?s={search_term_string}\"},\"query-input\":{\"@type\":\"PropertyValueSpecification\",\"valueRequired\":true,\"valueName\":\"search_term_string\"}}],\"inLanguage\":\"fr-FR\"},{\"@type\":\"Organization\",\"@id\":\"https:\/\/www.public.sn\/#organization\",\"name\":\"LE PUBLIC\",\"url\":\"https:\/\/www.public.sn\/\",\"logo\":{\"@type\":\"ImageObject\",\"inLanguage\":\"fr-FR\",\"@id\":\"https:\/\/www.public.sn\/#\/schema\/logo\/image\/\",\"url\":\"https:\/\/www.public.sn\/wp-content\/uploads\/2024\/05\/cropped-LOGO-PUBLIC.SN_.png\",\"contentUrl\":\"https:\/\/www.public.sn\/wp-content\/uploads\/2024\/05\/cropped-LOGO-PUBLIC.SN_.png\",\"width\":682,\"height\":192,\"caption\":\"LE PUBLIC\"},\"image\":{\"@id\":\"https:\/\/www.public.sn\/#\/schema\/logo\/image\/\"}},{\"@type\":\"Person\",\"@id\":\"https:\/\/www.public.sn\/#\/schema\/person\/e3f4a11b037d4203902db148f9bc8d5a\",\"name\":\"LA REDACTION\",\"image\":{\"@type\":\"ImageObject\",\"inLanguage\":\"fr-FR\",\"@id\":\"https:\/\/www.public.sn\/#\/schema\/person\/image\/\",\"url\":\"https:\/\/secure.gravatar.com\/avatar\/d6c030db45db2883c075085c5d6c6258654a801a93766b49af0b82d4f454e2a5?s=96&d=mm&r=g\",\"contentUrl\":\"https:\/\/secure.gravatar.com\/avatar\/d6c030db45db2883c075085c5d6c6258654a801a93766b49af0b82d4f454e2a5?s=96&d=mm&r=g\",\"caption\":\"LA REDACTION\"},\"sameAs\":[\"http:\/\/www.public.sn\"],\"url\":\"https:\/\/www.public.sn\/index.php\/author\/admin7324\/\"}]}<\/script>\n<!-- \/ Yoast SEO plugin. -->","yoast_head_json":{"title":"Pr\u00e9sidence de l\u2019Assembl\u00e9e nationale: Comment Barth\u00e9lemy Dias veut faire d\u00e9sister \u00e0 Ameth Aidara ? - LE PUBLIC","robots":{"index":"index","follow":"follow","max-snippet":"max-snippet:-1","max-image-preview":"max-image-preview:large","max-video-preview":"max-video-preview:-1"},"canonical":"https:\/\/www.public.sn\/index.php\/2022\/09\/07\/presidence-de-lassemblee-nationale-comment-barthelemy-dias-veut-faire-desister-a-ameth-aidara\/","og_locale":"fr_FR","og_type":"article","og_title":"Pr\u00e9sidence de l\u2019Assembl\u00e9e nationale: Comment Barth\u00e9lemy Dias veut faire d\u00e9sister \u00e0 Ameth Aidara ? - LE PUBLIC","og_description":"Les man\u0153uvres vont bon train au niveau des \u00e9tats-majors politiques en vue de l\u2019installation des d\u00e9put\u00e9s de la 14e l\u00e9gislature, le 12 septembre, avec comme point d\u2019orgue l\u2019\u00e9lection du pr\u00e9sident de l\u2019Assembl\u00e9e nationale. Au sein de Benno Bokk Yakaar (pouvoir), aucune t\u00eate ne d\u00e9passe pour annoncer sa candidature pour la succession de Moustapha Niasse. Le candidat de la majorit\u00e9 sera choisi par le Pr\u00e9sident Macky Sall.Au sein de l\u2019opposition, en revanche, la lutte de positionnement fait rage. Wallu a annonc\u00e9 la candidature de Lamine Thiam du PDS tandis qu\u2019\u00e0 Yewwi Askan Wi, les noms de Barth\u00e9l\u00e9my Dias et de Ahmed A\u00efdara circulent. La conf\u00e9rence des leaders de cette coalition a demand\u00e9 \u00e0 ces derniers de faire profil bas en attendant que la question soit tranch\u00e9e en interne. Le mot d\u2019ordre est respect\u00e9, mais les man\u0153uvres souterraines continuent. D\u2019apr\u00e8s Le Quotidien, c\u2019est le maire de Dakar qui m\u00e8ne l\u2019offensive. Le journal r\u00e9v\u00e8le dans son \u00e9dition de ce mercredi que Barth\u00e9l\u00e9my Dias essaie de convaincre son homologue de Gu\u00e9diawaye de retirer sa candidature. La m\u00eame source rapporte que l\u2019argument principal de l\u2019\u00e9dile de la capitale est que son accession au perchoir est le seul moyen de lui \u00e9viter la prison, dans le cadre de l\u2019affaire Ndiaga Diouf, ainsi qu\u2019\u00e0 Ousmane Sonko, accus\u00e9 de viol par Adji Sarr. Le Quotidien d\u00e9clare avoir cherch\u00e9 en vain de joindre Ahmed A\u00efdara pour avoir sa r\u00e9action. Toutefois des proches de Barth\u00e9l\u00e9my Dias, repris par le m\u00eame journal, croient savoir que si le maire de Dakar et celui de Pastef ne vont pas en prison, Macky Sall aura peu de chance d\u2019obtenir un troisi\u00e8me mandat, voire de le briguer. Il les aura \u00e0 ses trousses. Dans le cas contraire, d\u00e9fendent les m\u00eames sources, la voie sera d\u00e9gag\u00e9e pour lui puisqu\u2019il n\u2019aura pas sur son chemin deux de ses plus farouches opposants.","og_url":"https:\/\/www.public.sn\/index.php\/2022\/09\/07\/presidence-de-lassemblee-nationale-comment-barthelemy-dias-veut-faire-desister-a-ameth-aidara\/","og_site_name":"LE PUBLIC","article_published_time":"2022-09-07T09:56:06+00:00","og_image":[{"width":725,"height":408,"url":"https:\/\/www.public.sn\/wp-content\/uploads\/2022\/09\/C2C38CD1-F7D7-40ED-8CFF-96B154E4E479.png","type":"image\/png"}],"author":"LA REDACTION","twitter_card":"summary_large_image","twitter_misc":{"\u00c9crit par":"LA REDACTION","Dur\u00e9e de lecture estim\u00e9e":"2 minutes"},"schema":{"@context":"https:\/\/schema.org","@graph":[{"@type":"Article","@id":"https:\/\/www.public.sn\/index.php\/2022\/09\/07\/presidence-de-lassemblee-nationale-comment-barthelemy-dias-veut-faire-desister-a-ameth-aidara\/#article","isPartOf":{"@id":"https:\/\/www.public.sn\/index.php\/2022\/09\/07\/presidence-de-lassemblee-nationale-comment-barthelemy-dias-veut-faire-desister-a-ameth-aidara\/"},"author":{"name":"LA REDACTION","@id":"https:\/\/www.public.sn\/#\/schema\/person\/e3f4a11b037d4203902db148f9bc8d5a"},"headline":"Pr\u00e9sidence de l\u2019Assembl\u00e9e nationale: Comment Barth\u00e9lemy Dias veut faire d\u00e9sister \u00e0 Ameth Aidara ?","datePublished":"2022-09-07T09:56:06+00:00","mainEntityOfPage":{"@id":"https:\/\/www.public.sn\/index.php\/2022\/09\/07\/presidence-de-lassemblee-nationale-comment-barthelemy-dias-veut-faire-desister-a-ameth-aidara\/"},"wordCount":368,"commentCount":0,"publisher":{"@id":"https:\/\/www.public.sn\/#organization"},"image":{"@id":"https:\/\/www.public.sn\/index.php\/2022\/09\/07\/presidence-de-lassemblee-nationale-comment-barthelemy-dias-veut-faire-desister-a-ameth-aidara\/#primaryimage"},"thumbnailUrl":"https:\/\/www.public.sn\/wp-content\/uploads\/2022\/09\/C2C38CD1-F7D7-40ED-8CFF-96B154E4E479.png","keywords":["Ameth A\u00efdara","Assembl\u00e9e natioanle","Barthel\u00e9my Dias","Benno","Non-inscrits","Pr\u00e9sidence","Wallu","Yewwi"],"articleSection":["ACTUALIT\u00c9S","POLITIQUE"],"inLanguage":"fr-FR","potentialAction":[{"@type":"CommentAction","name":"Comment","target":["https:\/\/www.public.sn\/index.php\/2022\/09\/07\/presidence-de-lassemblee-nationale-comment-barthelemy-dias-veut-faire-desister-a-ameth-aidara\/#respond"]}]},{"@type":"WebPage","@id":"https:\/\/www.public.sn\/index.php\/2022\/09\/07\/presidence-de-lassemblee-nationale-comment-barthelemy-dias-veut-faire-desister-a-ameth-aidara\/","url":"https:\/\/www.public.sn\/index.php\/2022\/09\/07\/presidence-de-lassemblee-nationale-comment-barthelemy-dias-veut-faire-desister-a-ameth-aidara\/","name":"Pr\u00e9sidence de l\u2019Assembl\u00e9e nationale: Comment Barth\u00e9lemy Dias veut faire d\u00e9sister \u00e0 Ameth Aidara ? - LE PUBLIC","isPartOf":{"@id":"https:\/\/www.public.sn\/#website"},"primaryImageOfPage":{"@id":"https:\/\/www.public.sn\/index.php\/2022\/09\/07\/presidence-de-lassemblee-nationale-comment-barthelemy-dias-veut-faire-desister-a-ameth-aidara\/#primaryimage"},"image":{"@id":"https:\/\/www.public.sn\/index.php\/2022\/09\/07\/presidence-de-lassemblee-nationale-comment-barthelemy-dias-veut-faire-desister-a-ameth-aidara\/#primaryimage"},"thumbnailUrl":"https:\/\/www.public.sn\/wp-content\/uploads\/2022\/09\/C2C38CD1-F7D7-40ED-8CFF-96B154E4E479.png","datePublished":"2022-09-07T09:56:06+00:00","breadcrumb":{"@id":"https:\/\/www.public.sn\/index.php\/2022\/09\/07\/presidence-de-lassemblee-nationale-comment-barthelemy-dias-veut-faire-desister-a-ameth-aidara\/#breadcrumb"},"inLanguage":"fr-FR","potentialAction":[{"@type":"ReadAction","target":["https:\/\/www.public.sn\/index.php\/2022\/09\/07\/presidence-de-lassemblee-nationale-comment-barthelemy-dias-veut-faire-desister-a-ameth-aidara\/"]}]},{"@type":"ImageObject","inLanguage":"fr-FR","@id":"https:\/\/www.public.sn\/index.php\/2022\/09\/07\/presidence-de-lassemblee-nationale-comment-barthelemy-dias-veut-faire-desister-a-ameth-aidara\/#primaryimage","url":"https:\/\/www.public.sn\/wp-content\/uploads\/2022\/09\/C2C38CD1-F7D7-40ED-8CFF-96B154E4E479.png","contentUrl":"https:\/\/www.public.sn\/wp-content\/uploads\/2022\/09\/C2C38CD1-F7D7-40ED-8CFF-96B154E4E479.png","width":725,"height":408},{"@type":"BreadcrumbList","@id":"https:\/\/www.public.sn\/index.php\/2022\/09\/07\/presidence-de-lassemblee-nationale-comment-barthelemy-dias-veut-faire-desister-a-ameth-aidara\/#breadcrumb","itemListElement":[{"@type":"ListItem","position":1,"name":"Accueil","item":"https:\/\/www.public.sn\/"},{"@type":"ListItem","position":2,"name":"Pr\u00e9sidence de l\u2019Assembl\u00e9e nationale: Comment Barth\u00e9lemy Dias veut faire d\u00e9sister \u00e0 Ameth Aidara ?"}]},{"@type":"WebSite","@id":"https:\/\/www.public.sn\/#website","url":"https:\/\/www.public.sn\/","name":"LE PUBLIC","description":"","publisher":{"@id":"https:\/\/www.public.sn\/#organization"},"potentialAction":[{"@type":"SearchAction","target":{"@type":"EntryPoint","urlTemplate":"https:\/\/www.public.sn\/?s={search_term_string}"},"query-input":{"@type":"PropertyValueSpecification","valueRequired":true,"valueName":"search_term_string"}}],"inLanguage":"fr-FR"},{"@type":"Organization","@id":"https:\/\/www.public.sn\/#organization","name":"LE PUBLIC","url":"https:\/\/www.public.sn\/","logo":{"@type":"ImageObject","inLanguage":"fr-FR","@id":"https:\/\/www.public.sn\/#\/schema\/logo\/image\/","url":"https:\/\/www.public.sn\/wp-content\/uploads\/2024\/05\/cropped-LOGO-PUBLIC.SN_.png","contentUrl":"https:\/\/www.public.sn\/wp-content\/uploads\/2024\/05\/cropped-LOGO-PUBLIC.SN_.png","width":682,"height":192,"caption":"LE PUBLIC"},"image":{"@id":"https:\/\/www.public.sn\/#\/schema\/logo\/image\/"}},{"@type":"Person","@id":"https:\/\/www.public.sn\/#\/schema\/person\/e3f4a11b037d4203902db148f9bc8d5a","name":"LA REDACTION","image":{"@type":"ImageObject","inLanguage":"fr-FR","@id":"https:\/\/www.public.sn\/#\/schema\/person\/image\/","url":"https:\/\/secure.gravatar.com\/avatar\/d6c030db45db2883c075085c5d6c6258654a801a93766b49af0b82d4f454e2a5?s=96&d=mm&r=g","contentUrl":"https:\/\/secure.gravatar.com\/avatar\/d6c030db45db2883c075085c5d6c6258654a801a93766b49af0b82d4f454e2a5?s=96&d=mm&r=g","caption":"LA REDACTION"},"sameAs":["http:\/\/www.public.sn"],"url":"https:\/\/www.public.sn\/index.php\/author\/admin7324\/"}]}},"jetpack_featured_media_url":"https:\/\/www.public.sn\/wp-content\/uploads\/2022\/09\/C2C38CD1-F7D7-40ED-8CFF-96B154E4E479.png","jetpack_sharing_enabled":true,"_links":{"self":[{"href":"https:\/\/www.public.sn\/index.php\/wp-json\/wp\/v2\/posts\/1454","targetHints":{"allow":["GET"]}}],"collection":[{"href":"https:\/\/www.public.sn\/index.php\/wp-json\/wp\/v2\/posts"}],"about":[{"href":"https:\/\/www.public.sn\/index.php\/wp-json\/wp\/v2\/types\/post"}],"author":[{"embeddable":true,"href":"https:\/\/www.public.sn\/index.php\/wp-json\/wp\/v2\/users\/1"}],"replies":[{"embeddable":true,"href":"https:\/\/www.public.sn\/index.php\/wp-json\/wp\/v2\/comments?post=1454"}],"version-history":[{"count":1,"href":"https:\/\/www.public.sn\/index.php\/wp-json\/wp\/v2\/posts\/1454\/revisions"}],"predecessor-version":[{"id":1456,"href":"https:\/\/www.public.sn\/index.php\/wp-json\/wp\/v2\/posts\/1454\/revisions\/1456"}],"wp:featuredmedia":[{"embeddable":true,"href":"https:\/\/www.public.sn\/index.php\/wp-json\/wp\/v2\/media\/1455"}],"wp:attachment":[{"href":"https:\/\/www.public.sn\/index.php\/wp-json\/wp\/v2\/media?parent=1454"}],"wp:term":[{"taxonomy":"category","embeddable":true,"href":"https:\/\/www.public.sn\/index.php\/wp-json\/wp\/v2\/categories?post=1454"},{"taxonomy":"post_tag","embeddable":true,"href":"https:\/\/www.public.sn\/index.php\/wp-json\/wp\/v2\/tags?post=1454"}],"curies":[{"name":"wp","href":"https:\/\/api.w.org\/{rel}","templated":true}]}}