{"id":14557,"date":"2023-01-30T09:57:51","date_gmt":"2023-01-30T09:57:51","guid":{"rendered":"https:\/\/www.public.sn\/?p=14557"},"modified":"2023-01-30T09:47:16","modified_gmt":"2023-01-30T09:47:16","slug":"que-mijotent-guy-marius-sagna-et-aminata-toure","status":"publish","type":"post","link":"https:\/\/www.public.sn\/index.php\/2023\/01\/30\/que-mijotent-guy-marius-sagna-et-aminata-toure\/","title":{"rendered":"Que mijotent Guy Marius Sagna et Aminata Tour\u00e9?"},"content":{"rendered":"<p><strong>Jadis de farouches adversaires politiques, Amina Tour\u00e9 et Guy Marius Sagna semblent enterrer la hache de guerre. Maintenant entre l&rsquo;activiste et l&rsquo;ancienne ministre de la Justice, il germe une relation amicale qui a pu surprendre. Les deux politiques se vouent un respect mutuel. D\u2019ailleurs, le d\u00e9put\u00e9 a rendu visite \u00e0 son d\u00e9sormais ex coll\u00e8gue.<\/strong><\/p><div class=\"publi-paragraphe1\" style=\"margin-top: 10px;margin-bottom: 10px;margin-left: auto;margin-right: auto;text-align: center;\" id=\"publi-1106605488\"><div class=\"publi-adlabel\">Publicit\u00e9<\/div><script async src=\"\/\/pagead2.googlesyndication.com\/pagead\/js\/adsbygoogle.js?client=ca-pub-4089586018074219\" crossorigin=\"anonymous\"><\/script><ins class=\"adsbygoogle\" style=\"display:block;\" data-ad-client=\"ca-pub-4089586018074219\" \ndata-ad-slot=\"2087940154\" \ndata-ad-format=\"auto\"><\/ins>\n<script> \n(adsbygoogle = window.adsbygoogle || []).push({}); \n<\/script>\n<\/div>\n<p><em>\u00ab J\u2019ai re\u00e7u l\u2019agr\u00e9able visite de l\u2019Honorable d\u00e9put\u00e9 Guy Marius Sagna. Nous avons convenu de continuer \u00e0 collaborer ensemble sur les sujets d\u2019int\u00e9r\u00eat pour nos compatriotes \u00bb<\/em>, r\u00e9v\u00e8le Aminata Tour\u00e9 sur Twitter. Laquelle n\u2019est plus d\u00e9put\u00e9e depuis sa d\u00e9ch\u00e9ance, il y a 5 jours.<\/p>\n<p>Que mijotent-ils?<\/p>\n<blockquote class=\"twitter-tweet\">\n<p dir=\"ltr\" lang=\"fr\">J\u2019ai re\u00e7u l\u2019agr\u00e9able visite de l\u2019Honorable d\u00e9put\u00e9 Guy Marius Sagna. Nous avons convenu de continuer \u00e0 collaborer ensemble sur les sujets d\u2019int\u00e9r\u00eat pour nos compatriotes.<\/p>\n<p>\u2014 Aminata TOURE (@aminatatoureklk) <a href=\"https:\/\/twitter.com\/aminatatoureklk\/status\/1619694872897949696?ref_src=twsrc%5Etfw\">January 29, 2023<\/a><\/p><\/blockquote>\n<p><script async src=\"https:\/\/platform.twitter.com\/widgets.js\" charset=\"utf-8\"><\/script><\/p>\n<div class=\"publi-apres-le-contenu\" style=\"margin-top: 10px;margin-bottom: 10px;margin-left: auto;margin-right: auto;text-align: center;\" id=\"publi-608736017\"><div class=\"publi-adlabel\">Publicit\u00e9<\/div><script async src=\"\/\/pagead2.googlesyndication.com\/pagead\/js\/adsbygoogle.js?client=ca-pub-4089586018074219\" crossorigin=\"anonymous\"><\/script><ins class=\"adsbygoogle\" style=\"display:block;\" data-ad-client=\"ca-pub-4089586018074219\" \ndata-ad-slot=\"2087940154\" \ndata-ad-format=\"auto\"><\/ins>\n<script> \n(adsbygoogle = window.adsbygoogle || []).push({}); \n<\/script>\n<\/div>","protected":false},"excerpt":{"rendered":"<p>Jadis de farouches adversaires politiques, Amina Tour\u00e9 et Guy Marius Sagna semblent enterrer la hache de guerre. Maintenant entre l&rsquo;activiste et l&rsquo;ancienne ministre de la Justice, il germe une relation amicale qui a pu surprendre. Les deux politiques se vouent un respect mutuel. D\u2019ailleurs, le d\u00e9put\u00e9 a rendu visite \u00e0 son d\u00e9sormais ex coll\u00e8gue. \u00ab J\u2019ai re\u00e7u l\u2019agr\u00e9able visite de l\u2019Honorable d\u00e9put\u00e9 Guy Marius Sagna. Nous avons convenu de continuer \u00e0 collaborer ensemble sur les sujets d\u2019int\u00e9r\u00eat pour nos compatriotes \u00bb, r\u00e9v\u00e8le Aminata Tour\u00e9 sur Twitter. Laquelle n\u2019est plus d\u00e9put\u00e9e depuis sa d\u00e9ch\u00e9ance, il y a 5 jours. Que mijotent-ils? J\u2019ai re\u00e7u l\u2019agr\u00e9able visite de l\u2019Honorable d\u00e9put\u00e9 Guy Marius Sagna. Nous avons convenu de continuer \u00e0 collaborer ensemble sur les sujets d\u2019int\u00e9r\u00eat pour nos compatriotes. \u2014 Aminata TOURE (@aminatatoureklk) January 29, 2023<\/p>\n","protected":false},"author":1,"featured_media":14558,"comment_status":"open","ping_status":"open","sticky":false,"template":"","format":"standard","meta":{"_jetpack_memberships_contains_paid_content":false,"footnotes":""},"categories":[375,3,1,372],"tags":[480,12,112],"class_list":["post-14557","post","type-post","status-publish","format-standard","has-post-thumbnail","hentry","category-actualites","category-politique","category-non-classe","category-vedette","tag-aminata-toure","tag-assemblee-nationale","tag-guy-marius-sagna","entry","has-media","owp-thumbs-layout-horizontal","owp-btn-normal","owp-tabs-layout-horizontal","has-no-thumbnails","has-product-nav"],"yoast_head":"<!-- This site is optimized with the Yoast SEO plugin v25.5 - https:\/\/yoast.com\/wordpress\/plugins\/seo\/ -->\n<title>Que mijotent Guy Marius Sagna et Aminata Tour\u00e9? - LE PUBLIC<\/title>\n<meta name=\"description\" content=\"Jadis de farouches adversaires politiques, Amina Tour\u00e9 et Guy Marius Sagna semblent enterrer la hache de guerre. Maintenant entre l&#039;activiste et l&#039;ancienne ministre de la Justice, il germe une relation amicale qui a pu surprendre. Les deux politiques se vouent un respect mutuel. D\u2019ailleurs, le d\u00e9put\u00e9 a rendu visite \u00e0 son d\u00e9sormais ex coll\u00e8gue.\" \/>\n<meta name=\"robots\" content=\"index, follow, max-snippet:-1, max-image-preview:large, max-video-preview:-1\" \/>\n<link rel=\"canonical\" href=\"https:\/\/www.public.sn\/index.php\/2023\/01\/30\/que-mijotent-guy-marius-sagna-et-aminata-toure\/\" \/>\n<meta property=\"og:locale\" content=\"fr_FR\" \/>\n<meta property=\"og:type\" content=\"article\" \/>\n<meta property=\"og:title\" content=\"Que mijotent Guy Marius Sagna et Aminata Tour\u00e9? - LE PUBLIC\" \/>\n<meta property=\"og:description\" content=\"Jadis de farouches adversaires politiques, Amina Tour\u00e9 et Guy Marius Sagna semblent enterrer la hache de guerre. Maintenant entre l&#039;activiste et l&#039;ancienne ministre de la Justice, il germe une relation amicale qui a pu surprendre. Les deux politiques se vouent un respect mutuel. D\u2019ailleurs, le d\u00e9put\u00e9 a rendu visite \u00e0 son d\u00e9sormais ex coll\u00e8gue.\" \/>\n<meta property=\"og:url\" content=\"https:\/\/www.public.sn\/index.php\/2023\/01\/30\/que-mijotent-guy-marius-sagna-et-aminata-toure\/\" \/>\n<meta property=\"og:site_name\" content=\"LE PUBLIC\" \/>\n<meta property=\"article:published_time\" content=\"2023-01-30T09:57:51+00:00\" \/>\n<meta property=\"og:image\" content=\"https:\/\/www.public.sn\/wp-content\/uploads\/2023\/01\/Aminata-Toure-et-Guy-Marius-Sagna-3.jpg\" \/>\n\t<meta property=\"og:image:width\" content=\"612\" \/>\n\t<meta property=\"og:image:height\" content=\"298\" \/>\n\t<meta property=\"og:image:type\" content=\"image\/jpeg\" \/>\n<meta name=\"author\" content=\"LA REDACTION\" \/>\n<meta name=\"twitter:card\" content=\"summary_large_image\" \/>\n<meta name=\"twitter:label1\" content=\"\u00c9crit par\" \/>\n\t<meta name=\"twitter:data1\" content=\"LA REDACTION\" \/>\n\t<meta name=\"twitter:label2\" content=\"Dur\u00e9e de lecture estim\u00e9e\" \/>\n\t<meta name=\"twitter:data2\" content=\"1 minute\" \/>\n<script type=\"application\/ld+json\" class=\"yoast-schema-graph\">{\"@context\":\"https:\/\/schema.org\",\"@graph\":[{\"@type\":\"Article\",\"@id\":\"https:\/\/www.public.sn\/index.php\/2023\/01\/30\/que-mijotent-guy-marius-sagna-et-aminata-toure\/#article\",\"isPartOf\":{\"@id\":\"https:\/\/www.public.sn\/index.php\/2023\/01\/30\/que-mijotent-guy-marius-sagna-et-aminata-toure\/\"},\"author\":{\"name\":\"LA REDACTION\",\"@id\":\"https:\/\/www.public.sn\/#\/schema\/person\/e3f4a11b037d4203902db148f9bc8d5a\"},\"headline\":\"Que mijotent Guy Marius Sagna et Aminata Tour\u00e9?\",\"datePublished\":\"2023-01-30T09:57:51+00:00\",\"mainEntityOfPage\":{\"@id\":\"https:\/\/www.public.sn\/index.php\/2023\/01\/30\/que-mijotent-guy-marius-sagna-et-aminata-toure\/\"},\"wordCount\":160,\"commentCount\":0,\"publisher\":{\"@id\":\"https:\/\/www.public.sn\/#organization\"},\"image\":{\"@id\":\"https:\/\/www.public.sn\/index.php\/2023\/01\/30\/que-mijotent-guy-marius-sagna-et-aminata-toure\/#primaryimage\"},\"thumbnailUrl\":\"https:\/\/www.public.sn\/wp-content\/uploads\/2023\/01\/Aminata-Toure-et-Guy-Marius-Sagna-3.jpg\",\"keywords\":[\"Aminata Tour\u00e9\",\"Assembl\u00e9e Nationale\",\"Guy Marius Sagna\"],\"articleSection\":[\"ACTUALIT\u00c9S\",\"POLITIQUE\",\"S\u00c9N\u00c9GAL\",\"VEDETTE\"],\"inLanguage\":\"fr-FR\",\"potentialAction\":[{\"@type\":\"CommentAction\",\"name\":\"Comment\",\"target\":[\"https:\/\/www.public.sn\/index.php\/2023\/01\/30\/que-mijotent-guy-marius-sagna-et-aminata-toure\/#respond\"]}]},{\"@type\":\"WebPage\",\"@id\":\"https:\/\/www.public.sn\/index.php\/2023\/01\/30\/que-mijotent-guy-marius-sagna-et-aminata-toure\/\",\"url\":\"https:\/\/www.public.sn\/index.php\/2023\/01\/30\/que-mijotent-guy-marius-sagna-et-aminata-toure\/\",\"name\":\"Que mijotent Guy Marius Sagna et Aminata Tour\u00e9? - LE PUBLIC\",\"isPartOf\":{\"@id\":\"https:\/\/www.public.sn\/#website\"},\"primaryImageOfPage\":{\"@id\":\"https:\/\/www.public.sn\/index.php\/2023\/01\/30\/que-mijotent-guy-marius-sagna-et-aminata-toure\/#primaryimage\"},\"image\":{\"@id\":\"https:\/\/www.public.sn\/index.php\/2023\/01\/30\/que-mijotent-guy-marius-sagna-et-aminata-toure\/#primaryimage\"},\"thumbnailUrl\":\"https:\/\/www.public.sn\/wp-content\/uploads\/2023\/01\/Aminata-Toure-et-Guy-Marius-Sagna-3.jpg\",\"datePublished\":\"2023-01-30T09:57:51+00:00\",\"description\":\"Jadis de farouches adversaires politiques, Amina Tour\u00e9 et Guy Marius Sagna semblent enterrer la hache de guerre. Maintenant entre l'activiste et l'ancienne ministre de la Justice, il germe une relation amicale qui a pu surprendre. Les deux politiques se vouent un respect mutuel. D\u2019ailleurs, le d\u00e9put\u00e9 a rendu visite \u00e0 son d\u00e9sormais ex coll\u00e8gue.\",\"breadcrumb\":{\"@id\":\"https:\/\/www.public.sn\/index.php\/2023\/01\/30\/que-mijotent-guy-marius-sagna-et-aminata-toure\/#breadcrumb\"},\"inLanguage\":\"fr-FR\",\"potentialAction\":[{\"@type\":\"ReadAction\",\"target\":[\"https:\/\/www.public.sn\/index.php\/2023\/01\/30\/que-mijotent-guy-marius-sagna-et-aminata-toure\/\"]}]},{\"@type\":\"ImageObject\",\"inLanguage\":\"fr-FR\",\"@id\":\"https:\/\/www.public.sn\/index.php\/2023\/01\/30\/que-mijotent-guy-marius-sagna-et-aminata-toure\/#primaryimage\",\"url\":\"https:\/\/www.public.sn\/wp-content\/uploads\/2023\/01\/Aminata-Toure-et-Guy-Marius-Sagna-3.jpg\",\"contentUrl\":\"https:\/\/www.public.sn\/wp-content\/uploads\/2023\/01\/Aminata-Toure-et-Guy-Marius-Sagna-3.jpg\",\"width\":612,\"height\":298},{\"@type\":\"BreadcrumbList\",\"@id\":\"https:\/\/www.public.sn\/index.php\/2023\/01\/30\/que-mijotent-guy-marius-sagna-et-aminata-toure\/#breadcrumb\",\"itemListElement\":[{\"@type\":\"ListItem\",\"position\":1,\"name\":\"Accueil\",\"item\":\"https:\/\/www.public.sn\/\"},{\"@type\":\"ListItem\",\"position\":2,\"name\":\"Que mijotent Guy Marius Sagna et Aminata Tour\u00e9?\"}]},{\"@type\":\"WebSite\",\"@id\":\"https:\/\/www.public.sn\/#website\",\"url\":\"https:\/\/www.public.sn\/\",\"name\":\"LE PUBLIC\",\"description\":\"\",\"publisher\":{\"@id\":\"https:\/\/www.public.sn\/#organization\"},\"potentialAction\":[{\"@type\":\"SearchAction\",\"target\":{\"@type\":\"EntryPoint\",\"urlTemplate\":\"https:\/\/www.public.sn\/?s={search_term_string}\"},\"query-input\":{\"@type\":\"PropertyValueSpecification\",\"valueRequired\":true,\"valueName\":\"search_term_string\"}}],\"inLanguage\":\"fr-FR\"},{\"@type\":\"Organization\",\"@id\":\"https:\/\/www.public.sn\/#organization\",\"name\":\"LE PUBLIC\",\"url\":\"https:\/\/www.public.sn\/\",\"logo\":{\"@type\":\"ImageObject\",\"inLanguage\":\"fr-FR\",\"@id\":\"https:\/\/www.public.sn\/#\/schema\/logo\/image\/\",\"url\":\"https:\/\/www.public.sn\/wp-content\/uploads\/2024\/05\/cropped-LOGO-PUBLIC.SN_.png\",\"contentUrl\":\"https:\/\/www.public.sn\/wp-content\/uploads\/2024\/05\/cropped-LOGO-PUBLIC.SN_.png\",\"width\":682,\"height\":192,\"caption\":\"LE PUBLIC\"},\"image\":{\"@id\":\"https:\/\/www.public.sn\/#\/schema\/logo\/image\/\"}},{\"@type\":\"Person\",\"@id\":\"https:\/\/www.public.sn\/#\/schema\/person\/e3f4a11b037d4203902db148f9bc8d5a\",\"name\":\"LA REDACTION\",\"image\":{\"@type\":\"ImageObject\",\"inLanguage\":\"fr-FR\",\"@id\":\"https:\/\/www.public.sn\/#\/schema\/person\/image\/\",\"url\":\"https:\/\/secure.gravatar.com\/avatar\/d6c030db45db2883c075085c5d6c6258654a801a93766b49af0b82d4f454e2a5?s=96&d=mm&r=g\",\"contentUrl\":\"https:\/\/secure.gravatar.com\/avatar\/d6c030db45db2883c075085c5d6c6258654a801a93766b49af0b82d4f454e2a5?s=96&d=mm&r=g\",\"caption\":\"LA REDACTION\"},\"sameAs\":[\"http:\/\/www.public.sn\"],\"url\":\"https:\/\/www.public.sn\/index.php\/author\/admin7324\/\"}]}<\/script>\n<!-- \/ Yoast SEO plugin. -->","yoast_head_json":{"title":"Que mijotent Guy Marius Sagna et Aminata Tour\u00e9? - LE PUBLIC","description":"Jadis de farouches adversaires politiques, Amina Tour\u00e9 et Guy Marius Sagna semblent enterrer la hache de guerre. Maintenant entre l'activiste et l'ancienne ministre de la Justice, il germe une relation amicale qui a pu surprendre. Les deux politiques se vouent un respect mutuel. D\u2019ailleurs, le d\u00e9put\u00e9 a rendu visite \u00e0 son d\u00e9sormais ex coll\u00e8gue.","robots":{"index":"index","follow":"follow","max-snippet":"max-snippet:-1","max-image-preview":"max-image-preview:large","max-video-preview":"max-video-preview:-1"},"canonical":"https:\/\/www.public.sn\/index.php\/2023\/01\/30\/que-mijotent-guy-marius-sagna-et-aminata-toure\/","og_locale":"fr_FR","og_type":"article","og_title":"Que mijotent Guy Marius Sagna et Aminata Tour\u00e9? - LE PUBLIC","og_description":"Jadis de farouches adversaires politiques, Amina Tour\u00e9 et Guy Marius Sagna semblent enterrer la hache de guerre. Maintenant entre l'activiste et l'ancienne ministre de la Justice, il germe une relation amicale qui a pu surprendre. Les deux politiques se vouent un respect mutuel. D\u2019ailleurs, le d\u00e9put\u00e9 a rendu visite \u00e0 son d\u00e9sormais ex coll\u00e8gue.","og_url":"https:\/\/www.public.sn\/index.php\/2023\/01\/30\/que-mijotent-guy-marius-sagna-et-aminata-toure\/","og_site_name":"LE PUBLIC","article_published_time":"2023-01-30T09:57:51+00:00","og_image":[{"width":612,"height":298,"url":"https:\/\/www.public.sn\/wp-content\/uploads\/2023\/01\/Aminata-Toure-et-Guy-Marius-Sagna-3.jpg","type":"image\/jpeg"}],"author":"LA REDACTION","twitter_card":"summary_large_image","twitter_misc":{"\u00c9crit par":"LA REDACTION","Dur\u00e9e de lecture estim\u00e9e":"1 minute"},"schema":{"@context":"https:\/\/schema.org","@graph":[{"@type":"Article","@id":"https:\/\/www.public.sn\/index.php\/2023\/01\/30\/que-mijotent-guy-marius-sagna-et-aminata-toure\/#article","isPartOf":{"@id":"https:\/\/www.public.sn\/index.php\/2023\/01\/30\/que-mijotent-guy-marius-sagna-et-aminata-toure\/"},"author":{"name":"LA REDACTION","@id":"https:\/\/www.public.sn\/#\/schema\/person\/e3f4a11b037d4203902db148f9bc8d5a"},"headline":"Que mijotent Guy Marius Sagna et Aminata Tour\u00e9?","datePublished":"2023-01-30T09:57:51+00:00","mainEntityOfPage":{"@id":"https:\/\/www.public.sn\/index.php\/2023\/01\/30\/que-mijotent-guy-marius-sagna-et-aminata-toure\/"},"wordCount":160,"commentCount":0,"publisher":{"@id":"https:\/\/www.public.sn\/#organization"},"image":{"@id":"https:\/\/www.public.sn\/index.php\/2023\/01\/30\/que-mijotent-guy-marius-sagna-et-aminata-toure\/#primaryimage"},"thumbnailUrl":"https:\/\/www.public.sn\/wp-content\/uploads\/2023\/01\/Aminata-Toure-et-Guy-Marius-Sagna-3.jpg","keywords":["Aminata Tour\u00e9","Assembl\u00e9e Nationale","Guy Marius Sagna"],"articleSection":["ACTUALIT\u00c9S","POLITIQUE","S\u00c9N\u00c9GAL","VEDETTE"],"inLanguage":"fr-FR","potentialAction":[{"@type":"CommentAction","name":"Comment","target":["https:\/\/www.public.sn\/index.php\/2023\/01\/30\/que-mijotent-guy-marius-sagna-et-aminata-toure\/#respond"]}]},{"@type":"WebPage","@id":"https:\/\/www.public.sn\/index.php\/2023\/01\/30\/que-mijotent-guy-marius-sagna-et-aminata-toure\/","url":"https:\/\/www.public.sn\/index.php\/2023\/01\/30\/que-mijotent-guy-marius-sagna-et-aminata-toure\/","name":"Que mijotent Guy Marius Sagna et Aminata Tour\u00e9? - LE PUBLIC","isPartOf":{"@id":"https:\/\/www.public.sn\/#website"},"primaryImageOfPage":{"@id":"https:\/\/www.public.sn\/index.php\/2023\/01\/30\/que-mijotent-guy-marius-sagna-et-aminata-toure\/#primaryimage"},"image":{"@id":"https:\/\/www.public.sn\/index.php\/2023\/01\/30\/que-mijotent-guy-marius-sagna-et-aminata-toure\/#primaryimage"},"thumbnailUrl":"https:\/\/www.public.sn\/wp-content\/uploads\/2023\/01\/Aminata-Toure-et-Guy-Marius-Sagna-3.jpg","datePublished":"2023-01-30T09:57:51+00:00","description":"Jadis de farouches adversaires politiques, Amina Tour\u00e9 et Guy Marius Sagna semblent enterrer la hache de guerre. Maintenant entre l'activiste et l'ancienne ministre de la Justice, il germe une relation amicale qui a pu surprendre. Les deux politiques se vouent un respect mutuel. D\u2019ailleurs, le d\u00e9put\u00e9 a rendu visite \u00e0 son d\u00e9sormais ex coll\u00e8gue.","breadcrumb":{"@id":"https:\/\/www.public.sn\/index.php\/2023\/01\/30\/que-mijotent-guy-marius-sagna-et-aminata-toure\/#breadcrumb"},"inLanguage":"fr-FR","potentialAction":[{"@type":"ReadAction","target":["https:\/\/www.public.sn\/index.php\/2023\/01\/30\/que-mijotent-guy-marius-sagna-et-aminata-toure\/"]}]},{"@type":"ImageObject","inLanguage":"fr-FR","@id":"https:\/\/www.public.sn\/index.php\/2023\/01\/30\/que-mijotent-guy-marius-sagna-et-aminata-toure\/#primaryimage","url":"https:\/\/www.public.sn\/wp-content\/uploads\/2023\/01\/Aminata-Toure-et-Guy-Marius-Sagna-3.jpg","contentUrl":"https:\/\/www.public.sn\/wp-content\/uploads\/2023\/01\/Aminata-Toure-et-Guy-Marius-Sagna-3.jpg","width":612,"height":298},{"@type":"BreadcrumbList","@id":"https:\/\/www.public.sn\/index.php\/2023\/01\/30\/que-mijotent-guy-marius-sagna-et-aminata-toure\/#breadcrumb","itemListElement":[{"@type":"ListItem","position":1,"name":"Accueil","item":"https:\/\/www.public.sn\/"},{"@type":"ListItem","position":2,"name":"Que mijotent Guy Marius Sagna et Aminata Tour\u00e9?"}]},{"@type":"WebSite","@id":"https:\/\/www.public.sn\/#website","url":"https:\/\/www.public.sn\/","name":"LE PUBLIC","description":"","publisher":{"@id":"https:\/\/www.public.sn\/#organization"},"potentialAction":[{"@type":"SearchAction","target":{"@type":"EntryPoint","urlTemplate":"https:\/\/www.public.sn\/?s={search_term_string}"},"query-input":{"@type":"PropertyValueSpecification","valueRequired":true,"valueName":"search_term_string"}}],"inLanguage":"fr-FR"},{"@type":"Organization","@id":"https:\/\/www.public.sn\/#organization","name":"LE PUBLIC","url":"https:\/\/www.public.sn\/","logo":{"@type":"ImageObject","inLanguage":"fr-FR","@id":"https:\/\/www.public.sn\/#\/schema\/logo\/image\/","url":"https:\/\/www.public.sn\/wp-content\/uploads\/2024\/05\/cropped-LOGO-PUBLIC.SN_.png","contentUrl":"https:\/\/www.public.sn\/wp-content\/uploads\/2024\/05\/cropped-LOGO-PUBLIC.SN_.png","width":682,"height":192,"caption":"LE PUBLIC"},"image":{"@id":"https:\/\/www.public.sn\/#\/schema\/logo\/image\/"}},{"@type":"Person","@id":"https:\/\/www.public.sn\/#\/schema\/person\/e3f4a11b037d4203902db148f9bc8d5a","name":"LA REDACTION","image":{"@type":"ImageObject","inLanguage":"fr-FR","@id":"https:\/\/www.public.sn\/#\/schema\/person\/image\/","url":"https:\/\/secure.gravatar.com\/avatar\/d6c030db45db2883c075085c5d6c6258654a801a93766b49af0b82d4f454e2a5?s=96&d=mm&r=g","contentUrl":"https:\/\/secure.gravatar.com\/avatar\/d6c030db45db2883c075085c5d6c6258654a801a93766b49af0b82d4f454e2a5?s=96&d=mm&r=g","caption":"LA REDACTION"},"sameAs":["http:\/\/www.public.sn"],"url":"https:\/\/www.public.sn\/index.php\/author\/admin7324\/"}]}},"jetpack_featured_media_url":"https:\/\/www.public.sn\/wp-content\/uploads\/2023\/01\/Aminata-Toure-et-Guy-Marius-Sagna-3.jpg","jetpack_sharing_enabled":true,"_links":{"self":[{"href":"https:\/\/www.public.sn\/index.php\/wp-json\/wp\/v2\/posts\/14557","targetHints":{"allow":["GET"]}}],"collection":[{"href":"https:\/\/www.public.sn\/index.php\/wp-json\/wp\/v2\/posts"}],"about":[{"href":"https:\/\/www.public.sn\/index.php\/wp-json\/wp\/v2\/types\/post"}],"author":[{"embeddable":true,"href":"https:\/\/www.public.sn\/index.php\/wp-json\/wp\/v2\/users\/1"}],"replies":[{"embeddable":true,"href":"https:\/\/www.public.sn\/index.php\/wp-json\/wp\/v2\/comments?post=14557"}],"version-history":[{"count":1,"href":"https:\/\/www.public.sn\/index.php\/wp-json\/wp\/v2\/posts\/14557\/revisions"}],"predecessor-version":[{"id":14559,"href":"https:\/\/www.public.sn\/index.php\/wp-json\/wp\/v2\/posts\/14557\/revisions\/14559"}],"wp:featuredmedia":[{"embeddable":true,"href":"https:\/\/www.public.sn\/index.php\/wp-json\/wp\/v2\/media\/14558"}],"wp:attachment":[{"href":"https:\/\/www.public.sn\/index.php\/wp-json\/wp\/v2\/media?parent=14557"}],"wp:term":[{"taxonomy":"category","embeddable":true,"href":"https:\/\/www.public.sn\/index.php\/wp-json\/wp\/v2\/categories?post=14557"},{"taxonomy":"post_tag","embeddable":true,"href":"https:\/\/www.public.sn\/index.php\/wp-json\/wp\/v2\/tags?post=14557"}],"curies":[{"name":"wp","href":"https:\/\/api.w.org\/{rel}","templated":true}]}}