{"id":14576,"date":"2023-01-30T18:03:17","date_gmt":"2023-01-30T18:03:17","guid":{"rendered":"https:\/\/www.public.sn\/?p=14576"},"modified":"2023-01-30T18:03:17","modified_gmt":"2023-01-30T18:03:17","slug":"ugb-ca-chauffe-entre-etudiants-et-forces-de-lordre","status":"publish","type":"post","link":"https:\/\/www.public.sn\/index.php\/2023\/01\/30\/ugb-ca-chauffe-entre-etudiants-et-forces-de-lordre\/","title":{"rendered":"UGB : \u00c7a chauffe entre \u00e9tudiants et forces de l\u2019ordre"},"content":{"rendered":"<p>Les \u00e9tudiants de l\u2019Universit\u00e9 Gaston Berger (UGB) de Saint-Louis sont en mouvement d\u2019humeur ce lundi 30 janvier. La Coordination des \u00c9tudiants de Saint-Louis (CESL) a bloqu\u00e9 la route nationale pour exprimer sa col\u00e8re. Ce qui est \u00e0 l\u2019origine des affrontements. Les \u00e9tudiants se sont battus contre les forces de l\u2019ordre \u00e0 coups de pierres.<\/p><div class=\"publi-paragraphe1\" style=\"margin-top: 10px;margin-bottom: 10px;margin-left: auto;margin-right: auto;text-align: center;\" id=\"publi-1126387186\"><div class=\"publi-adlabel\">Publicit\u00e9<\/div><script async src=\"\/\/pagead2.googlesyndication.com\/pagead\/js\/adsbygoogle.js?client=ca-pub-4089586018074219\" crossorigin=\"anonymous\"><\/script><ins class=\"adsbygoogle\" style=\"display:block;\" data-ad-client=\"ca-pub-4089586018074219\" \ndata-ad-slot=\"2087940154\" \ndata-ad-format=\"auto\"><\/ins>\n<script> \n(adsbygoogle = window.adsbygoogle || []).push({}); \n<\/script>\n<\/div>\n<p>Pour rappel, 48 heures de cessation de toutes activit\u00e9s p\u00e9dagogiques ainsi que 98 heures de journ\u00e9es sans tickets (JST) renouvelables ont \u00e9t\u00e9 d\u00e9cr\u00e9t\u00e9es. La Coordination des \u00c9tudiants de Saint-Louis r\u00e9clame aux autorit\u00e9s l\u2019all\u00e8gement de la pr\u00e9carit\u00e9 de la situation actuelle, car d\u2019apr\u00e8s eux, \u00e0 l\u2019UGB, le quota de nouveaux bacheliers a \u00e9t\u00e9 lourdement augment\u00e9e, sachant qu\u2019il manque d\u2019infrastructures capables de contenir ces derniers.<\/p>\n<div class=\"publi-apres-le-contenu\" style=\"margin-top: 10px;margin-bottom: 10px;margin-left: auto;margin-right: auto;text-align: center;\" id=\"publi-1254301854\"><div class=\"publi-adlabel\">Publicit\u00e9<\/div><script async src=\"\/\/pagead2.googlesyndication.com\/pagead\/js\/adsbygoogle.js?client=ca-pub-4089586018074219\" crossorigin=\"anonymous\"><\/script><ins class=\"adsbygoogle\" style=\"display:block;\" data-ad-client=\"ca-pub-4089586018074219\" \ndata-ad-slot=\"2087940154\" \ndata-ad-format=\"auto\"><\/ins>\n<script> \n(adsbygoogle = window.adsbygoogle || []).push({}); \n<\/script>\n<\/div>","protected":false},"excerpt":{"rendered":"<p>Les \u00e9tudiants de l\u2019Universit\u00e9 Gaston Berger (UGB) de Saint-Louis sont en mouvement d\u2019humeur ce lundi 30 janvier. La Coordination des \u00c9tudiants de Saint-Louis (CESL) a bloqu\u00e9 la route nationale pour exprimer sa col\u00e8re. Ce qui est \u00e0 l\u2019origine des affrontements. Les \u00e9tudiants se sont battus contre les forces de l\u2019ordre \u00e0 coups de pierres. Pour rappel, 48 heures de cessation de toutes activit\u00e9s p\u00e9dagogiques ainsi que 98 heures de journ\u00e9es sans tickets (JST) renouvelables ont \u00e9t\u00e9 d\u00e9cr\u00e9t\u00e9es. La Coordination des \u00c9tudiants de Saint-Louis r\u00e9clame aux autorit\u00e9s l\u2019all\u00e8gement de la pr\u00e9carit\u00e9 de la situation actuelle, car d\u2019apr\u00e8s eux, \u00e0 l\u2019UGB, le quota de nouveaux bacheliers a \u00e9t\u00e9 lourdement augment\u00e9e, sachant qu\u2019il manque d\u2019infrastructures capables de contenir ces derniers.<\/p>\n","protected":false},"author":7,"featured_media":14578,"comment_status":"open","ping_status":"open","sticky":false,"template":"","format":"standard","meta":{"_jetpack_memberships_contains_paid_content":false,"footnotes":""},"categories":[375,854,379,376,1,4],"tags":[4233,474,766,4063],"class_list":["post-14576","post","type-post","status-publish","format-standard","has-post-thumbnail","hentry","category-actualites","category-education","category-faits-divers","category-securite-justice","category-non-classe","category-societe","tag-affrontement","tag-greve","tag-senegal","tag-ugb","entry","has-media","owp-thumbs-layout-horizontal","owp-btn-normal","owp-tabs-layout-horizontal","has-no-thumbnails","has-product-nav"],"yoast_head":"<!-- This site is optimized with the Yoast SEO plugin v25.5 - https:\/\/yoast.com\/wordpress\/plugins\/seo\/ -->\n<title>UGB : \u00c7a chauffe entre \u00e9tudiants et forces de l\u2019ordre - LE PUBLIC<\/title>\n<meta name=\"robots\" content=\"index, follow, max-snippet:-1, max-image-preview:large, max-video-preview:-1\" \/>\n<link rel=\"canonical\" href=\"https:\/\/www.public.sn\/index.php\/2023\/01\/30\/ugb-ca-chauffe-entre-etudiants-et-forces-de-lordre\/\" \/>\n<meta property=\"og:locale\" content=\"fr_FR\" \/>\n<meta property=\"og:type\" content=\"article\" \/>\n<meta property=\"og:title\" content=\"UGB : \u00c7a chauffe entre \u00e9tudiants et forces de l\u2019ordre - LE PUBLIC\" \/>\n<meta property=\"og:description\" content=\"Les \u00e9tudiants de l\u2019Universit\u00e9 Gaston Berger (UGB) de Saint-Louis sont en mouvement d\u2019humeur ce lundi 30 janvier. La Coordination des \u00c9tudiants de Saint-Louis (CESL) a bloqu\u00e9 la route nationale pour exprimer sa col\u00e8re. Ce qui est \u00e0 l\u2019origine des affrontements. Les \u00e9tudiants se sont battus contre les forces de l\u2019ordre \u00e0 coups de pierres. Pour rappel, 48 heures de cessation de toutes activit\u00e9s p\u00e9dagogiques ainsi que 98 heures de journ\u00e9es sans tickets (JST) renouvelables ont \u00e9t\u00e9 d\u00e9cr\u00e9t\u00e9es. La Coordination des \u00c9tudiants de Saint-Louis r\u00e9clame aux autorit\u00e9s l\u2019all\u00e8gement de la pr\u00e9carit\u00e9 de la situation actuelle, car d\u2019apr\u00e8s eux, \u00e0 l\u2019UGB, le quota de nouveaux bacheliers a \u00e9t\u00e9 lourdement augment\u00e9e, sachant qu\u2019il manque d\u2019infrastructures capables de contenir ces derniers.\" \/>\n<meta property=\"og:url\" content=\"https:\/\/www.public.sn\/index.php\/2023\/01\/30\/ugb-ca-chauffe-entre-etudiants-et-forces-de-lordre\/\" \/>\n<meta property=\"og:site_name\" content=\"LE PUBLIC\" \/>\n<meta property=\"article:published_time\" content=\"2023-01-30T18:03:17+00:00\" \/>\n<meta property=\"og:image\" content=\"https:\/\/www.public.sn\/wp-content\/uploads\/2023\/01\/ugb-1.png\" \/>\n\t<meta property=\"og:image:width\" content=\"620\" \/>\n\t<meta property=\"og:image:height\" content=\"310\" \/>\n\t<meta property=\"og:image:type\" content=\"image\/png\" \/>\n<meta name=\"author\" content=\"LA REDACTION\" \/>\n<meta name=\"twitter:card\" content=\"summary_large_image\" \/>\n<meta name=\"twitter:label1\" content=\"\u00c9crit par\" \/>\n\t<meta name=\"twitter:data1\" content=\"LA REDACTION\" \/>\n\t<meta name=\"twitter:label2\" content=\"Dur\u00e9e de lecture estim\u00e9e\" \/>\n\t<meta name=\"twitter:data2\" content=\"1 minute\" \/>\n<script type=\"application\/ld+json\" class=\"yoast-schema-graph\">{\"@context\":\"https:\/\/schema.org\",\"@graph\":[{\"@type\":\"Article\",\"@id\":\"https:\/\/www.public.sn\/index.php\/2023\/01\/30\/ugb-ca-chauffe-entre-etudiants-et-forces-de-lordre\/#article\",\"isPartOf\":{\"@id\":\"https:\/\/www.public.sn\/index.php\/2023\/01\/30\/ugb-ca-chauffe-entre-etudiants-et-forces-de-lordre\/\"},\"author\":{\"name\":\"LA REDACTION\",\"@id\":\"https:\/\/www.public.sn\/#\/schema\/person\/cb76c8e1b8becc6be61fb5e92d6d0224\"},\"headline\":\"UGB : \u00c7a chauffe entre \u00e9tudiants et forces de l\u2019ordre\",\"datePublished\":\"2023-01-30T18:03:17+00:00\",\"mainEntityOfPage\":{\"@id\":\"https:\/\/www.public.sn\/index.php\/2023\/01\/30\/ugb-ca-chauffe-entre-etudiants-et-forces-de-lordre\/\"},\"wordCount\":143,\"commentCount\":0,\"publisher\":{\"@id\":\"https:\/\/www.public.sn\/#organization\"},\"image\":{\"@id\":\"https:\/\/www.public.sn\/index.php\/2023\/01\/30\/ugb-ca-chauffe-entre-etudiants-et-forces-de-lordre\/#primaryimage\"},\"thumbnailUrl\":\"https:\/\/www.public.sn\/wp-content\/uploads\/2023\/01\/ugb-1.png\",\"keywords\":[\"affrontement\",\"Gr\u00e8ve\",\"S\u00e9n\u00e9gal\",\"ugb\"],\"articleSection\":[\"ACTUALIT\u00c9S\",\"\u00c9DUCATION\",\"FAITS DIVERS\",\"S\u00c9CURIT\u00c9 &amp; JUSTICE\",\"S\u00c9N\u00c9GAL\",\"SOCIETE\"],\"inLanguage\":\"fr-FR\",\"potentialAction\":[{\"@type\":\"CommentAction\",\"name\":\"Comment\",\"target\":[\"https:\/\/www.public.sn\/index.php\/2023\/01\/30\/ugb-ca-chauffe-entre-etudiants-et-forces-de-lordre\/#respond\"]}]},{\"@type\":\"WebPage\",\"@id\":\"https:\/\/www.public.sn\/index.php\/2023\/01\/30\/ugb-ca-chauffe-entre-etudiants-et-forces-de-lordre\/\",\"url\":\"https:\/\/www.public.sn\/index.php\/2023\/01\/30\/ugb-ca-chauffe-entre-etudiants-et-forces-de-lordre\/\",\"name\":\"UGB : \u00c7a chauffe entre \u00e9tudiants et forces de l\u2019ordre - LE PUBLIC\",\"isPartOf\":{\"@id\":\"https:\/\/www.public.sn\/#website\"},\"primaryImageOfPage\":{\"@id\":\"https:\/\/www.public.sn\/index.php\/2023\/01\/30\/ugb-ca-chauffe-entre-etudiants-et-forces-de-lordre\/#primaryimage\"},\"image\":{\"@id\":\"https:\/\/www.public.sn\/index.php\/2023\/01\/30\/ugb-ca-chauffe-entre-etudiants-et-forces-de-lordre\/#primaryimage\"},\"thumbnailUrl\":\"https:\/\/www.public.sn\/wp-content\/uploads\/2023\/01\/ugb-1.png\",\"datePublished\":\"2023-01-30T18:03:17+00:00\",\"breadcrumb\":{\"@id\":\"https:\/\/www.public.sn\/index.php\/2023\/01\/30\/ugb-ca-chauffe-entre-etudiants-et-forces-de-lordre\/#breadcrumb\"},\"inLanguage\":\"fr-FR\",\"potentialAction\":[{\"@type\":\"ReadAction\",\"target\":[\"https:\/\/www.public.sn\/index.php\/2023\/01\/30\/ugb-ca-chauffe-entre-etudiants-et-forces-de-lordre\/\"]}]},{\"@type\":\"ImageObject\",\"inLanguage\":\"fr-FR\",\"@id\":\"https:\/\/www.public.sn\/index.php\/2023\/01\/30\/ugb-ca-chauffe-entre-etudiants-et-forces-de-lordre\/#primaryimage\",\"url\":\"https:\/\/www.public.sn\/wp-content\/uploads\/2023\/01\/ugb-1.png\",\"contentUrl\":\"https:\/\/www.public.sn\/wp-content\/uploads\/2023\/01\/ugb-1.png\",\"width\":620,\"height\":310},{\"@type\":\"BreadcrumbList\",\"@id\":\"https:\/\/www.public.sn\/index.php\/2023\/01\/30\/ugb-ca-chauffe-entre-etudiants-et-forces-de-lordre\/#breadcrumb\",\"itemListElement\":[{\"@type\":\"ListItem\",\"position\":1,\"name\":\"Accueil\",\"item\":\"https:\/\/www.public.sn\/\"},{\"@type\":\"ListItem\",\"position\":2,\"name\":\"UGB : \u00c7a chauffe entre \u00e9tudiants et forces de l\u2019ordre\"}]},{\"@type\":\"WebSite\",\"@id\":\"https:\/\/www.public.sn\/#website\",\"url\":\"https:\/\/www.public.sn\/\",\"name\":\"LE PUBLIC\",\"description\":\"\",\"publisher\":{\"@id\":\"https:\/\/www.public.sn\/#organization\"},\"potentialAction\":[{\"@type\":\"SearchAction\",\"target\":{\"@type\":\"EntryPoint\",\"urlTemplate\":\"https:\/\/www.public.sn\/?s={search_term_string}\"},\"query-input\":{\"@type\":\"PropertyValueSpecification\",\"valueRequired\":true,\"valueName\":\"search_term_string\"}}],\"inLanguage\":\"fr-FR\"},{\"@type\":\"Organization\",\"@id\":\"https:\/\/www.public.sn\/#organization\",\"name\":\"LE PUBLIC\",\"url\":\"https:\/\/www.public.sn\/\",\"logo\":{\"@type\":\"ImageObject\",\"inLanguage\":\"fr-FR\",\"@id\":\"https:\/\/www.public.sn\/#\/schema\/logo\/image\/\",\"url\":\"https:\/\/www.public.sn\/wp-content\/uploads\/2024\/05\/cropped-LOGO-PUBLIC.SN_.png\",\"contentUrl\":\"https:\/\/www.public.sn\/wp-content\/uploads\/2024\/05\/cropped-LOGO-PUBLIC.SN_.png\",\"width\":682,\"height\":192,\"caption\":\"LE PUBLIC\"},\"image\":{\"@id\":\"https:\/\/www.public.sn\/#\/schema\/logo\/image\/\"}},{\"@type\":\"Person\",\"@id\":\"https:\/\/www.public.sn\/#\/schema\/person\/cb76c8e1b8becc6be61fb5e92d6d0224\",\"name\":\"LA REDACTION\",\"image\":{\"@type\":\"ImageObject\",\"inLanguage\":\"fr-FR\",\"@id\":\"https:\/\/www.public.sn\/#\/schema\/person\/image\/\",\"url\":\"https:\/\/secure.gravatar.com\/avatar\/2dce5ddd34b8fef0180efe03aa2a9bee7d953856048f9a16b298190a3178407c?s=96&d=mm&r=g\",\"contentUrl\":\"https:\/\/secure.gravatar.com\/avatar\/2dce5ddd34b8fef0180efe03aa2a9bee7d953856048f9a16b298190a3178407c?s=96&d=mm&r=g\",\"caption\":\"LA REDACTION\"},\"url\":\"https:\/\/www.public.sn\/index.php\/author\/editeurpsn\/\"}]}<\/script>\n<!-- \/ Yoast SEO plugin. -->","yoast_head_json":{"title":"UGB : \u00c7a chauffe entre \u00e9tudiants et forces de l\u2019ordre - LE PUBLIC","robots":{"index":"index","follow":"follow","max-snippet":"max-snippet:-1","max-image-preview":"max-image-preview:large","max-video-preview":"max-video-preview:-1"},"canonical":"https:\/\/www.public.sn\/index.php\/2023\/01\/30\/ugb-ca-chauffe-entre-etudiants-et-forces-de-lordre\/","og_locale":"fr_FR","og_type":"article","og_title":"UGB : \u00c7a chauffe entre \u00e9tudiants et forces de l\u2019ordre - LE PUBLIC","og_description":"Les \u00e9tudiants de l\u2019Universit\u00e9 Gaston Berger (UGB) de Saint-Louis sont en mouvement d\u2019humeur ce lundi 30 janvier. La Coordination des \u00c9tudiants de Saint-Louis (CESL) a bloqu\u00e9 la route nationale pour exprimer sa col\u00e8re. Ce qui est \u00e0 l\u2019origine des affrontements. Les \u00e9tudiants se sont battus contre les forces de l\u2019ordre \u00e0 coups de pierres. Pour rappel, 48 heures de cessation de toutes activit\u00e9s p\u00e9dagogiques ainsi que 98 heures de journ\u00e9es sans tickets (JST) renouvelables ont \u00e9t\u00e9 d\u00e9cr\u00e9t\u00e9es. La Coordination des \u00c9tudiants de Saint-Louis r\u00e9clame aux autorit\u00e9s l\u2019all\u00e8gement de la pr\u00e9carit\u00e9 de la situation actuelle, car d\u2019apr\u00e8s eux, \u00e0 l\u2019UGB, le quota de nouveaux bacheliers a \u00e9t\u00e9 lourdement augment\u00e9e, sachant qu\u2019il manque d\u2019infrastructures capables de contenir ces derniers.","og_url":"https:\/\/www.public.sn\/index.php\/2023\/01\/30\/ugb-ca-chauffe-entre-etudiants-et-forces-de-lordre\/","og_site_name":"LE PUBLIC","article_published_time":"2023-01-30T18:03:17+00:00","og_image":[{"width":620,"height":310,"url":"https:\/\/www.public.sn\/wp-content\/uploads\/2023\/01\/ugb-1.png","type":"image\/png"}],"author":"LA REDACTION","twitter_card":"summary_large_image","twitter_misc":{"\u00c9crit par":"LA REDACTION","Dur\u00e9e de lecture estim\u00e9e":"1 minute"},"schema":{"@context":"https:\/\/schema.org","@graph":[{"@type":"Article","@id":"https:\/\/www.public.sn\/index.php\/2023\/01\/30\/ugb-ca-chauffe-entre-etudiants-et-forces-de-lordre\/#article","isPartOf":{"@id":"https:\/\/www.public.sn\/index.php\/2023\/01\/30\/ugb-ca-chauffe-entre-etudiants-et-forces-de-lordre\/"},"author":{"name":"LA REDACTION","@id":"https:\/\/www.public.sn\/#\/schema\/person\/cb76c8e1b8becc6be61fb5e92d6d0224"},"headline":"UGB : \u00c7a chauffe entre \u00e9tudiants et forces de l\u2019ordre","datePublished":"2023-01-30T18:03:17+00:00","mainEntityOfPage":{"@id":"https:\/\/www.public.sn\/index.php\/2023\/01\/30\/ugb-ca-chauffe-entre-etudiants-et-forces-de-lordre\/"},"wordCount":143,"commentCount":0,"publisher":{"@id":"https:\/\/www.public.sn\/#organization"},"image":{"@id":"https:\/\/www.public.sn\/index.php\/2023\/01\/30\/ugb-ca-chauffe-entre-etudiants-et-forces-de-lordre\/#primaryimage"},"thumbnailUrl":"https:\/\/www.public.sn\/wp-content\/uploads\/2023\/01\/ugb-1.png","keywords":["affrontement","Gr\u00e8ve","S\u00e9n\u00e9gal","ugb"],"articleSection":["ACTUALIT\u00c9S","\u00c9DUCATION","FAITS DIVERS","S\u00c9CURIT\u00c9 &amp; JUSTICE","S\u00c9N\u00c9GAL","SOCIETE"],"inLanguage":"fr-FR","potentialAction":[{"@type":"CommentAction","name":"Comment","target":["https:\/\/www.public.sn\/index.php\/2023\/01\/30\/ugb-ca-chauffe-entre-etudiants-et-forces-de-lordre\/#respond"]}]},{"@type":"WebPage","@id":"https:\/\/www.public.sn\/index.php\/2023\/01\/30\/ugb-ca-chauffe-entre-etudiants-et-forces-de-lordre\/","url":"https:\/\/www.public.sn\/index.php\/2023\/01\/30\/ugb-ca-chauffe-entre-etudiants-et-forces-de-lordre\/","name":"UGB : \u00c7a chauffe entre \u00e9tudiants et forces de l\u2019ordre - LE PUBLIC","isPartOf":{"@id":"https:\/\/www.public.sn\/#website"},"primaryImageOfPage":{"@id":"https:\/\/www.public.sn\/index.php\/2023\/01\/30\/ugb-ca-chauffe-entre-etudiants-et-forces-de-lordre\/#primaryimage"},"image":{"@id":"https:\/\/www.public.sn\/index.php\/2023\/01\/30\/ugb-ca-chauffe-entre-etudiants-et-forces-de-lordre\/#primaryimage"},"thumbnailUrl":"https:\/\/www.public.sn\/wp-content\/uploads\/2023\/01\/ugb-1.png","datePublished":"2023-01-30T18:03:17+00:00","breadcrumb":{"@id":"https:\/\/www.public.sn\/index.php\/2023\/01\/30\/ugb-ca-chauffe-entre-etudiants-et-forces-de-lordre\/#breadcrumb"},"inLanguage":"fr-FR","potentialAction":[{"@type":"ReadAction","target":["https:\/\/www.public.sn\/index.php\/2023\/01\/30\/ugb-ca-chauffe-entre-etudiants-et-forces-de-lordre\/"]}]},{"@type":"ImageObject","inLanguage":"fr-FR","@id":"https:\/\/www.public.sn\/index.php\/2023\/01\/30\/ugb-ca-chauffe-entre-etudiants-et-forces-de-lordre\/#primaryimage","url":"https:\/\/www.public.sn\/wp-content\/uploads\/2023\/01\/ugb-1.png","contentUrl":"https:\/\/www.public.sn\/wp-content\/uploads\/2023\/01\/ugb-1.png","width":620,"height":310},{"@type":"BreadcrumbList","@id":"https:\/\/www.public.sn\/index.php\/2023\/01\/30\/ugb-ca-chauffe-entre-etudiants-et-forces-de-lordre\/#breadcrumb","itemListElement":[{"@type":"ListItem","position":1,"name":"Accueil","item":"https:\/\/www.public.sn\/"},{"@type":"ListItem","position":2,"name":"UGB : \u00c7a chauffe entre \u00e9tudiants et forces de l\u2019ordre"}]},{"@type":"WebSite","@id":"https:\/\/www.public.sn\/#website","url":"https:\/\/www.public.sn\/","name":"LE PUBLIC","description":"","publisher":{"@id":"https:\/\/www.public.sn\/#organization"},"potentialAction":[{"@type":"SearchAction","target":{"@type":"EntryPoint","urlTemplate":"https:\/\/www.public.sn\/?s={search_term_string}"},"query-input":{"@type":"PropertyValueSpecification","valueRequired":true,"valueName":"search_term_string"}}],"inLanguage":"fr-FR"},{"@type":"Organization","@id":"https:\/\/www.public.sn\/#organization","name":"LE PUBLIC","url":"https:\/\/www.public.sn\/","logo":{"@type":"ImageObject","inLanguage":"fr-FR","@id":"https:\/\/www.public.sn\/#\/schema\/logo\/image\/","url":"https:\/\/www.public.sn\/wp-content\/uploads\/2024\/05\/cropped-LOGO-PUBLIC.SN_.png","contentUrl":"https:\/\/www.public.sn\/wp-content\/uploads\/2024\/05\/cropped-LOGO-PUBLIC.SN_.png","width":682,"height":192,"caption":"LE PUBLIC"},"image":{"@id":"https:\/\/www.public.sn\/#\/schema\/logo\/image\/"}},{"@type":"Person","@id":"https:\/\/www.public.sn\/#\/schema\/person\/cb76c8e1b8becc6be61fb5e92d6d0224","name":"LA REDACTION","image":{"@type":"ImageObject","inLanguage":"fr-FR","@id":"https:\/\/www.public.sn\/#\/schema\/person\/image\/","url":"https:\/\/secure.gravatar.com\/avatar\/2dce5ddd34b8fef0180efe03aa2a9bee7d953856048f9a16b298190a3178407c?s=96&d=mm&r=g","contentUrl":"https:\/\/secure.gravatar.com\/avatar\/2dce5ddd34b8fef0180efe03aa2a9bee7d953856048f9a16b298190a3178407c?s=96&d=mm&r=g","caption":"LA REDACTION"},"url":"https:\/\/www.public.sn\/index.php\/author\/editeurpsn\/"}]}},"jetpack_featured_media_url":"https:\/\/www.public.sn\/wp-content\/uploads\/2023\/01\/ugb-1.png","jetpack_sharing_enabled":true,"_links":{"self":[{"href":"https:\/\/www.public.sn\/index.php\/wp-json\/wp\/v2\/posts\/14576","targetHints":{"allow":["GET"]}}],"collection":[{"href":"https:\/\/www.public.sn\/index.php\/wp-json\/wp\/v2\/posts"}],"about":[{"href":"https:\/\/www.public.sn\/index.php\/wp-json\/wp\/v2\/types\/post"}],"author":[{"embeddable":true,"href":"https:\/\/www.public.sn\/index.php\/wp-json\/wp\/v2\/users\/7"}],"replies":[{"embeddable":true,"href":"https:\/\/www.public.sn\/index.php\/wp-json\/wp\/v2\/comments?post=14576"}],"version-history":[{"count":1,"href":"https:\/\/www.public.sn\/index.php\/wp-json\/wp\/v2\/posts\/14576\/revisions"}],"predecessor-version":[{"id":14579,"href":"https:\/\/www.public.sn\/index.php\/wp-json\/wp\/v2\/posts\/14576\/revisions\/14579"}],"wp:featuredmedia":[{"embeddable":true,"href":"https:\/\/www.public.sn\/index.php\/wp-json\/wp\/v2\/media\/14578"}],"wp:attachment":[{"href":"https:\/\/www.public.sn\/index.php\/wp-json\/wp\/v2\/media?parent=14576"}],"wp:term":[{"taxonomy":"category","embeddable":true,"href":"https:\/\/www.public.sn\/index.php\/wp-json\/wp\/v2\/categories?post=14576"},{"taxonomy":"post_tag","embeddable":true,"href":"https:\/\/www.public.sn\/index.php\/wp-json\/wp\/v2\/tags?post=14576"}],"curies":[{"name":"wp","href":"https:\/\/api.w.org\/{rel}","templated":true}]}}