{"id":14646,"date":"2023-01-31T16:37:37","date_gmt":"2023-01-31T16:37:37","guid":{"rendered":"https:\/\/www.public.sn\/?p=14646"},"modified":"2023-01-31T16:37:37","modified_gmt":"2023-01-31T16:37:37","slug":"aminata-toure-pose-un-autre-acte-pour-contrecarrer-la-3e-candidature-du-president-macky-sall","status":"publish","type":"post","link":"https:\/\/www.public.sn\/index.php\/2023\/01\/31\/aminata-toure-pose-un-autre-acte-pour-contrecarrer-la-3e-candidature-du-president-macky-sall\/","title":{"rendered":"Aminata Tour\u00e9 pose un autre acte pour contrecarrer la 3e candidature du pr\u00e9sident Macky Sall"},"content":{"rendered":"<p><strong>Aminata Tour\u00e9 est toujours d\u00e9termin\u00e9 \u00e0 contrecarrer la troisi\u00e8me candidature du pr\u00e9sident Macky Sall. E effet, elle a pris part ce mardi \u00e0 la conf\u00e9rence de presse du \u00ab\u00a0collectif Jamm \u00e0 Gen 3e mandat\u00a0\u00bb pour signer en personne la p\u00e9tition lanc\u00e9e par l\u2019\u00e9dit collectif en format num\u00e9rique et physique. Cette p\u00e9tition a pour objectif d\u2019atteindre plus de 10 millions de signatures, afin de dissuader le Pr\u00e9sident Macky \u00e0 se pr\u00e9senter \u00e0 la pr\u00e9sidentielle de f\u00e9vrier 2024.\u00a0<\/strong><\/p><div class=\"publi-paragraphe1\" style=\"margin-top: 10px;margin-bottom: 10px;margin-left: auto;margin-right: auto;text-align: center;\" id=\"publi-3679321289\"><div class=\"publi-adlabel\">Publicit\u00e9<\/div><script async src=\"\/\/pagead2.googlesyndication.com\/pagead\/js\/adsbygoogle.js?client=ca-pub-4089586018074219\" crossorigin=\"anonymous\"><\/script><ins class=\"adsbygoogle\" style=\"display:block;\" data-ad-client=\"ca-pub-4089586018074219\" \ndata-ad-slot=\"2087940154\" \ndata-ad-format=\"auto\"><\/ins>\n<script> \n(adsbygoogle = window.adsbygoogle || []).push({}); \n<\/script>\n<\/div>\n<p><em>\u00ab Je suis venue ici en personne signer la p\u00e9tition lanc\u00e9e par le \u00ab\u00a0collectif jamm mo 3e mandat\u00a0\u00bb. Je viens de signer la p\u00e9tition contre le troisi\u00e8me mandat. Ce qui est normal, car la Constitution est tr\u00e8s claire et le pr\u00e9sident Macky Sall lui-m\u00eame l\u2019avait clairement indiqu\u00e9 en disant qu\u2019il ferait deux mandats. Donc cette signature est naturelle. J\u2019invite tous les d\u00e9mocrates \u00e0 la signer puisque la paix est le produit int\u00e9rieur brut le plus pr\u00e9cieux, sa stabilit\u00e9 aussi. Si le chef de l\u2019Etat veut s\u2019ent\u00eater \u00e0 vouloir faire un autre mandat que je consid\u00e8re comme ill\u00e9gal aussi bien du point de vue juridique que morale, cela va cr\u00e9er des probl\u00e8mes \u00bb<\/em>, a-t-elle d\u00e9clar\u00e9.<\/p>\n<div class=\"publi-apres-le-contenu\" style=\"margin-top: 10px;margin-bottom: 10px;margin-left: auto;margin-right: auto;text-align: center;\" id=\"publi-3961217011\"><div class=\"publi-adlabel\">Publicit\u00e9<\/div><script async src=\"\/\/pagead2.googlesyndication.com\/pagead\/js\/adsbygoogle.js?client=ca-pub-4089586018074219\" crossorigin=\"anonymous\"><\/script><ins class=\"adsbygoogle\" style=\"display:block;\" data-ad-client=\"ca-pub-4089586018074219\" \ndata-ad-slot=\"2087940154\" \ndata-ad-format=\"auto\"><\/ins>\n<script> \n(adsbygoogle = window.adsbygoogle || []).push({}); \n<\/script>\n<\/div>","protected":false},"excerpt":{"rendered":"<p>Aminata Tour\u00e9 est toujours d\u00e9termin\u00e9 \u00e0 contrecarrer la troisi\u00e8me candidature du pr\u00e9sident Macky Sall. E effet, elle a pris part ce mardi \u00e0 la conf\u00e9rence de presse du \u00ab\u00a0collectif Jamm \u00e0 Gen 3e mandat\u00a0\u00bb pour signer en personne la p\u00e9tition lanc\u00e9e par l\u2019\u00e9dit collectif en format num\u00e9rique et physique. Cette p\u00e9tition a pour objectif d\u2019atteindre plus de 10 millions de signatures, afin de dissuader le Pr\u00e9sident Macky \u00e0 se pr\u00e9senter \u00e0 la pr\u00e9sidentielle de f\u00e9vrier 2024.\u00a0 \u00ab Je suis venue ici en personne signer la p\u00e9tition lanc\u00e9e par le \u00ab\u00a0collectif jamm mo 3e mandat\u00a0\u00bb. Je viens de signer la p\u00e9tition contre le troisi\u00e8me mandat. Ce qui est normal, car la Constitution est tr\u00e8s claire et le pr\u00e9sident Macky Sall lui-m\u00eame l\u2019avait clairement indiqu\u00e9 en disant qu\u2019il ferait deux mandats. Donc cette signature est naturelle. J\u2019invite tous les d\u00e9mocrates \u00e0 la signer puisque la paix est le produit int\u00e9rieur brut le plus pr\u00e9cieux, sa stabilit\u00e9 aussi. Si le chef de l\u2019Etat veut s\u2019ent\u00eater \u00e0 vouloir faire un autre mandat que je consid\u00e8re comme ill\u00e9gal aussi bien du point de vue juridique que morale, cela va cr\u00e9er des probl\u00e8mes \u00bb, a-t-elle d\u00e9clar\u00e9.<\/p>\n","protected":false},"author":1,"featured_media":2784,"comment_status":"open","ping_status":"open","sticky":false,"template":"","format":"standard","meta":{"_jetpack_memberships_contains_paid_content":false,"footnotes":""},"categories":[3,1,372],"tags":[1010,480,4247,11],"class_list":["post-14646","post","type-post","status-publish","format-standard","has-post-thumbnail","hentry","category-politique","category-non-classe","category-vedette","tag-3e-mandat","tag-aminata-toure","tag-collectif-jamm-a-gen","tag-macky-sall","entry","has-media","owp-thumbs-layout-horizontal","owp-btn-normal","owp-tabs-layout-horizontal","has-no-thumbnails","has-product-nav"],"yoast_head":"<!-- This site is optimized with the Yoast SEO plugin v25.5 - https:\/\/yoast.com\/wordpress\/plugins\/seo\/ -->\n<title>Aminata Tour\u00e9 pose un autre acte pour contrecarrer la 3e candidature du pr\u00e9sident Macky Sall - LE PUBLIC<\/title>\n<meta name=\"description\" content=\"Aminata Tour\u00e9 est toujours d\u00e9termin\u00e9 \u00e0 contrecarrer la troisi\u00e8me candidature du pr\u00e9sident Macky Sall. E effet, elle a pris part ce mardi \u00e0 la conf\u00e9rence de presse du &quot;collectif Jamm \u00e0 Gen 3e mandat&quot; pour signer en personne la p\u00e9tition lanc\u00e9e par l\u2019\u00e9dit collectif en format num\u00e9rique et physique. Cette p\u00e9tition a pour objectif d\u2019atteindre plus de 10 millions de signatures, afin de dissuader le Pr\u00e9sident Macky \u00e0 se pr\u00e9senter \u00e0 la pr\u00e9sidentielle de f\u00e9vrier 2024.\u00a0\" \/>\n<meta name=\"robots\" content=\"index, follow, max-snippet:-1, max-image-preview:large, max-video-preview:-1\" \/>\n<link rel=\"canonical\" href=\"https:\/\/www.public.sn\/index.php\/2023\/01\/31\/aminata-toure-pose-un-autre-acte-pour-contrecarrer-la-3e-candidature-du-president-macky-sall\/\" \/>\n<meta property=\"og:locale\" content=\"fr_FR\" \/>\n<meta property=\"og:type\" content=\"article\" \/>\n<meta property=\"og:title\" content=\"Aminata Tour\u00e9 pose un autre acte pour contrecarrer la 3e candidature du pr\u00e9sident Macky Sall - LE PUBLIC\" \/>\n<meta property=\"og:description\" content=\"Aminata Tour\u00e9 est toujours d\u00e9termin\u00e9 \u00e0 contrecarrer la troisi\u00e8me candidature du pr\u00e9sident Macky Sall. E effet, elle a pris part ce mardi \u00e0 la conf\u00e9rence de presse du &quot;collectif Jamm \u00e0 Gen 3e mandat&quot; pour signer en personne la p\u00e9tition lanc\u00e9e par l\u2019\u00e9dit collectif en format num\u00e9rique et physique. Cette p\u00e9tition a pour objectif d\u2019atteindre plus de 10 millions de signatures, afin de dissuader le Pr\u00e9sident Macky \u00e0 se pr\u00e9senter \u00e0 la pr\u00e9sidentielle de f\u00e9vrier 2024.\u00a0\" \/>\n<meta property=\"og:url\" content=\"https:\/\/www.public.sn\/index.php\/2023\/01\/31\/aminata-toure-pose-un-autre-acte-pour-contrecarrer-la-3e-candidature-du-president-macky-sall\/\" \/>\n<meta property=\"og:site_name\" content=\"LE PUBLIC\" \/>\n<meta property=\"article:published_time\" content=\"2023-01-31T16:37:37+00:00\" \/>\n<meta property=\"og:image\" content=\"https:\/\/www.public.sn\/wp-content\/uploads\/2022\/09\/Aminata-Toure-new.jpg\" \/>\n\t<meta property=\"og:image:width\" content=\"700\" \/>\n\t<meta property=\"og:image:height\" content=\"418\" \/>\n\t<meta property=\"og:image:type\" content=\"image\/jpeg\" \/>\n<meta name=\"author\" content=\"LA REDACTION\" \/>\n<meta name=\"twitter:card\" content=\"summary_large_image\" \/>\n<meta name=\"twitter:label1\" content=\"\u00c9crit par\" \/>\n\t<meta name=\"twitter:data1\" content=\"LA REDACTION\" \/>\n\t<meta name=\"twitter:label2\" content=\"Dur\u00e9e de lecture estim\u00e9e\" \/>\n\t<meta name=\"twitter:data2\" content=\"1 minute\" \/>\n<script type=\"application\/ld+json\" class=\"yoast-schema-graph\">{\"@context\":\"https:\/\/schema.org\",\"@graph\":[{\"@type\":\"Article\",\"@id\":\"https:\/\/www.public.sn\/index.php\/2023\/01\/31\/aminata-toure-pose-un-autre-acte-pour-contrecarrer-la-3e-candidature-du-president-macky-sall\/#article\",\"isPartOf\":{\"@id\":\"https:\/\/www.public.sn\/index.php\/2023\/01\/31\/aminata-toure-pose-un-autre-acte-pour-contrecarrer-la-3e-candidature-du-president-macky-sall\/\"},\"author\":{\"name\":\"LA REDACTION\",\"@id\":\"https:\/\/www.public.sn\/#\/schema\/person\/e3f4a11b037d4203902db148f9bc8d5a\"},\"headline\":\"Aminata Tour\u00e9 pose un autre acte pour contrecarrer la 3e candidature du pr\u00e9sident Macky Sall\",\"datePublished\":\"2023-01-31T16:37:37+00:00\",\"mainEntityOfPage\":{\"@id\":\"https:\/\/www.public.sn\/index.php\/2023\/01\/31\/aminata-toure-pose-un-autre-acte-pour-contrecarrer-la-3e-candidature-du-president-macky-sall\/\"},\"wordCount\":230,\"commentCount\":0,\"publisher\":{\"@id\":\"https:\/\/www.public.sn\/#organization\"},\"image\":{\"@id\":\"https:\/\/www.public.sn\/index.php\/2023\/01\/31\/aminata-toure-pose-un-autre-acte-pour-contrecarrer-la-3e-candidature-du-president-macky-sall\/#primaryimage\"},\"thumbnailUrl\":\"https:\/\/www.public.sn\/wp-content\/uploads\/2022\/09\/Aminata-Toure-new.jpg\",\"keywords\":[\"3e mandat\",\"Aminata Tour\u00e9\",\"collectif Jamm \u00e0 Gen\",\"Macky Sall\"],\"articleSection\":[\"POLITIQUE\",\"S\u00c9N\u00c9GAL\",\"VEDETTE\"],\"inLanguage\":\"fr-FR\",\"potentialAction\":[{\"@type\":\"CommentAction\",\"name\":\"Comment\",\"target\":[\"https:\/\/www.public.sn\/index.php\/2023\/01\/31\/aminata-toure-pose-un-autre-acte-pour-contrecarrer-la-3e-candidature-du-president-macky-sall\/#respond\"]}]},{\"@type\":\"WebPage\",\"@id\":\"https:\/\/www.public.sn\/index.php\/2023\/01\/31\/aminata-toure-pose-un-autre-acte-pour-contrecarrer-la-3e-candidature-du-president-macky-sall\/\",\"url\":\"https:\/\/www.public.sn\/index.php\/2023\/01\/31\/aminata-toure-pose-un-autre-acte-pour-contrecarrer-la-3e-candidature-du-president-macky-sall\/\",\"name\":\"Aminata Tour\u00e9 pose un autre acte pour contrecarrer la 3e candidature du pr\u00e9sident Macky Sall - LE PUBLIC\",\"isPartOf\":{\"@id\":\"https:\/\/www.public.sn\/#website\"},\"primaryImageOfPage\":{\"@id\":\"https:\/\/www.public.sn\/index.php\/2023\/01\/31\/aminata-toure-pose-un-autre-acte-pour-contrecarrer-la-3e-candidature-du-president-macky-sall\/#primaryimage\"},\"image\":{\"@id\":\"https:\/\/www.public.sn\/index.php\/2023\/01\/31\/aminata-toure-pose-un-autre-acte-pour-contrecarrer-la-3e-candidature-du-president-macky-sall\/#primaryimage\"},\"thumbnailUrl\":\"https:\/\/www.public.sn\/wp-content\/uploads\/2022\/09\/Aminata-Toure-new.jpg\",\"datePublished\":\"2023-01-31T16:37:37+00:00\",\"description\":\"Aminata Tour\u00e9 est toujours d\u00e9termin\u00e9 \u00e0 contrecarrer la troisi\u00e8me candidature du pr\u00e9sident Macky Sall. E effet, elle a pris part ce mardi \u00e0 la conf\u00e9rence de presse du \\\"collectif Jamm \u00e0 Gen 3e mandat\\\" pour signer en personne la p\u00e9tition lanc\u00e9e par l\u2019\u00e9dit collectif en format num\u00e9rique et physique. Cette p\u00e9tition a pour objectif d\u2019atteindre plus de 10 millions de signatures, afin de dissuader le Pr\u00e9sident Macky \u00e0 se pr\u00e9senter \u00e0 la pr\u00e9sidentielle de f\u00e9vrier 2024.\u00a0\",\"breadcrumb\":{\"@id\":\"https:\/\/www.public.sn\/index.php\/2023\/01\/31\/aminata-toure-pose-un-autre-acte-pour-contrecarrer-la-3e-candidature-du-president-macky-sall\/#breadcrumb\"},\"inLanguage\":\"fr-FR\",\"potentialAction\":[{\"@type\":\"ReadAction\",\"target\":[\"https:\/\/www.public.sn\/index.php\/2023\/01\/31\/aminata-toure-pose-un-autre-acte-pour-contrecarrer-la-3e-candidature-du-president-macky-sall\/\"]}]},{\"@type\":\"ImageObject\",\"inLanguage\":\"fr-FR\",\"@id\":\"https:\/\/www.public.sn\/index.php\/2023\/01\/31\/aminata-toure-pose-un-autre-acte-pour-contrecarrer-la-3e-candidature-du-president-macky-sall\/#primaryimage\",\"url\":\"https:\/\/www.public.sn\/wp-content\/uploads\/2022\/09\/Aminata-Toure-new.jpg\",\"contentUrl\":\"https:\/\/www.public.sn\/wp-content\/uploads\/2022\/09\/Aminata-Toure-new.jpg\",\"width\":700,\"height\":418},{\"@type\":\"BreadcrumbList\",\"@id\":\"https:\/\/www.public.sn\/index.php\/2023\/01\/31\/aminata-toure-pose-un-autre-acte-pour-contrecarrer-la-3e-candidature-du-president-macky-sall\/#breadcrumb\",\"itemListElement\":[{\"@type\":\"ListItem\",\"position\":1,\"name\":\"Accueil\",\"item\":\"https:\/\/www.public.sn\/\"},{\"@type\":\"ListItem\",\"position\":2,\"name\":\"Aminata Tour\u00e9 pose un autre acte pour contrecarrer la 3e candidature du pr\u00e9sident Macky Sall\"}]},{\"@type\":\"WebSite\",\"@id\":\"https:\/\/www.public.sn\/#website\",\"url\":\"https:\/\/www.public.sn\/\",\"name\":\"LE PUBLIC\",\"description\":\"\",\"publisher\":{\"@id\":\"https:\/\/www.public.sn\/#organization\"},\"potentialAction\":[{\"@type\":\"SearchAction\",\"target\":{\"@type\":\"EntryPoint\",\"urlTemplate\":\"https:\/\/www.public.sn\/?s={search_term_string}\"},\"query-input\":{\"@type\":\"PropertyValueSpecification\",\"valueRequired\":true,\"valueName\":\"search_term_string\"}}],\"inLanguage\":\"fr-FR\"},{\"@type\":\"Organization\",\"@id\":\"https:\/\/www.public.sn\/#organization\",\"name\":\"LE PUBLIC\",\"url\":\"https:\/\/www.public.sn\/\",\"logo\":{\"@type\":\"ImageObject\",\"inLanguage\":\"fr-FR\",\"@id\":\"https:\/\/www.public.sn\/#\/schema\/logo\/image\/\",\"url\":\"https:\/\/www.public.sn\/wp-content\/uploads\/2024\/05\/cropped-LOGO-PUBLIC.SN_.png\",\"contentUrl\":\"https:\/\/www.public.sn\/wp-content\/uploads\/2024\/05\/cropped-LOGO-PUBLIC.SN_.png\",\"width\":682,\"height\":192,\"caption\":\"LE PUBLIC\"},\"image\":{\"@id\":\"https:\/\/www.public.sn\/#\/schema\/logo\/image\/\"}},{\"@type\":\"Person\",\"@id\":\"https:\/\/www.public.sn\/#\/schema\/person\/e3f4a11b037d4203902db148f9bc8d5a\",\"name\":\"LA REDACTION\",\"image\":{\"@type\":\"ImageObject\",\"inLanguage\":\"fr-FR\",\"@id\":\"https:\/\/www.public.sn\/#\/schema\/person\/image\/\",\"url\":\"https:\/\/secure.gravatar.com\/avatar\/d6c030db45db2883c075085c5d6c6258654a801a93766b49af0b82d4f454e2a5?s=96&d=mm&r=g\",\"contentUrl\":\"https:\/\/secure.gravatar.com\/avatar\/d6c030db45db2883c075085c5d6c6258654a801a93766b49af0b82d4f454e2a5?s=96&d=mm&r=g\",\"caption\":\"LA REDACTION\"},\"sameAs\":[\"http:\/\/www.public.sn\"],\"url\":\"https:\/\/www.public.sn\/index.php\/author\/admin7324\/\"}]}<\/script>\n<!-- \/ Yoast SEO plugin. -->","yoast_head_json":{"title":"Aminata Tour\u00e9 pose un autre acte pour contrecarrer la 3e candidature du pr\u00e9sident Macky Sall - LE PUBLIC","description":"Aminata Tour\u00e9 est toujours d\u00e9termin\u00e9 \u00e0 contrecarrer la troisi\u00e8me candidature du pr\u00e9sident Macky Sall. E effet, elle a pris part ce mardi \u00e0 la conf\u00e9rence de presse du \"collectif Jamm \u00e0 Gen 3e mandat\" pour signer en personne la p\u00e9tition lanc\u00e9e par l\u2019\u00e9dit collectif en format num\u00e9rique et physique. Cette p\u00e9tition a pour objectif d\u2019atteindre plus de 10 millions de signatures, afin de dissuader le Pr\u00e9sident Macky \u00e0 se pr\u00e9senter \u00e0 la pr\u00e9sidentielle de f\u00e9vrier 2024.\u00a0","robots":{"index":"index","follow":"follow","max-snippet":"max-snippet:-1","max-image-preview":"max-image-preview:large","max-video-preview":"max-video-preview:-1"},"canonical":"https:\/\/www.public.sn\/index.php\/2023\/01\/31\/aminata-toure-pose-un-autre-acte-pour-contrecarrer-la-3e-candidature-du-president-macky-sall\/","og_locale":"fr_FR","og_type":"article","og_title":"Aminata Tour\u00e9 pose un autre acte pour contrecarrer la 3e candidature du pr\u00e9sident Macky Sall - LE PUBLIC","og_description":"Aminata Tour\u00e9 est toujours d\u00e9termin\u00e9 \u00e0 contrecarrer la troisi\u00e8me candidature du pr\u00e9sident Macky Sall. E effet, elle a pris part ce mardi \u00e0 la conf\u00e9rence de presse du \"collectif Jamm \u00e0 Gen 3e mandat\" pour signer en personne la p\u00e9tition lanc\u00e9e par l\u2019\u00e9dit collectif en format num\u00e9rique et physique. Cette p\u00e9tition a pour objectif d\u2019atteindre plus de 10 millions de signatures, afin de dissuader le Pr\u00e9sident Macky \u00e0 se pr\u00e9senter \u00e0 la pr\u00e9sidentielle de f\u00e9vrier 2024.\u00a0","og_url":"https:\/\/www.public.sn\/index.php\/2023\/01\/31\/aminata-toure-pose-un-autre-acte-pour-contrecarrer-la-3e-candidature-du-president-macky-sall\/","og_site_name":"LE PUBLIC","article_published_time":"2023-01-31T16:37:37+00:00","og_image":[{"width":700,"height":418,"url":"https:\/\/www.public.sn\/wp-content\/uploads\/2022\/09\/Aminata-Toure-new.jpg","type":"image\/jpeg"}],"author":"LA REDACTION","twitter_card":"summary_large_image","twitter_misc":{"\u00c9crit par":"LA REDACTION","Dur\u00e9e de lecture estim\u00e9e":"1 minute"},"schema":{"@context":"https:\/\/schema.org","@graph":[{"@type":"Article","@id":"https:\/\/www.public.sn\/index.php\/2023\/01\/31\/aminata-toure-pose-un-autre-acte-pour-contrecarrer-la-3e-candidature-du-president-macky-sall\/#article","isPartOf":{"@id":"https:\/\/www.public.sn\/index.php\/2023\/01\/31\/aminata-toure-pose-un-autre-acte-pour-contrecarrer-la-3e-candidature-du-president-macky-sall\/"},"author":{"name":"LA REDACTION","@id":"https:\/\/www.public.sn\/#\/schema\/person\/e3f4a11b037d4203902db148f9bc8d5a"},"headline":"Aminata Tour\u00e9 pose un autre acte pour contrecarrer la 3e candidature du pr\u00e9sident Macky Sall","datePublished":"2023-01-31T16:37:37+00:00","mainEntityOfPage":{"@id":"https:\/\/www.public.sn\/index.php\/2023\/01\/31\/aminata-toure-pose-un-autre-acte-pour-contrecarrer-la-3e-candidature-du-president-macky-sall\/"},"wordCount":230,"commentCount":0,"publisher":{"@id":"https:\/\/www.public.sn\/#organization"},"image":{"@id":"https:\/\/www.public.sn\/index.php\/2023\/01\/31\/aminata-toure-pose-un-autre-acte-pour-contrecarrer-la-3e-candidature-du-president-macky-sall\/#primaryimage"},"thumbnailUrl":"https:\/\/www.public.sn\/wp-content\/uploads\/2022\/09\/Aminata-Toure-new.jpg","keywords":["3e mandat","Aminata Tour\u00e9","collectif Jamm \u00e0 Gen","Macky Sall"],"articleSection":["POLITIQUE","S\u00c9N\u00c9GAL","VEDETTE"],"inLanguage":"fr-FR","potentialAction":[{"@type":"CommentAction","name":"Comment","target":["https:\/\/www.public.sn\/index.php\/2023\/01\/31\/aminata-toure-pose-un-autre-acte-pour-contrecarrer-la-3e-candidature-du-president-macky-sall\/#respond"]}]},{"@type":"WebPage","@id":"https:\/\/www.public.sn\/index.php\/2023\/01\/31\/aminata-toure-pose-un-autre-acte-pour-contrecarrer-la-3e-candidature-du-president-macky-sall\/","url":"https:\/\/www.public.sn\/index.php\/2023\/01\/31\/aminata-toure-pose-un-autre-acte-pour-contrecarrer-la-3e-candidature-du-president-macky-sall\/","name":"Aminata Tour\u00e9 pose un autre acte pour contrecarrer la 3e candidature du pr\u00e9sident Macky Sall - LE PUBLIC","isPartOf":{"@id":"https:\/\/www.public.sn\/#website"},"primaryImageOfPage":{"@id":"https:\/\/www.public.sn\/index.php\/2023\/01\/31\/aminata-toure-pose-un-autre-acte-pour-contrecarrer-la-3e-candidature-du-president-macky-sall\/#primaryimage"},"image":{"@id":"https:\/\/www.public.sn\/index.php\/2023\/01\/31\/aminata-toure-pose-un-autre-acte-pour-contrecarrer-la-3e-candidature-du-president-macky-sall\/#primaryimage"},"thumbnailUrl":"https:\/\/www.public.sn\/wp-content\/uploads\/2022\/09\/Aminata-Toure-new.jpg","datePublished":"2023-01-31T16:37:37+00:00","description":"Aminata Tour\u00e9 est toujours d\u00e9termin\u00e9 \u00e0 contrecarrer la troisi\u00e8me candidature du pr\u00e9sident Macky Sall. E effet, elle a pris part ce mardi \u00e0 la conf\u00e9rence de presse du \"collectif Jamm \u00e0 Gen 3e mandat\" pour signer en personne la p\u00e9tition lanc\u00e9e par l\u2019\u00e9dit collectif en format num\u00e9rique et physique. Cette p\u00e9tition a pour objectif d\u2019atteindre plus de 10 millions de signatures, afin de dissuader le Pr\u00e9sident Macky \u00e0 se pr\u00e9senter \u00e0 la pr\u00e9sidentielle de f\u00e9vrier 2024.\u00a0","breadcrumb":{"@id":"https:\/\/www.public.sn\/index.php\/2023\/01\/31\/aminata-toure-pose-un-autre-acte-pour-contrecarrer-la-3e-candidature-du-president-macky-sall\/#breadcrumb"},"inLanguage":"fr-FR","potentialAction":[{"@type":"ReadAction","target":["https:\/\/www.public.sn\/index.php\/2023\/01\/31\/aminata-toure-pose-un-autre-acte-pour-contrecarrer-la-3e-candidature-du-president-macky-sall\/"]}]},{"@type":"ImageObject","inLanguage":"fr-FR","@id":"https:\/\/www.public.sn\/index.php\/2023\/01\/31\/aminata-toure-pose-un-autre-acte-pour-contrecarrer-la-3e-candidature-du-president-macky-sall\/#primaryimage","url":"https:\/\/www.public.sn\/wp-content\/uploads\/2022\/09\/Aminata-Toure-new.jpg","contentUrl":"https:\/\/www.public.sn\/wp-content\/uploads\/2022\/09\/Aminata-Toure-new.jpg","width":700,"height":418},{"@type":"BreadcrumbList","@id":"https:\/\/www.public.sn\/index.php\/2023\/01\/31\/aminata-toure-pose-un-autre-acte-pour-contrecarrer-la-3e-candidature-du-president-macky-sall\/#breadcrumb","itemListElement":[{"@type":"ListItem","position":1,"name":"Accueil","item":"https:\/\/www.public.sn\/"},{"@type":"ListItem","position":2,"name":"Aminata Tour\u00e9 pose un autre acte pour contrecarrer la 3e candidature du pr\u00e9sident Macky Sall"}]},{"@type":"WebSite","@id":"https:\/\/www.public.sn\/#website","url":"https:\/\/www.public.sn\/","name":"LE PUBLIC","description":"","publisher":{"@id":"https:\/\/www.public.sn\/#organization"},"potentialAction":[{"@type":"SearchAction","target":{"@type":"EntryPoint","urlTemplate":"https:\/\/www.public.sn\/?s={search_term_string}"},"query-input":{"@type":"PropertyValueSpecification","valueRequired":true,"valueName":"search_term_string"}}],"inLanguage":"fr-FR"},{"@type":"Organization","@id":"https:\/\/www.public.sn\/#organization","name":"LE PUBLIC","url":"https:\/\/www.public.sn\/","logo":{"@type":"ImageObject","inLanguage":"fr-FR","@id":"https:\/\/www.public.sn\/#\/schema\/logo\/image\/","url":"https:\/\/www.public.sn\/wp-content\/uploads\/2024\/05\/cropped-LOGO-PUBLIC.SN_.png","contentUrl":"https:\/\/www.public.sn\/wp-content\/uploads\/2024\/05\/cropped-LOGO-PUBLIC.SN_.png","width":682,"height":192,"caption":"LE PUBLIC"},"image":{"@id":"https:\/\/www.public.sn\/#\/schema\/logo\/image\/"}},{"@type":"Person","@id":"https:\/\/www.public.sn\/#\/schema\/person\/e3f4a11b037d4203902db148f9bc8d5a","name":"LA REDACTION","image":{"@type":"ImageObject","inLanguage":"fr-FR","@id":"https:\/\/www.public.sn\/#\/schema\/person\/image\/","url":"https:\/\/secure.gravatar.com\/avatar\/d6c030db45db2883c075085c5d6c6258654a801a93766b49af0b82d4f454e2a5?s=96&d=mm&r=g","contentUrl":"https:\/\/secure.gravatar.com\/avatar\/d6c030db45db2883c075085c5d6c6258654a801a93766b49af0b82d4f454e2a5?s=96&d=mm&r=g","caption":"LA REDACTION"},"sameAs":["http:\/\/www.public.sn"],"url":"https:\/\/www.public.sn\/index.php\/author\/admin7324\/"}]}},"jetpack_featured_media_url":"https:\/\/www.public.sn\/wp-content\/uploads\/2022\/09\/Aminata-Toure-new.jpg","jetpack_sharing_enabled":true,"_links":{"self":[{"href":"https:\/\/www.public.sn\/index.php\/wp-json\/wp\/v2\/posts\/14646","targetHints":{"allow":["GET"]}}],"collection":[{"href":"https:\/\/www.public.sn\/index.php\/wp-json\/wp\/v2\/posts"}],"about":[{"href":"https:\/\/www.public.sn\/index.php\/wp-json\/wp\/v2\/types\/post"}],"author":[{"embeddable":true,"href":"https:\/\/www.public.sn\/index.php\/wp-json\/wp\/v2\/users\/1"}],"replies":[{"embeddable":true,"href":"https:\/\/www.public.sn\/index.php\/wp-json\/wp\/v2\/comments?post=14646"}],"version-history":[{"count":1,"href":"https:\/\/www.public.sn\/index.php\/wp-json\/wp\/v2\/posts\/14646\/revisions"}],"predecessor-version":[{"id":14647,"href":"https:\/\/www.public.sn\/index.php\/wp-json\/wp\/v2\/posts\/14646\/revisions\/14647"}],"wp:featuredmedia":[{"embeddable":true,"href":"https:\/\/www.public.sn\/index.php\/wp-json\/wp\/v2\/media\/2784"}],"wp:attachment":[{"href":"https:\/\/www.public.sn\/index.php\/wp-json\/wp\/v2\/media?parent=14646"}],"wp:term":[{"taxonomy":"category","embeddable":true,"href":"https:\/\/www.public.sn\/index.php\/wp-json\/wp\/v2\/categories?post=14646"},{"taxonomy":"post_tag","embeddable":true,"href":"https:\/\/www.public.sn\/index.php\/wp-json\/wp\/v2\/tags?post=14646"}],"curies":[{"name":"wp","href":"https:\/\/api.w.org\/{rel}","templated":true}]}}