{"id":1466,"date":"2022-09-07T17:48:58","date_gmt":"2022-09-07T15:48:58","guid":{"rendered":"https:\/\/www.public.sn\/?p=1466"},"modified":"2022-09-07T17:48:59","modified_gmt":"2022-09-07T15:48:59","slug":"me-diaraf-tuer-adji-sarr-attaquer-lautoroute-a-peage-le-ter-etaient-les-plans-de-force-speciale","status":"publish","type":"post","link":"https:\/\/www.public.sn\/index.php\/2022\/09\/07\/me-diaraf-tuer-adji-sarr-attaquer-lautoroute-a-peage-le-ter-etaient-les-plans-de-force-speciale\/","title":{"rendered":"Me Diaraf: \u201cTuer Adji Sarr,  attaquer l\u2019autoroute \u00e0 p\u00e9age, le Ter \u00e9taient les plans de \u00abforce sp\u00e9ciale\u00bb\u201d."},"content":{"rendered":"\n<p><strong>L\u2019affaire dite de la \u00ab&nbsp;Force Sp\u00e9ciale&nbsp;\u00bb s\u2019invite prestement \u00e0 l\u2019affaire&nbsp;Adji Sarr. En effet sur Walf TV, Me Diaraf d\u2019avancer qu\u2019Adji Sarr \u00e9tait la cible de la bande \u00e0 Ami Dia et Cie. &nbsp;<\/strong><\/p><div class=\"publi-paragraphe1\" style=\"margin-top: 10px;margin-bottom: 10px;margin-left: auto;margin-right: auto;text-align: center;\" id=\"publi-2296757389\"><div class=\"publi-adlabel\">Publicit\u00e9<\/div><script async src=\"\/\/pagead2.googlesyndication.com\/pagead\/js\/adsbygoogle.js?client=ca-pub-4089586018074219\" crossorigin=\"anonymous\"><\/script><ins class=\"adsbygoogle\" style=\"display:block;\" data-ad-client=\"ca-pub-4089586018074219\" \ndata-ad-slot=\"2087940154\" \ndata-ad-format=\"auto\"><\/ins>\n<script> \n(adsbygoogle = window.adsbygoogle || []).push({}); \n<\/script>\n<\/div>\n\n\n\n<p>Me Diaraf SOW Juriste et Pr\u00e9sident de l\u2019Alliance D\u00e9mocratique pour une Afrique \u00c9mergente\/ Joowl\u00e9ene (ADAE\/J) BBY est convaincu que les personnes arr\u00eat\u00e9es lors des derni\u00e8res manifestations de l\u2019opposition (<strong>Yewwi-Wallu<\/strong>) sont bel et bien m\u00eal\u00e9es aux accusations qui leur sont reproch\u00e9es.<\/p>\n\n\n\n<p>Toujours selon la robe noire, la bande \u00e0 Ami Dia avait pour intention d\u2019attaquer l\u2019autoroute \u00e0 p\u00e9age, le Ter, pis, de tuer Adji Sarr.<\/p>\n<div class=\"publi-apres-le-contenu\" style=\"margin-top: 10px;margin-bottom: 10px;margin-left: auto;margin-right: auto;text-align: center;\" id=\"publi-81429921\"><div class=\"publi-adlabel\">Publicit\u00e9<\/div><script async src=\"\/\/pagead2.googlesyndication.com\/pagead\/js\/adsbygoogle.js?client=ca-pub-4089586018074219\" crossorigin=\"anonymous\"><\/script><ins class=\"adsbygoogle\" style=\"display:block;\" data-ad-client=\"ca-pub-4089586018074219\" \ndata-ad-slot=\"2087940154\" \ndata-ad-format=\"auto\"><\/ins>\n<script> \n(adsbygoogle = window.adsbygoogle || []).push({}); \n<\/script>\n<\/div>","protected":false},"excerpt":{"rendered":"<p>L\u2019affaire dite de la \u00ab&nbsp;Force Sp\u00e9ciale&nbsp;\u00bb s\u2019invite prestement \u00e0 l\u2019affaire&nbsp;Adji Sarr. En effet sur Walf TV, Me Diaraf d\u2019avancer qu\u2019Adji Sarr \u00e9tait la cible de la bande \u00e0 Ami Dia et Cie. &nbsp; Me Diaraf SOW Juriste et Pr\u00e9sident de l\u2019Alliance D\u00e9mocratique pour une Afrique \u00c9mergente\/ Joowl\u00e9ene (ADAE\/J) BBY est convaincu que les personnes arr\u00eat\u00e9es lors des derni\u00e8res manifestations de l\u2019opposition (Yewwi-Wallu) sont bel et bien m\u00eal\u00e9es aux accusations qui leur sont reproch\u00e9es. Toujours selon la robe noire, la bande \u00e0 Ami Dia avait pour intention d\u2019attaquer l\u2019autoroute \u00e0 p\u00e9age, le Ter, pis, de tuer Adji Sarr.<\/p>\n","protected":false},"author":1,"featured_media":1467,"comment_status":"open","ping_status":"open","sticky":false,"template":"","format":"standard","meta":{"_jetpack_memberships_contains_paid_content":false,"footnotes":""},"categories":[375,376],"tags":[99,148,24,615],"class_list":["post-1466","post","type-post","status-publish","format-standard","has-post-thumbnail","hentry","category-actualites","category-securite-justice","tag-adji-sarr","tag-force-speciale","tag-justice","tag-me-diaraf","entry","has-media","owp-thumbs-layout-horizontal","owp-btn-normal","owp-tabs-layout-horizontal","has-no-thumbnails","has-product-nav"],"yoast_head":"<!-- This site is optimized with the Yoast SEO plugin v25.5 - https:\/\/yoast.com\/wordpress\/plugins\/seo\/ -->\n<title>Me Diaraf: \u201cTuer Adji Sarr, attaquer l\u2019autoroute \u00e0 p\u00e9age, le Ter \u00e9taient les plans de \u00abforce sp\u00e9ciale\u00bb\u201d. - LE PUBLIC<\/title>\n<meta name=\"robots\" content=\"index, follow, max-snippet:-1, max-image-preview:large, max-video-preview:-1\" \/>\n<link rel=\"canonical\" href=\"https:\/\/www.public.sn\/index.php\/2022\/09\/07\/me-diaraf-tuer-adji-sarr-attaquer-lautoroute-a-peage-le-ter-etaient-les-plans-de-force-speciale\/\" \/>\n<meta property=\"og:locale\" content=\"fr_FR\" \/>\n<meta property=\"og:type\" content=\"article\" \/>\n<meta property=\"og:title\" content=\"Me Diaraf: \u201cTuer Adji Sarr, attaquer l\u2019autoroute \u00e0 p\u00e9age, le Ter \u00e9taient les plans de \u00abforce sp\u00e9ciale\u00bb\u201d. - LE PUBLIC\" \/>\n<meta property=\"og:description\" content=\"L\u2019affaire dite de la \u00ab&nbsp;Force Sp\u00e9ciale&nbsp;\u00bb s\u2019invite prestement \u00e0 l\u2019affaire&nbsp;Adji Sarr. En effet sur Walf TV, Me Diaraf d\u2019avancer qu\u2019Adji Sarr \u00e9tait la cible de la bande \u00e0 Ami Dia et Cie. &nbsp; Me Diaraf SOW Juriste et Pr\u00e9sident de l\u2019Alliance D\u00e9mocratique pour une Afrique \u00c9mergente\/ Joowl\u00e9ene (ADAE\/J) BBY est convaincu que les personnes arr\u00eat\u00e9es lors des derni\u00e8res manifestations de l\u2019opposition (Yewwi-Wallu) sont bel et bien m\u00eal\u00e9es aux accusations qui leur sont reproch\u00e9es. Toujours selon la robe noire, la bande \u00e0 Ami Dia avait pour intention d\u2019attaquer l\u2019autoroute \u00e0 p\u00e9age, le Ter, pis, de tuer Adji Sarr.\" \/>\n<meta property=\"og:url\" content=\"https:\/\/www.public.sn\/index.php\/2022\/09\/07\/me-diaraf-tuer-adji-sarr-attaquer-lautoroute-a-peage-le-ter-etaient-les-plans-de-force-speciale\/\" \/>\n<meta property=\"og:site_name\" content=\"LE PUBLIC\" \/>\n<meta property=\"article:published_time\" content=\"2022-09-07T15:48:58+00:00\" \/>\n<meta property=\"article:modified_time\" content=\"2022-09-07T15:48:59+00:00\" \/>\n<meta property=\"og:image\" content=\"https:\/\/www.public.sn\/wp-content\/uploads\/2022\/09\/6AF45373-D65A-4659-9F8F-E3FB3840A217.jpeg\" \/>\n\t<meta property=\"og:image:width\" content=\"2000\" \/>\n\t<meta property=\"og:image:height\" content=\"1200\" \/>\n\t<meta property=\"og:image:type\" content=\"image\/jpeg\" \/>\n<meta name=\"author\" content=\"LA REDACTION\" \/>\n<meta name=\"twitter:card\" content=\"summary_large_image\" \/>\n<meta name=\"twitter:label1\" content=\"\u00c9crit par\" \/>\n\t<meta name=\"twitter:data1\" content=\"LA REDACTION\" \/>\n\t<meta name=\"twitter:label2\" content=\"Dur\u00e9e de lecture estim\u00e9e\" \/>\n\t<meta name=\"twitter:data2\" content=\"1 minute\" \/>\n<script type=\"application\/ld+json\" class=\"yoast-schema-graph\">{\"@context\":\"https:\/\/schema.org\",\"@graph\":[{\"@type\":\"Article\",\"@id\":\"https:\/\/www.public.sn\/index.php\/2022\/09\/07\/me-diaraf-tuer-adji-sarr-attaquer-lautoroute-a-peage-le-ter-etaient-les-plans-de-force-speciale\/#article\",\"isPartOf\":{\"@id\":\"https:\/\/www.public.sn\/index.php\/2022\/09\/07\/me-diaraf-tuer-adji-sarr-attaquer-lautoroute-a-peage-le-ter-etaient-les-plans-de-force-speciale\/\"},\"author\":{\"name\":\"LA REDACTION\",\"@id\":\"https:\/\/www.public.sn\/#\/schema\/person\/e3f4a11b037d4203902db148f9bc8d5a\"},\"headline\":\"Me Diaraf: \u201cTuer Adji Sarr, attaquer l\u2019autoroute \u00e0 p\u00e9age, le Ter \u00e9taient les plans de \u00abforce sp\u00e9ciale\u00bb\u201d.\",\"datePublished\":\"2022-09-07T15:48:58+00:00\",\"dateModified\":\"2022-09-07T15:48:59+00:00\",\"mainEntityOfPage\":{\"@id\":\"https:\/\/www.public.sn\/index.php\/2022\/09\/07\/me-diaraf-tuer-adji-sarr-attaquer-lautoroute-a-peage-le-ter-etaient-les-plans-de-force-speciale\/\"},\"wordCount\":137,\"commentCount\":0,\"publisher\":{\"@id\":\"https:\/\/www.public.sn\/#organization\"},\"image\":{\"@id\":\"https:\/\/www.public.sn\/index.php\/2022\/09\/07\/me-diaraf-tuer-adji-sarr-attaquer-lautoroute-a-peage-le-ter-etaient-les-plans-de-force-speciale\/#primaryimage\"},\"thumbnailUrl\":\"https:\/\/www.public.sn\/wp-content\/uploads\/2022\/09\/6AF45373-D65A-4659-9F8F-E3FB3840A217.jpeg\",\"keywords\":[\"Adji Sarr\",\"Force Sp\u00e9ciale\",\"Justice\",\"Me diaraf\"],\"articleSection\":[\"ACTUALIT\u00c9S\",\"S\u00c9CURIT\u00c9 &amp; JUSTICE\"],\"inLanguage\":\"fr-FR\",\"potentialAction\":[{\"@type\":\"CommentAction\",\"name\":\"Comment\",\"target\":[\"https:\/\/www.public.sn\/index.php\/2022\/09\/07\/me-diaraf-tuer-adji-sarr-attaquer-lautoroute-a-peage-le-ter-etaient-les-plans-de-force-speciale\/#respond\"]}]},{\"@type\":\"WebPage\",\"@id\":\"https:\/\/www.public.sn\/index.php\/2022\/09\/07\/me-diaraf-tuer-adji-sarr-attaquer-lautoroute-a-peage-le-ter-etaient-les-plans-de-force-speciale\/\",\"url\":\"https:\/\/www.public.sn\/index.php\/2022\/09\/07\/me-diaraf-tuer-adji-sarr-attaquer-lautoroute-a-peage-le-ter-etaient-les-plans-de-force-speciale\/\",\"name\":\"Me Diaraf: \u201cTuer Adji Sarr, attaquer l\u2019autoroute \u00e0 p\u00e9age, le Ter \u00e9taient les plans de \u00abforce sp\u00e9ciale\u00bb\u201d. - LE PUBLIC\",\"isPartOf\":{\"@id\":\"https:\/\/www.public.sn\/#website\"},\"primaryImageOfPage\":{\"@id\":\"https:\/\/www.public.sn\/index.php\/2022\/09\/07\/me-diaraf-tuer-adji-sarr-attaquer-lautoroute-a-peage-le-ter-etaient-les-plans-de-force-speciale\/#primaryimage\"},\"image\":{\"@id\":\"https:\/\/www.public.sn\/index.php\/2022\/09\/07\/me-diaraf-tuer-adji-sarr-attaquer-lautoroute-a-peage-le-ter-etaient-les-plans-de-force-speciale\/#primaryimage\"},\"thumbnailUrl\":\"https:\/\/www.public.sn\/wp-content\/uploads\/2022\/09\/6AF45373-D65A-4659-9F8F-E3FB3840A217.jpeg\",\"datePublished\":\"2022-09-07T15:48:58+00:00\",\"dateModified\":\"2022-09-07T15:48:59+00:00\",\"breadcrumb\":{\"@id\":\"https:\/\/www.public.sn\/index.php\/2022\/09\/07\/me-diaraf-tuer-adji-sarr-attaquer-lautoroute-a-peage-le-ter-etaient-les-plans-de-force-speciale\/#breadcrumb\"},\"inLanguage\":\"fr-FR\",\"potentialAction\":[{\"@type\":\"ReadAction\",\"target\":[\"https:\/\/www.public.sn\/index.php\/2022\/09\/07\/me-diaraf-tuer-adji-sarr-attaquer-lautoroute-a-peage-le-ter-etaient-les-plans-de-force-speciale\/\"]}]},{\"@type\":\"ImageObject\",\"inLanguage\":\"fr-FR\",\"@id\":\"https:\/\/www.public.sn\/index.php\/2022\/09\/07\/me-diaraf-tuer-adji-sarr-attaquer-lautoroute-a-peage-le-ter-etaient-les-plans-de-force-speciale\/#primaryimage\",\"url\":\"https:\/\/www.public.sn\/wp-content\/uploads\/2022\/09\/6AF45373-D65A-4659-9F8F-E3FB3840A217.jpeg\",\"contentUrl\":\"https:\/\/www.public.sn\/wp-content\/uploads\/2022\/09\/6AF45373-D65A-4659-9F8F-E3FB3840A217.jpeg\",\"width\":2000,\"height\":1200},{\"@type\":\"BreadcrumbList\",\"@id\":\"https:\/\/www.public.sn\/index.php\/2022\/09\/07\/me-diaraf-tuer-adji-sarr-attaquer-lautoroute-a-peage-le-ter-etaient-les-plans-de-force-speciale\/#breadcrumb\",\"itemListElement\":[{\"@type\":\"ListItem\",\"position\":1,\"name\":\"Accueil\",\"item\":\"https:\/\/www.public.sn\/\"},{\"@type\":\"ListItem\",\"position\":2,\"name\":\"Me Diaraf: \u201cTuer Adji Sarr, attaquer l\u2019autoroute \u00e0 p\u00e9age, le Ter \u00e9taient les plans de \u00abforce sp\u00e9ciale\u00bb\u201d.\"}]},{\"@type\":\"WebSite\",\"@id\":\"https:\/\/www.public.sn\/#website\",\"url\":\"https:\/\/www.public.sn\/\",\"name\":\"LE PUBLIC\",\"description\":\"\",\"publisher\":{\"@id\":\"https:\/\/www.public.sn\/#organization\"},\"potentialAction\":[{\"@type\":\"SearchAction\",\"target\":{\"@type\":\"EntryPoint\",\"urlTemplate\":\"https:\/\/www.public.sn\/?s={search_term_string}\"},\"query-input\":{\"@type\":\"PropertyValueSpecification\",\"valueRequired\":true,\"valueName\":\"search_term_string\"}}],\"inLanguage\":\"fr-FR\"},{\"@type\":\"Organization\",\"@id\":\"https:\/\/www.public.sn\/#organization\",\"name\":\"LE PUBLIC\",\"url\":\"https:\/\/www.public.sn\/\",\"logo\":{\"@type\":\"ImageObject\",\"inLanguage\":\"fr-FR\",\"@id\":\"https:\/\/www.public.sn\/#\/schema\/logo\/image\/\",\"url\":\"https:\/\/www.public.sn\/wp-content\/uploads\/2024\/05\/cropped-LOGO-PUBLIC.SN_.png\",\"contentUrl\":\"https:\/\/www.public.sn\/wp-content\/uploads\/2024\/05\/cropped-LOGO-PUBLIC.SN_.png\",\"width\":682,\"height\":192,\"caption\":\"LE PUBLIC\"},\"image\":{\"@id\":\"https:\/\/www.public.sn\/#\/schema\/logo\/image\/\"}},{\"@type\":\"Person\",\"@id\":\"https:\/\/www.public.sn\/#\/schema\/person\/e3f4a11b037d4203902db148f9bc8d5a\",\"name\":\"LA REDACTION\",\"image\":{\"@type\":\"ImageObject\",\"inLanguage\":\"fr-FR\",\"@id\":\"https:\/\/www.public.sn\/#\/schema\/person\/image\/\",\"url\":\"https:\/\/secure.gravatar.com\/avatar\/d6c030db45db2883c075085c5d6c6258654a801a93766b49af0b82d4f454e2a5?s=96&d=mm&r=g\",\"contentUrl\":\"https:\/\/secure.gravatar.com\/avatar\/d6c030db45db2883c075085c5d6c6258654a801a93766b49af0b82d4f454e2a5?s=96&d=mm&r=g\",\"caption\":\"LA REDACTION\"},\"sameAs\":[\"http:\/\/www.public.sn\"],\"url\":\"https:\/\/www.public.sn\/index.php\/author\/admin7324\/\"}]}<\/script>\n<!-- \/ Yoast SEO plugin. -->","yoast_head_json":{"title":"Me Diaraf: \u201cTuer Adji Sarr, attaquer l\u2019autoroute \u00e0 p\u00e9age, le Ter \u00e9taient les plans de \u00abforce sp\u00e9ciale\u00bb\u201d. - LE PUBLIC","robots":{"index":"index","follow":"follow","max-snippet":"max-snippet:-1","max-image-preview":"max-image-preview:large","max-video-preview":"max-video-preview:-1"},"canonical":"https:\/\/www.public.sn\/index.php\/2022\/09\/07\/me-diaraf-tuer-adji-sarr-attaquer-lautoroute-a-peage-le-ter-etaient-les-plans-de-force-speciale\/","og_locale":"fr_FR","og_type":"article","og_title":"Me Diaraf: \u201cTuer Adji Sarr, attaquer l\u2019autoroute \u00e0 p\u00e9age, le Ter \u00e9taient les plans de \u00abforce sp\u00e9ciale\u00bb\u201d. - LE PUBLIC","og_description":"L\u2019affaire dite de la \u00ab&nbsp;Force Sp\u00e9ciale&nbsp;\u00bb s\u2019invite prestement \u00e0 l\u2019affaire&nbsp;Adji Sarr. En effet sur Walf TV, Me Diaraf d\u2019avancer qu\u2019Adji Sarr \u00e9tait la cible de la bande \u00e0 Ami Dia et Cie. &nbsp; Me Diaraf SOW Juriste et Pr\u00e9sident de l\u2019Alliance D\u00e9mocratique pour une Afrique \u00c9mergente\/ Joowl\u00e9ene (ADAE\/J) BBY est convaincu que les personnes arr\u00eat\u00e9es lors des derni\u00e8res manifestations de l\u2019opposition (Yewwi-Wallu) sont bel et bien m\u00eal\u00e9es aux accusations qui leur sont reproch\u00e9es. Toujours selon la robe noire, la bande \u00e0 Ami Dia avait pour intention d\u2019attaquer l\u2019autoroute \u00e0 p\u00e9age, le Ter, pis, de tuer Adji Sarr.","og_url":"https:\/\/www.public.sn\/index.php\/2022\/09\/07\/me-diaraf-tuer-adji-sarr-attaquer-lautoroute-a-peage-le-ter-etaient-les-plans-de-force-speciale\/","og_site_name":"LE PUBLIC","article_published_time":"2022-09-07T15:48:58+00:00","article_modified_time":"2022-09-07T15:48:59+00:00","og_image":[{"width":2000,"height":1200,"url":"https:\/\/www.public.sn\/wp-content\/uploads\/2022\/09\/6AF45373-D65A-4659-9F8F-E3FB3840A217.jpeg","type":"image\/jpeg"}],"author":"LA REDACTION","twitter_card":"summary_large_image","twitter_misc":{"\u00c9crit par":"LA REDACTION","Dur\u00e9e de lecture estim\u00e9e":"1 minute"},"schema":{"@context":"https:\/\/schema.org","@graph":[{"@type":"Article","@id":"https:\/\/www.public.sn\/index.php\/2022\/09\/07\/me-diaraf-tuer-adji-sarr-attaquer-lautoroute-a-peage-le-ter-etaient-les-plans-de-force-speciale\/#article","isPartOf":{"@id":"https:\/\/www.public.sn\/index.php\/2022\/09\/07\/me-diaraf-tuer-adji-sarr-attaquer-lautoroute-a-peage-le-ter-etaient-les-plans-de-force-speciale\/"},"author":{"name":"LA REDACTION","@id":"https:\/\/www.public.sn\/#\/schema\/person\/e3f4a11b037d4203902db148f9bc8d5a"},"headline":"Me Diaraf: \u201cTuer Adji Sarr, attaquer l\u2019autoroute \u00e0 p\u00e9age, le Ter \u00e9taient les plans de \u00abforce sp\u00e9ciale\u00bb\u201d.","datePublished":"2022-09-07T15:48:58+00:00","dateModified":"2022-09-07T15:48:59+00:00","mainEntityOfPage":{"@id":"https:\/\/www.public.sn\/index.php\/2022\/09\/07\/me-diaraf-tuer-adji-sarr-attaquer-lautoroute-a-peage-le-ter-etaient-les-plans-de-force-speciale\/"},"wordCount":137,"commentCount":0,"publisher":{"@id":"https:\/\/www.public.sn\/#organization"},"image":{"@id":"https:\/\/www.public.sn\/index.php\/2022\/09\/07\/me-diaraf-tuer-adji-sarr-attaquer-lautoroute-a-peage-le-ter-etaient-les-plans-de-force-speciale\/#primaryimage"},"thumbnailUrl":"https:\/\/www.public.sn\/wp-content\/uploads\/2022\/09\/6AF45373-D65A-4659-9F8F-E3FB3840A217.jpeg","keywords":["Adji Sarr","Force Sp\u00e9ciale","Justice","Me diaraf"],"articleSection":["ACTUALIT\u00c9S","S\u00c9CURIT\u00c9 &amp; JUSTICE"],"inLanguage":"fr-FR","potentialAction":[{"@type":"CommentAction","name":"Comment","target":["https:\/\/www.public.sn\/index.php\/2022\/09\/07\/me-diaraf-tuer-adji-sarr-attaquer-lautoroute-a-peage-le-ter-etaient-les-plans-de-force-speciale\/#respond"]}]},{"@type":"WebPage","@id":"https:\/\/www.public.sn\/index.php\/2022\/09\/07\/me-diaraf-tuer-adji-sarr-attaquer-lautoroute-a-peage-le-ter-etaient-les-plans-de-force-speciale\/","url":"https:\/\/www.public.sn\/index.php\/2022\/09\/07\/me-diaraf-tuer-adji-sarr-attaquer-lautoroute-a-peage-le-ter-etaient-les-plans-de-force-speciale\/","name":"Me Diaraf: \u201cTuer Adji Sarr, attaquer l\u2019autoroute \u00e0 p\u00e9age, le Ter \u00e9taient les plans de \u00abforce sp\u00e9ciale\u00bb\u201d. - LE PUBLIC","isPartOf":{"@id":"https:\/\/www.public.sn\/#website"},"primaryImageOfPage":{"@id":"https:\/\/www.public.sn\/index.php\/2022\/09\/07\/me-diaraf-tuer-adji-sarr-attaquer-lautoroute-a-peage-le-ter-etaient-les-plans-de-force-speciale\/#primaryimage"},"image":{"@id":"https:\/\/www.public.sn\/index.php\/2022\/09\/07\/me-diaraf-tuer-adji-sarr-attaquer-lautoroute-a-peage-le-ter-etaient-les-plans-de-force-speciale\/#primaryimage"},"thumbnailUrl":"https:\/\/www.public.sn\/wp-content\/uploads\/2022\/09\/6AF45373-D65A-4659-9F8F-E3FB3840A217.jpeg","datePublished":"2022-09-07T15:48:58+00:00","dateModified":"2022-09-07T15:48:59+00:00","breadcrumb":{"@id":"https:\/\/www.public.sn\/index.php\/2022\/09\/07\/me-diaraf-tuer-adji-sarr-attaquer-lautoroute-a-peage-le-ter-etaient-les-plans-de-force-speciale\/#breadcrumb"},"inLanguage":"fr-FR","potentialAction":[{"@type":"ReadAction","target":["https:\/\/www.public.sn\/index.php\/2022\/09\/07\/me-diaraf-tuer-adji-sarr-attaquer-lautoroute-a-peage-le-ter-etaient-les-plans-de-force-speciale\/"]}]},{"@type":"ImageObject","inLanguage":"fr-FR","@id":"https:\/\/www.public.sn\/index.php\/2022\/09\/07\/me-diaraf-tuer-adji-sarr-attaquer-lautoroute-a-peage-le-ter-etaient-les-plans-de-force-speciale\/#primaryimage","url":"https:\/\/www.public.sn\/wp-content\/uploads\/2022\/09\/6AF45373-D65A-4659-9F8F-E3FB3840A217.jpeg","contentUrl":"https:\/\/www.public.sn\/wp-content\/uploads\/2022\/09\/6AF45373-D65A-4659-9F8F-E3FB3840A217.jpeg","width":2000,"height":1200},{"@type":"BreadcrumbList","@id":"https:\/\/www.public.sn\/index.php\/2022\/09\/07\/me-diaraf-tuer-adji-sarr-attaquer-lautoroute-a-peage-le-ter-etaient-les-plans-de-force-speciale\/#breadcrumb","itemListElement":[{"@type":"ListItem","position":1,"name":"Accueil","item":"https:\/\/www.public.sn\/"},{"@type":"ListItem","position":2,"name":"Me Diaraf: \u201cTuer Adji Sarr, attaquer l\u2019autoroute \u00e0 p\u00e9age, le Ter \u00e9taient les plans de \u00abforce sp\u00e9ciale\u00bb\u201d."}]},{"@type":"WebSite","@id":"https:\/\/www.public.sn\/#website","url":"https:\/\/www.public.sn\/","name":"LE PUBLIC","description":"","publisher":{"@id":"https:\/\/www.public.sn\/#organization"},"potentialAction":[{"@type":"SearchAction","target":{"@type":"EntryPoint","urlTemplate":"https:\/\/www.public.sn\/?s={search_term_string}"},"query-input":{"@type":"PropertyValueSpecification","valueRequired":true,"valueName":"search_term_string"}}],"inLanguage":"fr-FR"},{"@type":"Organization","@id":"https:\/\/www.public.sn\/#organization","name":"LE PUBLIC","url":"https:\/\/www.public.sn\/","logo":{"@type":"ImageObject","inLanguage":"fr-FR","@id":"https:\/\/www.public.sn\/#\/schema\/logo\/image\/","url":"https:\/\/www.public.sn\/wp-content\/uploads\/2024\/05\/cropped-LOGO-PUBLIC.SN_.png","contentUrl":"https:\/\/www.public.sn\/wp-content\/uploads\/2024\/05\/cropped-LOGO-PUBLIC.SN_.png","width":682,"height":192,"caption":"LE PUBLIC"},"image":{"@id":"https:\/\/www.public.sn\/#\/schema\/logo\/image\/"}},{"@type":"Person","@id":"https:\/\/www.public.sn\/#\/schema\/person\/e3f4a11b037d4203902db148f9bc8d5a","name":"LA REDACTION","image":{"@type":"ImageObject","inLanguage":"fr-FR","@id":"https:\/\/www.public.sn\/#\/schema\/person\/image\/","url":"https:\/\/secure.gravatar.com\/avatar\/d6c030db45db2883c075085c5d6c6258654a801a93766b49af0b82d4f454e2a5?s=96&d=mm&r=g","contentUrl":"https:\/\/secure.gravatar.com\/avatar\/d6c030db45db2883c075085c5d6c6258654a801a93766b49af0b82d4f454e2a5?s=96&d=mm&r=g","caption":"LA REDACTION"},"sameAs":["http:\/\/www.public.sn"],"url":"https:\/\/www.public.sn\/index.php\/author\/admin7324\/"}]}},"jetpack_featured_media_url":"https:\/\/www.public.sn\/wp-content\/uploads\/2022\/09\/6AF45373-D65A-4659-9F8F-E3FB3840A217.jpeg","jetpack_sharing_enabled":true,"_links":{"self":[{"href":"https:\/\/www.public.sn\/index.php\/wp-json\/wp\/v2\/posts\/1466","targetHints":{"allow":["GET"]}}],"collection":[{"href":"https:\/\/www.public.sn\/index.php\/wp-json\/wp\/v2\/posts"}],"about":[{"href":"https:\/\/www.public.sn\/index.php\/wp-json\/wp\/v2\/types\/post"}],"author":[{"embeddable":true,"href":"https:\/\/www.public.sn\/index.php\/wp-json\/wp\/v2\/users\/1"}],"replies":[{"embeddable":true,"href":"https:\/\/www.public.sn\/index.php\/wp-json\/wp\/v2\/comments?post=1466"}],"version-history":[{"count":1,"href":"https:\/\/www.public.sn\/index.php\/wp-json\/wp\/v2\/posts\/1466\/revisions"}],"predecessor-version":[{"id":1468,"href":"https:\/\/www.public.sn\/index.php\/wp-json\/wp\/v2\/posts\/1466\/revisions\/1468"}],"wp:featuredmedia":[{"embeddable":true,"href":"https:\/\/www.public.sn\/index.php\/wp-json\/wp\/v2\/media\/1467"}],"wp:attachment":[{"href":"https:\/\/www.public.sn\/index.php\/wp-json\/wp\/v2\/media?parent=1466"}],"wp:term":[{"taxonomy":"category","embeddable":true,"href":"https:\/\/www.public.sn\/index.php\/wp-json\/wp\/v2\/categories?post=1466"},{"taxonomy":"post_tag","embeddable":true,"href":"https:\/\/www.public.sn\/index.php\/wp-json\/wp\/v2\/tags?post=1466"}],"curies":[{"name":"wp","href":"https:\/\/api.w.org\/{rel}","templated":true}]}}