{"id":1469,"date":"2022-09-07T18:02:30","date_gmt":"2022-09-07T16:02:30","guid":{"rendered":"https:\/\/www.public.sn\/?p=1469"},"modified":"2022-09-07T18:02:31","modified_gmt":"2022-09-07T16:02:31","slug":"serigne-mbacke-ndiaye-tous-sont-autour-de-macky-sall-il-ne-manque-me-wade-pour","status":"publish","type":"post","link":"https:\/\/www.public.sn\/index.php\/2022\/09\/07\/serigne-mbacke-ndiaye-tous-sont-autour-de-macky-sall-il-ne-manque-me-wade-pour\/","title":{"rendered":"S\u00e9rigne Mback\u00e9 Ndiaye: \u201cTous sont autour de Macky Sall. Il ne manque Me Wade pour\u2026\u201d."},"content":{"rendered":"\n<p><strong>Les retrouvailles de la grande famille lib\u00e9rale vont bient\u00f4t se concr\u00e9tiser. Du moins, c\u2019est l\u2019avis de Serigne Mback\u00e9 Ndiaye, ancien porte-parole de Me Wade. <\/strong><br>Interpell\u00e9 sur le silence du Pape du sopi \u00e0 cet effet, il d\u00e9clare sans ambages que c\u2019est une forme de communication.<\/p><div class=\"publi-paragraphe1\" style=\"margin-top: 10px;margin-bottom: 10px;margin-left: auto;margin-right: auto;text-align: center;\" id=\"publi-3844737755\"><div class=\"publi-adlabel\">Publicit\u00e9<\/div><script async src=\"\/\/pagead2.googlesyndication.com\/pagead\/js\/adsbygoogle.js?client=ca-pub-4089586018074219\" crossorigin=\"anonymous\"><\/script><ins class=\"adsbygoogle\" style=\"display:block;\" data-ad-client=\"ca-pub-4089586018074219\" \ndata-ad-slot=\"2087940154\" \ndata-ad-format=\"auto\"><\/ins>\n<script> \n(adsbygoogle = window.adsbygoogle || []).push({}); \n<\/script>\n<\/div>\n\n\n\n<p>Ne voulant pas entrer dans les d\u00e9tails car estimant ne plus \u00eatre au Pds, l\u2019ancien ministre conseiller d\u2019ajouter qu\u2019il a la l\u00e9gitimit\u00e9 d\u2019en parler tout de m\u00eame.<\/p>\n\n\n\n<p>Ainsi, apr\u00e8s avoir affirm\u00e9 que la gauche, la famille politique de Senghor et celle de Me Wade ne doivent pas mourir dans notre pays, il explique que les retrouvailles de la grande famille lib\u00e9rale sont en phase de parach\u00e8vement. <\/p>\n\n\n\n<p>Pour l\u2019heure, il indique qu\u2019il n\u2019ya que Me Wade qui manque \u00e0 l\u2019appel, tous les autres sont presque autour de Macky Sall. Mais il ajoute que le \u00ab plat \u00bb a besoin de sel.<\/p>\n\n\n\n<p><em>\u201cC\u2019est l\u2019occasion pour moi de rappeler ces chantiers qui m\u2019ont valu dans la pass\u00e9 des critiques et plus que des critiques, des d\u00e9nigrements. Ils ont pour noms : retrouvailles de la famille lib\u00e9rale ,gr\u00e2ce pr\u00e9sidentielle pour Karim Wade, le jour m\u00eame de sa condamnation, j\u2019\u00e9tais sur le plateau d\u2019une t\u00e9l\u00e9vision de la place.<\/em><\/p>\n\n\n\n<p><em>Amnistie dont pourrait b\u00e9n\u00e9ficier Karim Wade et Khalifa Sall<\/em>\u201d.<\/p>\n\n\n\n<p>Et Serigne Mback\u00e9 Ndiaye d\u2019expliquer qu\u2019il ne va pas exposer ici toutes les d\u00e9marches qu\u2019il a eu \u00e0 effectuer dans ce sens.(\u2026),note Vox Populi.<\/p>\n<div class=\"publi-apres-le-contenu\" style=\"margin-top: 10px;margin-bottom: 10px;margin-left: auto;margin-right: auto;text-align: center;\" id=\"publi-2842575181\"><div class=\"publi-adlabel\">Publicit\u00e9<\/div><script async src=\"\/\/pagead2.googlesyndication.com\/pagead\/js\/adsbygoogle.js?client=ca-pub-4089586018074219\" crossorigin=\"anonymous\"><\/script><ins class=\"adsbygoogle\" style=\"display:block;\" data-ad-client=\"ca-pub-4089586018074219\" \ndata-ad-slot=\"2087940154\" \ndata-ad-format=\"auto\"><\/ins>\n<script> \n(adsbygoogle = window.adsbygoogle || []).push({}); \n<\/script>\n<\/div>","protected":false},"excerpt":{"rendered":"<p>Les retrouvailles de la grande famille lib\u00e9rale vont bient\u00f4t se concr\u00e9tiser. Du moins, c\u2019est l\u2019avis de Serigne Mback\u00e9 Ndiaye, ancien porte-parole de Me Wade. Interpell\u00e9 sur le silence du Pape du sopi \u00e0 cet effet, il d\u00e9clare sans ambages que c\u2019est une forme de communication. Ne voulant pas entrer dans les d\u00e9tails car estimant ne plus \u00eatre au Pds, l\u2019ancien ministre conseiller d\u2019ajouter qu\u2019il a la l\u00e9gitimit\u00e9 d\u2019en parler tout de m\u00eame. Ainsi, apr\u00e8s avoir affirm\u00e9 que la gauche, la famille politique de Senghor et celle de Me Wade ne doivent pas mourir dans notre pays, il explique que les retrouvailles de la grande famille lib\u00e9rale sont en phase de parach\u00e8vement. Pour l\u2019heure, il indique qu\u2019il n\u2019ya que Me Wade qui manque \u00e0 l\u2019appel, tous les autres sont presque autour de Macky Sall. Mais il ajoute que le \u00ab plat \u00bb a besoin de sel. \u201cC\u2019est l\u2019occasion pour moi de rappeler ces chantiers qui m\u2019ont valu dans la pass\u00e9 des critiques et plus que des critiques, des d\u00e9nigrements. Ils ont pour noms : retrouvailles de la famille lib\u00e9rale ,gr\u00e2ce pr\u00e9sidentielle pour Karim Wade, le jour m\u00eame de sa condamnation, j\u2019\u00e9tais sur le plateau d\u2019une t\u00e9l\u00e9vision de la place. Amnistie dont pourrait b\u00e9n\u00e9ficier Karim Wade et Khalifa Sall\u201d. Et Serigne Mback\u00e9 Ndiaye d\u2019expliquer qu\u2019il ne va pas exposer ici toutes les d\u00e9marches qu\u2019il a eu \u00e0 effectuer dans ce sens.(\u2026),note Vox Populi.<\/p>\n","protected":false},"author":1,"featured_media":1470,"comment_status":"open","ping_status":"open","sticky":false,"template":"","format":"standard","meta":{"_jetpack_memberships_contains_paid_content":false,"footnotes":""},"categories":[3],"tags":[11,618,617,616],"class_list":["post-1469","post","type-post","status-publish","format-standard","has-post-thumbnail","hentry","category-politique","tag-macky-sall","tag-me-wade","tag-retrouvailles-liberales","tag-serigne-mbacke-ndiaye-2","entry","has-media","owp-thumbs-layout-horizontal","owp-btn-normal","owp-tabs-layout-horizontal","has-no-thumbnails","has-product-nav"],"yoast_head":"<!-- This site is optimized with the Yoast SEO plugin v25.5 - https:\/\/yoast.com\/wordpress\/plugins\/seo\/ -->\n<title>S\u00e9rigne Mback\u00e9 Ndiaye: \u201cTous sont autour de Macky Sall. Il ne manque Me Wade pour\u2026\u201d. - LE PUBLIC<\/title>\n<meta name=\"robots\" content=\"index, follow, max-snippet:-1, max-image-preview:large, max-video-preview:-1\" \/>\n<link rel=\"canonical\" href=\"https:\/\/www.public.sn\/index.php\/2022\/09\/07\/serigne-mbacke-ndiaye-tous-sont-autour-de-macky-sall-il-ne-manque-me-wade-pour\/\" \/>\n<meta property=\"og:locale\" content=\"fr_FR\" \/>\n<meta property=\"og:type\" content=\"article\" \/>\n<meta property=\"og:title\" content=\"S\u00e9rigne Mback\u00e9 Ndiaye: \u201cTous sont autour de Macky Sall. Il ne manque Me Wade pour\u2026\u201d. - LE PUBLIC\" \/>\n<meta property=\"og:description\" content=\"Les retrouvailles de la grande famille lib\u00e9rale vont bient\u00f4t se concr\u00e9tiser. Du moins, c\u2019est l\u2019avis de Serigne Mback\u00e9 Ndiaye, ancien porte-parole de Me Wade. Interpell\u00e9 sur le silence du Pape du sopi \u00e0 cet effet, il d\u00e9clare sans ambages que c\u2019est une forme de communication. Ne voulant pas entrer dans les d\u00e9tails car estimant ne plus \u00eatre au Pds, l\u2019ancien ministre conseiller d\u2019ajouter qu\u2019il a la l\u00e9gitimit\u00e9 d\u2019en parler tout de m\u00eame. Ainsi, apr\u00e8s avoir affirm\u00e9 que la gauche, la famille politique de Senghor et celle de Me Wade ne doivent pas mourir dans notre pays, il explique que les retrouvailles de la grande famille lib\u00e9rale sont en phase de parach\u00e8vement. Pour l\u2019heure, il indique qu\u2019il n\u2019ya que Me Wade qui manque \u00e0 l\u2019appel, tous les autres sont presque autour de Macky Sall. Mais il ajoute que le \u00ab plat \u00bb a besoin de sel. \u201cC\u2019est l\u2019occasion pour moi de rappeler ces chantiers qui m\u2019ont valu dans la pass\u00e9 des critiques et plus que des critiques, des d\u00e9nigrements. Ils ont pour noms : retrouvailles de la famille lib\u00e9rale ,gr\u00e2ce pr\u00e9sidentielle pour Karim Wade, le jour m\u00eame de sa condamnation, j\u2019\u00e9tais sur le plateau d\u2019une t\u00e9l\u00e9vision de la place. Amnistie dont pourrait b\u00e9n\u00e9ficier Karim Wade et Khalifa Sall\u201d. Et Serigne Mback\u00e9 Ndiaye d\u2019expliquer qu\u2019il ne va pas exposer ici toutes les d\u00e9marches qu\u2019il a eu \u00e0 effectuer dans ce sens.(\u2026),note Vox Populi.\" \/>\n<meta property=\"og:url\" content=\"https:\/\/www.public.sn\/index.php\/2022\/09\/07\/serigne-mbacke-ndiaye-tous-sont-autour-de-macky-sall-il-ne-manque-me-wade-pour\/\" \/>\n<meta property=\"og:site_name\" content=\"LE PUBLIC\" \/>\n<meta property=\"article:published_time\" content=\"2022-09-07T16:02:30+00:00\" \/>\n<meta property=\"article:modified_time\" content=\"2022-09-07T16:02:31+00:00\" \/>\n<meta property=\"og:image\" content=\"https:\/\/www.public.sn\/wp-content\/uploads\/2022\/09\/2B8DB317-C6D4-4589-92B3-5A595A6EABCB.png\" \/>\n\t<meta property=\"og:image:width\" content=\"660\" \/>\n\t<meta property=\"og:image:height\" content=\"430\" \/>\n\t<meta property=\"og:image:type\" content=\"image\/png\" \/>\n<meta name=\"author\" content=\"LA REDACTION\" \/>\n<meta name=\"twitter:card\" content=\"summary_large_image\" \/>\n<meta name=\"twitter:label1\" content=\"\u00c9crit par\" \/>\n\t<meta name=\"twitter:data1\" content=\"LA REDACTION\" \/>\n\t<meta name=\"twitter:label2\" content=\"Dur\u00e9e de lecture estim\u00e9e\" \/>\n\t<meta name=\"twitter:data2\" content=\"2 minutes\" \/>\n<script type=\"application\/ld+json\" class=\"yoast-schema-graph\">{\"@context\":\"https:\/\/schema.org\",\"@graph\":[{\"@type\":\"Article\",\"@id\":\"https:\/\/www.public.sn\/index.php\/2022\/09\/07\/serigne-mbacke-ndiaye-tous-sont-autour-de-macky-sall-il-ne-manque-me-wade-pour\/#article\",\"isPartOf\":{\"@id\":\"https:\/\/www.public.sn\/index.php\/2022\/09\/07\/serigne-mbacke-ndiaye-tous-sont-autour-de-macky-sall-il-ne-manque-me-wade-pour\/\"},\"author\":{\"name\":\"LA REDACTION\",\"@id\":\"https:\/\/www.public.sn\/#\/schema\/person\/e3f4a11b037d4203902db148f9bc8d5a\"},\"headline\":\"S\u00e9rigne Mback\u00e9 Ndiaye: \u201cTous sont autour de Macky Sall. Il ne manque Me Wade pour\u2026\u201d.\",\"datePublished\":\"2022-09-07T16:02:30+00:00\",\"dateModified\":\"2022-09-07T16:02:31+00:00\",\"mainEntityOfPage\":{\"@id\":\"https:\/\/www.public.sn\/index.php\/2022\/09\/07\/serigne-mbacke-ndiaye-tous-sont-autour-de-macky-sall-il-ne-manque-me-wade-pour\/\"},\"wordCount\":281,\"commentCount\":0,\"publisher\":{\"@id\":\"https:\/\/www.public.sn\/#organization\"},\"image\":{\"@id\":\"https:\/\/www.public.sn\/index.php\/2022\/09\/07\/serigne-mbacke-ndiaye-tous-sont-autour-de-macky-sall-il-ne-manque-me-wade-pour\/#primaryimage\"},\"thumbnailUrl\":\"https:\/\/www.public.sn\/wp-content\/uploads\/2022\/09\/2B8DB317-C6D4-4589-92B3-5A595A6EABCB.png\",\"keywords\":[\"Macky Sall\",\"Me Wade\",\"Retrouvailles lib\u00e9rales\",\"Serigne Mback\u00e9 Ndiaye\"],\"articleSection\":[\"POLITIQUE\"],\"inLanguage\":\"fr-FR\",\"potentialAction\":[{\"@type\":\"CommentAction\",\"name\":\"Comment\",\"target\":[\"https:\/\/www.public.sn\/index.php\/2022\/09\/07\/serigne-mbacke-ndiaye-tous-sont-autour-de-macky-sall-il-ne-manque-me-wade-pour\/#respond\"]}]},{\"@type\":\"WebPage\",\"@id\":\"https:\/\/www.public.sn\/index.php\/2022\/09\/07\/serigne-mbacke-ndiaye-tous-sont-autour-de-macky-sall-il-ne-manque-me-wade-pour\/\",\"url\":\"https:\/\/www.public.sn\/index.php\/2022\/09\/07\/serigne-mbacke-ndiaye-tous-sont-autour-de-macky-sall-il-ne-manque-me-wade-pour\/\",\"name\":\"S\u00e9rigne Mback\u00e9 Ndiaye: \u201cTous sont autour de Macky Sall. Il ne manque Me Wade pour\u2026\u201d. - LE PUBLIC\",\"isPartOf\":{\"@id\":\"https:\/\/www.public.sn\/#website\"},\"primaryImageOfPage\":{\"@id\":\"https:\/\/www.public.sn\/index.php\/2022\/09\/07\/serigne-mbacke-ndiaye-tous-sont-autour-de-macky-sall-il-ne-manque-me-wade-pour\/#primaryimage\"},\"image\":{\"@id\":\"https:\/\/www.public.sn\/index.php\/2022\/09\/07\/serigne-mbacke-ndiaye-tous-sont-autour-de-macky-sall-il-ne-manque-me-wade-pour\/#primaryimage\"},\"thumbnailUrl\":\"https:\/\/www.public.sn\/wp-content\/uploads\/2022\/09\/2B8DB317-C6D4-4589-92B3-5A595A6EABCB.png\",\"datePublished\":\"2022-09-07T16:02:30+00:00\",\"dateModified\":\"2022-09-07T16:02:31+00:00\",\"breadcrumb\":{\"@id\":\"https:\/\/www.public.sn\/index.php\/2022\/09\/07\/serigne-mbacke-ndiaye-tous-sont-autour-de-macky-sall-il-ne-manque-me-wade-pour\/#breadcrumb\"},\"inLanguage\":\"fr-FR\",\"potentialAction\":[{\"@type\":\"ReadAction\",\"target\":[\"https:\/\/www.public.sn\/index.php\/2022\/09\/07\/serigne-mbacke-ndiaye-tous-sont-autour-de-macky-sall-il-ne-manque-me-wade-pour\/\"]}]},{\"@type\":\"ImageObject\",\"inLanguage\":\"fr-FR\",\"@id\":\"https:\/\/www.public.sn\/index.php\/2022\/09\/07\/serigne-mbacke-ndiaye-tous-sont-autour-de-macky-sall-il-ne-manque-me-wade-pour\/#primaryimage\",\"url\":\"https:\/\/www.public.sn\/wp-content\/uploads\/2022\/09\/2B8DB317-C6D4-4589-92B3-5A595A6EABCB.png\",\"contentUrl\":\"https:\/\/www.public.sn\/wp-content\/uploads\/2022\/09\/2B8DB317-C6D4-4589-92B3-5A595A6EABCB.png\",\"width\":660,\"height\":430},{\"@type\":\"BreadcrumbList\",\"@id\":\"https:\/\/www.public.sn\/index.php\/2022\/09\/07\/serigne-mbacke-ndiaye-tous-sont-autour-de-macky-sall-il-ne-manque-me-wade-pour\/#breadcrumb\",\"itemListElement\":[{\"@type\":\"ListItem\",\"position\":1,\"name\":\"Accueil\",\"item\":\"https:\/\/www.public.sn\/\"},{\"@type\":\"ListItem\",\"position\":2,\"name\":\"S\u00e9rigne Mback\u00e9 Ndiaye: \u201cTous sont autour de Macky Sall. Il ne manque Me Wade pour\u2026\u201d.\"}]},{\"@type\":\"WebSite\",\"@id\":\"https:\/\/www.public.sn\/#website\",\"url\":\"https:\/\/www.public.sn\/\",\"name\":\"LE PUBLIC\",\"description\":\"\",\"publisher\":{\"@id\":\"https:\/\/www.public.sn\/#organization\"},\"potentialAction\":[{\"@type\":\"SearchAction\",\"target\":{\"@type\":\"EntryPoint\",\"urlTemplate\":\"https:\/\/www.public.sn\/?s={search_term_string}\"},\"query-input\":{\"@type\":\"PropertyValueSpecification\",\"valueRequired\":true,\"valueName\":\"search_term_string\"}}],\"inLanguage\":\"fr-FR\"},{\"@type\":\"Organization\",\"@id\":\"https:\/\/www.public.sn\/#organization\",\"name\":\"LE PUBLIC\",\"url\":\"https:\/\/www.public.sn\/\",\"logo\":{\"@type\":\"ImageObject\",\"inLanguage\":\"fr-FR\",\"@id\":\"https:\/\/www.public.sn\/#\/schema\/logo\/image\/\",\"url\":\"https:\/\/www.public.sn\/wp-content\/uploads\/2024\/05\/cropped-LOGO-PUBLIC.SN_.png\",\"contentUrl\":\"https:\/\/www.public.sn\/wp-content\/uploads\/2024\/05\/cropped-LOGO-PUBLIC.SN_.png\",\"width\":682,\"height\":192,\"caption\":\"LE PUBLIC\"},\"image\":{\"@id\":\"https:\/\/www.public.sn\/#\/schema\/logo\/image\/\"}},{\"@type\":\"Person\",\"@id\":\"https:\/\/www.public.sn\/#\/schema\/person\/e3f4a11b037d4203902db148f9bc8d5a\",\"name\":\"LA REDACTION\",\"image\":{\"@type\":\"ImageObject\",\"inLanguage\":\"fr-FR\",\"@id\":\"https:\/\/www.public.sn\/#\/schema\/person\/image\/\",\"url\":\"https:\/\/secure.gravatar.com\/avatar\/d6c030db45db2883c075085c5d6c6258654a801a93766b49af0b82d4f454e2a5?s=96&d=mm&r=g\",\"contentUrl\":\"https:\/\/secure.gravatar.com\/avatar\/d6c030db45db2883c075085c5d6c6258654a801a93766b49af0b82d4f454e2a5?s=96&d=mm&r=g\",\"caption\":\"LA REDACTION\"},\"sameAs\":[\"http:\/\/www.public.sn\"],\"url\":\"https:\/\/www.public.sn\/index.php\/author\/admin7324\/\"}]}<\/script>\n<!-- \/ Yoast SEO plugin. -->","yoast_head_json":{"title":"S\u00e9rigne Mback\u00e9 Ndiaye: \u201cTous sont autour de Macky Sall. Il ne manque Me Wade pour\u2026\u201d. - LE PUBLIC","robots":{"index":"index","follow":"follow","max-snippet":"max-snippet:-1","max-image-preview":"max-image-preview:large","max-video-preview":"max-video-preview:-1"},"canonical":"https:\/\/www.public.sn\/index.php\/2022\/09\/07\/serigne-mbacke-ndiaye-tous-sont-autour-de-macky-sall-il-ne-manque-me-wade-pour\/","og_locale":"fr_FR","og_type":"article","og_title":"S\u00e9rigne Mback\u00e9 Ndiaye: \u201cTous sont autour de Macky Sall. Il ne manque Me Wade pour\u2026\u201d. - LE PUBLIC","og_description":"Les retrouvailles de la grande famille lib\u00e9rale vont bient\u00f4t se concr\u00e9tiser. Du moins, c\u2019est l\u2019avis de Serigne Mback\u00e9 Ndiaye, ancien porte-parole de Me Wade. Interpell\u00e9 sur le silence du Pape du sopi \u00e0 cet effet, il d\u00e9clare sans ambages que c\u2019est une forme de communication. Ne voulant pas entrer dans les d\u00e9tails car estimant ne plus \u00eatre au Pds, l\u2019ancien ministre conseiller d\u2019ajouter qu\u2019il a la l\u00e9gitimit\u00e9 d\u2019en parler tout de m\u00eame. Ainsi, apr\u00e8s avoir affirm\u00e9 que la gauche, la famille politique de Senghor et celle de Me Wade ne doivent pas mourir dans notre pays, il explique que les retrouvailles de la grande famille lib\u00e9rale sont en phase de parach\u00e8vement. Pour l\u2019heure, il indique qu\u2019il n\u2019ya que Me Wade qui manque \u00e0 l\u2019appel, tous les autres sont presque autour de Macky Sall. Mais il ajoute que le \u00ab plat \u00bb a besoin de sel. \u201cC\u2019est l\u2019occasion pour moi de rappeler ces chantiers qui m\u2019ont valu dans la pass\u00e9 des critiques et plus que des critiques, des d\u00e9nigrements. Ils ont pour noms : retrouvailles de la famille lib\u00e9rale ,gr\u00e2ce pr\u00e9sidentielle pour Karim Wade, le jour m\u00eame de sa condamnation, j\u2019\u00e9tais sur le plateau d\u2019une t\u00e9l\u00e9vision de la place. Amnistie dont pourrait b\u00e9n\u00e9ficier Karim Wade et Khalifa Sall\u201d. Et Serigne Mback\u00e9 Ndiaye d\u2019expliquer qu\u2019il ne va pas exposer ici toutes les d\u00e9marches qu\u2019il a eu \u00e0 effectuer dans ce sens.(\u2026),note Vox Populi.","og_url":"https:\/\/www.public.sn\/index.php\/2022\/09\/07\/serigne-mbacke-ndiaye-tous-sont-autour-de-macky-sall-il-ne-manque-me-wade-pour\/","og_site_name":"LE PUBLIC","article_published_time":"2022-09-07T16:02:30+00:00","article_modified_time":"2022-09-07T16:02:31+00:00","og_image":[{"width":660,"height":430,"url":"https:\/\/www.public.sn\/wp-content\/uploads\/2022\/09\/2B8DB317-C6D4-4589-92B3-5A595A6EABCB.png","type":"image\/png"}],"author":"LA REDACTION","twitter_card":"summary_large_image","twitter_misc":{"\u00c9crit par":"LA REDACTION","Dur\u00e9e de lecture estim\u00e9e":"2 minutes"},"schema":{"@context":"https:\/\/schema.org","@graph":[{"@type":"Article","@id":"https:\/\/www.public.sn\/index.php\/2022\/09\/07\/serigne-mbacke-ndiaye-tous-sont-autour-de-macky-sall-il-ne-manque-me-wade-pour\/#article","isPartOf":{"@id":"https:\/\/www.public.sn\/index.php\/2022\/09\/07\/serigne-mbacke-ndiaye-tous-sont-autour-de-macky-sall-il-ne-manque-me-wade-pour\/"},"author":{"name":"LA REDACTION","@id":"https:\/\/www.public.sn\/#\/schema\/person\/e3f4a11b037d4203902db148f9bc8d5a"},"headline":"S\u00e9rigne Mback\u00e9 Ndiaye: \u201cTous sont autour de Macky Sall. Il ne manque Me Wade pour\u2026\u201d.","datePublished":"2022-09-07T16:02:30+00:00","dateModified":"2022-09-07T16:02:31+00:00","mainEntityOfPage":{"@id":"https:\/\/www.public.sn\/index.php\/2022\/09\/07\/serigne-mbacke-ndiaye-tous-sont-autour-de-macky-sall-il-ne-manque-me-wade-pour\/"},"wordCount":281,"commentCount":0,"publisher":{"@id":"https:\/\/www.public.sn\/#organization"},"image":{"@id":"https:\/\/www.public.sn\/index.php\/2022\/09\/07\/serigne-mbacke-ndiaye-tous-sont-autour-de-macky-sall-il-ne-manque-me-wade-pour\/#primaryimage"},"thumbnailUrl":"https:\/\/www.public.sn\/wp-content\/uploads\/2022\/09\/2B8DB317-C6D4-4589-92B3-5A595A6EABCB.png","keywords":["Macky Sall","Me Wade","Retrouvailles lib\u00e9rales","Serigne Mback\u00e9 Ndiaye"],"articleSection":["POLITIQUE"],"inLanguage":"fr-FR","potentialAction":[{"@type":"CommentAction","name":"Comment","target":["https:\/\/www.public.sn\/index.php\/2022\/09\/07\/serigne-mbacke-ndiaye-tous-sont-autour-de-macky-sall-il-ne-manque-me-wade-pour\/#respond"]}]},{"@type":"WebPage","@id":"https:\/\/www.public.sn\/index.php\/2022\/09\/07\/serigne-mbacke-ndiaye-tous-sont-autour-de-macky-sall-il-ne-manque-me-wade-pour\/","url":"https:\/\/www.public.sn\/index.php\/2022\/09\/07\/serigne-mbacke-ndiaye-tous-sont-autour-de-macky-sall-il-ne-manque-me-wade-pour\/","name":"S\u00e9rigne Mback\u00e9 Ndiaye: \u201cTous sont autour de Macky Sall. Il ne manque Me Wade pour\u2026\u201d. - LE PUBLIC","isPartOf":{"@id":"https:\/\/www.public.sn\/#website"},"primaryImageOfPage":{"@id":"https:\/\/www.public.sn\/index.php\/2022\/09\/07\/serigne-mbacke-ndiaye-tous-sont-autour-de-macky-sall-il-ne-manque-me-wade-pour\/#primaryimage"},"image":{"@id":"https:\/\/www.public.sn\/index.php\/2022\/09\/07\/serigne-mbacke-ndiaye-tous-sont-autour-de-macky-sall-il-ne-manque-me-wade-pour\/#primaryimage"},"thumbnailUrl":"https:\/\/www.public.sn\/wp-content\/uploads\/2022\/09\/2B8DB317-C6D4-4589-92B3-5A595A6EABCB.png","datePublished":"2022-09-07T16:02:30+00:00","dateModified":"2022-09-07T16:02:31+00:00","breadcrumb":{"@id":"https:\/\/www.public.sn\/index.php\/2022\/09\/07\/serigne-mbacke-ndiaye-tous-sont-autour-de-macky-sall-il-ne-manque-me-wade-pour\/#breadcrumb"},"inLanguage":"fr-FR","potentialAction":[{"@type":"ReadAction","target":["https:\/\/www.public.sn\/index.php\/2022\/09\/07\/serigne-mbacke-ndiaye-tous-sont-autour-de-macky-sall-il-ne-manque-me-wade-pour\/"]}]},{"@type":"ImageObject","inLanguage":"fr-FR","@id":"https:\/\/www.public.sn\/index.php\/2022\/09\/07\/serigne-mbacke-ndiaye-tous-sont-autour-de-macky-sall-il-ne-manque-me-wade-pour\/#primaryimage","url":"https:\/\/www.public.sn\/wp-content\/uploads\/2022\/09\/2B8DB317-C6D4-4589-92B3-5A595A6EABCB.png","contentUrl":"https:\/\/www.public.sn\/wp-content\/uploads\/2022\/09\/2B8DB317-C6D4-4589-92B3-5A595A6EABCB.png","width":660,"height":430},{"@type":"BreadcrumbList","@id":"https:\/\/www.public.sn\/index.php\/2022\/09\/07\/serigne-mbacke-ndiaye-tous-sont-autour-de-macky-sall-il-ne-manque-me-wade-pour\/#breadcrumb","itemListElement":[{"@type":"ListItem","position":1,"name":"Accueil","item":"https:\/\/www.public.sn\/"},{"@type":"ListItem","position":2,"name":"S\u00e9rigne Mback\u00e9 Ndiaye: \u201cTous sont autour de Macky Sall. Il ne manque Me Wade pour\u2026\u201d."}]},{"@type":"WebSite","@id":"https:\/\/www.public.sn\/#website","url":"https:\/\/www.public.sn\/","name":"LE PUBLIC","description":"","publisher":{"@id":"https:\/\/www.public.sn\/#organization"},"potentialAction":[{"@type":"SearchAction","target":{"@type":"EntryPoint","urlTemplate":"https:\/\/www.public.sn\/?s={search_term_string}"},"query-input":{"@type":"PropertyValueSpecification","valueRequired":true,"valueName":"search_term_string"}}],"inLanguage":"fr-FR"},{"@type":"Organization","@id":"https:\/\/www.public.sn\/#organization","name":"LE PUBLIC","url":"https:\/\/www.public.sn\/","logo":{"@type":"ImageObject","inLanguage":"fr-FR","@id":"https:\/\/www.public.sn\/#\/schema\/logo\/image\/","url":"https:\/\/www.public.sn\/wp-content\/uploads\/2024\/05\/cropped-LOGO-PUBLIC.SN_.png","contentUrl":"https:\/\/www.public.sn\/wp-content\/uploads\/2024\/05\/cropped-LOGO-PUBLIC.SN_.png","width":682,"height":192,"caption":"LE PUBLIC"},"image":{"@id":"https:\/\/www.public.sn\/#\/schema\/logo\/image\/"}},{"@type":"Person","@id":"https:\/\/www.public.sn\/#\/schema\/person\/e3f4a11b037d4203902db148f9bc8d5a","name":"LA REDACTION","image":{"@type":"ImageObject","inLanguage":"fr-FR","@id":"https:\/\/www.public.sn\/#\/schema\/person\/image\/","url":"https:\/\/secure.gravatar.com\/avatar\/d6c030db45db2883c075085c5d6c6258654a801a93766b49af0b82d4f454e2a5?s=96&d=mm&r=g","contentUrl":"https:\/\/secure.gravatar.com\/avatar\/d6c030db45db2883c075085c5d6c6258654a801a93766b49af0b82d4f454e2a5?s=96&d=mm&r=g","caption":"LA REDACTION"},"sameAs":["http:\/\/www.public.sn"],"url":"https:\/\/www.public.sn\/index.php\/author\/admin7324\/"}]}},"jetpack_featured_media_url":"https:\/\/www.public.sn\/wp-content\/uploads\/2022\/09\/2B8DB317-C6D4-4589-92B3-5A595A6EABCB.png","jetpack_sharing_enabled":true,"_links":{"self":[{"href":"https:\/\/www.public.sn\/index.php\/wp-json\/wp\/v2\/posts\/1469","targetHints":{"allow":["GET"]}}],"collection":[{"href":"https:\/\/www.public.sn\/index.php\/wp-json\/wp\/v2\/posts"}],"about":[{"href":"https:\/\/www.public.sn\/index.php\/wp-json\/wp\/v2\/types\/post"}],"author":[{"embeddable":true,"href":"https:\/\/www.public.sn\/index.php\/wp-json\/wp\/v2\/users\/1"}],"replies":[{"embeddable":true,"href":"https:\/\/www.public.sn\/index.php\/wp-json\/wp\/v2\/comments?post=1469"}],"version-history":[{"count":1,"href":"https:\/\/www.public.sn\/index.php\/wp-json\/wp\/v2\/posts\/1469\/revisions"}],"predecessor-version":[{"id":1471,"href":"https:\/\/www.public.sn\/index.php\/wp-json\/wp\/v2\/posts\/1469\/revisions\/1471"}],"wp:featuredmedia":[{"embeddable":true,"href":"https:\/\/www.public.sn\/index.php\/wp-json\/wp\/v2\/media\/1470"}],"wp:attachment":[{"href":"https:\/\/www.public.sn\/index.php\/wp-json\/wp\/v2\/media?parent=1469"}],"wp:term":[{"taxonomy":"category","embeddable":true,"href":"https:\/\/www.public.sn\/index.php\/wp-json\/wp\/v2\/categories?post=1469"},{"taxonomy":"post_tag","embeddable":true,"href":"https:\/\/www.public.sn\/index.php\/wp-json\/wp\/v2\/tags?post=1469"}],"curies":[{"name":"wp","href":"https:\/\/api.w.org\/{rel}","templated":true}]}}