{"id":14697,"date":"2023-02-01T07:58:53","date_gmt":"2023-02-01T07:58:53","guid":{"rendered":"https:\/\/www.public.sn\/?p=14697"},"modified":"2023-02-01T07:58:53","modified_gmt":"2023-02-01T07:58:53","slug":"lindice-de-perception-de-la-corruption-et-dautres-sujets-a-la-une","status":"publish","type":"post","link":"https:\/\/www.public.sn\/index.php\/2023\/02\/01\/lindice-de-perception-de-la-corruption-et-dautres-sujets-a-la-une\/","title":{"rendered":"L\u2019Indice de perception de la corruption et d\u2019autres sujets \u00e0 la Une"},"content":{"rendered":"<p><strong>Les quotidiens re\u00e7us mercredi \u00e0 l\u2019APS mettent exergue, entre autres sujets, l\u2019Indice de perception de la corruption de l\u2019ONG Transparency international, la visite de Macky Sall \u00e0 Paris et la qualification de l\u2019\u00e9quipe du S\u00e9n\u00e9gal en finale du Championnant d\u2019Afrique des Nations (CHAN).<\/strong><\/p><div class=\"publi-paragraphe1\" style=\"margin-top: 10px;margin-bottom: 10px;margin-left: auto;margin-right: auto;text-align: center;\" id=\"publi-1725375587\"><div class=\"publi-adlabel\">Publicit\u00e9<\/div><script async src=\"\/\/pagead2.googlesyndication.com\/pagead\/js\/adsbygoogle.js?client=ca-pub-4089586018074219\" crossorigin=\"anonymous\"><\/script><ins class=\"adsbygoogle\" style=\"display:block;\" data-ad-client=\"ca-pub-4089586018074219\" \ndata-ad-slot=\"2087940154\" \ndata-ad-format=\"auto\"><\/ins>\n<script> \n(adsbygoogle = window.adsbygoogle || []).push({}); \n<\/script>\n<\/div>\n<p>En mati\u00e8re de gouvernance, EnQu\u00eate note que \u2018\u2019le S\u00e9n\u00e9gal stagne dans la zone rouge\u2019\u2019 sur l\u2019Indice de perception de la corruption publi\u00e9, mardi, par l\u2019ONG Transparency international.<\/p>\n<p>\u2018\u2019En un an, il n\u2019y a pas eu de progr\u00e8s notable pour le pays qui stagne avec un score de 43\/100, le maintenant \u00e0 la 72e place sur 180\u2019\u2019, rapporte le journal.<\/p>\n<p>Selon Lib\u00e9ration, \u2018\u2019le S\u00e9n\u00e9gal fait du surplace dans la zone rouge\u2019\u2019. \u2018\u2019Comme en 2021, le S\u00e9n\u00e9gal stagne \u00e0 la 43e place sur 100 de l\u2019Indice de perception de la corruption. Le Forum civil, section s\u00e9n\u00e9galaise de Transparency international, a publi\u00e9, mardi, son rapport 2022\u2019\u2019, \u00e9crit le journal.<\/p>\n<p>\u2018\u2019Stagnation dangereuse\u2019\u2019, dit L\u2019Info. \u2018\u2019Le S\u00e9n\u00e9gal reste dangereusement dans la zone route\u2019\u2019, affiche \u00e0 la Une Vox populi, reprenant ainsi le Forum civil. Selon L\u2019As, \u2018\u2019le S\u00e9n\u00e9gal stagne dans le rouge\u2019\u2019 sur l\u2019Indice de perception de la corruption.<\/p>\n<p>L\u2019Observateur annonce que le Conseil constitutionnel va statue ce mercredi sur la saisine du Premier ministre concernant la baisse des prix du loyer.<\/p>\n<p>\u2018\u2019Apr\u00e8s sa saisine en d\u00e9but de semaine derni\u00e8re par le Premier ministre, c\u2019est finalement ce mercredi que le Constitutionnel va statuer sur la demande du gouvernement de permettre au chef de l\u2019Etat, Macky Sall, de signer le d\u00e9cret instituant la baisse des prix du loyer\u2019\u2019, \u00e9crit L\u2019Obs.<\/p>\n<p>Le Quotidien s\u2019int\u00e9resse \u00e0 la visite du chef de l\u2019Etat \u00e0 Paris et souligne que le pr\u00e9sident Macky Sall a obtenu le soutien de la France pour l\u2019adh\u00e9sion de l\u2019Afrique au G20.<\/p>\n<p>Le pr\u00e9sident de la R\u00e9publique, Macky Sall, a \u00e9t\u00e9 re\u00e7u ce mardi par son homologue fran\u00e7ais, Emmanuel Macron, selon la pr\u00e9sidence s\u00e9n\u00e9galaise.<br \/>\n\u2018\u2019Les deux leaders ont pass\u00e9 en revue l\u2019agenda bilat\u00e9ral, dans le cadre du renforcement des liens d\u2019amiti\u00e9 et de coop\u00e9ration entre le S\u00e9n\u00e9gal et la France\u2019\u2019, affirme la m\u00eame source dans une note d\u2019information.<\/p>\n<p>Elle ajoute que les deux chefs d\u2019Etat ont \u00e9galement abord\u00e9 la conjoncture internationale, ainsi que \u2018\u2019le soutien r\u00e9affirm\u00e9 de la France \u00e0 la candidature africaine pour un si\u00e8ge de membre permanent au G20\u2019\u2019.<\/p>\n<p>En sport, Le Soleil met en exergue la qualification de l\u2019\u00e9quipe du S\u00e9n\u00e9gal en finale du Championnat d\u2019Afrique des Nations (CHAN) qui se joue en Alg\u00e9rie.<\/p>\n<p>L&rsquo;\u00e9quipe du S\u00e9n\u00e9gal s&rsquo;est qualifi\u00e9e, mardi, pour sa premi\u00e8re finale du Championnat d&rsquo;Afrique des nations (CHAN) gr\u00e2ce \u00e0 son succ\u00e8s (1-0) devant Madagascar.<\/p>\n<p>La finale contre le pays h\u00f4te, qui a battu le Niger par 5 buts \u00e0 0, est pr\u00e9vue samedi.<\/p>\n<p>\u2018\u2019Le S\u00e9n\u00e9gal en finale contre l\u2019Alg\u00e9rie !\u2019\u2019, s\u2019exclame le quotidien Stades. \u2018\u2019Les Lions d\u00e9fieront les Fennecs en finale, samedi\u2019\u2019, affiche \u00e0 la Une Record.<\/p>\n<p>En politique, le quotidien B\u00ebs Bi s\u2019int\u00e9resse au proc\u00e8s pour \u2018\u2019diffamation\u2019\u2019 intent\u00e9 par le ministre du Tourisme Mame Mbaye Niang contre le leader de Pastef, Ousmane Sonko.<\/p>\n<p>\u2018\u2019Ce 2 f\u00e9vrier, Ousmane Sonko va r\u00e9pondre, sauf s\u2019il en d\u00e9cide autrement, de ses accusations contre Mame Mbaye Niang qu\u2019il dit avoir \u00e9t\u00e9 \u00e9pingl\u00e9 par un rapport de l\u2019IGE (Inspection g\u00e9n\u00e9rale d\u2019Etat). L\u2019issue pourrait sceller son sort pour l\u2019in\u00e9ligibilit\u00e9 s\u2019il est condamn\u00e9. Et le leader de Pastef semble en mesurer l\u2019enjeu, comme il l\u2019avait dit au meeting de Keur Massar\u2019\u2019, \u00e9crit le journal.<\/p>\n<p><strong>APS<\/strong><\/p>\n<div class=\"publi-apres-le-contenu\" style=\"margin-top: 10px;margin-bottom: 10px;margin-left: auto;margin-right: auto;text-align: center;\" id=\"publi-3685739892\"><div class=\"publi-adlabel\">Publicit\u00e9<\/div><script async src=\"\/\/pagead2.googlesyndication.com\/pagead\/js\/adsbygoogle.js?client=ca-pub-4089586018074219\" crossorigin=\"anonymous\"><\/script><ins class=\"adsbygoogle\" style=\"display:block;\" data-ad-client=\"ca-pub-4089586018074219\" \ndata-ad-slot=\"2087940154\" \ndata-ad-format=\"auto\"><\/ins>\n<script> \n(adsbygoogle = window.adsbygoogle || []).push({}); \n<\/script>\n<\/div>","protected":false},"excerpt":{"rendered":"<p>Les quotidiens re\u00e7us mercredi \u00e0 l\u2019APS mettent exergue, entre autres sujets, l\u2019Indice de perception de la corruption de l\u2019ONG Transparency international, la visite de Macky Sall \u00e0 Paris et la qualification de l\u2019\u00e9quipe du S\u00e9n\u00e9gal en finale du Championnant d\u2019Afrique des Nations (CHAN). En mati\u00e8re de gouvernance, EnQu\u00eate note que \u2018\u2019le S\u00e9n\u00e9gal stagne dans la zone rouge\u2019\u2019 sur l\u2019Indice de perception de la corruption publi\u00e9, mardi, par l\u2019ONG Transparency international. \u2018\u2019En un an, il n\u2019y a pas eu de progr\u00e8s notable pour le pays qui stagne avec un score de 43\/100, le maintenant \u00e0 la 72e place sur 180\u2019\u2019, rapporte le journal. Selon Lib\u00e9ration, \u2018\u2019le S\u00e9n\u00e9gal fait du surplace dans la zone rouge\u2019\u2019. \u2018\u2019Comme en 2021, le S\u00e9n\u00e9gal stagne \u00e0 la 43e place sur 100 de l\u2019Indice de perception de la corruption. Le Forum civil, section s\u00e9n\u00e9galaise de Transparency international, a publi\u00e9, mardi, son rapport 2022\u2019\u2019, \u00e9crit le journal. \u2018\u2019Stagnation dangereuse\u2019\u2019, dit L\u2019Info. \u2018\u2019Le S\u00e9n\u00e9gal reste dangereusement dans la zone route\u2019\u2019, affiche \u00e0 la Une Vox populi, reprenant ainsi le Forum civil. Selon L\u2019As, \u2018\u2019le S\u00e9n\u00e9gal stagne dans le rouge\u2019\u2019 sur l\u2019Indice de perception de la corruption. L\u2019Observateur annonce que le Conseil constitutionnel va statue ce mercredi sur la saisine du Premier ministre concernant la baisse des prix du loyer. \u2018\u2019Apr\u00e8s sa saisine en d\u00e9but de semaine derni\u00e8re par le Premier ministre, c\u2019est finalement ce mercredi que le Constitutionnel va statuer sur la demande du gouvernement de permettre au chef de l\u2019Etat, Macky Sall, de signer le d\u00e9cret instituant la baisse des prix du loyer\u2019\u2019, \u00e9crit L\u2019Obs. Le Quotidien s\u2019int\u00e9resse \u00e0 la visite du chef de l\u2019Etat \u00e0 Paris et souligne que le pr\u00e9sident Macky Sall a obtenu le soutien de la France pour l\u2019adh\u00e9sion de l\u2019Afrique au G20. Le pr\u00e9sident de la R\u00e9publique, Macky Sall, a \u00e9t\u00e9 re\u00e7u ce mardi par son homologue fran\u00e7ais, Emmanuel Macron, selon la pr\u00e9sidence s\u00e9n\u00e9galaise. \u2018\u2019Les deux leaders ont pass\u00e9 en revue l\u2019agenda bilat\u00e9ral, dans le cadre du renforcement des liens d\u2019amiti\u00e9 et de coop\u00e9ration entre le S\u00e9n\u00e9gal et la France\u2019\u2019, affirme la m\u00eame source dans une note d\u2019information. Elle ajoute que les deux chefs d\u2019Etat ont \u00e9galement abord\u00e9 la conjoncture internationale, ainsi que \u2018\u2019le soutien r\u00e9affirm\u00e9 de la France \u00e0 la candidature africaine pour un si\u00e8ge de membre permanent au G20\u2019\u2019. En sport, Le Soleil met en exergue la qualification de l\u2019\u00e9quipe du S\u00e9n\u00e9gal en finale du Championnat d\u2019Afrique des Nations (CHAN) qui se joue en Alg\u00e9rie. L&rsquo;\u00e9quipe du S\u00e9n\u00e9gal s&rsquo;est qualifi\u00e9e, mardi, pour sa premi\u00e8re finale du Championnat d&rsquo;Afrique des nations (CHAN) gr\u00e2ce \u00e0 son succ\u00e8s (1-0) devant Madagascar. La finale contre le pays h\u00f4te, qui a battu le Niger par 5 buts \u00e0 0, est pr\u00e9vue samedi. \u2018\u2019Le S\u00e9n\u00e9gal en finale contre l\u2019Alg\u00e9rie !\u2019\u2019, s\u2019exclame le quotidien Stades. \u2018\u2019Les Lions d\u00e9fieront les Fennecs en finale, samedi\u2019\u2019, affiche \u00e0 la Une Record. En politique, le quotidien B\u00ebs Bi s\u2019int\u00e9resse au proc\u00e8s pour \u2018\u2019diffamation\u2019\u2019 intent\u00e9 par le ministre du Tourisme Mame Mbaye Niang contre le leader de Pastef, Ousmane Sonko. \u2018\u2019Ce 2 f\u00e9vrier, Ousmane Sonko va r\u00e9pondre, sauf s\u2019il en d\u00e9cide autrement, de ses accusations contre Mame Mbaye Niang qu\u2019il dit avoir \u00e9t\u00e9 \u00e9pingl\u00e9 par un rapport de l\u2019IGE (Inspection g\u00e9n\u00e9rale d\u2019Etat). L\u2019issue pourrait sceller son sort pour l\u2019in\u00e9ligibilit\u00e9 s\u2019il est condamn\u00e9. Et le leader de Pastef semble en mesurer l\u2019enjeu, comme il l\u2019avait dit au meeting de Keur Massar\u2019\u2019, \u00e9crit le journal. APS<\/p>\n","protected":false},"author":1,"featured_media":14698,"comment_status":"open","ping_status":"open","sticky":false,"template":"","format":"standard","meta":{"_jetpack_memberships_contains_paid_content":false,"footnotes":""},"categories":[375,844,1,372],"tags":[845],"class_list":["post-14697","post","type-post","status-publish","format-standard","has-post-thumbnail","hentry","category-actualites","category-revue-de-presse","category-non-classe","category-vedette","tag-revue-de-presse","entry","has-media","owp-thumbs-layout-horizontal","owp-btn-normal","owp-tabs-layout-horizontal","has-no-thumbnails","has-product-nav"],"yoast_head":"<!-- This site is optimized with the Yoast SEO plugin v25.5 - https:\/\/yoast.com\/wordpress\/plugins\/seo\/ -->\n<title>L\u2019Indice de perception de la corruption et d\u2019autres sujets \u00e0 la Une - LE PUBLIC<\/title>\n<meta name=\"description\" content=\"Les quotidiens re\u00e7us mercredi \u00e0 l\u2019APS mettent exergue, entre autres sujets, l\u2019Indice de perception de la corruption de l\u2019ONG Transparency international, la visite de Macky Sall \u00e0 Paris et la qualification de l\u2019\u00e9quipe du S\u00e9n\u00e9gal en finale du Championnant d\u2019Afrique des Nations (CHAN).\" \/>\n<meta name=\"robots\" content=\"index, follow, max-snippet:-1, max-image-preview:large, max-video-preview:-1\" \/>\n<link rel=\"canonical\" href=\"https:\/\/www.public.sn\/index.php\/2023\/02\/01\/lindice-de-perception-de-la-corruption-et-dautres-sujets-a-la-une\/\" \/>\n<meta property=\"og:locale\" content=\"fr_FR\" \/>\n<meta property=\"og:type\" content=\"article\" \/>\n<meta property=\"og:title\" content=\"L\u2019Indice de perception de la corruption et d\u2019autres sujets \u00e0 la Une - LE PUBLIC\" \/>\n<meta property=\"og:description\" content=\"Les quotidiens re\u00e7us mercredi \u00e0 l\u2019APS mettent exergue, entre autres sujets, l\u2019Indice de perception de la corruption de l\u2019ONG Transparency international, la visite de Macky Sall \u00e0 Paris et la qualification de l\u2019\u00e9quipe du S\u00e9n\u00e9gal en finale du Championnant d\u2019Afrique des Nations (CHAN).\" \/>\n<meta property=\"og:url\" content=\"https:\/\/www.public.sn\/index.php\/2023\/02\/01\/lindice-de-perception-de-la-corruption-et-dautres-sujets-a-la-une\/\" \/>\n<meta property=\"og:site_name\" content=\"LE PUBLIC\" \/>\n<meta property=\"article:published_time\" content=\"2023-02-01T07:58:53+00:00\" \/>\n<meta property=\"og:image\" content=\"https:\/\/www.public.sn\/wp-content\/uploads\/2023\/02\/corruption.jpg\" \/>\n\t<meta property=\"og:image:width\" content=\"600\" \/>\n\t<meta property=\"og:image:height\" content=\"427\" \/>\n\t<meta property=\"og:image:type\" content=\"image\/jpeg\" \/>\n<meta name=\"author\" content=\"LA REDACTION\" \/>\n<meta name=\"twitter:card\" content=\"summary_large_image\" \/>\n<meta name=\"twitter:label1\" content=\"\u00c9crit par\" \/>\n\t<meta name=\"twitter:data1\" content=\"LA REDACTION\" \/>\n\t<meta name=\"twitter:label2\" content=\"Dur\u00e9e de lecture estim\u00e9e\" \/>\n\t<meta name=\"twitter:data2\" content=\"3 minutes\" \/>\n<script type=\"application\/ld+json\" class=\"yoast-schema-graph\">{\"@context\":\"https:\/\/schema.org\",\"@graph\":[{\"@type\":\"Article\",\"@id\":\"https:\/\/www.public.sn\/index.php\/2023\/02\/01\/lindice-de-perception-de-la-corruption-et-dautres-sujets-a-la-une\/#article\",\"isPartOf\":{\"@id\":\"https:\/\/www.public.sn\/index.php\/2023\/02\/01\/lindice-de-perception-de-la-corruption-et-dautres-sujets-a-la-une\/\"},\"author\":{\"name\":\"LA REDACTION\",\"@id\":\"https:\/\/www.public.sn\/#\/schema\/person\/e3f4a11b037d4203902db148f9bc8d5a\"},\"headline\":\"L\u2019Indice de perception de la corruption et d\u2019autres sujets \u00e0 la Une\",\"datePublished\":\"2023-02-01T07:58:53+00:00\",\"mainEntityOfPage\":{\"@id\":\"https:\/\/www.public.sn\/index.php\/2023\/02\/01\/lindice-de-perception-de-la-corruption-et-dautres-sujets-a-la-une\/\"},\"wordCount\":657,\"commentCount\":0,\"publisher\":{\"@id\":\"https:\/\/www.public.sn\/#organization\"},\"image\":{\"@id\":\"https:\/\/www.public.sn\/index.php\/2023\/02\/01\/lindice-de-perception-de-la-corruption-et-dautres-sujets-a-la-une\/#primaryimage\"},\"thumbnailUrl\":\"https:\/\/www.public.sn\/wp-content\/uploads\/2023\/02\/corruption.jpg\",\"keywords\":[\"Revue de presse\"],\"articleSection\":[\"ACTUALIT\u00c9S\",\"REVUE DE PRESSE\",\"S\u00c9N\u00c9GAL\",\"VEDETTE\"],\"inLanguage\":\"fr-FR\",\"potentialAction\":[{\"@type\":\"CommentAction\",\"name\":\"Comment\",\"target\":[\"https:\/\/www.public.sn\/index.php\/2023\/02\/01\/lindice-de-perception-de-la-corruption-et-dautres-sujets-a-la-une\/#respond\"]}]},{\"@type\":\"WebPage\",\"@id\":\"https:\/\/www.public.sn\/index.php\/2023\/02\/01\/lindice-de-perception-de-la-corruption-et-dautres-sujets-a-la-une\/\",\"url\":\"https:\/\/www.public.sn\/index.php\/2023\/02\/01\/lindice-de-perception-de-la-corruption-et-dautres-sujets-a-la-une\/\",\"name\":\"L\u2019Indice de perception de la corruption et d\u2019autres sujets \u00e0 la Une - LE PUBLIC\",\"isPartOf\":{\"@id\":\"https:\/\/www.public.sn\/#website\"},\"primaryImageOfPage\":{\"@id\":\"https:\/\/www.public.sn\/index.php\/2023\/02\/01\/lindice-de-perception-de-la-corruption-et-dautres-sujets-a-la-une\/#primaryimage\"},\"image\":{\"@id\":\"https:\/\/www.public.sn\/index.php\/2023\/02\/01\/lindice-de-perception-de-la-corruption-et-dautres-sujets-a-la-une\/#primaryimage\"},\"thumbnailUrl\":\"https:\/\/www.public.sn\/wp-content\/uploads\/2023\/02\/corruption.jpg\",\"datePublished\":\"2023-02-01T07:58:53+00:00\",\"description\":\"Les quotidiens re\u00e7us mercredi \u00e0 l\u2019APS mettent exergue, entre autres sujets, l\u2019Indice de perception de la corruption de l\u2019ONG Transparency international, la visite de Macky Sall \u00e0 Paris et la qualification de l\u2019\u00e9quipe du S\u00e9n\u00e9gal en finale du Championnant d\u2019Afrique des Nations (CHAN).\",\"breadcrumb\":{\"@id\":\"https:\/\/www.public.sn\/index.php\/2023\/02\/01\/lindice-de-perception-de-la-corruption-et-dautres-sujets-a-la-une\/#breadcrumb\"},\"inLanguage\":\"fr-FR\",\"potentialAction\":[{\"@type\":\"ReadAction\",\"target\":[\"https:\/\/www.public.sn\/index.php\/2023\/02\/01\/lindice-de-perception-de-la-corruption-et-dautres-sujets-a-la-une\/\"]}]},{\"@type\":\"ImageObject\",\"inLanguage\":\"fr-FR\",\"@id\":\"https:\/\/www.public.sn\/index.php\/2023\/02\/01\/lindice-de-perception-de-la-corruption-et-dautres-sujets-a-la-une\/#primaryimage\",\"url\":\"https:\/\/www.public.sn\/wp-content\/uploads\/2023\/02\/corruption.jpg\",\"contentUrl\":\"https:\/\/www.public.sn\/wp-content\/uploads\/2023\/02\/corruption.jpg\",\"width\":600,\"height\":427},{\"@type\":\"BreadcrumbList\",\"@id\":\"https:\/\/www.public.sn\/index.php\/2023\/02\/01\/lindice-de-perception-de-la-corruption-et-dautres-sujets-a-la-une\/#breadcrumb\",\"itemListElement\":[{\"@type\":\"ListItem\",\"position\":1,\"name\":\"Accueil\",\"item\":\"https:\/\/www.public.sn\/\"},{\"@type\":\"ListItem\",\"position\":2,\"name\":\"L\u2019Indice de perception de la corruption et d\u2019autres sujets \u00e0 la Une\"}]},{\"@type\":\"WebSite\",\"@id\":\"https:\/\/www.public.sn\/#website\",\"url\":\"https:\/\/www.public.sn\/\",\"name\":\"LE PUBLIC\",\"description\":\"\",\"publisher\":{\"@id\":\"https:\/\/www.public.sn\/#organization\"},\"potentialAction\":[{\"@type\":\"SearchAction\",\"target\":{\"@type\":\"EntryPoint\",\"urlTemplate\":\"https:\/\/www.public.sn\/?s={search_term_string}\"},\"query-input\":{\"@type\":\"PropertyValueSpecification\",\"valueRequired\":true,\"valueName\":\"search_term_string\"}}],\"inLanguage\":\"fr-FR\"},{\"@type\":\"Organization\",\"@id\":\"https:\/\/www.public.sn\/#organization\",\"name\":\"LE PUBLIC\",\"url\":\"https:\/\/www.public.sn\/\",\"logo\":{\"@type\":\"ImageObject\",\"inLanguage\":\"fr-FR\",\"@id\":\"https:\/\/www.public.sn\/#\/schema\/logo\/image\/\",\"url\":\"https:\/\/www.public.sn\/wp-content\/uploads\/2024\/05\/cropped-LOGO-PUBLIC.SN_.png\",\"contentUrl\":\"https:\/\/www.public.sn\/wp-content\/uploads\/2024\/05\/cropped-LOGO-PUBLIC.SN_.png\",\"width\":682,\"height\":192,\"caption\":\"LE PUBLIC\"},\"image\":{\"@id\":\"https:\/\/www.public.sn\/#\/schema\/logo\/image\/\"}},{\"@type\":\"Person\",\"@id\":\"https:\/\/www.public.sn\/#\/schema\/person\/e3f4a11b037d4203902db148f9bc8d5a\",\"name\":\"LA REDACTION\",\"image\":{\"@type\":\"ImageObject\",\"inLanguage\":\"fr-FR\",\"@id\":\"https:\/\/www.public.sn\/#\/schema\/person\/image\/\",\"url\":\"https:\/\/secure.gravatar.com\/avatar\/d6c030db45db2883c075085c5d6c6258654a801a93766b49af0b82d4f454e2a5?s=96&d=mm&r=g\",\"contentUrl\":\"https:\/\/secure.gravatar.com\/avatar\/d6c030db45db2883c075085c5d6c6258654a801a93766b49af0b82d4f454e2a5?s=96&d=mm&r=g\",\"caption\":\"LA REDACTION\"},\"sameAs\":[\"http:\/\/www.public.sn\"],\"url\":\"https:\/\/www.public.sn\/index.php\/author\/admin7324\/\"}]}<\/script>\n<!-- \/ Yoast SEO plugin. -->","yoast_head_json":{"title":"L\u2019Indice de perception de la corruption et d\u2019autres sujets \u00e0 la Une - LE PUBLIC","description":"Les quotidiens re\u00e7us mercredi \u00e0 l\u2019APS mettent exergue, entre autres sujets, l\u2019Indice de perception de la corruption de l\u2019ONG Transparency international, la visite de Macky Sall \u00e0 Paris et la qualification de l\u2019\u00e9quipe du S\u00e9n\u00e9gal en finale du Championnant d\u2019Afrique des Nations (CHAN).","robots":{"index":"index","follow":"follow","max-snippet":"max-snippet:-1","max-image-preview":"max-image-preview:large","max-video-preview":"max-video-preview:-1"},"canonical":"https:\/\/www.public.sn\/index.php\/2023\/02\/01\/lindice-de-perception-de-la-corruption-et-dautres-sujets-a-la-une\/","og_locale":"fr_FR","og_type":"article","og_title":"L\u2019Indice de perception de la corruption et d\u2019autres sujets \u00e0 la Une - LE PUBLIC","og_description":"Les quotidiens re\u00e7us mercredi \u00e0 l\u2019APS mettent exergue, entre autres sujets, l\u2019Indice de perception de la corruption de l\u2019ONG Transparency international, la visite de Macky Sall \u00e0 Paris et la qualification de l\u2019\u00e9quipe du S\u00e9n\u00e9gal en finale du Championnant d\u2019Afrique des Nations (CHAN).","og_url":"https:\/\/www.public.sn\/index.php\/2023\/02\/01\/lindice-de-perception-de-la-corruption-et-dautres-sujets-a-la-une\/","og_site_name":"LE PUBLIC","article_published_time":"2023-02-01T07:58:53+00:00","og_image":[{"width":600,"height":427,"url":"https:\/\/www.public.sn\/wp-content\/uploads\/2023\/02\/corruption.jpg","type":"image\/jpeg"}],"author":"LA REDACTION","twitter_card":"summary_large_image","twitter_misc":{"\u00c9crit par":"LA REDACTION","Dur\u00e9e de lecture estim\u00e9e":"3 minutes"},"schema":{"@context":"https:\/\/schema.org","@graph":[{"@type":"Article","@id":"https:\/\/www.public.sn\/index.php\/2023\/02\/01\/lindice-de-perception-de-la-corruption-et-dautres-sujets-a-la-une\/#article","isPartOf":{"@id":"https:\/\/www.public.sn\/index.php\/2023\/02\/01\/lindice-de-perception-de-la-corruption-et-dautres-sujets-a-la-une\/"},"author":{"name":"LA REDACTION","@id":"https:\/\/www.public.sn\/#\/schema\/person\/e3f4a11b037d4203902db148f9bc8d5a"},"headline":"L\u2019Indice de perception de la corruption et d\u2019autres sujets \u00e0 la Une","datePublished":"2023-02-01T07:58:53+00:00","mainEntityOfPage":{"@id":"https:\/\/www.public.sn\/index.php\/2023\/02\/01\/lindice-de-perception-de-la-corruption-et-dautres-sujets-a-la-une\/"},"wordCount":657,"commentCount":0,"publisher":{"@id":"https:\/\/www.public.sn\/#organization"},"image":{"@id":"https:\/\/www.public.sn\/index.php\/2023\/02\/01\/lindice-de-perception-de-la-corruption-et-dautres-sujets-a-la-une\/#primaryimage"},"thumbnailUrl":"https:\/\/www.public.sn\/wp-content\/uploads\/2023\/02\/corruption.jpg","keywords":["Revue de presse"],"articleSection":["ACTUALIT\u00c9S","REVUE DE PRESSE","S\u00c9N\u00c9GAL","VEDETTE"],"inLanguage":"fr-FR","potentialAction":[{"@type":"CommentAction","name":"Comment","target":["https:\/\/www.public.sn\/index.php\/2023\/02\/01\/lindice-de-perception-de-la-corruption-et-dautres-sujets-a-la-une\/#respond"]}]},{"@type":"WebPage","@id":"https:\/\/www.public.sn\/index.php\/2023\/02\/01\/lindice-de-perception-de-la-corruption-et-dautres-sujets-a-la-une\/","url":"https:\/\/www.public.sn\/index.php\/2023\/02\/01\/lindice-de-perception-de-la-corruption-et-dautres-sujets-a-la-une\/","name":"L\u2019Indice de perception de la corruption et d\u2019autres sujets \u00e0 la Une - LE PUBLIC","isPartOf":{"@id":"https:\/\/www.public.sn\/#website"},"primaryImageOfPage":{"@id":"https:\/\/www.public.sn\/index.php\/2023\/02\/01\/lindice-de-perception-de-la-corruption-et-dautres-sujets-a-la-une\/#primaryimage"},"image":{"@id":"https:\/\/www.public.sn\/index.php\/2023\/02\/01\/lindice-de-perception-de-la-corruption-et-dautres-sujets-a-la-une\/#primaryimage"},"thumbnailUrl":"https:\/\/www.public.sn\/wp-content\/uploads\/2023\/02\/corruption.jpg","datePublished":"2023-02-01T07:58:53+00:00","description":"Les quotidiens re\u00e7us mercredi \u00e0 l\u2019APS mettent exergue, entre autres sujets, l\u2019Indice de perception de la corruption de l\u2019ONG Transparency international, la visite de Macky Sall \u00e0 Paris et la qualification de l\u2019\u00e9quipe du S\u00e9n\u00e9gal en finale du Championnant d\u2019Afrique des Nations (CHAN).","breadcrumb":{"@id":"https:\/\/www.public.sn\/index.php\/2023\/02\/01\/lindice-de-perception-de-la-corruption-et-dautres-sujets-a-la-une\/#breadcrumb"},"inLanguage":"fr-FR","potentialAction":[{"@type":"ReadAction","target":["https:\/\/www.public.sn\/index.php\/2023\/02\/01\/lindice-de-perception-de-la-corruption-et-dautres-sujets-a-la-une\/"]}]},{"@type":"ImageObject","inLanguage":"fr-FR","@id":"https:\/\/www.public.sn\/index.php\/2023\/02\/01\/lindice-de-perception-de-la-corruption-et-dautres-sujets-a-la-une\/#primaryimage","url":"https:\/\/www.public.sn\/wp-content\/uploads\/2023\/02\/corruption.jpg","contentUrl":"https:\/\/www.public.sn\/wp-content\/uploads\/2023\/02\/corruption.jpg","width":600,"height":427},{"@type":"BreadcrumbList","@id":"https:\/\/www.public.sn\/index.php\/2023\/02\/01\/lindice-de-perception-de-la-corruption-et-dautres-sujets-a-la-une\/#breadcrumb","itemListElement":[{"@type":"ListItem","position":1,"name":"Accueil","item":"https:\/\/www.public.sn\/"},{"@type":"ListItem","position":2,"name":"L\u2019Indice de perception de la corruption et d\u2019autres sujets \u00e0 la Une"}]},{"@type":"WebSite","@id":"https:\/\/www.public.sn\/#website","url":"https:\/\/www.public.sn\/","name":"LE PUBLIC","description":"","publisher":{"@id":"https:\/\/www.public.sn\/#organization"},"potentialAction":[{"@type":"SearchAction","target":{"@type":"EntryPoint","urlTemplate":"https:\/\/www.public.sn\/?s={search_term_string}"},"query-input":{"@type":"PropertyValueSpecification","valueRequired":true,"valueName":"search_term_string"}}],"inLanguage":"fr-FR"},{"@type":"Organization","@id":"https:\/\/www.public.sn\/#organization","name":"LE PUBLIC","url":"https:\/\/www.public.sn\/","logo":{"@type":"ImageObject","inLanguage":"fr-FR","@id":"https:\/\/www.public.sn\/#\/schema\/logo\/image\/","url":"https:\/\/www.public.sn\/wp-content\/uploads\/2024\/05\/cropped-LOGO-PUBLIC.SN_.png","contentUrl":"https:\/\/www.public.sn\/wp-content\/uploads\/2024\/05\/cropped-LOGO-PUBLIC.SN_.png","width":682,"height":192,"caption":"LE PUBLIC"},"image":{"@id":"https:\/\/www.public.sn\/#\/schema\/logo\/image\/"}},{"@type":"Person","@id":"https:\/\/www.public.sn\/#\/schema\/person\/e3f4a11b037d4203902db148f9bc8d5a","name":"LA REDACTION","image":{"@type":"ImageObject","inLanguage":"fr-FR","@id":"https:\/\/www.public.sn\/#\/schema\/person\/image\/","url":"https:\/\/secure.gravatar.com\/avatar\/d6c030db45db2883c075085c5d6c6258654a801a93766b49af0b82d4f454e2a5?s=96&d=mm&r=g","contentUrl":"https:\/\/secure.gravatar.com\/avatar\/d6c030db45db2883c075085c5d6c6258654a801a93766b49af0b82d4f454e2a5?s=96&d=mm&r=g","caption":"LA REDACTION"},"sameAs":["http:\/\/www.public.sn"],"url":"https:\/\/www.public.sn\/index.php\/author\/admin7324\/"}]}},"jetpack_featured_media_url":"https:\/\/www.public.sn\/wp-content\/uploads\/2023\/02\/corruption.jpg","jetpack_sharing_enabled":true,"_links":{"self":[{"href":"https:\/\/www.public.sn\/index.php\/wp-json\/wp\/v2\/posts\/14697","targetHints":{"allow":["GET"]}}],"collection":[{"href":"https:\/\/www.public.sn\/index.php\/wp-json\/wp\/v2\/posts"}],"about":[{"href":"https:\/\/www.public.sn\/index.php\/wp-json\/wp\/v2\/types\/post"}],"author":[{"embeddable":true,"href":"https:\/\/www.public.sn\/index.php\/wp-json\/wp\/v2\/users\/1"}],"replies":[{"embeddable":true,"href":"https:\/\/www.public.sn\/index.php\/wp-json\/wp\/v2\/comments?post=14697"}],"version-history":[{"count":1,"href":"https:\/\/www.public.sn\/index.php\/wp-json\/wp\/v2\/posts\/14697\/revisions"}],"predecessor-version":[{"id":14699,"href":"https:\/\/www.public.sn\/index.php\/wp-json\/wp\/v2\/posts\/14697\/revisions\/14699"}],"wp:featuredmedia":[{"embeddable":true,"href":"https:\/\/www.public.sn\/index.php\/wp-json\/wp\/v2\/media\/14698"}],"wp:attachment":[{"href":"https:\/\/www.public.sn\/index.php\/wp-json\/wp\/v2\/media?parent=14697"}],"wp:term":[{"taxonomy":"category","embeddable":true,"href":"https:\/\/www.public.sn\/index.php\/wp-json\/wp\/v2\/categories?post=14697"},{"taxonomy":"post_tag","embeddable":true,"href":"https:\/\/www.public.sn\/index.php\/wp-json\/wp\/v2\/tags?post=14697"}],"curies":[{"name":"wp","href":"https:\/\/api.w.org\/{rel}","templated":true}]}}