{"id":14711,"date":"2023-02-01T14:07:19","date_gmt":"2023-02-01T14:07:19","guid":{"rendered":"https:\/\/www.public.sn\/?p=14711"},"modified":"2023-02-01T15:06:38","modified_gmt":"2023-02-01T15:06:38","slug":"14711","status":"publish","type":"post","link":"https:\/\/www.public.sn\/index.php\/2023\/02\/01\/14711\/","title":{"rendered":"Waaxtann Waaxtacc avec ADF Doudou Coulibaly et Ben Makhtar Diop"},"content":{"rendered":"<p><b>Aissatou Diop Fall re\u00e7oit ce mercredi \u00e0 l\u2019\u00e9mission Waaxtann Waaxtaaj les journalistes Doudou Coulibaly et Ben Makhtar Diop. Plusieurs sujets ont \u00e9t\u00e9 abord\u00e9s \u00e0 l&rsquo;\u00e9mission. L&rsquo;actualit\u00e9 s\u00e9n\u00e9galaise au c\u0153ur du d\u00e9bat.<\/b><\/p><div class=\"publi-paragraphe1\" style=\"margin-top: 10px;margin-bottom: 10px;margin-left: auto;margin-right: auto;text-align: center;\" id=\"publi-2950131753\"><div class=\"publi-adlabel\">Publicit\u00e9<\/div><script async src=\"\/\/pagead2.googlesyndication.com\/pagead\/js\/adsbygoogle.js?client=ca-pub-4089586018074219\" crossorigin=\"anonymous\"><\/script><ins class=\"adsbygoogle\" style=\"display:block;\" data-ad-client=\"ca-pub-4089586018074219\" \ndata-ad-slot=\"2087940154\" \ndata-ad-format=\"auto\"><\/ins>\n<script> \n(adsbygoogle = window.adsbygoogle || []).push({}); \n<\/script>\n<\/div>\n<p>Regardez!<\/p>\n<p class=\"responsive-video-wrap clr\"><iframe title=\"Actualit\u00e9 du Senegal : Proc\u00e8s Sonko-Mame Mbaye Niang, la r\u00e9vision des listes \u00e9lectorales etc...\" width=\"1200\" height=\"675\" src=\"https:\/\/www.youtube.com\/embed\/MlIlDIg8K3c?feature=oembed\" frameborder=\"0\" allow=\"accelerometer; autoplay; clipboard-write; encrypted-media; gyroscope; picture-in-picture; web-share\" allowfullscreen><\/iframe><\/p>\n<div class=\"publi-apres-le-contenu\" style=\"margin-top: 10px;margin-bottom: 10px;margin-left: auto;margin-right: auto;text-align: center;\" id=\"publi-587988593\"><div class=\"publi-adlabel\">Publicit\u00e9<\/div><script async src=\"\/\/pagead2.googlesyndication.com\/pagead\/js\/adsbygoogle.js?client=ca-pub-4089586018074219\" crossorigin=\"anonymous\"><\/script><ins class=\"adsbygoogle\" style=\"display:block;\" data-ad-client=\"ca-pub-4089586018074219\" \ndata-ad-slot=\"2087940154\" \ndata-ad-format=\"auto\"><\/ins>\n<script> \n(adsbygoogle = window.adsbygoogle || []).push({}); \n<\/script>\n<\/div>","protected":false},"excerpt":{"rendered":"<p>Aissatou Diop Fall re\u00e7oit ce mercredi \u00e0 l\u2019\u00e9mission Waaxtann Waaxtaaj les journalistes Doudou Coulibaly et Ben Makhtar Diop. Plusieurs sujets ont \u00e9t\u00e9 abord\u00e9s \u00e0 l&rsquo;\u00e9mission. L&rsquo;actualit\u00e9 s\u00e9n\u00e9galaise au c\u0153ur du d\u00e9bat. Regardez!<\/p>\n","protected":false},"author":7,"featured_media":14712,"comment_status":"open","ping_status":"open","sticky":false,"template":"","format":"standard","meta":{"_jetpack_memberships_contains_paid_content":false,"footnotes":""},"categories":[375,373,379,3724,5,3,8,376,1,4,372,6],"tags":[4121,4253,1695,4254],"class_list":["post-14711","post","type-post","status-publish","format-standard","has-post-thumbnail","hentry","category-actualites","category-environnement","category-faits-divers","category-justice","category-people","category-politique","category-public-tv","category-securite-justice","category-non-classe","category-societe","category-vedette","category-videos","tag-adf","tag-ben-makhtar-diop","tag-doudou-coulibaly","tag-waxtann-waxtacc","entry","has-media","owp-thumbs-layout-horizontal","owp-btn-normal","owp-tabs-layout-horizontal","has-no-thumbnails","has-product-nav"],"yoast_head":"<!-- This site is optimized with the Yoast SEO plugin v25.5 - https:\/\/yoast.com\/wordpress\/plugins\/seo\/ -->\n<title>Waaxtann Waaxtacc avec ADF Doudou Coulibaly et Ben Makhtar Diop - LE PUBLIC<\/title>\n<meta name=\"description\" content=\"Aissatou Diop Fall re\u00e7oit ce mercredi \u00e0 l\u2019\u00e9mission Waaxtann Waaxtaaj les journalistes Doudou Coulibaly et Ben Makhtar Diop. Plusieurs sujets ont \u00e9t\u00e9 abord\u00e9s \u00e0 l&#039;\u00e9mission. L&#039;actualit\u00e9 s\u00e9n\u00e9galaise au c\u0153ur du d\u00e9bat.\" \/>\n<meta name=\"robots\" content=\"index, follow, max-snippet:-1, max-image-preview:large, max-video-preview:-1\" \/>\n<link rel=\"canonical\" href=\"https:\/\/www.public.sn\/index.php\/2023\/02\/01\/14711\/\" \/>\n<meta property=\"og:locale\" content=\"fr_FR\" \/>\n<meta property=\"og:type\" content=\"article\" \/>\n<meta property=\"og:title\" content=\"Waaxtann Waaxtacc avec ADF Doudou Coulibaly et Ben Makhtar Diop - LE PUBLIC\" \/>\n<meta property=\"og:description\" content=\"Aissatou Diop Fall re\u00e7oit ce mercredi \u00e0 l\u2019\u00e9mission Waaxtann Waaxtaaj les journalistes Doudou Coulibaly et Ben Makhtar Diop. Plusieurs sujets ont \u00e9t\u00e9 abord\u00e9s \u00e0 l&#039;\u00e9mission. L&#039;actualit\u00e9 s\u00e9n\u00e9galaise au c\u0153ur du d\u00e9bat.\" \/>\n<meta property=\"og:url\" content=\"https:\/\/www.public.sn\/index.php\/2023\/02\/01\/14711\/\" \/>\n<meta property=\"og:site_name\" content=\"LE PUBLIC\" \/>\n<meta property=\"article:published_time\" content=\"2023-02-01T14:07:19+00:00\" \/>\n<meta property=\"article:modified_time\" content=\"2023-02-01T15:06:38+00:00\" \/>\n<meta property=\"og:image\" content=\"https:\/\/www.public.sn\/wp-content\/uploads\/2023\/02\/WhatsApp-Image-2023-02-01-at-12.39.04.jpeg\" \/>\n\t<meta property=\"og:image:width\" content=\"1366\" \/>\n\t<meta property=\"og:image:height\" content=\"768\" \/>\n\t<meta property=\"og:image:type\" content=\"image\/jpeg\" \/>\n<meta name=\"author\" content=\"LA REDACTION\" \/>\n<meta name=\"twitter:card\" content=\"summary_large_image\" \/>\n<meta name=\"twitter:label1\" content=\"\u00c9crit par\" \/>\n\t<meta name=\"twitter:data1\" content=\"LA REDACTION\" \/>\n\t<meta name=\"twitter:label2\" content=\"Dur\u00e9e de lecture estim\u00e9e\" \/>\n\t<meta name=\"twitter:data2\" content=\"1 minute\" \/>\n<script type=\"application\/ld+json\" class=\"yoast-schema-graph\">{\"@context\":\"https:\/\/schema.org\",\"@graph\":[{\"@type\":\"Article\",\"@id\":\"https:\/\/www.public.sn\/index.php\/2023\/02\/01\/14711\/#article\",\"isPartOf\":{\"@id\":\"https:\/\/www.public.sn\/index.php\/2023\/02\/01\/14711\/\"},\"author\":{\"name\":\"LA REDACTION\",\"@id\":\"https:\/\/www.public.sn\/#\/schema\/person\/cb76c8e1b8becc6be61fb5e92d6d0224\"},\"headline\":\"Waaxtann Waaxtacc avec ADF Doudou Coulibaly et Ben Makhtar Diop\",\"datePublished\":\"2023-02-01T14:07:19+00:00\",\"dateModified\":\"2023-02-01T15:06:38+00:00\",\"mainEntityOfPage\":{\"@id\":\"https:\/\/www.public.sn\/index.php\/2023\/02\/01\/14711\/\"},\"wordCount\":57,\"commentCount\":0,\"publisher\":{\"@id\":\"https:\/\/www.public.sn\/#organization\"},\"image\":{\"@id\":\"https:\/\/www.public.sn\/index.php\/2023\/02\/01\/14711\/#primaryimage\"},\"thumbnailUrl\":\"https:\/\/www.public.sn\/wp-content\/uploads\/2023\/02\/WhatsApp-Image-2023-02-01-at-12.39.04.jpeg\",\"keywords\":[\"ADF\",\"ben makhtar diop\",\"doudou coulibaly\",\"waxtann waxtacc\"],\"articleSection\":[\"ACTUALIT\u00c9S\",\"ENVIRONNEMENT\",\"FAITS DIVERS\",\"justice\",\"PEOPLE\",\"POLITIQUE\",\"PUBLIC TV\",\"S\u00c9CURIT\u00c9 &amp; JUSTICE\",\"S\u00c9N\u00c9GAL\",\"SOCIETE\",\"VEDETTE\",\"VIDEOS\"],\"inLanguage\":\"fr-FR\",\"potentialAction\":[{\"@type\":\"CommentAction\",\"name\":\"Comment\",\"target\":[\"https:\/\/www.public.sn\/index.php\/2023\/02\/01\/14711\/#respond\"]}]},{\"@type\":\"WebPage\",\"@id\":\"https:\/\/www.public.sn\/index.php\/2023\/02\/01\/14711\/\",\"url\":\"https:\/\/www.public.sn\/index.php\/2023\/02\/01\/14711\/\",\"name\":\"Waaxtann Waaxtacc avec ADF Doudou Coulibaly et Ben Makhtar Diop - LE PUBLIC\",\"isPartOf\":{\"@id\":\"https:\/\/www.public.sn\/#website\"},\"primaryImageOfPage\":{\"@id\":\"https:\/\/www.public.sn\/index.php\/2023\/02\/01\/14711\/#primaryimage\"},\"image\":{\"@id\":\"https:\/\/www.public.sn\/index.php\/2023\/02\/01\/14711\/#primaryimage\"},\"thumbnailUrl\":\"https:\/\/www.public.sn\/wp-content\/uploads\/2023\/02\/WhatsApp-Image-2023-02-01-at-12.39.04.jpeg\",\"datePublished\":\"2023-02-01T14:07:19+00:00\",\"dateModified\":\"2023-02-01T15:06:38+00:00\",\"description\":\"Aissatou Diop Fall re\u00e7oit ce mercredi \u00e0 l\u2019\u00e9mission Waaxtann Waaxtaaj les journalistes Doudou Coulibaly et Ben Makhtar Diop. Plusieurs sujets ont \u00e9t\u00e9 abord\u00e9s \u00e0 l'\u00e9mission. L'actualit\u00e9 s\u00e9n\u00e9galaise au c\u0153ur du d\u00e9bat.\",\"breadcrumb\":{\"@id\":\"https:\/\/www.public.sn\/index.php\/2023\/02\/01\/14711\/#breadcrumb\"},\"inLanguage\":\"fr-FR\",\"potentialAction\":[{\"@type\":\"ReadAction\",\"target\":[\"https:\/\/www.public.sn\/index.php\/2023\/02\/01\/14711\/\"]}]},{\"@type\":\"ImageObject\",\"inLanguage\":\"fr-FR\",\"@id\":\"https:\/\/www.public.sn\/index.php\/2023\/02\/01\/14711\/#primaryimage\",\"url\":\"https:\/\/www.public.sn\/wp-content\/uploads\/2023\/02\/WhatsApp-Image-2023-02-01-at-12.39.04.jpeg\",\"contentUrl\":\"https:\/\/www.public.sn\/wp-content\/uploads\/2023\/02\/WhatsApp-Image-2023-02-01-at-12.39.04.jpeg\",\"width\":1366,\"height\":768},{\"@type\":\"BreadcrumbList\",\"@id\":\"https:\/\/www.public.sn\/index.php\/2023\/02\/01\/14711\/#breadcrumb\",\"itemListElement\":[{\"@type\":\"ListItem\",\"position\":1,\"name\":\"Accueil\",\"item\":\"https:\/\/www.public.sn\/\"},{\"@type\":\"ListItem\",\"position\":2,\"name\":\"Waaxtann Waaxtacc avec ADF Doudou Coulibaly et Ben Makhtar Diop\"}]},{\"@type\":\"WebSite\",\"@id\":\"https:\/\/www.public.sn\/#website\",\"url\":\"https:\/\/www.public.sn\/\",\"name\":\"LE PUBLIC\",\"description\":\"\",\"publisher\":{\"@id\":\"https:\/\/www.public.sn\/#organization\"},\"potentialAction\":[{\"@type\":\"SearchAction\",\"target\":{\"@type\":\"EntryPoint\",\"urlTemplate\":\"https:\/\/www.public.sn\/?s={search_term_string}\"},\"query-input\":{\"@type\":\"PropertyValueSpecification\",\"valueRequired\":true,\"valueName\":\"search_term_string\"}}],\"inLanguage\":\"fr-FR\"},{\"@type\":\"Organization\",\"@id\":\"https:\/\/www.public.sn\/#organization\",\"name\":\"LE PUBLIC\",\"url\":\"https:\/\/www.public.sn\/\",\"logo\":{\"@type\":\"ImageObject\",\"inLanguage\":\"fr-FR\",\"@id\":\"https:\/\/www.public.sn\/#\/schema\/logo\/image\/\",\"url\":\"https:\/\/www.public.sn\/wp-content\/uploads\/2024\/05\/cropped-LOGO-PUBLIC.SN_.png\",\"contentUrl\":\"https:\/\/www.public.sn\/wp-content\/uploads\/2024\/05\/cropped-LOGO-PUBLIC.SN_.png\",\"width\":682,\"height\":192,\"caption\":\"LE PUBLIC\"},\"image\":{\"@id\":\"https:\/\/www.public.sn\/#\/schema\/logo\/image\/\"}},{\"@type\":\"Person\",\"@id\":\"https:\/\/www.public.sn\/#\/schema\/person\/cb76c8e1b8becc6be61fb5e92d6d0224\",\"name\":\"LA REDACTION\",\"image\":{\"@type\":\"ImageObject\",\"inLanguage\":\"fr-FR\",\"@id\":\"https:\/\/www.public.sn\/#\/schema\/person\/image\/\",\"url\":\"https:\/\/secure.gravatar.com\/avatar\/2dce5ddd34b8fef0180efe03aa2a9bee7d953856048f9a16b298190a3178407c?s=96&d=mm&r=g\",\"contentUrl\":\"https:\/\/secure.gravatar.com\/avatar\/2dce5ddd34b8fef0180efe03aa2a9bee7d953856048f9a16b298190a3178407c?s=96&d=mm&r=g\",\"caption\":\"LA REDACTION\"},\"url\":\"https:\/\/www.public.sn\/index.php\/author\/editeurpsn\/\"}]}<\/script>\n<!-- \/ Yoast SEO plugin. -->","yoast_head_json":{"title":"Waaxtann Waaxtacc avec ADF Doudou Coulibaly et Ben Makhtar Diop - LE PUBLIC","description":"Aissatou Diop Fall re\u00e7oit ce mercredi \u00e0 l\u2019\u00e9mission Waaxtann Waaxtaaj les journalistes Doudou Coulibaly et Ben Makhtar Diop. Plusieurs sujets ont \u00e9t\u00e9 abord\u00e9s \u00e0 l'\u00e9mission. L'actualit\u00e9 s\u00e9n\u00e9galaise au c\u0153ur du d\u00e9bat.","robots":{"index":"index","follow":"follow","max-snippet":"max-snippet:-1","max-image-preview":"max-image-preview:large","max-video-preview":"max-video-preview:-1"},"canonical":"https:\/\/www.public.sn\/index.php\/2023\/02\/01\/14711\/","og_locale":"fr_FR","og_type":"article","og_title":"Waaxtann Waaxtacc avec ADF Doudou Coulibaly et Ben Makhtar Diop - LE PUBLIC","og_description":"Aissatou Diop Fall re\u00e7oit ce mercredi \u00e0 l\u2019\u00e9mission Waaxtann Waaxtaaj les journalistes Doudou Coulibaly et Ben Makhtar Diop. Plusieurs sujets ont \u00e9t\u00e9 abord\u00e9s \u00e0 l'\u00e9mission. L'actualit\u00e9 s\u00e9n\u00e9galaise au c\u0153ur du d\u00e9bat.","og_url":"https:\/\/www.public.sn\/index.php\/2023\/02\/01\/14711\/","og_site_name":"LE PUBLIC","article_published_time":"2023-02-01T14:07:19+00:00","article_modified_time":"2023-02-01T15:06:38+00:00","og_image":[{"width":1366,"height":768,"url":"https:\/\/www.public.sn\/wp-content\/uploads\/2023\/02\/WhatsApp-Image-2023-02-01-at-12.39.04.jpeg","type":"image\/jpeg"}],"author":"LA REDACTION","twitter_card":"summary_large_image","twitter_misc":{"\u00c9crit par":"LA REDACTION","Dur\u00e9e de lecture estim\u00e9e":"1 minute"},"schema":{"@context":"https:\/\/schema.org","@graph":[{"@type":"Article","@id":"https:\/\/www.public.sn\/index.php\/2023\/02\/01\/14711\/#article","isPartOf":{"@id":"https:\/\/www.public.sn\/index.php\/2023\/02\/01\/14711\/"},"author":{"name":"LA REDACTION","@id":"https:\/\/www.public.sn\/#\/schema\/person\/cb76c8e1b8becc6be61fb5e92d6d0224"},"headline":"Waaxtann Waaxtacc avec ADF Doudou Coulibaly et Ben Makhtar Diop","datePublished":"2023-02-01T14:07:19+00:00","dateModified":"2023-02-01T15:06:38+00:00","mainEntityOfPage":{"@id":"https:\/\/www.public.sn\/index.php\/2023\/02\/01\/14711\/"},"wordCount":57,"commentCount":0,"publisher":{"@id":"https:\/\/www.public.sn\/#organization"},"image":{"@id":"https:\/\/www.public.sn\/index.php\/2023\/02\/01\/14711\/#primaryimage"},"thumbnailUrl":"https:\/\/www.public.sn\/wp-content\/uploads\/2023\/02\/WhatsApp-Image-2023-02-01-at-12.39.04.jpeg","keywords":["ADF","ben makhtar diop","doudou coulibaly","waxtann waxtacc"],"articleSection":["ACTUALIT\u00c9S","ENVIRONNEMENT","FAITS DIVERS","justice","PEOPLE","POLITIQUE","PUBLIC TV","S\u00c9CURIT\u00c9 &amp; JUSTICE","S\u00c9N\u00c9GAL","SOCIETE","VEDETTE","VIDEOS"],"inLanguage":"fr-FR","potentialAction":[{"@type":"CommentAction","name":"Comment","target":["https:\/\/www.public.sn\/index.php\/2023\/02\/01\/14711\/#respond"]}]},{"@type":"WebPage","@id":"https:\/\/www.public.sn\/index.php\/2023\/02\/01\/14711\/","url":"https:\/\/www.public.sn\/index.php\/2023\/02\/01\/14711\/","name":"Waaxtann Waaxtacc avec ADF Doudou Coulibaly et Ben Makhtar Diop - LE PUBLIC","isPartOf":{"@id":"https:\/\/www.public.sn\/#website"},"primaryImageOfPage":{"@id":"https:\/\/www.public.sn\/index.php\/2023\/02\/01\/14711\/#primaryimage"},"image":{"@id":"https:\/\/www.public.sn\/index.php\/2023\/02\/01\/14711\/#primaryimage"},"thumbnailUrl":"https:\/\/www.public.sn\/wp-content\/uploads\/2023\/02\/WhatsApp-Image-2023-02-01-at-12.39.04.jpeg","datePublished":"2023-02-01T14:07:19+00:00","dateModified":"2023-02-01T15:06:38+00:00","description":"Aissatou Diop Fall re\u00e7oit ce mercredi \u00e0 l\u2019\u00e9mission Waaxtann Waaxtaaj les journalistes Doudou Coulibaly et Ben Makhtar Diop. Plusieurs sujets ont \u00e9t\u00e9 abord\u00e9s \u00e0 l'\u00e9mission. L'actualit\u00e9 s\u00e9n\u00e9galaise au c\u0153ur du d\u00e9bat.","breadcrumb":{"@id":"https:\/\/www.public.sn\/index.php\/2023\/02\/01\/14711\/#breadcrumb"},"inLanguage":"fr-FR","potentialAction":[{"@type":"ReadAction","target":["https:\/\/www.public.sn\/index.php\/2023\/02\/01\/14711\/"]}]},{"@type":"ImageObject","inLanguage":"fr-FR","@id":"https:\/\/www.public.sn\/index.php\/2023\/02\/01\/14711\/#primaryimage","url":"https:\/\/www.public.sn\/wp-content\/uploads\/2023\/02\/WhatsApp-Image-2023-02-01-at-12.39.04.jpeg","contentUrl":"https:\/\/www.public.sn\/wp-content\/uploads\/2023\/02\/WhatsApp-Image-2023-02-01-at-12.39.04.jpeg","width":1366,"height":768},{"@type":"BreadcrumbList","@id":"https:\/\/www.public.sn\/index.php\/2023\/02\/01\/14711\/#breadcrumb","itemListElement":[{"@type":"ListItem","position":1,"name":"Accueil","item":"https:\/\/www.public.sn\/"},{"@type":"ListItem","position":2,"name":"Waaxtann Waaxtacc avec ADF Doudou Coulibaly et Ben Makhtar Diop"}]},{"@type":"WebSite","@id":"https:\/\/www.public.sn\/#website","url":"https:\/\/www.public.sn\/","name":"LE PUBLIC","description":"","publisher":{"@id":"https:\/\/www.public.sn\/#organization"},"potentialAction":[{"@type":"SearchAction","target":{"@type":"EntryPoint","urlTemplate":"https:\/\/www.public.sn\/?s={search_term_string}"},"query-input":{"@type":"PropertyValueSpecification","valueRequired":true,"valueName":"search_term_string"}}],"inLanguage":"fr-FR"},{"@type":"Organization","@id":"https:\/\/www.public.sn\/#organization","name":"LE PUBLIC","url":"https:\/\/www.public.sn\/","logo":{"@type":"ImageObject","inLanguage":"fr-FR","@id":"https:\/\/www.public.sn\/#\/schema\/logo\/image\/","url":"https:\/\/www.public.sn\/wp-content\/uploads\/2024\/05\/cropped-LOGO-PUBLIC.SN_.png","contentUrl":"https:\/\/www.public.sn\/wp-content\/uploads\/2024\/05\/cropped-LOGO-PUBLIC.SN_.png","width":682,"height":192,"caption":"LE PUBLIC"},"image":{"@id":"https:\/\/www.public.sn\/#\/schema\/logo\/image\/"}},{"@type":"Person","@id":"https:\/\/www.public.sn\/#\/schema\/person\/cb76c8e1b8becc6be61fb5e92d6d0224","name":"LA REDACTION","image":{"@type":"ImageObject","inLanguage":"fr-FR","@id":"https:\/\/www.public.sn\/#\/schema\/person\/image\/","url":"https:\/\/secure.gravatar.com\/avatar\/2dce5ddd34b8fef0180efe03aa2a9bee7d953856048f9a16b298190a3178407c?s=96&d=mm&r=g","contentUrl":"https:\/\/secure.gravatar.com\/avatar\/2dce5ddd34b8fef0180efe03aa2a9bee7d953856048f9a16b298190a3178407c?s=96&d=mm&r=g","caption":"LA REDACTION"},"url":"https:\/\/www.public.sn\/index.php\/author\/editeurpsn\/"}]}},"jetpack_featured_media_url":"https:\/\/www.public.sn\/wp-content\/uploads\/2023\/02\/WhatsApp-Image-2023-02-01-at-12.39.04.jpeg","jetpack_sharing_enabled":true,"_links":{"self":[{"href":"https:\/\/www.public.sn\/index.php\/wp-json\/wp\/v2\/posts\/14711","targetHints":{"allow":["GET"]}}],"collection":[{"href":"https:\/\/www.public.sn\/index.php\/wp-json\/wp\/v2\/posts"}],"about":[{"href":"https:\/\/www.public.sn\/index.php\/wp-json\/wp\/v2\/types\/post"}],"author":[{"embeddable":true,"href":"https:\/\/www.public.sn\/index.php\/wp-json\/wp\/v2\/users\/7"}],"replies":[{"embeddable":true,"href":"https:\/\/www.public.sn\/index.php\/wp-json\/wp\/v2\/comments?post=14711"}],"version-history":[{"count":4,"href":"https:\/\/www.public.sn\/index.php\/wp-json\/wp\/v2\/posts\/14711\/revisions"}],"predecessor-version":[{"id":14717,"href":"https:\/\/www.public.sn\/index.php\/wp-json\/wp\/v2\/posts\/14711\/revisions\/14717"}],"wp:featuredmedia":[{"embeddable":true,"href":"https:\/\/www.public.sn\/index.php\/wp-json\/wp\/v2\/media\/14712"}],"wp:attachment":[{"href":"https:\/\/www.public.sn\/index.php\/wp-json\/wp\/v2\/media?parent=14711"}],"wp:term":[{"taxonomy":"category","embeddable":true,"href":"https:\/\/www.public.sn\/index.php\/wp-json\/wp\/v2\/categories?post=14711"},{"taxonomy":"post_tag","embeddable":true,"href":"https:\/\/www.public.sn\/index.php\/wp-json\/wp\/v2\/tags?post=14711"}],"curies":[{"name":"wp","href":"https:\/\/api.w.org\/{rel}","templated":true}]}}