{"id":14720,"date":"2023-02-01T16:25:57","date_gmt":"2023-02-01T16:25:57","guid":{"rendered":"https:\/\/www.public.sn\/?p=14720"},"modified":"2023-02-01T16:04:08","modified_gmt":"2023-02-01T16:04:08","slug":"enseignement-superieur-le-saes-uadb-decrete-un-mot-dordre-de-greve-illimitee-a-partir","status":"publish","type":"post","link":"https:\/\/www.public.sn\/index.php\/2023\/02\/01\/enseignement-superieur-le-saes-uadb-decrete-un-mot-dordre-de-greve-illimitee-a-partir\/","title":{"rendered":"Enseignement sup\u00e9rieur : le Saes-Uadb d\u00e9cr\u00e8te un mot d&rsquo;ordre de gr\u00e8ve illimit\u00e9e \u00e0 partir&#8230;"},"content":{"rendered":"<p><strong>Pour exiger la mise en place du Conseil d&rsquo;administration de l&rsquo;Universit\u00e9 Alioune Diop de Bambey le syndicat autonome des enseignants du sup\u00e9rieur a annonce une gr\u00e8ve illimit\u00e9e \u00e0 partir de lundi prochain. L&rsquo;annonce a \u00e9t\u00e9 faite lors d&rsquo;un point de presse tenue ce mardi 31 janvier 2023 \u00e0 l&rsquo;issue de son Assembl\u00e9e g\u00e9n\u00e9rale.<\/strong><\/p><div class=\"publi-paragraphe1\" style=\"margin-top: 10px;margin-bottom: 10px;margin-left: auto;margin-right: auto;text-align: center;\" id=\"publi-3904840742\"><div class=\"publi-adlabel\">Publicit\u00e9<\/div><script async src=\"\/\/pagead2.googlesyndication.com\/pagead\/js\/adsbygoogle.js?client=ca-pub-4089586018074219\" crossorigin=\"anonymous\"><\/script><ins class=\"adsbygoogle\" style=\"display:block;\" data-ad-client=\"ca-pub-4089586018074219\" \ndata-ad-slot=\"2087940154\" \ndata-ad-format=\"auto\"><\/ins>\n<script> \n(adsbygoogle = window.adsbygoogle || []).push({}); \n<\/script>\n<\/div>\n<p>Le professeur Issa Samb, Coordonnateur du Saes Uadb, a fait savoir dans le journal l&rsquo;Observateur que l&rsquo;\u00e9lection des membres du Conseil d&rsquo;administration est un imp\u00e9ratif pour le fonctionnement normal de ce temple du savoir.<\/p>\n<div class=\"publi-apres-le-contenu\" style=\"margin-top: 10px;margin-bottom: 10px;margin-left: auto;margin-right: auto;text-align: center;\" id=\"publi-2443003946\"><div class=\"publi-adlabel\">Publicit\u00e9<\/div><script async src=\"\/\/pagead2.googlesyndication.com\/pagead\/js\/adsbygoogle.js?client=ca-pub-4089586018074219\" crossorigin=\"anonymous\"><\/script><ins class=\"adsbygoogle\" style=\"display:block;\" data-ad-client=\"ca-pub-4089586018074219\" \ndata-ad-slot=\"2087940154\" \ndata-ad-format=\"auto\"><\/ins>\n<script> \n(adsbygoogle = window.adsbygoogle || []).push({}); \n<\/script>\n<\/div>","protected":false},"excerpt":{"rendered":"<p>Pour exiger la mise en place du Conseil d&rsquo;administration de l&rsquo;Universit\u00e9 Alioune Diop de Bambey le syndicat autonome des enseignants du sup\u00e9rieur a annonce une gr\u00e8ve illimit\u00e9e \u00e0 partir de lundi prochain. L&rsquo;annonce a \u00e9t\u00e9 faite lors d&rsquo;un point de presse tenue ce mardi 31 janvier 2023 \u00e0 l&rsquo;issue de son Assembl\u00e9e g\u00e9n\u00e9rale. Le professeur Issa Samb, Coordonnateur du Saes Uadb, a fait savoir dans le journal l&rsquo;Observateur que l&rsquo;\u00e9lection des membres du Conseil d&rsquo;administration est un imp\u00e9ratif pour le fonctionnement normal de ce temple du savoir.<\/p>\n","protected":false},"author":1,"featured_media":14721,"comment_status":"open","ping_status":"open","sticky":false,"template":"","format":"standard","meta":{"_jetpack_memberships_contains_paid_content":false,"footnotes":""},"categories":[854,1],"tags":[474,4255,2217,3397],"class_list":["post-14720","post","type-post","status-publish","format-standard","has-post-thumbnail","hentry","category-education","category-non-classe","tag-greve","tag-issa-samb","tag-saes","tag-uadb","entry","has-media","owp-thumbs-layout-horizontal","owp-btn-normal","owp-tabs-layout-horizontal","has-no-thumbnails","has-product-nav"],"yoast_head":"<!-- This site is optimized with the Yoast SEO plugin v25.5 - https:\/\/yoast.com\/wordpress\/plugins\/seo\/ -->\n<title>Enseignement sup\u00e9rieur : le Saes-Uadb d\u00e9cr\u00e8te un mot d&#039;ordre de gr\u00e8ve illimit\u00e9e \u00e0 partir... - LE PUBLIC<\/title>\n<meta name=\"description\" content=\"Pour exiger la mise en place du Conseil d&#039;administration de l&#039;Universit\u00e9 Alioune Diop de Bambey le syndicat autonome des enseignants du sup\u00e9rieur a annonce une gr\u00e8ve illimit\u00e9e \u00e0 partir de lundi prochain. L&#039;annonce a \u00e9t\u00e9 faite lors d&#039;un point de presse tenue ce mardi 31 janvier 2023 \u00e0 l&#039;issue de son Assembl\u00e9e g\u00e9n\u00e9rale.\" \/>\n<meta name=\"robots\" content=\"index, follow, max-snippet:-1, max-image-preview:large, max-video-preview:-1\" \/>\n<link rel=\"canonical\" href=\"https:\/\/www.public.sn\/index.php\/2023\/02\/01\/enseignement-superieur-le-saes-uadb-decrete-un-mot-dordre-de-greve-illimitee-a-partir\/\" \/>\n<meta property=\"og:locale\" content=\"fr_FR\" \/>\n<meta property=\"og:type\" content=\"article\" \/>\n<meta property=\"og:title\" content=\"Enseignement sup\u00e9rieur : le Saes-Uadb d\u00e9cr\u00e8te un mot d&#039;ordre de gr\u00e8ve illimit\u00e9e \u00e0 partir... - LE PUBLIC\" \/>\n<meta property=\"og:description\" content=\"Pour exiger la mise en place du Conseil d&#039;administration de l&#039;Universit\u00e9 Alioune Diop de Bambey le syndicat autonome des enseignants du sup\u00e9rieur a annonce une gr\u00e8ve illimit\u00e9e \u00e0 partir de lundi prochain. L&#039;annonce a \u00e9t\u00e9 faite lors d&#039;un point de presse tenue ce mardi 31 janvier 2023 \u00e0 l&#039;issue de son Assembl\u00e9e g\u00e9n\u00e9rale.\" \/>\n<meta property=\"og:url\" content=\"https:\/\/www.public.sn\/index.php\/2023\/02\/01\/enseignement-superieur-le-saes-uadb-decrete-un-mot-dordre-de-greve-illimitee-a-partir\/\" \/>\n<meta property=\"og:site_name\" content=\"LE PUBLIC\" \/>\n<meta property=\"article:published_time\" content=\"2023-02-01T16:25:57+00:00\" \/>\n<meta property=\"og:image\" content=\"https:\/\/www.public.sn\/wp-content\/uploads\/2023\/02\/SAES.jpeg\" \/>\n\t<meta property=\"og:image:width\" content=\"750\" \/>\n\t<meta property=\"og:image:height\" content=\"375\" \/>\n\t<meta property=\"og:image:type\" content=\"image\/jpeg\" \/>\n<meta name=\"author\" content=\"LA REDACTION\" \/>\n<meta name=\"twitter:card\" content=\"summary_large_image\" \/>\n<meta name=\"twitter:label1\" content=\"\u00c9crit par\" \/>\n\t<meta name=\"twitter:data1\" content=\"LA REDACTION\" \/>\n\t<meta name=\"twitter:label2\" content=\"Dur\u00e9e de lecture estim\u00e9e\" \/>\n\t<meta name=\"twitter:data2\" content=\"1 minute\" \/>\n<script type=\"application\/ld+json\" class=\"yoast-schema-graph\">{\"@context\":\"https:\/\/schema.org\",\"@graph\":[{\"@type\":\"Article\",\"@id\":\"https:\/\/www.public.sn\/index.php\/2023\/02\/01\/enseignement-superieur-le-saes-uadb-decrete-un-mot-dordre-de-greve-illimitee-a-partir\/#article\",\"isPartOf\":{\"@id\":\"https:\/\/www.public.sn\/index.php\/2023\/02\/01\/enseignement-superieur-le-saes-uadb-decrete-un-mot-dordre-de-greve-illimitee-a-partir\/\"},\"author\":{\"name\":\"LA REDACTION\",\"@id\":\"https:\/\/www.public.sn\/#\/schema\/person\/e3f4a11b037d4203902db148f9bc8d5a\"},\"headline\":\"Enseignement sup\u00e9rieur : le Saes-Uadb d\u00e9cr\u00e8te un mot d&rsquo;ordre de gr\u00e8ve illimit\u00e9e \u00e0 partir&#8230;\",\"datePublished\":\"2023-02-01T16:25:57+00:00\",\"mainEntityOfPage\":{\"@id\":\"https:\/\/www.public.sn\/index.php\/2023\/02\/01\/enseignement-superieur-le-saes-uadb-decrete-un-mot-dordre-de-greve-illimitee-a-partir\/\"},\"wordCount\":108,\"commentCount\":0,\"publisher\":{\"@id\":\"https:\/\/www.public.sn\/#organization\"},\"image\":{\"@id\":\"https:\/\/www.public.sn\/index.php\/2023\/02\/01\/enseignement-superieur-le-saes-uadb-decrete-un-mot-dordre-de-greve-illimitee-a-partir\/#primaryimage\"},\"thumbnailUrl\":\"https:\/\/www.public.sn\/wp-content\/uploads\/2023\/02\/SAES.jpeg\",\"keywords\":[\"Gr\u00e8ve\",\"Issa Samb\",\"SAES\",\"uadb\"],\"articleSection\":[\"\u00c9DUCATION\",\"S\u00c9N\u00c9GAL\"],\"inLanguage\":\"fr-FR\",\"potentialAction\":[{\"@type\":\"CommentAction\",\"name\":\"Comment\",\"target\":[\"https:\/\/www.public.sn\/index.php\/2023\/02\/01\/enseignement-superieur-le-saes-uadb-decrete-un-mot-dordre-de-greve-illimitee-a-partir\/#respond\"]}]},{\"@type\":\"WebPage\",\"@id\":\"https:\/\/www.public.sn\/index.php\/2023\/02\/01\/enseignement-superieur-le-saes-uadb-decrete-un-mot-dordre-de-greve-illimitee-a-partir\/\",\"url\":\"https:\/\/www.public.sn\/index.php\/2023\/02\/01\/enseignement-superieur-le-saes-uadb-decrete-un-mot-dordre-de-greve-illimitee-a-partir\/\",\"name\":\"Enseignement sup\u00e9rieur : le Saes-Uadb d\u00e9cr\u00e8te un mot d'ordre de gr\u00e8ve illimit\u00e9e \u00e0 partir... - LE PUBLIC\",\"isPartOf\":{\"@id\":\"https:\/\/www.public.sn\/#website\"},\"primaryImageOfPage\":{\"@id\":\"https:\/\/www.public.sn\/index.php\/2023\/02\/01\/enseignement-superieur-le-saes-uadb-decrete-un-mot-dordre-de-greve-illimitee-a-partir\/#primaryimage\"},\"image\":{\"@id\":\"https:\/\/www.public.sn\/index.php\/2023\/02\/01\/enseignement-superieur-le-saes-uadb-decrete-un-mot-dordre-de-greve-illimitee-a-partir\/#primaryimage\"},\"thumbnailUrl\":\"https:\/\/www.public.sn\/wp-content\/uploads\/2023\/02\/SAES.jpeg\",\"datePublished\":\"2023-02-01T16:25:57+00:00\",\"description\":\"Pour exiger la mise en place du Conseil d'administration de l'Universit\u00e9 Alioune Diop de Bambey le syndicat autonome des enseignants du sup\u00e9rieur a annonce une gr\u00e8ve illimit\u00e9e \u00e0 partir de lundi prochain. L'annonce a \u00e9t\u00e9 faite lors d'un point de presse tenue ce mardi 31 janvier 2023 \u00e0 l'issue de son Assembl\u00e9e g\u00e9n\u00e9rale.\",\"breadcrumb\":{\"@id\":\"https:\/\/www.public.sn\/index.php\/2023\/02\/01\/enseignement-superieur-le-saes-uadb-decrete-un-mot-dordre-de-greve-illimitee-a-partir\/#breadcrumb\"},\"inLanguage\":\"fr-FR\",\"potentialAction\":[{\"@type\":\"ReadAction\",\"target\":[\"https:\/\/www.public.sn\/index.php\/2023\/02\/01\/enseignement-superieur-le-saes-uadb-decrete-un-mot-dordre-de-greve-illimitee-a-partir\/\"]}]},{\"@type\":\"ImageObject\",\"inLanguage\":\"fr-FR\",\"@id\":\"https:\/\/www.public.sn\/index.php\/2023\/02\/01\/enseignement-superieur-le-saes-uadb-decrete-un-mot-dordre-de-greve-illimitee-a-partir\/#primaryimage\",\"url\":\"https:\/\/www.public.sn\/wp-content\/uploads\/2023\/02\/SAES.jpeg\",\"contentUrl\":\"https:\/\/www.public.sn\/wp-content\/uploads\/2023\/02\/SAES.jpeg\",\"width\":750,\"height\":375},{\"@type\":\"BreadcrumbList\",\"@id\":\"https:\/\/www.public.sn\/index.php\/2023\/02\/01\/enseignement-superieur-le-saes-uadb-decrete-un-mot-dordre-de-greve-illimitee-a-partir\/#breadcrumb\",\"itemListElement\":[{\"@type\":\"ListItem\",\"position\":1,\"name\":\"Accueil\",\"item\":\"https:\/\/www.public.sn\/\"},{\"@type\":\"ListItem\",\"position\":2,\"name\":\"Enseignement sup\u00e9rieur : le Saes-Uadb d\u00e9cr\u00e8te un mot d&rsquo;ordre de gr\u00e8ve illimit\u00e9e \u00e0 partir&#8230;\"}]},{\"@type\":\"WebSite\",\"@id\":\"https:\/\/www.public.sn\/#website\",\"url\":\"https:\/\/www.public.sn\/\",\"name\":\"LE PUBLIC\",\"description\":\"\",\"publisher\":{\"@id\":\"https:\/\/www.public.sn\/#organization\"},\"potentialAction\":[{\"@type\":\"SearchAction\",\"target\":{\"@type\":\"EntryPoint\",\"urlTemplate\":\"https:\/\/www.public.sn\/?s={search_term_string}\"},\"query-input\":{\"@type\":\"PropertyValueSpecification\",\"valueRequired\":true,\"valueName\":\"search_term_string\"}}],\"inLanguage\":\"fr-FR\"},{\"@type\":\"Organization\",\"@id\":\"https:\/\/www.public.sn\/#organization\",\"name\":\"LE PUBLIC\",\"url\":\"https:\/\/www.public.sn\/\",\"logo\":{\"@type\":\"ImageObject\",\"inLanguage\":\"fr-FR\",\"@id\":\"https:\/\/www.public.sn\/#\/schema\/logo\/image\/\",\"url\":\"https:\/\/www.public.sn\/wp-content\/uploads\/2024\/05\/cropped-LOGO-PUBLIC.SN_.png\",\"contentUrl\":\"https:\/\/www.public.sn\/wp-content\/uploads\/2024\/05\/cropped-LOGO-PUBLIC.SN_.png\",\"width\":682,\"height\":192,\"caption\":\"LE PUBLIC\"},\"image\":{\"@id\":\"https:\/\/www.public.sn\/#\/schema\/logo\/image\/\"}},{\"@type\":\"Person\",\"@id\":\"https:\/\/www.public.sn\/#\/schema\/person\/e3f4a11b037d4203902db148f9bc8d5a\",\"name\":\"LA REDACTION\",\"image\":{\"@type\":\"ImageObject\",\"inLanguage\":\"fr-FR\",\"@id\":\"https:\/\/www.public.sn\/#\/schema\/person\/image\/\",\"url\":\"https:\/\/secure.gravatar.com\/avatar\/d6c030db45db2883c075085c5d6c6258654a801a93766b49af0b82d4f454e2a5?s=96&d=mm&r=g\",\"contentUrl\":\"https:\/\/secure.gravatar.com\/avatar\/d6c030db45db2883c075085c5d6c6258654a801a93766b49af0b82d4f454e2a5?s=96&d=mm&r=g\",\"caption\":\"LA REDACTION\"},\"sameAs\":[\"http:\/\/www.public.sn\"],\"url\":\"https:\/\/www.public.sn\/index.php\/author\/admin7324\/\"}]}<\/script>\n<!-- \/ Yoast SEO plugin. -->","yoast_head_json":{"title":"Enseignement sup\u00e9rieur : le Saes-Uadb d\u00e9cr\u00e8te un mot d'ordre de gr\u00e8ve illimit\u00e9e \u00e0 partir... - LE PUBLIC","description":"Pour exiger la mise en place du Conseil d'administration de l'Universit\u00e9 Alioune Diop de Bambey le syndicat autonome des enseignants du sup\u00e9rieur a annonce une gr\u00e8ve illimit\u00e9e \u00e0 partir de lundi prochain. L'annonce a \u00e9t\u00e9 faite lors d'un point de presse tenue ce mardi 31 janvier 2023 \u00e0 l'issue de son Assembl\u00e9e g\u00e9n\u00e9rale.","robots":{"index":"index","follow":"follow","max-snippet":"max-snippet:-1","max-image-preview":"max-image-preview:large","max-video-preview":"max-video-preview:-1"},"canonical":"https:\/\/www.public.sn\/index.php\/2023\/02\/01\/enseignement-superieur-le-saes-uadb-decrete-un-mot-dordre-de-greve-illimitee-a-partir\/","og_locale":"fr_FR","og_type":"article","og_title":"Enseignement sup\u00e9rieur : le Saes-Uadb d\u00e9cr\u00e8te un mot d'ordre de gr\u00e8ve illimit\u00e9e \u00e0 partir... - LE PUBLIC","og_description":"Pour exiger la mise en place du Conseil d'administration de l'Universit\u00e9 Alioune Diop de Bambey le syndicat autonome des enseignants du sup\u00e9rieur a annonce une gr\u00e8ve illimit\u00e9e \u00e0 partir de lundi prochain. L'annonce a \u00e9t\u00e9 faite lors d'un point de presse tenue ce mardi 31 janvier 2023 \u00e0 l'issue de son Assembl\u00e9e g\u00e9n\u00e9rale.","og_url":"https:\/\/www.public.sn\/index.php\/2023\/02\/01\/enseignement-superieur-le-saes-uadb-decrete-un-mot-dordre-de-greve-illimitee-a-partir\/","og_site_name":"LE PUBLIC","article_published_time":"2023-02-01T16:25:57+00:00","og_image":[{"width":750,"height":375,"url":"https:\/\/www.public.sn\/wp-content\/uploads\/2023\/02\/SAES.jpeg","type":"image\/jpeg"}],"author":"LA REDACTION","twitter_card":"summary_large_image","twitter_misc":{"\u00c9crit par":"LA REDACTION","Dur\u00e9e de lecture estim\u00e9e":"1 minute"},"schema":{"@context":"https:\/\/schema.org","@graph":[{"@type":"Article","@id":"https:\/\/www.public.sn\/index.php\/2023\/02\/01\/enseignement-superieur-le-saes-uadb-decrete-un-mot-dordre-de-greve-illimitee-a-partir\/#article","isPartOf":{"@id":"https:\/\/www.public.sn\/index.php\/2023\/02\/01\/enseignement-superieur-le-saes-uadb-decrete-un-mot-dordre-de-greve-illimitee-a-partir\/"},"author":{"name":"LA REDACTION","@id":"https:\/\/www.public.sn\/#\/schema\/person\/e3f4a11b037d4203902db148f9bc8d5a"},"headline":"Enseignement sup\u00e9rieur : le Saes-Uadb d\u00e9cr\u00e8te un mot d&rsquo;ordre de gr\u00e8ve illimit\u00e9e \u00e0 partir&#8230;","datePublished":"2023-02-01T16:25:57+00:00","mainEntityOfPage":{"@id":"https:\/\/www.public.sn\/index.php\/2023\/02\/01\/enseignement-superieur-le-saes-uadb-decrete-un-mot-dordre-de-greve-illimitee-a-partir\/"},"wordCount":108,"commentCount":0,"publisher":{"@id":"https:\/\/www.public.sn\/#organization"},"image":{"@id":"https:\/\/www.public.sn\/index.php\/2023\/02\/01\/enseignement-superieur-le-saes-uadb-decrete-un-mot-dordre-de-greve-illimitee-a-partir\/#primaryimage"},"thumbnailUrl":"https:\/\/www.public.sn\/wp-content\/uploads\/2023\/02\/SAES.jpeg","keywords":["Gr\u00e8ve","Issa Samb","SAES","uadb"],"articleSection":["\u00c9DUCATION","S\u00c9N\u00c9GAL"],"inLanguage":"fr-FR","potentialAction":[{"@type":"CommentAction","name":"Comment","target":["https:\/\/www.public.sn\/index.php\/2023\/02\/01\/enseignement-superieur-le-saes-uadb-decrete-un-mot-dordre-de-greve-illimitee-a-partir\/#respond"]}]},{"@type":"WebPage","@id":"https:\/\/www.public.sn\/index.php\/2023\/02\/01\/enseignement-superieur-le-saes-uadb-decrete-un-mot-dordre-de-greve-illimitee-a-partir\/","url":"https:\/\/www.public.sn\/index.php\/2023\/02\/01\/enseignement-superieur-le-saes-uadb-decrete-un-mot-dordre-de-greve-illimitee-a-partir\/","name":"Enseignement sup\u00e9rieur : le Saes-Uadb d\u00e9cr\u00e8te un mot d'ordre de gr\u00e8ve illimit\u00e9e \u00e0 partir... - LE PUBLIC","isPartOf":{"@id":"https:\/\/www.public.sn\/#website"},"primaryImageOfPage":{"@id":"https:\/\/www.public.sn\/index.php\/2023\/02\/01\/enseignement-superieur-le-saes-uadb-decrete-un-mot-dordre-de-greve-illimitee-a-partir\/#primaryimage"},"image":{"@id":"https:\/\/www.public.sn\/index.php\/2023\/02\/01\/enseignement-superieur-le-saes-uadb-decrete-un-mot-dordre-de-greve-illimitee-a-partir\/#primaryimage"},"thumbnailUrl":"https:\/\/www.public.sn\/wp-content\/uploads\/2023\/02\/SAES.jpeg","datePublished":"2023-02-01T16:25:57+00:00","description":"Pour exiger la mise en place du Conseil d'administration de l'Universit\u00e9 Alioune Diop de Bambey le syndicat autonome des enseignants du sup\u00e9rieur a annonce une gr\u00e8ve illimit\u00e9e \u00e0 partir de lundi prochain. L'annonce a \u00e9t\u00e9 faite lors d'un point de presse tenue ce mardi 31 janvier 2023 \u00e0 l'issue de son Assembl\u00e9e g\u00e9n\u00e9rale.","breadcrumb":{"@id":"https:\/\/www.public.sn\/index.php\/2023\/02\/01\/enseignement-superieur-le-saes-uadb-decrete-un-mot-dordre-de-greve-illimitee-a-partir\/#breadcrumb"},"inLanguage":"fr-FR","potentialAction":[{"@type":"ReadAction","target":["https:\/\/www.public.sn\/index.php\/2023\/02\/01\/enseignement-superieur-le-saes-uadb-decrete-un-mot-dordre-de-greve-illimitee-a-partir\/"]}]},{"@type":"ImageObject","inLanguage":"fr-FR","@id":"https:\/\/www.public.sn\/index.php\/2023\/02\/01\/enseignement-superieur-le-saes-uadb-decrete-un-mot-dordre-de-greve-illimitee-a-partir\/#primaryimage","url":"https:\/\/www.public.sn\/wp-content\/uploads\/2023\/02\/SAES.jpeg","contentUrl":"https:\/\/www.public.sn\/wp-content\/uploads\/2023\/02\/SAES.jpeg","width":750,"height":375},{"@type":"BreadcrumbList","@id":"https:\/\/www.public.sn\/index.php\/2023\/02\/01\/enseignement-superieur-le-saes-uadb-decrete-un-mot-dordre-de-greve-illimitee-a-partir\/#breadcrumb","itemListElement":[{"@type":"ListItem","position":1,"name":"Accueil","item":"https:\/\/www.public.sn\/"},{"@type":"ListItem","position":2,"name":"Enseignement sup\u00e9rieur : le Saes-Uadb d\u00e9cr\u00e8te un mot d&rsquo;ordre de gr\u00e8ve illimit\u00e9e \u00e0 partir&#8230;"}]},{"@type":"WebSite","@id":"https:\/\/www.public.sn\/#website","url":"https:\/\/www.public.sn\/","name":"LE PUBLIC","description":"","publisher":{"@id":"https:\/\/www.public.sn\/#organization"},"potentialAction":[{"@type":"SearchAction","target":{"@type":"EntryPoint","urlTemplate":"https:\/\/www.public.sn\/?s={search_term_string}"},"query-input":{"@type":"PropertyValueSpecification","valueRequired":true,"valueName":"search_term_string"}}],"inLanguage":"fr-FR"},{"@type":"Organization","@id":"https:\/\/www.public.sn\/#organization","name":"LE PUBLIC","url":"https:\/\/www.public.sn\/","logo":{"@type":"ImageObject","inLanguage":"fr-FR","@id":"https:\/\/www.public.sn\/#\/schema\/logo\/image\/","url":"https:\/\/www.public.sn\/wp-content\/uploads\/2024\/05\/cropped-LOGO-PUBLIC.SN_.png","contentUrl":"https:\/\/www.public.sn\/wp-content\/uploads\/2024\/05\/cropped-LOGO-PUBLIC.SN_.png","width":682,"height":192,"caption":"LE PUBLIC"},"image":{"@id":"https:\/\/www.public.sn\/#\/schema\/logo\/image\/"}},{"@type":"Person","@id":"https:\/\/www.public.sn\/#\/schema\/person\/e3f4a11b037d4203902db148f9bc8d5a","name":"LA REDACTION","image":{"@type":"ImageObject","inLanguage":"fr-FR","@id":"https:\/\/www.public.sn\/#\/schema\/person\/image\/","url":"https:\/\/secure.gravatar.com\/avatar\/d6c030db45db2883c075085c5d6c6258654a801a93766b49af0b82d4f454e2a5?s=96&d=mm&r=g","contentUrl":"https:\/\/secure.gravatar.com\/avatar\/d6c030db45db2883c075085c5d6c6258654a801a93766b49af0b82d4f454e2a5?s=96&d=mm&r=g","caption":"LA REDACTION"},"sameAs":["http:\/\/www.public.sn"],"url":"https:\/\/www.public.sn\/index.php\/author\/admin7324\/"}]}},"jetpack_featured_media_url":"https:\/\/www.public.sn\/wp-content\/uploads\/2023\/02\/SAES.jpeg","jetpack_sharing_enabled":true,"_links":{"self":[{"href":"https:\/\/www.public.sn\/index.php\/wp-json\/wp\/v2\/posts\/14720","targetHints":{"allow":["GET"]}}],"collection":[{"href":"https:\/\/www.public.sn\/index.php\/wp-json\/wp\/v2\/posts"}],"about":[{"href":"https:\/\/www.public.sn\/index.php\/wp-json\/wp\/v2\/types\/post"}],"author":[{"embeddable":true,"href":"https:\/\/www.public.sn\/index.php\/wp-json\/wp\/v2\/users\/1"}],"replies":[{"embeddable":true,"href":"https:\/\/www.public.sn\/index.php\/wp-json\/wp\/v2\/comments?post=14720"}],"version-history":[{"count":1,"href":"https:\/\/www.public.sn\/index.php\/wp-json\/wp\/v2\/posts\/14720\/revisions"}],"predecessor-version":[{"id":14722,"href":"https:\/\/www.public.sn\/index.php\/wp-json\/wp\/v2\/posts\/14720\/revisions\/14722"}],"wp:featuredmedia":[{"embeddable":true,"href":"https:\/\/www.public.sn\/index.php\/wp-json\/wp\/v2\/media\/14721"}],"wp:attachment":[{"href":"https:\/\/www.public.sn\/index.php\/wp-json\/wp\/v2\/media?parent=14720"}],"wp:term":[{"taxonomy":"category","embeddable":true,"href":"https:\/\/www.public.sn\/index.php\/wp-json\/wp\/v2\/categories?post=14720"},{"taxonomy":"post_tag","embeddable":true,"href":"https:\/\/www.public.sn\/index.php\/wp-json\/wp\/v2\/tags?post=14720"}],"curies":[{"name":"wp","href":"https:\/\/api.w.org\/{rel}","templated":true}]}}