{"id":14725,"date":"2023-02-01T20:24:26","date_gmt":"2023-02-01T20:24:26","guid":{"rendered":"https:\/\/www.public.sn\/?p=14725"},"modified":"2023-02-01T20:24:26","modified_gmt":"2023-02-01T20:24:26","slug":"affaire-29-milliards-sonko-aurait-contacte-le-pere-de-mame-mbaye-niang-pour","status":"publish","type":"post","link":"https:\/\/www.public.sn\/index.php\/2023\/02\/01\/affaire-29-milliards-sonko-aurait-contacte-le-pere-de-mame-mbaye-niang-pour\/","title":{"rendered":"Affaire 29 milliards : Sonko aurait contact\u00e9 le P\u00e8re de Mame Mbaye Niang pour &#8230;"},"content":{"rendered":"<p class=\"headline__lead\"><strong>Candidat \u00e0 la pr\u00e9sidentielle de 2024, Ousmane Sonko compara\u00eet ce 2 f\u00e9vrier devant le tribunal correctionnel de Dakar apr\u00e8s une plainte de Mame Mbaye Niang. Pour certains, une affaire risqu\u00e9e pour le leader de Pastef qui risque d&rsquo;\u00eatre in\u00e9ligible \u00e0 la prochaine Pr\u00e9sidentielle s&rsquo;il est condamn\u00e9. Ben Moctar Diop, invit\u00e9 de &lsquo;\u00e9mission Waxtaan Waxtaaj a laiss\u00e9 entendre que Ousmane Sonko aurait contact\u00e9 Imam Mbaye Niang, p\u00e8re de Mame Mbaye Niang pour n\u00e9gocier cette affaire. Mais, selon le journaliste, le ministre du Tourisme tient le bon bout puisque c&rsquo;est lui qui pourrait offrir au pr\u00e9sident Macky Sall ce qu&rsquo;il a longtemps cherch\u00e9 : \u00ab\u00a0Bloquer Ousmane Sonko \u00e0 la pr\u00e9sidentielle de 2024\u00a0\u00bb<\/strong><\/p><div class=\"publi-paragraphe1\" style=\"margin-top: 10px;margin-bottom: 10px;margin-left: auto;margin-right: auto;text-align: center;\" id=\"publi-788842651\"><div class=\"publi-adlabel\">Publicit\u00e9<\/div><script async src=\"\/\/pagead2.googlesyndication.com\/pagead\/js\/adsbygoogle.js?client=ca-pub-4089586018074219\" crossorigin=\"anonymous\"><\/script><ins class=\"adsbygoogle\" style=\"display:block;\" data-ad-client=\"ca-pub-4089586018074219\" \ndata-ad-slot=\"2087940154\" \ndata-ad-format=\"auto\"><\/ins>\n<script> \n(adsbygoogle = window.adsbygoogle || []).push({}); \n<\/script>\n<\/div>\n<p><iframe title=\"Grosse r\u00e9v\u00e9lation de Ben Mactar Diop sur l\u2019affaire Mame Mbaye-Sonko: Sonko a contact\u00e9 le p\u00e8re de..\" src=\"https:\/\/www.youtube.com\/embed\/U9OefCCZ6WE\" width=\"667\" height=\"375\" frameborder=\"0\" allowfullscreen=\"allowfullscreen\"><\/iframe><\/p>\n<div class=\"publi-apres-le-contenu\" style=\"margin-top: 10px;margin-bottom: 10px;margin-left: auto;margin-right: auto;text-align: center;\" id=\"publi-1237204311\"><div class=\"publi-adlabel\">Publicit\u00e9<\/div><script async src=\"\/\/pagead2.googlesyndication.com\/pagead\/js\/adsbygoogle.js?client=ca-pub-4089586018074219\" crossorigin=\"anonymous\"><\/script><ins class=\"adsbygoogle\" style=\"display:block;\" data-ad-client=\"ca-pub-4089586018074219\" \ndata-ad-slot=\"2087940154\" \ndata-ad-format=\"auto\"><\/ins>\n<script> \n(adsbygoogle = window.adsbygoogle || []).push({}); \n<\/script>\n<\/div>","protected":false},"excerpt":{"rendered":"<p>Candidat \u00e0 la pr\u00e9sidentielle de 2024, Ousmane Sonko compara\u00eet ce 2 f\u00e9vrier devant le tribunal correctionnel de Dakar apr\u00e8s une plainte de Mame Mbaye Niang. Pour certains, une affaire risqu\u00e9e pour le leader de Pastef qui risque d&rsquo;\u00eatre in\u00e9ligible \u00e0 la prochaine Pr\u00e9sidentielle s&rsquo;il est condamn\u00e9. Ben Moctar Diop, invit\u00e9 de &lsquo;\u00e9mission Waxtaan Waxtaaj a laiss\u00e9 entendre que Ousmane Sonko aurait contact\u00e9 Imam Mbaye Niang, p\u00e8re de Mame Mbaye Niang pour n\u00e9gocier cette affaire. Mais, selon le journaliste, le ministre du Tourisme tient le bon bout puisque c&rsquo;est lui qui pourrait offrir au pr\u00e9sident Macky Sall ce qu&rsquo;il a longtemps cherch\u00e9 : \u00ab\u00a0Bloquer Ousmane Sonko \u00e0 la pr\u00e9sidentielle de 2024\u00a0\u00bb<\/p>\n","protected":false},"author":1,"featured_media":14712,"comment_status":"open","ping_status":"open","sticky":false,"template":"","format":"standard","meta":{"_jetpack_memberships_contains_paid_content":false,"footnotes":""},"categories":[375,3,8,1,372,6],"tags":[293,4080,306],"class_list":["post-14725","post","type-post","status-publish","format-standard","has-post-thumbnail","hentry","category-actualites","category-politique","category-public-tv","category-non-classe","category-vedette","category-videos","tag-mame-mbaye-niang","tag-prodac","tag-sonko","entry","has-media","owp-thumbs-layout-horizontal","owp-btn-normal","owp-tabs-layout-horizontal","has-no-thumbnails","has-product-nav"],"yoast_head":"<!-- This site is optimized with the Yoast SEO plugin v25.5 - https:\/\/yoast.com\/wordpress\/plugins\/seo\/ -->\n<title>Affaire 29 milliards : Sonko aurait contact\u00e9 le P\u00e8re de Mame Mbaye Niang pour ... - LE PUBLIC<\/title>\n<meta name=\"description\" content=\"Candidat \u00e0 la pr\u00e9sidentielle de 2024, Ousmane Sonko compara\u00eet ce 2 f\u00e9vrier devant le tribunal correctionnel de Dakar apr\u00e8s une plainte de Mame Mbaye Niang. Pour certains, une affaire risqu\u00e9e pour le leader de Pastef qui risque d&#039;\u00eatre in\u00e9ligible \u00e0 la prochaine Pr\u00e9sidentielle s&#039;il est condamn\u00e9. Ben Moctar Diop, invit\u00e9 de &#039;\u00e9mission Waxtaan Waxtaaj a laiss\u00e9 entendre que Ousmane Sonko aurait contact\u00e9 Imam Mbaye Niang, p\u00e8re de Mame Mbaye Niang pour n\u00e9gocier cette affaire. Mais, selon le journaliste, le ministre du Tourisme tient le bon bout puisque c&#039;est lui qui pourrait offrir au pr\u00e9sident Macky Sall ce qu&#039;il a longtemps cherch\u00e9 : &quot;Bloquer Ousmane Sonko \u00e0 la pr\u00e9sidentielle de 2024&quot;\" \/>\n<meta name=\"robots\" content=\"index, follow, max-snippet:-1, max-image-preview:large, max-video-preview:-1\" \/>\n<link rel=\"canonical\" href=\"https:\/\/www.public.sn\/index.php\/2023\/02\/01\/affaire-29-milliards-sonko-aurait-contacte-le-pere-de-mame-mbaye-niang-pour\/\" \/>\n<meta property=\"og:locale\" content=\"fr_FR\" \/>\n<meta property=\"og:type\" content=\"article\" \/>\n<meta property=\"og:title\" content=\"Affaire 29 milliards : Sonko aurait contact\u00e9 le P\u00e8re de Mame Mbaye Niang pour ... - LE PUBLIC\" \/>\n<meta property=\"og:description\" content=\"Candidat \u00e0 la pr\u00e9sidentielle de 2024, Ousmane Sonko compara\u00eet ce 2 f\u00e9vrier devant le tribunal correctionnel de Dakar apr\u00e8s une plainte de Mame Mbaye Niang. Pour certains, une affaire risqu\u00e9e pour le leader de Pastef qui risque d&#039;\u00eatre in\u00e9ligible \u00e0 la prochaine Pr\u00e9sidentielle s&#039;il est condamn\u00e9. Ben Moctar Diop, invit\u00e9 de &#039;\u00e9mission Waxtaan Waxtaaj a laiss\u00e9 entendre que Ousmane Sonko aurait contact\u00e9 Imam Mbaye Niang, p\u00e8re de Mame Mbaye Niang pour n\u00e9gocier cette affaire. Mais, selon le journaliste, le ministre du Tourisme tient le bon bout puisque c&#039;est lui qui pourrait offrir au pr\u00e9sident Macky Sall ce qu&#039;il a longtemps cherch\u00e9 : &quot;Bloquer Ousmane Sonko \u00e0 la pr\u00e9sidentielle de 2024&quot;\" \/>\n<meta property=\"og:url\" content=\"https:\/\/www.public.sn\/index.php\/2023\/02\/01\/affaire-29-milliards-sonko-aurait-contacte-le-pere-de-mame-mbaye-niang-pour\/\" \/>\n<meta property=\"og:site_name\" content=\"LE PUBLIC\" \/>\n<meta property=\"article:published_time\" content=\"2023-02-01T20:24:26+00:00\" \/>\n<meta property=\"og:image\" content=\"https:\/\/www.public.sn\/wp-content\/uploads\/2023\/02\/WhatsApp-Image-2023-02-01-at-12.39.04.jpeg\" \/>\n\t<meta property=\"og:image:width\" content=\"1366\" \/>\n\t<meta property=\"og:image:height\" content=\"768\" \/>\n\t<meta property=\"og:image:type\" content=\"image\/jpeg\" \/>\n<meta name=\"author\" content=\"LA REDACTION\" \/>\n<meta name=\"twitter:card\" content=\"summary_large_image\" \/>\n<meta name=\"twitter:label1\" content=\"\u00c9crit par\" \/>\n\t<meta name=\"twitter:data1\" content=\"LA REDACTION\" \/>\n\t<meta name=\"twitter:label2\" content=\"Dur\u00e9e de lecture estim\u00e9e\" \/>\n\t<meta name=\"twitter:data2\" content=\"1 minute\" \/>\n<script type=\"application\/ld+json\" class=\"yoast-schema-graph\">{\"@context\":\"https:\/\/schema.org\",\"@graph\":[{\"@type\":\"Article\",\"@id\":\"https:\/\/www.public.sn\/index.php\/2023\/02\/01\/affaire-29-milliards-sonko-aurait-contacte-le-pere-de-mame-mbaye-niang-pour\/#article\",\"isPartOf\":{\"@id\":\"https:\/\/www.public.sn\/index.php\/2023\/02\/01\/affaire-29-milliards-sonko-aurait-contacte-le-pere-de-mame-mbaye-niang-pour\/\"},\"author\":{\"name\":\"LA REDACTION\",\"@id\":\"https:\/\/www.public.sn\/#\/schema\/person\/e3f4a11b037d4203902db148f9bc8d5a\"},\"headline\":\"Affaire 29 milliards : Sonko aurait contact\u00e9 le P\u00e8re de Mame Mbaye Niang pour &#8230;\",\"datePublished\":\"2023-02-01T20:24:26+00:00\",\"mainEntityOfPage\":{\"@id\":\"https:\/\/www.public.sn\/index.php\/2023\/02\/01\/affaire-29-milliards-sonko-aurait-contacte-le-pere-de-mame-mbaye-niang-pour\/\"},\"wordCount\":129,\"commentCount\":0,\"publisher\":{\"@id\":\"https:\/\/www.public.sn\/#organization\"},\"image\":{\"@id\":\"https:\/\/www.public.sn\/index.php\/2023\/02\/01\/affaire-29-milliards-sonko-aurait-contacte-le-pere-de-mame-mbaye-niang-pour\/#primaryimage\"},\"thumbnailUrl\":\"https:\/\/www.public.sn\/wp-content\/uploads\/2023\/02\/WhatsApp-Image-2023-02-01-at-12.39.04.jpeg\",\"keywords\":[\"Mame Mbaye Niang\",\"prodac\",\"sonko\"],\"articleSection\":[\"ACTUALIT\u00c9S\",\"POLITIQUE\",\"PUBLIC TV\",\"S\u00c9N\u00c9GAL\",\"VEDETTE\",\"VIDEOS\"],\"inLanguage\":\"fr-FR\",\"potentialAction\":[{\"@type\":\"CommentAction\",\"name\":\"Comment\",\"target\":[\"https:\/\/www.public.sn\/index.php\/2023\/02\/01\/affaire-29-milliards-sonko-aurait-contacte-le-pere-de-mame-mbaye-niang-pour\/#respond\"]}]},{\"@type\":\"WebPage\",\"@id\":\"https:\/\/www.public.sn\/index.php\/2023\/02\/01\/affaire-29-milliards-sonko-aurait-contacte-le-pere-de-mame-mbaye-niang-pour\/\",\"url\":\"https:\/\/www.public.sn\/index.php\/2023\/02\/01\/affaire-29-milliards-sonko-aurait-contacte-le-pere-de-mame-mbaye-niang-pour\/\",\"name\":\"Affaire 29 milliards : Sonko aurait contact\u00e9 le P\u00e8re de Mame Mbaye Niang pour ... - LE PUBLIC\",\"isPartOf\":{\"@id\":\"https:\/\/www.public.sn\/#website\"},\"primaryImageOfPage\":{\"@id\":\"https:\/\/www.public.sn\/index.php\/2023\/02\/01\/affaire-29-milliards-sonko-aurait-contacte-le-pere-de-mame-mbaye-niang-pour\/#primaryimage\"},\"image\":{\"@id\":\"https:\/\/www.public.sn\/index.php\/2023\/02\/01\/affaire-29-milliards-sonko-aurait-contacte-le-pere-de-mame-mbaye-niang-pour\/#primaryimage\"},\"thumbnailUrl\":\"https:\/\/www.public.sn\/wp-content\/uploads\/2023\/02\/WhatsApp-Image-2023-02-01-at-12.39.04.jpeg\",\"datePublished\":\"2023-02-01T20:24:26+00:00\",\"description\":\"Candidat \u00e0 la pr\u00e9sidentielle de 2024, Ousmane Sonko compara\u00eet ce 2 f\u00e9vrier devant le tribunal correctionnel de Dakar apr\u00e8s une plainte de Mame Mbaye Niang. Pour certains, une affaire risqu\u00e9e pour le leader de Pastef qui risque d'\u00eatre in\u00e9ligible \u00e0 la prochaine Pr\u00e9sidentielle s'il est condamn\u00e9. Ben Moctar Diop, invit\u00e9 de '\u00e9mission Waxtaan Waxtaaj a laiss\u00e9 entendre que Ousmane Sonko aurait contact\u00e9 Imam Mbaye Niang, p\u00e8re de Mame Mbaye Niang pour n\u00e9gocier cette affaire. Mais, selon le journaliste, le ministre du Tourisme tient le bon bout puisque c'est lui qui pourrait offrir au pr\u00e9sident Macky Sall ce qu'il a longtemps cherch\u00e9 : \\\"Bloquer Ousmane Sonko \u00e0 la pr\u00e9sidentielle de 2024\\\"\",\"breadcrumb\":{\"@id\":\"https:\/\/www.public.sn\/index.php\/2023\/02\/01\/affaire-29-milliards-sonko-aurait-contacte-le-pere-de-mame-mbaye-niang-pour\/#breadcrumb\"},\"inLanguage\":\"fr-FR\",\"potentialAction\":[{\"@type\":\"ReadAction\",\"target\":[\"https:\/\/www.public.sn\/index.php\/2023\/02\/01\/affaire-29-milliards-sonko-aurait-contacte-le-pere-de-mame-mbaye-niang-pour\/\"]}]},{\"@type\":\"ImageObject\",\"inLanguage\":\"fr-FR\",\"@id\":\"https:\/\/www.public.sn\/index.php\/2023\/02\/01\/affaire-29-milliards-sonko-aurait-contacte-le-pere-de-mame-mbaye-niang-pour\/#primaryimage\",\"url\":\"https:\/\/www.public.sn\/wp-content\/uploads\/2023\/02\/WhatsApp-Image-2023-02-01-at-12.39.04.jpeg\",\"contentUrl\":\"https:\/\/www.public.sn\/wp-content\/uploads\/2023\/02\/WhatsApp-Image-2023-02-01-at-12.39.04.jpeg\",\"width\":1366,\"height\":768},{\"@type\":\"BreadcrumbList\",\"@id\":\"https:\/\/www.public.sn\/index.php\/2023\/02\/01\/affaire-29-milliards-sonko-aurait-contacte-le-pere-de-mame-mbaye-niang-pour\/#breadcrumb\",\"itemListElement\":[{\"@type\":\"ListItem\",\"position\":1,\"name\":\"Accueil\",\"item\":\"https:\/\/www.public.sn\/\"},{\"@type\":\"ListItem\",\"position\":2,\"name\":\"Affaire 29 milliards : Sonko aurait contact\u00e9 le P\u00e8re de Mame Mbaye Niang pour &#8230;\"}]},{\"@type\":\"WebSite\",\"@id\":\"https:\/\/www.public.sn\/#website\",\"url\":\"https:\/\/www.public.sn\/\",\"name\":\"LE PUBLIC\",\"description\":\"\",\"publisher\":{\"@id\":\"https:\/\/www.public.sn\/#organization\"},\"potentialAction\":[{\"@type\":\"SearchAction\",\"target\":{\"@type\":\"EntryPoint\",\"urlTemplate\":\"https:\/\/www.public.sn\/?s={search_term_string}\"},\"query-input\":{\"@type\":\"PropertyValueSpecification\",\"valueRequired\":true,\"valueName\":\"search_term_string\"}}],\"inLanguage\":\"fr-FR\"},{\"@type\":\"Organization\",\"@id\":\"https:\/\/www.public.sn\/#organization\",\"name\":\"LE PUBLIC\",\"url\":\"https:\/\/www.public.sn\/\",\"logo\":{\"@type\":\"ImageObject\",\"inLanguage\":\"fr-FR\",\"@id\":\"https:\/\/www.public.sn\/#\/schema\/logo\/image\/\",\"url\":\"https:\/\/www.public.sn\/wp-content\/uploads\/2024\/05\/cropped-LOGO-PUBLIC.SN_.png\",\"contentUrl\":\"https:\/\/www.public.sn\/wp-content\/uploads\/2024\/05\/cropped-LOGO-PUBLIC.SN_.png\",\"width\":682,\"height\":192,\"caption\":\"LE PUBLIC\"},\"image\":{\"@id\":\"https:\/\/www.public.sn\/#\/schema\/logo\/image\/\"}},{\"@type\":\"Person\",\"@id\":\"https:\/\/www.public.sn\/#\/schema\/person\/e3f4a11b037d4203902db148f9bc8d5a\",\"name\":\"LA REDACTION\",\"image\":{\"@type\":\"ImageObject\",\"inLanguage\":\"fr-FR\",\"@id\":\"https:\/\/www.public.sn\/#\/schema\/person\/image\/\",\"url\":\"https:\/\/secure.gravatar.com\/avatar\/d6c030db45db2883c075085c5d6c6258654a801a93766b49af0b82d4f454e2a5?s=96&d=mm&r=g\",\"contentUrl\":\"https:\/\/secure.gravatar.com\/avatar\/d6c030db45db2883c075085c5d6c6258654a801a93766b49af0b82d4f454e2a5?s=96&d=mm&r=g\",\"caption\":\"LA REDACTION\"},\"sameAs\":[\"http:\/\/www.public.sn\"],\"url\":\"https:\/\/www.public.sn\/index.php\/author\/admin7324\/\"}]}<\/script>\n<!-- \/ Yoast SEO plugin. -->","yoast_head_json":{"title":"Affaire 29 milliards : Sonko aurait contact\u00e9 le P\u00e8re de Mame Mbaye Niang pour ... - LE PUBLIC","description":"Candidat \u00e0 la pr\u00e9sidentielle de 2024, Ousmane Sonko compara\u00eet ce 2 f\u00e9vrier devant le tribunal correctionnel de Dakar apr\u00e8s une plainte de Mame Mbaye Niang. Pour certains, une affaire risqu\u00e9e pour le leader de Pastef qui risque d'\u00eatre in\u00e9ligible \u00e0 la prochaine Pr\u00e9sidentielle s'il est condamn\u00e9. Ben Moctar Diop, invit\u00e9 de '\u00e9mission Waxtaan Waxtaaj a laiss\u00e9 entendre que Ousmane Sonko aurait contact\u00e9 Imam Mbaye Niang, p\u00e8re de Mame Mbaye Niang pour n\u00e9gocier cette affaire. Mais, selon le journaliste, le ministre du Tourisme tient le bon bout puisque c'est lui qui pourrait offrir au pr\u00e9sident Macky Sall ce qu'il a longtemps cherch\u00e9 : \"Bloquer Ousmane Sonko \u00e0 la pr\u00e9sidentielle de 2024\"","robots":{"index":"index","follow":"follow","max-snippet":"max-snippet:-1","max-image-preview":"max-image-preview:large","max-video-preview":"max-video-preview:-1"},"canonical":"https:\/\/www.public.sn\/index.php\/2023\/02\/01\/affaire-29-milliards-sonko-aurait-contacte-le-pere-de-mame-mbaye-niang-pour\/","og_locale":"fr_FR","og_type":"article","og_title":"Affaire 29 milliards : Sonko aurait contact\u00e9 le P\u00e8re de Mame Mbaye Niang pour ... - LE PUBLIC","og_description":"Candidat \u00e0 la pr\u00e9sidentielle de 2024, Ousmane Sonko compara\u00eet ce 2 f\u00e9vrier devant le tribunal correctionnel de Dakar apr\u00e8s une plainte de Mame Mbaye Niang. Pour certains, une affaire risqu\u00e9e pour le leader de Pastef qui risque d'\u00eatre in\u00e9ligible \u00e0 la prochaine Pr\u00e9sidentielle s'il est condamn\u00e9. Ben Moctar Diop, invit\u00e9 de '\u00e9mission Waxtaan Waxtaaj a laiss\u00e9 entendre que Ousmane Sonko aurait contact\u00e9 Imam Mbaye Niang, p\u00e8re de Mame Mbaye Niang pour n\u00e9gocier cette affaire. Mais, selon le journaliste, le ministre du Tourisme tient le bon bout puisque c'est lui qui pourrait offrir au pr\u00e9sident Macky Sall ce qu'il a longtemps cherch\u00e9 : \"Bloquer Ousmane Sonko \u00e0 la pr\u00e9sidentielle de 2024\"","og_url":"https:\/\/www.public.sn\/index.php\/2023\/02\/01\/affaire-29-milliards-sonko-aurait-contacte-le-pere-de-mame-mbaye-niang-pour\/","og_site_name":"LE PUBLIC","article_published_time":"2023-02-01T20:24:26+00:00","og_image":[{"width":1366,"height":768,"url":"https:\/\/www.public.sn\/wp-content\/uploads\/2023\/02\/WhatsApp-Image-2023-02-01-at-12.39.04.jpeg","type":"image\/jpeg"}],"author":"LA REDACTION","twitter_card":"summary_large_image","twitter_misc":{"\u00c9crit par":"LA REDACTION","Dur\u00e9e de lecture estim\u00e9e":"1 minute"},"schema":{"@context":"https:\/\/schema.org","@graph":[{"@type":"Article","@id":"https:\/\/www.public.sn\/index.php\/2023\/02\/01\/affaire-29-milliards-sonko-aurait-contacte-le-pere-de-mame-mbaye-niang-pour\/#article","isPartOf":{"@id":"https:\/\/www.public.sn\/index.php\/2023\/02\/01\/affaire-29-milliards-sonko-aurait-contacte-le-pere-de-mame-mbaye-niang-pour\/"},"author":{"name":"LA REDACTION","@id":"https:\/\/www.public.sn\/#\/schema\/person\/e3f4a11b037d4203902db148f9bc8d5a"},"headline":"Affaire 29 milliards : Sonko aurait contact\u00e9 le P\u00e8re de Mame Mbaye Niang pour &#8230;","datePublished":"2023-02-01T20:24:26+00:00","mainEntityOfPage":{"@id":"https:\/\/www.public.sn\/index.php\/2023\/02\/01\/affaire-29-milliards-sonko-aurait-contacte-le-pere-de-mame-mbaye-niang-pour\/"},"wordCount":129,"commentCount":0,"publisher":{"@id":"https:\/\/www.public.sn\/#organization"},"image":{"@id":"https:\/\/www.public.sn\/index.php\/2023\/02\/01\/affaire-29-milliards-sonko-aurait-contacte-le-pere-de-mame-mbaye-niang-pour\/#primaryimage"},"thumbnailUrl":"https:\/\/www.public.sn\/wp-content\/uploads\/2023\/02\/WhatsApp-Image-2023-02-01-at-12.39.04.jpeg","keywords":["Mame Mbaye Niang","prodac","sonko"],"articleSection":["ACTUALIT\u00c9S","POLITIQUE","PUBLIC TV","S\u00c9N\u00c9GAL","VEDETTE","VIDEOS"],"inLanguage":"fr-FR","potentialAction":[{"@type":"CommentAction","name":"Comment","target":["https:\/\/www.public.sn\/index.php\/2023\/02\/01\/affaire-29-milliards-sonko-aurait-contacte-le-pere-de-mame-mbaye-niang-pour\/#respond"]}]},{"@type":"WebPage","@id":"https:\/\/www.public.sn\/index.php\/2023\/02\/01\/affaire-29-milliards-sonko-aurait-contacte-le-pere-de-mame-mbaye-niang-pour\/","url":"https:\/\/www.public.sn\/index.php\/2023\/02\/01\/affaire-29-milliards-sonko-aurait-contacte-le-pere-de-mame-mbaye-niang-pour\/","name":"Affaire 29 milliards : Sonko aurait contact\u00e9 le P\u00e8re de Mame Mbaye Niang pour ... - LE PUBLIC","isPartOf":{"@id":"https:\/\/www.public.sn\/#website"},"primaryImageOfPage":{"@id":"https:\/\/www.public.sn\/index.php\/2023\/02\/01\/affaire-29-milliards-sonko-aurait-contacte-le-pere-de-mame-mbaye-niang-pour\/#primaryimage"},"image":{"@id":"https:\/\/www.public.sn\/index.php\/2023\/02\/01\/affaire-29-milliards-sonko-aurait-contacte-le-pere-de-mame-mbaye-niang-pour\/#primaryimage"},"thumbnailUrl":"https:\/\/www.public.sn\/wp-content\/uploads\/2023\/02\/WhatsApp-Image-2023-02-01-at-12.39.04.jpeg","datePublished":"2023-02-01T20:24:26+00:00","description":"Candidat \u00e0 la pr\u00e9sidentielle de 2024, Ousmane Sonko compara\u00eet ce 2 f\u00e9vrier devant le tribunal correctionnel de Dakar apr\u00e8s une plainte de Mame Mbaye Niang. Pour certains, une affaire risqu\u00e9e pour le leader de Pastef qui risque d'\u00eatre in\u00e9ligible \u00e0 la prochaine Pr\u00e9sidentielle s'il est condamn\u00e9. Ben Moctar Diop, invit\u00e9 de '\u00e9mission Waxtaan Waxtaaj a laiss\u00e9 entendre que Ousmane Sonko aurait contact\u00e9 Imam Mbaye Niang, p\u00e8re de Mame Mbaye Niang pour n\u00e9gocier cette affaire. Mais, selon le journaliste, le ministre du Tourisme tient le bon bout puisque c'est lui qui pourrait offrir au pr\u00e9sident Macky Sall ce qu'il a longtemps cherch\u00e9 : \"Bloquer Ousmane Sonko \u00e0 la pr\u00e9sidentielle de 2024\"","breadcrumb":{"@id":"https:\/\/www.public.sn\/index.php\/2023\/02\/01\/affaire-29-milliards-sonko-aurait-contacte-le-pere-de-mame-mbaye-niang-pour\/#breadcrumb"},"inLanguage":"fr-FR","potentialAction":[{"@type":"ReadAction","target":["https:\/\/www.public.sn\/index.php\/2023\/02\/01\/affaire-29-milliards-sonko-aurait-contacte-le-pere-de-mame-mbaye-niang-pour\/"]}]},{"@type":"ImageObject","inLanguage":"fr-FR","@id":"https:\/\/www.public.sn\/index.php\/2023\/02\/01\/affaire-29-milliards-sonko-aurait-contacte-le-pere-de-mame-mbaye-niang-pour\/#primaryimage","url":"https:\/\/www.public.sn\/wp-content\/uploads\/2023\/02\/WhatsApp-Image-2023-02-01-at-12.39.04.jpeg","contentUrl":"https:\/\/www.public.sn\/wp-content\/uploads\/2023\/02\/WhatsApp-Image-2023-02-01-at-12.39.04.jpeg","width":1366,"height":768},{"@type":"BreadcrumbList","@id":"https:\/\/www.public.sn\/index.php\/2023\/02\/01\/affaire-29-milliards-sonko-aurait-contacte-le-pere-de-mame-mbaye-niang-pour\/#breadcrumb","itemListElement":[{"@type":"ListItem","position":1,"name":"Accueil","item":"https:\/\/www.public.sn\/"},{"@type":"ListItem","position":2,"name":"Affaire 29 milliards : Sonko aurait contact\u00e9 le P\u00e8re de Mame Mbaye Niang pour &#8230;"}]},{"@type":"WebSite","@id":"https:\/\/www.public.sn\/#website","url":"https:\/\/www.public.sn\/","name":"LE PUBLIC","description":"","publisher":{"@id":"https:\/\/www.public.sn\/#organization"},"potentialAction":[{"@type":"SearchAction","target":{"@type":"EntryPoint","urlTemplate":"https:\/\/www.public.sn\/?s={search_term_string}"},"query-input":{"@type":"PropertyValueSpecification","valueRequired":true,"valueName":"search_term_string"}}],"inLanguage":"fr-FR"},{"@type":"Organization","@id":"https:\/\/www.public.sn\/#organization","name":"LE PUBLIC","url":"https:\/\/www.public.sn\/","logo":{"@type":"ImageObject","inLanguage":"fr-FR","@id":"https:\/\/www.public.sn\/#\/schema\/logo\/image\/","url":"https:\/\/www.public.sn\/wp-content\/uploads\/2024\/05\/cropped-LOGO-PUBLIC.SN_.png","contentUrl":"https:\/\/www.public.sn\/wp-content\/uploads\/2024\/05\/cropped-LOGO-PUBLIC.SN_.png","width":682,"height":192,"caption":"LE PUBLIC"},"image":{"@id":"https:\/\/www.public.sn\/#\/schema\/logo\/image\/"}},{"@type":"Person","@id":"https:\/\/www.public.sn\/#\/schema\/person\/e3f4a11b037d4203902db148f9bc8d5a","name":"LA REDACTION","image":{"@type":"ImageObject","inLanguage":"fr-FR","@id":"https:\/\/www.public.sn\/#\/schema\/person\/image\/","url":"https:\/\/secure.gravatar.com\/avatar\/d6c030db45db2883c075085c5d6c6258654a801a93766b49af0b82d4f454e2a5?s=96&d=mm&r=g","contentUrl":"https:\/\/secure.gravatar.com\/avatar\/d6c030db45db2883c075085c5d6c6258654a801a93766b49af0b82d4f454e2a5?s=96&d=mm&r=g","caption":"LA REDACTION"},"sameAs":["http:\/\/www.public.sn"],"url":"https:\/\/www.public.sn\/index.php\/author\/admin7324\/"}]}},"jetpack_featured_media_url":"https:\/\/www.public.sn\/wp-content\/uploads\/2023\/02\/WhatsApp-Image-2023-02-01-at-12.39.04.jpeg","jetpack_sharing_enabled":true,"_links":{"self":[{"href":"https:\/\/www.public.sn\/index.php\/wp-json\/wp\/v2\/posts\/14725","targetHints":{"allow":["GET"]}}],"collection":[{"href":"https:\/\/www.public.sn\/index.php\/wp-json\/wp\/v2\/posts"}],"about":[{"href":"https:\/\/www.public.sn\/index.php\/wp-json\/wp\/v2\/types\/post"}],"author":[{"embeddable":true,"href":"https:\/\/www.public.sn\/index.php\/wp-json\/wp\/v2\/users\/1"}],"replies":[{"embeddable":true,"href":"https:\/\/www.public.sn\/index.php\/wp-json\/wp\/v2\/comments?post=14725"}],"version-history":[{"count":1,"href":"https:\/\/www.public.sn\/index.php\/wp-json\/wp\/v2\/posts\/14725\/revisions"}],"predecessor-version":[{"id":14726,"href":"https:\/\/www.public.sn\/index.php\/wp-json\/wp\/v2\/posts\/14725\/revisions\/14726"}],"wp:featuredmedia":[{"embeddable":true,"href":"https:\/\/www.public.sn\/index.php\/wp-json\/wp\/v2\/media\/14712"}],"wp:attachment":[{"href":"https:\/\/www.public.sn\/index.php\/wp-json\/wp\/v2\/media?parent=14725"}],"wp:term":[{"taxonomy":"category","embeddable":true,"href":"https:\/\/www.public.sn\/index.php\/wp-json\/wp\/v2\/categories?post=14725"},{"taxonomy":"post_tag","embeddable":true,"href":"https:\/\/www.public.sn\/index.php\/wp-json\/wp\/v2\/tags?post=14725"}],"curies":[{"name":"wp","href":"https:\/\/api.w.org\/{rel}","templated":true}]}}