{"id":14849,"date":"2023-02-03T10:53:49","date_gmt":"2023-02-03T10:53:49","guid":{"rendered":"https:\/\/www.public.sn\/?p=14849"},"modified":"2023-02-03T10:27:33","modified_gmt":"2023-02-03T10:27:33","slug":"amnistie-pour-khalifa-sall-et-karim-wade-ismaila-madior-fall-trouve-une-solution-pour-liberer-les-2k","status":"publish","type":"post","link":"https:\/\/www.public.sn\/index.php\/2023\/02\/03\/amnistie-pour-khalifa-sall-et-karim-wade-ismaila-madior-fall-trouve-une-solution-pour-liberer-les-2k\/","title":{"rendered":"Amnistie pour Khalifa Sall et Karim Wade : Isma\u00efla Madior Fall trouve une solution pour lib\u00e9rer les 2K"},"content":{"rendered":"<p><strong>Apr\u00e8s avoir nomm\u00e9 Amadou B\u00e2 Premier ministre, , le Pr\u00e9sident Macky Sall avait donn\u00e9 instruction au ministre de la Justice, Isma\u00efla Madior Fall, de trouver des solutions pour que des responsables politiques puissent b\u00e9n\u00e9ficier d\u2019une amnistie ou toute autre solution juridique, qui pourraient leur permettre de retrouver l&rsquo;\u00e9ligibilit\u00e9.<\/strong><\/p><div class=\"publi-paragraphe1\" style=\"margin-top: 10px;margin-bottom: 10px;margin-left: auto;margin-right: auto;text-align: center;\" id=\"publi-1651186024\"><div class=\"publi-adlabel\">Publicit\u00e9<\/div><script async src=\"\/\/pagead2.googlesyndication.com\/pagead\/js\/adsbygoogle.js?client=ca-pub-4089586018074219\" crossorigin=\"anonymous\"><\/script><ins class=\"adsbygoogle\" style=\"display:block;\" data-ad-client=\"ca-pub-4089586018074219\" \ndata-ad-slot=\"2087940154\" \ndata-ad-format=\"auto\"><\/ins>\n<script> \n(adsbygoogle = window.adsbygoogle || []).push({}); \n<\/script>\n<\/div>\n<p>D\u2019apr\u00e8s L\u2019Obs, le ministre de la Justice, qui n\u2019a pas perdu du temps, a d\u00e9j\u00e0 boucl\u00e9 les travaux. L\u2019on souffle au journal que tous les sch\u00e9mas possibles sont pr\u00e9sent\u00e9s dans le document \u00e0 soumettre au chef de l\u2019\u00c9tat, Macky Sall.<\/p>\n<p>Deux options sont possibles, amnistie ou la r\u00e9vision du Code \u00e9lectoral, pour permettre aux 2 personnalit\u00e9s de retrouver leurs droits civiques, \u00e9voque le journal du Groupe Futurs M\u00e9dias<\/p>\n<p>D\u00e9j\u00e0 Me Babacar Niang a confi\u00e9 \u00e0 L\u2019Obs que la seconde proposition est \u00ab la plus appropri\u00e9e \u00bb d\u2019autant plus qu\u2019a-t-il argument\u00e9 : \u00ab Il s\u2019agit de condamnations \u00e0 des peines correctionnelles qui ne sont pas en rapport avec des crimes infamants \u00bb.<\/p>\n<p>La balle est dans le camp du chef de l\u2019\u00c9tat, Macky Sall.<\/p>\n<div class=\"publi-apres-le-contenu\" style=\"margin-top: 10px;margin-bottom: 10px;margin-left: auto;margin-right: auto;text-align: center;\" id=\"publi-2012711225\"><div class=\"publi-adlabel\">Publicit\u00e9<\/div><script async src=\"\/\/pagead2.googlesyndication.com\/pagead\/js\/adsbygoogle.js?client=ca-pub-4089586018074219\" crossorigin=\"anonymous\"><\/script><ins class=\"adsbygoogle\" style=\"display:block;\" data-ad-client=\"ca-pub-4089586018074219\" \ndata-ad-slot=\"2087940154\" \ndata-ad-format=\"auto\"><\/ins>\n<script> \n(adsbygoogle = window.adsbygoogle || []).push({}); \n<\/script>\n<\/div>","protected":false},"excerpt":{"rendered":"<p>Apr\u00e8s avoir nomm\u00e9 Amadou B\u00e2 Premier ministre, , le Pr\u00e9sident Macky Sall avait donn\u00e9 instruction au ministre de la Justice, Isma\u00efla Madior Fall, de trouver des solutions pour que des responsables politiques puissent b\u00e9n\u00e9ficier d\u2019une amnistie ou toute autre solution juridique, qui pourraient leur permettre de retrouver l&rsquo;\u00e9ligibilit\u00e9. D\u2019apr\u00e8s L\u2019Obs, le ministre de la Justice, qui n\u2019a pas perdu du temps, a d\u00e9j\u00e0 boucl\u00e9 les travaux. L\u2019on souffle au journal que tous les sch\u00e9mas possibles sont pr\u00e9sent\u00e9s dans le document \u00e0 soumettre au chef de l\u2019\u00c9tat, Macky Sall. Deux options sont possibles, amnistie ou la r\u00e9vision du Code \u00e9lectoral, pour permettre aux 2 personnalit\u00e9s de retrouver leurs droits civiques, \u00e9voque le journal du Groupe Futurs M\u00e9dias D\u00e9j\u00e0 Me Babacar Niang a confi\u00e9 \u00e0 L\u2019Obs que la seconde proposition est \u00ab la plus appropri\u00e9e \u00bb d\u2019autant plus qu\u2019a-t-il argument\u00e9 : \u00ab Il s\u2019agit de condamnations \u00e0 des peines correctionnelles qui ne sont pas en rapport avec des crimes infamants \u00bb. La balle est dans le camp du chef de l\u2019\u00c9tat, Macky Sall.<\/p>\n","protected":false},"author":1,"featured_media":14850,"comment_status":"open","ping_status":"open","sticky":false,"template":"","format":"standard","meta":{"_jetpack_memberships_contains_paid_content":false,"footnotes":""},"categories":[375,3,1,372],"tags":[744,574,118,30,20],"class_list":["post-14849","post","type-post","status-publish","format-standard","has-post-thumbnail","hentry","category-actualites","category-politique","category-non-classe","category-vedette","tag-amadou-ba","tag-ismaila-madior-fall","tag-karim-wade","tag-khalifa-sall","tag-presidentielle-2024","entry","has-media","owp-thumbs-layout-horizontal","owp-btn-normal","owp-tabs-layout-horizontal","has-no-thumbnails","has-product-nav"],"yoast_head":"<!-- This site is optimized with the Yoast SEO plugin v25.5 - https:\/\/yoast.com\/wordpress\/plugins\/seo\/ -->\n<title>Amnistie pour Khalifa Sall et Karim Wade : Isma\u00efla Madior Fall trouve une solution pour lib\u00e9rer les 2K - LE PUBLIC<\/title>\n<meta name=\"description\" content=\"Apr\u00e8s avoir nomm\u00e9 Amadou B\u00e2 Premier ministre, , le Pr\u00e9sident Macky Sall avait donn\u00e9 instruction au ministre de la Justice, Isma\u00efla Madior Fall, de trouver des solutions pour que des responsables politiques puissent b\u00e9n\u00e9ficier d\u2019une amnistie ou toute autre solution juridique, qui pourraient leur permettre de retrouver l&#039;\u00e9ligibilit\u00e9.\" \/>\n<meta name=\"robots\" content=\"index, follow, max-snippet:-1, max-image-preview:large, max-video-preview:-1\" \/>\n<link rel=\"canonical\" href=\"https:\/\/www.public.sn\/index.php\/2023\/02\/03\/amnistie-pour-khalifa-sall-et-karim-wade-ismaila-madior-fall-trouve-une-solution-pour-liberer-les-2k\/\" \/>\n<meta property=\"og:locale\" content=\"fr_FR\" \/>\n<meta property=\"og:type\" content=\"article\" \/>\n<meta property=\"og:title\" content=\"Amnistie pour Khalifa Sall et Karim Wade : Isma\u00efla Madior Fall trouve une solution pour lib\u00e9rer les 2K - LE PUBLIC\" \/>\n<meta property=\"og:description\" content=\"Apr\u00e8s avoir nomm\u00e9 Amadou B\u00e2 Premier ministre, , le Pr\u00e9sident Macky Sall avait donn\u00e9 instruction au ministre de la Justice, Isma\u00efla Madior Fall, de trouver des solutions pour que des responsables politiques puissent b\u00e9n\u00e9ficier d\u2019une amnistie ou toute autre solution juridique, qui pourraient leur permettre de retrouver l&#039;\u00e9ligibilit\u00e9.\" \/>\n<meta property=\"og:url\" content=\"https:\/\/www.public.sn\/index.php\/2023\/02\/03\/amnistie-pour-khalifa-sall-et-karim-wade-ismaila-madior-fall-trouve-une-solution-pour-liberer-les-2k\/\" \/>\n<meta property=\"og:site_name\" content=\"LE PUBLIC\" \/>\n<meta property=\"article:published_time\" content=\"2023-02-03T10:53:49+00:00\" \/>\n<meta property=\"og:image\" content=\"https:\/\/www.public.sn\/wp-content\/uploads\/2023\/02\/karim-et-khalifa.jpg\" \/>\n\t<meta property=\"og:image:width\" content=\"700\" \/>\n\t<meta property=\"og:image:height\" content=\"400\" \/>\n\t<meta property=\"og:image:type\" content=\"image\/jpeg\" \/>\n<meta name=\"author\" content=\"LA REDACTION\" \/>\n<meta name=\"twitter:card\" content=\"summary_large_image\" \/>\n<meta name=\"twitter:label1\" content=\"\u00c9crit par\" \/>\n\t<meta name=\"twitter:data1\" content=\"LA REDACTION\" \/>\n\t<meta name=\"twitter:label2\" content=\"Dur\u00e9e de lecture estim\u00e9e\" \/>\n\t<meta name=\"twitter:data2\" content=\"1 minute\" \/>\n<script type=\"application\/ld+json\" class=\"yoast-schema-graph\">{\"@context\":\"https:\/\/schema.org\",\"@graph\":[{\"@type\":\"Article\",\"@id\":\"https:\/\/www.public.sn\/index.php\/2023\/02\/03\/amnistie-pour-khalifa-sall-et-karim-wade-ismaila-madior-fall-trouve-une-solution-pour-liberer-les-2k\/#article\",\"isPartOf\":{\"@id\":\"https:\/\/www.public.sn\/index.php\/2023\/02\/03\/amnistie-pour-khalifa-sall-et-karim-wade-ismaila-madior-fall-trouve-une-solution-pour-liberer-les-2k\/\"},\"author\":{\"name\":\"LA REDACTION\",\"@id\":\"https:\/\/www.public.sn\/#\/schema\/person\/e3f4a11b037d4203902db148f9bc8d5a\"},\"headline\":\"Amnistie pour Khalifa Sall et Karim Wade : Isma\u00efla Madior Fall trouve une solution pour lib\u00e9rer les 2K\",\"datePublished\":\"2023-02-03T10:53:49+00:00\",\"mainEntityOfPage\":{\"@id\":\"https:\/\/www.public.sn\/index.php\/2023\/02\/03\/amnistie-pour-khalifa-sall-et-karim-wade-ismaila-madior-fall-trouve-une-solution-pour-liberer-les-2k\/\"},\"wordCount\":207,\"commentCount\":0,\"publisher\":{\"@id\":\"https:\/\/www.public.sn\/#organization\"},\"image\":{\"@id\":\"https:\/\/www.public.sn\/index.php\/2023\/02\/03\/amnistie-pour-khalifa-sall-et-karim-wade-ismaila-madior-fall-trouve-une-solution-pour-liberer-les-2k\/#primaryimage\"},\"thumbnailUrl\":\"https:\/\/www.public.sn\/wp-content\/uploads\/2023\/02\/karim-et-khalifa.jpg\",\"keywords\":[\"Amadou Ba\",\"Ismaila Madior Fall\",\"Karim Wade\",\"Khalifa Sall\",\"Pr\u00e9sidentielle 2024\"],\"articleSection\":[\"ACTUALIT\u00c9S\",\"POLITIQUE\",\"S\u00c9N\u00c9GAL\",\"VEDETTE\"],\"inLanguage\":\"fr-FR\",\"potentialAction\":[{\"@type\":\"CommentAction\",\"name\":\"Comment\",\"target\":[\"https:\/\/www.public.sn\/index.php\/2023\/02\/03\/amnistie-pour-khalifa-sall-et-karim-wade-ismaila-madior-fall-trouve-une-solution-pour-liberer-les-2k\/#respond\"]}]},{\"@type\":\"WebPage\",\"@id\":\"https:\/\/www.public.sn\/index.php\/2023\/02\/03\/amnistie-pour-khalifa-sall-et-karim-wade-ismaila-madior-fall-trouve-une-solution-pour-liberer-les-2k\/\",\"url\":\"https:\/\/www.public.sn\/index.php\/2023\/02\/03\/amnistie-pour-khalifa-sall-et-karim-wade-ismaila-madior-fall-trouve-une-solution-pour-liberer-les-2k\/\",\"name\":\"Amnistie pour Khalifa Sall et Karim Wade : Isma\u00efla Madior Fall trouve une solution pour lib\u00e9rer les 2K - LE PUBLIC\",\"isPartOf\":{\"@id\":\"https:\/\/www.public.sn\/#website\"},\"primaryImageOfPage\":{\"@id\":\"https:\/\/www.public.sn\/index.php\/2023\/02\/03\/amnistie-pour-khalifa-sall-et-karim-wade-ismaila-madior-fall-trouve-une-solution-pour-liberer-les-2k\/#primaryimage\"},\"image\":{\"@id\":\"https:\/\/www.public.sn\/index.php\/2023\/02\/03\/amnistie-pour-khalifa-sall-et-karim-wade-ismaila-madior-fall-trouve-une-solution-pour-liberer-les-2k\/#primaryimage\"},\"thumbnailUrl\":\"https:\/\/www.public.sn\/wp-content\/uploads\/2023\/02\/karim-et-khalifa.jpg\",\"datePublished\":\"2023-02-03T10:53:49+00:00\",\"description\":\"Apr\u00e8s avoir nomm\u00e9 Amadou B\u00e2 Premier ministre, , le Pr\u00e9sident Macky Sall avait donn\u00e9 instruction au ministre de la Justice, Isma\u00efla Madior Fall, de trouver des solutions pour que des responsables politiques puissent b\u00e9n\u00e9ficier d\u2019une amnistie ou toute autre solution juridique, qui pourraient leur permettre de retrouver l'\u00e9ligibilit\u00e9.\",\"breadcrumb\":{\"@id\":\"https:\/\/www.public.sn\/index.php\/2023\/02\/03\/amnistie-pour-khalifa-sall-et-karim-wade-ismaila-madior-fall-trouve-une-solution-pour-liberer-les-2k\/#breadcrumb\"},\"inLanguage\":\"fr-FR\",\"potentialAction\":[{\"@type\":\"ReadAction\",\"target\":[\"https:\/\/www.public.sn\/index.php\/2023\/02\/03\/amnistie-pour-khalifa-sall-et-karim-wade-ismaila-madior-fall-trouve-une-solution-pour-liberer-les-2k\/\"]}]},{\"@type\":\"ImageObject\",\"inLanguage\":\"fr-FR\",\"@id\":\"https:\/\/www.public.sn\/index.php\/2023\/02\/03\/amnistie-pour-khalifa-sall-et-karim-wade-ismaila-madior-fall-trouve-une-solution-pour-liberer-les-2k\/#primaryimage\",\"url\":\"https:\/\/www.public.sn\/wp-content\/uploads\/2023\/02\/karim-et-khalifa.jpg\",\"contentUrl\":\"https:\/\/www.public.sn\/wp-content\/uploads\/2023\/02\/karim-et-khalifa.jpg\",\"width\":700,\"height\":400},{\"@type\":\"BreadcrumbList\",\"@id\":\"https:\/\/www.public.sn\/index.php\/2023\/02\/03\/amnistie-pour-khalifa-sall-et-karim-wade-ismaila-madior-fall-trouve-une-solution-pour-liberer-les-2k\/#breadcrumb\",\"itemListElement\":[{\"@type\":\"ListItem\",\"position\":1,\"name\":\"Accueil\",\"item\":\"https:\/\/www.public.sn\/\"},{\"@type\":\"ListItem\",\"position\":2,\"name\":\"Amnistie pour Khalifa Sall et Karim Wade : Isma\u00efla Madior Fall trouve une solution pour lib\u00e9rer les 2K\"}]},{\"@type\":\"WebSite\",\"@id\":\"https:\/\/www.public.sn\/#website\",\"url\":\"https:\/\/www.public.sn\/\",\"name\":\"LE PUBLIC\",\"description\":\"\",\"publisher\":{\"@id\":\"https:\/\/www.public.sn\/#organization\"},\"potentialAction\":[{\"@type\":\"SearchAction\",\"target\":{\"@type\":\"EntryPoint\",\"urlTemplate\":\"https:\/\/www.public.sn\/?s={search_term_string}\"},\"query-input\":{\"@type\":\"PropertyValueSpecification\",\"valueRequired\":true,\"valueName\":\"search_term_string\"}}],\"inLanguage\":\"fr-FR\"},{\"@type\":\"Organization\",\"@id\":\"https:\/\/www.public.sn\/#organization\",\"name\":\"LE PUBLIC\",\"url\":\"https:\/\/www.public.sn\/\",\"logo\":{\"@type\":\"ImageObject\",\"inLanguage\":\"fr-FR\",\"@id\":\"https:\/\/www.public.sn\/#\/schema\/logo\/image\/\",\"url\":\"https:\/\/www.public.sn\/wp-content\/uploads\/2024\/05\/cropped-LOGO-PUBLIC.SN_.png\",\"contentUrl\":\"https:\/\/www.public.sn\/wp-content\/uploads\/2024\/05\/cropped-LOGO-PUBLIC.SN_.png\",\"width\":682,\"height\":192,\"caption\":\"LE PUBLIC\"},\"image\":{\"@id\":\"https:\/\/www.public.sn\/#\/schema\/logo\/image\/\"}},{\"@type\":\"Person\",\"@id\":\"https:\/\/www.public.sn\/#\/schema\/person\/e3f4a11b037d4203902db148f9bc8d5a\",\"name\":\"LA REDACTION\",\"image\":{\"@type\":\"ImageObject\",\"inLanguage\":\"fr-FR\",\"@id\":\"https:\/\/www.public.sn\/#\/schema\/person\/image\/\",\"url\":\"https:\/\/secure.gravatar.com\/avatar\/d6c030db45db2883c075085c5d6c6258654a801a93766b49af0b82d4f454e2a5?s=96&d=mm&r=g\",\"contentUrl\":\"https:\/\/secure.gravatar.com\/avatar\/d6c030db45db2883c075085c5d6c6258654a801a93766b49af0b82d4f454e2a5?s=96&d=mm&r=g\",\"caption\":\"LA REDACTION\"},\"sameAs\":[\"http:\/\/www.public.sn\"],\"url\":\"https:\/\/www.public.sn\/index.php\/author\/admin7324\/\"}]}<\/script>\n<!-- \/ Yoast SEO plugin. -->","yoast_head_json":{"title":"Amnistie pour Khalifa Sall et Karim Wade : Isma\u00efla Madior Fall trouve une solution pour lib\u00e9rer les 2K - LE PUBLIC","description":"Apr\u00e8s avoir nomm\u00e9 Amadou B\u00e2 Premier ministre, , le Pr\u00e9sident Macky Sall avait donn\u00e9 instruction au ministre de la Justice, Isma\u00efla Madior Fall, de trouver des solutions pour que des responsables politiques puissent b\u00e9n\u00e9ficier d\u2019une amnistie ou toute autre solution juridique, qui pourraient leur permettre de retrouver l'\u00e9ligibilit\u00e9.","robots":{"index":"index","follow":"follow","max-snippet":"max-snippet:-1","max-image-preview":"max-image-preview:large","max-video-preview":"max-video-preview:-1"},"canonical":"https:\/\/www.public.sn\/index.php\/2023\/02\/03\/amnistie-pour-khalifa-sall-et-karim-wade-ismaila-madior-fall-trouve-une-solution-pour-liberer-les-2k\/","og_locale":"fr_FR","og_type":"article","og_title":"Amnistie pour Khalifa Sall et Karim Wade : Isma\u00efla Madior Fall trouve une solution pour lib\u00e9rer les 2K - LE PUBLIC","og_description":"Apr\u00e8s avoir nomm\u00e9 Amadou B\u00e2 Premier ministre, , le Pr\u00e9sident Macky Sall avait donn\u00e9 instruction au ministre de la Justice, Isma\u00efla Madior Fall, de trouver des solutions pour que des responsables politiques puissent b\u00e9n\u00e9ficier d\u2019une amnistie ou toute autre solution juridique, qui pourraient leur permettre de retrouver l'\u00e9ligibilit\u00e9.","og_url":"https:\/\/www.public.sn\/index.php\/2023\/02\/03\/amnistie-pour-khalifa-sall-et-karim-wade-ismaila-madior-fall-trouve-une-solution-pour-liberer-les-2k\/","og_site_name":"LE PUBLIC","article_published_time":"2023-02-03T10:53:49+00:00","og_image":[{"width":700,"height":400,"url":"https:\/\/www.public.sn\/wp-content\/uploads\/2023\/02\/karim-et-khalifa.jpg","type":"image\/jpeg"}],"author":"LA REDACTION","twitter_card":"summary_large_image","twitter_misc":{"\u00c9crit par":"LA REDACTION","Dur\u00e9e de lecture estim\u00e9e":"1 minute"},"schema":{"@context":"https:\/\/schema.org","@graph":[{"@type":"Article","@id":"https:\/\/www.public.sn\/index.php\/2023\/02\/03\/amnistie-pour-khalifa-sall-et-karim-wade-ismaila-madior-fall-trouve-une-solution-pour-liberer-les-2k\/#article","isPartOf":{"@id":"https:\/\/www.public.sn\/index.php\/2023\/02\/03\/amnistie-pour-khalifa-sall-et-karim-wade-ismaila-madior-fall-trouve-une-solution-pour-liberer-les-2k\/"},"author":{"name":"LA REDACTION","@id":"https:\/\/www.public.sn\/#\/schema\/person\/e3f4a11b037d4203902db148f9bc8d5a"},"headline":"Amnistie pour Khalifa Sall et Karim Wade : Isma\u00efla Madior Fall trouve une solution pour lib\u00e9rer les 2K","datePublished":"2023-02-03T10:53:49+00:00","mainEntityOfPage":{"@id":"https:\/\/www.public.sn\/index.php\/2023\/02\/03\/amnistie-pour-khalifa-sall-et-karim-wade-ismaila-madior-fall-trouve-une-solution-pour-liberer-les-2k\/"},"wordCount":207,"commentCount":0,"publisher":{"@id":"https:\/\/www.public.sn\/#organization"},"image":{"@id":"https:\/\/www.public.sn\/index.php\/2023\/02\/03\/amnistie-pour-khalifa-sall-et-karim-wade-ismaila-madior-fall-trouve-une-solution-pour-liberer-les-2k\/#primaryimage"},"thumbnailUrl":"https:\/\/www.public.sn\/wp-content\/uploads\/2023\/02\/karim-et-khalifa.jpg","keywords":["Amadou Ba","Ismaila Madior Fall","Karim Wade","Khalifa Sall","Pr\u00e9sidentielle 2024"],"articleSection":["ACTUALIT\u00c9S","POLITIQUE","S\u00c9N\u00c9GAL","VEDETTE"],"inLanguage":"fr-FR","potentialAction":[{"@type":"CommentAction","name":"Comment","target":["https:\/\/www.public.sn\/index.php\/2023\/02\/03\/amnistie-pour-khalifa-sall-et-karim-wade-ismaila-madior-fall-trouve-une-solution-pour-liberer-les-2k\/#respond"]}]},{"@type":"WebPage","@id":"https:\/\/www.public.sn\/index.php\/2023\/02\/03\/amnistie-pour-khalifa-sall-et-karim-wade-ismaila-madior-fall-trouve-une-solution-pour-liberer-les-2k\/","url":"https:\/\/www.public.sn\/index.php\/2023\/02\/03\/amnistie-pour-khalifa-sall-et-karim-wade-ismaila-madior-fall-trouve-une-solution-pour-liberer-les-2k\/","name":"Amnistie pour Khalifa Sall et Karim Wade : Isma\u00efla Madior Fall trouve une solution pour lib\u00e9rer les 2K - LE PUBLIC","isPartOf":{"@id":"https:\/\/www.public.sn\/#website"},"primaryImageOfPage":{"@id":"https:\/\/www.public.sn\/index.php\/2023\/02\/03\/amnistie-pour-khalifa-sall-et-karim-wade-ismaila-madior-fall-trouve-une-solution-pour-liberer-les-2k\/#primaryimage"},"image":{"@id":"https:\/\/www.public.sn\/index.php\/2023\/02\/03\/amnistie-pour-khalifa-sall-et-karim-wade-ismaila-madior-fall-trouve-une-solution-pour-liberer-les-2k\/#primaryimage"},"thumbnailUrl":"https:\/\/www.public.sn\/wp-content\/uploads\/2023\/02\/karim-et-khalifa.jpg","datePublished":"2023-02-03T10:53:49+00:00","description":"Apr\u00e8s avoir nomm\u00e9 Amadou B\u00e2 Premier ministre, , le Pr\u00e9sident Macky Sall avait donn\u00e9 instruction au ministre de la Justice, Isma\u00efla Madior Fall, de trouver des solutions pour que des responsables politiques puissent b\u00e9n\u00e9ficier d\u2019une amnistie ou toute autre solution juridique, qui pourraient leur permettre de retrouver l'\u00e9ligibilit\u00e9.","breadcrumb":{"@id":"https:\/\/www.public.sn\/index.php\/2023\/02\/03\/amnistie-pour-khalifa-sall-et-karim-wade-ismaila-madior-fall-trouve-une-solution-pour-liberer-les-2k\/#breadcrumb"},"inLanguage":"fr-FR","potentialAction":[{"@type":"ReadAction","target":["https:\/\/www.public.sn\/index.php\/2023\/02\/03\/amnistie-pour-khalifa-sall-et-karim-wade-ismaila-madior-fall-trouve-une-solution-pour-liberer-les-2k\/"]}]},{"@type":"ImageObject","inLanguage":"fr-FR","@id":"https:\/\/www.public.sn\/index.php\/2023\/02\/03\/amnistie-pour-khalifa-sall-et-karim-wade-ismaila-madior-fall-trouve-une-solution-pour-liberer-les-2k\/#primaryimage","url":"https:\/\/www.public.sn\/wp-content\/uploads\/2023\/02\/karim-et-khalifa.jpg","contentUrl":"https:\/\/www.public.sn\/wp-content\/uploads\/2023\/02\/karim-et-khalifa.jpg","width":700,"height":400},{"@type":"BreadcrumbList","@id":"https:\/\/www.public.sn\/index.php\/2023\/02\/03\/amnistie-pour-khalifa-sall-et-karim-wade-ismaila-madior-fall-trouve-une-solution-pour-liberer-les-2k\/#breadcrumb","itemListElement":[{"@type":"ListItem","position":1,"name":"Accueil","item":"https:\/\/www.public.sn\/"},{"@type":"ListItem","position":2,"name":"Amnistie pour Khalifa Sall et Karim Wade : Isma\u00efla Madior Fall trouve une solution pour lib\u00e9rer les 2K"}]},{"@type":"WebSite","@id":"https:\/\/www.public.sn\/#website","url":"https:\/\/www.public.sn\/","name":"LE PUBLIC","description":"","publisher":{"@id":"https:\/\/www.public.sn\/#organization"},"potentialAction":[{"@type":"SearchAction","target":{"@type":"EntryPoint","urlTemplate":"https:\/\/www.public.sn\/?s={search_term_string}"},"query-input":{"@type":"PropertyValueSpecification","valueRequired":true,"valueName":"search_term_string"}}],"inLanguage":"fr-FR"},{"@type":"Organization","@id":"https:\/\/www.public.sn\/#organization","name":"LE PUBLIC","url":"https:\/\/www.public.sn\/","logo":{"@type":"ImageObject","inLanguage":"fr-FR","@id":"https:\/\/www.public.sn\/#\/schema\/logo\/image\/","url":"https:\/\/www.public.sn\/wp-content\/uploads\/2024\/05\/cropped-LOGO-PUBLIC.SN_.png","contentUrl":"https:\/\/www.public.sn\/wp-content\/uploads\/2024\/05\/cropped-LOGO-PUBLIC.SN_.png","width":682,"height":192,"caption":"LE PUBLIC"},"image":{"@id":"https:\/\/www.public.sn\/#\/schema\/logo\/image\/"}},{"@type":"Person","@id":"https:\/\/www.public.sn\/#\/schema\/person\/e3f4a11b037d4203902db148f9bc8d5a","name":"LA REDACTION","image":{"@type":"ImageObject","inLanguage":"fr-FR","@id":"https:\/\/www.public.sn\/#\/schema\/person\/image\/","url":"https:\/\/secure.gravatar.com\/avatar\/d6c030db45db2883c075085c5d6c6258654a801a93766b49af0b82d4f454e2a5?s=96&d=mm&r=g","contentUrl":"https:\/\/secure.gravatar.com\/avatar\/d6c030db45db2883c075085c5d6c6258654a801a93766b49af0b82d4f454e2a5?s=96&d=mm&r=g","caption":"LA REDACTION"},"sameAs":["http:\/\/www.public.sn"],"url":"https:\/\/www.public.sn\/index.php\/author\/admin7324\/"}]}},"jetpack_featured_media_url":"https:\/\/www.public.sn\/wp-content\/uploads\/2023\/02\/karim-et-khalifa.jpg","jetpack_sharing_enabled":true,"_links":{"self":[{"href":"https:\/\/www.public.sn\/index.php\/wp-json\/wp\/v2\/posts\/14849","targetHints":{"allow":["GET"]}}],"collection":[{"href":"https:\/\/www.public.sn\/index.php\/wp-json\/wp\/v2\/posts"}],"about":[{"href":"https:\/\/www.public.sn\/index.php\/wp-json\/wp\/v2\/types\/post"}],"author":[{"embeddable":true,"href":"https:\/\/www.public.sn\/index.php\/wp-json\/wp\/v2\/users\/1"}],"replies":[{"embeddable":true,"href":"https:\/\/www.public.sn\/index.php\/wp-json\/wp\/v2\/comments?post=14849"}],"version-history":[{"count":1,"href":"https:\/\/www.public.sn\/index.php\/wp-json\/wp\/v2\/posts\/14849\/revisions"}],"predecessor-version":[{"id":14851,"href":"https:\/\/www.public.sn\/index.php\/wp-json\/wp\/v2\/posts\/14849\/revisions\/14851"}],"wp:featuredmedia":[{"embeddable":true,"href":"https:\/\/www.public.sn\/index.php\/wp-json\/wp\/v2\/media\/14850"}],"wp:attachment":[{"href":"https:\/\/www.public.sn\/index.php\/wp-json\/wp\/v2\/media?parent=14849"}],"wp:term":[{"taxonomy":"category","embeddable":true,"href":"https:\/\/www.public.sn\/index.php\/wp-json\/wp\/v2\/categories?post=14849"},{"taxonomy":"post_tag","embeddable":true,"href":"https:\/\/www.public.sn\/index.php\/wp-json\/wp\/v2\/tags?post=14849"}],"curies":[{"name":"wp","href":"https:\/\/api.w.org\/{rel}","templated":true}]}}