{"id":14854,"date":"2023-02-03T13:39:13","date_gmt":"2023-02-03T13:39:13","guid":{"rendered":"https:\/\/www.public.sn\/?p=14854"},"modified":"2023-02-03T13:39:13","modified_gmt":"2023-02-03T13:39:13","slug":"bayern-vs-psg-sadio-mane-forfait","status":"publish","type":"post","link":"https:\/\/www.public.sn\/index.php\/2023\/02\/03\/bayern-vs-psg-sadio-mane-forfait\/","title":{"rendered":"BAYERN VS PSG :  Sadio Man\u00e9 forfait"},"content":{"rendered":"<p><strong>En conf\u00e9rence de presse, l\u2019entra\u00eeneur du Byern de Munich Julian Nagelsmann a confirm\u00e9 que son attaquant s\u00e9n\u00e9galais serait trop juste pour affronter le PSG au match aller. \u00ab Je l\u2019attends de retour mi ou fin f\u00e9vrier. \u00c7a s\u2019annonce bien, il n\u2019a plus mal. Mais contre Paris il ratera le match aller \u00bb, a-t-il lanc\u00e9.<\/strong><\/p><div class=\"publi-paragraphe1\" style=\"margin-top: 10px;margin-bottom: 10px;margin-left: auto;margin-right: auto;text-align: center;\" id=\"publi-4175310133\"><div class=\"publi-adlabel\">Publicit\u00e9<\/div><script async src=\"\/\/pagead2.googlesyndication.com\/pagead\/js\/adsbygoogle.js?client=ca-pub-4089586018074219\" crossorigin=\"anonymous\"><\/script><ins class=\"adsbygoogle\" style=\"display:block;\" data-ad-client=\"ca-pub-4089586018074219\" \ndata-ad-slot=\"2087940154\" \ndata-ad-format=\"auto\"><\/ins>\n<script> \n(adsbygoogle = window.adsbygoogle || []).push({}); \n<\/script>\n<\/div>\n<p>Le match aller se tiendra le 14 f\u00e9vrier, le retour aura lieu le 8 mars.<\/p>\n<div class=\"publi-apres-le-contenu\" style=\"margin-top: 10px;margin-bottom: 10px;margin-left: auto;margin-right: auto;text-align: center;\" id=\"publi-3305792198\"><div class=\"publi-adlabel\">Publicit\u00e9<\/div><script async src=\"\/\/pagead2.googlesyndication.com\/pagead\/js\/adsbygoogle.js?client=ca-pub-4089586018074219\" crossorigin=\"anonymous\"><\/script><ins class=\"adsbygoogle\" style=\"display:block;\" data-ad-client=\"ca-pub-4089586018074219\" \ndata-ad-slot=\"2087940154\" \ndata-ad-format=\"auto\"><\/ins>\n<script> \n(adsbygoogle = window.adsbygoogle || []).push({}); \n<\/script>\n<\/div>","protected":false},"excerpt":{"rendered":"<p>En conf\u00e9rence de presse, l\u2019entra\u00eeneur du Byern de Munich Julian Nagelsmann a confirm\u00e9 que son attaquant s\u00e9n\u00e9galais serait trop juste pour affronter le PSG au match aller. \u00ab Je l\u2019attends de retour mi ou fin f\u00e9vrier. \u00c7a s\u2019annonce bien, il n\u2019a plus mal. Mais contre Paris il ratera le match aller \u00bb, a-t-il lanc\u00e9. Le match aller se tiendra le 14 f\u00e9vrier, le retour aura lieu le 8 mars.<\/p>\n","protected":false},"author":1,"featured_media":11129,"comment_status":"open","ping_status":"open","sticky":false,"template":"","format":"standard","meta":{"_jetpack_memberships_contains_paid_content":false,"footnotes":""},"categories":[375,550,3412,7],"tags":[4267,432,47],"class_list":["post-14854","post","type-post","status-publish","format-standard","has-post-thumbnail","hentry","category-actualites","category-afrique-monde","category-football","category-sport","tag-julian-nagelsmann","tag-psg","tag-sadio-mane","entry","has-media","owp-thumbs-layout-horizontal","owp-btn-normal","owp-tabs-layout-horizontal","has-no-thumbnails","has-product-nav"],"yoast_head":"<!-- This site is optimized with the Yoast SEO plugin v25.5 - https:\/\/yoast.com\/wordpress\/plugins\/seo\/ -->\n<title>BAYERN VS PSG : Sadio Man\u00e9 forfait - LE PUBLIC<\/title>\n<meta name=\"description\" content=\"En conf\u00e9rence de presse, l\u2019entra\u00eeneur du Byern de Munich Julian Nagelsmann a confirm\u00e9 que son attaquant s\u00e9n\u00e9galais serait trop juste pour affronter le PSG au match aller. \u00ab Je l\u2019attends de retour mi ou fin f\u00e9vrier. \u00c7a s\u2019annonce bien, il n\u2019a plus mal. Mais contre Paris il ratera le match aller \u00bb, a-t-il lanc\u00e9.\" \/>\n<meta name=\"robots\" content=\"index, follow, max-snippet:-1, max-image-preview:large, max-video-preview:-1\" \/>\n<link rel=\"canonical\" href=\"https:\/\/www.public.sn\/index.php\/2023\/02\/03\/bayern-vs-psg-sadio-mane-forfait\/\" \/>\n<meta property=\"og:locale\" content=\"fr_FR\" \/>\n<meta property=\"og:type\" content=\"article\" \/>\n<meta property=\"og:title\" content=\"BAYERN VS PSG : Sadio Man\u00e9 forfait - LE PUBLIC\" \/>\n<meta property=\"og:description\" content=\"En conf\u00e9rence de presse, l\u2019entra\u00eeneur du Byern de Munich Julian Nagelsmann a confirm\u00e9 que son attaquant s\u00e9n\u00e9galais serait trop juste pour affronter le PSG au match aller. \u00ab Je l\u2019attends de retour mi ou fin f\u00e9vrier. \u00c7a s\u2019annonce bien, il n\u2019a plus mal. Mais contre Paris il ratera le match aller \u00bb, a-t-il lanc\u00e9.\" \/>\n<meta property=\"og:url\" content=\"https:\/\/www.public.sn\/index.php\/2023\/02\/03\/bayern-vs-psg-sadio-mane-forfait\/\" \/>\n<meta property=\"og:site_name\" content=\"LE PUBLIC\" \/>\n<meta property=\"article:published_time\" content=\"2023-02-03T13:39:13+00:00\" \/>\n<meta property=\"og:image\" content=\"https:\/\/www.public.sn\/wp-content\/uploads\/2022\/12\/sadio.webp\" \/>\n\t<meta property=\"og:image:width\" content=\"408\" \/>\n\t<meta property=\"og:image:height\" content=\"230\" \/>\n\t<meta property=\"og:image:type\" content=\"image\/webp\" \/>\n<meta name=\"author\" content=\"LA REDACTION\" \/>\n<meta name=\"twitter:card\" content=\"summary_large_image\" \/>\n<meta name=\"twitter:label1\" content=\"\u00c9crit par\" \/>\n\t<meta name=\"twitter:data1\" content=\"LA REDACTION\" \/>\n\t<meta name=\"twitter:label2\" content=\"Dur\u00e9e de lecture estim\u00e9e\" \/>\n\t<meta name=\"twitter:data2\" content=\"1 minute\" \/>\n<script type=\"application\/ld+json\" class=\"yoast-schema-graph\">{\"@context\":\"https:\/\/schema.org\",\"@graph\":[{\"@type\":\"Article\",\"@id\":\"https:\/\/www.public.sn\/index.php\/2023\/02\/03\/bayern-vs-psg-sadio-mane-forfait\/#article\",\"isPartOf\":{\"@id\":\"https:\/\/www.public.sn\/index.php\/2023\/02\/03\/bayern-vs-psg-sadio-mane-forfait\/\"},\"author\":{\"name\":\"LA REDACTION\",\"@id\":\"https:\/\/www.public.sn\/#\/schema\/person\/e3f4a11b037d4203902db148f9bc8d5a\"},\"headline\":\"BAYERN VS PSG : Sadio Man\u00e9 forfait\",\"datePublished\":\"2023-02-03T13:39:13+00:00\",\"mainEntityOfPage\":{\"@id\":\"https:\/\/www.public.sn\/index.php\/2023\/02\/03\/bayern-vs-psg-sadio-mane-forfait\/\"},\"wordCount\":81,\"commentCount\":0,\"publisher\":{\"@id\":\"https:\/\/www.public.sn\/#organization\"},\"image\":{\"@id\":\"https:\/\/www.public.sn\/index.php\/2023\/02\/03\/bayern-vs-psg-sadio-mane-forfait\/#primaryimage\"},\"thumbnailUrl\":\"https:\/\/www.public.sn\/wp-content\/uploads\/2022\/12\/sadio.webp\",\"keywords\":[\"Julian Nagelsmann\",\"Psg\",\"Sadio Man\u00e9\"],\"articleSection\":[\"ACTUALIT\u00c9S\",\"AFRIQUE &amp; MONDE\",\"FOOTBALL\",\"SPORTS\"],\"inLanguage\":\"fr-FR\",\"potentialAction\":[{\"@type\":\"CommentAction\",\"name\":\"Comment\",\"target\":[\"https:\/\/www.public.sn\/index.php\/2023\/02\/03\/bayern-vs-psg-sadio-mane-forfait\/#respond\"]}]},{\"@type\":\"WebPage\",\"@id\":\"https:\/\/www.public.sn\/index.php\/2023\/02\/03\/bayern-vs-psg-sadio-mane-forfait\/\",\"url\":\"https:\/\/www.public.sn\/index.php\/2023\/02\/03\/bayern-vs-psg-sadio-mane-forfait\/\",\"name\":\"BAYERN VS PSG : Sadio Man\u00e9 forfait - LE PUBLIC\",\"isPartOf\":{\"@id\":\"https:\/\/www.public.sn\/#website\"},\"primaryImageOfPage\":{\"@id\":\"https:\/\/www.public.sn\/index.php\/2023\/02\/03\/bayern-vs-psg-sadio-mane-forfait\/#primaryimage\"},\"image\":{\"@id\":\"https:\/\/www.public.sn\/index.php\/2023\/02\/03\/bayern-vs-psg-sadio-mane-forfait\/#primaryimage\"},\"thumbnailUrl\":\"https:\/\/www.public.sn\/wp-content\/uploads\/2022\/12\/sadio.webp\",\"datePublished\":\"2023-02-03T13:39:13+00:00\",\"description\":\"En conf\u00e9rence de presse, l\u2019entra\u00eeneur du Byern de Munich Julian Nagelsmann a confirm\u00e9 que son attaquant s\u00e9n\u00e9galais serait trop juste pour affronter le PSG au match aller. \u00ab Je l\u2019attends de retour mi ou fin f\u00e9vrier. \u00c7a s\u2019annonce bien, il n\u2019a plus mal. Mais contre Paris il ratera le match aller \u00bb, a-t-il lanc\u00e9.\",\"breadcrumb\":{\"@id\":\"https:\/\/www.public.sn\/index.php\/2023\/02\/03\/bayern-vs-psg-sadio-mane-forfait\/#breadcrumb\"},\"inLanguage\":\"fr-FR\",\"potentialAction\":[{\"@type\":\"ReadAction\",\"target\":[\"https:\/\/www.public.sn\/index.php\/2023\/02\/03\/bayern-vs-psg-sadio-mane-forfait\/\"]}]},{\"@type\":\"ImageObject\",\"inLanguage\":\"fr-FR\",\"@id\":\"https:\/\/www.public.sn\/index.php\/2023\/02\/03\/bayern-vs-psg-sadio-mane-forfait\/#primaryimage\",\"url\":\"https:\/\/www.public.sn\/wp-content\/uploads\/2022\/12\/sadio.webp\",\"contentUrl\":\"https:\/\/www.public.sn\/wp-content\/uploads\/2022\/12\/sadio.webp\",\"width\":408,\"height\":230,\"caption\":\"Le message fort de Sadio Man\u00e9 \u00e0 ses co\u00e9quipiers.\"},{\"@type\":\"BreadcrumbList\",\"@id\":\"https:\/\/www.public.sn\/index.php\/2023\/02\/03\/bayern-vs-psg-sadio-mane-forfait\/#breadcrumb\",\"itemListElement\":[{\"@type\":\"ListItem\",\"position\":1,\"name\":\"Accueil\",\"item\":\"https:\/\/www.public.sn\/\"},{\"@type\":\"ListItem\",\"position\":2,\"name\":\"BAYERN VS PSG : Sadio Man\u00e9 forfait\"}]},{\"@type\":\"WebSite\",\"@id\":\"https:\/\/www.public.sn\/#website\",\"url\":\"https:\/\/www.public.sn\/\",\"name\":\"LE PUBLIC\",\"description\":\"\",\"publisher\":{\"@id\":\"https:\/\/www.public.sn\/#organization\"},\"potentialAction\":[{\"@type\":\"SearchAction\",\"target\":{\"@type\":\"EntryPoint\",\"urlTemplate\":\"https:\/\/www.public.sn\/?s={search_term_string}\"},\"query-input\":{\"@type\":\"PropertyValueSpecification\",\"valueRequired\":true,\"valueName\":\"search_term_string\"}}],\"inLanguage\":\"fr-FR\"},{\"@type\":\"Organization\",\"@id\":\"https:\/\/www.public.sn\/#organization\",\"name\":\"LE PUBLIC\",\"url\":\"https:\/\/www.public.sn\/\",\"logo\":{\"@type\":\"ImageObject\",\"inLanguage\":\"fr-FR\",\"@id\":\"https:\/\/www.public.sn\/#\/schema\/logo\/image\/\",\"url\":\"https:\/\/www.public.sn\/wp-content\/uploads\/2024\/05\/cropped-LOGO-PUBLIC.SN_.png\",\"contentUrl\":\"https:\/\/www.public.sn\/wp-content\/uploads\/2024\/05\/cropped-LOGO-PUBLIC.SN_.png\",\"width\":682,\"height\":192,\"caption\":\"LE PUBLIC\"},\"image\":{\"@id\":\"https:\/\/www.public.sn\/#\/schema\/logo\/image\/\"}},{\"@type\":\"Person\",\"@id\":\"https:\/\/www.public.sn\/#\/schema\/person\/e3f4a11b037d4203902db148f9bc8d5a\",\"name\":\"LA REDACTION\",\"image\":{\"@type\":\"ImageObject\",\"inLanguage\":\"fr-FR\",\"@id\":\"https:\/\/www.public.sn\/#\/schema\/person\/image\/\",\"url\":\"https:\/\/secure.gravatar.com\/avatar\/d6c030db45db2883c075085c5d6c6258654a801a93766b49af0b82d4f454e2a5?s=96&d=mm&r=g\",\"contentUrl\":\"https:\/\/secure.gravatar.com\/avatar\/d6c030db45db2883c075085c5d6c6258654a801a93766b49af0b82d4f454e2a5?s=96&d=mm&r=g\",\"caption\":\"LA REDACTION\"},\"sameAs\":[\"http:\/\/www.public.sn\"],\"url\":\"https:\/\/www.public.sn\/index.php\/author\/admin7324\/\"}]}<\/script>\n<!-- \/ Yoast SEO plugin. -->","yoast_head_json":{"title":"BAYERN VS PSG : Sadio Man\u00e9 forfait - LE PUBLIC","description":"En conf\u00e9rence de presse, l\u2019entra\u00eeneur du Byern de Munich Julian Nagelsmann a confirm\u00e9 que son attaquant s\u00e9n\u00e9galais serait trop juste pour affronter le PSG au match aller. \u00ab Je l\u2019attends de retour mi ou fin f\u00e9vrier. \u00c7a s\u2019annonce bien, il n\u2019a plus mal. Mais contre Paris il ratera le match aller \u00bb, a-t-il lanc\u00e9.","robots":{"index":"index","follow":"follow","max-snippet":"max-snippet:-1","max-image-preview":"max-image-preview:large","max-video-preview":"max-video-preview:-1"},"canonical":"https:\/\/www.public.sn\/index.php\/2023\/02\/03\/bayern-vs-psg-sadio-mane-forfait\/","og_locale":"fr_FR","og_type":"article","og_title":"BAYERN VS PSG : Sadio Man\u00e9 forfait - LE PUBLIC","og_description":"En conf\u00e9rence de presse, l\u2019entra\u00eeneur du Byern de Munich Julian Nagelsmann a confirm\u00e9 que son attaquant s\u00e9n\u00e9galais serait trop juste pour affronter le PSG au match aller. \u00ab Je l\u2019attends de retour mi ou fin f\u00e9vrier. \u00c7a s\u2019annonce bien, il n\u2019a plus mal. Mais contre Paris il ratera le match aller \u00bb, a-t-il lanc\u00e9.","og_url":"https:\/\/www.public.sn\/index.php\/2023\/02\/03\/bayern-vs-psg-sadio-mane-forfait\/","og_site_name":"LE PUBLIC","article_published_time":"2023-02-03T13:39:13+00:00","og_image":[{"width":408,"height":230,"url":"https:\/\/www.public.sn\/wp-content\/uploads\/2022\/12\/sadio.webp","type":"image\/webp"}],"author":"LA REDACTION","twitter_card":"summary_large_image","twitter_misc":{"\u00c9crit par":"LA REDACTION","Dur\u00e9e de lecture estim\u00e9e":"1 minute"},"schema":{"@context":"https:\/\/schema.org","@graph":[{"@type":"Article","@id":"https:\/\/www.public.sn\/index.php\/2023\/02\/03\/bayern-vs-psg-sadio-mane-forfait\/#article","isPartOf":{"@id":"https:\/\/www.public.sn\/index.php\/2023\/02\/03\/bayern-vs-psg-sadio-mane-forfait\/"},"author":{"name":"LA REDACTION","@id":"https:\/\/www.public.sn\/#\/schema\/person\/e3f4a11b037d4203902db148f9bc8d5a"},"headline":"BAYERN VS PSG : Sadio Man\u00e9 forfait","datePublished":"2023-02-03T13:39:13+00:00","mainEntityOfPage":{"@id":"https:\/\/www.public.sn\/index.php\/2023\/02\/03\/bayern-vs-psg-sadio-mane-forfait\/"},"wordCount":81,"commentCount":0,"publisher":{"@id":"https:\/\/www.public.sn\/#organization"},"image":{"@id":"https:\/\/www.public.sn\/index.php\/2023\/02\/03\/bayern-vs-psg-sadio-mane-forfait\/#primaryimage"},"thumbnailUrl":"https:\/\/www.public.sn\/wp-content\/uploads\/2022\/12\/sadio.webp","keywords":["Julian Nagelsmann","Psg","Sadio Man\u00e9"],"articleSection":["ACTUALIT\u00c9S","AFRIQUE &amp; MONDE","FOOTBALL","SPORTS"],"inLanguage":"fr-FR","potentialAction":[{"@type":"CommentAction","name":"Comment","target":["https:\/\/www.public.sn\/index.php\/2023\/02\/03\/bayern-vs-psg-sadio-mane-forfait\/#respond"]}]},{"@type":"WebPage","@id":"https:\/\/www.public.sn\/index.php\/2023\/02\/03\/bayern-vs-psg-sadio-mane-forfait\/","url":"https:\/\/www.public.sn\/index.php\/2023\/02\/03\/bayern-vs-psg-sadio-mane-forfait\/","name":"BAYERN VS PSG : Sadio Man\u00e9 forfait - LE PUBLIC","isPartOf":{"@id":"https:\/\/www.public.sn\/#website"},"primaryImageOfPage":{"@id":"https:\/\/www.public.sn\/index.php\/2023\/02\/03\/bayern-vs-psg-sadio-mane-forfait\/#primaryimage"},"image":{"@id":"https:\/\/www.public.sn\/index.php\/2023\/02\/03\/bayern-vs-psg-sadio-mane-forfait\/#primaryimage"},"thumbnailUrl":"https:\/\/www.public.sn\/wp-content\/uploads\/2022\/12\/sadio.webp","datePublished":"2023-02-03T13:39:13+00:00","description":"En conf\u00e9rence de presse, l\u2019entra\u00eeneur du Byern de Munich Julian Nagelsmann a confirm\u00e9 que son attaquant s\u00e9n\u00e9galais serait trop juste pour affronter le PSG au match aller. \u00ab Je l\u2019attends de retour mi ou fin f\u00e9vrier. \u00c7a s\u2019annonce bien, il n\u2019a plus mal. Mais contre Paris il ratera le match aller \u00bb, a-t-il lanc\u00e9.","breadcrumb":{"@id":"https:\/\/www.public.sn\/index.php\/2023\/02\/03\/bayern-vs-psg-sadio-mane-forfait\/#breadcrumb"},"inLanguage":"fr-FR","potentialAction":[{"@type":"ReadAction","target":["https:\/\/www.public.sn\/index.php\/2023\/02\/03\/bayern-vs-psg-sadio-mane-forfait\/"]}]},{"@type":"ImageObject","inLanguage":"fr-FR","@id":"https:\/\/www.public.sn\/index.php\/2023\/02\/03\/bayern-vs-psg-sadio-mane-forfait\/#primaryimage","url":"https:\/\/www.public.sn\/wp-content\/uploads\/2022\/12\/sadio.webp","contentUrl":"https:\/\/www.public.sn\/wp-content\/uploads\/2022\/12\/sadio.webp","width":408,"height":230,"caption":"Le message fort de Sadio Man\u00e9 \u00e0 ses co\u00e9quipiers."},{"@type":"BreadcrumbList","@id":"https:\/\/www.public.sn\/index.php\/2023\/02\/03\/bayern-vs-psg-sadio-mane-forfait\/#breadcrumb","itemListElement":[{"@type":"ListItem","position":1,"name":"Accueil","item":"https:\/\/www.public.sn\/"},{"@type":"ListItem","position":2,"name":"BAYERN VS PSG : Sadio Man\u00e9 forfait"}]},{"@type":"WebSite","@id":"https:\/\/www.public.sn\/#website","url":"https:\/\/www.public.sn\/","name":"LE PUBLIC","description":"","publisher":{"@id":"https:\/\/www.public.sn\/#organization"},"potentialAction":[{"@type":"SearchAction","target":{"@type":"EntryPoint","urlTemplate":"https:\/\/www.public.sn\/?s={search_term_string}"},"query-input":{"@type":"PropertyValueSpecification","valueRequired":true,"valueName":"search_term_string"}}],"inLanguage":"fr-FR"},{"@type":"Organization","@id":"https:\/\/www.public.sn\/#organization","name":"LE PUBLIC","url":"https:\/\/www.public.sn\/","logo":{"@type":"ImageObject","inLanguage":"fr-FR","@id":"https:\/\/www.public.sn\/#\/schema\/logo\/image\/","url":"https:\/\/www.public.sn\/wp-content\/uploads\/2024\/05\/cropped-LOGO-PUBLIC.SN_.png","contentUrl":"https:\/\/www.public.sn\/wp-content\/uploads\/2024\/05\/cropped-LOGO-PUBLIC.SN_.png","width":682,"height":192,"caption":"LE PUBLIC"},"image":{"@id":"https:\/\/www.public.sn\/#\/schema\/logo\/image\/"}},{"@type":"Person","@id":"https:\/\/www.public.sn\/#\/schema\/person\/e3f4a11b037d4203902db148f9bc8d5a","name":"LA REDACTION","image":{"@type":"ImageObject","inLanguage":"fr-FR","@id":"https:\/\/www.public.sn\/#\/schema\/person\/image\/","url":"https:\/\/secure.gravatar.com\/avatar\/d6c030db45db2883c075085c5d6c6258654a801a93766b49af0b82d4f454e2a5?s=96&d=mm&r=g","contentUrl":"https:\/\/secure.gravatar.com\/avatar\/d6c030db45db2883c075085c5d6c6258654a801a93766b49af0b82d4f454e2a5?s=96&d=mm&r=g","caption":"LA REDACTION"},"sameAs":["http:\/\/www.public.sn"],"url":"https:\/\/www.public.sn\/index.php\/author\/admin7324\/"}]}},"jetpack_featured_media_url":"https:\/\/www.public.sn\/wp-content\/uploads\/2022\/12\/sadio.webp","jetpack_sharing_enabled":true,"_links":{"self":[{"href":"https:\/\/www.public.sn\/index.php\/wp-json\/wp\/v2\/posts\/14854","targetHints":{"allow":["GET"]}}],"collection":[{"href":"https:\/\/www.public.sn\/index.php\/wp-json\/wp\/v2\/posts"}],"about":[{"href":"https:\/\/www.public.sn\/index.php\/wp-json\/wp\/v2\/types\/post"}],"author":[{"embeddable":true,"href":"https:\/\/www.public.sn\/index.php\/wp-json\/wp\/v2\/users\/1"}],"replies":[{"embeddable":true,"href":"https:\/\/www.public.sn\/index.php\/wp-json\/wp\/v2\/comments?post=14854"}],"version-history":[{"count":1,"href":"https:\/\/www.public.sn\/index.php\/wp-json\/wp\/v2\/posts\/14854\/revisions"}],"predecessor-version":[{"id":14855,"href":"https:\/\/www.public.sn\/index.php\/wp-json\/wp\/v2\/posts\/14854\/revisions\/14855"}],"wp:featuredmedia":[{"embeddable":true,"href":"https:\/\/www.public.sn\/index.php\/wp-json\/wp\/v2\/media\/11129"}],"wp:attachment":[{"href":"https:\/\/www.public.sn\/index.php\/wp-json\/wp\/v2\/media?parent=14854"}],"wp:term":[{"taxonomy":"category","embeddable":true,"href":"https:\/\/www.public.sn\/index.php\/wp-json\/wp\/v2\/categories?post=14854"},{"taxonomy":"post_tag","embeddable":true,"href":"https:\/\/www.public.sn\/index.php\/wp-json\/wp\/v2\/tags?post=14854"}],"curies":[{"name":"wp","href":"https:\/\/api.w.org\/{rel}","templated":true}]}}