{"id":14868,"date":"2023-02-03T20:51:04","date_gmt":"2023-02-03T20:51:04","guid":{"rendered":"https:\/\/www.public.sn\/?p=14868"},"modified":"2023-02-03T20:51:04","modified_gmt":"2023-02-03T20:51:04","slug":"journalistes-et-activistes-donnent-leurs-points-de-vue-sur-laffaire-sonko-mame-mbaye-niang-video","status":"publish","type":"post","link":"https:\/\/www.public.sn\/index.php\/2023\/02\/03\/journalistes-et-activistes-donnent-leurs-points-de-vue-sur-laffaire-sonko-mame-mbaye-niang-video\/","title":{"rendered":"Journalistes et activistes donnent leurs points de vue sur l&rsquo;affaire Sonko &#8211; Mame Mbaye Niang (Vid\u00e9o)"},"content":{"rendered":"<p><strong>L&rsquo;affaire Ousmane Sonko contre Mame Mbaye Niang d\u00e9fraie la chronique ces deniers jours. Approch\u00e9s par Public.sn, ces journalistes et activistes donnent leurs points de vue sur le diff\u00e9rend opposant ces deux hommes politiques.\u00a0<\/strong><\/p><div class=\"publi-paragraphe1\" style=\"margin-top: 10px;margin-bottom: 10px;margin-left: auto;margin-right: auto;text-align: center;\" id=\"publi-748725845\"><div class=\"publi-adlabel\">Publicit\u00e9<\/div><script async src=\"\/\/pagead2.googlesyndication.com\/pagead\/js\/adsbygoogle.js?client=ca-pub-4089586018074219\" crossorigin=\"anonymous\"><\/script><ins class=\"adsbygoogle\" style=\"display:block;\" data-ad-client=\"ca-pub-4089586018074219\" \ndata-ad-slot=\"2087940154\" \ndata-ad-format=\"auto\"><\/ins>\n<script> \n(adsbygoogle = window.adsbygoogle || []).push({}); \n<\/script>\n<\/div>\n<p>Regardez!<\/p>\n<p><iframe title=\"\" src=\"https:\/\/www.youtube.com\/embed\/479Qh7jnhYo\" width=\"684\" height=\"385\" frameborder=\"0\" allowfullscreen=\"allowfullscreen\"><\/iframe><\/p>\n<div class=\"publi-apres-le-contenu\" style=\"margin-top: 10px;margin-bottom: 10px;margin-left: auto;margin-right: auto;text-align: center;\" id=\"publi-4282315260\"><div class=\"publi-adlabel\">Publicit\u00e9<\/div><script async src=\"\/\/pagead2.googlesyndication.com\/pagead\/js\/adsbygoogle.js?client=ca-pub-4089586018074219\" crossorigin=\"anonymous\"><\/script><ins class=\"adsbygoogle\" style=\"display:block;\" data-ad-client=\"ca-pub-4089586018074219\" \ndata-ad-slot=\"2087940154\" \ndata-ad-format=\"auto\"><\/ins>\n<script> \n(adsbygoogle = window.adsbygoogle || []).push({}); \n<\/script>\n<\/div>","protected":false},"excerpt":{"rendered":"<p>L&rsquo;affaire Ousmane Sonko contre Mame Mbaye Niang d\u00e9fraie la chronique ces deniers jours. Approch\u00e9s par Public.sn, ces journalistes et activistes donnent leurs points de vue sur le diff\u00e9rend opposant ces deux hommes politiques.\u00a0 Regardez!<\/p>\n","protected":false},"author":1,"featured_media":14870,"comment_status":"open","ping_status":"open","sticky":false,"template":"","format":"standard","meta":{"_jetpack_memberships_contains_paid_content":false,"footnotes":""},"categories":[375,3,8,1,372,6],"tags":[293,306],"class_list":["post-14868","post","type-post","status-publish","format-standard","has-post-thumbnail","hentry","category-actualites","category-politique","category-public-tv","category-non-classe","category-vedette","category-videos","tag-mame-mbaye-niang","tag-sonko","entry","has-media","owp-thumbs-layout-horizontal","owp-btn-normal","owp-tabs-layout-horizontal","has-no-thumbnails","has-product-nav"],"yoast_head":"<!-- This site is optimized with the Yoast SEO plugin v25.5 - https:\/\/yoast.com\/wordpress\/plugins\/seo\/ -->\n<title>Journalistes et activistes donnent leurs points de vue sur l&#039;affaire Sonko - Mame Mbaye Niang (Vid\u00e9o) - LE PUBLIC<\/title>\n<meta name=\"description\" content=\"L&#039;affaire Ousmane Sonko contre Mame Mbaye Niang d\u00e9fraie la chronique ces deniers jours. Approch\u00e9s par Public.sn, ces journalistes et activistes donnent leurs points de vue sur le diff\u00e9rend opposant ces deux hommes politiques.\u00a0\" \/>\n<meta name=\"robots\" content=\"index, follow, max-snippet:-1, max-image-preview:large, max-video-preview:-1\" \/>\n<link rel=\"canonical\" href=\"https:\/\/www.public.sn\/index.php\/2023\/02\/03\/journalistes-et-activistes-donnent-leurs-points-de-vue-sur-laffaire-sonko-mame-mbaye-niang-video\/\" \/>\n<meta property=\"og:locale\" content=\"fr_FR\" \/>\n<meta property=\"og:type\" content=\"article\" \/>\n<meta property=\"og:title\" content=\"Journalistes et activistes donnent leurs points de vue sur l&#039;affaire Sonko - Mame Mbaye Niang (Vid\u00e9o) - LE PUBLIC\" \/>\n<meta property=\"og:description\" content=\"L&#039;affaire Ousmane Sonko contre Mame Mbaye Niang d\u00e9fraie la chronique ces deniers jours. Approch\u00e9s par Public.sn, ces journalistes et activistes donnent leurs points de vue sur le diff\u00e9rend opposant ces deux hommes politiques.\u00a0\" \/>\n<meta property=\"og:url\" content=\"https:\/\/www.public.sn\/index.php\/2023\/02\/03\/journalistes-et-activistes-donnent-leurs-points-de-vue-sur-laffaire-sonko-mame-mbaye-niang-video\/\" \/>\n<meta property=\"og:site_name\" content=\"LE PUBLIC\" \/>\n<meta property=\"article:published_time\" content=\"2023-02-03T20:51:04+00:00\" \/>\n<meta property=\"og:image\" content=\"https:\/\/www.public.sn\/wp-content\/uploads\/2023\/02\/WhatsApp-Image-2023-02-03-at-20.39.02-1.jpeg\" \/>\n\t<meta property=\"og:image:width\" content=\"1366\" \/>\n\t<meta property=\"og:image:height\" content=\"768\" \/>\n\t<meta property=\"og:image:type\" content=\"image\/jpeg\" \/>\n<meta name=\"author\" content=\"LA REDACTION\" \/>\n<meta name=\"twitter:card\" content=\"summary_large_image\" \/>\n<meta name=\"twitter:label1\" content=\"\u00c9crit par\" \/>\n\t<meta name=\"twitter:data1\" content=\"LA REDACTION\" \/>\n\t<meta name=\"twitter:label2\" content=\"Dur\u00e9e de lecture estim\u00e9e\" \/>\n\t<meta name=\"twitter:data2\" content=\"1 minute\" \/>\n<script type=\"application\/ld+json\" class=\"yoast-schema-graph\">{\"@context\":\"https:\/\/schema.org\",\"@graph\":[{\"@type\":\"Article\",\"@id\":\"https:\/\/www.public.sn\/index.php\/2023\/02\/03\/journalistes-et-activistes-donnent-leurs-points-de-vue-sur-laffaire-sonko-mame-mbaye-niang-video\/#article\",\"isPartOf\":{\"@id\":\"https:\/\/www.public.sn\/index.php\/2023\/02\/03\/journalistes-et-activistes-donnent-leurs-points-de-vue-sur-laffaire-sonko-mame-mbaye-niang-video\/\"},\"author\":{\"name\":\"LA REDACTION\",\"@id\":\"https:\/\/www.public.sn\/#\/schema\/person\/e3f4a11b037d4203902db148f9bc8d5a\"},\"headline\":\"Journalistes et activistes donnent leurs points de vue sur l&rsquo;affaire Sonko &#8211; Mame Mbaye Niang (Vid\u00e9o)\",\"datePublished\":\"2023-02-03T20:51:04+00:00\",\"mainEntityOfPage\":{\"@id\":\"https:\/\/www.public.sn\/index.php\/2023\/02\/03\/journalistes-et-activistes-donnent-leurs-points-de-vue-sur-laffaire-sonko-mame-mbaye-niang-video\/\"},\"wordCount\":55,\"commentCount\":0,\"publisher\":{\"@id\":\"https:\/\/www.public.sn\/#organization\"},\"image\":{\"@id\":\"https:\/\/www.public.sn\/index.php\/2023\/02\/03\/journalistes-et-activistes-donnent-leurs-points-de-vue-sur-laffaire-sonko-mame-mbaye-niang-video\/#primaryimage\"},\"thumbnailUrl\":\"https:\/\/www.public.sn\/wp-content\/uploads\/2023\/02\/WhatsApp-Image-2023-02-03-at-20.39.02-1.jpeg\",\"keywords\":[\"Mame Mbaye Niang\",\"sonko\"],\"articleSection\":[\"ACTUALIT\u00c9S\",\"POLITIQUE\",\"PUBLIC TV\",\"S\u00c9N\u00c9GAL\",\"VEDETTE\",\"VIDEOS\"],\"inLanguage\":\"fr-FR\",\"potentialAction\":[{\"@type\":\"CommentAction\",\"name\":\"Comment\",\"target\":[\"https:\/\/www.public.sn\/index.php\/2023\/02\/03\/journalistes-et-activistes-donnent-leurs-points-de-vue-sur-laffaire-sonko-mame-mbaye-niang-video\/#respond\"]}]},{\"@type\":\"WebPage\",\"@id\":\"https:\/\/www.public.sn\/index.php\/2023\/02\/03\/journalistes-et-activistes-donnent-leurs-points-de-vue-sur-laffaire-sonko-mame-mbaye-niang-video\/\",\"url\":\"https:\/\/www.public.sn\/index.php\/2023\/02\/03\/journalistes-et-activistes-donnent-leurs-points-de-vue-sur-laffaire-sonko-mame-mbaye-niang-video\/\",\"name\":\"Journalistes et activistes donnent leurs points de vue sur l'affaire Sonko - Mame Mbaye Niang (Vid\u00e9o) - LE PUBLIC\",\"isPartOf\":{\"@id\":\"https:\/\/www.public.sn\/#website\"},\"primaryImageOfPage\":{\"@id\":\"https:\/\/www.public.sn\/index.php\/2023\/02\/03\/journalistes-et-activistes-donnent-leurs-points-de-vue-sur-laffaire-sonko-mame-mbaye-niang-video\/#primaryimage\"},\"image\":{\"@id\":\"https:\/\/www.public.sn\/index.php\/2023\/02\/03\/journalistes-et-activistes-donnent-leurs-points-de-vue-sur-laffaire-sonko-mame-mbaye-niang-video\/#primaryimage\"},\"thumbnailUrl\":\"https:\/\/www.public.sn\/wp-content\/uploads\/2023\/02\/WhatsApp-Image-2023-02-03-at-20.39.02-1.jpeg\",\"datePublished\":\"2023-02-03T20:51:04+00:00\",\"description\":\"L'affaire Ousmane Sonko contre Mame Mbaye Niang d\u00e9fraie la chronique ces deniers jours. Approch\u00e9s par Public.sn, ces journalistes et activistes donnent leurs points de vue sur le diff\u00e9rend opposant ces deux hommes politiques.\u00a0\",\"breadcrumb\":{\"@id\":\"https:\/\/www.public.sn\/index.php\/2023\/02\/03\/journalistes-et-activistes-donnent-leurs-points-de-vue-sur-laffaire-sonko-mame-mbaye-niang-video\/#breadcrumb\"},\"inLanguage\":\"fr-FR\",\"potentialAction\":[{\"@type\":\"ReadAction\",\"target\":[\"https:\/\/www.public.sn\/index.php\/2023\/02\/03\/journalistes-et-activistes-donnent-leurs-points-de-vue-sur-laffaire-sonko-mame-mbaye-niang-video\/\"]}]},{\"@type\":\"ImageObject\",\"inLanguage\":\"fr-FR\",\"@id\":\"https:\/\/www.public.sn\/index.php\/2023\/02\/03\/journalistes-et-activistes-donnent-leurs-points-de-vue-sur-laffaire-sonko-mame-mbaye-niang-video\/#primaryimage\",\"url\":\"https:\/\/www.public.sn\/wp-content\/uploads\/2023\/02\/WhatsApp-Image-2023-02-03-at-20.39.02-1.jpeg\",\"contentUrl\":\"https:\/\/www.public.sn\/wp-content\/uploads\/2023\/02\/WhatsApp-Image-2023-02-03-at-20.39.02-1.jpeg\",\"width\":1366,\"height\":768},{\"@type\":\"BreadcrumbList\",\"@id\":\"https:\/\/www.public.sn\/index.php\/2023\/02\/03\/journalistes-et-activistes-donnent-leurs-points-de-vue-sur-laffaire-sonko-mame-mbaye-niang-video\/#breadcrumb\",\"itemListElement\":[{\"@type\":\"ListItem\",\"position\":1,\"name\":\"Accueil\",\"item\":\"https:\/\/www.public.sn\/\"},{\"@type\":\"ListItem\",\"position\":2,\"name\":\"Journalistes et activistes donnent leurs points de vue sur l&rsquo;affaire Sonko &#8211; Mame Mbaye Niang (Vid\u00e9o)\"}]},{\"@type\":\"WebSite\",\"@id\":\"https:\/\/www.public.sn\/#website\",\"url\":\"https:\/\/www.public.sn\/\",\"name\":\"LE PUBLIC\",\"description\":\"\",\"publisher\":{\"@id\":\"https:\/\/www.public.sn\/#organization\"},\"potentialAction\":[{\"@type\":\"SearchAction\",\"target\":{\"@type\":\"EntryPoint\",\"urlTemplate\":\"https:\/\/www.public.sn\/?s={search_term_string}\"},\"query-input\":{\"@type\":\"PropertyValueSpecification\",\"valueRequired\":true,\"valueName\":\"search_term_string\"}}],\"inLanguage\":\"fr-FR\"},{\"@type\":\"Organization\",\"@id\":\"https:\/\/www.public.sn\/#organization\",\"name\":\"LE PUBLIC\",\"url\":\"https:\/\/www.public.sn\/\",\"logo\":{\"@type\":\"ImageObject\",\"inLanguage\":\"fr-FR\",\"@id\":\"https:\/\/www.public.sn\/#\/schema\/logo\/image\/\",\"url\":\"https:\/\/www.public.sn\/wp-content\/uploads\/2024\/05\/cropped-LOGO-PUBLIC.SN_.png\",\"contentUrl\":\"https:\/\/www.public.sn\/wp-content\/uploads\/2024\/05\/cropped-LOGO-PUBLIC.SN_.png\",\"width\":682,\"height\":192,\"caption\":\"LE PUBLIC\"},\"image\":{\"@id\":\"https:\/\/www.public.sn\/#\/schema\/logo\/image\/\"}},{\"@type\":\"Person\",\"@id\":\"https:\/\/www.public.sn\/#\/schema\/person\/e3f4a11b037d4203902db148f9bc8d5a\",\"name\":\"LA REDACTION\",\"image\":{\"@type\":\"ImageObject\",\"inLanguage\":\"fr-FR\",\"@id\":\"https:\/\/www.public.sn\/#\/schema\/person\/image\/\",\"url\":\"https:\/\/secure.gravatar.com\/avatar\/d6c030db45db2883c075085c5d6c6258654a801a93766b49af0b82d4f454e2a5?s=96&d=mm&r=g\",\"contentUrl\":\"https:\/\/secure.gravatar.com\/avatar\/d6c030db45db2883c075085c5d6c6258654a801a93766b49af0b82d4f454e2a5?s=96&d=mm&r=g\",\"caption\":\"LA REDACTION\"},\"sameAs\":[\"http:\/\/www.public.sn\"],\"url\":\"https:\/\/www.public.sn\/index.php\/author\/admin7324\/\"}]}<\/script>\n<!-- \/ Yoast SEO plugin. -->","yoast_head_json":{"title":"Journalistes et activistes donnent leurs points de vue sur l'affaire Sonko - Mame Mbaye Niang (Vid\u00e9o) - LE PUBLIC","description":"L'affaire Ousmane Sonko contre Mame Mbaye Niang d\u00e9fraie la chronique ces deniers jours. Approch\u00e9s par Public.sn, ces journalistes et activistes donnent leurs points de vue sur le diff\u00e9rend opposant ces deux hommes politiques.\u00a0","robots":{"index":"index","follow":"follow","max-snippet":"max-snippet:-1","max-image-preview":"max-image-preview:large","max-video-preview":"max-video-preview:-1"},"canonical":"https:\/\/www.public.sn\/index.php\/2023\/02\/03\/journalistes-et-activistes-donnent-leurs-points-de-vue-sur-laffaire-sonko-mame-mbaye-niang-video\/","og_locale":"fr_FR","og_type":"article","og_title":"Journalistes et activistes donnent leurs points de vue sur l'affaire Sonko - Mame Mbaye Niang (Vid\u00e9o) - LE PUBLIC","og_description":"L'affaire Ousmane Sonko contre Mame Mbaye Niang d\u00e9fraie la chronique ces deniers jours. Approch\u00e9s par Public.sn, ces journalistes et activistes donnent leurs points de vue sur le diff\u00e9rend opposant ces deux hommes politiques.\u00a0","og_url":"https:\/\/www.public.sn\/index.php\/2023\/02\/03\/journalistes-et-activistes-donnent-leurs-points-de-vue-sur-laffaire-sonko-mame-mbaye-niang-video\/","og_site_name":"LE PUBLIC","article_published_time":"2023-02-03T20:51:04+00:00","og_image":[{"width":1366,"height":768,"url":"https:\/\/www.public.sn\/wp-content\/uploads\/2023\/02\/WhatsApp-Image-2023-02-03-at-20.39.02-1.jpeg","type":"image\/jpeg"}],"author":"LA REDACTION","twitter_card":"summary_large_image","twitter_misc":{"\u00c9crit par":"LA REDACTION","Dur\u00e9e de lecture estim\u00e9e":"1 minute"},"schema":{"@context":"https:\/\/schema.org","@graph":[{"@type":"Article","@id":"https:\/\/www.public.sn\/index.php\/2023\/02\/03\/journalistes-et-activistes-donnent-leurs-points-de-vue-sur-laffaire-sonko-mame-mbaye-niang-video\/#article","isPartOf":{"@id":"https:\/\/www.public.sn\/index.php\/2023\/02\/03\/journalistes-et-activistes-donnent-leurs-points-de-vue-sur-laffaire-sonko-mame-mbaye-niang-video\/"},"author":{"name":"LA REDACTION","@id":"https:\/\/www.public.sn\/#\/schema\/person\/e3f4a11b037d4203902db148f9bc8d5a"},"headline":"Journalistes et activistes donnent leurs points de vue sur l&rsquo;affaire Sonko &#8211; Mame Mbaye Niang (Vid\u00e9o)","datePublished":"2023-02-03T20:51:04+00:00","mainEntityOfPage":{"@id":"https:\/\/www.public.sn\/index.php\/2023\/02\/03\/journalistes-et-activistes-donnent-leurs-points-de-vue-sur-laffaire-sonko-mame-mbaye-niang-video\/"},"wordCount":55,"commentCount":0,"publisher":{"@id":"https:\/\/www.public.sn\/#organization"},"image":{"@id":"https:\/\/www.public.sn\/index.php\/2023\/02\/03\/journalistes-et-activistes-donnent-leurs-points-de-vue-sur-laffaire-sonko-mame-mbaye-niang-video\/#primaryimage"},"thumbnailUrl":"https:\/\/www.public.sn\/wp-content\/uploads\/2023\/02\/WhatsApp-Image-2023-02-03-at-20.39.02-1.jpeg","keywords":["Mame Mbaye Niang","sonko"],"articleSection":["ACTUALIT\u00c9S","POLITIQUE","PUBLIC TV","S\u00c9N\u00c9GAL","VEDETTE","VIDEOS"],"inLanguage":"fr-FR","potentialAction":[{"@type":"CommentAction","name":"Comment","target":["https:\/\/www.public.sn\/index.php\/2023\/02\/03\/journalistes-et-activistes-donnent-leurs-points-de-vue-sur-laffaire-sonko-mame-mbaye-niang-video\/#respond"]}]},{"@type":"WebPage","@id":"https:\/\/www.public.sn\/index.php\/2023\/02\/03\/journalistes-et-activistes-donnent-leurs-points-de-vue-sur-laffaire-sonko-mame-mbaye-niang-video\/","url":"https:\/\/www.public.sn\/index.php\/2023\/02\/03\/journalistes-et-activistes-donnent-leurs-points-de-vue-sur-laffaire-sonko-mame-mbaye-niang-video\/","name":"Journalistes et activistes donnent leurs points de vue sur l'affaire Sonko - Mame Mbaye Niang (Vid\u00e9o) - LE PUBLIC","isPartOf":{"@id":"https:\/\/www.public.sn\/#website"},"primaryImageOfPage":{"@id":"https:\/\/www.public.sn\/index.php\/2023\/02\/03\/journalistes-et-activistes-donnent-leurs-points-de-vue-sur-laffaire-sonko-mame-mbaye-niang-video\/#primaryimage"},"image":{"@id":"https:\/\/www.public.sn\/index.php\/2023\/02\/03\/journalistes-et-activistes-donnent-leurs-points-de-vue-sur-laffaire-sonko-mame-mbaye-niang-video\/#primaryimage"},"thumbnailUrl":"https:\/\/www.public.sn\/wp-content\/uploads\/2023\/02\/WhatsApp-Image-2023-02-03-at-20.39.02-1.jpeg","datePublished":"2023-02-03T20:51:04+00:00","description":"L'affaire Ousmane Sonko contre Mame Mbaye Niang d\u00e9fraie la chronique ces deniers jours. Approch\u00e9s par Public.sn, ces journalistes et activistes donnent leurs points de vue sur le diff\u00e9rend opposant ces deux hommes politiques.\u00a0","breadcrumb":{"@id":"https:\/\/www.public.sn\/index.php\/2023\/02\/03\/journalistes-et-activistes-donnent-leurs-points-de-vue-sur-laffaire-sonko-mame-mbaye-niang-video\/#breadcrumb"},"inLanguage":"fr-FR","potentialAction":[{"@type":"ReadAction","target":["https:\/\/www.public.sn\/index.php\/2023\/02\/03\/journalistes-et-activistes-donnent-leurs-points-de-vue-sur-laffaire-sonko-mame-mbaye-niang-video\/"]}]},{"@type":"ImageObject","inLanguage":"fr-FR","@id":"https:\/\/www.public.sn\/index.php\/2023\/02\/03\/journalistes-et-activistes-donnent-leurs-points-de-vue-sur-laffaire-sonko-mame-mbaye-niang-video\/#primaryimage","url":"https:\/\/www.public.sn\/wp-content\/uploads\/2023\/02\/WhatsApp-Image-2023-02-03-at-20.39.02-1.jpeg","contentUrl":"https:\/\/www.public.sn\/wp-content\/uploads\/2023\/02\/WhatsApp-Image-2023-02-03-at-20.39.02-1.jpeg","width":1366,"height":768},{"@type":"BreadcrumbList","@id":"https:\/\/www.public.sn\/index.php\/2023\/02\/03\/journalistes-et-activistes-donnent-leurs-points-de-vue-sur-laffaire-sonko-mame-mbaye-niang-video\/#breadcrumb","itemListElement":[{"@type":"ListItem","position":1,"name":"Accueil","item":"https:\/\/www.public.sn\/"},{"@type":"ListItem","position":2,"name":"Journalistes et activistes donnent leurs points de vue sur l&rsquo;affaire Sonko &#8211; Mame Mbaye Niang (Vid\u00e9o)"}]},{"@type":"WebSite","@id":"https:\/\/www.public.sn\/#website","url":"https:\/\/www.public.sn\/","name":"LE PUBLIC","description":"","publisher":{"@id":"https:\/\/www.public.sn\/#organization"},"potentialAction":[{"@type":"SearchAction","target":{"@type":"EntryPoint","urlTemplate":"https:\/\/www.public.sn\/?s={search_term_string}"},"query-input":{"@type":"PropertyValueSpecification","valueRequired":true,"valueName":"search_term_string"}}],"inLanguage":"fr-FR"},{"@type":"Organization","@id":"https:\/\/www.public.sn\/#organization","name":"LE PUBLIC","url":"https:\/\/www.public.sn\/","logo":{"@type":"ImageObject","inLanguage":"fr-FR","@id":"https:\/\/www.public.sn\/#\/schema\/logo\/image\/","url":"https:\/\/www.public.sn\/wp-content\/uploads\/2024\/05\/cropped-LOGO-PUBLIC.SN_.png","contentUrl":"https:\/\/www.public.sn\/wp-content\/uploads\/2024\/05\/cropped-LOGO-PUBLIC.SN_.png","width":682,"height":192,"caption":"LE PUBLIC"},"image":{"@id":"https:\/\/www.public.sn\/#\/schema\/logo\/image\/"}},{"@type":"Person","@id":"https:\/\/www.public.sn\/#\/schema\/person\/e3f4a11b037d4203902db148f9bc8d5a","name":"LA REDACTION","image":{"@type":"ImageObject","inLanguage":"fr-FR","@id":"https:\/\/www.public.sn\/#\/schema\/person\/image\/","url":"https:\/\/secure.gravatar.com\/avatar\/d6c030db45db2883c075085c5d6c6258654a801a93766b49af0b82d4f454e2a5?s=96&d=mm&r=g","contentUrl":"https:\/\/secure.gravatar.com\/avatar\/d6c030db45db2883c075085c5d6c6258654a801a93766b49af0b82d4f454e2a5?s=96&d=mm&r=g","caption":"LA REDACTION"},"sameAs":["http:\/\/www.public.sn"],"url":"https:\/\/www.public.sn\/index.php\/author\/admin7324\/"}]}},"jetpack_featured_media_url":"https:\/\/www.public.sn\/wp-content\/uploads\/2023\/02\/WhatsApp-Image-2023-02-03-at-20.39.02-1.jpeg","jetpack_sharing_enabled":true,"_links":{"self":[{"href":"https:\/\/www.public.sn\/index.php\/wp-json\/wp\/v2\/posts\/14868","targetHints":{"allow":["GET"]}}],"collection":[{"href":"https:\/\/www.public.sn\/index.php\/wp-json\/wp\/v2\/posts"}],"about":[{"href":"https:\/\/www.public.sn\/index.php\/wp-json\/wp\/v2\/types\/post"}],"author":[{"embeddable":true,"href":"https:\/\/www.public.sn\/index.php\/wp-json\/wp\/v2\/users\/1"}],"replies":[{"embeddable":true,"href":"https:\/\/www.public.sn\/index.php\/wp-json\/wp\/v2\/comments?post=14868"}],"version-history":[{"count":2,"href":"https:\/\/www.public.sn\/index.php\/wp-json\/wp\/v2\/posts\/14868\/revisions"}],"predecessor-version":[{"id":14871,"href":"https:\/\/www.public.sn\/index.php\/wp-json\/wp\/v2\/posts\/14868\/revisions\/14871"}],"wp:featuredmedia":[{"embeddable":true,"href":"https:\/\/www.public.sn\/index.php\/wp-json\/wp\/v2\/media\/14870"}],"wp:attachment":[{"href":"https:\/\/www.public.sn\/index.php\/wp-json\/wp\/v2\/media?parent=14868"}],"wp:term":[{"taxonomy":"category","embeddable":true,"href":"https:\/\/www.public.sn\/index.php\/wp-json\/wp\/v2\/categories?post=14868"},{"taxonomy":"post_tag","embeddable":true,"href":"https:\/\/www.public.sn\/index.php\/wp-json\/wp\/v2\/tags?post=14868"}],"curies":[{"name":"wp","href":"https:\/\/api.w.org\/{rel}","templated":true}]}}