{"id":1493,"date":"2022-09-08T11:16:46","date_gmt":"2022-09-08T09:16:46","guid":{"rendered":"https:\/\/www.public.sn\/?p=1493"},"modified":"2022-09-08T11:16:47","modified_gmt":"2022-09-08T09:16:47","slug":"kolda-un-homme-de-42-ans-emporte-par-les-eaux-du-fleuve","status":"publish","type":"post","link":"https:\/\/www.public.sn\/index.php\/2022\/09\/08\/kolda-un-homme-de-42-ans-emporte-par-les-eaux-du-fleuve\/","title":{"rendered":"Kolda: Un homme de 42 ans emport\u00e9 par les eaux du fleuve."},"content":{"rendered":"\n<p><strong>A Kolda, un homme a \u00e9t\u00e9 port\u00e9 disparu dans le bras du fleuve qui s\u00e9pare Sar\u00e9 Bidji \u00e0 Tankanto Escale. Mari\u00e9, la victime est p\u00e8re de 12 enfants.<\/strong><\/p><div class=\"publi-paragraphe1\" style=\"margin-top: 10px;margin-bottom: 10px;margin-left: auto;margin-right: auto;text-align: center;\" id=\"publi-3650562680\"><div class=\"publi-adlabel\">Publicit\u00e9<\/div><script async src=\"\/\/pagead2.googlesyndication.com\/pagead\/js\/adsbygoogle.js?client=ca-pub-4089586018074219\" crossorigin=\"anonymous\"><\/script><ins class=\"adsbygoogle\" style=\"display:block;\" data-ad-client=\"ca-pub-4089586018074219\" \ndata-ad-slot=\"2087940154\" \ndata-ad-format=\"auto\"><\/ins>\n<script> \n(adsbygoogle = window.adsbygoogle || []).push({}); \n<\/script>\n<\/div>\n\n\n\n<p>La victime \u00e2g\u00e9e de 40 ans a \u00e9t\u00e9 emport\u00e9 par les eaux au moment o\u00f9 il cherchait \u00e0 traverser ce bras de fleuve pour aller d\u00e9tacher ses animaux qui \u00e9taient au niveau de l\u2019autre rive pour ensuite revenir chercher son \u00e9pouse qui l\u2019attendait et avec qui, il revenait d\u2019un d\u00e9c\u00e8s dans un village de la commune de Tankoto Escale, rapporte Rfm.<\/p>\n\n\n\n<p>Batteur de tam-tam dans sa localit\u00e9, Abdoulaye Seydi a effectu\u00e9 une travers\u00e9 sans retour parce qu\u2019il a \u00e9t\u00e9 emport\u00e9 par les eaux.<\/p>\n\n\n\n<p>Avec les fortes pluies qui sont tomb\u00e9es ces derni\u00e8res temps \u00e0 Kolda, toutes les rives sont pleines \u00e0 d\u00e9border.<\/p>\n\n\n\n<p>Il est parti \u00e0 jamais laissant derri\u00e8re lui ses deux \u00e9pouses et 12 enfants dans l\u2019\u00e9moi et la consternation.<\/p>\n<div class=\"publi-apres-le-contenu\" style=\"margin-top: 10px;margin-bottom: 10px;margin-left: auto;margin-right: auto;text-align: center;\" id=\"publi-2117489938\"><div class=\"publi-adlabel\">Publicit\u00e9<\/div><script async src=\"\/\/pagead2.googlesyndication.com\/pagead\/js\/adsbygoogle.js?client=ca-pub-4089586018074219\" crossorigin=\"anonymous\"><\/script><ins class=\"adsbygoogle\" style=\"display:block;\" data-ad-client=\"ca-pub-4089586018074219\" \ndata-ad-slot=\"2087940154\" \ndata-ad-format=\"auto\"><\/ins>\n<script> \n(adsbygoogle = window.adsbygoogle || []).push({}); \n<\/script>\n<\/div>","protected":false},"excerpt":{"rendered":"<p>A Kolda, un homme a \u00e9t\u00e9 port\u00e9 disparu dans le bras du fleuve qui s\u00e9pare Sar\u00e9 Bidji \u00e0 Tankanto Escale. Mari\u00e9, la victime est p\u00e8re de 12 enfants. La victime \u00e2g\u00e9e de 40 ans a \u00e9t\u00e9 emport\u00e9 par les eaux au moment o\u00f9 il cherchait \u00e0 traverser ce bras de fleuve pour aller d\u00e9tacher ses animaux qui \u00e9taient au niveau de l\u2019autre rive pour ensuite revenir chercher son \u00e9pouse qui l\u2019attendait et avec qui, il revenait d\u2019un d\u00e9c\u00e8s dans un village de la commune de Tankoto Escale, rapporte Rfm. Batteur de tam-tam dans sa localit\u00e9, Abdoulaye Seydi a effectu\u00e9 une travers\u00e9 sans retour parce qu\u2019il a \u00e9t\u00e9 emport\u00e9 par les eaux. Avec les fortes pluies qui sont tomb\u00e9es ces derni\u00e8res temps \u00e0 Kolda, toutes les rives sont pleines \u00e0 d\u00e9border. Il est parti \u00e0 jamais laissant derri\u00e8re lui ses deux \u00e9pouses et 12 enfants dans l\u2019\u00e9moi et la consternation.<\/p>\n","protected":false},"author":1,"featured_media":1494,"comment_status":"open","ping_status":"open","sticky":false,"template":"","format":"standard","meta":{"_jetpack_memberships_contains_paid_content":false,"footnotes":""},"categories":[375,4],"tags":[631,630,336,492],"class_list":["post-1493","post","type-post","status-publish","format-standard","has-post-thumbnail","hentry","category-actualites","category-societe","tag-berger","tag-fleuve","tag-kolda","tag-mort","entry","has-media","owp-thumbs-layout-horizontal","owp-btn-normal","owp-tabs-layout-horizontal","has-no-thumbnails","has-product-nav"],"yoast_head":"<!-- This site is optimized with the Yoast SEO plugin v25.5 - https:\/\/yoast.com\/wordpress\/plugins\/seo\/ -->\n<title>Kolda: Un homme de 42 ans emport\u00e9 par les eaux du fleuve. - LE PUBLIC<\/title>\n<meta name=\"robots\" content=\"index, follow, max-snippet:-1, max-image-preview:large, max-video-preview:-1\" \/>\n<link rel=\"canonical\" href=\"https:\/\/www.public.sn\/index.php\/2022\/09\/08\/kolda-un-homme-de-42-ans-emporte-par-les-eaux-du-fleuve\/\" \/>\n<meta property=\"og:locale\" content=\"fr_FR\" \/>\n<meta property=\"og:type\" content=\"article\" \/>\n<meta property=\"og:title\" content=\"Kolda: Un homme de 42 ans emport\u00e9 par les eaux du fleuve. - LE PUBLIC\" \/>\n<meta property=\"og:description\" content=\"A Kolda, un homme a \u00e9t\u00e9 port\u00e9 disparu dans le bras du fleuve qui s\u00e9pare Sar\u00e9 Bidji \u00e0 Tankanto Escale. Mari\u00e9, la victime est p\u00e8re de 12 enfants. La victime \u00e2g\u00e9e de 40 ans a \u00e9t\u00e9 emport\u00e9 par les eaux au moment o\u00f9 il cherchait \u00e0 traverser ce bras de fleuve pour aller d\u00e9tacher ses animaux qui \u00e9taient au niveau de l\u2019autre rive pour ensuite revenir chercher son \u00e9pouse qui l\u2019attendait et avec qui, il revenait d\u2019un d\u00e9c\u00e8s dans un village de la commune de Tankoto Escale, rapporte Rfm. Batteur de tam-tam dans sa localit\u00e9, Abdoulaye Seydi a effectu\u00e9 une travers\u00e9 sans retour parce qu\u2019il a \u00e9t\u00e9 emport\u00e9 par les eaux. Avec les fortes pluies qui sont tomb\u00e9es ces derni\u00e8res temps \u00e0 Kolda, toutes les rives sont pleines \u00e0 d\u00e9border. Il est parti \u00e0 jamais laissant derri\u00e8re lui ses deux \u00e9pouses et 12 enfants dans l\u2019\u00e9moi et la consternation.\" \/>\n<meta property=\"og:url\" content=\"https:\/\/www.public.sn\/index.php\/2022\/09\/08\/kolda-un-homme-de-42-ans-emporte-par-les-eaux-du-fleuve\/\" \/>\n<meta property=\"og:site_name\" content=\"LE PUBLIC\" \/>\n<meta property=\"article:published_time\" content=\"2022-09-08T09:16:46+00:00\" \/>\n<meta property=\"article:modified_time\" content=\"2022-09-08T09:16:47+00:00\" \/>\n<meta property=\"og:image\" content=\"https:\/\/www.public.sn\/wp-content\/uploads\/2022\/09\/476B58E7-4222-40E2-9F64-77131A49D778.jpeg\" \/>\n\t<meta property=\"og:image:width\" content=\"1100\" \/>\n\t<meta property=\"og:image:height\" content=\"675\" \/>\n\t<meta property=\"og:image:type\" content=\"image\/jpeg\" \/>\n<meta name=\"author\" content=\"LA REDACTION\" \/>\n<meta name=\"twitter:card\" content=\"summary_large_image\" \/>\n<meta name=\"twitter:label1\" content=\"\u00c9crit par\" \/>\n\t<meta name=\"twitter:data1\" content=\"LA REDACTION\" \/>\n\t<meta name=\"twitter:label2\" content=\"Dur\u00e9e de lecture estim\u00e9e\" \/>\n\t<meta name=\"twitter:data2\" content=\"1 minute\" \/>\n<script type=\"application\/ld+json\" class=\"yoast-schema-graph\">{\"@context\":\"https:\/\/schema.org\",\"@graph\":[{\"@type\":\"Article\",\"@id\":\"https:\/\/www.public.sn\/index.php\/2022\/09\/08\/kolda-un-homme-de-42-ans-emporte-par-les-eaux-du-fleuve\/#article\",\"isPartOf\":{\"@id\":\"https:\/\/www.public.sn\/index.php\/2022\/09\/08\/kolda-un-homme-de-42-ans-emporte-par-les-eaux-du-fleuve\/\"},\"author\":{\"name\":\"LA REDACTION\",\"@id\":\"https:\/\/www.public.sn\/#\/schema\/person\/e3f4a11b037d4203902db148f9bc8d5a\"},\"headline\":\"Kolda: Un homme de 42 ans emport\u00e9 par les eaux du fleuve.\",\"datePublished\":\"2022-09-08T09:16:46+00:00\",\"dateModified\":\"2022-09-08T09:16:47+00:00\",\"mainEntityOfPage\":{\"@id\":\"https:\/\/www.public.sn\/index.php\/2022\/09\/08\/kolda-un-homme-de-42-ans-emporte-par-les-eaux-du-fleuve\/\"},\"wordCount\":167,\"commentCount\":0,\"publisher\":{\"@id\":\"https:\/\/www.public.sn\/#organization\"},\"image\":{\"@id\":\"https:\/\/www.public.sn\/index.php\/2022\/09\/08\/kolda-un-homme-de-42-ans-emporte-par-les-eaux-du-fleuve\/#primaryimage\"},\"thumbnailUrl\":\"https:\/\/www.public.sn\/wp-content\/uploads\/2022\/09\/476B58E7-4222-40E2-9F64-77131A49D778.jpeg\",\"keywords\":[\"Berger\",\"Fleuve\",\"Kolda\",\"Mort\"],\"articleSection\":[\"ACTUALIT\u00c9S\",\"SOCIETE\"],\"inLanguage\":\"fr-FR\",\"potentialAction\":[{\"@type\":\"CommentAction\",\"name\":\"Comment\",\"target\":[\"https:\/\/www.public.sn\/index.php\/2022\/09\/08\/kolda-un-homme-de-42-ans-emporte-par-les-eaux-du-fleuve\/#respond\"]}]},{\"@type\":\"WebPage\",\"@id\":\"https:\/\/www.public.sn\/index.php\/2022\/09\/08\/kolda-un-homme-de-42-ans-emporte-par-les-eaux-du-fleuve\/\",\"url\":\"https:\/\/www.public.sn\/index.php\/2022\/09\/08\/kolda-un-homme-de-42-ans-emporte-par-les-eaux-du-fleuve\/\",\"name\":\"Kolda: Un homme de 42 ans emport\u00e9 par les eaux du fleuve. - LE PUBLIC\",\"isPartOf\":{\"@id\":\"https:\/\/www.public.sn\/#website\"},\"primaryImageOfPage\":{\"@id\":\"https:\/\/www.public.sn\/index.php\/2022\/09\/08\/kolda-un-homme-de-42-ans-emporte-par-les-eaux-du-fleuve\/#primaryimage\"},\"image\":{\"@id\":\"https:\/\/www.public.sn\/index.php\/2022\/09\/08\/kolda-un-homme-de-42-ans-emporte-par-les-eaux-du-fleuve\/#primaryimage\"},\"thumbnailUrl\":\"https:\/\/www.public.sn\/wp-content\/uploads\/2022\/09\/476B58E7-4222-40E2-9F64-77131A49D778.jpeg\",\"datePublished\":\"2022-09-08T09:16:46+00:00\",\"dateModified\":\"2022-09-08T09:16:47+00:00\",\"breadcrumb\":{\"@id\":\"https:\/\/www.public.sn\/index.php\/2022\/09\/08\/kolda-un-homme-de-42-ans-emporte-par-les-eaux-du-fleuve\/#breadcrumb\"},\"inLanguage\":\"fr-FR\",\"potentialAction\":[{\"@type\":\"ReadAction\",\"target\":[\"https:\/\/www.public.sn\/index.php\/2022\/09\/08\/kolda-un-homme-de-42-ans-emporte-par-les-eaux-du-fleuve\/\"]}]},{\"@type\":\"ImageObject\",\"inLanguage\":\"fr-FR\",\"@id\":\"https:\/\/www.public.sn\/index.php\/2022\/09\/08\/kolda-un-homme-de-42-ans-emporte-par-les-eaux-du-fleuve\/#primaryimage\",\"url\":\"https:\/\/www.public.sn\/wp-content\/uploads\/2022\/09\/476B58E7-4222-40E2-9F64-77131A49D778.jpeg\",\"contentUrl\":\"https:\/\/www.public.sn\/wp-content\/uploads\/2022\/09\/476B58E7-4222-40E2-9F64-77131A49D778.jpeg\",\"width\":1100,\"height\":675},{\"@type\":\"BreadcrumbList\",\"@id\":\"https:\/\/www.public.sn\/index.php\/2022\/09\/08\/kolda-un-homme-de-42-ans-emporte-par-les-eaux-du-fleuve\/#breadcrumb\",\"itemListElement\":[{\"@type\":\"ListItem\",\"position\":1,\"name\":\"Accueil\",\"item\":\"https:\/\/www.public.sn\/\"},{\"@type\":\"ListItem\",\"position\":2,\"name\":\"Kolda: Un homme de 42 ans emport\u00e9 par les eaux du fleuve.\"}]},{\"@type\":\"WebSite\",\"@id\":\"https:\/\/www.public.sn\/#website\",\"url\":\"https:\/\/www.public.sn\/\",\"name\":\"LE PUBLIC\",\"description\":\"\",\"publisher\":{\"@id\":\"https:\/\/www.public.sn\/#organization\"},\"potentialAction\":[{\"@type\":\"SearchAction\",\"target\":{\"@type\":\"EntryPoint\",\"urlTemplate\":\"https:\/\/www.public.sn\/?s={search_term_string}\"},\"query-input\":{\"@type\":\"PropertyValueSpecification\",\"valueRequired\":true,\"valueName\":\"search_term_string\"}}],\"inLanguage\":\"fr-FR\"},{\"@type\":\"Organization\",\"@id\":\"https:\/\/www.public.sn\/#organization\",\"name\":\"LE PUBLIC\",\"url\":\"https:\/\/www.public.sn\/\",\"logo\":{\"@type\":\"ImageObject\",\"inLanguage\":\"fr-FR\",\"@id\":\"https:\/\/www.public.sn\/#\/schema\/logo\/image\/\",\"url\":\"https:\/\/www.public.sn\/wp-content\/uploads\/2024\/05\/cropped-LOGO-PUBLIC.SN_.png\",\"contentUrl\":\"https:\/\/www.public.sn\/wp-content\/uploads\/2024\/05\/cropped-LOGO-PUBLIC.SN_.png\",\"width\":682,\"height\":192,\"caption\":\"LE PUBLIC\"},\"image\":{\"@id\":\"https:\/\/www.public.sn\/#\/schema\/logo\/image\/\"}},{\"@type\":\"Person\",\"@id\":\"https:\/\/www.public.sn\/#\/schema\/person\/e3f4a11b037d4203902db148f9bc8d5a\",\"name\":\"LA REDACTION\",\"image\":{\"@type\":\"ImageObject\",\"inLanguage\":\"fr-FR\",\"@id\":\"https:\/\/www.public.sn\/#\/schema\/person\/image\/\",\"url\":\"https:\/\/secure.gravatar.com\/avatar\/d6c030db45db2883c075085c5d6c6258654a801a93766b49af0b82d4f454e2a5?s=96&d=mm&r=g\",\"contentUrl\":\"https:\/\/secure.gravatar.com\/avatar\/d6c030db45db2883c075085c5d6c6258654a801a93766b49af0b82d4f454e2a5?s=96&d=mm&r=g\",\"caption\":\"LA REDACTION\"},\"sameAs\":[\"http:\/\/www.public.sn\"],\"url\":\"https:\/\/www.public.sn\/index.php\/author\/admin7324\/\"}]}<\/script>\n<!-- \/ Yoast SEO plugin. -->","yoast_head_json":{"title":"Kolda: Un homme de 42 ans emport\u00e9 par les eaux du fleuve. - LE PUBLIC","robots":{"index":"index","follow":"follow","max-snippet":"max-snippet:-1","max-image-preview":"max-image-preview:large","max-video-preview":"max-video-preview:-1"},"canonical":"https:\/\/www.public.sn\/index.php\/2022\/09\/08\/kolda-un-homme-de-42-ans-emporte-par-les-eaux-du-fleuve\/","og_locale":"fr_FR","og_type":"article","og_title":"Kolda: Un homme de 42 ans emport\u00e9 par les eaux du fleuve. - LE PUBLIC","og_description":"A Kolda, un homme a \u00e9t\u00e9 port\u00e9 disparu dans le bras du fleuve qui s\u00e9pare Sar\u00e9 Bidji \u00e0 Tankanto Escale. Mari\u00e9, la victime est p\u00e8re de 12 enfants. La victime \u00e2g\u00e9e de 40 ans a \u00e9t\u00e9 emport\u00e9 par les eaux au moment o\u00f9 il cherchait \u00e0 traverser ce bras de fleuve pour aller d\u00e9tacher ses animaux qui \u00e9taient au niveau de l\u2019autre rive pour ensuite revenir chercher son \u00e9pouse qui l\u2019attendait et avec qui, il revenait d\u2019un d\u00e9c\u00e8s dans un village de la commune de Tankoto Escale, rapporte Rfm. Batteur de tam-tam dans sa localit\u00e9, Abdoulaye Seydi a effectu\u00e9 une travers\u00e9 sans retour parce qu\u2019il a \u00e9t\u00e9 emport\u00e9 par les eaux. Avec les fortes pluies qui sont tomb\u00e9es ces derni\u00e8res temps \u00e0 Kolda, toutes les rives sont pleines \u00e0 d\u00e9border. Il est parti \u00e0 jamais laissant derri\u00e8re lui ses deux \u00e9pouses et 12 enfants dans l\u2019\u00e9moi et la consternation.","og_url":"https:\/\/www.public.sn\/index.php\/2022\/09\/08\/kolda-un-homme-de-42-ans-emporte-par-les-eaux-du-fleuve\/","og_site_name":"LE PUBLIC","article_published_time":"2022-09-08T09:16:46+00:00","article_modified_time":"2022-09-08T09:16:47+00:00","og_image":[{"width":1100,"height":675,"url":"https:\/\/www.public.sn\/wp-content\/uploads\/2022\/09\/476B58E7-4222-40E2-9F64-77131A49D778.jpeg","type":"image\/jpeg"}],"author":"LA REDACTION","twitter_card":"summary_large_image","twitter_misc":{"\u00c9crit par":"LA REDACTION","Dur\u00e9e de lecture estim\u00e9e":"1 minute"},"schema":{"@context":"https:\/\/schema.org","@graph":[{"@type":"Article","@id":"https:\/\/www.public.sn\/index.php\/2022\/09\/08\/kolda-un-homme-de-42-ans-emporte-par-les-eaux-du-fleuve\/#article","isPartOf":{"@id":"https:\/\/www.public.sn\/index.php\/2022\/09\/08\/kolda-un-homme-de-42-ans-emporte-par-les-eaux-du-fleuve\/"},"author":{"name":"LA REDACTION","@id":"https:\/\/www.public.sn\/#\/schema\/person\/e3f4a11b037d4203902db148f9bc8d5a"},"headline":"Kolda: Un homme de 42 ans emport\u00e9 par les eaux du fleuve.","datePublished":"2022-09-08T09:16:46+00:00","dateModified":"2022-09-08T09:16:47+00:00","mainEntityOfPage":{"@id":"https:\/\/www.public.sn\/index.php\/2022\/09\/08\/kolda-un-homme-de-42-ans-emporte-par-les-eaux-du-fleuve\/"},"wordCount":167,"commentCount":0,"publisher":{"@id":"https:\/\/www.public.sn\/#organization"},"image":{"@id":"https:\/\/www.public.sn\/index.php\/2022\/09\/08\/kolda-un-homme-de-42-ans-emporte-par-les-eaux-du-fleuve\/#primaryimage"},"thumbnailUrl":"https:\/\/www.public.sn\/wp-content\/uploads\/2022\/09\/476B58E7-4222-40E2-9F64-77131A49D778.jpeg","keywords":["Berger","Fleuve","Kolda","Mort"],"articleSection":["ACTUALIT\u00c9S","SOCIETE"],"inLanguage":"fr-FR","potentialAction":[{"@type":"CommentAction","name":"Comment","target":["https:\/\/www.public.sn\/index.php\/2022\/09\/08\/kolda-un-homme-de-42-ans-emporte-par-les-eaux-du-fleuve\/#respond"]}]},{"@type":"WebPage","@id":"https:\/\/www.public.sn\/index.php\/2022\/09\/08\/kolda-un-homme-de-42-ans-emporte-par-les-eaux-du-fleuve\/","url":"https:\/\/www.public.sn\/index.php\/2022\/09\/08\/kolda-un-homme-de-42-ans-emporte-par-les-eaux-du-fleuve\/","name":"Kolda: Un homme de 42 ans emport\u00e9 par les eaux du fleuve. - LE PUBLIC","isPartOf":{"@id":"https:\/\/www.public.sn\/#website"},"primaryImageOfPage":{"@id":"https:\/\/www.public.sn\/index.php\/2022\/09\/08\/kolda-un-homme-de-42-ans-emporte-par-les-eaux-du-fleuve\/#primaryimage"},"image":{"@id":"https:\/\/www.public.sn\/index.php\/2022\/09\/08\/kolda-un-homme-de-42-ans-emporte-par-les-eaux-du-fleuve\/#primaryimage"},"thumbnailUrl":"https:\/\/www.public.sn\/wp-content\/uploads\/2022\/09\/476B58E7-4222-40E2-9F64-77131A49D778.jpeg","datePublished":"2022-09-08T09:16:46+00:00","dateModified":"2022-09-08T09:16:47+00:00","breadcrumb":{"@id":"https:\/\/www.public.sn\/index.php\/2022\/09\/08\/kolda-un-homme-de-42-ans-emporte-par-les-eaux-du-fleuve\/#breadcrumb"},"inLanguage":"fr-FR","potentialAction":[{"@type":"ReadAction","target":["https:\/\/www.public.sn\/index.php\/2022\/09\/08\/kolda-un-homme-de-42-ans-emporte-par-les-eaux-du-fleuve\/"]}]},{"@type":"ImageObject","inLanguage":"fr-FR","@id":"https:\/\/www.public.sn\/index.php\/2022\/09\/08\/kolda-un-homme-de-42-ans-emporte-par-les-eaux-du-fleuve\/#primaryimage","url":"https:\/\/www.public.sn\/wp-content\/uploads\/2022\/09\/476B58E7-4222-40E2-9F64-77131A49D778.jpeg","contentUrl":"https:\/\/www.public.sn\/wp-content\/uploads\/2022\/09\/476B58E7-4222-40E2-9F64-77131A49D778.jpeg","width":1100,"height":675},{"@type":"BreadcrumbList","@id":"https:\/\/www.public.sn\/index.php\/2022\/09\/08\/kolda-un-homme-de-42-ans-emporte-par-les-eaux-du-fleuve\/#breadcrumb","itemListElement":[{"@type":"ListItem","position":1,"name":"Accueil","item":"https:\/\/www.public.sn\/"},{"@type":"ListItem","position":2,"name":"Kolda: Un homme de 42 ans emport\u00e9 par les eaux du fleuve."}]},{"@type":"WebSite","@id":"https:\/\/www.public.sn\/#website","url":"https:\/\/www.public.sn\/","name":"LE PUBLIC","description":"","publisher":{"@id":"https:\/\/www.public.sn\/#organization"},"potentialAction":[{"@type":"SearchAction","target":{"@type":"EntryPoint","urlTemplate":"https:\/\/www.public.sn\/?s={search_term_string}"},"query-input":{"@type":"PropertyValueSpecification","valueRequired":true,"valueName":"search_term_string"}}],"inLanguage":"fr-FR"},{"@type":"Organization","@id":"https:\/\/www.public.sn\/#organization","name":"LE PUBLIC","url":"https:\/\/www.public.sn\/","logo":{"@type":"ImageObject","inLanguage":"fr-FR","@id":"https:\/\/www.public.sn\/#\/schema\/logo\/image\/","url":"https:\/\/www.public.sn\/wp-content\/uploads\/2024\/05\/cropped-LOGO-PUBLIC.SN_.png","contentUrl":"https:\/\/www.public.sn\/wp-content\/uploads\/2024\/05\/cropped-LOGO-PUBLIC.SN_.png","width":682,"height":192,"caption":"LE PUBLIC"},"image":{"@id":"https:\/\/www.public.sn\/#\/schema\/logo\/image\/"}},{"@type":"Person","@id":"https:\/\/www.public.sn\/#\/schema\/person\/e3f4a11b037d4203902db148f9bc8d5a","name":"LA REDACTION","image":{"@type":"ImageObject","inLanguage":"fr-FR","@id":"https:\/\/www.public.sn\/#\/schema\/person\/image\/","url":"https:\/\/secure.gravatar.com\/avatar\/d6c030db45db2883c075085c5d6c6258654a801a93766b49af0b82d4f454e2a5?s=96&d=mm&r=g","contentUrl":"https:\/\/secure.gravatar.com\/avatar\/d6c030db45db2883c075085c5d6c6258654a801a93766b49af0b82d4f454e2a5?s=96&d=mm&r=g","caption":"LA REDACTION"},"sameAs":["http:\/\/www.public.sn"],"url":"https:\/\/www.public.sn\/index.php\/author\/admin7324\/"}]}},"jetpack_featured_media_url":"https:\/\/www.public.sn\/wp-content\/uploads\/2022\/09\/476B58E7-4222-40E2-9F64-77131A49D778.jpeg","jetpack_sharing_enabled":true,"_links":{"self":[{"href":"https:\/\/www.public.sn\/index.php\/wp-json\/wp\/v2\/posts\/1493","targetHints":{"allow":["GET"]}}],"collection":[{"href":"https:\/\/www.public.sn\/index.php\/wp-json\/wp\/v2\/posts"}],"about":[{"href":"https:\/\/www.public.sn\/index.php\/wp-json\/wp\/v2\/types\/post"}],"author":[{"embeddable":true,"href":"https:\/\/www.public.sn\/index.php\/wp-json\/wp\/v2\/users\/1"}],"replies":[{"embeddable":true,"href":"https:\/\/www.public.sn\/index.php\/wp-json\/wp\/v2\/comments?post=1493"}],"version-history":[{"count":1,"href":"https:\/\/www.public.sn\/index.php\/wp-json\/wp\/v2\/posts\/1493\/revisions"}],"predecessor-version":[{"id":1495,"href":"https:\/\/www.public.sn\/index.php\/wp-json\/wp\/v2\/posts\/1493\/revisions\/1495"}],"wp:featuredmedia":[{"embeddable":true,"href":"https:\/\/www.public.sn\/index.php\/wp-json\/wp\/v2\/media\/1494"}],"wp:attachment":[{"href":"https:\/\/www.public.sn\/index.php\/wp-json\/wp\/v2\/media?parent=1493"}],"wp:term":[{"taxonomy":"category","embeddable":true,"href":"https:\/\/www.public.sn\/index.php\/wp-json\/wp\/v2\/categories?post=1493"},{"taxonomy":"post_tag","embeddable":true,"href":"https:\/\/www.public.sn\/index.php\/wp-json\/wp\/v2\/tags?post=1493"}],"curies":[{"name":"wp","href":"https:\/\/api.w.org\/{rel}","templated":true}]}}