{"id":14998,"date":"2023-02-06T09:03:53","date_gmt":"2023-02-06T09:03:53","guid":{"rendered":"https:\/\/www.public.sn\/?p=14998"},"modified":"2023-02-06T12:18:18","modified_gmt":"2023-02-06T12:18:18","slug":"inauguration-du-complexe-cheikh-ahmadou-khadim-macky-a-touba-ce-lundi","status":"publish","type":"post","link":"https:\/\/www.public.sn\/index.php\/2023\/02\/06\/inauguration-du-complexe-cheikh-ahmadou-khadim-macky-a-touba-ce-lundi\/","title":{"rendered":"Inauguration du complexe Cheikh Ahmadou Khadim : Macky \u00e0 Touba, ce lundi"},"content":{"rendered":"<p><strong>Le Complexe Cheikh Ahmadoul Khadim pour l\u2019\u00e9ducation et la formation (CCAK-EF) sera inaugur\u00e9 ce lundi 06 f\u00e9vrier 2023 \u00e0 Touba. Sur ce, le pr\u00e9sident de la R\u00e9publique Macky Sall est attendu dans la cit\u00e9 religieuse pour prendre part \u00e0 la c\u00e9r\u00e9monie de l\u2019ouverture de cet \u00e9difice.<\/strong><\/p><div class=\"publi-paragraphe1\" style=\"margin-top: 10px;margin-bottom: 10px;margin-left: auto;margin-right: auto;text-align: center;\" id=\"publi-2880670991\"><div class=\"publi-adlabel\">Publicit\u00e9<\/div><script async src=\"\/\/pagead2.googlesyndication.com\/pagead\/js\/adsbygoogle.js?client=ca-pub-4089586018074219\" crossorigin=\"anonymous\"><\/script><ins class=\"adsbygoogle\" style=\"display:block;\" data-ad-client=\"ca-pub-4089586018074219\" \ndata-ad-slot=\"2087940154\" \ndata-ad-format=\"auto\"><\/ins>\n<script> \n(adsbygoogle = window.adsbygoogle || []).push({}); \n<\/script>\n<\/div>\n<p>Selon l&rsquo;APS qui cite le recteur dudit Complexe, S\u00e9rigne Ahmadou Badawi Mback\u00e9, le pr\u00e9sident Macky Sall est attendu dans la ville de Touba (centre) vers 12 heures.<\/p>\n<p>Le Khalife g\u00e9n\u00e9ral des mourides S\u00e9rigne Mountakha Mback\u00e9 va pr\u00e9sider l\u2019ouverture de ce Complexe universitaire dont le co\u00fbt est estim\u00e9 37 milliards de francs CFA.<\/p>\n<div class=\"publi-apres-le-contenu\" style=\"margin-top: 10px;margin-bottom: 10px;margin-left: auto;margin-right: auto;text-align: center;\" id=\"publi-1057300225\"><div class=\"publi-adlabel\">Publicit\u00e9<\/div><script async src=\"\/\/pagead2.googlesyndication.com\/pagead\/js\/adsbygoogle.js?client=ca-pub-4089586018074219\" crossorigin=\"anonymous\"><\/script><ins class=\"adsbygoogle\" style=\"display:block;\" data-ad-client=\"ca-pub-4089586018074219\" \ndata-ad-slot=\"2087940154\" \ndata-ad-format=\"auto\"><\/ins>\n<script> \n(adsbygoogle = window.adsbygoogle || []).push({}); \n<\/script>\n<\/div>","protected":false},"excerpt":{"rendered":"<p>Le Complexe Cheikh Ahmadoul Khadim pour l\u2019\u00e9ducation et la formation (CCAK-EF) sera inaugur\u00e9 ce lundi 06 f\u00e9vrier 2023 \u00e0 Touba. Sur ce, le pr\u00e9sident de la R\u00e9publique Macky Sall est attendu dans la cit\u00e9 religieuse pour prendre part \u00e0 la c\u00e9r\u00e9monie de l\u2019ouverture de cet \u00e9difice. Selon l&rsquo;APS qui cite le recteur dudit Complexe, S\u00e9rigne Ahmadou Badawi Mback\u00e9, le pr\u00e9sident Macky Sall est attendu dans la ville de Touba (centre) vers 12 heures. Le Khalife g\u00e9n\u00e9ral des mourides S\u00e9rigne Mountakha Mback\u00e9 va pr\u00e9sider l\u2019ouverture de ce Complexe universitaire dont le co\u00fbt est estim\u00e9 37 milliards de francs CFA.<\/p>\n","protected":false},"author":1,"featured_media":14999,"comment_status":"open","ping_status":"open","sticky":false,"template":"","format":"standard","meta":{"_jetpack_memberships_contains_paid_content":false,"footnotes":""},"categories":[375,4222,878,1],"tags":[4284,11,69],"class_list":["post-14998","post","type-post","status-publish","format-standard","has-post-thumbnail","hentry","category-actualites","category-infrastructures","category-religion","category-non-classe","tag-complexe-cheikh-ahmadou-khadim","tag-macky-sall","tag-touba","entry","has-media","owp-thumbs-layout-horizontal","owp-btn-normal","owp-tabs-layout-horizontal","has-no-thumbnails","has-product-nav"],"yoast_head":"<!-- This site is optimized with the Yoast SEO plugin v25.5 - https:\/\/yoast.com\/wordpress\/plugins\/seo\/ -->\n<title>Inauguration du complexe Cheikh Ahmadou Khadim : Macky \u00e0 Touba, ce lundi - LE PUBLIC<\/title>\n<meta name=\"description\" content=\"Le Complexe Cheikh Ahmadoul Khadim pour l\u2019\u00e9ducation et la formation (CCAK-EF) sera inaugur\u00e9 ce lundi 06 f\u00e9vrier 2023 \u00e0 Touba. Sur ce, le pr\u00e9sident de la R\u00e9publique Macky Sall est attendu dans la cit\u00e9 religieuse prendre part \u00e0 la c\u00e9r\u00e9monie de l\u2019ouverture de cet \u00e9difice.\" \/>\n<meta name=\"robots\" content=\"index, follow, max-snippet:-1, max-image-preview:large, max-video-preview:-1\" \/>\n<link rel=\"canonical\" href=\"https:\/\/www.public.sn\/index.php\/2023\/02\/06\/inauguration-du-complexe-cheikh-ahmadou-khadim-macky-a-touba-ce-lundi\/\" \/>\n<meta property=\"og:locale\" content=\"fr_FR\" \/>\n<meta property=\"og:type\" content=\"article\" \/>\n<meta property=\"og:title\" content=\"Inauguration du complexe Cheikh Ahmadou Khadim : Macky \u00e0 Touba, ce lundi - LE PUBLIC\" \/>\n<meta property=\"og:description\" content=\"Le Complexe Cheikh Ahmadoul Khadim pour l\u2019\u00e9ducation et la formation (CCAK-EF) sera inaugur\u00e9 ce lundi 06 f\u00e9vrier 2023 \u00e0 Touba. Sur ce, le pr\u00e9sident de la R\u00e9publique Macky Sall est attendu dans la cit\u00e9 religieuse prendre part \u00e0 la c\u00e9r\u00e9monie de l\u2019ouverture de cet \u00e9difice.\" \/>\n<meta property=\"og:url\" content=\"https:\/\/www.public.sn\/index.php\/2023\/02\/06\/inauguration-du-complexe-cheikh-ahmadou-khadim-macky-a-touba-ce-lundi\/\" \/>\n<meta property=\"og:site_name\" content=\"LE PUBLIC\" \/>\n<meta property=\"article:published_time\" content=\"2023-02-06T09:03:53+00:00\" \/>\n<meta property=\"article:modified_time\" content=\"2023-02-06T12:18:18+00:00\" \/>\n<meta property=\"og:image\" content=\"https:\/\/www.public.sn\/wp-content\/uploads\/2023\/02\/Macky-Sall-Serigne-Mountakha.jpg\" \/>\n\t<meta property=\"og:image:width\" content=\"698\" \/>\n\t<meta property=\"og:image:height\" content=\"483\" \/>\n\t<meta property=\"og:image:type\" content=\"image\/jpeg\" \/>\n<meta name=\"author\" content=\"LA REDACTION\" \/>\n<meta name=\"twitter:card\" content=\"summary_large_image\" \/>\n<meta name=\"twitter:label1\" content=\"\u00c9crit par\" \/>\n\t<meta name=\"twitter:data1\" content=\"LA REDACTION\" \/>\n\t<meta name=\"twitter:label2\" content=\"Dur\u00e9e de lecture estim\u00e9e\" \/>\n\t<meta name=\"twitter:data2\" content=\"1 minute\" \/>\n<script type=\"application\/ld+json\" class=\"yoast-schema-graph\">{\"@context\":\"https:\/\/schema.org\",\"@graph\":[{\"@type\":\"Article\",\"@id\":\"https:\/\/www.public.sn\/index.php\/2023\/02\/06\/inauguration-du-complexe-cheikh-ahmadou-khadim-macky-a-touba-ce-lundi\/#article\",\"isPartOf\":{\"@id\":\"https:\/\/www.public.sn\/index.php\/2023\/02\/06\/inauguration-du-complexe-cheikh-ahmadou-khadim-macky-a-touba-ce-lundi\/\"},\"author\":{\"name\":\"LA REDACTION\",\"@id\":\"https:\/\/www.public.sn\/#\/schema\/person\/e3f4a11b037d4203902db148f9bc8d5a\"},\"headline\":\"Inauguration du complexe Cheikh Ahmadou Khadim : Macky \u00e0 Touba, ce lundi\",\"datePublished\":\"2023-02-06T09:03:53+00:00\",\"dateModified\":\"2023-02-06T12:18:18+00:00\",\"mainEntityOfPage\":{\"@id\":\"https:\/\/www.public.sn\/index.php\/2023\/02\/06\/inauguration-du-complexe-cheikh-ahmadou-khadim-macky-a-touba-ce-lundi\/\"},\"wordCount\":117,\"commentCount\":0,\"publisher\":{\"@id\":\"https:\/\/www.public.sn\/#organization\"},\"image\":{\"@id\":\"https:\/\/www.public.sn\/index.php\/2023\/02\/06\/inauguration-du-complexe-cheikh-ahmadou-khadim-macky-a-touba-ce-lundi\/#primaryimage\"},\"thumbnailUrl\":\"https:\/\/www.public.sn\/wp-content\/uploads\/2023\/02\/Macky-Sall-Serigne-Mountakha.jpg\",\"keywords\":[\"complexe Cheikh Ahmadou Khadim\",\"Macky Sall\",\"Touba\"],\"articleSection\":[\"ACTUALIT\u00c9S\",\"INFRASTRUCTURES\",\"RELIGION\",\"S\u00c9N\u00c9GAL\"],\"inLanguage\":\"fr-FR\",\"potentialAction\":[{\"@type\":\"CommentAction\",\"name\":\"Comment\",\"target\":[\"https:\/\/www.public.sn\/index.php\/2023\/02\/06\/inauguration-du-complexe-cheikh-ahmadou-khadim-macky-a-touba-ce-lundi\/#respond\"]}]},{\"@type\":\"WebPage\",\"@id\":\"https:\/\/www.public.sn\/index.php\/2023\/02\/06\/inauguration-du-complexe-cheikh-ahmadou-khadim-macky-a-touba-ce-lundi\/\",\"url\":\"https:\/\/www.public.sn\/index.php\/2023\/02\/06\/inauguration-du-complexe-cheikh-ahmadou-khadim-macky-a-touba-ce-lundi\/\",\"name\":\"Inauguration du complexe Cheikh Ahmadou Khadim : Macky \u00e0 Touba, ce lundi - LE PUBLIC\",\"isPartOf\":{\"@id\":\"https:\/\/www.public.sn\/#website\"},\"primaryImageOfPage\":{\"@id\":\"https:\/\/www.public.sn\/index.php\/2023\/02\/06\/inauguration-du-complexe-cheikh-ahmadou-khadim-macky-a-touba-ce-lundi\/#primaryimage\"},\"image\":{\"@id\":\"https:\/\/www.public.sn\/index.php\/2023\/02\/06\/inauguration-du-complexe-cheikh-ahmadou-khadim-macky-a-touba-ce-lundi\/#primaryimage\"},\"thumbnailUrl\":\"https:\/\/www.public.sn\/wp-content\/uploads\/2023\/02\/Macky-Sall-Serigne-Mountakha.jpg\",\"datePublished\":\"2023-02-06T09:03:53+00:00\",\"dateModified\":\"2023-02-06T12:18:18+00:00\",\"description\":\"Le Complexe Cheikh Ahmadoul Khadim pour l\u2019\u00e9ducation et la formation (CCAK-EF) sera inaugur\u00e9 ce lundi 06 f\u00e9vrier 2023 \u00e0 Touba. Sur ce, le pr\u00e9sident de la R\u00e9publique Macky Sall est attendu dans la cit\u00e9 religieuse prendre part \u00e0 la c\u00e9r\u00e9monie de l\u2019ouverture de cet \u00e9difice.\",\"breadcrumb\":{\"@id\":\"https:\/\/www.public.sn\/index.php\/2023\/02\/06\/inauguration-du-complexe-cheikh-ahmadou-khadim-macky-a-touba-ce-lundi\/#breadcrumb\"},\"inLanguage\":\"fr-FR\",\"potentialAction\":[{\"@type\":\"ReadAction\",\"target\":[\"https:\/\/www.public.sn\/index.php\/2023\/02\/06\/inauguration-du-complexe-cheikh-ahmadou-khadim-macky-a-touba-ce-lundi\/\"]}]},{\"@type\":\"ImageObject\",\"inLanguage\":\"fr-FR\",\"@id\":\"https:\/\/www.public.sn\/index.php\/2023\/02\/06\/inauguration-du-complexe-cheikh-ahmadou-khadim-macky-a-touba-ce-lundi\/#primaryimage\",\"url\":\"https:\/\/www.public.sn\/wp-content\/uploads\/2023\/02\/Macky-Sall-Serigne-Mountakha.jpg\",\"contentUrl\":\"https:\/\/www.public.sn\/wp-content\/uploads\/2023\/02\/Macky-Sall-Serigne-Mountakha.jpg\",\"width\":698,\"height\":483},{\"@type\":\"BreadcrumbList\",\"@id\":\"https:\/\/www.public.sn\/index.php\/2023\/02\/06\/inauguration-du-complexe-cheikh-ahmadou-khadim-macky-a-touba-ce-lundi\/#breadcrumb\",\"itemListElement\":[{\"@type\":\"ListItem\",\"position\":1,\"name\":\"Accueil\",\"item\":\"https:\/\/www.public.sn\/\"},{\"@type\":\"ListItem\",\"position\":2,\"name\":\"Inauguration du complexe Cheikh Ahmadou Khadim : Macky \u00e0 Touba, ce lundi\"}]},{\"@type\":\"WebSite\",\"@id\":\"https:\/\/www.public.sn\/#website\",\"url\":\"https:\/\/www.public.sn\/\",\"name\":\"LE PUBLIC\",\"description\":\"\",\"publisher\":{\"@id\":\"https:\/\/www.public.sn\/#organization\"},\"potentialAction\":[{\"@type\":\"SearchAction\",\"target\":{\"@type\":\"EntryPoint\",\"urlTemplate\":\"https:\/\/www.public.sn\/?s={search_term_string}\"},\"query-input\":{\"@type\":\"PropertyValueSpecification\",\"valueRequired\":true,\"valueName\":\"search_term_string\"}}],\"inLanguage\":\"fr-FR\"},{\"@type\":\"Organization\",\"@id\":\"https:\/\/www.public.sn\/#organization\",\"name\":\"LE PUBLIC\",\"url\":\"https:\/\/www.public.sn\/\",\"logo\":{\"@type\":\"ImageObject\",\"inLanguage\":\"fr-FR\",\"@id\":\"https:\/\/www.public.sn\/#\/schema\/logo\/image\/\",\"url\":\"https:\/\/www.public.sn\/wp-content\/uploads\/2024\/05\/cropped-LOGO-PUBLIC.SN_.png\",\"contentUrl\":\"https:\/\/www.public.sn\/wp-content\/uploads\/2024\/05\/cropped-LOGO-PUBLIC.SN_.png\",\"width\":682,\"height\":192,\"caption\":\"LE PUBLIC\"},\"image\":{\"@id\":\"https:\/\/www.public.sn\/#\/schema\/logo\/image\/\"}},{\"@type\":\"Person\",\"@id\":\"https:\/\/www.public.sn\/#\/schema\/person\/e3f4a11b037d4203902db148f9bc8d5a\",\"name\":\"LA REDACTION\",\"image\":{\"@type\":\"ImageObject\",\"inLanguage\":\"fr-FR\",\"@id\":\"https:\/\/www.public.sn\/#\/schema\/person\/image\/\",\"url\":\"https:\/\/secure.gravatar.com\/avatar\/d6c030db45db2883c075085c5d6c6258654a801a93766b49af0b82d4f454e2a5?s=96&d=mm&r=g\",\"contentUrl\":\"https:\/\/secure.gravatar.com\/avatar\/d6c030db45db2883c075085c5d6c6258654a801a93766b49af0b82d4f454e2a5?s=96&d=mm&r=g\",\"caption\":\"LA REDACTION\"},\"sameAs\":[\"http:\/\/www.public.sn\"],\"url\":\"https:\/\/www.public.sn\/index.php\/author\/admin7324\/\"}]}<\/script>\n<!-- \/ Yoast SEO plugin. -->","yoast_head_json":{"title":"Inauguration du complexe Cheikh Ahmadou Khadim : Macky \u00e0 Touba, ce lundi - LE PUBLIC","description":"Le Complexe Cheikh Ahmadoul Khadim pour l\u2019\u00e9ducation et la formation (CCAK-EF) sera inaugur\u00e9 ce lundi 06 f\u00e9vrier 2023 \u00e0 Touba. Sur ce, le pr\u00e9sident de la R\u00e9publique Macky Sall est attendu dans la cit\u00e9 religieuse prendre part \u00e0 la c\u00e9r\u00e9monie de l\u2019ouverture de cet \u00e9difice.","robots":{"index":"index","follow":"follow","max-snippet":"max-snippet:-1","max-image-preview":"max-image-preview:large","max-video-preview":"max-video-preview:-1"},"canonical":"https:\/\/www.public.sn\/index.php\/2023\/02\/06\/inauguration-du-complexe-cheikh-ahmadou-khadim-macky-a-touba-ce-lundi\/","og_locale":"fr_FR","og_type":"article","og_title":"Inauguration du complexe Cheikh Ahmadou Khadim : Macky \u00e0 Touba, ce lundi - LE PUBLIC","og_description":"Le Complexe Cheikh Ahmadoul Khadim pour l\u2019\u00e9ducation et la formation (CCAK-EF) sera inaugur\u00e9 ce lundi 06 f\u00e9vrier 2023 \u00e0 Touba. Sur ce, le pr\u00e9sident de la R\u00e9publique Macky Sall est attendu dans la cit\u00e9 religieuse prendre part \u00e0 la c\u00e9r\u00e9monie de l\u2019ouverture de cet \u00e9difice.","og_url":"https:\/\/www.public.sn\/index.php\/2023\/02\/06\/inauguration-du-complexe-cheikh-ahmadou-khadim-macky-a-touba-ce-lundi\/","og_site_name":"LE PUBLIC","article_published_time":"2023-02-06T09:03:53+00:00","article_modified_time":"2023-02-06T12:18:18+00:00","og_image":[{"width":698,"height":483,"url":"https:\/\/www.public.sn\/wp-content\/uploads\/2023\/02\/Macky-Sall-Serigne-Mountakha.jpg","type":"image\/jpeg"}],"author":"LA REDACTION","twitter_card":"summary_large_image","twitter_misc":{"\u00c9crit par":"LA REDACTION","Dur\u00e9e de lecture estim\u00e9e":"1 minute"},"schema":{"@context":"https:\/\/schema.org","@graph":[{"@type":"Article","@id":"https:\/\/www.public.sn\/index.php\/2023\/02\/06\/inauguration-du-complexe-cheikh-ahmadou-khadim-macky-a-touba-ce-lundi\/#article","isPartOf":{"@id":"https:\/\/www.public.sn\/index.php\/2023\/02\/06\/inauguration-du-complexe-cheikh-ahmadou-khadim-macky-a-touba-ce-lundi\/"},"author":{"name":"LA REDACTION","@id":"https:\/\/www.public.sn\/#\/schema\/person\/e3f4a11b037d4203902db148f9bc8d5a"},"headline":"Inauguration du complexe Cheikh Ahmadou Khadim : Macky \u00e0 Touba, ce lundi","datePublished":"2023-02-06T09:03:53+00:00","dateModified":"2023-02-06T12:18:18+00:00","mainEntityOfPage":{"@id":"https:\/\/www.public.sn\/index.php\/2023\/02\/06\/inauguration-du-complexe-cheikh-ahmadou-khadim-macky-a-touba-ce-lundi\/"},"wordCount":117,"commentCount":0,"publisher":{"@id":"https:\/\/www.public.sn\/#organization"},"image":{"@id":"https:\/\/www.public.sn\/index.php\/2023\/02\/06\/inauguration-du-complexe-cheikh-ahmadou-khadim-macky-a-touba-ce-lundi\/#primaryimage"},"thumbnailUrl":"https:\/\/www.public.sn\/wp-content\/uploads\/2023\/02\/Macky-Sall-Serigne-Mountakha.jpg","keywords":["complexe Cheikh Ahmadou Khadim","Macky Sall","Touba"],"articleSection":["ACTUALIT\u00c9S","INFRASTRUCTURES","RELIGION","S\u00c9N\u00c9GAL"],"inLanguage":"fr-FR","potentialAction":[{"@type":"CommentAction","name":"Comment","target":["https:\/\/www.public.sn\/index.php\/2023\/02\/06\/inauguration-du-complexe-cheikh-ahmadou-khadim-macky-a-touba-ce-lundi\/#respond"]}]},{"@type":"WebPage","@id":"https:\/\/www.public.sn\/index.php\/2023\/02\/06\/inauguration-du-complexe-cheikh-ahmadou-khadim-macky-a-touba-ce-lundi\/","url":"https:\/\/www.public.sn\/index.php\/2023\/02\/06\/inauguration-du-complexe-cheikh-ahmadou-khadim-macky-a-touba-ce-lundi\/","name":"Inauguration du complexe Cheikh Ahmadou Khadim : Macky \u00e0 Touba, ce lundi - LE PUBLIC","isPartOf":{"@id":"https:\/\/www.public.sn\/#website"},"primaryImageOfPage":{"@id":"https:\/\/www.public.sn\/index.php\/2023\/02\/06\/inauguration-du-complexe-cheikh-ahmadou-khadim-macky-a-touba-ce-lundi\/#primaryimage"},"image":{"@id":"https:\/\/www.public.sn\/index.php\/2023\/02\/06\/inauguration-du-complexe-cheikh-ahmadou-khadim-macky-a-touba-ce-lundi\/#primaryimage"},"thumbnailUrl":"https:\/\/www.public.sn\/wp-content\/uploads\/2023\/02\/Macky-Sall-Serigne-Mountakha.jpg","datePublished":"2023-02-06T09:03:53+00:00","dateModified":"2023-02-06T12:18:18+00:00","description":"Le Complexe Cheikh Ahmadoul Khadim pour l\u2019\u00e9ducation et la formation (CCAK-EF) sera inaugur\u00e9 ce lundi 06 f\u00e9vrier 2023 \u00e0 Touba. Sur ce, le pr\u00e9sident de la R\u00e9publique Macky Sall est attendu dans la cit\u00e9 religieuse prendre part \u00e0 la c\u00e9r\u00e9monie de l\u2019ouverture de cet \u00e9difice.","breadcrumb":{"@id":"https:\/\/www.public.sn\/index.php\/2023\/02\/06\/inauguration-du-complexe-cheikh-ahmadou-khadim-macky-a-touba-ce-lundi\/#breadcrumb"},"inLanguage":"fr-FR","potentialAction":[{"@type":"ReadAction","target":["https:\/\/www.public.sn\/index.php\/2023\/02\/06\/inauguration-du-complexe-cheikh-ahmadou-khadim-macky-a-touba-ce-lundi\/"]}]},{"@type":"ImageObject","inLanguage":"fr-FR","@id":"https:\/\/www.public.sn\/index.php\/2023\/02\/06\/inauguration-du-complexe-cheikh-ahmadou-khadim-macky-a-touba-ce-lundi\/#primaryimage","url":"https:\/\/www.public.sn\/wp-content\/uploads\/2023\/02\/Macky-Sall-Serigne-Mountakha.jpg","contentUrl":"https:\/\/www.public.sn\/wp-content\/uploads\/2023\/02\/Macky-Sall-Serigne-Mountakha.jpg","width":698,"height":483},{"@type":"BreadcrumbList","@id":"https:\/\/www.public.sn\/index.php\/2023\/02\/06\/inauguration-du-complexe-cheikh-ahmadou-khadim-macky-a-touba-ce-lundi\/#breadcrumb","itemListElement":[{"@type":"ListItem","position":1,"name":"Accueil","item":"https:\/\/www.public.sn\/"},{"@type":"ListItem","position":2,"name":"Inauguration du complexe Cheikh Ahmadou Khadim : Macky \u00e0 Touba, ce lundi"}]},{"@type":"WebSite","@id":"https:\/\/www.public.sn\/#website","url":"https:\/\/www.public.sn\/","name":"LE PUBLIC","description":"","publisher":{"@id":"https:\/\/www.public.sn\/#organization"},"potentialAction":[{"@type":"SearchAction","target":{"@type":"EntryPoint","urlTemplate":"https:\/\/www.public.sn\/?s={search_term_string}"},"query-input":{"@type":"PropertyValueSpecification","valueRequired":true,"valueName":"search_term_string"}}],"inLanguage":"fr-FR"},{"@type":"Organization","@id":"https:\/\/www.public.sn\/#organization","name":"LE PUBLIC","url":"https:\/\/www.public.sn\/","logo":{"@type":"ImageObject","inLanguage":"fr-FR","@id":"https:\/\/www.public.sn\/#\/schema\/logo\/image\/","url":"https:\/\/www.public.sn\/wp-content\/uploads\/2024\/05\/cropped-LOGO-PUBLIC.SN_.png","contentUrl":"https:\/\/www.public.sn\/wp-content\/uploads\/2024\/05\/cropped-LOGO-PUBLIC.SN_.png","width":682,"height":192,"caption":"LE PUBLIC"},"image":{"@id":"https:\/\/www.public.sn\/#\/schema\/logo\/image\/"}},{"@type":"Person","@id":"https:\/\/www.public.sn\/#\/schema\/person\/e3f4a11b037d4203902db148f9bc8d5a","name":"LA REDACTION","image":{"@type":"ImageObject","inLanguage":"fr-FR","@id":"https:\/\/www.public.sn\/#\/schema\/person\/image\/","url":"https:\/\/secure.gravatar.com\/avatar\/d6c030db45db2883c075085c5d6c6258654a801a93766b49af0b82d4f454e2a5?s=96&d=mm&r=g","contentUrl":"https:\/\/secure.gravatar.com\/avatar\/d6c030db45db2883c075085c5d6c6258654a801a93766b49af0b82d4f454e2a5?s=96&d=mm&r=g","caption":"LA REDACTION"},"sameAs":["http:\/\/www.public.sn"],"url":"https:\/\/www.public.sn\/index.php\/author\/admin7324\/"}]}},"jetpack_featured_media_url":"https:\/\/www.public.sn\/wp-content\/uploads\/2023\/02\/Macky-Sall-Serigne-Mountakha.jpg","jetpack_sharing_enabled":true,"_links":{"self":[{"href":"https:\/\/www.public.sn\/index.php\/wp-json\/wp\/v2\/posts\/14998","targetHints":{"allow":["GET"]}}],"collection":[{"href":"https:\/\/www.public.sn\/index.php\/wp-json\/wp\/v2\/posts"}],"about":[{"href":"https:\/\/www.public.sn\/index.php\/wp-json\/wp\/v2\/types\/post"}],"author":[{"embeddable":true,"href":"https:\/\/www.public.sn\/index.php\/wp-json\/wp\/v2\/users\/1"}],"replies":[{"embeddable":true,"href":"https:\/\/www.public.sn\/index.php\/wp-json\/wp\/v2\/comments?post=14998"}],"version-history":[{"count":2,"href":"https:\/\/www.public.sn\/index.php\/wp-json\/wp\/v2\/posts\/14998\/revisions"}],"predecessor-version":[{"id":15020,"href":"https:\/\/www.public.sn\/index.php\/wp-json\/wp\/v2\/posts\/14998\/revisions\/15020"}],"wp:featuredmedia":[{"embeddable":true,"href":"https:\/\/www.public.sn\/index.php\/wp-json\/wp\/v2\/media\/14999"}],"wp:attachment":[{"href":"https:\/\/www.public.sn\/index.php\/wp-json\/wp\/v2\/media?parent=14998"}],"wp:term":[{"taxonomy":"category","embeddable":true,"href":"https:\/\/www.public.sn\/index.php\/wp-json\/wp\/v2\/categories?post=14998"},{"taxonomy":"post_tag","embeddable":true,"href":"https:\/\/www.public.sn\/index.php\/wp-json\/wp\/v2\/tags?post=14998"}],"curies":[{"name":"wp","href":"https:\/\/api.w.org\/{rel}","templated":true}]}}