{"id":15008,"date":"2023-02-06T11:32:17","date_gmt":"2023-02-06T11:32:17","guid":{"rendered":"https:\/\/www.public.sn\/?p=15008"},"modified":"2023-02-06T11:45:28","modified_gmt":"2023-02-06T11:45:28","slug":"15008","status":"publish","type":"post","link":"https:\/\/www.public.sn\/index.php\/2023\/02\/06\/15008\/","title":{"rendered":"Un s\u00e9isme de magnitude 7,8 a frapp\u00e9 le sud de la Turquie et la Syrie voisine, ce lundi"},"content":{"rendered":"<div class=\"chapo\"><strong>Un s\u00e9isme de 7,8 a frapp\u00e9 le sud de la Turquie dans la nuit de dimanche \u00e0 lundi, indique l&rsquo;institut am\u00e9ricain de g\u00e9ophysique. Des centaines de personnes sont mortes.<\/strong><\/div>\n<div id=\"sas_98_s\" class=\"bloc_center_full\"><\/div>\n<p>La terre a de nouveau trembl\u00e9 en Turquie. Un s\u00e9isme de magnitude 7,8 a \u00e9t\u00e9 enregistr\u00e9 pr\u00e8s de Nurda\u011f\u0131, au sud du pays, a annonc\u00e9 dans la nuit de dimanche \u00e0 lundi l&rsquo;institut am\u00e9ricain de g\u00e9ophysique (USGS). Le tremblement de terre a eu lieu \u00e0 4h17 locales (2h17 en France), \u00e0 une profondeur d&rsquo;environ 17,9 kilom\u00e8tres.<\/p><div class=\"publi-paragraphe1\" style=\"margin-top: 10px;margin-bottom: 10px;margin-left: auto;margin-right: auto;text-align: center;\" id=\"publi-1245580876\"><div class=\"publi-adlabel\">Publicit\u00e9<\/div><script async src=\"\/\/pagead2.googlesyndication.com\/pagead\/js\/adsbygoogle.js?client=ca-pub-4089586018074219\" crossorigin=\"anonymous\"><\/script><ins class=\"adsbygoogle\" style=\"display:block;\" data-ad-client=\"ca-pub-4089586018074219\" \ndata-ad-slot=\"2087940154\" \ndata-ad-format=\"auto\"><\/ins>\n<script> \n(adsbygoogle = window.adsbygoogle || []).push({}); \n<\/script>\n<\/div>\n<p>Les secousses ont \u00e9t\u00e9 ressenties au Liban, en Syrie et \u00e0 Chypre. Au moins 592 personnes ont \u00e9t\u00e9 tu\u00e9es dans plusieurs villes de Syrie, selon les autorit\u00e9s et les secouristes, et au moins 912 en Turquie. Plusieurs milliers de bless\u00e9s ont aussi \u00e9t\u00e9 recens\u00e9s. Le bilan pourrait continuer \u00e0 s&rsquo;alourdir, les secours recherchent encore des victimes sous les d\u00e9combres de b\u00e2timents qui se sont effondr\u00e9s.<\/p>\n<h3 class=\"subheading\">L&rsquo;une des zones sismiques les plus actives du monde<\/h3>\n<p>La Turquie est situ\u00e9e dans l&rsquo;une des zones sismiques les plus actives du monde. Fin novembre,\u00a0un tremblement de terre de magnitude 6,1 a frapp\u00e9 le Nord-Ouest de la Turquie, faisant une cinquantaine de bless\u00e9s et des d\u00e9g\u00e2ts limit\u00e9s, selon les services de secours turcs.<\/p>\n<p>Cette m\u00eame r\u00e9gion du Nord-Ouest avait \u00e9t\u00e9 durement \u00e9prouv\u00e9e en ao\u00fbt 1999 par un s\u00e9isme d&rsquo;une magnitude 7,4, qui avait caus\u00e9 la mort de 17.000 personnes, dont un millier \u00e0 Istanbul.<\/p>\n<div class=\"BeOpWidget\" data-name=\"inread\"><\/div>\n<p>Ce s\u00e9isme est le plus important en Turquie depuis le tremblement de terre du 17 ao\u00fbt 1999, qui avait caus\u00e9 la mort de 17.000 personnes, dont un millier \u00e0 Istanbul.<\/p>\n<p>&nbsp;<\/p>\n<div class=\"publi-apres-le-contenu\" style=\"margin-top: 10px;margin-bottom: 10px;margin-left: auto;margin-right: auto;text-align: center;\" id=\"publi-923228568\"><div class=\"publi-adlabel\">Publicit\u00e9<\/div><script async src=\"\/\/pagead2.googlesyndication.com\/pagead\/js\/adsbygoogle.js?client=ca-pub-4089586018074219\" crossorigin=\"anonymous\"><\/script><ins class=\"adsbygoogle\" style=\"display:block;\" data-ad-client=\"ca-pub-4089586018074219\" \ndata-ad-slot=\"2087940154\" \ndata-ad-format=\"auto\"><\/ins>\n<script> \n(adsbygoogle = window.adsbygoogle || []).push({}); \n<\/script>\n<\/div>","protected":false},"excerpt":{"rendered":"<p>Un s\u00e9isme de 7,8 a frapp\u00e9 le sud de la Turquie dans la nuit de dimanche \u00e0 lundi, indique l&rsquo;institut am\u00e9ricain de g\u00e9ophysique. Des centaines de personnes sont mortes. La terre a de nouveau trembl\u00e9 en Turquie. Un s\u00e9isme de magnitude 7,8 a \u00e9t\u00e9 enregistr\u00e9 pr\u00e8s de Nurda\u011f\u0131, au sud du pays, a annonc\u00e9 dans la nuit de dimanche \u00e0 lundi l&rsquo;institut am\u00e9ricain de g\u00e9ophysique (USGS). Le tremblement de terre a eu lieu \u00e0 4h17 locales (2h17 en France), \u00e0 une profondeur d&rsquo;environ 17,9 kilom\u00e8tres. Les secousses ont \u00e9t\u00e9 ressenties au Liban, en Syrie et \u00e0 Chypre. Au moins 592 personnes ont \u00e9t\u00e9 tu\u00e9es dans plusieurs villes de Syrie, selon les autorit\u00e9s et les secouristes, et au moins 912 en Turquie. Plusieurs milliers de bless\u00e9s ont aussi \u00e9t\u00e9 recens\u00e9s. Le bilan pourrait continuer \u00e0 s&rsquo;alourdir, les secours recherchent encore des victimes sous les d\u00e9combres de b\u00e2timents qui se sont effondr\u00e9s. L&rsquo;une des zones sismiques les plus actives du monde La Turquie est situ\u00e9e dans l&rsquo;une des zones sismiques les plus actives du monde. Fin novembre,\u00a0un tremblement de terre de magnitude 6,1 a frapp\u00e9 le Nord-Ouest de la Turquie, faisant une cinquantaine de bless\u00e9s et des d\u00e9g\u00e2ts limit\u00e9s, selon les services de secours turcs. Cette m\u00eame r\u00e9gion du Nord-Ouest avait \u00e9t\u00e9 durement \u00e9prouv\u00e9e en ao\u00fbt 1999 par un s\u00e9isme d&rsquo;une magnitude 7,4, qui avait caus\u00e9 la mort de 17.000 personnes, dont un millier \u00e0 Istanbul. Ce s\u00e9isme est le plus important en Turquie depuis le tremblement de terre du 17 ao\u00fbt 1999, qui avait caus\u00e9 la mort de 17.000 personnes, dont un millier \u00e0 Istanbul. &nbsp;<\/p>\n","protected":false},"author":7,"featured_media":15010,"comment_status":"open","ping_status":"open","sticky":false,"template":"","format":"standard","meta":{"_jetpack_memberships_contains_paid_content":false,"footnotes":""},"categories":[375,550,1051,4222,3728,371,4],"tags":[492,4288,4287],"class_list":["post-15008","post","type-post","status-publish","format-standard","has-post-thumbnail","hentry","category-actualites","category-afrique-monde","category-drame","category-infrastructures","category-internationale","category-necrologie","category-societe","tag-mort","tag-seisme","tag-turc","entry","has-media","owp-thumbs-layout-horizontal","owp-btn-normal","owp-tabs-layout-horizontal","has-no-thumbnails","has-product-nav"],"yoast_head":"<!-- This site is optimized with the Yoast SEO plugin v25.5 - https:\/\/yoast.com\/wordpress\/plugins\/seo\/ -->\n<title>Un s\u00e9isme de magnitude 7,8 a frapp\u00e9 le sud de la Turquie et la Syrie voisine, ce lundi - LE PUBLIC<\/title>\n<meta name=\"robots\" content=\"index, follow, max-snippet:-1, max-image-preview:large, max-video-preview:-1\" \/>\n<link rel=\"canonical\" href=\"https:\/\/www.public.sn\/index.php\/2023\/02\/06\/15008\/\" \/>\n<meta property=\"og:locale\" content=\"fr_FR\" \/>\n<meta property=\"og:type\" content=\"article\" \/>\n<meta property=\"og:title\" content=\"Un s\u00e9isme de magnitude 7,8 a frapp\u00e9 le sud de la Turquie et la Syrie voisine, ce lundi - LE PUBLIC\" \/>\n<meta property=\"og:description\" content=\"Un s\u00e9isme de 7,8 a frapp\u00e9 le sud de la Turquie dans la nuit de dimanche \u00e0 lundi, indique l&rsquo;institut am\u00e9ricain de g\u00e9ophysique. Des centaines de personnes sont mortes. La terre a de nouveau trembl\u00e9 en Turquie. Un s\u00e9isme de magnitude 7,8 a \u00e9t\u00e9 enregistr\u00e9 pr\u00e8s de Nurda\u011f\u0131, au sud du pays, a annonc\u00e9 dans la nuit de dimanche \u00e0 lundi l&rsquo;institut am\u00e9ricain de g\u00e9ophysique (USGS). Le tremblement de terre a eu lieu \u00e0 4h17 locales (2h17 en France), \u00e0 une profondeur d&rsquo;environ 17,9 kilom\u00e8tres. Les secousses ont \u00e9t\u00e9 ressenties au Liban, en Syrie et \u00e0 Chypre. Au moins 592 personnes ont \u00e9t\u00e9 tu\u00e9es dans plusieurs villes de Syrie, selon les autorit\u00e9s et les secouristes, et au moins 912 en Turquie. Plusieurs milliers de bless\u00e9s ont aussi \u00e9t\u00e9 recens\u00e9s. Le bilan pourrait continuer \u00e0 s&rsquo;alourdir, les secours recherchent encore des victimes sous les d\u00e9combres de b\u00e2timents qui se sont effondr\u00e9s. L&rsquo;une des zones sismiques les plus actives du monde La Turquie est situ\u00e9e dans l&rsquo;une des zones sismiques les plus actives du monde. Fin novembre,\u00a0un tremblement de terre de magnitude 6,1 a frapp\u00e9 le Nord-Ouest de la Turquie, faisant une cinquantaine de bless\u00e9s et des d\u00e9g\u00e2ts limit\u00e9s, selon les services de secours turcs. Cette m\u00eame r\u00e9gion du Nord-Ouest avait \u00e9t\u00e9 durement \u00e9prouv\u00e9e en ao\u00fbt 1999 par un s\u00e9isme d&rsquo;une magnitude 7,4, qui avait caus\u00e9 la mort de 17.000 personnes, dont un millier \u00e0 Istanbul. Ce s\u00e9isme est le plus important en Turquie depuis le tremblement de terre du 17 ao\u00fbt 1999, qui avait caus\u00e9 la mort de 17.000 personnes, dont un millier \u00e0 Istanbul. &nbsp;\" \/>\n<meta property=\"og:url\" content=\"https:\/\/www.public.sn\/index.php\/2023\/02\/06\/15008\/\" \/>\n<meta property=\"og:site_name\" content=\"LE PUBLIC\" \/>\n<meta property=\"article:published_time\" content=\"2023-02-06T11:32:17+00:00\" \/>\n<meta property=\"article:modified_time\" content=\"2023-02-06T11:45:28+00:00\" \/>\n<meta property=\"og:image\" content=\"https:\/\/www.public.sn\/wp-content\/uploads\/2023\/02\/Les-images-des-degats-du-seisme-du-6-fevrier-2023-en-Turquie-1571835.jpg\" \/>\n\t<meta property=\"og:image:width\" content=\"1220\" \/>\n\t<meta property=\"og:image:height\" content=\"686\" \/>\n\t<meta property=\"og:image:type\" content=\"image\/jpeg\" \/>\n<meta name=\"author\" content=\"LA REDACTION\" \/>\n<meta name=\"twitter:card\" content=\"summary_large_image\" \/>\n<meta name=\"twitter:label1\" content=\"\u00c9crit par\" \/>\n\t<meta name=\"twitter:data1\" content=\"LA REDACTION\" \/>\n\t<meta name=\"twitter:label2\" content=\"Dur\u00e9e de lecture estim\u00e9e\" \/>\n\t<meta name=\"twitter:data2\" content=\"2 minutes\" \/>\n<script type=\"application\/ld+json\" class=\"yoast-schema-graph\">{\"@context\":\"https:\/\/schema.org\",\"@graph\":[{\"@type\":\"Article\",\"@id\":\"https:\/\/www.public.sn\/index.php\/2023\/02\/06\/15008\/#article\",\"isPartOf\":{\"@id\":\"https:\/\/www.public.sn\/index.php\/2023\/02\/06\/15008\/\"},\"author\":{\"name\":\"LA REDACTION\",\"@id\":\"https:\/\/www.public.sn\/#\/schema\/person\/cb76c8e1b8becc6be61fb5e92d6d0224\"},\"headline\":\"Un s\u00e9isme de magnitude 7,8 a frapp\u00e9 le sud de la Turquie et la Syrie voisine, ce lundi\",\"datePublished\":\"2023-02-06T11:32:17+00:00\",\"dateModified\":\"2023-02-06T11:45:28+00:00\",\"mainEntityOfPage\":{\"@id\":\"https:\/\/www.public.sn\/index.php\/2023\/02\/06\/15008\/\"},\"wordCount\":291,\"commentCount\":1,\"publisher\":{\"@id\":\"https:\/\/www.public.sn\/#organization\"},\"image\":{\"@id\":\"https:\/\/www.public.sn\/index.php\/2023\/02\/06\/15008\/#primaryimage\"},\"thumbnailUrl\":\"https:\/\/www.public.sn\/wp-content\/uploads\/2023\/02\/Les-images-des-degats-du-seisme-du-6-fevrier-2023-en-Turquie-1571835.jpg\",\"keywords\":[\"Mort\",\"seisme\",\"turc\"],\"articleSection\":[\"ACTUALIT\u00c9S\",\"AFRIQUE &amp; MONDE\",\"DRAME\",\"INFRASTRUCTURES\",\"internationale\",\"N\u00c9CROLOGIE\",\"SOCIETE\"],\"inLanguage\":\"fr-FR\",\"potentialAction\":[{\"@type\":\"CommentAction\",\"name\":\"Comment\",\"target\":[\"https:\/\/www.public.sn\/index.php\/2023\/02\/06\/15008\/#respond\"]}]},{\"@type\":\"WebPage\",\"@id\":\"https:\/\/www.public.sn\/index.php\/2023\/02\/06\/15008\/\",\"url\":\"https:\/\/www.public.sn\/index.php\/2023\/02\/06\/15008\/\",\"name\":\"Un s\u00e9isme de magnitude 7,8 a frapp\u00e9 le sud de la Turquie et la Syrie voisine, ce lundi - LE PUBLIC\",\"isPartOf\":{\"@id\":\"https:\/\/www.public.sn\/#website\"},\"primaryImageOfPage\":{\"@id\":\"https:\/\/www.public.sn\/index.php\/2023\/02\/06\/15008\/#primaryimage\"},\"image\":{\"@id\":\"https:\/\/www.public.sn\/index.php\/2023\/02\/06\/15008\/#primaryimage\"},\"thumbnailUrl\":\"https:\/\/www.public.sn\/wp-content\/uploads\/2023\/02\/Les-images-des-degats-du-seisme-du-6-fevrier-2023-en-Turquie-1571835.jpg\",\"datePublished\":\"2023-02-06T11:32:17+00:00\",\"dateModified\":\"2023-02-06T11:45:28+00:00\",\"breadcrumb\":{\"@id\":\"https:\/\/www.public.sn\/index.php\/2023\/02\/06\/15008\/#breadcrumb\"},\"inLanguage\":\"fr-FR\",\"potentialAction\":[{\"@type\":\"ReadAction\",\"target\":[\"https:\/\/www.public.sn\/index.php\/2023\/02\/06\/15008\/\"]}]},{\"@type\":\"ImageObject\",\"inLanguage\":\"fr-FR\",\"@id\":\"https:\/\/www.public.sn\/index.php\/2023\/02\/06\/15008\/#primaryimage\",\"url\":\"https:\/\/www.public.sn\/wp-content\/uploads\/2023\/02\/Les-images-des-degats-du-seisme-du-6-fevrier-2023-en-Turquie-1571835.jpg\",\"contentUrl\":\"https:\/\/www.public.sn\/wp-content\/uploads\/2023\/02\/Les-images-des-degats-du-seisme-du-6-fevrier-2023-en-Turquie-1571835.jpg\",\"width\":1220,\"height\":686},{\"@type\":\"BreadcrumbList\",\"@id\":\"https:\/\/www.public.sn\/index.php\/2023\/02\/06\/15008\/#breadcrumb\",\"itemListElement\":[{\"@type\":\"ListItem\",\"position\":1,\"name\":\"Accueil\",\"item\":\"https:\/\/www.public.sn\/\"},{\"@type\":\"ListItem\",\"position\":2,\"name\":\"Un s\u00e9isme de magnitude 7,8 a frapp\u00e9 le sud de la Turquie et la Syrie voisine, ce lundi\"}]},{\"@type\":\"WebSite\",\"@id\":\"https:\/\/www.public.sn\/#website\",\"url\":\"https:\/\/www.public.sn\/\",\"name\":\"LE PUBLIC\",\"description\":\"\",\"publisher\":{\"@id\":\"https:\/\/www.public.sn\/#organization\"},\"potentialAction\":[{\"@type\":\"SearchAction\",\"target\":{\"@type\":\"EntryPoint\",\"urlTemplate\":\"https:\/\/www.public.sn\/?s={search_term_string}\"},\"query-input\":{\"@type\":\"PropertyValueSpecification\",\"valueRequired\":true,\"valueName\":\"search_term_string\"}}],\"inLanguage\":\"fr-FR\"},{\"@type\":\"Organization\",\"@id\":\"https:\/\/www.public.sn\/#organization\",\"name\":\"LE PUBLIC\",\"url\":\"https:\/\/www.public.sn\/\",\"logo\":{\"@type\":\"ImageObject\",\"inLanguage\":\"fr-FR\",\"@id\":\"https:\/\/www.public.sn\/#\/schema\/logo\/image\/\",\"url\":\"https:\/\/www.public.sn\/wp-content\/uploads\/2024\/05\/cropped-LOGO-PUBLIC.SN_.png\",\"contentUrl\":\"https:\/\/www.public.sn\/wp-content\/uploads\/2024\/05\/cropped-LOGO-PUBLIC.SN_.png\",\"width\":682,\"height\":192,\"caption\":\"LE PUBLIC\"},\"image\":{\"@id\":\"https:\/\/www.public.sn\/#\/schema\/logo\/image\/\"}},{\"@type\":\"Person\",\"@id\":\"https:\/\/www.public.sn\/#\/schema\/person\/cb76c8e1b8becc6be61fb5e92d6d0224\",\"name\":\"LA REDACTION\",\"image\":{\"@type\":\"ImageObject\",\"inLanguage\":\"fr-FR\",\"@id\":\"https:\/\/www.public.sn\/#\/schema\/person\/image\/\",\"url\":\"https:\/\/secure.gravatar.com\/avatar\/2dce5ddd34b8fef0180efe03aa2a9bee7d953856048f9a16b298190a3178407c?s=96&d=mm&r=g\",\"contentUrl\":\"https:\/\/secure.gravatar.com\/avatar\/2dce5ddd34b8fef0180efe03aa2a9bee7d953856048f9a16b298190a3178407c?s=96&d=mm&r=g\",\"caption\":\"LA REDACTION\"},\"url\":\"https:\/\/www.public.sn\/index.php\/author\/editeurpsn\/\"}]}<\/script>\n<!-- \/ Yoast SEO plugin. -->","yoast_head_json":{"title":"Un s\u00e9isme de magnitude 7,8 a frapp\u00e9 le sud de la Turquie et la Syrie voisine, ce lundi - LE PUBLIC","robots":{"index":"index","follow":"follow","max-snippet":"max-snippet:-1","max-image-preview":"max-image-preview:large","max-video-preview":"max-video-preview:-1"},"canonical":"https:\/\/www.public.sn\/index.php\/2023\/02\/06\/15008\/","og_locale":"fr_FR","og_type":"article","og_title":"Un s\u00e9isme de magnitude 7,8 a frapp\u00e9 le sud de la Turquie et la Syrie voisine, ce lundi - LE PUBLIC","og_description":"Un s\u00e9isme de 7,8 a frapp\u00e9 le sud de la Turquie dans la nuit de dimanche \u00e0 lundi, indique l&rsquo;institut am\u00e9ricain de g\u00e9ophysique. Des centaines de personnes sont mortes. La terre a de nouveau trembl\u00e9 en Turquie. Un s\u00e9isme de magnitude 7,8 a \u00e9t\u00e9 enregistr\u00e9 pr\u00e8s de Nurda\u011f\u0131, au sud du pays, a annonc\u00e9 dans la nuit de dimanche \u00e0 lundi l&rsquo;institut am\u00e9ricain de g\u00e9ophysique (USGS). Le tremblement de terre a eu lieu \u00e0 4h17 locales (2h17 en France), \u00e0 une profondeur d&rsquo;environ 17,9 kilom\u00e8tres. Les secousses ont \u00e9t\u00e9 ressenties au Liban, en Syrie et \u00e0 Chypre. Au moins 592 personnes ont \u00e9t\u00e9 tu\u00e9es dans plusieurs villes de Syrie, selon les autorit\u00e9s et les secouristes, et au moins 912 en Turquie. Plusieurs milliers de bless\u00e9s ont aussi \u00e9t\u00e9 recens\u00e9s. Le bilan pourrait continuer \u00e0 s&rsquo;alourdir, les secours recherchent encore des victimes sous les d\u00e9combres de b\u00e2timents qui se sont effondr\u00e9s. L&rsquo;une des zones sismiques les plus actives du monde La Turquie est situ\u00e9e dans l&rsquo;une des zones sismiques les plus actives du monde. Fin novembre,\u00a0un tremblement de terre de magnitude 6,1 a frapp\u00e9 le Nord-Ouest de la Turquie, faisant une cinquantaine de bless\u00e9s et des d\u00e9g\u00e2ts limit\u00e9s, selon les services de secours turcs. Cette m\u00eame r\u00e9gion du Nord-Ouest avait \u00e9t\u00e9 durement \u00e9prouv\u00e9e en ao\u00fbt 1999 par un s\u00e9isme d&rsquo;une magnitude 7,4, qui avait caus\u00e9 la mort de 17.000 personnes, dont un millier \u00e0 Istanbul. Ce s\u00e9isme est le plus important en Turquie depuis le tremblement de terre du 17 ao\u00fbt 1999, qui avait caus\u00e9 la mort de 17.000 personnes, dont un millier \u00e0 Istanbul. &nbsp;","og_url":"https:\/\/www.public.sn\/index.php\/2023\/02\/06\/15008\/","og_site_name":"LE PUBLIC","article_published_time":"2023-02-06T11:32:17+00:00","article_modified_time":"2023-02-06T11:45:28+00:00","og_image":[{"width":1220,"height":686,"url":"https:\/\/www.public.sn\/wp-content\/uploads\/2023\/02\/Les-images-des-degats-du-seisme-du-6-fevrier-2023-en-Turquie-1571835.jpg","type":"image\/jpeg"}],"author":"LA REDACTION","twitter_card":"summary_large_image","twitter_misc":{"\u00c9crit par":"LA REDACTION","Dur\u00e9e de lecture estim\u00e9e":"2 minutes"},"schema":{"@context":"https:\/\/schema.org","@graph":[{"@type":"Article","@id":"https:\/\/www.public.sn\/index.php\/2023\/02\/06\/15008\/#article","isPartOf":{"@id":"https:\/\/www.public.sn\/index.php\/2023\/02\/06\/15008\/"},"author":{"name":"LA REDACTION","@id":"https:\/\/www.public.sn\/#\/schema\/person\/cb76c8e1b8becc6be61fb5e92d6d0224"},"headline":"Un s\u00e9isme de magnitude 7,8 a frapp\u00e9 le sud de la Turquie et la Syrie voisine, ce lundi","datePublished":"2023-02-06T11:32:17+00:00","dateModified":"2023-02-06T11:45:28+00:00","mainEntityOfPage":{"@id":"https:\/\/www.public.sn\/index.php\/2023\/02\/06\/15008\/"},"wordCount":291,"commentCount":1,"publisher":{"@id":"https:\/\/www.public.sn\/#organization"},"image":{"@id":"https:\/\/www.public.sn\/index.php\/2023\/02\/06\/15008\/#primaryimage"},"thumbnailUrl":"https:\/\/www.public.sn\/wp-content\/uploads\/2023\/02\/Les-images-des-degats-du-seisme-du-6-fevrier-2023-en-Turquie-1571835.jpg","keywords":["Mort","seisme","turc"],"articleSection":["ACTUALIT\u00c9S","AFRIQUE &amp; MONDE","DRAME","INFRASTRUCTURES","internationale","N\u00c9CROLOGIE","SOCIETE"],"inLanguage":"fr-FR","potentialAction":[{"@type":"CommentAction","name":"Comment","target":["https:\/\/www.public.sn\/index.php\/2023\/02\/06\/15008\/#respond"]}]},{"@type":"WebPage","@id":"https:\/\/www.public.sn\/index.php\/2023\/02\/06\/15008\/","url":"https:\/\/www.public.sn\/index.php\/2023\/02\/06\/15008\/","name":"Un s\u00e9isme de magnitude 7,8 a frapp\u00e9 le sud de la Turquie et la Syrie voisine, ce lundi - LE PUBLIC","isPartOf":{"@id":"https:\/\/www.public.sn\/#website"},"primaryImageOfPage":{"@id":"https:\/\/www.public.sn\/index.php\/2023\/02\/06\/15008\/#primaryimage"},"image":{"@id":"https:\/\/www.public.sn\/index.php\/2023\/02\/06\/15008\/#primaryimage"},"thumbnailUrl":"https:\/\/www.public.sn\/wp-content\/uploads\/2023\/02\/Les-images-des-degats-du-seisme-du-6-fevrier-2023-en-Turquie-1571835.jpg","datePublished":"2023-02-06T11:32:17+00:00","dateModified":"2023-02-06T11:45:28+00:00","breadcrumb":{"@id":"https:\/\/www.public.sn\/index.php\/2023\/02\/06\/15008\/#breadcrumb"},"inLanguage":"fr-FR","potentialAction":[{"@type":"ReadAction","target":["https:\/\/www.public.sn\/index.php\/2023\/02\/06\/15008\/"]}]},{"@type":"ImageObject","inLanguage":"fr-FR","@id":"https:\/\/www.public.sn\/index.php\/2023\/02\/06\/15008\/#primaryimage","url":"https:\/\/www.public.sn\/wp-content\/uploads\/2023\/02\/Les-images-des-degats-du-seisme-du-6-fevrier-2023-en-Turquie-1571835.jpg","contentUrl":"https:\/\/www.public.sn\/wp-content\/uploads\/2023\/02\/Les-images-des-degats-du-seisme-du-6-fevrier-2023-en-Turquie-1571835.jpg","width":1220,"height":686},{"@type":"BreadcrumbList","@id":"https:\/\/www.public.sn\/index.php\/2023\/02\/06\/15008\/#breadcrumb","itemListElement":[{"@type":"ListItem","position":1,"name":"Accueil","item":"https:\/\/www.public.sn\/"},{"@type":"ListItem","position":2,"name":"Un s\u00e9isme de magnitude 7,8 a frapp\u00e9 le sud de la Turquie et la Syrie voisine, ce lundi"}]},{"@type":"WebSite","@id":"https:\/\/www.public.sn\/#website","url":"https:\/\/www.public.sn\/","name":"LE PUBLIC","description":"","publisher":{"@id":"https:\/\/www.public.sn\/#organization"},"potentialAction":[{"@type":"SearchAction","target":{"@type":"EntryPoint","urlTemplate":"https:\/\/www.public.sn\/?s={search_term_string}"},"query-input":{"@type":"PropertyValueSpecification","valueRequired":true,"valueName":"search_term_string"}}],"inLanguage":"fr-FR"},{"@type":"Organization","@id":"https:\/\/www.public.sn\/#organization","name":"LE PUBLIC","url":"https:\/\/www.public.sn\/","logo":{"@type":"ImageObject","inLanguage":"fr-FR","@id":"https:\/\/www.public.sn\/#\/schema\/logo\/image\/","url":"https:\/\/www.public.sn\/wp-content\/uploads\/2024\/05\/cropped-LOGO-PUBLIC.SN_.png","contentUrl":"https:\/\/www.public.sn\/wp-content\/uploads\/2024\/05\/cropped-LOGO-PUBLIC.SN_.png","width":682,"height":192,"caption":"LE PUBLIC"},"image":{"@id":"https:\/\/www.public.sn\/#\/schema\/logo\/image\/"}},{"@type":"Person","@id":"https:\/\/www.public.sn\/#\/schema\/person\/cb76c8e1b8becc6be61fb5e92d6d0224","name":"LA REDACTION","image":{"@type":"ImageObject","inLanguage":"fr-FR","@id":"https:\/\/www.public.sn\/#\/schema\/person\/image\/","url":"https:\/\/secure.gravatar.com\/avatar\/2dce5ddd34b8fef0180efe03aa2a9bee7d953856048f9a16b298190a3178407c?s=96&d=mm&r=g","contentUrl":"https:\/\/secure.gravatar.com\/avatar\/2dce5ddd34b8fef0180efe03aa2a9bee7d953856048f9a16b298190a3178407c?s=96&d=mm&r=g","caption":"LA REDACTION"},"url":"https:\/\/www.public.sn\/index.php\/author\/editeurpsn\/"}]}},"jetpack_featured_media_url":"https:\/\/www.public.sn\/wp-content\/uploads\/2023\/02\/Les-images-des-degats-du-seisme-du-6-fevrier-2023-en-Turquie-1571835.jpg","jetpack_sharing_enabled":true,"_links":{"self":[{"href":"https:\/\/www.public.sn\/index.php\/wp-json\/wp\/v2\/posts\/15008","targetHints":{"allow":["GET"]}}],"collection":[{"href":"https:\/\/www.public.sn\/index.php\/wp-json\/wp\/v2\/posts"}],"about":[{"href":"https:\/\/www.public.sn\/index.php\/wp-json\/wp\/v2\/types\/post"}],"author":[{"embeddable":true,"href":"https:\/\/www.public.sn\/index.php\/wp-json\/wp\/v2\/users\/7"}],"replies":[{"embeddable":true,"href":"https:\/\/www.public.sn\/index.php\/wp-json\/wp\/v2\/comments?post=15008"}],"version-history":[{"count":5,"href":"https:\/\/www.public.sn\/index.php\/wp-json\/wp\/v2\/posts\/15008\/revisions"}],"predecessor-version":[{"id":15018,"href":"https:\/\/www.public.sn\/index.php\/wp-json\/wp\/v2\/posts\/15008\/revisions\/15018"}],"wp:featuredmedia":[{"embeddable":true,"href":"https:\/\/www.public.sn\/index.php\/wp-json\/wp\/v2\/media\/15010"}],"wp:attachment":[{"href":"https:\/\/www.public.sn\/index.php\/wp-json\/wp\/v2\/media?parent=15008"}],"wp:term":[{"taxonomy":"category","embeddable":true,"href":"https:\/\/www.public.sn\/index.php\/wp-json\/wp\/v2\/categories?post=15008"},{"taxonomy":"post_tag","embeddable":true,"href":"https:\/\/www.public.sn\/index.php\/wp-json\/wp\/v2\/tags?post=15008"}],"curies":[{"name":"wp","href":"https:\/\/api.w.org\/{rel}","templated":true}]}}