{"id":15017,"date":"2023-02-06T12:39:19","date_gmt":"2023-02-06T12:39:19","guid":{"rendered":"https:\/\/www.public.sn\/?p=15017"},"modified":"2023-02-06T12:39:19","modified_gmt":"2023-02-06T12:39:19","slug":"communique-le-procureur-confie-le-dossier-du-rapport-de-la-cour-des-comptes-a-la-dic","status":"publish","type":"post","link":"https:\/\/www.public.sn\/index.php\/2023\/02\/06\/communique-le-procureur-confie-le-dossier-du-rapport-de-la-cour-des-comptes-a-la-dic\/","title":{"rendered":"Communiqu\u00e9: Le Procureur confie le dossier du rapport de la cour des comptes \u00e0 la Dic"},"content":{"rendered":"<p>Suite \u00e0 la saisine du ministre de la justice, Ismaila Madior Fall, par la Cour des comptes, le procureur de la R\u00e9publique aupr\u00e8s du tribunal de Dakar, Amadou Diouf, a annonc\u00e9 ce lundi avoir confi\u00e9 le dossier \u00e0 la division des investigations criminelles (DIC) pour des enqu\u00eates pr\u00e9liminaires par le biais d&rsquo;un communiqu\u00e9<\/p><div class=\"publi-paragraphe1\" style=\"margin-top: 10px;margin-bottom: 10px;margin-left: auto;margin-right: auto;text-align: center;\" id=\"publi-524022574\"><div class=\"publi-adlabel\">Publicit\u00e9<\/div><script async src=\"\/\/pagead2.googlesyndication.com\/pagead\/js\/adsbygoogle.js?client=ca-pub-4089586018074219\" crossorigin=\"anonymous\"><\/script><ins class=\"adsbygoogle\" style=\"display:block;\" data-ad-client=\"ca-pub-4089586018074219\" \ndata-ad-slot=\"2087940154\" \ndata-ad-format=\"auto\"><\/ins>\n<script> \n(adsbygoogle = window.adsbygoogle || []).push({}); \n<\/script>\n<\/div>\n<p><img fetchpriority=\"high\" decoding=\"async\" class=\"alignnone wp-image-15021 size-full\" src=\"https:\/\/www.public.sn\/wp-content\/uploads\/2023\/02\/70612753-49227668.jpg\" alt=\"\" width=\"699\" height=\"953\" srcset=\"https:\/\/www.public.sn\/wp-content\/uploads\/2023\/02\/70612753-49227668.jpg 699w, https:\/\/www.public.sn\/wp-content\/uploads\/2023\/02\/70612753-49227668-600x818.jpg 600w, https:\/\/www.public.sn\/wp-content\/uploads\/2023\/02\/70612753-49227668-220x300.jpg 220w\" sizes=\"(max-width: 699px) 100vw, 699px\" \/><img decoding=\"async\" class=\"alignnone wp-image-15022 size-full\" src=\"https:\/\/www.public.sn\/wp-content\/uploads\/2023\/02\/70612753-49227691.jpg\" alt=\"\" width=\"699\" height=\"994\" srcset=\"https:\/\/www.public.sn\/wp-content\/uploads\/2023\/02\/70612753-49227691.jpg 699w, https:\/\/www.public.sn\/wp-content\/uploads\/2023\/02\/70612753-49227691-600x853.jpg 600w, https:\/\/www.public.sn\/wp-content\/uploads\/2023\/02\/70612753-49227691-211x300.jpg 211w\" sizes=\"(max-width: 699px) 100vw, 699px\" \/><\/p>\n<div class=\"publi-apres-le-contenu\" style=\"margin-top: 10px;margin-bottom: 10px;margin-left: auto;margin-right: auto;text-align: center;\" id=\"publi-2794950791\"><div class=\"publi-adlabel\">Publicit\u00e9<\/div><script async src=\"\/\/pagead2.googlesyndication.com\/pagead\/js\/adsbygoogle.js?client=ca-pub-4089586018074219\" crossorigin=\"anonymous\"><\/script><ins class=\"adsbygoogle\" style=\"display:block;\" data-ad-client=\"ca-pub-4089586018074219\" \ndata-ad-slot=\"2087940154\" \ndata-ad-format=\"auto\"><\/ins>\n<script> \n(adsbygoogle = window.adsbygoogle || []).push({}); \n<\/script>\n<\/div>","protected":false},"excerpt":{"rendered":"<p>Suite \u00e0 la saisine du ministre de la justice, Ismaila Madior Fall, par la Cour des comptes, le procureur de la R\u00e9publique aupr\u00e8s du tribunal de Dakar, Amadou Diouf, a annonc\u00e9 ce lundi avoir confi\u00e9 le dossier \u00e0 la division des investigations criminelles (DIC) pour des enqu\u00eates pr\u00e9liminaires par le biais d&rsquo;un communiqu\u00e9<\/p>\n","protected":false},"author":7,"featured_media":15023,"comment_status":"open","ping_status":"open","sticky":false,"template":"","format":"standard","meta":{"_jetpack_memberships_contains_paid_content":false,"footnotes":""},"categories":[375,9,549,3724,3,376,1,4],"tags":[1062,640,4292,24,103,4291,766],"class_list":["post-15017","post","type-post","status-publish","format-standard","has-post-thumbnail","hentry","category-actualites","category-communique","category-economie","category-justice","category-politique","category-securite-justice","category-non-classe","category-societe","tag-communique","tag-dic","tag-fond-covid","tag-justice","tag-procureur","tag-rapport-cour-des-comptes","tag-senegal","entry","has-media","owp-thumbs-layout-horizontal","owp-btn-normal","owp-tabs-layout-horizontal","has-no-thumbnails","has-product-nav"],"yoast_head":"<!-- This site is optimized with the Yoast SEO plugin v25.5 - https:\/\/yoast.com\/wordpress\/plugins\/seo\/ -->\n<title>Communiqu\u00e9: Le Procureur confie le dossier du rapport de la cour des comptes \u00e0 la Dic - LE PUBLIC<\/title>\n<meta name=\"robots\" content=\"index, follow, max-snippet:-1, max-image-preview:large, max-video-preview:-1\" \/>\n<link rel=\"canonical\" href=\"https:\/\/www.public.sn\/index.php\/2023\/02\/06\/communique-le-procureur-confie-le-dossier-du-rapport-de-la-cour-des-comptes-a-la-dic\/\" \/>\n<meta property=\"og:locale\" content=\"fr_FR\" \/>\n<meta property=\"og:type\" content=\"article\" \/>\n<meta property=\"og:title\" content=\"Communiqu\u00e9: Le Procureur confie le dossier du rapport de la cour des comptes \u00e0 la Dic - LE PUBLIC\" \/>\n<meta property=\"og:description\" content=\"Suite \u00e0 la saisine du ministre de la justice, Ismaila Madior Fall, par la Cour des comptes, le procureur de la R\u00e9publique aupr\u00e8s du tribunal de Dakar, Amadou Diouf, a annonc\u00e9 ce lundi avoir confi\u00e9 le dossier \u00e0 la division des investigations criminelles (DIC) pour des enqu\u00eates pr\u00e9liminaires par le biais d&rsquo;un communiqu\u00e9\" \/>\n<meta property=\"og:url\" content=\"https:\/\/www.public.sn\/index.php\/2023\/02\/06\/communique-le-procureur-confie-le-dossier-du-rapport-de-la-cour-des-comptes-a-la-dic\/\" \/>\n<meta property=\"og:site_name\" content=\"LE PUBLIC\" \/>\n<meta property=\"article:published_time\" content=\"2023-02-06T12:39:19+00:00\" \/>\n<meta property=\"og:image\" content=\"https:\/\/www.public.sn\/wp-content\/uploads\/2023\/02\/69553920-48619411-scaled.jpg\" \/>\n\t<meta property=\"og:image:width\" content=\"2560\" \/>\n\t<meta property=\"og:image:height\" content=\"2560\" \/>\n\t<meta property=\"og:image:type\" content=\"image\/jpeg\" \/>\n<meta name=\"author\" content=\"LA REDACTION\" \/>\n<meta name=\"twitter:card\" content=\"summary_large_image\" \/>\n<meta name=\"twitter:label1\" content=\"\u00c9crit par\" \/>\n\t<meta name=\"twitter:data1\" content=\"LA REDACTION\" \/>\n\t<meta name=\"twitter:label2\" content=\"Dur\u00e9e de lecture estim\u00e9e\" \/>\n\t<meta name=\"twitter:data2\" content=\"1 minute\" \/>\n<script type=\"application\/ld+json\" class=\"yoast-schema-graph\">{\"@context\":\"https:\/\/schema.org\",\"@graph\":[{\"@type\":\"Article\",\"@id\":\"https:\/\/www.public.sn\/index.php\/2023\/02\/06\/communique-le-procureur-confie-le-dossier-du-rapport-de-la-cour-des-comptes-a-la-dic\/#article\",\"isPartOf\":{\"@id\":\"https:\/\/www.public.sn\/index.php\/2023\/02\/06\/communique-le-procureur-confie-le-dossier-du-rapport-de-la-cour-des-comptes-a-la-dic\/\"},\"author\":{\"name\":\"LA REDACTION\",\"@id\":\"https:\/\/www.public.sn\/#\/schema\/person\/cb76c8e1b8becc6be61fb5e92d6d0224\"},\"headline\":\"Communiqu\u00e9: Le Procureur confie le dossier du rapport de la cour des comptes \u00e0 la Dic\",\"datePublished\":\"2023-02-06T12:39:19+00:00\",\"mainEntityOfPage\":{\"@id\":\"https:\/\/www.public.sn\/index.php\/2023\/02\/06\/communique-le-procureur-confie-le-dossier-du-rapport-de-la-cour-des-comptes-a-la-dic\/\"},\"wordCount\":70,\"commentCount\":0,\"publisher\":{\"@id\":\"https:\/\/www.public.sn\/#organization\"},\"image\":{\"@id\":\"https:\/\/www.public.sn\/index.php\/2023\/02\/06\/communique-le-procureur-confie-le-dossier-du-rapport-de-la-cour-des-comptes-a-la-dic\/#primaryimage\"},\"thumbnailUrl\":\"https:\/\/www.public.sn\/wp-content\/uploads\/2023\/02\/69553920-48619411-scaled.jpg\",\"keywords\":[\"communiqu\u00e9\",\"DIC\",\"fond covid\",\"Justice\",\"Procureur\",\"rapport cour des comptes\",\"S\u00e9n\u00e9gal\"],\"articleSection\":[\"ACTUALIT\u00c9S\",\"COMMUNIQU\u00c9\",\"\u00c9CONOMIE\",\"justice\",\"POLITIQUE\",\"S\u00c9CURIT\u00c9 &amp; JUSTICE\",\"S\u00c9N\u00c9GAL\",\"SOCIETE\"],\"inLanguage\":\"fr-FR\",\"potentialAction\":[{\"@type\":\"CommentAction\",\"name\":\"Comment\",\"target\":[\"https:\/\/www.public.sn\/index.php\/2023\/02\/06\/communique-le-procureur-confie-le-dossier-du-rapport-de-la-cour-des-comptes-a-la-dic\/#respond\"]}]},{\"@type\":\"WebPage\",\"@id\":\"https:\/\/www.public.sn\/index.php\/2023\/02\/06\/communique-le-procureur-confie-le-dossier-du-rapport-de-la-cour-des-comptes-a-la-dic\/\",\"url\":\"https:\/\/www.public.sn\/index.php\/2023\/02\/06\/communique-le-procureur-confie-le-dossier-du-rapport-de-la-cour-des-comptes-a-la-dic\/\",\"name\":\"Communiqu\u00e9: Le Procureur confie le dossier du rapport de la cour des comptes \u00e0 la Dic - LE PUBLIC\",\"isPartOf\":{\"@id\":\"https:\/\/www.public.sn\/#website\"},\"primaryImageOfPage\":{\"@id\":\"https:\/\/www.public.sn\/index.php\/2023\/02\/06\/communique-le-procureur-confie-le-dossier-du-rapport-de-la-cour-des-comptes-a-la-dic\/#primaryimage\"},\"image\":{\"@id\":\"https:\/\/www.public.sn\/index.php\/2023\/02\/06\/communique-le-procureur-confie-le-dossier-du-rapport-de-la-cour-des-comptes-a-la-dic\/#primaryimage\"},\"thumbnailUrl\":\"https:\/\/www.public.sn\/wp-content\/uploads\/2023\/02\/69553920-48619411-scaled.jpg\",\"datePublished\":\"2023-02-06T12:39:19+00:00\",\"breadcrumb\":{\"@id\":\"https:\/\/www.public.sn\/index.php\/2023\/02\/06\/communique-le-procureur-confie-le-dossier-du-rapport-de-la-cour-des-comptes-a-la-dic\/#breadcrumb\"},\"inLanguage\":\"fr-FR\",\"potentialAction\":[{\"@type\":\"ReadAction\",\"target\":[\"https:\/\/www.public.sn\/index.php\/2023\/02\/06\/communique-le-procureur-confie-le-dossier-du-rapport-de-la-cour-des-comptes-a-la-dic\/\"]}]},{\"@type\":\"ImageObject\",\"inLanguage\":\"fr-FR\",\"@id\":\"https:\/\/www.public.sn\/index.php\/2023\/02\/06\/communique-le-procureur-confie-le-dossier-du-rapport-de-la-cour-des-comptes-a-la-dic\/#primaryimage\",\"url\":\"https:\/\/www.public.sn\/wp-content\/uploads\/2023\/02\/69553920-48619411-scaled.jpg\",\"contentUrl\":\"https:\/\/www.public.sn\/wp-content\/uploads\/2023\/02\/69553920-48619411-scaled.jpg\",\"width\":2560,\"height\":2560},{\"@type\":\"BreadcrumbList\",\"@id\":\"https:\/\/www.public.sn\/index.php\/2023\/02\/06\/communique-le-procureur-confie-le-dossier-du-rapport-de-la-cour-des-comptes-a-la-dic\/#breadcrumb\",\"itemListElement\":[{\"@type\":\"ListItem\",\"position\":1,\"name\":\"Accueil\",\"item\":\"https:\/\/www.public.sn\/\"},{\"@type\":\"ListItem\",\"position\":2,\"name\":\"Communiqu\u00e9: Le Procureur confie le dossier du rapport de la cour des comptes \u00e0 la Dic\"}]},{\"@type\":\"WebSite\",\"@id\":\"https:\/\/www.public.sn\/#website\",\"url\":\"https:\/\/www.public.sn\/\",\"name\":\"LE PUBLIC\",\"description\":\"\",\"publisher\":{\"@id\":\"https:\/\/www.public.sn\/#organization\"},\"potentialAction\":[{\"@type\":\"SearchAction\",\"target\":{\"@type\":\"EntryPoint\",\"urlTemplate\":\"https:\/\/www.public.sn\/?s={search_term_string}\"},\"query-input\":{\"@type\":\"PropertyValueSpecification\",\"valueRequired\":true,\"valueName\":\"search_term_string\"}}],\"inLanguage\":\"fr-FR\"},{\"@type\":\"Organization\",\"@id\":\"https:\/\/www.public.sn\/#organization\",\"name\":\"LE PUBLIC\",\"url\":\"https:\/\/www.public.sn\/\",\"logo\":{\"@type\":\"ImageObject\",\"inLanguage\":\"fr-FR\",\"@id\":\"https:\/\/www.public.sn\/#\/schema\/logo\/image\/\",\"url\":\"https:\/\/www.public.sn\/wp-content\/uploads\/2024\/05\/cropped-LOGO-PUBLIC.SN_.png\",\"contentUrl\":\"https:\/\/www.public.sn\/wp-content\/uploads\/2024\/05\/cropped-LOGO-PUBLIC.SN_.png\",\"width\":682,\"height\":192,\"caption\":\"LE PUBLIC\"},\"image\":{\"@id\":\"https:\/\/www.public.sn\/#\/schema\/logo\/image\/\"}},{\"@type\":\"Person\",\"@id\":\"https:\/\/www.public.sn\/#\/schema\/person\/cb76c8e1b8becc6be61fb5e92d6d0224\",\"name\":\"LA REDACTION\",\"image\":{\"@type\":\"ImageObject\",\"inLanguage\":\"fr-FR\",\"@id\":\"https:\/\/www.public.sn\/#\/schema\/person\/image\/\",\"url\":\"https:\/\/secure.gravatar.com\/avatar\/2dce5ddd34b8fef0180efe03aa2a9bee7d953856048f9a16b298190a3178407c?s=96&d=mm&r=g\",\"contentUrl\":\"https:\/\/secure.gravatar.com\/avatar\/2dce5ddd34b8fef0180efe03aa2a9bee7d953856048f9a16b298190a3178407c?s=96&d=mm&r=g\",\"caption\":\"LA REDACTION\"},\"url\":\"https:\/\/www.public.sn\/index.php\/author\/editeurpsn\/\"}]}<\/script>\n<!-- \/ Yoast SEO plugin. -->","yoast_head_json":{"title":"Communiqu\u00e9: Le Procureur confie le dossier du rapport de la cour des comptes \u00e0 la Dic - LE PUBLIC","robots":{"index":"index","follow":"follow","max-snippet":"max-snippet:-1","max-image-preview":"max-image-preview:large","max-video-preview":"max-video-preview:-1"},"canonical":"https:\/\/www.public.sn\/index.php\/2023\/02\/06\/communique-le-procureur-confie-le-dossier-du-rapport-de-la-cour-des-comptes-a-la-dic\/","og_locale":"fr_FR","og_type":"article","og_title":"Communiqu\u00e9: Le Procureur confie le dossier du rapport de la cour des comptes \u00e0 la Dic - LE PUBLIC","og_description":"Suite \u00e0 la saisine du ministre de la justice, Ismaila Madior Fall, par la Cour des comptes, le procureur de la R\u00e9publique aupr\u00e8s du tribunal de Dakar, Amadou Diouf, a annonc\u00e9 ce lundi avoir confi\u00e9 le dossier \u00e0 la division des investigations criminelles (DIC) pour des enqu\u00eates pr\u00e9liminaires par le biais d&rsquo;un communiqu\u00e9","og_url":"https:\/\/www.public.sn\/index.php\/2023\/02\/06\/communique-le-procureur-confie-le-dossier-du-rapport-de-la-cour-des-comptes-a-la-dic\/","og_site_name":"LE PUBLIC","article_published_time":"2023-02-06T12:39:19+00:00","og_image":[{"width":2560,"height":2560,"url":"https:\/\/www.public.sn\/wp-content\/uploads\/2023\/02\/69553920-48619411-scaled.jpg","type":"image\/jpeg"}],"author":"LA REDACTION","twitter_card":"summary_large_image","twitter_misc":{"\u00c9crit par":"LA REDACTION","Dur\u00e9e de lecture estim\u00e9e":"1 minute"},"schema":{"@context":"https:\/\/schema.org","@graph":[{"@type":"Article","@id":"https:\/\/www.public.sn\/index.php\/2023\/02\/06\/communique-le-procureur-confie-le-dossier-du-rapport-de-la-cour-des-comptes-a-la-dic\/#article","isPartOf":{"@id":"https:\/\/www.public.sn\/index.php\/2023\/02\/06\/communique-le-procureur-confie-le-dossier-du-rapport-de-la-cour-des-comptes-a-la-dic\/"},"author":{"name":"LA REDACTION","@id":"https:\/\/www.public.sn\/#\/schema\/person\/cb76c8e1b8becc6be61fb5e92d6d0224"},"headline":"Communiqu\u00e9: Le Procureur confie le dossier du rapport de la cour des comptes \u00e0 la Dic","datePublished":"2023-02-06T12:39:19+00:00","mainEntityOfPage":{"@id":"https:\/\/www.public.sn\/index.php\/2023\/02\/06\/communique-le-procureur-confie-le-dossier-du-rapport-de-la-cour-des-comptes-a-la-dic\/"},"wordCount":70,"commentCount":0,"publisher":{"@id":"https:\/\/www.public.sn\/#organization"},"image":{"@id":"https:\/\/www.public.sn\/index.php\/2023\/02\/06\/communique-le-procureur-confie-le-dossier-du-rapport-de-la-cour-des-comptes-a-la-dic\/#primaryimage"},"thumbnailUrl":"https:\/\/www.public.sn\/wp-content\/uploads\/2023\/02\/69553920-48619411-scaled.jpg","keywords":["communiqu\u00e9","DIC","fond covid","Justice","Procureur","rapport cour des comptes","S\u00e9n\u00e9gal"],"articleSection":["ACTUALIT\u00c9S","COMMUNIQU\u00c9","\u00c9CONOMIE","justice","POLITIQUE","S\u00c9CURIT\u00c9 &amp; JUSTICE","S\u00c9N\u00c9GAL","SOCIETE"],"inLanguage":"fr-FR","potentialAction":[{"@type":"CommentAction","name":"Comment","target":["https:\/\/www.public.sn\/index.php\/2023\/02\/06\/communique-le-procureur-confie-le-dossier-du-rapport-de-la-cour-des-comptes-a-la-dic\/#respond"]}]},{"@type":"WebPage","@id":"https:\/\/www.public.sn\/index.php\/2023\/02\/06\/communique-le-procureur-confie-le-dossier-du-rapport-de-la-cour-des-comptes-a-la-dic\/","url":"https:\/\/www.public.sn\/index.php\/2023\/02\/06\/communique-le-procureur-confie-le-dossier-du-rapport-de-la-cour-des-comptes-a-la-dic\/","name":"Communiqu\u00e9: Le Procureur confie le dossier du rapport de la cour des comptes \u00e0 la Dic - LE PUBLIC","isPartOf":{"@id":"https:\/\/www.public.sn\/#website"},"primaryImageOfPage":{"@id":"https:\/\/www.public.sn\/index.php\/2023\/02\/06\/communique-le-procureur-confie-le-dossier-du-rapport-de-la-cour-des-comptes-a-la-dic\/#primaryimage"},"image":{"@id":"https:\/\/www.public.sn\/index.php\/2023\/02\/06\/communique-le-procureur-confie-le-dossier-du-rapport-de-la-cour-des-comptes-a-la-dic\/#primaryimage"},"thumbnailUrl":"https:\/\/www.public.sn\/wp-content\/uploads\/2023\/02\/69553920-48619411-scaled.jpg","datePublished":"2023-02-06T12:39:19+00:00","breadcrumb":{"@id":"https:\/\/www.public.sn\/index.php\/2023\/02\/06\/communique-le-procureur-confie-le-dossier-du-rapport-de-la-cour-des-comptes-a-la-dic\/#breadcrumb"},"inLanguage":"fr-FR","potentialAction":[{"@type":"ReadAction","target":["https:\/\/www.public.sn\/index.php\/2023\/02\/06\/communique-le-procureur-confie-le-dossier-du-rapport-de-la-cour-des-comptes-a-la-dic\/"]}]},{"@type":"ImageObject","inLanguage":"fr-FR","@id":"https:\/\/www.public.sn\/index.php\/2023\/02\/06\/communique-le-procureur-confie-le-dossier-du-rapport-de-la-cour-des-comptes-a-la-dic\/#primaryimage","url":"https:\/\/www.public.sn\/wp-content\/uploads\/2023\/02\/69553920-48619411-scaled.jpg","contentUrl":"https:\/\/www.public.sn\/wp-content\/uploads\/2023\/02\/69553920-48619411-scaled.jpg","width":2560,"height":2560},{"@type":"BreadcrumbList","@id":"https:\/\/www.public.sn\/index.php\/2023\/02\/06\/communique-le-procureur-confie-le-dossier-du-rapport-de-la-cour-des-comptes-a-la-dic\/#breadcrumb","itemListElement":[{"@type":"ListItem","position":1,"name":"Accueil","item":"https:\/\/www.public.sn\/"},{"@type":"ListItem","position":2,"name":"Communiqu\u00e9: Le Procureur confie le dossier du rapport de la cour des comptes \u00e0 la Dic"}]},{"@type":"WebSite","@id":"https:\/\/www.public.sn\/#website","url":"https:\/\/www.public.sn\/","name":"LE PUBLIC","description":"","publisher":{"@id":"https:\/\/www.public.sn\/#organization"},"potentialAction":[{"@type":"SearchAction","target":{"@type":"EntryPoint","urlTemplate":"https:\/\/www.public.sn\/?s={search_term_string}"},"query-input":{"@type":"PropertyValueSpecification","valueRequired":true,"valueName":"search_term_string"}}],"inLanguage":"fr-FR"},{"@type":"Organization","@id":"https:\/\/www.public.sn\/#organization","name":"LE PUBLIC","url":"https:\/\/www.public.sn\/","logo":{"@type":"ImageObject","inLanguage":"fr-FR","@id":"https:\/\/www.public.sn\/#\/schema\/logo\/image\/","url":"https:\/\/www.public.sn\/wp-content\/uploads\/2024\/05\/cropped-LOGO-PUBLIC.SN_.png","contentUrl":"https:\/\/www.public.sn\/wp-content\/uploads\/2024\/05\/cropped-LOGO-PUBLIC.SN_.png","width":682,"height":192,"caption":"LE PUBLIC"},"image":{"@id":"https:\/\/www.public.sn\/#\/schema\/logo\/image\/"}},{"@type":"Person","@id":"https:\/\/www.public.sn\/#\/schema\/person\/cb76c8e1b8becc6be61fb5e92d6d0224","name":"LA REDACTION","image":{"@type":"ImageObject","inLanguage":"fr-FR","@id":"https:\/\/www.public.sn\/#\/schema\/person\/image\/","url":"https:\/\/secure.gravatar.com\/avatar\/2dce5ddd34b8fef0180efe03aa2a9bee7d953856048f9a16b298190a3178407c?s=96&d=mm&r=g","contentUrl":"https:\/\/secure.gravatar.com\/avatar\/2dce5ddd34b8fef0180efe03aa2a9bee7d953856048f9a16b298190a3178407c?s=96&d=mm&r=g","caption":"LA REDACTION"},"url":"https:\/\/www.public.sn\/index.php\/author\/editeurpsn\/"}]}},"jetpack_featured_media_url":"https:\/\/www.public.sn\/wp-content\/uploads\/2023\/02\/69553920-48619411-scaled.jpg","jetpack_sharing_enabled":true,"_links":{"self":[{"href":"https:\/\/www.public.sn\/index.php\/wp-json\/wp\/v2\/posts\/15017","targetHints":{"allow":["GET"]}}],"collection":[{"href":"https:\/\/www.public.sn\/index.php\/wp-json\/wp\/v2\/posts"}],"about":[{"href":"https:\/\/www.public.sn\/index.php\/wp-json\/wp\/v2\/types\/post"}],"author":[{"embeddable":true,"href":"https:\/\/www.public.sn\/index.php\/wp-json\/wp\/v2\/users\/7"}],"replies":[{"embeddable":true,"href":"https:\/\/www.public.sn\/index.php\/wp-json\/wp\/v2\/comments?post=15017"}],"version-history":[{"count":1,"href":"https:\/\/www.public.sn\/index.php\/wp-json\/wp\/v2\/posts\/15017\/revisions"}],"predecessor-version":[{"id":15024,"href":"https:\/\/www.public.sn\/index.php\/wp-json\/wp\/v2\/posts\/15017\/revisions\/15024"}],"wp:featuredmedia":[{"embeddable":true,"href":"https:\/\/www.public.sn\/index.php\/wp-json\/wp\/v2\/media\/15023"}],"wp:attachment":[{"href":"https:\/\/www.public.sn\/index.php\/wp-json\/wp\/v2\/media?parent=15017"}],"wp:term":[{"taxonomy":"category","embeddable":true,"href":"https:\/\/www.public.sn\/index.php\/wp-json\/wp\/v2\/categories?post=15017"},{"taxonomy":"post_tag","embeddable":true,"href":"https:\/\/www.public.sn\/index.php\/wp-json\/wp\/v2\/tags?post=15017"}],"curies":[{"name":"wp","href":"https:\/\/api.w.org\/{rel}","templated":true}]}}