{"id":15025,"date":"2023-02-06T12:55:41","date_gmt":"2023-02-06T12:55:41","guid":{"rendered":"https:\/\/www.public.sn\/?p=15025"},"modified":"2023-02-06T12:55:41","modified_gmt":"2023-02-06T12:55:41","slug":"le-jeune-touche-par-balle-par-les-gendarmes-a-keur-massar-est-finalement-mort","status":"publish","type":"post","link":"https:\/\/www.public.sn\/index.php\/2023\/02\/06\/le-jeune-touche-par-balle-par-les-gendarmes-a-keur-massar-est-finalement-mort\/","title":{"rendered":"Le jeune touch\u00e9 par balle par les gendarmes \u00e0 Keur Massar est finalement mort"},"content":{"rendered":"<p><strong>A la fois garagiste et apprenti-chauffeur, le jeune Talla Kandji avait \u00e9t\u00e9 atteint par balle apr\u00e8s que des gendarmes de Keur-Massar, attaqu\u00e9s par un groupe d\u2019agresseurs, ont tent\u00e9 de se d\u00e9gager en tirant des coups de feu. Atteint \u00e0 la fosse poplit\u00e9e (l\u2019arri\u00e8re du genou) gauche, Talla Kandji, admis aux Urgences de l\u2019h\u00f4pital Principal, a \u00e9t\u00e9 soumis \u00e0 des soins intensifs qui n\u2019ont pu le sauver. C\u2019\u00e9tait dans la nuit du vendredi 27 au samedi 28 janvier 2023.<\/strong><\/p><div class=\"publi-paragraphe1\" style=\"margin-top: 10px;margin-bottom: 10px;margin-left: auto;margin-right: auto;text-align: center;\" id=\"publi-3959589378\"><div class=\"publi-adlabel\">Publicit\u00e9<\/div><script async src=\"\/\/pagead2.googlesyndication.com\/pagead\/js\/adsbygoogle.js?client=ca-pub-4089586018074219\" crossorigin=\"anonymous\"><\/script><ins class=\"adsbygoogle\" style=\"display:block;\" data-ad-client=\"ca-pub-4089586018074219\" \ndata-ad-slot=\"2087940154\" \ndata-ad-format=\"auto\"><\/ins>\n<script> \n(adsbygoogle = window.adsbygoogle || []).push({}); \n<\/script>\n<\/div>\n<p>D\u2019apr\u00e8s L\u2019Observateur, au quartier Aladji Path\u00e9 de Keur-Massar Sud, des jeunes qui f\u00eataient la victoire de leur \u00e9quipe Nav\u00e9tanes, \u00ab ASC Santa Yalla \u00bb, sont subitement infiltr\u00e9s par une bande d\u2019agresseurs. Dans la nuit, au plus fort de la c\u00e9l\u00e9bration, la bande, compos\u00e9e d\u2019une vingtaine d\u2019agresseurs, exhibe des armes blanches (couteaux, coupe-coupe, sabres\u2026) pour s\u2019attaquer aux passants.<\/p>\n<p>Tenus en respect par les agresseurs, d\u2019autres poursuivis jusque dans les boutiques ou les maisons, tous les habitants et passants qui ont eu la malchance de se trouver sur le chemin de ces malfaiteurs, sont d\u00e9pouill\u00e9s de leurs biens puis violent\u00e9s. Pendant une bonne quarantaine de minutes, la bande s\u2019en donne \u00e0 c\u0153ur joie, obligeant les populations \u00e0 tr\u00e8s vite s\u2019enfermer dans les maisons. Sa famille exige que la lumi\u00e8re soit faite sur cette affaire.<\/p>\n<div class=\"publi-apres-le-contenu\" style=\"margin-top: 10px;margin-bottom: 10px;margin-left: auto;margin-right: auto;text-align: center;\" id=\"publi-713896188\"><div class=\"publi-adlabel\">Publicit\u00e9<\/div><script async src=\"\/\/pagead2.googlesyndication.com\/pagead\/js\/adsbygoogle.js?client=ca-pub-4089586018074219\" crossorigin=\"anonymous\"><\/script><ins class=\"adsbygoogle\" style=\"display:block;\" data-ad-client=\"ca-pub-4089586018074219\" \ndata-ad-slot=\"2087940154\" \ndata-ad-format=\"auto\"><\/ins>\n<script> \n(adsbygoogle = window.adsbygoogle || []).push({}); \n<\/script>\n<\/div>","protected":false},"excerpt":{"rendered":"<p>A la fois garagiste et apprenti-chauffeur, le jeune Talla Kandji avait \u00e9t\u00e9 atteint par balle apr\u00e8s que des gendarmes de Keur-Massar, attaqu\u00e9s par un groupe d\u2019agresseurs, ont tent\u00e9 de se d\u00e9gager en tirant des coups de feu. Atteint \u00e0 la fosse poplit\u00e9e (l\u2019arri\u00e8re du genou) gauche, Talla Kandji, admis aux Urgences de l\u2019h\u00f4pital Principal, a \u00e9t\u00e9 soumis \u00e0 des soins intensifs qui n\u2019ont pu le sauver. C\u2019\u00e9tait dans la nuit du vendredi 27 au samedi 28 janvier 2023. D\u2019apr\u00e8s L\u2019Observateur, au quartier Aladji Path\u00e9 de Keur-Massar Sud, des jeunes qui f\u00eataient la victoire de leur \u00e9quipe Nav\u00e9tanes, \u00ab ASC Santa Yalla \u00bb, sont subitement infiltr\u00e9s par une bande d\u2019agresseurs. Dans la nuit, au plus fort de la c\u00e9l\u00e9bration, la bande, compos\u00e9e d\u2019une vingtaine d\u2019agresseurs, exhibe des armes blanches (couteaux, coupe-coupe, sabres\u2026) pour s\u2019attaquer aux passants. Tenus en respect par les agresseurs, d\u2019autres poursuivis jusque dans les boutiques ou les maisons, tous les habitants et passants qui ont eu la malchance de se trouver sur le chemin de ces malfaiteurs, sont d\u00e9pouill\u00e9s de leurs biens puis violent\u00e9s. Pendant une bonne quarantaine de minutes, la bande s\u2019en donne \u00e0 c\u0153ur joie, obligeant les populations \u00e0 tr\u00e8s vite s\u2019enfermer dans les maisons. Sa famille exige que la lumi\u00e8re soit faite sur cette affaire.<\/p>\n","protected":false},"author":7,"featured_media":15026,"comment_status":"open","ping_status":"open","sticky":false,"template":"","format":"standard","meta":{"_jetpack_memberships_contains_paid_content":false,"footnotes":""},"categories":[375,1051,3724,371,1574,376,1,4],"tags":[198,1378,4293],"class_list":["post-15025","post","type-post","status-publish","format-standard","has-post-thumbnail","hentry","category-actualites","category-drame","category-justice","category-necrologie","category-sante","category-securite-justice","category-non-classe","category-societe","tag-gendarmerie","tag-keur-massar","tag-meurtre-par-balle","entry","has-media","owp-thumbs-layout-horizontal","owp-btn-normal","owp-tabs-layout-horizontal","has-no-thumbnails","has-product-nav"],"yoast_head":"<!-- This site is optimized with the Yoast SEO plugin v25.5 - https:\/\/yoast.com\/wordpress\/plugins\/seo\/ -->\n<title>Le jeune touch\u00e9 par balle par les gendarmes \u00e0 Keur Massar est finalement mort - LE PUBLIC<\/title>\n<meta name=\"robots\" content=\"index, follow, max-snippet:-1, max-image-preview:large, max-video-preview:-1\" \/>\n<link rel=\"canonical\" href=\"https:\/\/www.public.sn\/index.php\/2023\/02\/06\/le-jeune-touche-par-balle-par-les-gendarmes-a-keur-massar-est-finalement-mort\/\" \/>\n<meta property=\"og:locale\" content=\"fr_FR\" \/>\n<meta property=\"og:type\" content=\"article\" \/>\n<meta property=\"og:title\" content=\"Le jeune touch\u00e9 par balle par les gendarmes \u00e0 Keur Massar est finalement mort - LE PUBLIC\" \/>\n<meta property=\"og:description\" content=\"A la fois garagiste et apprenti-chauffeur, le jeune Talla Kandji avait \u00e9t\u00e9 atteint par balle apr\u00e8s que des gendarmes de Keur-Massar, attaqu\u00e9s par un groupe d\u2019agresseurs, ont tent\u00e9 de se d\u00e9gager en tirant des coups de feu. Atteint \u00e0 la fosse poplit\u00e9e (l\u2019arri\u00e8re du genou) gauche, Talla Kandji, admis aux Urgences de l\u2019h\u00f4pital Principal, a \u00e9t\u00e9 soumis \u00e0 des soins intensifs qui n\u2019ont pu le sauver. C\u2019\u00e9tait dans la nuit du vendredi 27 au samedi 28 janvier 2023. D\u2019apr\u00e8s L\u2019Observateur, au quartier Aladji Path\u00e9 de Keur-Massar Sud, des jeunes qui f\u00eataient la victoire de leur \u00e9quipe Nav\u00e9tanes, \u00ab ASC Santa Yalla \u00bb, sont subitement infiltr\u00e9s par une bande d\u2019agresseurs. Dans la nuit, au plus fort de la c\u00e9l\u00e9bration, la bande, compos\u00e9e d\u2019une vingtaine d\u2019agresseurs, exhibe des armes blanches (couteaux, coupe-coupe, sabres\u2026) pour s\u2019attaquer aux passants. Tenus en respect par les agresseurs, d\u2019autres poursuivis jusque dans les boutiques ou les maisons, tous les habitants et passants qui ont eu la malchance de se trouver sur le chemin de ces malfaiteurs, sont d\u00e9pouill\u00e9s de leurs biens puis violent\u00e9s. Pendant une bonne quarantaine de minutes, la bande s\u2019en donne \u00e0 c\u0153ur joie, obligeant les populations \u00e0 tr\u00e8s vite s\u2019enfermer dans les maisons. Sa famille exige que la lumi\u00e8re soit faite sur cette affaire.\" \/>\n<meta property=\"og:url\" content=\"https:\/\/www.public.sn\/index.php\/2023\/02\/06\/le-jeune-touche-par-balle-par-les-gendarmes-a-keur-massar-est-finalement-mort\/\" \/>\n<meta property=\"og:site_name\" content=\"LE PUBLIC\" \/>\n<meta property=\"article:published_time\" content=\"2023-02-06T12:55:41+00:00\" \/>\n<meta property=\"og:image\" content=\"https:\/\/www.public.sn\/wp-content\/uploads\/2023\/02\/70611790-49227103.jpg\" \/>\n\t<meta property=\"og:image:width\" content=\"671\" \/>\n\t<meta property=\"og:image:height\" content=\"446\" \/>\n\t<meta property=\"og:image:type\" content=\"image\/jpeg\" \/>\n<meta name=\"author\" content=\"LA REDACTION\" \/>\n<meta name=\"twitter:card\" content=\"summary_large_image\" \/>\n<meta name=\"twitter:label1\" content=\"\u00c9crit par\" \/>\n\t<meta name=\"twitter:data1\" content=\"LA REDACTION\" \/>\n\t<meta name=\"twitter:label2\" content=\"Dur\u00e9e de lecture estim\u00e9e\" \/>\n\t<meta name=\"twitter:data2\" content=\"2 minutes\" \/>\n<script type=\"application\/ld+json\" class=\"yoast-schema-graph\">{\"@context\":\"https:\/\/schema.org\",\"@graph\":[{\"@type\":\"Article\",\"@id\":\"https:\/\/www.public.sn\/index.php\/2023\/02\/06\/le-jeune-touche-par-balle-par-les-gendarmes-a-keur-massar-est-finalement-mort\/#article\",\"isPartOf\":{\"@id\":\"https:\/\/www.public.sn\/index.php\/2023\/02\/06\/le-jeune-touche-par-balle-par-les-gendarmes-a-keur-massar-est-finalement-mort\/\"},\"author\":{\"name\":\"LA REDACTION\",\"@id\":\"https:\/\/www.public.sn\/#\/schema\/person\/cb76c8e1b8becc6be61fb5e92d6d0224\"},\"headline\":\"Le jeune touch\u00e9 par balle par les gendarmes \u00e0 Keur Massar est finalement mort\",\"datePublished\":\"2023-02-06T12:55:41+00:00\",\"mainEntityOfPage\":{\"@id\":\"https:\/\/www.public.sn\/index.php\/2023\/02\/06\/le-jeune-touche-par-balle-par-les-gendarmes-a-keur-massar-est-finalement-mort\/\"},\"wordCount\":247,\"commentCount\":0,\"publisher\":{\"@id\":\"https:\/\/www.public.sn\/#organization\"},\"image\":{\"@id\":\"https:\/\/www.public.sn\/index.php\/2023\/02\/06\/le-jeune-touche-par-balle-par-les-gendarmes-a-keur-massar-est-finalement-mort\/#primaryimage\"},\"thumbnailUrl\":\"https:\/\/www.public.sn\/wp-content\/uploads\/2023\/02\/70611790-49227103.jpg\",\"keywords\":[\"Gendarmerie\",\"keur massar\",\"meurtre par balle\"],\"articleSection\":[\"ACTUALIT\u00c9S\",\"DRAME\",\"justice\",\"N\u00c9CROLOGIE\",\"SANT\u00c9\",\"S\u00c9CURIT\u00c9 &amp; JUSTICE\",\"S\u00c9N\u00c9GAL\",\"SOCIETE\"],\"inLanguage\":\"fr-FR\",\"potentialAction\":[{\"@type\":\"CommentAction\",\"name\":\"Comment\",\"target\":[\"https:\/\/www.public.sn\/index.php\/2023\/02\/06\/le-jeune-touche-par-balle-par-les-gendarmes-a-keur-massar-est-finalement-mort\/#respond\"]}]},{\"@type\":\"WebPage\",\"@id\":\"https:\/\/www.public.sn\/index.php\/2023\/02\/06\/le-jeune-touche-par-balle-par-les-gendarmes-a-keur-massar-est-finalement-mort\/\",\"url\":\"https:\/\/www.public.sn\/index.php\/2023\/02\/06\/le-jeune-touche-par-balle-par-les-gendarmes-a-keur-massar-est-finalement-mort\/\",\"name\":\"Le jeune touch\u00e9 par balle par les gendarmes \u00e0 Keur Massar est finalement mort - LE PUBLIC\",\"isPartOf\":{\"@id\":\"https:\/\/www.public.sn\/#website\"},\"primaryImageOfPage\":{\"@id\":\"https:\/\/www.public.sn\/index.php\/2023\/02\/06\/le-jeune-touche-par-balle-par-les-gendarmes-a-keur-massar-est-finalement-mort\/#primaryimage\"},\"image\":{\"@id\":\"https:\/\/www.public.sn\/index.php\/2023\/02\/06\/le-jeune-touche-par-balle-par-les-gendarmes-a-keur-massar-est-finalement-mort\/#primaryimage\"},\"thumbnailUrl\":\"https:\/\/www.public.sn\/wp-content\/uploads\/2023\/02\/70611790-49227103.jpg\",\"datePublished\":\"2023-02-06T12:55:41+00:00\",\"breadcrumb\":{\"@id\":\"https:\/\/www.public.sn\/index.php\/2023\/02\/06\/le-jeune-touche-par-balle-par-les-gendarmes-a-keur-massar-est-finalement-mort\/#breadcrumb\"},\"inLanguage\":\"fr-FR\",\"potentialAction\":[{\"@type\":\"ReadAction\",\"target\":[\"https:\/\/www.public.sn\/index.php\/2023\/02\/06\/le-jeune-touche-par-balle-par-les-gendarmes-a-keur-massar-est-finalement-mort\/\"]}]},{\"@type\":\"ImageObject\",\"inLanguage\":\"fr-FR\",\"@id\":\"https:\/\/www.public.sn\/index.php\/2023\/02\/06\/le-jeune-touche-par-balle-par-les-gendarmes-a-keur-massar-est-finalement-mort\/#primaryimage\",\"url\":\"https:\/\/www.public.sn\/wp-content\/uploads\/2023\/02\/70611790-49227103.jpg\",\"contentUrl\":\"https:\/\/www.public.sn\/wp-content\/uploads\/2023\/02\/70611790-49227103.jpg\",\"width\":671,\"height\":446},{\"@type\":\"BreadcrumbList\",\"@id\":\"https:\/\/www.public.sn\/index.php\/2023\/02\/06\/le-jeune-touche-par-balle-par-les-gendarmes-a-keur-massar-est-finalement-mort\/#breadcrumb\",\"itemListElement\":[{\"@type\":\"ListItem\",\"position\":1,\"name\":\"Accueil\",\"item\":\"https:\/\/www.public.sn\/\"},{\"@type\":\"ListItem\",\"position\":2,\"name\":\"Le jeune touch\u00e9 par balle par les gendarmes \u00e0 Keur Massar est finalement mort\"}]},{\"@type\":\"WebSite\",\"@id\":\"https:\/\/www.public.sn\/#website\",\"url\":\"https:\/\/www.public.sn\/\",\"name\":\"LE PUBLIC\",\"description\":\"\",\"publisher\":{\"@id\":\"https:\/\/www.public.sn\/#organization\"},\"potentialAction\":[{\"@type\":\"SearchAction\",\"target\":{\"@type\":\"EntryPoint\",\"urlTemplate\":\"https:\/\/www.public.sn\/?s={search_term_string}\"},\"query-input\":{\"@type\":\"PropertyValueSpecification\",\"valueRequired\":true,\"valueName\":\"search_term_string\"}}],\"inLanguage\":\"fr-FR\"},{\"@type\":\"Organization\",\"@id\":\"https:\/\/www.public.sn\/#organization\",\"name\":\"LE PUBLIC\",\"url\":\"https:\/\/www.public.sn\/\",\"logo\":{\"@type\":\"ImageObject\",\"inLanguage\":\"fr-FR\",\"@id\":\"https:\/\/www.public.sn\/#\/schema\/logo\/image\/\",\"url\":\"https:\/\/www.public.sn\/wp-content\/uploads\/2024\/05\/cropped-LOGO-PUBLIC.SN_.png\",\"contentUrl\":\"https:\/\/www.public.sn\/wp-content\/uploads\/2024\/05\/cropped-LOGO-PUBLIC.SN_.png\",\"width\":682,\"height\":192,\"caption\":\"LE PUBLIC\"},\"image\":{\"@id\":\"https:\/\/www.public.sn\/#\/schema\/logo\/image\/\"}},{\"@type\":\"Person\",\"@id\":\"https:\/\/www.public.sn\/#\/schema\/person\/cb76c8e1b8becc6be61fb5e92d6d0224\",\"name\":\"LA REDACTION\",\"image\":{\"@type\":\"ImageObject\",\"inLanguage\":\"fr-FR\",\"@id\":\"https:\/\/www.public.sn\/#\/schema\/person\/image\/\",\"url\":\"https:\/\/secure.gravatar.com\/avatar\/2dce5ddd34b8fef0180efe03aa2a9bee7d953856048f9a16b298190a3178407c?s=96&d=mm&r=g\",\"contentUrl\":\"https:\/\/secure.gravatar.com\/avatar\/2dce5ddd34b8fef0180efe03aa2a9bee7d953856048f9a16b298190a3178407c?s=96&d=mm&r=g\",\"caption\":\"LA REDACTION\"},\"url\":\"https:\/\/www.public.sn\/index.php\/author\/editeurpsn\/\"}]}<\/script>\n<!-- \/ Yoast SEO plugin. -->","yoast_head_json":{"title":"Le jeune touch\u00e9 par balle par les gendarmes \u00e0 Keur Massar est finalement mort - LE PUBLIC","robots":{"index":"index","follow":"follow","max-snippet":"max-snippet:-1","max-image-preview":"max-image-preview:large","max-video-preview":"max-video-preview:-1"},"canonical":"https:\/\/www.public.sn\/index.php\/2023\/02\/06\/le-jeune-touche-par-balle-par-les-gendarmes-a-keur-massar-est-finalement-mort\/","og_locale":"fr_FR","og_type":"article","og_title":"Le jeune touch\u00e9 par balle par les gendarmes \u00e0 Keur Massar est finalement mort - LE PUBLIC","og_description":"A la fois garagiste et apprenti-chauffeur, le jeune Talla Kandji avait \u00e9t\u00e9 atteint par balle apr\u00e8s que des gendarmes de Keur-Massar, attaqu\u00e9s par un groupe d\u2019agresseurs, ont tent\u00e9 de se d\u00e9gager en tirant des coups de feu. Atteint \u00e0 la fosse poplit\u00e9e (l\u2019arri\u00e8re du genou) gauche, Talla Kandji, admis aux Urgences de l\u2019h\u00f4pital Principal, a \u00e9t\u00e9 soumis \u00e0 des soins intensifs qui n\u2019ont pu le sauver. C\u2019\u00e9tait dans la nuit du vendredi 27 au samedi 28 janvier 2023. D\u2019apr\u00e8s L\u2019Observateur, au quartier Aladji Path\u00e9 de Keur-Massar Sud, des jeunes qui f\u00eataient la victoire de leur \u00e9quipe Nav\u00e9tanes, \u00ab ASC Santa Yalla \u00bb, sont subitement infiltr\u00e9s par une bande d\u2019agresseurs. Dans la nuit, au plus fort de la c\u00e9l\u00e9bration, la bande, compos\u00e9e d\u2019une vingtaine d\u2019agresseurs, exhibe des armes blanches (couteaux, coupe-coupe, sabres\u2026) pour s\u2019attaquer aux passants. Tenus en respect par les agresseurs, d\u2019autres poursuivis jusque dans les boutiques ou les maisons, tous les habitants et passants qui ont eu la malchance de se trouver sur le chemin de ces malfaiteurs, sont d\u00e9pouill\u00e9s de leurs biens puis violent\u00e9s. Pendant une bonne quarantaine de minutes, la bande s\u2019en donne \u00e0 c\u0153ur joie, obligeant les populations \u00e0 tr\u00e8s vite s\u2019enfermer dans les maisons. Sa famille exige que la lumi\u00e8re soit faite sur cette affaire.","og_url":"https:\/\/www.public.sn\/index.php\/2023\/02\/06\/le-jeune-touche-par-balle-par-les-gendarmes-a-keur-massar-est-finalement-mort\/","og_site_name":"LE PUBLIC","article_published_time":"2023-02-06T12:55:41+00:00","og_image":[{"width":671,"height":446,"url":"https:\/\/www.public.sn\/wp-content\/uploads\/2023\/02\/70611790-49227103.jpg","type":"image\/jpeg"}],"author":"LA REDACTION","twitter_card":"summary_large_image","twitter_misc":{"\u00c9crit par":"LA REDACTION","Dur\u00e9e de lecture estim\u00e9e":"2 minutes"},"schema":{"@context":"https:\/\/schema.org","@graph":[{"@type":"Article","@id":"https:\/\/www.public.sn\/index.php\/2023\/02\/06\/le-jeune-touche-par-balle-par-les-gendarmes-a-keur-massar-est-finalement-mort\/#article","isPartOf":{"@id":"https:\/\/www.public.sn\/index.php\/2023\/02\/06\/le-jeune-touche-par-balle-par-les-gendarmes-a-keur-massar-est-finalement-mort\/"},"author":{"name":"LA REDACTION","@id":"https:\/\/www.public.sn\/#\/schema\/person\/cb76c8e1b8becc6be61fb5e92d6d0224"},"headline":"Le jeune touch\u00e9 par balle par les gendarmes \u00e0 Keur Massar est finalement mort","datePublished":"2023-02-06T12:55:41+00:00","mainEntityOfPage":{"@id":"https:\/\/www.public.sn\/index.php\/2023\/02\/06\/le-jeune-touche-par-balle-par-les-gendarmes-a-keur-massar-est-finalement-mort\/"},"wordCount":247,"commentCount":0,"publisher":{"@id":"https:\/\/www.public.sn\/#organization"},"image":{"@id":"https:\/\/www.public.sn\/index.php\/2023\/02\/06\/le-jeune-touche-par-balle-par-les-gendarmes-a-keur-massar-est-finalement-mort\/#primaryimage"},"thumbnailUrl":"https:\/\/www.public.sn\/wp-content\/uploads\/2023\/02\/70611790-49227103.jpg","keywords":["Gendarmerie","keur massar","meurtre par balle"],"articleSection":["ACTUALIT\u00c9S","DRAME","justice","N\u00c9CROLOGIE","SANT\u00c9","S\u00c9CURIT\u00c9 &amp; JUSTICE","S\u00c9N\u00c9GAL","SOCIETE"],"inLanguage":"fr-FR","potentialAction":[{"@type":"CommentAction","name":"Comment","target":["https:\/\/www.public.sn\/index.php\/2023\/02\/06\/le-jeune-touche-par-balle-par-les-gendarmes-a-keur-massar-est-finalement-mort\/#respond"]}]},{"@type":"WebPage","@id":"https:\/\/www.public.sn\/index.php\/2023\/02\/06\/le-jeune-touche-par-balle-par-les-gendarmes-a-keur-massar-est-finalement-mort\/","url":"https:\/\/www.public.sn\/index.php\/2023\/02\/06\/le-jeune-touche-par-balle-par-les-gendarmes-a-keur-massar-est-finalement-mort\/","name":"Le jeune touch\u00e9 par balle par les gendarmes \u00e0 Keur Massar est finalement mort - LE PUBLIC","isPartOf":{"@id":"https:\/\/www.public.sn\/#website"},"primaryImageOfPage":{"@id":"https:\/\/www.public.sn\/index.php\/2023\/02\/06\/le-jeune-touche-par-balle-par-les-gendarmes-a-keur-massar-est-finalement-mort\/#primaryimage"},"image":{"@id":"https:\/\/www.public.sn\/index.php\/2023\/02\/06\/le-jeune-touche-par-balle-par-les-gendarmes-a-keur-massar-est-finalement-mort\/#primaryimage"},"thumbnailUrl":"https:\/\/www.public.sn\/wp-content\/uploads\/2023\/02\/70611790-49227103.jpg","datePublished":"2023-02-06T12:55:41+00:00","breadcrumb":{"@id":"https:\/\/www.public.sn\/index.php\/2023\/02\/06\/le-jeune-touche-par-balle-par-les-gendarmes-a-keur-massar-est-finalement-mort\/#breadcrumb"},"inLanguage":"fr-FR","potentialAction":[{"@type":"ReadAction","target":["https:\/\/www.public.sn\/index.php\/2023\/02\/06\/le-jeune-touche-par-balle-par-les-gendarmes-a-keur-massar-est-finalement-mort\/"]}]},{"@type":"ImageObject","inLanguage":"fr-FR","@id":"https:\/\/www.public.sn\/index.php\/2023\/02\/06\/le-jeune-touche-par-balle-par-les-gendarmes-a-keur-massar-est-finalement-mort\/#primaryimage","url":"https:\/\/www.public.sn\/wp-content\/uploads\/2023\/02\/70611790-49227103.jpg","contentUrl":"https:\/\/www.public.sn\/wp-content\/uploads\/2023\/02\/70611790-49227103.jpg","width":671,"height":446},{"@type":"BreadcrumbList","@id":"https:\/\/www.public.sn\/index.php\/2023\/02\/06\/le-jeune-touche-par-balle-par-les-gendarmes-a-keur-massar-est-finalement-mort\/#breadcrumb","itemListElement":[{"@type":"ListItem","position":1,"name":"Accueil","item":"https:\/\/www.public.sn\/"},{"@type":"ListItem","position":2,"name":"Le jeune touch\u00e9 par balle par les gendarmes \u00e0 Keur Massar est finalement mort"}]},{"@type":"WebSite","@id":"https:\/\/www.public.sn\/#website","url":"https:\/\/www.public.sn\/","name":"LE PUBLIC","description":"","publisher":{"@id":"https:\/\/www.public.sn\/#organization"},"potentialAction":[{"@type":"SearchAction","target":{"@type":"EntryPoint","urlTemplate":"https:\/\/www.public.sn\/?s={search_term_string}"},"query-input":{"@type":"PropertyValueSpecification","valueRequired":true,"valueName":"search_term_string"}}],"inLanguage":"fr-FR"},{"@type":"Organization","@id":"https:\/\/www.public.sn\/#organization","name":"LE PUBLIC","url":"https:\/\/www.public.sn\/","logo":{"@type":"ImageObject","inLanguage":"fr-FR","@id":"https:\/\/www.public.sn\/#\/schema\/logo\/image\/","url":"https:\/\/www.public.sn\/wp-content\/uploads\/2024\/05\/cropped-LOGO-PUBLIC.SN_.png","contentUrl":"https:\/\/www.public.sn\/wp-content\/uploads\/2024\/05\/cropped-LOGO-PUBLIC.SN_.png","width":682,"height":192,"caption":"LE PUBLIC"},"image":{"@id":"https:\/\/www.public.sn\/#\/schema\/logo\/image\/"}},{"@type":"Person","@id":"https:\/\/www.public.sn\/#\/schema\/person\/cb76c8e1b8becc6be61fb5e92d6d0224","name":"LA REDACTION","image":{"@type":"ImageObject","inLanguage":"fr-FR","@id":"https:\/\/www.public.sn\/#\/schema\/person\/image\/","url":"https:\/\/secure.gravatar.com\/avatar\/2dce5ddd34b8fef0180efe03aa2a9bee7d953856048f9a16b298190a3178407c?s=96&d=mm&r=g","contentUrl":"https:\/\/secure.gravatar.com\/avatar\/2dce5ddd34b8fef0180efe03aa2a9bee7d953856048f9a16b298190a3178407c?s=96&d=mm&r=g","caption":"LA REDACTION"},"url":"https:\/\/www.public.sn\/index.php\/author\/editeurpsn\/"}]}},"jetpack_featured_media_url":"https:\/\/www.public.sn\/wp-content\/uploads\/2023\/02\/70611790-49227103.jpg","jetpack_sharing_enabled":true,"_links":{"self":[{"href":"https:\/\/www.public.sn\/index.php\/wp-json\/wp\/v2\/posts\/15025","targetHints":{"allow":["GET"]}}],"collection":[{"href":"https:\/\/www.public.sn\/index.php\/wp-json\/wp\/v2\/posts"}],"about":[{"href":"https:\/\/www.public.sn\/index.php\/wp-json\/wp\/v2\/types\/post"}],"author":[{"embeddable":true,"href":"https:\/\/www.public.sn\/index.php\/wp-json\/wp\/v2\/users\/7"}],"replies":[{"embeddable":true,"href":"https:\/\/www.public.sn\/index.php\/wp-json\/wp\/v2\/comments?post=15025"}],"version-history":[{"count":1,"href":"https:\/\/www.public.sn\/index.php\/wp-json\/wp\/v2\/posts\/15025\/revisions"}],"predecessor-version":[{"id":15027,"href":"https:\/\/www.public.sn\/index.php\/wp-json\/wp\/v2\/posts\/15025\/revisions\/15027"}],"wp:featuredmedia":[{"embeddable":true,"href":"https:\/\/www.public.sn\/index.php\/wp-json\/wp\/v2\/media\/15026"}],"wp:attachment":[{"href":"https:\/\/www.public.sn\/index.php\/wp-json\/wp\/v2\/media?parent=15025"}],"wp:term":[{"taxonomy":"category","embeddable":true,"href":"https:\/\/www.public.sn\/index.php\/wp-json\/wp\/v2\/categories?post=15025"},{"taxonomy":"post_tag","embeddable":true,"href":"https:\/\/www.public.sn\/index.php\/wp-json\/wp\/v2\/tags?post=15025"}],"curies":[{"name":"wp","href":"https:\/\/api.w.org\/{rel}","templated":true}]}}