{"id":15028,"date":"2023-02-06T13:49:15","date_gmt":"2023-02-06T13:49:15","guid":{"rendered":"https:\/\/www.public.sn\/?p=15028"},"modified":"2023-02-06T13:49:15","modified_gmt":"2023-02-06T13:49:15","slug":"tremblement-de-terre-en-turquie-et-syrie-le-message-de-macky-sall","status":"publish","type":"post","link":"https:\/\/www.public.sn\/index.php\/2023\/02\/06\/tremblement-de-terre-en-turquie-et-syrie-le-message-de-macky-sall\/","title":{"rendered":"Tremblement de terre en Turquie et Syrie : Le message de Macky Sall"},"content":{"rendered":"<p>Le chef de l\u2019Etat a pr\u00e9sent\u00e9 ses condol\u00e9ances \u00ab \u00e9mues \u00bb au Pr\u00e9sident de la Syrie, Bachar al-Assad, et \u00e0 celui de la Turquie, Recep Tayyip Erdogan, <a href=\"https:\/\/www.public.sn\/index.php\/2023\/02\/06\/15008\/?fbclid=IwAR0gO353D5BPZO66W0zjAPg2FPWeDTU8PK84XSpU5928WjxEaqiY4G8PSxA\">suite au s\u00e9isme qui vient de frapper les deux pays.<\/a> \u00ab\u00a0<span class=\"css-901oao css-16my406 r-poiln3 r-bcqeeo r-qvutc0\">J\u2019adresse mes condol\u00e9ances \u00e9mues aux Pr\u00e9sidents Recep Tayyip Erdogan\u00a0<\/span><span class=\"css-901oao css-16my406 r-poiln3 r-bcqeeo r-qvutc0\">et Bachar al-Assad, suite au s\u00e9isme qui vient de frapper la\u00a0<\/span><span class=\"r-18u37iz\">T\u00fcrkiye<\/span><span class=\"css-901oao css-16my406 r-poiln3 r-bcqeeo r-qvutc0\">\u00a0et la\u00a0<\/span><span class=\"r-18u37iz\">Syrie<\/span><span class=\"css-901oao css-16my406 r-poiln3 r-bcqeeo r-qvutc0\">. Paix \u00e0 l\u2019\u00e2me des victimes et prompt r\u00e9tablissement aux bless\u00e9s<\/span> \u00bb, a-t-il \u00e9crit sur son compte Twitter.<\/p><div class=\"publi-paragraphe1\" style=\"margin-top: 10px;margin-bottom: 10px;margin-left: auto;margin-right: auto;text-align: center;\" id=\"publi-1758368227\"><div class=\"publi-adlabel\">Publicit\u00e9<\/div><script async src=\"\/\/pagead2.googlesyndication.com\/pagead\/js\/adsbygoogle.js?client=ca-pub-4089586018074219\" crossorigin=\"anonymous\"><\/script><ins class=\"adsbygoogle\" style=\"display:block;\" data-ad-client=\"ca-pub-4089586018074219\" \ndata-ad-slot=\"2087940154\" \ndata-ad-format=\"auto\"><\/ins>\n<script> \n(adsbygoogle = window.adsbygoogle || []).push({}); \n<\/script>\n<\/div>\n<div class=\"oceanwp-oembed-wrap clr\">\n<blockquote class=\"twitter-tweet\" data-width=\"550\" data-dnt=\"true\">\n<p lang=\"fr\" dir=\"ltr\">J\u2019adresse mes condol\u00e9ances \u00e9mues aux Pr\u00e9sidents <a href=\"https:\/\/twitter.com\/RTErdogan?ref_src=twsrc%5Etfw\">@RTErdogan<\/a> et Bachar al-Assad, suite au s\u00e9isme qui vient de frapper la <a href=\"https:\/\/twitter.com\/hashtag\/T%C3%BCrkiye?src=hash&amp;ref_src=twsrc%5Etfw\">#T\u00fcrkiye<\/a> et la <a href=\"https:\/\/twitter.com\/hashtag\/Syrie?src=hash&amp;ref_src=twsrc%5Etfw\">#Syrie<\/a>. Paix \u00e0 l\u2019\u00e2me des victimes et prompt r\u00e9tablissement aux bless\u00e9s.<\/p>\n<p>&mdash; Macky Sall (@Macky_Sall) <a href=\"https:\/\/twitter.com\/Macky_Sall\/status\/1622555124416520195?ref_src=twsrc%5Etfw\">February 6, 2023<\/a><\/p><\/blockquote>\n<p><script async src=\"https:\/\/platform.twitter.com\/widgets.js\" charset=\"utf-8\"><\/script><\/div>\n<div class=\"publi-apres-le-contenu\" style=\"margin-top: 10px;margin-bottom: 10px;margin-left: auto;margin-right: auto;text-align: center;\" id=\"publi-2559598197\"><div class=\"publi-adlabel\">Publicit\u00e9<\/div><script async src=\"\/\/pagead2.googlesyndication.com\/pagead\/js\/adsbygoogle.js?client=ca-pub-4089586018074219\" crossorigin=\"anonymous\"><\/script><ins class=\"adsbygoogle\" style=\"display:block;\" data-ad-client=\"ca-pub-4089586018074219\" \ndata-ad-slot=\"2087940154\" \ndata-ad-format=\"auto\"><\/ins>\n<script> \n(adsbygoogle = window.adsbygoogle || []).push({}); \n<\/script>\n<\/div>","protected":false},"excerpt":{"rendered":"<p>Le chef de l\u2019Etat a pr\u00e9sent\u00e9 ses condol\u00e9ances \u00ab \u00e9mues \u00bb au Pr\u00e9sident de la Syrie, Bachar al-Assad, et \u00e0 celui de la Turquie, Recep Tayyip Erdogan, suite au s\u00e9isme qui vient de frapper les deux pays. \u00ab\u00a0J\u2019adresse mes condol\u00e9ances \u00e9mues aux Pr\u00e9sidents Recep Tayyip Erdogan\u00a0et Bachar al-Assad, suite au s\u00e9isme qui vient de frapper la\u00a0T\u00fcrkiye\u00a0et la\u00a0Syrie. Paix \u00e0 l\u2019\u00e2me des victimes et prompt r\u00e9tablissement aux bless\u00e9s \u00bb, a-t-il \u00e9crit sur son compte Twitter. J\u2019adresse mes condol\u00e9ances \u00e9mues aux Pr\u00e9sidents @RTErdogan et Bachar al-Assad, suite au s\u00e9isme qui vient de frapper la #T\u00fcrkiye et la #Syrie. Paix \u00e0 l\u2019\u00e2me des victimes et prompt r\u00e9tablissement aux bless\u00e9s. &mdash; Macky Sall (@Macky_Sall) February 6, 2023<\/p>\n","protected":false},"author":7,"featured_media":15030,"comment_status":"open","ping_status":"open","sticky":false,"template":"","format":"standard","meta":{"_jetpack_memberships_contains_paid_content":false,"footnotes":""},"categories":[375,550,1051,3728,371,3,1],"tags":[11,948,1638],"class_list":["post-15028","post","type-post","status-publish","format-standard","has-post-thumbnail","hentry","category-actualites","category-afrique-monde","category-drame","category-internationale","category-necrologie","category-politique","category-non-classe","tag-macky-sall","tag-syrie","tag-turquie","entry","has-media","owp-thumbs-layout-horizontal","owp-btn-normal","owp-tabs-layout-horizontal","has-no-thumbnails","has-product-nav"],"yoast_head":"<!-- This site is optimized with the Yoast SEO plugin v25.5 - https:\/\/yoast.com\/wordpress\/plugins\/seo\/ -->\n<title>Tremblement de terre en Turquie et Syrie : Le message de Macky Sall - LE PUBLIC<\/title>\n<meta name=\"robots\" content=\"index, follow, max-snippet:-1, max-image-preview:large, max-video-preview:-1\" \/>\n<link rel=\"canonical\" href=\"https:\/\/www.public.sn\/index.php\/2023\/02\/06\/tremblement-de-terre-en-turquie-et-syrie-le-message-de-macky-sall\/\" \/>\n<meta property=\"og:locale\" content=\"fr_FR\" \/>\n<meta property=\"og:type\" content=\"article\" \/>\n<meta property=\"og:title\" content=\"Tremblement de terre en Turquie et Syrie : Le message de Macky Sall - LE PUBLIC\" \/>\n<meta property=\"og:description\" content=\"Le chef de l\u2019Etat a pr\u00e9sent\u00e9 ses condol\u00e9ances \u00ab \u00e9mues \u00bb au Pr\u00e9sident de la Syrie, Bachar al-Assad, et \u00e0 celui de la Turquie, Recep Tayyip Erdogan, suite au s\u00e9isme qui vient de frapper les deux pays. \u00ab\u00a0J\u2019adresse mes condol\u00e9ances \u00e9mues aux Pr\u00e9sidents Recep Tayyip Erdogan\u00a0et Bachar al-Assad, suite au s\u00e9isme qui vient de frapper la\u00a0T\u00fcrkiye\u00a0et la\u00a0Syrie. Paix \u00e0 l\u2019\u00e2me des victimes et prompt r\u00e9tablissement aux bless\u00e9s \u00bb, a-t-il \u00e9crit sur son compte Twitter. J\u2019adresse mes condol\u00e9ances \u00e9mues aux Pr\u00e9sidents @RTErdogan et Bachar al-Assad, suite au s\u00e9isme qui vient de frapper la #T\u00fcrkiye et la #Syrie. Paix \u00e0 l\u2019\u00e2me des victimes et prompt r\u00e9tablissement aux bless\u00e9s. &mdash; Macky Sall (@Macky_Sall) February 6, 2023\" \/>\n<meta property=\"og:url\" content=\"https:\/\/www.public.sn\/index.php\/2023\/02\/06\/tremblement-de-terre-en-turquie-et-syrie-le-message-de-macky-sall\/\" \/>\n<meta property=\"og:site_name\" content=\"LE PUBLIC\" \/>\n<meta property=\"article:published_time\" content=\"2023-02-06T13:49:15+00:00\" \/>\n<meta property=\"og:image\" content=\"https:\/\/www.public.sn\/wp-content\/uploads\/2023\/02\/telecharge.jpg\" \/>\n\t<meta property=\"og:image:width\" content=\"300\" \/>\n\t<meta property=\"og:image:height\" content=\"168\" \/>\n\t<meta property=\"og:image:type\" content=\"image\/jpeg\" \/>\n<meta name=\"author\" content=\"LA REDACTION\" \/>\n<meta name=\"twitter:card\" content=\"summary_large_image\" \/>\n<meta name=\"twitter:label1\" content=\"\u00c9crit par\" \/>\n\t<meta name=\"twitter:data1\" content=\"LA REDACTION\" \/>\n\t<meta name=\"twitter:label2\" content=\"Dur\u00e9e de lecture estim\u00e9e\" \/>\n\t<meta name=\"twitter:data2\" content=\"1 minute\" \/>\n<script type=\"application\/ld+json\" class=\"yoast-schema-graph\">{\"@context\":\"https:\/\/schema.org\",\"@graph\":[{\"@type\":\"Article\",\"@id\":\"https:\/\/www.public.sn\/index.php\/2023\/02\/06\/tremblement-de-terre-en-turquie-et-syrie-le-message-de-macky-sall\/#article\",\"isPartOf\":{\"@id\":\"https:\/\/www.public.sn\/index.php\/2023\/02\/06\/tremblement-de-terre-en-turquie-et-syrie-le-message-de-macky-sall\/\"},\"author\":{\"name\":\"LA REDACTION\",\"@id\":\"https:\/\/www.public.sn\/#\/schema\/person\/cb76c8e1b8becc6be61fb5e92d6d0224\"},\"headline\":\"Tremblement de terre en Turquie et Syrie : Le message de Macky Sall\",\"datePublished\":\"2023-02-06T13:49:15+00:00\",\"mainEntityOfPage\":{\"@id\":\"https:\/\/www.public.sn\/index.php\/2023\/02\/06\/tremblement-de-terre-en-turquie-et-syrie-le-message-de-macky-sall\/\"},\"wordCount\":113,\"commentCount\":0,\"publisher\":{\"@id\":\"https:\/\/www.public.sn\/#organization\"},\"image\":{\"@id\":\"https:\/\/www.public.sn\/index.php\/2023\/02\/06\/tremblement-de-terre-en-turquie-et-syrie-le-message-de-macky-sall\/#primaryimage\"},\"thumbnailUrl\":\"https:\/\/www.public.sn\/wp-content\/uploads\/2023\/02\/telecharge.jpg\",\"keywords\":[\"Macky Sall\",\"Syrie\",\"turquie\"],\"articleSection\":[\"ACTUALIT\u00c9S\",\"AFRIQUE &amp; MONDE\",\"DRAME\",\"internationale\",\"N\u00c9CROLOGIE\",\"POLITIQUE\",\"S\u00c9N\u00c9GAL\"],\"inLanguage\":\"fr-FR\",\"potentialAction\":[{\"@type\":\"CommentAction\",\"name\":\"Comment\",\"target\":[\"https:\/\/www.public.sn\/index.php\/2023\/02\/06\/tremblement-de-terre-en-turquie-et-syrie-le-message-de-macky-sall\/#respond\"]}]},{\"@type\":\"WebPage\",\"@id\":\"https:\/\/www.public.sn\/index.php\/2023\/02\/06\/tremblement-de-terre-en-turquie-et-syrie-le-message-de-macky-sall\/\",\"url\":\"https:\/\/www.public.sn\/index.php\/2023\/02\/06\/tremblement-de-terre-en-turquie-et-syrie-le-message-de-macky-sall\/\",\"name\":\"Tremblement de terre en Turquie et Syrie : Le message de Macky Sall - LE PUBLIC\",\"isPartOf\":{\"@id\":\"https:\/\/www.public.sn\/#website\"},\"primaryImageOfPage\":{\"@id\":\"https:\/\/www.public.sn\/index.php\/2023\/02\/06\/tremblement-de-terre-en-turquie-et-syrie-le-message-de-macky-sall\/#primaryimage\"},\"image\":{\"@id\":\"https:\/\/www.public.sn\/index.php\/2023\/02\/06\/tremblement-de-terre-en-turquie-et-syrie-le-message-de-macky-sall\/#primaryimage\"},\"thumbnailUrl\":\"https:\/\/www.public.sn\/wp-content\/uploads\/2023\/02\/telecharge.jpg\",\"datePublished\":\"2023-02-06T13:49:15+00:00\",\"breadcrumb\":{\"@id\":\"https:\/\/www.public.sn\/index.php\/2023\/02\/06\/tremblement-de-terre-en-turquie-et-syrie-le-message-de-macky-sall\/#breadcrumb\"},\"inLanguage\":\"fr-FR\",\"potentialAction\":[{\"@type\":\"ReadAction\",\"target\":[\"https:\/\/www.public.sn\/index.php\/2023\/02\/06\/tremblement-de-terre-en-turquie-et-syrie-le-message-de-macky-sall\/\"]}]},{\"@type\":\"ImageObject\",\"inLanguage\":\"fr-FR\",\"@id\":\"https:\/\/www.public.sn\/index.php\/2023\/02\/06\/tremblement-de-terre-en-turquie-et-syrie-le-message-de-macky-sall\/#primaryimage\",\"url\":\"https:\/\/www.public.sn\/wp-content\/uploads\/2023\/02\/telecharge.jpg\",\"contentUrl\":\"https:\/\/www.public.sn\/wp-content\/uploads\/2023\/02\/telecharge.jpg\",\"width\":300,\"height\":168},{\"@type\":\"BreadcrumbList\",\"@id\":\"https:\/\/www.public.sn\/index.php\/2023\/02\/06\/tremblement-de-terre-en-turquie-et-syrie-le-message-de-macky-sall\/#breadcrumb\",\"itemListElement\":[{\"@type\":\"ListItem\",\"position\":1,\"name\":\"Accueil\",\"item\":\"https:\/\/www.public.sn\/\"},{\"@type\":\"ListItem\",\"position\":2,\"name\":\"Tremblement de terre en Turquie et Syrie : Le message de Macky Sall\"}]},{\"@type\":\"WebSite\",\"@id\":\"https:\/\/www.public.sn\/#website\",\"url\":\"https:\/\/www.public.sn\/\",\"name\":\"LE PUBLIC\",\"description\":\"\",\"publisher\":{\"@id\":\"https:\/\/www.public.sn\/#organization\"},\"potentialAction\":[{\"@type\":\"SearchAction\",\"target\":{\"@type\":\"EntryPoint\",\"urlTemplate\":\"https:\/\/www.public.sn\/?s={search_term_string}\"},\"query-input\":{\"@type\":\"PropertyValueSpecification\",\"valueRequired\":true,\"valueName\":\"search_term_string\"}}],\"inLanguage\":\"fr-FR\"},{\"@type\":\"Organization\",\"@id\":\"https:\/\/www.public.sn\/#organization\",\"name\":\"LE PUBLIC\",\"url\":\"https:\/\/www.public.sn\/\",\"logo\":{\"@type\":\"ImageObject\",\"inLanguage\":\"fr-FR\",\"@id\":\"https:\/\/www.public.sn\/#\/schema\/logo\/image\/\",\"url\":\"https:\/\/www.public.sn\/wp-content\/uploads\/2024\/05\/cropped-LOGO-PUBLIC.SN_.png\",\"contentUrl\":\"https:\/\/www.public.sn\/wp-content\/uploads\/2024\/05\/cropped-LOGO-PUBLIC.SN_.png\",\"width\":682,\"height\":192,\"caption\":\"LE PUBLIC\"},\"image\":{\"@id\":\"https:\/\/www.public.sn\/#\/schema\/logo\/image\/\"}},{\"@type\":\"Person\",\"@id\":\"https:\/\/www.public.sn\/#\/schema\/person\/cb76c8e1b8becc6be61fb5e92d6d0224\",\"name\":\"LA REDACTION\",\"image\":{\"@type\":\"ImageObject\",\"inLanguage\":\"fr-FR\",\"@id\":\"https:\/\/www.public.sn\/#\/schema\/person\/image\/\",\"url\":\"https:\/\/secure.gravatar.com\/avatar\/2dce5ddd34b8fef0180efe03aa2a9bee7d953856048f9a16b298190a3178407c?s=96&d=mm&r=g\",\"contentUrl\":\"https:\/\/secure.gravatar.com\/avatar\/2dce5ddd34b8fef0180efe03aa2a9bee7d953856048f9a16b298190a3178407c?s=96&d=mm&r=g\",\"caption\":\"LA REDACTION\"},\"url\":\"https:\/\/www.public.sn\/index.php\/author\/editeurpsn\/\"}]}<\/script>\n<!-- \/ Yoast SEO plugin. -->","yoast_head_json":{"title":"Tremblement de terre en Turquie et Syrie : Le message de Macky Sall - LE PUBLIC","robots":{"index":"index","follow":"follow","max-snippet":"max-snippet:-1","max-image-preview":"max-image-preview:large","max-video-preview":"max-video-preview:-1"},"canonical":"https:\/\/www.public.sn\/index.php\/2023\/02\/06\/tremblement-de-terre-en-turquie-et-syrie-le-message-de-macky-sall\/","og_locale":"fr_FR","og_type":"article","og_title":"Tremblement de terre en Turquie et Syrie : Le message de Macky Sall - LE PUBLIC","og_description":"Le chef de l\u2019Etat a pr\u00e9sent\u00e9 ses condol\u00e9ances \u00ab \u00e9mues \u00bb au Pr\u00e9sident de la Syrie, Bachar al-Assad, et \u00e0 celui de la Turquie, Recep Tayyip Erdogan, suite au s\u00e9isme qui vient de frapper les deux pays. \u00ab\u00a0J\u2019adresse mes condol\u00e9ances \u00e9mues aux Pr\u00e9sidents Recep Tayyip Erdogan\u00a0et Bachar al-Assad, suite au s\u00e9isme qui vient de frapper la\u00a0T\u00fcrkiye\u00a0et la\u00a0Syrie. Paix \u00e0 l\u2019\u00e2me des victimes et prompt r\u00e9tablissement aux bless\u00e9s \u00bb, a-t-il \u00e9crit sur son compte Twitter. J\u2019adresse mes condol\u00e9ances \u00e9mues aux Pr\u00e9sidents @RTErdogan et Bachar al-Assad, suite au s\u00e9isme qui vient de frapper la #T\u00fcrkiye et la #Syrie. Paix \u00e0 l\u2019\u00e2me des victimes et prompt r\u00e9tablissement aux bless\u00e9s. &mdash; Macky Sall (@Macky_Sall) February 6, 2023","og_url":"https:\/\/www.public.sn\/index.php\/2023\/02\/06\/tremblement-de-terre-en-turquie-et-syrie-le-message-de-macky-sall\/","og_site_name":"LE PUBLIC","article_published_time":"2023-02-06T13:49:15+00:00","og_image":[{"width":300,"height":168,"url":"https:\/\/www.public.sn\/wp-content\/uploads\/2023\/02\/telecharge.jpg","type":"image\/jpeg"}],"author":"LA REDACTION","twitter_card":"summary_large_image","twitter_misc":{"\u00c9crit par":"LA REDACTION","Dur\u00e9e de lecture estim\u00e9e":"1 minute"},"schema":{"@context":"https:\/\/schema.org","@graph":[{"@type":"Article","@id":"https:\/\/www.public.sn\/index.php\/2023\/02\/06\/tremblement-de-terre-en-turquie-et-syrie-le-message-de-macky-sall\/#article","isPartOf":{"@id":"https:\/\/www.public.sn\/index.php\/2023\/02\/06\/tremblement-de-terre-en-turquie-et-syrie-le-message-de-macky-sall\/"},"author":{"name":"LA REDACTION","@id":"https:\/\/www.public.sn\/#\/schema\/person\/cb76c8e1b8becc6be61fb5e92d6d0224"},"headline":"Tremblement de terre en Turquie et Syrie : Le message de Macky Sall","datePublished":"2023-02-06T13:49:15+00:00","mainEntityOfPage":{"@id":"https:\/\/www.public.sn\/index.php\/2023\/02\/06\/tremblement-de-terre-en-turquie-et-syrie-le-message-de-macky-sall\/"},"wordCount":113,"commentCount":0,"publisher":{"@id":"https:\/\/www.public.sn\/#organization"},"image":{"@id":"https:\/\/www.public.sn\/index.php\/2023\/02\/06\/tremblement-de-terre-en-turquie-et-syrie-le-message-de-macky-sall\/#primaryimage"},"thumbnailUrl":"https:\/\/www.public.sn\/wp-content\/uploads\/2023\/02\/telecharge.jpg","keywords":["Macky Sall","Syrie","turquie"],"articleSection":["ACTUALIT\u00c9S","AFRIQUE &amp; MONDE","DRAME","internationale","N\u00c9CROLOGIE","POLITIQUE","S\u00c9N\u00c9GAL"],"inLanguage":"fr-FR","potentialAction":[{"@type":"CommentAction","name":"Comment","target":["https:\/\/www.public.sn\/index.php\/2023\/02\/06\/tremblement-de-terre-en-turquie-et-syrie-le-message-de-macky-sall\/#respond"]}]},{"@type":"WebPage","@id":"https:\/\/www.public.sn\/index.php\/2023\/02\/06\/tremblement-de-terre-en-turquie-et-syrie-le-message-de-macky-sall\/","url":"https:\/\/www.public.sn\/index.php\/2023\/02\/06\/tremblement-de-terre-en-turquie-et-syrie-le-message-de-macky-sall\/","name":"Tremblement de terre en Turquie et Syrie : Le message de Macky Sall - LE PUBLIC","isPartOf":{"@id":"https:\/\/www.public.sn\/#website"},"primaryImageOfPage":{"@id":"https:\/\/www.public.sn\/index.php\/2023\/02\/06\/tremblement-de-terre-en-turquie-et-syrie-le-message-de-macky-sall\/#primaryimage"},"image":{"@id":"https:\/\/www.public.sn\/index.php\/2023\/02\/06\/tremblement-de-terre-en-turquie-et-syrie-le-message-de-macky-sall\/#primaryimage"},"thumbnailUrl":"https:\/\/www.public.sn\/wp-content\/uploads\/2023\/02\/telecharge.jpg","datePublished":"2023-02-06T13:49:15+00:00","breadcrumb":{"@id":"https:\/\/www.public.sn\/index.php\/2023\/02\/06\/tremblement-de-terre-en-turquie-et-syrie-le-message-de-macky-sall\/#breadcrumb"},"inLanguage":"fr-FR","potentialAction":[{"@type":"ReadAction","target":["https:\/\/www.public.sn\/index.php\/2023\/02\/06\/tremblement-de-terre-en-turquie-et-syrie-le-message-de-macky-sall\/"]}]},{"@type":"ImageObject","inLanguage":"fr-FR","@id":"https:\/\/www.public.sn\/index.php\/2023\/02\/06\/tremblement-de-terre-en-turquie-et-syrie-le-message-de-macky-sall\/#primaryimage","url":"https:\/\/www.public.sn\/wp-content\/uploads\/2023\/02\/telecharge.jpg","contentUrl":"https:\/\/www.public.sn\/wp-content\/uploads\/2023\/02\/telecharge.jpg","width":300,"height":168},{"@type":"BreadcrumbList","@id":"https:\/\/www.public.sn\/index.php\/2023\/02\/06\/tremblement-de-terre-en-turquie-et-syrie-le-message-de-macky-sall\/#breadcrumb","itemListElement":[{"@type":"ListItem","position":1,"name":"Accueil","item":"https:\/\/www.public.sn\/"},{"@type":"ListItem","position":2,"name":"Tremblement de terre en Turquie et Syrie : Le message de Macky Sall"}]},{"@type":"WebSite","@id":"https:\/\/www.public.sn\/#website","url":"https:\/\/www.public.sn\/","name":"LE PUBLIC","description":"","publisher":{"@id":"https:\/\/www.public.sn\/#organization"},"potentialAction":[{"@type":"SearchAction","target":{"@type":"EntryPoint","urlTemplate":"https:\/\/www.public.sn\/?s={search_term_string}"},"query-input":{"@type":"PropertyValueSpecification","valueRequired":true,"valueName":"search_term_string"}}],"inLanguage":"fr-FR"},{"@type":"Organization","@id":"https:\/\/www.public.sn\/#organization","name":"LE PUBLIC","url":"https:\/\/www.public.sn\/","logo":{"@type":"ImageObject","inLanguage":"fr-FR","@id":"https:\/\/www.public.sn\/#\/schema\/logo\/image\/","url":"https:\/\/www.public.sn\/wp-content\/uploads\/2024\/05\/cropped-LOGO-PUBLIC.SN_.png","contentUrl":"https:\/\/www.public.sn\/wp-content\/uploads\/2024\/05\/cropped-LOGO-PUBLIC.SN_.png","width":682,"height":192,"caption":"LE PUBLIC"},"image":{"@id":"https:\/\/www.public.sn\/#\/schema\/logo\/image\/"}},{"@type":"Person","@id":"https:\/\/www.public.sn\/#\/schema\/person\/cb76c8e1b8becc6be61fb5e92d6d0224","name":"LA REDACTION","image":{"@type":"ImageObject","inLanguage":"fr-FR","@id":"https:\/\/www.public.sn\/#\/schema\/person\/image\/","url":"https:\/\/secure.gravatar.com\/avatar\/2dce5ddd34b8fef0180efe03aa2a9bee7d953856048f9a16b298190a3178407c?s=96&d=mm&r=g","contentUrl":"https:\/\/secure.gravatar.com\/avatar\/2dce5ddd34b8fef0180efe03aa2a9bee7d953856048f9a16b298190a3178407c?s=96&d=mm&r=g","caption":"LA REDACTION"},"url":"https:\/\/www.public.sn\/index.php\/author\/editeurpsn\/"}]}},"jetpack_featured_media_url":"https:\/\/www.public.sn\/wp-content\/uploads\/2023\/02\/telecharge.jpg","jetpack_sharing_enabled":true,"_links":{"self":[{"href":"https:\/\/www.public.sn\/index.php\/wp-json\/wp\/v2\/posts\/15028","targetHints":{"allow":["GET"]}}],"collection":[{"href":"https:\/\/www.public.sn\/index.php\/wp-json\/wp\/v2\/posts"}],"about":[{"href":"https:\/\/www.public.sn\/index.php\/wp-json\/wp\/v2\/types\/post"}],"author":[{"embeddable":true,"href":"https:\/\/www.public.sn\/index.php\/wp-json\/wp\/v2\/users\/7"}],"replies":[{"embeddable":true,"href":"https:\/\/www.public.sn\/index.php\/wp-json\/wp\/v2\/comments?post=15028"}],"version-history":[{"count":1,"href":"https:\/\/www.public.sn\/index.php\/wp-json\/wp\/v2\/posts\/15028\/revisions"}],"predecessor-version":[{"id":15031,"href":"https:\/\/www.public.sn\/index.php\/wp-json\/wp\/v2\/posts\/15028\/revisions\/15031"}],"wp:featuredmedia":[{"embeddable":true,"href":"https:\/\/www.public.sn\/index.php\/wp-json\/wp\/v2\/media\/15030"}],"wp:attachment":[{"href":"https:\/\/www.public.sn\/index.php\/wp-json\/wp\/v2\/media?parent=15028"}],"wp:term":[{"taxonomy":"category","embeddable":true,"href":"https:\/\/www.public.sn\/index.php\/wp-json\/wp\/v2\/categories?post=15028"},{"taxonomy":"post_tag","embeddable":true,"href":"https:\/\/www.public.sn\/index.php\/wp-json\/wp\/v2\/tags?post=15028"}],"curies":[{"name":"wp","href":"https:\/\/api.w.org\/{rel}","templated":true}]}}