{"id":15038,"date":"2023-02-06T16:41:50","date_gmt":"2023-02-06T16:41:50","guid":{"rendered":"https:\/\/www.public.sn\/?p=15038"},"modified":"2023-02-07T09:47:56","modified_gmt":"2023-02-07T09:47:56","slug":"15038","status":"publish","type":"post","link":"https:\/\/www.public.sn\/index.php\/2023\/02\/06\/15038\/","title":{"rendered":"Le pr\u00e9sident Macky Sall \u00e0 Touba pour l&rsquo;inauguration du complexe Cheikh Ahmadoul Khadim"},"content":{"rendered":"<p>Le Pr\u00e9sident de la R\u00e9publique Macky SALL \u00e9tait aujourd&rsquo;hui dans la cit\u00e9 religieuse de Touba pour prendre part \u00e0 l\u2019ouverture officielle du <strong>Complexe Cheikh Ahmadoul Khadim pour l\u2019\u00e9ducation et la formation (CCAK-EF)<\/strong>.<br \/>\nAux cot\u00e9s du Khalife g\u00e9n\u00e9ral des mourides <strong>Serigne Mountakha Mback\u00e9<\/strong>, le Chef de l\u2019Etat s\u2019est f\u00e9licit\u00e9 de l\u2019ouverture de ce Complexe qui est n\u00e9 de la vision \u00e9ducative et des principes religieux de Cheikh Ahmadou Bamba, Serviteur du <strong>Proph\u00e8te Mouhamed (SAW).<\/strong><\/p><div class=\"publi-paragraphe1\" style=\"margin-top: 10px;margin-bottom: 10px;margin-left: auto;margin-right: auto;text-align: center;\" id=\"publi-2417921371\"><div class=\"publi-adlabel\">Publicit\u00e9<\/div><script async src=\"\/\/pagead2.googlesyndication.com\/pagead\/js\/adsbygoogle.js?client=ca-pub-4089586018074219\" crossorigin=\"anonymous\"><\/script><ins class=\"adsbygoogle\" style=\"display:block;\" data-ad-client=\"ca-pub-4089586018074219\" \ndata-ad-slot=\"2087940154\" \ndata-ad-format=\"auto\"><\/ins>\n<script> \n(adsbygoogle = window.adsbygoogle || []).push({}); \n<\/script>\n<\/div>\n<p>Le Pr\u00e9sident Macky Sall a entrepris d&rsquo;accompagner les travaux initi\u00e9s par le khalife des mourides et a annonc\u00e9 la cr\u00e9ation d&rsquo;une centrale solaire afin d\u2019alimenter gratuitement en \u00e9lectricit\u00e9 le Complexe Cheikh Ahmadoul Khadim de Touba.<br \/>\nLe gouvernement compte \u00e9galement accompagner l\u2019universit\u00e9 pour les charges relatives aux logements des \u00e9tudiants.<\/p>\n<div class=\"publi-apres-le-contenu\" style=\"margin-top: 10px;margin-bottom: 10px;margin-left: auto;margin-right: auto;text-align: center;\" id=\"publi-3190347809\"><div class=\"publi-adlabel\">Publicit\u00e9<\/div><script async src=\"\/\/pagead2.googlesyndication.com\/pagead\/js\/adsbygoogle.js?client=ca-pub-4089586018074219\" crossorigin=\"anonymous\"><\/script><ins class=\"adsbygoogle\" style=\"display:block;\" data-ad-client=\"ca-pub-4089586018074219\" \ndata-ad-slot=\"2087940154\" \ndata-ad-format=\"auto\"><\/ins>\n<script> \n(adsbygoogle = window.adsbygoogle || []).push({}); \n<\/script>\n<\/div>","protected":false},"excerpt":{"rendered":"<p>Le Pr\u00e9sident de la R\u00e9publique Macky SALL \u00e9tait aujourd&rsquo;hui dans la cit\u00e9 religieuse de Touba pour prendre part \u00e0 l\u2019ouverture officielle du Complexe Cheikh Ahmadoul Khadim pour l\u2019\u00e9ducation et la formation (CCAK-EF). Aux cot\u00e9s du Khalife g\u00e9n\u00e9ral des mourides Serigne Mountakha Mback\u00e9, le Chef de l\u2019Etat s\u2019est f\u00e9licit\u00e9 de l\u2019ouverture de ce Complexe qui est n\u00e9 de la vision \u00e9ducative et des principes religieux de Cheikh Ahmadou Bamba, Serviteur du Proph\u00e8te Mouhamed (SAW). Le Pr\u00e9sident Macky Sall a entrepris d&rsquo;accompagner les travaux initi\u00e9s par le khalife des mourides et a annonc\u00e9 la cr\u00e9ation d&rsquo;une centrale solaire afin d\u2019alimenter gratuitement en \u00e9lectricit\u00e9 le Complexe Cheikh Ahmadoul Khadim de Touba. Le gouvernement compte \u00e9galement accompagner l\u2019universit\u00e9 pour les charges relatives aux logements des \u00e9tudiants.<\/p>\n","protected":false},"author":7,"featured_media":15040,"comment_status":"open","ping_status":"open","sticky":false,"template":"","format":"standard","meta":{"_jetpack_memberships_contains_paid_content":false,"footnotes":""},"categories":[375,549,854,4222,3,878,1,4],"tags":[2203,11,69,1350],"class_list":["post-15038","post","type-post","status-publish","format-standard","has-post-thumbnail","hentry","category-actualites","category-economie","category-education","category-infrastructures","category-politique","category-religion","category-non-classe","category-societe","tag-inauguration","tag-macky-sall","tag-touba","tag-universite","entry","has-media","owp-thumbs-layout-horizontal","owp-btn-normal","owp-tabs-layout-horizontal","has-no-thumbnails","has-product-nav"],"yoast_head":"<!-- This site is optimized with the Yoast SEO plugin v25.5 - https:\/\/yoast.com\/wordpress\/plugins\/seo\/ -->\n<title>Le pr\u00e9sident Macky Sall \u00e0 Touba pour l&#039;inauguration du complexe Cheikh Ahmadoul Khadim - LE PUBLIC<\/title>\n<meta name=\"robots\" content=\"index, follow, max-snippet:-1, max-image-preview:large, max-video-preview:-1\" \/>\n<link rel=\"canonical\" href=\"https:\/\/www.public.sn\/index.php\/2023\/02\/06\/15038\/\" \/>\n<meta property=\"og:locale\" content=\"fr_FR\" \/>\n<meta property=\"og:type\" content=\"article\" \/>\n<meta property=\"og:title\" content=\"Le pr\u00e9sident Macky Sall \u00e0 Touba pour l&#039;inauguration du complexe Cheikh Ahmadoul Khadim - LE PUBLIC\" \/>\n<meta property=\"og:description\" content=\"Le Pr\u00e9sident de la R\u00e9publique Macky SALL \u00e9tait aujourd&rsquo;hui dans la cit\u00e9 religieuse de Touba pour prendre part \u00e0 l\u2019ouverture officielle du Complexe Cheikh Ahmadoul Khadim pour l\u2019\u00e9ducation et la formation (CCAK-EF). Aux cot\u00e9s du Khalife g\u00e9n\u00e9ral des mourides Serigne Mountakha Mback\u00e9, le Chef de l\u2019Etat s\u2019est f\u00e9licit\u00e9 de l\u2019ouverture de ce Complexe qui est n\u00e9 de la vision \u00e9ducative et des principes religieux de Cheikh Ahmadou Bamba, Serviteur du Proph\u00e8te Mouhamed (SAW). Le Pr\u00e9sident Macky Sall a entrepris d&rsquo;accompagner les travaux initi\u00e9s par le khalife des mourides et a annonc\u00e9 la cr\u00e9ation d&rsquo;une centrale solaire afin d\u2019alimenter gratuitement en \u00e9lectricit\u00e9 le Complexe Cheikh Ahmadoul Khadim de Touba. Le gouvernement compte \u00e9galement accompagner l\u2019universit\u00e9 pour les charges relatives aux logements des \u00e9tudiants.\" \/>\n<meta property=\"og:url\" content=\"https:\/\/www.public.sn\/index.php\/2023\/02\/06\/15038\/\" \/>\n<meta property=\"og:site_name\" content=\"LE PUBLIC\" \/>\n<meta property=\"article:published_time\" content=\"2023-02-06T16:41:50+00:00\" \/>\n<meta property=\"article:modified_time\" content=\"2023-02-07T09:47:56+00:00\" \/>\n<meta property=\"og:image\" content=\"https:\/\/www.public.sn\/wp-content\/uploads\/2023\/02\/3718b874ddbec9c08297f4ffabc29a88455fa28d.jpg\" \/>\n\t<meta property=\"og:image:width\" content=\"612\" \/>\n\t<meta property=\"og:image:height\" content=\"298\" \/>\n\t<meta property=\"og:image:type\" content=\"image\/jpeg\" \/>\n<meta name=\"author\" content=\"LA REDACTION\" \/>\n<meta name=\"twitter:card\" content=\"summary_large_image\" \/>\n<meta name=\"twitter:label1\" content=\"\u00c9crit par\" \/>\n\t<meta name=\"twitter:data1\" content=\"LA REDACTION\" \/>\n\t<meta name=\"twitter:label2\" content=\"Dur\u00e9e de lecture estim\u00e9e\" \/>\n\t<meta name=\"twitter:data2\" content=\"1 minute\" \/>\n<script type=\"application\/ld+json\" class=\"yoast-schema-graph\">{\"@context\":\"https:\/\/schema.org\",\"@graph\":[{\"@type\":\"Article\",\"@id\":\"https:\/\/www.public.sn\/index.php\/2023\/02\/06\/15038\/#article\",\"isPartOf\":{\"@id\":\"https:\/\/www.public.sn\/index.php\/2023\/02\/06\/15038\/\"},\"author\":{\"name\":\"LA REDACTION\",\"@id\":\"https:\/\/www.public.sn\/#\/schema\/person\/cb76c8e1b8becc6be61fb5e92d6d0224\"},\"headline\":\"Le pr\u00e9sident Macky Sall \u00e0 Touba pour l&rsquo;inauguration du complexe Cheikh Ahmadoul Khadim\",\"datePublished\":\"2023-02-06T16:41:50+00:00\",\"dateModified\":\"2023-02-07T09:47:56+00:00\",\"mainEntityOfPage\":{\"@id\":\"https:\/\/www.public.sn\/index.php\/2023\/02\/06\/15038\/\"},\"wordCount\":151,\"commentCount\":0,\"publisher\":{\"@id\":\"https:\/\/www.public.sn\/#organization\"},\"image\":{\"@id\":\"https:\/\/www.public.sn\/index.php\/2023\/02\/06\/15038\/#primaryimage\"},\"thumbnailUrl\":\"https:\/\/www.public.sn\/wp-content\/uploads\/2023\/02\/3718b874ddbec9c08297f4ffabc29a88455fa28d.jpg\",\"keywords\":[\"INAUGURATION\",\"Macky Sall\",\"Touba\",\"universite\"],\"articleSection\":[\"ACTUALIT\u00c9S\",\"\u00c9CONOMIE\",\"\u00c9DUCATION\",\"INFRASTRUCTURES\",\"POLITIQUE\",\"RELIGION\",\"S\u00c9N\u00c9GAL\",\"SOCIETE\"],\"inLanguage\":\"fr-FR\",\"potentialAction\":[{\"@type\":\"CommentAction\",\"name\":\"Comment\",\"target\":[\"https:\/\/www.public.sn\/index.php\/2023\/02\/06\/15038\/#respond\"]}]},{\"@type\":\"WebPage\",\"@id\":\"https:\/\/www.public.sn\/index.php\/2023\/02\/06\/15038\/\",\"url\":\"https:\/\/www.public.sn\/index.php\/2023\/02\/06\/15038\/\",\"name\":\"Le pr\u00e9sident Macky Sall \u00e0 Touba pour l'inauguration du complexe Cheikh Ahmadoul Khadim - LE PUBLIC\",\"isPartOf\":{\"@id\":\"https:\/\/www.public.sn\/#website\"},\"primaryImageOfPage\":{\"@id\":\"https:\/\/www.public.sn\/index.php\/2023\/02\/06\/15038\/#primaryimage\"},\"image\":{\"@id\":\"https:\/\/www.public.sn\/index.php\/2023\/02\/06\/15038\/#primaryimage\"},\"thumbnailUrl\":\"https:\/\/www.public.sn\/wp-content\/uploads\/2023\/02\/3718b874ddbec9c08297f4ffabc29a88455fa28d.jpg\",\"datePublished\":\"2023-02-06T16:41:50+00:00\",\"dateModified\":\"2023-02-07T09:47:56+00:00\",\"breadcrumb\":{\"@id\":\"https:\/\/www.public.sn\/index.php\/2023\/02\/06\/15038\/#breadcrumb\"},\"inLanguage\":\"fr-FR\",\"potentialAction\":[{\"@type\":\"ReadAction\",\"target\":[\"https:\/\/www.public.sn\/index.php\/2023\/02\/06\/15038\/\"]}]},{\"@type\":\"ImageObject\",\"inLanguage\":\"fr-FR\",\"@id\":\"https:\/\/www.public.sn\/index.php\/2023\/02\/06\/15038\/#primaryimage\",\"url\":\"https:\/\/www.public.sn\/wp-content\/uploads\/2023\/02\/3718b874ddbec9c08297f4ffabc29a88455fa28d.jpg\",\"contentUrl\":\"https:\/\/www.public.sn\/wp-content\/uploads\/2023\/02\/3718b874ddbec9c08297f4ffabc29a88455fa28d.jpg\",\"width\":612,\"height\":298},{\"@type\":\"BreadcrumbList\",\"@id\":\"https:\/\/www.public.sn\/index.php\/2023\/02\/06\/15038\/#breadcrumb\",\"itemListElement\":[{\"@type\":\"ListItem\",\"position\":1,\"name\":\"Accueil\",\"item\":\"https:\/\/www.public.sn\/\"},{\"@type\":\"ListItem\",\"position\":2,\"name\":\"Le pr\u00e9sident Macky Sall \u00e0 Touba pour l&rsquo;inauguration du complexe Cheikh Ahmadoul Khadim\"}]},{\"@type\":\"WebSite\",\"@id\":\"https:\/\/www.public.sn\/#website\",\"url\":\"https:\/\/www.public.sn\/\",\"name\":\"LE PUBLIC\",\"description\":\"\",\"publisher\":{\"@id\":\"https:\/\/www.public.sn\/#organization\"},\"potentialAction\":[{\"@type\":\"SearchAction\",\"target\":{\"@type\":\"EntryPoint\",\"urlTemplate\":\"https:\/\/www.public.sn\/?s={search_term_string}\"},\"query-input\":{\"@type\":\"PropertyValueSpecification\",\"valueRequired\":true,\"valueName\":\"search_term_string\"}}],\"inLanguage\":\"fr-FR\"},{\"@type\":\"Organization\",\"@id\":\"https:\/\/www.public.sn\/#organization\",\"name\":\"LE PUBLIC\",\"url\":\"https:\/\/www.public.sn\/\",\"logo\":{\"@type\":\"ImageObject\",\"inLanguage\":\"fr-FR\",\"@id\":\"https:\/\/www.public.sn\/#\/schema\/logo\/image\/\",\"url\":\"https:\/\/www.public.sn\/wp-content\/uploads\/2024\/05\/cropped-LOGO-PUBLIC.SN_.png\",\"contentUrl\":\"https:\/\/www.public.sn\/wp-content\/uploads\/2024\/05\/cropped-LOGO-PUBLIC.SN_.png\",\"width\":682,\"height\":192,\"caption\":\"LE PUBLIC\"},\"image\":{\"@id\":\"https:\/\/www.public.sn\/#\/schema\/logo\/image\/\"}},{\"@type\":\"Person\",\"@id\":\"https:\/\/www.public.sn\/#\/schema\/person\/cb76c8e1b8becc6be61fb5e92d6d0224\",\"name\":\"LA REDACTION\",\"image\":{\"@type\":\"ImageObject\",\"inLanguage\":\"fr-FR\",\"@id\":\"https:\/\/www.public.sn\/#\/schema\/person\/image\/\",\"url\":\"https:\/\/secure.gravatar.com\/avatar\/2dce5ddd34b8fef0180efe03aa2a9bee7d953856048f9a16b298190a3178407c?s=96&d=mm&r=g\",\"contentUrl\":\"https:\/\/secure.gravatar.com\/avatar\/2dce5ddd34b8fef0180efe03aa2a9bee7d953856048f9a16b298190a3178407c?s=96&d=mm&r=g\",\"caption\":\"LA REDACTION\"},\"url\":\"https:\/\/www.public.sn\/index.php\/author\/editeurpsn\/\"}]}<\/script>\n<!-- \/ Yoast SEO plugin. -->","yoast_head_json":{"title":"Le pr\u00e9sident Macky Sall \u00e0 Touba pour l'inauguration du complexe Cheikh Ahmadoul Khadim - LE PUBLIC","robots":{"index":"index","follow":"follow","max-snippet":"max-snippet:-1","max-image-preview":"max-image-preview:large","max-video-preview":"max-video-preview:-1"},"canonical":"https:\/\/www.public.sn\/index.php\/2023\/02\/06\/15038\/","og_locale":"fr_FR","og_type":"article","og_title":"Le pr\u00e9sident Macky Sall \u00e0 Touba pour l'inauguration du complexe Cheikh Ahmadoul Khadim - LE PUBLIC","og_description":"Le Pr\u00e9sident de la R\u00e9publique Macky SALL \u00e9tait aujourd&rsquo;hui dans la cit\u00e9 religieuse de Touba pour prendre part \u00e0 l\u2019ouverture officielle du Complexe Cheikh Ahmadoul Khadim pour l\u2019\u00e9ducation et la formation (CCAK-EF). Aux cot\u00e9s du Khalife g\u00e9n\u00e9ral des mourides Serigne Mountakha Mback\u00e9, le Chef de l\u2019Etat s\u2019est f\u00e9licit\u00e9 de l\u2019ouverture de ce Complexe qui est n\u00e9 de la vision \u00e9ducative et des principes religieux de Cheikh Ahmadou Bamba, Serviteur du Proph\u00e8te Mouhamed (SAW). Le Pr\u00e9sident Macky Sall a entrepris d&rsquo;accompagner les travaux initi\u00e9s par le khalife des mourides et a annonc\u00e9 la cr\u00e9ation d&rsquo;une centrale solaire afin d\u2019alimenter gratuitement en \u00e9lectricit\u00e9 le Complexe Cheikh Ahmadoul Khadim de Touba. Le gouvernement compte \u00e9galement accompagner l\u2019universit\u00e9 pour les charges relatives aux logements des \u00e9tudiants.","og_url":"https:\/\/www.public.sn\/index.php\/2023\/02\/06\/15038\/","og_site_name":"LE PUBLIC","article_published_time":"2023-02-06T16:41:50+00:00","article_modified_time":"2023-02-07T09:47:56+00:00","og_image":[{"width":612,"height":298,"url":"https:\/\/www.public.sn\/wp-content\/uploads\/2023\/02\/3718b874ddbec9c08297f4ffabc29a88455fa28d.jpg","type":"image\/jpeg"}],"author":"LA REDACTION","twitter_card":"summary_large_image","twitter_misc":{"\u00c9crit par":"LA REDACTION","Dur\u00e9e de lecture estim\u00e9e":"1 minute"},"schema":{"@context":"https:\/\/schema.org","@graph":[{"@type":"Article","@id":"https:\/\/www.public.sn\/index.php\/2023\/02\/06\/15038\/#article","isPartOf":{"@id":"https:\/\/www.public.sn\/index.php\/2023\/02\/06\/15038\/"},"author":{"name":"LA REDACTION","@id":"https:\/\/www.public.sn\/#\/schema\/person\/cb76c8e1b8becc6be61fb5e92d6d0224"},"headline":"Le pr\u00e9sident Macky Sall \u00e0 Touba pour l&rsquo;inauguration du complexe Cheikh Ahmadoul Khadim","datePublished":"2023-02-06T16:41:50+00:00","dateModified":"2023-02-07T09:47:56+00:00","mainEntityOfPage":{"@id":"https:\/\/www.public.sn\/index.php\/2023\/02\/06\/15038\/"},"wordCount":151,"commentCount":0,"publisher":{"@id":"https:\/\/www.public.sn\/#organization"},"image":{"@id":"https:\/\/www.public.sn\/index.php\/2023\/02\/06\/15038\/#primaryimage"},"thumbnailUrl":"https:\/\/www.public.sn\/wp-content\/uploads\/2023\/02\/3718b874ddbec9c08297f4ffabc29a88455fa28d.jpg","keywords":["INAUGURATION","Macky Sall","Touba","universite"],"articleSection":["ACTUALIT\u00c9S","\u00c9CONOMIE","\u00c9DUCATION","INFRASTRUCTURES","POLITIQUE","RELIGION","S\u00c9N\u00c9GAL","SOCIETE"],"inLanguage":"fr-FR","potentialAction":[{"@type":"CommentAction","name":"Comment","target":["https:\/\/www.public.sn\/index.php\/2023\/02\/06\/15038\/#respond"]}]},{"@type":"WebPage","@id":"https:\/\/www.public.sn\/index.php\/2023\/02\/06\/15038\/","url":"https:\/\/www.public.sn\/index.php\/2023\/02\/06\/15038\/","name":"Le pr\u00e9sident Macky Sall \u00e0 Touba pour l'inauguration du complexe Cheikh Ahmadoul Khadim - LE PUBLIC","isPartOf":{"@id":"https:\/\/www.public.sn\/#website"},"primaryImageOfPage":{"@id":"https:\/\/www.public.sn\/index.php\/2023\/02\/06\/15038\/#primaryimage"},"image":{"@id":"https:\/\/www.public.sn\/index.php\/2023\/02\/06\/15038\/#primaryimage"},"thumbnailUrl":"https:\/\/www.public.sn\/wp-content\/uploads\/2023\/02\/3718b874ddbec9c08297f4ffabc29a88455fa28d.jpg","datePublished":"2023-02-06T16:41:50+00:00","dateModified":"2023-02-07T09:47:56+00:00","breadcrumb":{"@id":"https:\/\/www.public.sn\/index.php\/2023\/02\/06\/15038\/#breadcrumb"},"inLanguage":"fr-FR","potentialAction":[{"@type":"ReadAction","target":["https:\/\/www.public.sn\/index.php\/2023\/02\/06\/15038\/"]}]},{"@type":"ImageObject","inLanguage":"fr-FR","@id":"https:\/\/www.public.sn\/index.php\/2023\/02\/06\/15038\/#primaryimage","url":"https:\/\/www.public.sn\/wp-content\/uploads\/2023\/02\/3718b874ddbec9c08297f4ffabc29a88455fa28d.jpg","contentUrl":"https:\/\/www.public.sn\/wp-content\/uploads\/2023\/02\/3718b874ddbec9c08297f4ffabc29a88455fa28d.jpg","width":612,"height":298},{"@type":"BreadcrumbList","@id":"https:\/\/www.public.sn\/index.php\/2023\/02\/06\/15038\/#breadcrumb","itemListElement":[{"@type":"ListItem","position":1,"name":"Accueil","item":"https:\/\/www.public.sn\/"},{"@type":"ListItem","position":2,"name":"Le pr\u00e9sident Macky Sall \u00e0 Touba pour l&rsquo;inauguration du complexe Cheikh Ahmadoul Khadim"}]},{"@type":"WebSite","@id":"https:\/\/www.public.sn\/#website","url":"https:\/\/www.public.sn\/","name":"LE PUBLIC","description":"","publisher":{"@id":"https:\/\/www.public.sn\/#organization"},"potentialAction":[{"@type":"SearchAction","target":{"@type":"EntryPoint","urlTemplate":"https:\/\/www.public.sn\/?s={search_term_string}"},"query-input":{"@type":"PropertyValueSpecification","valueRequired":true,"valueName":"search_term_string"}}],"inLanguage":"fr-FR"},{"@type":"Organization","@id":"https:\/\/www.public.sn\/#organization","name":"LE PUBLIC","url":"https:\/\/www.public.sn\/","logo":{"@type":"ImageObject","inLanguage":"fr-FR","@id":"https:\/\/www.public.sn\/#\/schema\/logo\/image\/","url":"https:\/\/www.public.sn\/wp-content\/uploads\/2024\/05\/cropped-LOGO-PUBLIC.SN_.png","contentUrl":"https:\/\/www.public.sn\/wp-content\/uploads\/2024\/05\/cropped-LOGO-PUBLIC.SN_.png","width":682,"height":192,"caption":"LE PUBLIC"},"image":{"@id":"https:\/\/www.public.sn\/#\/schema\/logo\/image\/"}},{"@type":"Person","@id":"https:\/\/www.public.sn\/#\/schema\/person\/cb76c8e1b8becc6be61fb5e92d6d0224","name":"LA REDACTION","image":{"@type":"ImageObject","inLanguage":"fr-FR","@id":"https:\/\/www.public.sn\/#\/schema\/person\/image\/","url":"https:\/\/secure.gravatar.com\/avatar\/2dce5ddd34b8fef0180efe03aa2a9bee7d953856048f9a16b298190a3178407c?s=96&d=mm&r=g","contentUrl":"https:\/\/secure.gravatar.com\/avatar\/2dce5ddd34b8fef0180efe03aa2a9bee7d953856048f9a16b298190a3178407c?s=96&d=mm&r=g","caption":"LA REDACTION"},"url":"https:\/\/www.public.sn\/index.php\/author\/editeurpsn\/"}]}},"jetpack_featured_media_url":"https:\/\/www.public.sn\/wp-content\/uploads\/2023\/02\/3718b874ddbec9c08297f4ffabc29a88455fa28d.jpg","jetpack_sharing_enabled":true,"_links":{"self":[{"href":"https:\/\/www.public.sn\/index.php\/wp-json\/wp\/v2\/posts\/15038","targetHints":{"allow":["GET"]}}],"collection":[{"href":"https:\/\/www.public.sn\/index.php\/wp-json\/wp\/v2\/posts"}],"about":[{"href":"https:\/\/www.public.sn\/index.php\/wp-json\/wp\/v2\/types\/post"}],"author":[{"embeddable":true,"href":"https:\/\/www.public.sn\/index.php\/wp-json\/wp\/v2\/users\/7"}],"replies":[{"embeddable":true,"href":"https:\/\/www.public.sn\/index.php\/wp-json\/wp\/v2\/comments?post=15038"}],"version-history":[{"count":3,"href":"https:\/\/www.public.sn\/index.php\/wp-json\/wp\/v2\/posts\/15038\/revisions"}],"predecessor-version":[{"id":15101,"href":"https:\/\/www.public.sn\/index.php\/wp-json\/wp\/v2\/posts\/15038\/revisions\/15101"}],"wp:featuredmedia":[{"embeddable":true,"href":"https:\/\/www.public.sn\/index.php\/wp-json\/wp\/v2\/media\/15040"}],"wp:attachment":[{"href":"https:\/\/www.public.sn\/index.php\/wp-json\/wp\/v2\/media?parent=15038"}],"wp:term":[{"taxonomy":"category","embeddable":true,"href":"https:\/\/www.public.sn\/index.php\/wp-json\/wp\/v2\/categories?post=15038"},{"taxonomy":"post_tag","embeddable":true,"href":"https:\/\/www.public.sn\/index.php\/wp-json\/wp\/v2\/tags?post=15038"}],"curies":[{"name":"wp","href":"https:\/\/api.w.org\/{rel}","templated":true}]}}